{"id":141284,"date":"2025-04-04T10:51:50","date_gmt":"2025-04-04T16:51:50","guid":{"rendered":"https:\/\/lospoliticosveracruz.com.mx\/?p=141284"},"modified":"2025-04-08T16:13:26","modified_gmt":"2025-04-08T21:13:26","slug":"el-triunfo-de-rocio","status":"publish","type":"post","link":"https:\/\/lospoliticosveracruz.com\/?p=141284","title":{"rendered":"EL TRIUNFO DE ROC\u00cdO\u2026"},"content":{"rendered":"\n<p><strong><a href=\"https:\/\/whatsapp.com\/channel\/0029Va8zRWlEKyZIP3Z1dF0e\">\u2002\u2002<strong>\u00danete a nuestro canal&nbsp;<\/strong>\u2002<\/a><\/strong><\/p>\n\n\n\n<p>\u00a1<strong>LOS POL\u00cdTICOS VERACRUZ<\/strong>&nbsp;ya est\u00e1 en WhatsApp!<\/p>\n\n\n\n<p><strong>\u00a0Bernardo Guti\u00e9rrez Parra<\/strong><\/p>\n\n\n\n<p><em>Desde el Caf\u00e9\u00a0<\/em><\/p>\n\n\n\n<p>Un trascendido no confirmado pero tampoco desmentido, dice que molesta por la casi inminente llegada de los Yunes de El Estero a Morena, Roc\u00edo Nahle habl\u00f3 directamente con la presidenta Sheinbaum para decirle: \u201cSon m\u00e1s traidores que Judas Iscariote; si los dejamos entrar a Morena terminar\u00e1n ech\u00e1ndonos a todos y se quedar\u00e1n con el partido\u201d.<\/p>\n\n\n\n<p>Convencida por su amiga, Claudia habl\u00f3 a Palenque: \u201cYa conseguimos de ellos lo que quer\u00edamos; el voto 86 para aprobar la reforma judicial. A cambio, les perdonamos las acusaciones penales que ten\u00edan y les respetamos sus propiedades; pero aceptarlos como militantes ser\u00eda un exceso y una burla para usted, se\u00f1or\u201d. Y de Palenque le hablaron a Ad\u00e1n Augusto L\u00f3pez: \u201cEsos sujetos jam\u00e1s militar\u00e1n en nuestro partido\u201d.&nbsp;<\/p>\n\n\n\n<p>Hasta ah\u00ed el trascendido, lector.&nbsp;&nbsp;<\/p>\n\n\n\n<p>Lo que s\u00ed es cierto es que Ad\u00e1n Augusto le dijo al senador Miguel \u00c1ngel Yunes M\u00e1rquez: \u201cEs mejor irte a que te corran\u201d. Y el hijo del ex gobernador anunci\u00f3 que retiraba su solicitud para entrar a Morena.&nbsp;<\/p>\n\n\n\n<p>Horas despu\u00e9s Luisa Mar\u00eda Alcalde, que cobra como si en verdad fuera la presidenta nacional de Morena, dijo que su partido decidi\u00f3 no admitir la solicitud de afiliaci\u00f3n del junior por ser incompatible con los art\u00edculos tal y tal de sus estatutos, adem\u00e1s de que mantiene una militancia activa en el PAN.&nbsp;<\/p>\n\n\n\n<p>Yunes M\u00e1rquez revir\u00f3 ayer: \u201cNo necesito estar en un partido pol\u00edtico. Estoy en un movimiento y estoy apoyando a la presidenta Claudia Sheinbaum\u201d.&nbsp;<\/p>\n\n\n\n<p>Pero tambi\u00e9n ayer, el diputado Ricardo Monreal (al que le gusta mucho tensar la liga) le dio un espaldarazo de este tama\u00f1o al declarar: \u201cSi \u00e9l no hubiese actuado por convicci\u00f3n y con responsabilidad republicana, no hubiera habido reforma judicial, simple y sencillamente\u201d.&nbsp;<\/p>\n\n\n\n<p>Ac\u00e1 en la aldea, Esteban Ram\u00edrez Zepeta, que tambi\u00e9n cobra como si fuera dirigente estatal de Morena, dijo que la patada a Yunes M\u00e1rquez \u201cEs un triunfo del morenismo\u201d. Pero miente.<\/p>\n\n\n\n<p>La triunfadora es Roc\u00edo Nahle y nadie debe negarle el cr\u00e9dito.&nbsp;<\/p>\n\n\n\n<p>Roc\u00edo fue la primera en inconformarse cuando se habl\u00f3 de que los Yunes de El Estero pasar\u00edan a engrosar las filas de su partido: \u201cEn Morena nos reservamos el derecho de admisi\u00f3n\u201d dijo. Y su inconformidad aument\u00f3 cuando los vio de la mano de Ad\u00e1n Augusto L\u00f3pez y Gerardo Fern\u00e1ndez Noro\u00f1a.&nbsp;<\/p>\n\n\n\n<p>Lleg\u00f3 un momento en que la gobernadora se qued\u00f3 sola, pero no quit\u00f3 el dedo del rengl\u00f3n: \u201cLos Yunes nunca ser\u00e1n militantes de nuestro partido; nunca entrar\u00e1n\u201d. Y no entraron.&nbsp;<\/p>\n\n\n\n<p>Ahora viene la guerra entre ella y los Yunes por las alcald\u00edas de Veracruz y Boca del R\u00edo que desde el principio de este milenio han pertenecido al clan de El Estero.&nbsp;<\/p>\n\n\n\n<p>Por el lado del PAN van dos hechuras del ex gobernador Yunes Linares: Indira Rosales San Rom\u00e1n que es candidata a la alcald\u00eda del puerto de Veracruz y Marijose Gamboa que buscar\u00e1 la alcald\u00eda de Boca del R\u00edo.&nbsp;<\/p>\n\n\n\n<p>Por Morena la candidata para el puerto jarocho es Rosa Mar\u00eda Hern\u00e1ndez Espejo y para Boca del R\u00edo Bertha Ahued, que cuentan con todo el apoyo de la gobernadora y del aparato del partido guinda.<\/p>\n\n\n\n<p>No deja de ser parad\u00f3jico que el blanquiazul que no quiere ver ni en pintura a los Yunes de El Estero, haya postulado como candidatas a dos de las m\u00e1s connotadas figuras del yunismo. Pero as\u00ed es esto del abarrote.&nbsp;<\/p>\n\n\n\n<p>\u00bfQui\u00e9nes ganar\u00e1n? \u00bfLas que acusen a sus rivales de traicionar a las mujeres y defender a presuntos violadores, como lo hicieron las legisladoras de Morena que votaron en contra del desafuero de Cuauht\u00e9moc Blanco? O las que acusen a las panistas de traidoras porque Miguel \u00c1ngel Yunes M\u00e1rquez vot\u00f3 a favor de la reforma judicial.&nbsp;<\/p>\n\n\n\n<p>La contienda se va a poner buen\u00edsima lector, pero si ganan las morenas, el triunfo de la gobernadora Nahle sobre sus odiados rivales ser\u00e1 de antolog\u00eda por dos razones: porque entregar\u00e1 dos joyas a la presidenta y al se\u00f1or de Palenque, y mandar\u00e1 a los Yunes al caj\u00f3n de los trebejos indeseables de donde dif\u00edcilmente saldr\u00e1n.&nbsp;<\/p>\n\n\n\n<p>bernardogup@hotmail.com<\/p>\n","protected":false},"excerpt":{"rendered":"<p>\u2002\u2002\u00danete a nuestro canal&nbsp;\u2002 \u00a1LOS POL\u00cdTICOS VERACRUZ&nbsp;ya est\u00e1 en WhatsApp! \u00a0Bernardo Guti\u00e9rrez Parra Desde el Caf\u00e9\u00a0 Un trascendido no confirmado pero tampoco desmentido, dice que molesta por la casi inminente llegada de los Yunes de El Estero a Morena, Roc\u00edo Nahle habl\u00f3 directamente con la presidenta Sheinbaum para decirle: \u201cSon m\u00e1s traidores que Judas Iscariote; [&hellip;]<\/p>\n","protected":false},"author":2,"featured_media":141479,"comment_status":"closed","ping_status":"closed","sticky":false,"template":"","format":"standard","meta":{"tdm_status":"","tdm_grid_status":"","footnotes":""},"categories":[70],"tags":[34206],"class_list":{"0":"post-141284","1":"post","2":"type-post","3":"status-publish","4":"format-standard","5":"has-post-thumbnail","7":"category-de-opinion","8":"tag-bernardo-gutierrez-parra"},"yoast_head":"<!-- This site is optimized with the Yoast SEO plugin v27.4 - https:\/\/yoast.com\/product\/yoast-seo-wordpress\/ -->\n<title>EL TRIUNFO DE ROC\u00cdO\u2026 - Los pol\u00edticos Veracruz<\/title>\n<meta name=\"robots\" content=\"index, follow, max-snippet:-1, max-image-preview:large, max-video-preview:-1\" \/>\n<link rel=\"canonical\" href=\"https:\/\/lospoliticosveracruz.com\/?p=141284\" \/>\n<meta property=\"og:locale\" content=\"es_ES\" \/>\n<meta property=\"og:type\" content=\"article\" \/>\n<meta property=\"og:title\" content=\"EL TRIUNFO DE ROC\u00cdO\u2026 - Los pol\u00edticos Veracruz\" \/>\n<meta property=\"og:description\" content=\"\u2002\u2002\u00danete a nuestro canal&nbsp;\u2002 \u00a1LOS POL\u00cdTICOS VERACRUZ&nbsp;ya est\u00e1 en WhatsApp! \u00a0Bernardo Guti\u00e9rrez Parra Desde el Caf\u00e9\u00a0 Un trascendido no confirmado pero tampoco desmentido, dice que molesta por la casi inminente llegada de los Yunes de El Estero a Morena, Roc\u00edo Nahle habl\u00f3 directamente con la presidenta Sheinbaum para decirle: \u201cSon m\u00e1s traidores que Judas Iscariote; [&hellip;]\" \/>\n<meta property=\"og:url\" content=\"https:\/\/lospoliticosveracruz.com\/?p=141284\" \/>\n<meta property=\"og:site_name\" content=\"Los pol\u00edticos Veracruz\" \/>\n<meta property=\"article:publisher\" content=\"https:\/\/www.facebook.com\/people\/Notimemes-de-los-Polticos\/61565672886568\/\" \/>\n<meta property=\"article:published_time\" content=\"2025-04-04T16:51:50+00:00\" \/>\n<meta property=\"article:modified_time\" content=\"2025-04-08T21:13:26+00:00\" \/>\n<meta property=\"og:image\" content=\"https:\/\/lospoliticosveracruz.com\/wp-content\/uploads\/2025\/04\/Bernardo-Gutierrez-Parra.jpg\" \/>\n\t<meta property=\"og:image:width\" content=\"1250\" \/>\n\t<meta property=\"og:image:height\" content=\"667\" \/>\n\t<meta property=\"og:image:type\" content=\"image\/jpeg\" \/>\n<meta name=\"author\" content=\"Lo viste en Los Pol\u00edticos\" \/>\n<meta name=\"twitter:card\" content=\"summary_large_image\" \/>\n<meta name=\"twitter:creator\" content=\"@LosPoliticosVer\" \/>\n<meta name=\"twitter:site\" content=\"@LosPoliticosVer\" \/>\n<meta name=\"twitter:label1\" content=\"Escrito por\" \/>\n\t<meta name=\"twitter:data1\" content=\"Lo viste en Los Pol\u00edticos\" \/>\n\t<meta name=\"twitter:label2\" content=\"Tiempo de lectura\" \/>\n\t<meta name=\"twitter:data2\" content=\"4 minutos\" \/>\n<script type=\"application\/ld+json\" class=\"yoast-schema-graph\">{\"@context\":\"https:\\\/\\\/schema.org\",\"@graph\":[{\"@type\":\"Article\",\"@id\":\"https:\\\/\\\/lospoliticosveracruz.com\\\/?p=141284#article\",\"isPartOf\":{\"@id\":\"https:\\\/\\\/lospoliticosveracruz.com\\\/?p=141284\"},\"author\":{\"name\":\"Lo viste en Los Pol\u00edticos\",\"@id\":\"https:\\\/\\\/lospoliticosveracruz.com\\\/#\\\/schema\\\/person\\\/b8702bb0e538456e6efd07080bf2a4a2\"},\"headline\":\"EL TRIUNFO DE ROC\u00cdO\u2026\",\"datePublished\":\"2025-04-04T16:51:50+00:00\",\"dateModified\":\"2025-04-08T21:13:26+00:00\",\"mainEntityOfPage\":{\"@id\":\"https:\\\/\\\/lospoliticosveracruz.com\\\/?p=141284\"},\"wordCount\":766,\"publisher\":{\"@id\":\"https:\\\/\\\/lospoliticosveracruz.com\\\/#organization\"},\"image\":{\"@id\":\"https:\\\/\\\/lospoliticosveracruz.com\\\/?p=141284#primaryimage\"},\"thumbnailUrl\":\"https:\\\/\\\/lospoliticosveracruz.com\\\/wp-content\\\/uploads\\\/2025\\\/04\\\/Bernardo-Gutierrez-Parra.jpg\",\"keywords\":[\"Bernardo Guti\u00e9rrez Parra\"],\"articleSection\":[\"De Opini\u00f3n\"],\"inLanguage\":\"es\"},{\"@type\":\"WebPage\",\"@id\":\"https:\\\/\\\/lospoliticosveracruz.com\\\/?p=141284\",\"url\":\"https:\\\/\\\/lospoliticosveracruz.com\\\/?p=141284\",\"name\":\"EL TRIUNFO DE ROC\u00cdO\u2026 - Los pol\u00edticos Veracruz\",\"isPartOf\":{\"@id\":\"https:\\\/\\\/lospoliticosveracruz.com\\\/#website\"},\"primaryImageOfPage\":{\"@id\":\"https:\\\/\\\/lospoliticosveracruz.com\\\/?p=141284#primaryimage\"},\"image\":{\"@id\":\"https:\\\/\\\/lospoliticosveracruz.com\\\/?p=141284#primaryimage\"},\"thumbnailUrl\":\"https:\\\/\\\/lospoliticosveracruz.com\\\/wp-content\\\/uploads\\\/2025\\\/04\\\/Bernardo-Gutierrez-Parra.jpg\",\"datePublished\":\"2025-04-04T16:51:50+00:00\",\"dateModified\":\"2025-04-08T21:13:26+00:00\",\"breadcrumb\":{\"@id\":\"https:\\\/\\\/lospoliticosveracruz.com\\\/?p=141284#breadcrumb\"},\"inLanguage\":\"es\",\"potentialAction\":[{\"@type\":\"ReadAction\",\"target\":[\"https:\\\/\\\/lospoliticosveracruz.com\\\/?p=141284\"]}]},{\"@type\":\"ImageObject\",\"inLanguage\":\"es\",\"@id\":\"https:\\\/\\\/lospoliticosveracruz.com\\\/?p=141284#primaryimage\",\"url\":\"https:\\\/\\\/lospoliticosveracruz.com\\\/wp-content\\\/uploads\\\/2025\\\/04\\\/Bernardo-Gutierrez-Parra.jpg\",\"contentUrl\":\"https:\\\/\\\/lospoliticosveracruz.com\\\/wp-content\\\/uploads\\\/2025\\\/04\\\/Bernardo-Gutierrez-Parra.jpg\",\"width\":1250,\"height\":667},{\"@type\":\"BreadcrumbList\",\"@id\":\"https:\\\/\\\/lospoliticosveracruz.com\\\/?p=141284#breadcrumb\",\"itemListElement\":[{\"@type\":\"ListItem\",\"position\":1,\"name\":\"Portada\",\"item\":\"https:\\\/\\\/lospoliticosveracruz.com\\\/\"},{\"@type\":\"ListItem\",\"position\":2,\"name\":\"EL TRIUNFO DE ROC\u00cdO\u2026\"}]},{\"@type\":\"WebSite\",\"@id\":\"https:\\\/\\\/lospoliticosveracruz.com\\\/#website\",\"url\":\"https:\\\/\\\/lospoliticosveracruz.com\\\/\",\"name\":\"Los pol\u00edticos Veracruz\",\"description\":\"\",\"publisher\":{\"@id\":\"https:\\\/\\\/lospoliticosveracruz.com\\\/#organization\"},\"potentialAction\":[{\"@type\":\"SearchAction\",\"target\":{\"@type\":\"EntryPoint\",\"urlTemplate\":\"https:\\\/\\\/lospoliticosveracruz.com\\\/?s={search_term_string}\"},\"query-input\":{\"@type\":\"PropertyValueSpecification\",\"valueRequired\":true,\"valueName\":\"search_term_string\"}}],\"inLanguage\":\"es\"},{\"@type\":\"Organization\",\"@id\":\"https:\\\/\\\/lospoliticosveracruz.com\\\/#organization\",\"name\":\"Los pol\u00edticos Veracruz\",\"url\":\"https:\\\/\\\/lospoliticosveracruz.com\\\/\",\"logo\":{\"@type\":\"ImageObject\",\"inLanguage\":\"es\",\"@id\":\"https:\\\/\\\/lospoliticosveracruz.com\\\/#\\\/schema\\\/logo\\\/image\\\/\",\"url\":\"https:\\\/\\\/lospoliticosveracruz.com\\\/wp-content\\\/uploads\\\/2025\\\/12\\\/Logo-Nuevo-LOS-POLITICOS-1.jpg\",\"contentUrl\":\"https:\\\/\\\/lospoliticosveracruz.com\\\/wp-content\\\/uploads\\\/2025\\\/12\\\/Logo-Nuevo-LOS-POLITICOS-1.jpg\",\"width\":260,\"height\":70,\"caption\":\"Los pol\u00edticos Veracruz\"},\"image\":{\"@id\":\"https:\\\/\\\/lospoliticosveracruz.com\\\/#\\\/schema\\\/logo\\\/image\\\/\"},\"sameAs\":[\"https:\\\/\\\/www.facebook.com\\\/people\\\/Notimemes-de-los-Polticos\\\/61565672886568\\\/\",\"https:\\\/\\\/x.com\\\/LosPoliticosVer\"]},{\"@type\":\"Person\",\"@id\":\"https:\\\/\\\/lospoliticosveracruz.com\\\/#\\\/schema\\\/person\\\/b8702bb0e538456e6efd07080bf2a4a2\",\"name\":\"Lo viste en Los Pol\u00edticos\",\"image\":{\"@type\":\"ImageObject\",\"inLanguage\":\"es\",\"@id\":\"https:\\\/\\\/secure.gravatar.com\\\/avatar\\\/3a8de04a2656d44082be478bd6c086daa447c4651605818287b9532d3d0bd435?s=96&d=mm&r=g\",\"url\":\"https:\\\/\\\/secure.gravatar.com\\\/avatar\\\/3a8de04a2656d44082be478bd6c086daa447c4651605818287b9532d3d0bd435?s=96&d=mm&r=g\",\"contentUrl\":\"https:\\\/\\\/secure.gravatar.com\\\/avatar\\\/3a8de04a2656d44082be478bd6c086daa447c4651605818287b9532d3d0bd435?s=96&d=mm&r=g\",\"caption\":\"Lo viste en Los Pol\u00edticos\"},\"url\":\"https:\\\/\\\/lospoliticosveracruz.com\\\/?author=2\"}]}<\/script>\n<!-- \/ Yoast SEO plugin. -->","yoast_head_json":{"title":"EL TRIUNFO DE ROC\u00cdO\u2026 - Los pol\u00edticos Veracruz","robots":{"index":"index","follow":"follow","max-snippet":"max-snippet:-1","max-image-preview":"max-image-preview:large","max-video-preview":"max-video-preview:-1"},"canonical":"https:\/\/lospoliticosveracruz.com\/?p=141284","og_locale":"es_ES","og_type":"article","og_title":"EL TRIUNFO DE ROC\u00cdO\u2026 - Los pol\u00edticos Veracruz","og_description":"\u2002\u2002\u00danete a nuestro canal&nbsp;\u2002 \u00a1LOS POL\u00cdTICOS VERACRUZ&nbsp;ya est\u00e1 en WhatsApp! \u00a0Bernardo Guti\u00e9rrez Parra Desde el Caf\u00e9\u00a0 Un trascendido no confirmado pero tampoco desmentido, dice que molesta por la casi inminente llegada de los Yunes de El Estero a Morena, Roc\u00edo Nahle habl\u00f3 directamente con la presidenta Sheinbaum para decirle: \u201cSon m\u00e1s traidores que Judas Iscariote; [&hellip;]","og_url":"https:\/\/lospoliticosveracruz.com\/?p=141284","og_site_name":"Los pol\u00edticos Veracruz","article_publisher":"https:\/\/www.facebook.com\/people\/Notimemes-de-los-Polticos\/61565672886568\/","article_published_time":"2025-04-04T16:51:50+00:00","article_modified_time":"2025-04-08T21:13:26+00:00","og_image":[{"width":1250,"height":667,"url":"https:\/\/lospoliticosveracruz.com\/wp-content\/uploads\/2025\/04\/Bernardo-Gutierrez-Parra.jpg","type":"image\/jpeg"}],"author":"Lo viste en Los Pol\u00edticos","twitter_card":"summary_large_image","twitter_creator":"@LosPoliticosVer","twitter_site":"@LosPoliticosVer","twitter_misc":{"Escrito por":"Lo viste en Los Pol\u00edticos","Tiempo de lectura":"4 minutos"},"schema":{"@context":"https:\/\/schema.org","@graph":[{"@type":"Article","@id":"https:\/\/lospoliticosveracruz.com\/?p=141284#article","isPartOf":{"@id":"https:\/\/lospoliticosveracruz.com\/?p=141284"},"author":{"name":"Lo viste en Los Pol\u00edticos","@id":"https:\/\/lospoliticosveracruz.com\/#\/schema\/person\/b8702bb0e538456e6efd07080bf2a4a2"},"headline":"EL TRIUNFO DE ROC\u00cdO\u2026","datePublished":"2025-04-04T16:51:50+00:00","dateModified":"2025-04-08T21:13:26+00:00","mainEntityOfPage":{"@id":"https:\/\/lospoliticosveracruz.com\/?p=141284"},"wordCount":766,"publisher":{"@id":"https:\/\/lospoliticosveracruz.com\/#organization"},"image":{"@id":"https:\/\/lospoliticosveracruz.com\/?p=141284#primaryimage"},"thumbnailUrl":"https:\/\/lospoliticosveracruz.com\/wp-content\/uploads\/2025\/04\/Bernardo-Gutierrez-Parra.jpg","keywords":["Bernardo Guti\u00e9rrez Parra"],"articleSection":["De Opini\u00f3n"],"inLanguage":"es"},{"@type":"WebPage","@id":"https:\/\/lospoliticosveracruz.com\/?p=141284","url":"https:\/\/lospoliticosveracruz.com\/?p=141284","name":"EL TRIUNFO DE ROC\u00cdO\u2026 - Los pol\u00edticos Veracruz","isPartOf":{"@id":"https:\/\/lospoliticosveracruz.com\/#website"},"primaryImageOfPage":{"@id":"https:\/\/lospoliticosveracruz.com\/?p=141284#primaryimage"},"image":{"@id":"https:\/\/lospoliticosveracruz.com\/?p=141284#primaryimage"},"thumbnailUrl":"https:\/\/lospoliticosveracruz.com\/wp-content\/uploads\/2025\/04\/Bernardo-Gutierrez-Parra.jpg","datePublished":"2025-04-04T16:51:50+00:00","dateModified":"2025-04-08T21:13:26+00:00","breadcrumb":{"@id":"https:\/\/lospoliticosveracruz.com\/?p=141284#breadcrumb"},"inLanguage":"es","potentialAction":[{"@type":"ReadAction","target":["https:\/\/lospoliticosveracruz.com\/?p=141284"]}]},{"@type":"ImageObject","inLanguage":"es","@id":"https:\/\/lospoliticosveracruz.com\/?p=141284#primaryimage","url":"https:\/\/lospoliticosveracruz.com\/wp-content\/uploads\/2025\/04\/Bernardo-Gutierrez-Parra.jpg","contentUrl":"https:\/\/lospoliticosveracruz.com\/wp-content\/uploads\/2025\/04\/Bernardo-Gutierrez-Parra.jpg","width":1250,"height":667},{"@type":"BreadcrumbList","@id":"https:\/\/lospoliticosveracruz.com\/?p=141284#breadcrumb","itemListElement":[{"@type":"ListItem","position":1,"name":"Portada","item":"https:\/\/lospoliticosveracruz.com\/"},{"@type":"ListItem","position":2,"name":"EL TRIUNFO DE ROC\u00cdO\u2026"}]},{"@type":"WebSite","@id":"https:\/\/lospoliticosveracruz.com\/#website","url":"https:\/\/lospoliticosveracruz.com\/","name":"Los pol\u00edticos Veracruz","description":"","publisher":{"@id":"https:\/\/lospoliticosveracruz.com\/#organization"},"potentialAction":[{"@type":"SearchAction","target":{"@type":"EntryPoint","urlTemplate":"https:\/\/lospoliticosveracruz.com\/?s={search_term_string}"},"query-input":{"@type":"PropertyValueSpecification","valueRequired":true,"valueName":"search_term_string"}}],"inLanguage":"es"},{"@type":"Organization","@id":"https:\/\/lospoliticosveracruz.com\/#organization","name":"Los pol\u00edticos Veracruz","url":"https:\/\/lospoliticosveracruz.com\/","logo":{"@type":"ImageObject","inLanguage":"es","@id":"https:\/\/lospoliticosveracruz.com\/#\/schema\/logo\/image\/","url":"https:\/\/lospoliticosveracruz.com\/wp-content\/uploads\/2025\/12\/Logo-Nuevo-LOS-POLITICOS-1.jpg","contentUrl":"https:\/\/lospoliticosveracruz.com\/wp-content\/uploads\/2025\/12\/Logo-Nuevo-LOS-POLITICOS-1.jpg","width":260,"height":70,"caption":"Los pol\u00edticos Veracruz"},"image":{"@id":"https:\/\/lospoliticosveracruz.com\/#\/schema\/logo\/image\/"},"sameAs":["https:\/\/www.facebook.com\/people\/Notimemes-de-los-Polticos\/61565672886568\/","https:\/\/x.com\/LosPoliticosVer"]},{"@type":"Person","@id":"https:\/\/lospoliticosveracruz.com\/#\/schema\/person\/b8702bb0e538456e6efd07080bf2a4a2","name":"Lo viste en Los Pol\u00edticos","image":{"@type":"ImageObject","inLanguage":"es","@id":"https:\/\/secure.gravatar.com\/avatar\/3a8de04a2656d44082be478bd6c086daa447c4651605818287b9532d3d0bd435?s=96&d=mm&r=g","url":"https:\/\/secure.gravatar.com\/avatar\/3a8de04a2656d44082be478bd6c086daa447c4651605818287b9532d3d0bd435?s=96&d=mm&r=g","contentUrl":"https:\/\/secure.gravatar.com\/avatar\/3a8de04a2656d44082be478bd6c086daa447c4651605818287b9532d3d0bd435?s=96&d=mm&r=g","caption":"Lo viste en Los Pol\u00edticos"},"url":"https:\/\/lospoliticosveracruz.com\/?author=2"}]}},"_links":{"self":[{"href":"https:\/\/lospoliticosveracruz.com\/index.php?rest_route=\/wp\/v2\/posts\/141284","targetHints":{"allow":["GET"]}}],"collection":[{"href":"https:\/\/lospoliticosveracruz.com\/index.php?rest_route=\/wp\/v2\/posts"}],"about":[{"href":"https:\/\/lospoliticosveracruz.com\/index.php?rest_route=\/wp\/v2\/types\/post"}],"author":[{"embeddable":true,"href":"https:\/\/lospoliticosveracruz.com\/index.php?rest_route=\/wp\/v2\/users\/2"}],"replies":[{"embeddable":true,"href":"https:\/\/lospoliticosveracruz.com\/index.php?rest_route=%2Fwp%2Fv2%2Fcomments&post=141284"}],"version-history":[{"count":1,"href":"https:\/\/lospoliticosveracruz.com\/index.php?rest_route=\/wp\/v2\/posts\/141284\/revisions"}],"predecessor-version":[{"id":141285,"href":"https:\/\/lospoliticosveracruz.com\/index.php?rest_route=\/wp\/v2\/posts\/141284\/revisions\/141285"}],"wp:featuredmedia":[{"embeddable":true,"href":"https:\/\/lospoliticosveracruz.com\/index.php?rest_route=\/wp\/v2\/media\/141479"}],"wp:attachment":[{"href":"https:\/\/lospoliticosveracruz.com\/index.php?rest_route=%2Fwp%2Fv2%2Fmedia&parent=141284"}],"wp:term":[{"taxonomy":"category","embeddable":true,"href":"https:\/\/lospoliticosveracruz.com\/index.php?rest_route=%2Fwp%2Fv2%2Fcategories&post=141284"},{"taxonomy":"post_tag","embeddable":true,"href":"https:\/\/lospoliticosveracruz.com\/index.php?rest_route=%2Fwp%2Fv2%2Ftags&post=141284"}],"curies":[{"name":"wp","href":"https:\/\/api.w.org\/{rel}","templated":true}]}}