{"id":141439,"date":"2025-04-06T21:19:00","date_gmt":"2025-04-07T02:19:00","guid":{"rendered":"https:\/\/lospoliticosveracruz.com.mx\/?p=141439"},"modified":"2025-04-06T17:54:31","modified_gmt":"2025-04-06T22:54:31","slug":"mujeres-8","status":"publish","type":"post","link":"https:\/\/lospoliticosveracruz.com\/?p=141439","title":{"rendered":"MUJERES"},"content":{"rendered":"\n<p><strong><a href=\"https:\/\/whatsapp.com\/channel\/0029Va8zRWlEKyZIP3Z1dF0e\">\u2002\u2002<strong>\u00danete a nuestro canal&nbsp;<\/strong>\u2002<\/a><\/strong><\/p>\n\n\n\n<p>\u00a1<strong>LOS POL\u00cdTICOS VERACRUZ<\/strong>&nbsp;ya est\u00e1 en WhatsApp!<\/p>\n\n\n\n<p><strong>Guadalupe H. Mar<\/strong><\/p>\n\n\n\n<p><em>Mira Pol\u00edtica&nbsp;<\/em><\/p>\n\n\n\n<p><\/p>\n\n\n\n<p><strong>SE HACEN ESCUCHAR<\/strong>&nbsp;\u2026. En estos d\u00edas se conocer\u00e1n las aspirantes inscritas para participar en la convocatoria para seleccionar a las integrantes de los Consejos Consultivo y Social para el periodo 2025 \u2013 2027, del Instituto Veracruzano de las Mujeres (IVM), instituci\u00f3n p\u00fablica descentralizada del estado de Veracruz que durante el sexenio del ingeniero mec\u00e1nico electricista Cuitl\u00e1huac Garc\u00eda Jim\u00e9nez, se mantuvo ac\u00e9fala con una encargada temporal.<\/p>\n\n\n\n<p>Como era de esperarse, ya existen manifestaciones p\u00fablicas de las organizaciones de mujeres en Veracruz, pues pareciera que hay l\u00ednea para imponer a la titular del IVM, lo cual por supuesto niegan al interior del gobierno del estado de Veracruz y de la Legislatura local.<\/p>\n\n\n\n<p>Son varios los argumentos para sustentar la necesidad de que el Instituto Veracruzano de las Mujeres cuente con una titular y no una encargada, sobre todo porque se requiere probada capacidad y solvencia para atender debida y cabalmente las recomendaciones respecto a las dos Alertas de G\u00e9nero declaradas por el gobierno federal para Veracruz.<\/p>\n\n\n\n<p>Asimismo, el IVM tiene ante s\u00ed el reto de procurar desde el \u00e1mbito de su competencia, acciones que tiendan a erradicar las violencias contra las mujeres, entre ellas los feminicidios, que en el sexenio del ingeniero mec\u00e1nico electricista sumaron 300.<\/p>\n\n\n\n<p>Con la publicaci\u00f3n de la convocatoria para seleccionar a las integrantes de los Consejos Consultivo y Social para el periodo 2025 \u2013 2027, del Instituto Veracruzano de las Mujeres, esta administraci\u00f3n estatal, la de la ingeniera qu\u00edmica Norma Roc\u00edo Nahle Garc\u00eda, se est\u00e1 haciendo la diferencia, que esperemos no se malogre por intereses pol\u00edtico partidistas de los legisladores locales. Atentas todas.<\/p>\n\n\n\n<p><strong>BUENO, PERO<\/strong>&nbsp;\u2026 El 5 de febrero de 2010, siendo gobernador del estado de Veracruz Fidel Herrera Beltr\u00e1n, este hizo publicar en la Gaceta Oficial n\u00famero extraordinario 40, el decreto que regula la concurrencia de ni\u00f1os y ni\u00f1as a eventos deportivos, culturales, educativos y actos c\u00edvicos, luego de que decenas de menores de edad sufrieron de insolaci\u00f3n y golpe de calor con el consabido desmayo y v\u00f3mito, al permanecer mucho tiempo al sol durante un evento organizado por alguna autoridad estatal.<\/p>\n\n\n\n<p>En el segundo de los tres art\u00edculos de este decreto se lee, Art\u00edculo 2. La disposici\u00f3n que antecede se aplicar\u00e1 de la misma forma, cuando se realicen eventos deportivos, culturales, educativos y actos c\u00edvicos en lugares y zonas del estado que presentan temperaturas extremas, a fin de evitar cualquier da\u00f1o en la salud de los ni\u00f1os y ni\u00f1as de educaci\u00f3n b\u00e1sica, como pueden ser cuadros de insolaci\u00f3n, deshidrataci\u00f3n, hipotermia, quemaduras solares, hipoxia o estr\u00e9s.<\/p>\n\n\n\n<p>De eso ya pasaron 15 a\u00f1os y la disposici\u00f3n qued\u00f3 en el olvido seg\u00fan se ve, pues el pasado jueves tres de abril, en la secundaria general \u201cmaestro Efr\u00e9n Ram\u00edrez Hern\u00e1ndez\u201d de Coatepec, al menos una treintena de alumnos sufrieron las consecuencias de estar ensayando a pleno sol, para un concurso estudiantil del himno nacional.<\/p>\n\n\n\n<p>Ante los hechos, la maestra Claudia Tello Espinosa, secretaria de Educaci\u00f3n en Veracruz, emiti\u00f3 un comunicado dirigido a las autoridades del plantel coatepecano, as\u00ed como a los funcionarios del ramo, para proteger a los ni\u00f1os evitando ejercicios y actividades a pleno sol y a\u00f1adi\u00f3, que, por las altas temperaturas, se evite exigir a los menores el uso de chalecos o su\u00e9teres que forman parte del uniforme escolar.<\/p>\n\n\n\n<p><strong>AGUANTAME EL CORTE<\/strong>&nbsp;\u2026 Por cierto, algo similar habr\u00eda que hacer para que<\/p>\n\n\n\n<p>el Instituto de la Polic\u00eda Auxiliar y Protecci\u00f3n Patrimonial para el estado de Veracruz (IPAX), le renueve el uniforme a su personal en las zonas que como la de Veracruz \u2013 Boca del R\u00edo, las temperaturas sobrepasan los 35 grados, porque estos visten gruesas camisolas de manga larga, adem\u00e1s de botas altas, que generan se eleve considerablemente la temperatura de sus cuerpos.<\/p>\n\n\n\n<p>Preguntamos, ser\u00e1 necesario esperar a que alg\u00fan elemento del IPAX, hombre o mujer sufra de deshidrataci\u00f3n por el golpe de calor para que al menos les doten de camisolas manga corta en zonas donde persisten las altas temperaturas.<\/p>\n\n\n\n<p>Que conste, es pregunta.<\/p>\n\n\n\n<p><strong>RECONTRAPORCIERTO<\/strong>&nbsp;\u2026 En la actual administraci\u00f3n municipal de Boca del R\u00edo, que preside Juan Manuel Unanue Abascal, las decenas de personas que diariamente hacen ejercicio en el bulevar \u201cManuel \u00c1vila Camacho\u201d, a la orilla del mar, ya no cuentan con los m\u00f3dulos de hidrataci\u00f3n que desde pasadas administraciones municipales se instalaban todos los d\u00edas por las ma\u00f1anas.<\/p>\n\n\n\n<p>Anteriormente, personal del ayuntamiento boque\u00f1o instalaba mesitas con uno o dos garrafones de agua y vasitos desechables, para que los runners como se autonombran los corredores y las personas que salen a caminar, se pudieran hidratar para evitar los golpes de calor.<\/p>\n\n\n\n<p>Volvemos a preguntar, \u00bfser\u00e1 necesario que un runner o un trotador se desmaye en pleno bulevar tur\u00edstico para que vuelvan a instalar los m\u00f3dulos de hidrataci\u00f3n?<\/p>\n\n\n\n<p>D\u00cdGALO SIN MIEDO \u2026 Al correo electr\u00f3nico guadalupehmar@gmail.com<\/p>\n","protected":false},"excerpt":{"rendered":"<p>\u2002\u2002\u00danete a nuestro canal&nbsp;\u2002 \u00a1LOS POL\u00cdTICOS VERACRUZ&nbsp;ya est\u00e1 en WhatsApp! Guadalupe H. Mar Mira Pol\u00edtica&nbsp; SE HACEN ESCUCHAR&nbsp;\u2026. En estos d\u00edas se conocer\u00e1n las aspirantes inscritas para participar en la convocatoria para seleccionar a las integrantes de los Consejos Consultivo y Social para el periodo 2025 \u2013 2027, del Instituto Veracruzano de las Mujeres (IVM), [&hellip;]<\/p>\n","protected":false},"author":2,"featured_media":141398,"comment_status":"closed","ping_status":"closed","sticky":false,"template":"","format":"standard","meta":{"tdm_status":"","tdm_grid_status":"","footnotes":""},"categories":[70],"tags":[13953,1606,6587,3915,10451,32106,195],"class_list":{"0":"post-141439","1":"post","2":"type-post","3":"status-publish","4":"format-standard","5":"has-post-thumbnail","7":"category-de-opinion","8":"tag-claudia-tello-espinosa","9":"tag-guadalupe-h-mar","10":"tag-instituto-veracruzano-de-las-mujeres","11":"tag-ipax","12":"tag-ivm","13":"tag-juan-manuel-unanue-abascal-2","14":"tag-veracruz"},"yoast_head":"<!-- This site is optimized with the Yoast SEO plugin v27.4 - https:\/\/yoast.com\/product\/yoast-seo-wordpress\/ -->\n<title>MUJERES - Los pol\u00edticos Veracruz<\/title>\n<meta name=\"robots\" content=\"index, follow, max-snippet:-1, max-image-preview:large, max-video-preview:-1\" \/>\n<link rel=\"canonical\" href=\"https:\/\/lospoliticosveracruz.com\/?p=141439\" \/>\n<meta property=\"og:locale\" content=\"es_ES\" \/>\n<meta property=\"og:type\" content=\"article\" \/>\n<meta property=\"og:title\" content=\"MUJERES - Los pol\u00edticos Veracruz\" \/>\n<meta property=\"og:description\" content=\"\u2002\u2002\u00danete a nuestro canal&nbsp;\u2002 \u00a1LOS POL\u00cdTICOS VERACRUZ&nbsp;ya est\u00e1 en WhatsApp! Guadalupe H. Mar Mira Pol\u00edtica&nbsp; SE HACEN ESCUCHAR&nbsp;\u2026. En estos d\u00edas se conocer\u00e1n las aspirantes inscritas para participar en la convocatoria para seleccionar a las integrantes de los Consejos Consultivo y Social para el periodo 2025 \u2013 2027, del Instituto Veracruzano de las Mujeres (IVM), [&hellip;]\" \/>\n<meta property=\"og:url\" content=\"https:\/\/lospoliticosveracruz.com\/?p=141439\" \/>\n<meta property=\"og:site_name\" content=\"Los pol\u00edticos Veracruz\" \/>\n<meta property=\"article:publisher\" content=\"https:\/\/www.facebook.com\/people\/Notimemes-de-los-Polticos\/61565672886568\/\" \/>\n<meta property=\"article:published_time\" content=\"2025-04-07T02:19:00+00:00\" \/>\n<meta property=\"og:image\" content=\"https:\/\/lospoliticosveracruz.com\/wp-content\/uploads\/2025\/04\/Lupita-H-Mar.jpg\" \/>\n\t<meta property=\"og:image:width\" content=\"1250\" \/>\n\t<meta property=\"og:image:height\" content=\"667\" \/>\n\t<meta property=\"og:image:type\" content=\"image\/jpeg\" \/>\n<meta name=\"author\" content=\"Lo viste en Los Pol\u00edticos\" \/>\n<meta name=\"twitter:card\" content=\"summary_large_image\" \/>\n<meta name=\"twitter:creator\" content=\"@LosPoliticosVer\" \/>\n<meta name=\"twitter:site\" content=\"@LosPoliticosVer\" \/>\n<meta name=\"twitter:label1\" content=\"Escrito por\" \/>\n\t<meta name=\"twitter:data1\" content=\"Lo viste en Los Pol\u00edticos\" \/>\n\t<meta name=\"twitter:label2\" content=\"Tiempo de lectura\" \/>\n\t<meta name=\"twitter:data2\" content=\"4 minutos\" \/>\n<script type=\"application\/ld+json\" class=\"yoast-schema-graph\">{\"@context\":\"https:\\\/\\\/schema.org\",\"@graph\":[{\"@type\":\"Article\",\"@id\":\"https:\\\/\\\/lospoliticosveracruz.com\\\/?p=141439#article\",\"isPartOf\":{\"@id\":\"https:\\\/\\\/lospoliticosveracruz.com\\\/?p=141439\"},\"author\":{\"name\":\"Lo viste en Los Pol\u00edticos\",\"@id\":\"https:\\\/\\\/lospoliticosveracruz.com\\\/#\\\/schema\\\/person\\\/b8702bb0e538456e6efd07080bf2a4a2\"},\"headline\":\"MUJERES\",\"datePublished\":\"2025-04-07T02:19:00+00:00\",\"mainEntityOfPage\":{\"@id\":\"https:\\\/\\\/lospoliticosveracruz.com\\\/?p=141439\"},\"wordCount\":869,\"publisher\":{\"@id\":\"https:\\\/\\\/lospoliticosveracruz.com\\\/#organization\"},\"image\":{\"@id\":\"https:\\\/\\\/lospoliticosveracruz.com\\\/?p=141439#primaryimage\"},\"thumbnailUrl\":\"https:\\\/\\\/lospoliticosveracruz.com\\\/wp-content\\\/uploads\\\/2025\\\/04\\\/Lupita-H-Mar.jpg\",\"keywords\":[\"Claudia Tello Espinosa\",\"Guadalupe H. Mar\",\"Instituto Veracruzano de las Mujeres\",\"IPAX\",\"IVM\",\"Juan Manuel Unanue Abascal\",\"Veracruz\"],\"articleSection\":[\"De Opini\u00f3n\"],\"inLanguage\":\"es\"},{\"@type\":\"WebPage\",\"@id\":\"https:\\\/\\\/lospoliticosveracruz.com\\\/?p=141439\",\"url\":\"https:\\\/\\\/lospoliticosveracruz.com\\\/?p=141439\",\"name\":\"MUJERES - Los pol\u00edticos Veracruz\",\"isPartOf\":{\"@id\":\"https:\\\/\\\/lospoliticosveracruz.com\\\/#website\"},\"primaryImageOfPage\":{\"@id\":\"https:\\\/\\\/lospoliticosveracruz.com\\\/?p=141439#primaryimage\"},\"image\":{\"@id\":\"https:\\\/\\\/lospoliticosveracruz.com\\\/?p=141439#primaryimage\"},\"thumbnailUrl\":\"https:\\\/\\\/lospoliticosveracruz.com\\\/wp-content\\\/uploads\\\/2025\\\/04\\\/Lupita-H-Mar.jpg\",\"datePublished\":\"2025-04-07T02:19:00+00:00\",\"breadcrumb\":{\"@id\":\"https:\\\/\\\/lospoliticosveracruz.com\\\/?p=141439#breadcrumb\"},\"inLanguage\":\"es\",\"potentialAction\":[{\"@type\":\"ReadAction\",\"target\":[\"https:\\\/\\\/lospoliticosveracruz.com\\\/?p=141439\"]}]},{\"@type\":\"ImageObject\",\"inLanguage\":\"es\",\"@id\":\"https:\\\/\\\/lospoliticosveracruz.com\\\/?p=141439#primaryimage\",\"url\":\"https:\\\/\\\/lospoliticosveracruz.com\\\/wp-content\\\/uploads\\\/2025\\\/04\\\/Lupita-H-Mar.jpg\",\"contentUrl\":\"https:\\\/\\\/lospoliticosveracruz.com\\\/wp-content\\\/uploads\\\/2025\\\/04\\\/Lupita-H-Mar.jpg\",\"width\":1250,\"height\":667},{\"@type\":\"BreadcrumbList\",\"@id\":\"https:\\\/\\\/lospoliticosveracruz.com\\\/?p=141439#breadcrumb\",\"itemListElement\":[{\"@type\":\"ListItem\",\"position\":1,\"name\":\"Portada\",\"item\":\"https:\\\/\\\/lospoliticosveracruz.com\\\/\"},{\"@type\":\"ListItem\",\"position\":2,\"name\":\"MUJERES\"}]},{\"@type\":\"WebSite\",\"@id\":\"https:\\\/\\\/lospoliticosveracruz.com\\\/#website\",\"url\":\"https:\\\/\\\/lospoliticosveracruz.com\\\/\",\"name\":\"Los pol\u00edticos Veracruz\",\"description\":\"\",\"publisher\":{\"@id\":\"https:\\\/\\\/lospoliticosveracruz.com\\\/#organization\"},\"potentialAction\":[{\"@type\":\"SearchAction\",\"target\":{\"@type\":\"EntryPoint\",\"urlTemplate\":\"https:\\\/\\\/lospoliticosveracruz.com\\\/?s={search_term_string}\"},\"query-input\":{\"@type\":\"PropertyValueSpecification\",\"valueRequired\":true,\"valueName\":\"search_term_string\"}}],\"inLanguage\":\"es\"},{\"@type\":\"Organization\",\"@id\":\"https:\\\/\\\/lospoliticosveracruz.com\\\/#organization\",\"name\":\"Los pol\u00edticos Veracruz\",\"url\":\"https:\\\/\\\/lospoliticosveracruz.com\\\/\",\"logo\":{\"@type\":\"ImageObject\",\"inLanguage\":\"es\",\"@id\":\"https:\\\/\\\/lospoliticosveracruz.com\\\/#\\\/schema\\\/logo\\\/image\\\/\",\"url\":\"https:\\\/\\\/lospoliticosveracruz.com\\\/wp-content\\\/uploads\\\/2025\\\/12\\\/Logo-Nuevo-LOS-POLITICOS-1.jpg\",\"contentUrl\":\"https:\\\/\\\/lospoliticosveracruz.com\\\/wp-content\\\/uploads\\\/2025\\\/12\\\/Logo-Nuevo-LOS-POLITICOS-1.jpg\",\"width\":260,\"height\":70,\"caption\":\"Los pol\u00edticos Veracruz\"},\"image\":{\"@id\":\"https:\\\/\\\/lospoliticosveracruz.com\\\/#\\\/schema\\\/logo\\\/image\\\/\"},\"sameAs\":[\"https:\\\/\\\/www.facebook.com\\\/people\\\/Notimemes-de-los-Polticos\\\/61565672886568\\\/\",\"https:\\\/\\\/x.com\\\/LosPoliticosVer\"]},{\"@type\":\"Person\",\"@id\":\"https:\\\/\\\/lospoliticosveracruz.com\\\/#\\\/schema\\\/person\\\/b8702bb0e538456e6efd07080bf2a4a2\",\"name\":\"Lo viste en Los Pol\u00edticos\",\"image\":{\"@type\":\"ImageObject\",\"inLanguage\":\"es\",\"@id\":\"https:\\\/\\\/secure.gravatar.com\\\/avatar\\\/3a8de04a2656d44082be478bd6c086daa447c4651605818287b9532d3d0bd435?s=96&d=mm&r=g\",\"url\":\"https:\\\/\\\/secure.gravatar.com\\\/avatar\\\/3a8de04a2656d44082be478bd6c086daa447c4651605818287b9532d3d0bd435?s=96&d=mm&r=g\",\"contentUrl\":\"https:\\\/\\\/secure.gravatar.com\\\/avatar\\\/3a8de04a2656d44082be478bd6c086daa447c4651605818287b9532d3d0bd435?s=96&d=mm&r=g\",\"caption\":\"Lo viste en Los Pol\u00edticos\"},\"url\":\"https:\\\/\\\/lospoliticosveracruz.com\\\/?author=2\"}]}<\/script>\n<!-- \/ Yoast SEO plugin. -->","yoast_head_json":{"title":"MUJERES - Los pol\u00edticos Veracruz","robots":{"index":"index","follow":"follow","max-snippet":"max-snippet:-1","max-image-preview":"max-image-preview:large","max-video-preview":"max-video-preview:-1"},"canonical":"https:\/\/lospoliticosveracruz.com\/?p=141439","og_locale":"es_ES","og_type":"article","og_title":"MUJERES - Los pol\u00edticos Veracruz","og_description":"\u2002\u2002\u00danete a nuestro canal&nbsp;\u2002 \u00a1LOS POL\u00cdTICOS VERACRUZ&nbsp;ya est\u00e1 en WhatsApp! Guadalupe H. Mar Mira Pol\u00edtica&nbsp; SE HACEN ESCUCHAR&nbsp;\u2026. En estos d\u00edas se conocer\u00e1n las aspirantes inscritas para participar en la convocatoria para seleccionar a las integrantes de los Consejos Consultivo y Social para el periodo 2025 \u2013 2027, del Instituto Veracruzano de las Mujeres (IVM), [&hellip;]","og_url":"https:\/\/lospoliticosveracruz.com\/?p=141439","og_site_name":"Los pol\u00edticos Veracruz","article_publisher":"https:\/\/www.facebook.com\/people\/Notimemes-de-los-Polticos\/61565672886568\/","article_published_time":"2025-04-07T02:19:00+00:00","og_image":[{"width":1250,"height":667,"url":"https:\/\/lospoliticosveracruz.com\/wp-content\/uploads\/2025\/04\/Lupita-H-Mar.jpg","type":"image\/jpeg"}],"author":"Lo viste en Los Pol\u00edticos","twitter_card":"summary_large_image","twitter_creator":"@LosPoliticosVer","twitter_site":"@LosPoliticosVer","twitter_misc":{"Escrito por":"Lo viste en Los Pol\u00edticos","Tiempo de lectura":"4 minutos"},"schema":{"@context":"https:\/\/schema.org","@graph":[{"@type":"Article","@id":"https:\/\/lospoliticosveracruz.com\/?p=141439#article","isPartOf":{"@id":"https:\/\/lospoliticosveracruz.com\/?p=141439"},"author":{"name":"Lo viste en Los Pol\u00edticos","@id":"https:\/\/lospoliticosveracruz.com\/#\/schema\/person\/b8702bb0e538456e6efd07080bf2a4a2"},"headline":"MUJERES","datePublished":"2025-04-07T02:19:00+00:00","mainEntityOfPage":{"@id":"https:\/\/lospoliticosveracruz.com\/?p=141439"},"wordCount":869,"publisher":{"@id":"https:\/\/lospoliticosveracruz.com\/#organization"},"image":{"@id":"https:\/\/lospoliticosveracruz.com\/?p=141439#primaryimage"},"thumbnailUrl":"https:\/\/lospoliticosveracruz.com\/wp-content\/uploads\/2025\/04\/Lupita-H-Mar.jpg","keywords":["Claudia Tello Espinosa","Guadalupe H. Mar","Instituto Veracruzano de las Mujeres","IPAX","IVM","Juan Manuel Unanue Abascal","Veracruz"],"articleSection":["De Opini\u00f3n"],"inLanguage":"es"},{"@type":"WebPage","@id":"https:\/\/lospoliticosveracruz.com\/?p=141439","url":"https:\/\/lospoliticosveracruz.com\/?p=141439","name":"MUJERES - Los pol\u00edticos Veracruz","isPartOf":{"@id":"https:\/\/lospoliticosveracruz.com\/#website"},"primaryImageOfPage":{"@id":"https:\/\/lospoliticosveracruz.com\/?p=141439#primaryimage"},"image":{"@id":"https:\/\/lospoliticosveracruz.com\/?p=141439#primaryimage"},"thumbnailUrl":"https:\/\/lospoliticosveracruz.com\/wp-content\/uploads\/2025\/04\/Lupita-H-Mar.jpg","datePublished":"2025-04-07T02:19:00+00:00","breadcrumb":{"@id":"https:\/\/lospoliticosveracruz.com\/?p=141439#breadcrumb"},"inLanguage":"es","potentialAction":[{"@type":"ReadAction","target":["https:\/\/lospoliticosveracruz.com\/?p=141439"]}]},{"@type":"ImageObject","inLanguage":"es","@id":"https:\/\/lospoliticosveracruz.com\/?p=141439#primaryimage","url":"https:\/\/lospoliticosveracruz.com\/wp-content\/uploads\/2025\/04\/Lupita-H-Mar.jpg","contentUrl":"https:\/\/lospoliticosveracruz.com\/wp-content\/uploads\/2025\/04\/Lupita-H-Mar.jpg","width":1250,"height":667},{"@type":"BreadcrumbList","@id":"https:\/\/lospoliticosveracruz.com\/?p=141439#breadcrumb","itemListElement":[{"@type":"ListItem","position":1,"name":"Portada","item":"https:\/\/lospoliticosveracruz.com\/"},{"@type":"ListItem","position":2,"name":"MUJERES"}]},{"@type":"WebSite","@id":"https:\/\/lospoliticosveracruz.com\/#website","url":"https:\/\/lospoliticosveracruz.com\/","name":"Los pol\u00edticos Veracruz","description":"","publisher":{"@id":"https:\/\/lospoliticosveracruz.com\/#organization"},"potentialAction":[{"@type":"SearchAction","target":{"@type":"EntryPoint","urlTemplate":"https:\/\/lospoliticosveracruz.com\/?s={search_term_string}"},"query-input":{"@type":"PropertyValueSpecification","valueRequired":true,"valueName":"search_term_string"}}],"inLanguage":"es"},{"@type":"Organization","@id":"https:\/\/lospoliticosveracruz.com\/#organization","name":"Los pol\u00edticos Veracruz","url":"https:\/\/lospoliticosveracruz.com\/","logo":{"@type":"ImageObject","inLanguage":"es","@id":"https:\/\/lospoliticosveracruz.com\/#\/schema\/logo\/image\/","url":"https:\/\/lospoliticosveracruz.com\/wp-content\/uploads\/2025\/12\/Logo-Nuevo-LOS-POLITICOS-1.jpg","contentUrl":"https:\/\/lospoliticosveracruz.com\/wp-content\/uploads\/2025\/12\/Logo-Nuevo-LOS-POLITICOS-1.jpg","width":260,"height":70,"caption":"Los pol\u00edticos Veracruz"},"image":{"@id":"https:\/\/lospoliticosveracruz.com\/#\/schema\/logo\/image\/"},"sameAs":["https:\/\/www.facebook.com\/people\/Notimemes-de-los-Polticos\/61565672886568\/","https:\/\/x.com\/LosPoliticosVer"]},{"@type":"Person","@id":"https:\/\/lospoliticosveracruz.com\/#\/schema\/person\/b8702bb0e538456e6efd07080bf2a4a2","name":"Lo viste en Los Pol\u00edticos","image":{"@type":"ImageObject","inLanguage":"es","@id":"https:\/\/secure.gravatar.com\/avatar\/3a8de04a2656d44082be478bd6c086daa447c4651605818287b9532d3d0bd435?s=96&d=mm&r=g","url":"https:\/\/secure.gravatar.com\/avatar\/3a8de04a2656d44082be478bd6c086daa447c4651605818287b9532d3d0bd435?s=96&d=mm&r=g","contentUrl":"https:\/\/secure.gravatar.com\/avatar\/3a8de04a2656d44082be478bd6c086daa447c4651605818287b9532d3d0bd435?s=96&d=mm&r=g","caption":"Lo viste en Los Pol\u00edticos"},"url":"https:\/\/lospoliticosveracruz.com\/?author=2"}]}},"_links":{"self":[{"href":"https:\/\/lospoliticosveracruz.com\/index.php?rest_route=\/wp\/v2\/posts\/141439","targetHints":{"allow":["GET"]}}],"collection":[{"href":"https:\/\/lospoliticosveracruz.com\/index.php?rest_route=\/wp\/v2\/posts"}],"about":[{"href":"https:\/\/lospoliticosveracruz.com\/index.php?rest_route=\/wp\/v2\/types\/post"}],"author":[{"embeddable":true,"href":"https:\/\/lospoliticosveracruz.com\/index.php?rest_route=\/wp\/v2\/users\/2"}],"replies":[{"embeddable":true,"href":"https:\/\/lospoliticosveracruz.com\/index.php?rest_route=%2Fwp%2Fv2%2Fcomments&post=141439"}],"version-history":[{"count":1,"href":"https:\/\/lospoliticosveracruz.com\/index.php?rest_route=\/wp\/v2\/posts\/141439\/revisions"}],"predecessor-version":[{"id":141440,"href":"https:\/\/lospoliticosveracruz.com\/index.php?rest_route=\/wp\/v2\/posts\/141439\/revisions\/141440"}],"wp:featuredmedia":[{"embeddable":true,"href":"https:\/\/lospoliticosveracruz.com\/index.php?rest_route=\/wp\/v2\/media\/141398"}],"wp:attachment":[{"href":"https:\/\/lospoliticosveracruz.com\/index.php?rest_route=%2Fwp%2Fv2%2Fmedia&parent=141439"}],"wp:term":[{"taxonomy":"category","embeddable":true,"href":"https:\/\/lospoliticosveracruz.com\/index.php?rest_route=%2Fwp%2Fv2%2Fcategories&post=141439"},{"taxonomy":"post_tag","embeddable":true,"href":"https:\/\/lospoliticosveracruz.com\/index.php?rest_route=%2Fwp%2Fv2%2Ftags&post=141439"}],"curies":[{"name":"wp","href":"https:\/\/api.w.org\/{rel}","templated":true}]}}