{"id":141454,"date":"2025-04-06T22:27:39","date_gmt":"2025-04-07T03:27:39","guid":{"rendered":"https:\/\/lospoliticosveracruz.com.mx\/?p=141454"},"modified":"2025-04-06T22:27:46","modified_gmt":"2025-04-07T03:27:46","slug":"veracruz-danos-estructurales-de-estado","status":"publish","type":"post","link":"https:\/\/lospoliticosveracruz.com\/?p=141454","title":{"rendered":"VERACRUZ: DA\u00d1OS ESTRUCTURALES DE ESTADO"},"content":{"rendered":"\n<p><a><\/a><a href=\"https:\/\/whatsapp.com\/channel\/0029Va8zRWlEKyZIP3Z1dF0e\"><strong>\u2002\u2002<\/strong><strong>\u00da<\/strong><strong>NETE A NUESTRO CANAL<\/strong><strong><\/strong><\/a><\/p>\n\n\n\n<p>\u00a1<a href=\"https:\/\/whatsapp.com\/channel\/0029Va8zRWlEKyZIP3Z1dF0e\"><strong>LOS POL\u00cd<\/strong><strong>TICOS VERACRUZ<\/strong><\/a> ya est\u00e1 en WhatsApp!<\/p>\n\n\n\n<p><\/p>\n\n\n\n<p><strong>Jos\u00e9 Luis Ortega Vidal<br><\/strong><em>Claroscuros<\/em><\/p>\n\n\n\n<p>Veracruz sufre da\u00f1os estructurales de Estado: en lo econ\u00f3mico, en lo social, en lo pol\u00edtico, lo institucional\u2026<br>El da\u00f1o estructural en el rubro de seguridad cruza todas las piezas referidas en el p\u00e1rrafo anterior; lo que deviene conflicto entre el luto, la memoria individual y colectiva, la obligada necesidad de sobrevivir y una serie de dudas profundas:<\/p>\n\n\n\n<p>\u2022\u2060 \u2060\u00bfQu\u00e9 hace el Estado por m\u00ed?<br>\u2022\u2060 \u2060\u00bfLa educaci\u00f3n a\u00fan es puerta para el desarrollo y movilidad social?<br>\u2022\u2060 \u2060\u00bfDe cu\u00e1l desarrollo estamos hablando: econ\u00f3mico, social, cultural, intelectual?<br>\u2022\u2060 \u2060\u00bfQui\u00e9n o qui\u00e9nes mienten: los grupos de izquierda, los de derecha, los del centro, los de antes, los nuevos, los de siempre, los pol\u00edticos, los intelectuales, la sociedad, la Iglesia, la historia?<br>\u2022\u2060 \u2060Si apostamos al optimismo social: \u00bfA qui\u00e9nes incluimos en un futuro donde todo mejore?<br>\u2022\u2060 \u2060Porque hay quienes son felices y est\u00e1n c\u00f3modos en medio de miles de desaparecidos, miles de muertos, miles de desempleados, miles de empobrecidos\u2026<br>\u2022\u2060 \u2060Pero \u00bfY el resto?<\/p>\n\n\n\n<p>(2)<br>Comparto estas dudas en un contexto espec\u00edfico: son preguntas b\u00e1sicas para analizar los da\u00f1os estructurales de Veracruz.<br>Cualquier intento de diagn\u00f3stico acerca de nuestra entidad obliga a indagar, pensar, ubicar, compartir a M\u00e9xico como un todo y a Veracruz como pieza clave de ese conjunto.<br>No parto de lo general, sino de lo particular: Veracruz; para convertir el estado en un todo espec\u00edfico y asi acudir a sus particularidades tem\u00e1ticas -primero-; geogr\u00e1ficas -por regiones, municipios- despu\u00e9s; coyunturales, a trav\u00e9s de un vistazo period\u00edstico a la complejidad humana, multicultural, sociopol\u00edtica que late, respira, muere, entre los r\u00edos Tonal\u00e1 y P\u00e1nuco.<\/p>\n\n\n\n<p>(3)<br>Los temas son la econom\u00eda, la pol\u00edtica oficial, la infraestructura, los elementos de Estado fallido, la corrupci\u00f3n.<br>Lo geogr\u00e1fico abarca las regiones -norte, centro, sur-; las zonas: sierras, fronteras interestatales, llanos, monta\u00f1a, pueblos de mar y r\u00edos.<br>Lo geogr\u00e1fico\/pol\u00edtico incluye distritos, municipios, congregaciones.<br>Lo econ\u00f3mico remite a vocaciones productivas, macro y micro inversiones.<br>Lo coyuntural se refiere, por ejemplo, al proceso electoral local 2024-2025.<\/p>\n\n\n\n<p>(4)<br>Roc\u00edo Nahle Garc\u00eda asumi\u00f3 el poder gubernamental el primero de diciembre pasado; reci\u00e9n ha cumplido cuatro meses como jefa del ejecutivo.<br>En materia de seguridad, marzo ha sido el mes m\u00e1s violento dentro del primer cuatrimestre de la administraci\u00f3n en curso.<br>El catorce de marzo publiqu\u00e9 CLAROSCUROS bajo el subt\u00edtulo:<\/p>\n\n\n\n<p>Escala violencia en Coatzacoalcos, Poza Rica, Papantla y Guti\u00e9rrez Zamora<\/p>\n\n\n\n<p>Luego, el diecisiete de marzo d\u00ed continuidad al tema, esta vez bajo el subt\u00edtulo:<\/p>\n\n\n\n<p>Veracruz: delincuencia \u00abcan\u00edbal\u00bb en Cuaresma<\/p>\n\n\n\n<p>Las \u00faltimas semanas de marzo -y los primeros d\u00edas de abril- la violencia escal\u00f3 en un dram\u00e1tico n\u00famero de municipios de la entidad.<br>Destac\u00f3 el caso de Minatitl\u00e1n por el ataque de dos \u201ccobradores de piso\u201d al due\u00f1o del negocio \u201cJalisquito\u201d, que terminan atropellados y muertos a manos de su v\u00edctima, aquel fat\u00eddico viernes veintiuno del mes pasado.<br>Grave dicotom\u00eda de una realidad social convulsa, cruda, cruel; escenario donde un empresario (v\u00edctima) y una mafia de extorsionadores (victimarios) cambian roles dentro de su natural contradicci\u00f3n: el empresario mata (ahora es victimario) y los cobradores de la mafia mueren arrollados (ahora son v\u00edctimas).<br>Aquello se convierte en una suerte de burbuja dialectica.<br>\u00bfY el Estado? \u00bfY la Ley?<br>De hecho, no aparecen por ninguna parte hasta el momento\u2026<br>Hay expediente pero no hay detenidos; por lo tanto no hay juicio, y de llegar a ocurrir la intervenci\u00f3n de un juez, la sociedad padece su propio conflicto porque no tiene en qui\u00e9n confiar y cada d\u00eda conf\u00eda menos en si misma.<br>La econom\u00eda no garantiza desarrollo, las instituciones p\u00fablicas no son garantes de seguridad ni de justicia; las relaciones entre privados se inclinan cotidianamente al salvajismo donde cada quien se defiende como puede y sobrevive como le resulte posible.<\/p>\n\n\n\n<p>(5)<br>El pr\u00f3ximo fin de semana ser\u00e1 Domingo de Ramos\u2026<br>Destacan las noticias violentas y sobre violencia la v\u00edspera de Semana Santa Huasteca, Totonaca, Olmeca\u2026<br>CONTINUAR\u00c1<\/p>\n","protected":false},"excerpt":{"rendered":"<p>\u2002\u2002\u00daNETE A NUESTRO CANAL \u00a1LOS POL\u00cdTICOS VERACRUZ ya est\u00e1 en WhatsApp! Jos\u00e9 Luis Ortega VidalClaroscuros Veracruz sufre da\u00f1os estructurales de Estado: en lo econ\u00f3mico, en lo social, en lo pol\u00edtico, lo institucional\u2026El da\u00f1o estructural en el rubro de seguridad cruza todas las piezas referidas en el p\u00e1rrafo anterior; lo que deviene conflicto entre el luto, [&hellip;]<\/p>\n","protected":false},"author":2,"featured_media":141392,"comment_status":"closed","ping_status":"closed","sticky":false,"template":"","format":"standard","meta":{"tdm_status":"","tdm_grid_status":"","footnotes":""},"categories":[70],"tags":[2769],"class_list":{"0":"post-141454","1":"post","2":"type-post","3":"status-publish","4":"format-standard","5":"has-post-thumbnail","7":"category-de-opinion","8":"tag-jose-luis-ortega-vidal"},"yoast_head":"<!-- This site is optimized with the Yoast SEO plugin v27.4 - https:\/\/yoast.com\/product\/yoast-seo-wordpress\/ -->\n<title>VERACRUZ: DA\u00d1OS ESTRUCTURALES DE ESTADO - Los pol\u00edticos Veracruz<\/title>\n<meta name=\"robots\" content=\"index, follow, max-snippet:-1, max-image-preview:large, max-video-preview:-1\" \/>\n<link rel=\"canonical\" href=\"https:\/\/lospoliticosveracruz.com\/?p=141454\" \/>\n<meta property=\"og:locale\" content=\"es_ES\" \/>\n<meta property=\"og:type\" content=\"article\" \/>\n<meta property=\"og:title\" content=\"VERACRUZ: DA\u00d1OS ESTRUCTURALES DE ESTADO - Los pol\u00edticos Veracruz\" \/>\n<meta property=\"og:description\" content=\"\u2002\u2002\u00daNETE A NUESTRO CANAL \u00a1LOS POL\u00cdTICOS VERACRUZ ya est\u00e1 en WhatsApp! Jos\u00e9 Luis Ortega VidalClaroscuros Veracruz sufre da\u00f1os estructurales de Estado: en lo econ\u00f3mico, en lo social, en lo pol\u00edtico, lo institucional\u2026El da\u00f1o estructural en el rubro de seguridad cruza todas las piezas referidas en el p\u00e1rrafo anterior; lo que deviene conflicto entre el luto, [&hellip;]\" \/>\n<meta property=\"og:url\" content=\"https:\/\/lospoliticosveracruz.com\/?p=141454\" \/>\n<meta property=\"og:site_name\" content=\"Los pol\u00edticos Veracruz\" \/>\n<meta property=\"article:publisher\" content=\"https:\/\/www.facebook.com\/people\/Notimemes-de-los-Polticos\/61565672886568\/\" \/>\n<meta property=\"article:published_time\" content=\"2025-04-07T03:27:39+00:00\" \/>\n<meta property=\"article:modified_time\" content=\"2025-04-07T03:27:46+00:00\" \/>\n<meta property=\"og:image\" content=\"https:\/\/lospoliticosveracruz.com\/wp-content\/uploads\/2025\/04\/Jose-Luis-Ortega-Vidal.jpg\" \/>\n\t<meta property=\"og:image:width\" content=\"1250\" \/>\n\t<meta property=\"og:image:height\" content=\"667\" \/>\n\t<meta property=\"og:image:type\" content=\"image\/jpeg\" \/>\n<meta name=\"author\" content=\"Lo viste en Los Pol\u00edticos\" \/>\n<meta name=\"twitter:card\" content=\"summary_large_image\" \/>\n<meta name=\"twitter:creator\" content=\"@LosPoliticosVer\" \/>\n<meta name=\"twitter:site\" content=\"@LosPoliticosVer\" \/>\n<meta name=\"twitter:label1\" content=\"Escrito por\" \/>\n\t<meta name=\"twitter:data1\" content=\"Lo viste en Los Pol\u00edticos\" \/>\n\t<meta name=\"twitter:label2\" content=\"Tiempo de lectura\" \/>\n\t<meta name=\"twitter:data2\" content=\"4 minutos\" \/>\n<script type=\"application\/ld+json\" class=\"yoast-schema-graph\">{\"@context\":\"https:\\\/\\\/schema.org\",\"@graph\":[{\"@type\":\"Article\",\"@id\":\"https:\\\/\\\/lospoliticosveracruz.com\\\/?p=141454#article\",\"isPartOf\":{\"@id\":\"https:\\\/\\\/lospoliticosveracruz.com\\\/?p=141454\"},\"author\":{\"name\":\"Lo viste en Los Pol\u00edticos\",\"@id\":\"https:\\\/\\\/lospoliticosveracruz.com\\\/#\\\/schema\\\/person\\\/b8702bb0e538456e6efd07080bf2a4a2\"},\"headline\":\"VERACRUZ: DA\u00d1OS ESTRUCTURALES DE ESTADO\",\"datePublished\":\"2025-04-07T03:27:39+00:00\",\"dateModified\":\"2025-04-07T03:27:46+00:00\",\"mainEntityOfPage\":{\"@id\":\"https:\\\/\\\/lospoliticosveracruz.com\\\/?p=141454\"},\"wordCount\":720,\"publisher\":{\"@id\":\"https:\\\/\\\/lospoliticosveracruz.com\\\/#organization\"},\"image\":{\"@id\":\"https:\\\/\\\/lospoliticosveracruz.com\\\/?p=141454#primaryimage\"},\"thumbnailUrl\":\"https:\\\/\\\/lospoliticosveracruz.com\\\/wp-content\\\/uploads\\\/2025\\\/04\\\/Jose-Luis-Ortega-Vidal.jpg\",\"keywords\":[\"Jos\u00e9 Luis Ortega Vidal\"],\"articleSection\":[\"De Opini\u00f3n\"],\"inLanguage\":\"es\"},{\"@type\":\"WebPage\",\"@id\":\"https:\\\/\\\/lospoliticosveracruz.com\\\/?p=141454\",\"url\":\"https:\\\/\\\/lospoliticosveracruz.com\\\/?p=141454\",\"name\":\"VERACRUZ: DA\u00d1OS ESTRUCTURALES DE ESTADO - Los pol\u00edticos Veracruz\",\"isPartOf\":{\"@id\":\"https:\\\/\\\/lospoliticosveracruz.com\\\/#website\"},\"primaryImageOfPage\":{\"@id\":\"https:\\\/\\\/lospoliticosveracruz.com\\\/?p=141454#primaryimage\"},\"image\":{\"@id\":\"https:\\\/\\\/lospoliticosveracruz.com\\\/?p=141454#primaryimage\"},\"thumbnailUrl\":\"https:\\\/\\\/lospoliticosveracruz.com\\\/wp-content\\\/uploads\\\/2025\\\/04\\\/Jose-Luis-Ortega-Vidal.jpg\",\"datePublished\":\"2025-04-07T03:27:39+00:00\",\"dateModified\":\"2025-04-07T03:27:46+00:00\",\"breadcrumb\":{\"@id\":\"https:\\\/\\\/lospoliticosveracruz.com\\\/?p=141454#breadcrumb\"},\"inLanguage\":\"es\",\"potentialAction\":[{\"@type\":\"ReadAction\",\"target\":[\"https:\\\/\\\/lospoliticosveracruz.com\\\/?p=141454\"]}]},{\"@type\":\"ImageObject\",\"inLanguage\":\"es\",\"@id\":\"https:\\\/\\\/lospoliticosveracruz.com\\\/?p=141454#primaryimage\",\"url\":\"https:\\\/\\\/lospoliticosveracruz.com\\\/wp-content\\\/uploads\\\/2025\\\/04\\\/Jose-Luis-Ortega-Vidal.jpg\",\"contentUrl\":\"https:\\\/\\\/lospoliticosveracruz.com\\\/wp-content\\\/uploads\\\/2025\\\/04\\\/Jose-Luis-Ortega-Vidal.jpg\",\"width\":1250,\"height\":667},{\"@type\":\"BreadcrumbList\",\"@id\":\"https:\\\/\\\/lospoliticosveracruz.com\\\/?p=141454#breadcrumb\",\"itemListElement\":[{\"@type\":\"ListItem\",\"position\":1,\"name\":\"Portada\",\"item\":\"https:\\\/\\\/lospoliticosveracruz.com\\\/\"},{\"@type\":\"ListItem\",\"position\":2,\"name\":\"VERACRUZ: DA\u00d1OS ESTRUCTURALES DE ESTADO\"}]},{\"@type\":\"WebSite\",\"@id\":\"https:\\\/\\\/lospoliticosveracruz.com\\\/#website\",\"url\":\"https:\\\/\\\/lospoliticosveracruz.com\\\/\",\"name\":\"Los pol\u00edticos Veracruz\",\"description\":\"\",\"publisher\":{\"@id\":\"https:\\\/\\\/lospoliticosveracruz.com\\\/#organization\"},\"potentialAction\":[{\"@type\":\"SearchAction\",\"target\":{\"@type\":\"EntryPoint\",\"urlTemplate\":\"https:\\\/\\\/lospoliticosveracruz.com\\\/?s={search_term_string}\"},\"query-input\":{\"@type\":\"PropertyValueSpecification\",\"valueRequired\":true,\"valueName\":\"search_term_string\"}}],\"inLanguage\":\"es\"},{\"@type\":\"Organization\",\"@id\":\"https:\\\/\\\/lospoliticosveracruz.com\\\/#organization\",\"name\":\"Los pol\u00edticos Veracruz\",\"url\":\"https:\\\/\\\/lospoliticosveracruz.com\\\/\",\"logo\":{\"@type\":\"ImageObject\",\"inLanguage\":\"es\",\"@id\":\"https:\\\/\\\/lospoliticosveracruz.com\\\/#\\\/schema\\\/logo\\\/image\\\/\",\"url\":\"https:\\\/\\\/lospoliticosveracruz.com\\\/wp-content\\\/uploads\\\/2025\\\/12\\\/Logo-Nuevo-LOS-POLITICOS-1.jpg\",\"contentUrl\":\"https:\\\/\\\/lospoliticosveracruz.com\\\/wp-content\\\/uploads\\\/2025\\\/12\\\/Logo-Nuevo-LOS-POLITICOS-1.jpg\",\"width\":260,\"height\":70,\"caption\":\"Los pol\u00edticos Veracruz\"},\"image\":{\"@id\":\"https:\\\/\\\/lospoliticosveracruz.com\\\/#\\\/schema\\\/logo\\\/image\\\/\"},\"sameAs\":[\"https:\\\/\\\/www.facebook.com\\\/people\\\/Notimemes-de-los-Polticos\\\/61565672886568\\\/\",\"https:\\\/\\\/x.com\\\/LosPoliticosVer\"]},{\"@type\":\"Person\",\"@id\":\"https:\\\/\\\/lospoliticosveracruz.com\\\/#\\\/schema\\\/person\\\/b8702bb0e538456e6efd07080bf2a4a2\",\"name\":\"Lo viste en Los Pol\u00edticos\",\"image\":{\"@type\":\"ImageObject\",\"inLanguage\":\"es\",\"@id\":\"https:\\\/\\\/secure.gravatar.com\\\/avatar\\\/3a8de04a2656d44082be478bd6c086daa447c4651605818287b9532d3d0bd435?s=96&d=mm&r=g\",\"url\":\"https:\\\/\\\/secure.gravatar.com\\\/avatar\\\/3a8de04a2656d44082be478bd6c086daa447c4651605818287b9532d3d0bd435?s=96&d=mm&r=g\",\"contentUrl\":\"https:\\\/\\\/secure.gravatar.com\\\/avatar\\\/3a8de04a2656d44082be478bd6c086daa447c4651605818287b9532d3d0bd435?s=96&d=mm&r=g\",\"caption\":\"Lo viste en Los Pol\u00edticos\"},\"url\":\"https:\\\/\\\/lospoliticosveracruz.com\\\/?author=2\"}]}<\/script>\n<!-- \/ Yoast SEO plugin. -->","yoast_head_json":{"title":"VERACRUZ: DA\u00d1OS ESTRUCTURALES DE ESTADO - Los pol\u00edticos Veracruz","robots":{"index":"index","follow":"follow","max-snippet":"max-snippet:-1","max-image-preview":"max-image-preview:large","max-video-preview":"max-video-preview:-1"},"canonical":"https:\/\/lospoliticosveracruz.com\/?p=141454","og_locale":"es_ES","og_type":"article","og_title":"VERACRUZ: DA\u00d1OS ESTRUCTURALES DE ESTADO - Los pol\u00edticos Veracruz","og_description":"\u2002\u2002\u00daNETE A NUESTRO CANAL \u00a1LOS POL\u00cdTICOS VERACRUZ ya est\u00e1 en WhatsApp! Jos\u00e9 Luis Ortega VidalClaroscuros Veracruz sufre da\u00f1os estructurales de Estado: en lo econ\u00f3mico, en lo social, en lo pol\u00edtico, lo institucional\u2026El da\u00f1o estructural en el rubro de seguridad cruza todas las piezas referidas en el p\u00e1rrafo anterior; lo que deviene conflicto entre el luto, [&hellip;]","og_url":"https:\/\/lospoliticosveracruz.com\/?p=141454","og_site_name":"Los pol\u00edticos Veracruz","article_publisher":"https:\/\/www.facebook.com\/people\/Notimemes-de-los-Polticos\/61565672886568\/","article_published_time":"2025-04-07T03:27:39+00:00","article_modified_time":"2025-04-07T03:27:46+00:00","og_image":[{"width":1250,"height":667,"url":"https:\/\/lospoliticosveracruz.com\/wp-content\/uploads\/2025\/04\/Jose-Luis-Ortega-Vidal.jpg","type":"image\/jpeg"}],"author":"Lo viste en Los Pol\u00edticos","twitter_card":"summary_large_image","twitter_creator":"@LosPoliticosVer","twitter_site":"@LosPoliticosVer","twitter_misc":{"Escrito por":"Lo viste en Los Pol\u00edticos","Tiempo de lectura":"4 minutos"},"schema":{"@context":"https:\/\/schema.org","@graph":[{"@type":"Article","@id":"https:\/\/lospoliticosveracruz.com\/?p=141454#article","isPartOf":{"@id":"https:\/\/lospoliticosveracruz.com\/?p=141454"},"author":{"name":"Lo viste en Los Pol\u00edticos","@id":"https:\/\/lospoliticosveracruz.com\/#\/schema\/person\/b8702bb0e538456e6efd07080bf2a4a2"},"headline":"VERACRUZ: DA\u00d1OS ESTRUCTURALES DE ESTADO","datePublished":"2025-04-07T03:27:39+00:00","dateModified":"2025-04-07T03:27:46+00:00","mainEntityOfPage":{"@id":"https:\/\/lospoliticosveracruz.com\/?p=141454"},"wordCount":720,"publisher":{"@id":"https:\/\/lospoliticosveracruz.com\/#organization"},"image":{"@id":"https:\/\/lospoliticosveracruz.com\/?p=141454#primaryimage"},"thumbnailUrl":"https:\/\/lospoliticosveracruz.com\/wp-content\/uploads\/2025\/04\/Jose-Luis-Ortega-Vidal.jpg","keywords":["Jos\u00e9 Luis Ortega Vidal"],"articleSection":["De Opini\u00f3n"],"inLanguage":"es"},{"@type":"WebPage","@id":"https:\/\/lospoliticosveracruz.com\/?p=141454","url":"https:\/\/lospoliticosveracruz.com\/?p=141454","name":"VERACRUZ: DA\u00d1OS ESTRUCTURALES DE ESTADO - Los pol\u00edticos Veracruz","isPartOf":{"@id":"https:\/\/lospoliticosveracruz.com\/#website"},"primaryImageOfPage":{"@id":"https:\/\/lospoliticosveracruz.com\/?p=141454#primaryimage"},"image":{"@id":"https:\/\/lospoliticosveracruz.com\/?p=141454#primaryimage"},"thumbnailUrl":"https:\/\/lospoliticosveracruz.com\/wp-content\/uploads\/2025\/04\/Jose-Luis-Ortega-Vidal.jpg","datePublished":"2025-04-07T03:27:39+00:00","dateModified":"2025-04-07T03:27:46+00:00","breadcrumb":{"@id":"https:\/\/lospoliticosveracruz.com\/?p=141454#breadcrumb"},"inLanguage":"es","potentialAction":[{"@type":"ReadAction","target":["https:\/\/lospoliticosveracruz.com\/?p=141454"]}]},{"@type":"ImageObject","inLanguage":"es","@id":"https:\/\/lospoliticosveracruz.com\/?p=141454#primaryimage","url":"https:\/\/lospoliticosveracruz.com\/wp-content\/uploads\/2025\/04\/Jose-Luis-Ortega-Vidal.jpg","contentUrl":"https:\/\/lospoliticosveracruz.com\/wp-content\/uploads\/2025\/04\/Jose-Luis-Ortega-Vidal.jpg","width":1250,"height":667},{"@type":"BreadcrumbList","@id":"https:\/\/lospoliticosveracruz.com\/?p=141454#breadcrumb","itemListElement":[{"@type":"ListItem","position":1,"name":"Portada","item":"https:\/\/lospoliticosveracruz.com\/"},{"@type":"ListItem","position":2,"name":"VERACRUZ: DA\u00d1OS ESTRUCTURALES DE ESTADO"}]},{"@type":"WebSite","@id":"https:\/\/lospoliticosveracruz.com\/#website","url":"https:\/\/lospoliticosveracruz.com\/","name":"Los pol\u00edticos Veracruz","description":"","publisher":{"@id":"https:\/\/lospoliticosveracruz.com\/#organization"},"potentialAction":[{"@type":"SearchAction","target":{"@type":"EntryPoint","urlTemplate":"https:\/\/lospoliticosveracruz.com\/?s={search_term_string}"},"query-input":{"@type":"PropertyValueSpecification","valueRequired":true,"valueName":"search_term_string"}}],"inLanguage":"es"},{"@type":"Organization","@id":"https:\/\/lospoliticosveracruz.com\/#organization","name":"Los pol\u00edticos Veracruz","url":"https:\/\/lospoliticosveracruz.com\/","logo":{"@type":"ImageObject","inLanguage":"es","@id":"https:\/\/lospoliticosveracruz.com\/#\/schema\/logo\/image\/","url":"https:\/\/lospoliticosveracruz.com\/wp-content\/uploads\/2025\/12\/Logo-Nuevo-LOS-POLITICOS-1.jpg","contentUrl":"https:\/\/lospoliticosveracruz.com\/wp-content\/uploads\/2025\/12\/Logo-Nuevo-LOS-POLITICOS-1.jpg","width":260,"height":70,"caption":"Los pol\u00edticos Veracruz"},"image":{"@id":"https:\/\/lospoliticosveracruz.com\/#\/schema\/logo\/image\/"},"sameAs":["https:\/\/www.facebook.com\/people\/Notimemes-de-los-Polticos\/61565672886568\/","https:\/\/x.com\/LosPoliticosVer"]},{"@type":"Person","@id":"https:\/\/lospoliticosveracruz.com\/#\/schema\/person\/b8702bb0e538456e6efd07080bf2a4a2","name":"Lo viste en Los Pol\u00edticos","image":{"@type":"ImageObject","inLanguage":"es","@id":"https:\/\/secure.gravatar.com\/avatar\/3a8de04a2656d44082be478bd6c086daa447c4651605818287b9532d3d0bd435?s=96&d=mm&r=g","url":"https:\/\/secure.gravatar.com\/avatar\/3a8de04a2656d44082be478bd6c086daa447c4651605818287b9532d3d0bd435?s=96&d=mm&r=g","contentUrl":"https:\/\/secure.gravatar.com\/avatar\/3a8de04a2656d44082be478bd6c086daa447c4651605818287b9532d3d0bd435?s=96&d=mm&r=g","caption":"Lo viste en Los Pol\u00edticos"},"url":"https:\/\/lospoliticosveracruz.com\/?author=2"}]}},"_links":{"self":[{"href":"https:\/\/lospoliticosveracruz.com\/index.php?rest_route=\/wp\/v2\/posts\/141454","targetHints":{"allow":["GET"]}}],"collection":[{"href":"https:\/\/lospoliticosveracruz.com\/index.php?rest_route=\/wp\/v2\/posts"}],"about":[{"href":"https:\/\/lospoliticosveracruz.com\/index.php?rest_route=\/wp\/v2\/types\/post"}],"author":[{"embeddable":true,"href":"https:\/\/lospoliticosveracruz.com\/index.php?rest_route=\/wp\/v2\/users\/2"}],"replies":[{"embeddable":true,"href":"https:\/\/lospoliticosveracruz.com\/index.php?rest_route=%2Fwp%2Fv2%2Fcomments&post=141454"}],"version-history":[{"count":1,"href":"https:\/\/lospoliticosveracruz.com\/index.php?rest_route=\/wp\/v2\/posts\/141454\/revisions"}],"predecessor-version":[{"id":141455,"href":"https:\/\/lospoliticosveracruz.com\/index.php?rest_route=\/wp\/v2\/posts\/141454\/revisions\/141455"}],"wp:featuredmedia":[{"embeddable":true,"href":"https:\/\/lospoliticosveracruz.com\/index.php?rest_route=\/wp\/v2\/media\/141392"}],"wp:attachment":[{"href":"https:\/\/lospoliticosveracruz.com\/index.php?rest_route=%2Fwp%2Fv2%2Fmedia&parent=141454"}],"wp:term":[{"taxonomy":"category","embeddable":true,"href":"https:\/\/lospoliticosveracruz.com\/index.php?rest_route=%2Fwp%2Fv2%2Fcategories&post=141454"},{"taxonomy":"post_tag","embeddable":true,"href":"https:\/\/lospoliticosveracruz.com\/index.php?rest_route=%2Fwp%2Fv2%2Ftags&post=141454"}],"curies":[{"name":"wp","href":"https:\/\/api.w.org\/{rel}","templated":true}]}}