{"id":141456,"date":"2025-04-06T22:31:33","date_gmt":"2025-04-07T03:31:33","guid":{"rendered":"https:\/\/lospoliticosveracruz.com.mx\/?p=141456"},"modified":"2025-04-06T22:31:39","modified_gmt":"2025-04-07T03:31:39","slug":"mc-vs-ahued","status":"publish","type":"post","link":"https:\/\/lospoliticosveracruz.com\/?p=141456","title":{"rendered":"MC VS AHUED"},"content":{"rendered":"\n<p><\/p>\n\n\n\n<p><\/p>\n\n\n\n<p><a><\/a><a href=\"https:\/\/whatsapp.com\/channel\/0029Va8zRWlEKyZIP3Z1dF0e\"><strong>\u2002\u2002<\/strong><strong>\u00da<\/strong><strong>NETE A NUESTRO CANAL<\/strong><strong><\/strong><\/a><\/p>\n\n\n\n<p>\u00a1<a href=\"https:\/\/whatsapp.com\/channel\/0029Va8zRWlEKyZIP3Z1dF0e\"><strong>LOS POL\u00cdTICOS VERACRUZ<\/strong><\/a> ya est\u00e1 en WhatsApp!<\/p>\n\n\n\n<p><br><strong>Ricardo Chua<br><\/strong><em>Sale y Vale<br><\/em>.Todo parece que esa presunta alianza, gestionada en altas esferas del poder, entre Movimiento Ciudadano y el gobierno del Estado de Veracruz, que es de MORENA.. Tiene sus conflictos.. Ya que dicen en \u00abjarochilandia\u00bb que cuando te afectan en lo tuyo, ah\u00ed es cuando \u00abse chilla\u00bb.. Y eso pasa con el partido que fundara Dante Delgado.. Ya que en esta elecci\u00f3n a alcaldes a realizarse el 1 de junio, MC menciona que 10 de sus candidatos a presidentes municipales, han sido amenazados o intimidados.. Mientras el gobierno local dice que no hay \u00abfocos rojos\u00bb..<\/p>\n\n\n\n<p>Desde hace tiempo el dirigente estatal de este organismo \u00abnaranja\u00bb, Luis Carbonell de la Hoz, fue el primero de todos que se\u00f1al\u00f3 que el Estado presentaba \u00abfocos rojos\u00bb por los hechos de violencia y que le ped\u00eda al mismo gobierno estatal, que garantizara la seguridad de sus candidatos y que se llevar\u00e1 a cabo un proceso electoral sin problemas de inseguridad y violencia.. Luego el PT hizo lo mismo, tanto as\u00ed que 2 candidatos ya postulados por este partido, se bajaron de la contienda por presuntas amenazas.. Al PVEM le asesinaron a un diputado federal y le acribillaron un candidato a la alcald\u00eda de Paso del Macho..<\/p>\n\n\n\n<p>Hasta el mismo MORENA sufri\u00f3 de esos efectos de la inseguridad, cuando el pasado viernes la candidata de Cosoleacaque a la alcald\u00eda por este partido, Elv\u00eda Merl\u00edn Castro, nutri\u00f3loga de profesi\u00f3n, anunci\u00f3 su retiro de la candidatura por presuntas amenazas en su contra.. Y ayer en Veracruz puerto, MC volvi\u00f3 a arremeter con el mismo tema.. Tanto as\u00ed que dijo que el OPLE ya ten\u00eda las denuncias correspondientes.. De nuevo estos se\u00f1alamientos vinieron de la voz de Luis Carbonell.. Cuyo partido lleva ya 5 candidatos que tambi\u00e9n se han retirado de este proceso electoral.. Tienen miedo y saben que el Estado no les garantiza nada..<\/p>\n\n\n\n<p>Esto a pesar de que el propio secretario de Gobierno de Veracruz, Ricardo Ahued, sali\u00f3 al quite a negar que haya \u00abfocos rojos\u00bb de violencia en Veracruz.. Cuando en los \u00faltimos d\u00edas, han acribillado a polic\u00edas en el norte del Estado y han sucedido secuestros y delitos de alto impacto en la entidad.. Que eso enrarece el proceso electoral.. As\u00ed que pese a sus declaraciones que todo aquel candidato que tenga temor o sea amedrentado puede pedir seguridad y que el Estado les garantiza a quien lo solicite.. Al parecer, pues, los partidos no est\u00e1n creyendo en su palabra.. Al menos MC no.. Hasta el PT de Manuel Huerta tampoco.. As\u00ed de canijo..<\/p>\n\n\n\n<p><strong>REFLEXI\u00d3N<\/strong>.. Dentro de MORENA en Veracruz.. Hay quien se\u00f1ala que para desgracia de la gobernadora Roc\u00edo Nahle, en su gabinete, no tiene un personaje del estilo de Eric Cisneros Burgos.. Detestado al interior de MORENA.. Pero que le mantuvo la calma a Cuitl\u00e1huac Garc\u00eda en la elecci\u00f3n del 2021.. Consideran que Ricardo Ahued, no es un secretario de Gobierno para tiempos de \u00abtempestades\u00bb.. Ahued es un administrador, pero NO un operador pol\u00edtico.. Es el que mejor imagen p\u00fablica tiene en el gobierno estatal.. Nadie le compite en eso.. Pero NO es un operador y lo que Nahle necesita es eso, un operador.. Qui\u00e9n lo dir\u00eda.. Que en MORENA extra\u00f1en a Patrocinio.. SIN PALABRAS<\/p>\n\n\n\n<p><strong>EL OPERADOR DE ZARRABAL..<\/strong> El personaje en Boca del R\u00edo que se ha destacado en los \u00faltimos meses dentro de Movimiento Ciudadano.. Tanto as\u00ed que se est\u00e1 convirtiendo en uno de los principales operadores del ahora candidato a la alcald\u00eda boque\u00f1a por este partido, Ra\u00fal Zarrabal Ferat, es sin duda, Pablo Caballero P\u00e9rez.. Quien tambi\u00e9n busc\u00f3 ser aspirante a la alcald\u00eda, pero se disciplin\u00f3 a la decisi\u00f3n de su organismo para que Zarrabal, se quedar\u00e1 como el candidato oficial.. Lejos de \u00abromper\u00bb o molestarse por esa postulaci\u00f3n.. Act\u00fao como un estadista y se sum\u00f3 a la campa\u00f1a del ahora aspirante del partido \u00abnaranja\u00bb..<\/p>\n\n\n\n<p>Caballero se puso a trabajar con Zarrabal, desde el momento que le dijeron que el designado ser\u00eda el ex diputado local.. No tuvo empacho en caminar con \u00e9l, todos los sitios donde \u00e9l ya hab\u00eda hecho compromisos con la militancia boque\u00f1a.. Y las puso a las \u00f3rdenes del hoy candidato.. Por ese trabajo y esa operatividad, MC hizo que a Pablo Caballero lo registraran como regidor segundo en esa planilla.. Lo cual le da amplias posibilidades de integrar el pr\u00f3ximo cabildo municipal, gane o pierda el partido \u00abNaranja\u00bb la alcald\u00eda.. Ya que en un mal escenario en Boca del R\u00edo, se estima que MC se quede con dos regidur\u00edas..<\/p>\n\n\n\n<p>Sobre todo porque MORENA en Boca del R\u00edo, no ha levantado las expectativas que se esperaban en este municipio.. Y se confirma cada vez m\u00e1s, lo comentado en esta columna, que MC con Ra\u00fal Zarrabal le quita votos a MORENA y lo que queda del PRI, que al PAN.. Por esa raz\u00f3n, los \u00abnaranjas\u00bb pueden tener una regidur\u00eda m\u00e1s en un escenario muy adverso.. Pero ahora ya todo depende de Caballero que camine con m\u00e1s ganas en Boca del R\u00edo de la mano de Zarrabal para conseguir m\u00e1s votos.. Y, quiz\u00e1s, eso lo lleve a posicionarse m\u00e1s, pensando ya en el 2027.. La pol\u00edtica no es, se va haciendo.. Tal como los adoctrina Dante Delgado a todos los \u00abnaranjas\u00bb.. AMEN.<\/p>\n\n\n\n<p>PD.. Al interior del partido MORENA muchos simpatizantes y militantes boque\u00f1os se est\u00e1n preguntando.. Si apoyar a Ra\u00fal Zarrabal y MC, les puede dar el mismo efecto que en 2018 le dio a Cuitl\u00e1huac Garc\u00eda en la elecci\u00f3n a gobernador, que los priistas que vieron que a Pepe Yunes no le iba a alcanzar para ganar, mejor apoyaron a Cuitl\u00e1huac para evitar que ganara Miguel \u00c1ngel Yunes M\u00e1rquez.. La apuesta, les sali\u00f3, Miguel junior perdi\u00f3.. Ahora ven que a lo mejor con MORENA no les alcanza.. Se ir\u00edan con Zarrabal para evitar que gane el PAN.. \u00bfLos Morenos se atrever\u00e1n a irse al \u00abnaranja\u00bb?.. \u00bfY les saldr\u00e1 la jugada?.. LOS JUGADORES CAMBIAN, EL JUEGO NO..<\/p>\n","protected":false},"excerpt":{"rendered":"<p>\u2002\u2002\u00daNETE A NUESTRO CANAL \u00a1LOS POL\u00cdTICOS VERACRUZ ya est\u00e1 en WhatsApp! Ricardo ChuaSale y Vale.Todo parece que esa presunta alianza, gestionada en altas esferas del poder, entre Movimiento Ciudadano y el gobierno del Estado de Veracruz, que es de MORENA.. Tiene sus conflictos.. Ya que dicen en \u00abjarochilandia\u00bb que cuando te afectan en lo tuyo, [&hellip;]<\/p>\n","protected":false},"author":2,"featured_media":141434,"comment_status":"closed","ping_status":"closed","sticky":false,"template":"","format":"standard","meta":{"tdm_status":"","tdm_grid_status":"","footnotes":""},"categories":[70],"tags":[1026,2327,4313,28660],"class_list":{"0":"post-141456","1":"post","2":"type-post","3":"status-publish","4":"format-standard","5":"has-post-thumbnail","7":"category-de-opinion","8":"tag-morena","9":"tag-movimiento-ciudadano","10":"tag-raul-zarrabal-ferat","11":"tag-ricardo-chua-2"},"yoast_head":"<!-- This site is optimized with the Yoast SEO plugin v27.4 - https:\/\/yoast.com\/product\/yoast-seo-wordpress\/ -->\n<title>MC VS AHUED - Los pol\u00edticos Veracruz<\/title>\n<meta name=\"robots\" content=\"index, follow, max-snippet:-1, max-image-preview:large, max-video-preview:-1\" \/>\n<link rel=\"canonical\" href=\"https:\/\/lospoliticosveracruz.com\/?p=141456\" \/>\n<meta property=\"og:locale\" content=\"es_ES\" \/>\n<meta property=\"og:type\" content=\"article\" \/>\n<meta property=\"og:title\" content=\"MC VS AHUED - Los pol\u00edticos Veracruz\" \/>\n<meta property=\"og:description\" content=\"\u2002\u2002\u00daNETE A NUESTRO CANAL \u00a1LOS POL\u00cdTICOS VERACRUZ ya est\u00e1 en WhatsApp! Ricardo ChuaSale y Vale.Todo parece que esa presunta alianza, gestionada en altas esferas del poder, entre Movimiento Ciudadano y el gobierno del Estado de Veracruz, que es de MORENA.. Tiene sus conflictos.. Ya que dicen en \u00abjarochilandia\u00bb que cuando te afectan en lo tuyo, [&hellip;]\" \/>\n<meta property=\"og:url\" content=\"https:\/\/lospoliticosveracruz.com\/?p=141456\" \/>\n<meta property=\"og:site_name\" content=\"Los pol\u00edticos Veracruz\" \/>\n<meta property=\"article:publisher\" content=\"https:\/\/www.facebook.com\/people\/Notimemes-de-los-Polticos\/61565672886568\/\" \/>\n<meta property=\"article:published_time\" content=\"2025-04-07T03:31:33+00:00\" \/>\n<meta property=\"article:modified_time\" content=\"2025-04-07T03:31:39+00:00\" \/>\n<meta property=\"og:image\" content=\"https:\/\/lospoliticosveracruz.com\/wp-content\/uploads\/2025\/04\/Chua-e1761364658706.jpg\" \/>\n\t<meta property=\"og:image:width\" content=\"600\" \/>\n\t<meta property=\"og:image:height\" content=\"320\" \/>\n\t<meta property=\"og:image:type\" content=\"image\/jpeg\" \/>\n<meta name=\"author\" content=\"Lo viste en Los Pol\u00edticos\" \/>\n<meta name=\"twitter:card\" content=\"summary_large_image\" \/>\n<meta name=\"twitter:creator\" content=\"@LosPoliticosVer\" \/>\n<meta name=\"twitter:site\" content=\"@LosPoliticosVer\" \/>\n<meta name=\"twitter:label1\" content=\"Escrito por\" \/>\n\t<meta name=\"twitter:data1\" content=\"Lo viste en Los Pol\u00edticos\" \/>\n\t<meta name=\"twitter:label2\" content=\"Tiempo de lectura\" \/>\n\t<meta name=\"twitter:data2\" content=\"5 minutos\" \/>\n<script type=\"application\/ld+json\" class=\"yoast-schema-graph\">{\"@context\":\"https:\\\/\\\/schema.org\",\"@graph\":[{\"@type\":\"Article\",\"@id\":\"https:\\\/\\\/lospoliticosveracruz.com\\\/?p=141456#article\",\"isPartOf\":{\"@id\":\"https:\\\/\\\/lospoliticosveracruz.com\\\/?p=141456\"},\"author\":{\"name\":\"Lo viste en Los Pol\u00edticos\",\"@id\":\"https:\\\/\\\/lospoliticosveracruz.com\\\/#\\\/schema\\\/person\\\/b8702bb0e538456e6efd07080bf2a4a2\"},\"headline\":\"MC VS AHUED\",\"datePublished\":\"2025-04-07T03:31:33+00:00\",\"dateModified\":\"2025-04-07T03:31:39+00:00\",\"mainEntityOfPage\":{\"@id\":\"https:\\\/\\\/lospoliticosveracruz.com\\\/?p=141456\"},\"wordCount\":1058,\"publisher\":{\"@id\":\"https:\\\/\\\/lospoliticosveracruz.com\\\/#organization\"},\"image\":{\"@id\":\"https:\\\/\\\/lospoliticosveracruz.com\\\/?p=141456#primaryimage\"},\"thumbnailUrl\":\"https:\\\/\\\/lospoliticosveracruz.com\\\/wp-content\\\/uploads\\\/2025\\\/04\\\/Chua-e1761364658706.jpg\",\"keywords\":[\"Morena\",\"Movimiento Ciudadano\",\"Ra\u00fal Zarrabal Ferat\",\"Ricardo Chua\"],\"articleSection\":[\"De Opini\u00f3n\"],\"inLanguage\":\"es\"},{\"@type\":\"WebPage\",\"@id\":\"https:\\\/\\\/lospoliticosveracruz.com\\\/?p=141456\",\"url\":\"https:\\\/\\\/lospoliticosveracruz.com\\\/?p=141456\",\"name\":\"MC VS AHUED - Los pol\u00edticos Veracruz\",\"isPartOf\":{\"@id\":\"https:\\\/\\\/lospoliticosveracruz.com\\\/#website\"},\"primaryImageOfPage\":{\"@id\":\"https:\\\/\\\/lospoliticosveracruz.com\\\/?p=141456#primaryimage\"},\"image\":{\"@id\":\"https:\\\/\\\/lospoliticosveracruz.com\\\/?p=141456#primaryimage\"},\"thumbnailUrl\":\"https:\\\/\\\/lospoliticosveracruz.com\\\/wp-content\\\/uploads\\\/2025\\\/04\\\/Chua-e1761364658706.jpg\",\"datePublished\":\"2025-04-07T03:31:33+00:00\",\"dateModified\":\"2025-04-07T03:31:39+00:00\",\"breadcrumb\":{\"@id\":\"https:\\\/\\\/lospoliticosveracruz.com\\\/?p=141456#breadcrumb\"},\"inLanguage\":\"es\",\"potentialAction\":[{\"@type\":\"ReadAction\",\"target\":[\"https:\\\/\\\/lospoliticosveracruz.com\\\/?p=141456\"]}]},{\"@type\":\"ImageObject\",\"inLanguage\":\"es\",\"@id\":\"https:\\\/\\\/lospoliticosveracruz.com\\\/?p=141456#primaryimage\",\"url\":\"https:\\\/\\\/lospoliticosveracruz.com\\\/wp-content\\\/uploads\\\/2025\\\/04\\\/Chua-e1761364658706.jpg\",\"contentUrl\":\"https:\\\/\\\/lospoliticosveracruz.com\\\/wp-content\\\/uploads\\\/2025\\\/04\\\/Chua-e1761364658706.jpg\",\"width\":600,\"height\":320},{\"@type\":\"BreadcrumbList\",\"@id\":\"https:\\\/\\\/lospoliticosveracruz.com\\\/?p=141456#breadcrumb\",\"itemListElement\":[{\"@type\":\"ListItem\",\"position\":1,\"name\":\"Portada\",\"item\":\"https:\\\/\\\/lospoliticosveracruz.com\\\/\"},{\"@type\":\"ListItem\",\"position\":2,\"name\":\"MC VS AHUED\"}]},{\"@type\":\"WebSite\",\"@id\":\"https:\\\/\\\/lospoliticosveracruz.com\\\/#website\",\"url\":\"https:\\\/\\\/lospoliticosveracruz.com\\\/\",\"name\":\"Los pol\u00edticos Veracruz\",\"description\":\"\",\"publisher\":{\"@id\":\"https:\\\/\\\/lospoliticosveracruz.com\\\/#organization\"},\"potentialAction\":[{\"@type\":\"SearchAction\",\"target\":{\"@type\":\"EntryPoint\",\"urlTemplate\":\"https:\\\/\\\/lospoliticosveracruz.com\\\/?s={search_term_string}\"},\"query-input\":{\"@type\":\"PropertyValueSpecification\",\"valueRequired\":true,\"valueName\":\"search_term_string\"}}],\"inLanguage\":\"es\"},{\"@type\":\"Organization\",\"@id\":\"https:\\\/\\\/lospoliticosveracruz.com\\\/#organization\",\"name\":\"Los pol\u00edticos Veracruz\",\"url\":\"https:\\\/\\\/lospoliticosveracruz.com\\\/\",\"logo\":{\"@type\":\"ImageObject\",\"inLanguage\":\"es\",\"@id\":\"https:\\\/\\\/lospoliticosveracruz.com\\\/#\\\/schema\\\/logo\\\/image\\\/\",\"url\":\"https:\\\/\\\/lospoliticosveracruz.com\\\/wp-content\\\/uploads\\\/2025\\\/12\\\/Logo-Nuevo-LOS-POLITICOS-1.jpg\",\"contentUrl\":\"https:\\\/\\\/lospoliticosveracruz.com\\\/wp-content\\\/uploads\\\/2025\\\/12\\\/Logo-Nuevo-LOS-POLITICOS-1.jpg\",\"width\":260,\"height\":70,\"caption\":\"Los pol\u00edticos Veracruz\"},\"image\":{\"@id\":\"https:\\\/\\\/lospoliticosveracruz.com\\\/#\\\/schema\\\/logo\\\/image\\\/\"},\"sameAs\":[\"https:\\\/\\\/www.facebook.com\\\/people\\\/Notimemes-de-los-Polticos\\\/61565672886568\\\/\",\"https:\\\/\\\/x.com\\\/LosPoliticosVer\"]},{\"@type\":\"Person\",\"@id\":\"https:\\\/\\\/lospoliticosveracruz.com\\\/#\\\/schema\\\/person\\\/b8702bb0e538456e6efd07080bf2a4a2\",\"name\":\"Lo viste en Los Pol\u00edticos\",\"image\":{\"@type\":\"ImageObject\",\"inLanguage\":\"es\",\"@id\":\"https:\\\/\\\/secure.gravatar.com\\\/avatar\\\/3a8de04a2656d44082be478bd6c086daa447c4651605818287b9532d3d0bd435?s=96&d=mm&r=g\",\"url\":\"https:\\\/\\\/secure.gravatar.com\\\/avatar\\\/3a8de04a2656d44082be478bd6c086daa447c4651605818287b9532d3d0bd435?s=96&d=mm&r=g\",\"contentUrl\":\"https:\\\/\\\/secure.gravatar.com\\\/avatar\\\/3a8de04a2656d44082be478bd6c086daa447c4651605818287b9532d3d0bd435?s=96&d=mm&r=g\",\"caption\":\"Lo viste en Los Pol\u00edticos\"},\"url\":\"https:\\\/\\\/lospoliticosveracruz.com\\\/?author=2\"}]}<\/script>\n<!-- \/ Yoast SEO plugin. -->","yoast_head_json":{"title":"MC VS AHUED - Los pol\u00edticos Veracruz","robots":{"index":"index","follow":"follow","max-snippet":"max-snippet:-1","max-image-preview":"max-image-preview:large","max-video-preview":"max-video-preview:-1"},"canonical":"https:\/\/lospoliticosveracruz.com\/?p=141456","og_locale":"es_ES","og_type":"article","og_title":"MC VS AHUED - Los pol\u00edticos Veracruz","og_description":"\u2002\u2002\u00daNETE A NUESTRO CANAL \u00a1LOS POL\u00cdTICOS VERACRUZ ya est\u00e1 en WhatsApp! Ricardo ChuaSale y Vale.Todo parece que esa presunta alianza, gestionada en altas esferas del poder, entre Movimiento Ciudadano y el gobierno del Estado de Veracruz, que es de MORENA.. Tiene sus conflictos.. Ya que dicen en \u00abjarochilandia\u00bb que cuando te afectan en lo tuyo, [&hellip;]","og_url":"https:\/\/lospoliticosveracruz.com\/?p=141456","og_site_name":"Los pol\u00edticos Veracruz","article_publisher":"https:\/\/www.facebook.com\/people\/Notimemes-de-los-Polticos\/61565672886568\/","article_published_time":"2025-04-07T03:31:33+00:00","article_modified_time":"2025-04-07T03:31:39+00:00","og_image":[{"width":600,"height":320,"url":"https:\/\/lospoliticosveracruz.com\/wp-content\/uploads\/2025\/04\/Chua-e1761364658706.jpg","type":"image\/jpeg"}],"author":"Lo viste en Los Pol\u00edticos","twitter_card":"summary_large_image","twitter_creator":"@LosPoliticosVer","twitter_site":"@LosPoliticosVer","twitter_misc":{"Escrito por":"Lo viste en Los Pol\u00edticos","Tiempo de lectura":"5 minutos"},"schema":{"@context":"https:\/\/schema.org","@graph":[{"@type":"Article","@id":"https:\/\/lospoliticosveracruz.com\/?p=141456#article","isPartOf":{"@id":"https:\/\/lospoliticosveracruz.com\/?p=141456"},"author":{"name":"Lo viste en Los Pol\u00edticos","@id":"https:\/\/lospoliticosveracruz.com\/#\/schema\/person\/b8702bb0e538456e6efd07080bf2a4a2"},"headline":"MC VS AHUED","datePublished":"2025-04-07T03:31:33+00:00","dateModified":"2025-04-07T03:31:39+00:00","mainEntityOfPage":{"@id":"https:\/\/lospoliticosveracruz.com\/?p=141456"},"wordCount":1058,"publisher":{"@id":"https:\/\/lospoliticosveracruz.com\/#organization"},"image":{"@id":"https:\/\/lospoliticosveracruz.com\/?p=141456#primaryimage"},"thumbnailUrl":"https:\/\/lospoliticosveracruz.com\/wp-content\/uploads\/2025\/04\/Chua-e1761364658706.jpg","keywords":["Morena","Movimiento Ciudadano","Ra\u00fal Zarrabal Ferat","Ricardo Chua"],"articleSection":["De Opini\u00f3n"],"inLanguage":"es"},{"@type":"WebPage","@id":"https:\/\/lospoliticosveracruz.com\/?p=141456","url":"https:\/\/lospoliticosveracruz.com\/?p=141456","name":"MC VS AHUED - Los pol\u00edticos Veracruz","isPartOf":{"@id":"https:\/\/lospoliticosveracruz.com\/#website"},"primaryImageOfPage":{"@id":"https:\/\/lospoliticosveracruz.com\/?p=141456#primaryimage"},"image":{"@id":"https:\/\/lospoliticosveracruz.com\/?p=141456#primaryimage"},"thumbnailUrl":"https:\/\/lospoliticosveracruz.com\/wp-content\/uploads\/2025\/04\/Chua-e1761364658706.jpg","datePublished":"2025-04-07T03:31:33+00:00","dateModified":"2025-04-07T03:31:39+00:00","breadcrumb":{"@id":"https:\/\/lospoliticosveracruz.com\/?p=141456#breadcrumb"},"inLanguage":"es","potentialAction":[{"@type":"ReadAction","target":["https:\/\/lospoliticosveracruz.com\/?p=141456"]}]},{"@type":"ImageObject","inLanguage":"es","@id":"https:\/\/lospoliticosveracruz.com\/?p=141456#primaryimage","url":"https:\/\/lospoliticosveracruz.com\/wp-content\/uploads\/2025\/04\/Chua-e1761364658706.jpg","contentUrl":"https:\/\/lospoliticosveracruz.com\/wp-content\/uploads\/2025\/04\/Chua-e1761364658706.jpg","width":600,"height":320},{"@type":"BreadcrumbList","@id":"https:\/\/lospoliticosveracruz.com\/?p=141456#breadcrumb","itemListElement":[{"@type":"ListItem","position":1,"name":"Portada","item":"https:\/\/lospoliticosveracruz.com\/"},{"@type":"ListItem","position":2,"name":"MC VS AHUED"}]},{"@type":"WebSite","@id":"https:\/\/lospoliticosveracruz.com\/#website","url":"https:\/\/lospoliticosveracruz.com\/","name":"Los pol\u00edticos Veracruz","description":"","publisher":{"@id":"https:\/\/lospoliticosveracruz.com\/#organization"},"potentialAction":[{"@type":"SearchAction","target":{"@type":"EntryPoint","urlTemplate":"https:\/\/lospoliticosveracruz.com\/?s={search_term_string}"},"query-input":{"@type":"PropertyValueSpecification","valueRequired":true,"valueName":"search_term_string"}}],"inLanguage":"es"},{"@type":"Organization","@id":"https:\/\/lospoliticosveracruz.com\/#organization","name":"Los pol\u00edticos Veracruz","url":"https:\/\/lospoliticosveracruz.com\/","logo":{"@type":"ImageObject","inLanguage":"es","@id":"https:\/\/lospoliticosveracruz.com\/#\/schema\/logo\/image\/","url":"https:\/\/lospoliticosveracruz.com\/wp-content\/uploads\/2025\/12\/Logo-Nuevo-LOS-POLITICOS-1.jpg","contentUrl":"https:\/\/lospoliticosveracruz.com\/wp-content\/uploads\/2025\/12\/Logo-Nuevo-LOS-POLITICOS-1.jpg","width":260,"height":70,"caption":"Los pol\u00edticos Veracruz"},"image":{"@id":"https:\/\/lospoliticosveracruz.com\/#\/schema\/logo\/image\/"},"sameAs":["https:\/\/www.facebook.com\/people\/Notimemes-de-los-Polticos\/61565672886568\/","https:\/\/x.com\/LosPoliticosVer"]},{"@type":"Person","@id":"https:\/\/lospoliticosveracruz.com\/#\/schema\/person\/b8702bb0e538456e6efd07080bf2a4a2","name":"Lo viste en Los Pol\u00edticos","image":{"@type":"ImageObject","inLanguage":"es","@id":"https:\/\/secure.gravatar.com\/avatar\/3a8de04a2656d44082be478bd6c086daa447c4651605818287b9532d3d0bd435?s=96&d=mm&r=g","url":"https:\/\/secure.gravatar.com\/avatar\/3a8de04a2656d44082be478bd6c086daa447c4651605818287b9532d3d0bd435?s=96&d=mm&r=g","contentUrl":"https:\/\/secure.gravatar.com\/avatar\/3a8de04a2656d44082be478bd6c086daa447c4651605818287b9532d3d0bd435?s=96&d=mm&r=g","caption":"Lo viste en Los Pol\u00edticos"},"url":"https:\/\/lospoliticosveracruz.com\/?author=2"}]}},"_links":{"self":[{"href":"https:\/\/lospoliticosveracruz.com\/index.php?rest_route=\/wp\/v2\/posts\/141456","targetHints":{"allow":["GET"]}}],"collection":[{"href":"https:\/\/lospoliticosveracruz.com\/index.php?rest_route=\/wp\/v2\/posts"}],"about":[{"href":"https:\/\/lospoliticosveracruz.com\/index.php?rest_route=\/wp\/v2\/types\/post"}],"author":[{"embeddable":true,"href":"https:\/\/lospoliticosveracruz.com\/index.php?rest_route=\/wp\/v2\/users\/2"}],"replies":[{"embeddable":true,"href":"https:\/\/lospoliticosveracruz.com\/index.php?rest_route=%2Fwp%2Fv2%2Fcomments&post=141456"}],"version-history":[{"count":1,"href":"https:\/\/lospoliticosveracruz.com\/index.php?rest_route=\/wp\/v2\/posts\/141456\/revisions"}],"predecessor-version":[{"id":141457,"href":"https:\/\/lospoliticosveracruz.com\/index.php?rest_route=\/wp\/v2\/posts\/141456\/revisions\/141457"}],"wp:featuredmedia":[{"embeddable":true,"href":"https:\/\/lospoliticosveracruz.com\/index.php?rest_route=\/wp\/v2\/media\/141434"}],"wp:attachment":[{"href":"https:\/\/lospoliticosveracruz.com\/index.php?rest_route=%2Fwp%2Fv2%2Fmedia&parent=141456"}],"wp:term":[{"taxonomy":"category","embeddable":true,"href":"https:\/\/lospoliticosveracruz.com\/index.php?rest_route=%2Fwp%2Fv2%2Fcategories&post=141456"},{"taxonomy":"post_tag","embeddable":true,"href":"https:\/\/lospoliticosveracruz.com\/index.php?rest_route=%2Fwp%2Fv2%2Ftags&post=141456"}],"curies":[{"name":"wp","href":"https:\/\/api.w.org\/{rel}","templated":true}]}}