{"id":141460,"date":"2025-04-07T07:14:11","date_gmt":"2025-04-07T12:14:11","guid":{"rendered":"https:\/\/lospoliticosveracruz.com.mx\/?p=141460"},"modified":"2025-04-07T07:14:28","modified_gmt":"2025-04-07T12:14:28","slug":"avalancha-de-impugnaciones","status":"publish","type":"post","link":"https:\/\/lospoliticosveracruz.com\/?p=141460","title":{"rendered":"AVALANCHA DE IMPUGNACIONES"},"content":{"rendered":"\n<p>[S\u00edguenos ahora tambi\u00e9n en WhatsApp.\u00a0<a href=\"https:\/\/whatsapp.com\/channel\/0029Va8zRWlEKyZIP3Z1dF0e\"><strong><em>Da clic aqu\u00ed<\/em><\/strong><\/a>]\u00a0<br><strong>Fanny Y\u00e9pez<\/strong><br><em>La Columna<\/em><\/p>\n\n\n\n<p>Los 11 mil 984 ciudadanos que aspiran a un cargo de ediles, (propietarios y suplentes), en los 212 municipios del estado de Veracruz, no deben echar las campanas al vuelo, porque su participaci\u00f3n est\u00e1 siendo revisada con lupa por el Organismo P\u00fablico Local Electoral del Estado de Veracruz, (OPLE), despu\u00e9s de la aprobaci\u00f3n del acuerdo del Consejo General sobre la integraci\u00f3n de las planillas tienen 4 d\u00edas para impugnar.<\/p>\n\n\n\n<p>La aprobaci\u00f3n de las planillas se llevar\u00e1 a cabo en sesi\u00f3n que se convocar\u00e1 para antes del 14 de abril, y a partir de esa fecha, los interesados tienen hasta cuatro d\u00edas para impugnar a los alcaldes, s\u00edndicos y regidores que registraron en tiempo y forma los seis partidos pol\u00edticos, con presencia en la entidad veracruzana. En resumen, ser\u00e1 hasta el pr\u00f3ximo 18 cuando el Consejo General del Ople d\u00e9 a conocer el resultado de la revisi\u00f3n.<\/p>\n\n\n\n<p>Cabe se\u00f1alar que pueden impugnar, sobre todo los militantes excluidos de un partido, a quienes dejaron fuera en los registros (que es lo m\u00e1s com\u00fan); porque un partido puede impugnar que otra fuerza incumpli\u00f3 las obligaciones de postular, atendiendo a la equidad de g\u00e9nero, o por no atender las acciones afirmativas, etc.<\/p>\n\n\n\n<p>Es importante se\u00f1alar que el \u00e1rbitro de la contienda cruzar\u00e1 informaci\u00f3n con el judicial estatal y federal, para revisar que los aspirantes a ediles no est\u00e9n enfrentando problemas con la justicia.<\/p>\n\n\n\n<p>A partir de la noche de este domingo hay un plazo de 3 d\u00edas para requerir a los partidos y que subsanen omisiones en sus papeles, por lo que hay que esperar este periodo para tener n\u00fameros consistentes del total de registros<\/p>\n\n\n\n<p>El pr\u00f3ximo 1 de junio la ciudadan\u00eda elegir\u00e1 mil 054 cargos de ediles para los 212 ayuntamientos: 212 presidentes, 212 sindicaturas y 630 regidur\u00edas.<\/p>\n\n\n\n<p>Los partidos pol\u00edticos con registro en la entidad: PAN, PT, PVEM, PRI, Morena y Movimiento Ciudadano presentaron su solicitud de registro de sus planillas ante el Organismo P\u00fablico Local Electoral (OPLE).<\/p>\n\n\n\n<p>El PAN, PRI, PT y Movimiento Ciudadano registrar\u00e1n 424 nombres para las presidencias municipales y 424 nombres para sindicaturas. Esto es, 212 personas propietarias y 212 suplentes por cada cargo.<\/p>\n\n\n\n<p>En esta gran efervescencia pol\u00edtica electoral, el presidente estatal de Movimiento Ciudadano en Veracruz, Luis Carbonell de la Hoz denuncio que m\u00e1s de 10 de sus candidatos han sido amenazados e intimidados, por lo cual presentaron las denuncias correspondientes ante el \u00f3rgano electoral (OPLE).<\/p>\n\n\n\n<p>Cuando unos funcionarios aseguran que no se han detectado focos rojos en la entidad, lo cierto es que al menos 5 aspirantes a las presidencias municipales en el estado de Veracruz por parte de Movimiento Ciudadano dejaron la contienda electoral debido a amenazas e intimidaciones se\u00f1al\u00f3 el l\u00edder estatal de Movimiento Ciudadano, Luis Carbonell de la Hoz.<\/p>\n\n\n\n<p>Tambi\u00e9n cabe recordar que las candidatas de Morena y PT en los municipios de Cosoleacaque y la Antigua, Elvia Merlin Castro y Anell Acevedo Ceballos, respectivamente renunciaron por amenazas.<\/p>\n\n\n\n<p>Con granjas de bots y falsos perfiles, \u00abinflan\u00bb a candidato de Morena en Jamapa<\/p>\n\n\n\n<p>Las perversas granjas de bots que el a\u00f1o pasado se pusieron en marcha contra la entonces candidata a la presidencia del pa\u00eds, Claudia Sheinbaum Pardo, ahora las retom\u00f3 el candidato de Morena en el municipio de Jamapa, Reynaldo Fern\u00e1ndez Ortiz.<\/p>\n\n\n\n<p>Resulta que activistas y especialistas en inform\u00e1tica denunciaron que en Veracruz se activ\u00f3 el uso de un \u201ctrollcenter\u201d o \u201cgranja de bots\u201d para alimentar mensajes a su favor y en contra de sus contrincantes y medios de comunicaci\u00f3n, mismos que se est\u00e1n publicando en Facebook.<\/p>\n\n\n\n<p>Sucede que, mediante falsos perfiles, inundan con \u00abLikes\u00bb las publicaciones de Reynaldo Fern\u00e1ndez -ahora apodado \u00abEl Rey de los Bots\u00bb- y con mensajes que alimentan su egocentrismo.<\/p>\n\n\n\n<p>Se aprecia la burda campa\u00f1a de bots con perfiles tienen su origen en Asia, donde se supone contrataron miles de mensajes a su favor y en contra de sus contrincantes; luego de su publicaci\u00f3n, algunos perfiles han sido eliminados, mientras que otros cambian su nombre, pensando que nadie los va a detectar.<\/p>\n\n\n\n<p>Nombres presuntamente vietnamitas como \u00abNguy\u1ec5n Th\u00e1i S\u01a1n\u00bb, \u00abHu\u1ef3nh Ki\u1ebfn Ng\u1ecdc\u00bb, \u00abHo\u00e0ng H\u1ea1 Cuc\u00bb y cientos de cuentas m\u00e1s, son los que se pueden encontrar en las publicaciones del candidato del partido guinda, quienquiera, puede entrar a la siguiente liga y verificarlo, aunque habr\u00e1 que hacerlo pronto antes que los borre.<br>https:\/\/www.facebook.com\/share\/p\/19QGNUU4Nn\/<\/p>\n\n\n\n<p>\u00abLo cierto es que los asi\u00e1ticos no votan en el municipio de Jamapa\u00bb, comentaron los j\u00f3venes que detectaron la burda estrategia digital de Reynaldo Fern\u00e1ndez.<\/p>\n\n\n\n<p>El iluso aspirante del partido guinda menospreci\u00f3 la capacidad de un grupo de j\u00f3venes activistas, que han capturado los cientos de mensajes y en base a estos testimonios presentar\u00e1n una denuncia, para que el INE y el OPLE investiguen cu\u00e1nto gast\u00f3 Reynaldo Fern\u00e1ndez en la contrataci\u00f3n de este \u201ctrollcenter\u201d o granjas de bots y lo tomen como gastos de precampa\u00f1a.<\/p>\n\n\n\n<p>Equipo que acompa\u00f1a a Nacho Luna, gente de trabajo y compromiso con Coatepec<\/p>\n\n\n\n<p>Tras darse a conocer quienes conforman la planilla de Nacho Luna, candidato de Morena a la presidencia municipal de Coatepec, se aprecia que todos son hombres y mujeres de trabajo, con historias de lucha y compromiso territorial.<\/p>\n\n\n\n<p>Morena sirve a las causas sociales y quien ha caminado al lado del pueblo lo sabe: este proyecto encabezado por Nacho Luna no lo dicta una \u00e9lite, lo construye la gente.<\/p>\n\n\n\n<p>En Coatepec se aprecia que no hay improvisaci\u00f3n ni capricho: hay un proyecto serio que nace del pueblo, camina con el pueblo y responde al pueblo.<\/p>\n\n\n\n<p>Nacho Luna y Morena representan la mejor opci\u00f3n con rumbo y ra\u00edz para el Pueblo de Coatepec.<\/p>\n","protected":false},"excerpt":{"rendered":"<p>[S\u00edguenos ahora tambi\u00e9n en WhatsApp.\u00a0Da clic aqu\u00ed]\u00a0Fanny Y\u00e9pezLa Columna Los 11 mil 984 ciudadanos que aspiran a un cargo de ediles, (propietarios y suplentes), en los 212 municipios del estado de Veracruz, no deben echar las campanas al vuelo, porque su participaci\u00f3n est\u00e1 siendo revisada con lupa por el Organismo P\u00fablico Local Electoral del Estado [&hellip;]<\/p>\n","protected":false},"author":2,"featured_media":141383,"comment_status":"closed","ping_status":"closed","sticky":false,"template":"","format":"standard","meta":{"tdm_status":"","tdm_grid_status":"","footnotes":""},"categories":[70],"tags":[277,11321,26406,2327,24638,43469],"class_list":{"0":"post-141460","1":"post","2":"type-post","3":"status-publish","4":"format-standard","5":"has-post-thumbnail","7":"category-de-opinion","8":"tag-coatepec","9":"tag-jamapa","10":"tag-luis-carbonell","11":"tag-movimiento-ciudadano","12":"tag-nacho-luna","13":"tag-reynaldo-fernandez-ortiz"},"yoast_head":"<!-- This site is optimized with the Yoast SEO plugin v27.4 - https:\/\/yoast.com\/product\/yoast-seo-wordpress\/ -->\n<title>AVALANCHA DE IMPUGNACIONES - Los pol\u00edticos Veracruz<\/title>\n<meta name=\"robots\" content=\"index, follow, max-snippet:-1, max-image-preview:large, max-video-preview:-1\" \/>\n<link rel=\"canonical\" href=\"https:\/\/lospoliticosveracruz.com\/?p=141460\" \/>\n<meta property=\"og:locale\" content=\"es_ES\" \/>\n<meta property=\"og:type\" content=\"article\" \/>\n<meta property=\"og:title\" content=\"AVALANCHA DE IMPUGNACIONES - Los pol\u00edticos Veracruz\" \/>\n<meta property=\"og:description\" content=\"[S\u00edguenos ahora tambi\u00e9n en WhatsApp.\u00a0Da clic aqu\u00ed]\u00a0Fanny Y\u00e9pezLa Columna Los 11 mil 984 ciudadanos que aspiran a un cargo de ediles, (propietarios y suplentes), en los 212 municipios del estado de Veracruz, no deben echar las campanas al vuelo, porque su participaci\u00f3n est\u00e1 siendo revisada con lupa por el Organismo P\u00fablico Local Electoral del Estado [&hellip;]\" \/>\n<meta property=\"og:url\" content=\"https:\/\/lospoliticosveracruz.com\/?p=141460\" \/>\n<meta property=\"og:site_name\" content=\"Los pol\u00edticos Veracruz\" \/>\n<meta property=\"article:publisher\" content=\"https:\/\/www.facebook.com\/people\/Notimemes-de-los-Polticos\/61565672886568\/\" \/>\n<meta property=\"article:published_time\" content=\"2025-04-07T12:14:11+00:00\" \/>\n<meta property=\"article:modified_time\" content=\"2025-04-07T12:14:28+00:00\" \/>\n<meta property=\"og:image\" content=\"https:\/\/lospoliticosveracruz.com\/wp-content\/uploads\/2025\/04\/Fanny-Yepez-Luna-e1768657334923.jpg\" \/>\n\t<meta property=\"og:image:width\" content=\"600\" \/>\n\t<meta property=\"og:image:height\" content=\"320\" \/>\n\t<meta property=\"og:image:type\" content=\"image\/jpeg\" \/>\n<meta name=\"author\" content=\"Lo viste en Los Pol\u00edticos\" \/>\n<meta name=\"twitter:card\" content=\"summary_large_image\" \/>\n<meta name=\"twitter:creator\" content=\"@LosPoliticosVer\" \/>\n<meta name=\"twitter:site\" content=\"@LosPoliticosVer\" \/>\n<meta name=\"twitter:label1\" content=\"Escrito por\" \/>\n\t<meta name=\"twitter:data1\" content=\"Lo viste en Los Pol\u00edticos\" \/>\n\t<meta name=\"twitter:label2\" content=\"Tiempo de lectura\" \/>\n\t<meta name=\"twitter:data2\" content=\"5 minutos\" \/>\n<script type=\"application\/ld+json\" class=\"yoast-schema-graph\">{\"@context\":\"https:\\\/\\\/schema.org\",\"@graph\":[{\"@type\":\"Article\",\"@id\":\"https:\\\/\\\/lospoliticosveracruz.com\\\/?p=141460#article\",\"isPartOf\":{\"@id\":\"https:\\\/\\\/lospoliticosveracruz.com\\\/?p=141460\"},\"author\":{\"name\":\"Lo viste en Los Pol\u00edticos\",\"@id\":\"https:\\\/\\\/lospoliticosveracruz.com\\\/#\\\/schema\\\/person\\\/b8702bb0e538456e6efd07080bf2a4a2\"},\"headline\":\"AVALANCHA DE IMPUGNACIONES\",\"datePublished\":\"2025-04-07T12:14:11+00:00\",\"dateModified\":\"2025-04-07T12:14:28+00:00\",\"mainEntityOfPage\":{\"@id\":\"https:\\\/\\\/lospoliticosveracruz.com\\\/?p=141460\"},\"wordCount\":994,\"publisher\":{\"@id\":\"https:\\\/\\\/lospoliticosveracruz.com\\\/#organization\"},\"image\":{\"@id\":\"https:\\\/\\\/lospoliticosveracruz.com\\\/?p=141460#primaryimage\"},\"thumbnailUrl\":\"https:\\\/\\\/lospoliticosveracruz.com\\\/wp-content\\\/uploads\\\/2025\\\/04\\\/Fanny-Yepez-Luna-e1768657334923.jpg\",\"keywords\":[\"Coatepec\",\"Jamapa\",\"Luis Carbonell\",\"Movimiento Ciudadano\",\"Nacho Luna\",\"Reynaldo Fern\u00e1ndez Ortiz\"],\"articleSection\":[\"De Opini\u00f3n\"],\"inLanguage\":\"es\"},{\"@type\":\"WebPage\",\"@id\":\"https:\\\/\\\/lospoliticosveracruz.com\\\/?p=141460\",\"url\":\"https:\\\/\\\/lospoliticosveracruz.com\\\/?p=141460\",\"name\":\"AVALANCHA DE IMPUGNACIONES - Los pol\u00edticos Veracruz\",\"isPartOf\":{\"@id\":\"https:\\\/\\\/lospoliticosveracruz.com\\\/#website\"},\"primaryImageOfPage\":{\"@id\":\"https:\\\/\\\/lospoliticosveracruz.com\\\/?p=141460#primaryimage\"},\"image\":{\"@id\":\"https:\\\/\\\/lospoliticosveracruz.com\\\/?p=141460#primaryimage\"},\"thumbnailUrl\":\"https:\\\/\\\/lospoliticosveracruz.com\\\/wp-content\\\/uploads\\\/2025\\\/04\\\/Fanny-Yepez-Luna-e1768657334923.jpg\",\"datePublished\":\"2025-04-07T12:14:11+00:00\",\"dateModified\":\"2025-04-07T12:14:28+00:00\",\"breadcrumb\":{\"@id\":\"https:\\\/\\\/lospoliticosveracruz.com\\\/?p=141460#breadcrumb\"},\"inLanguage\":\"es\",\"potentialAction\":[{\"@type\":\"ReadAction\",\"target\":[\"https:\\\/\\\/lospoliticosveracruz.com\\\/?p=141460\"]}]},{\"@type\":\"ImageObject\",\"inLanguage\":\"es\",\"@id\":\"https:\\\/\\\/lospoliticosveracruz.com\\\/?p=141460#primaryimage\",\"url\":\"https:\\\/\\\/lospoliticosveracruz.com\\\/wp-content\\\/uploads\\\/2025\\\/04\\\/Fanny-Yepez-Luna-e1768657334923.jpg\",\"contentUrl\":\"https:\\\/\\\/lospoliticosveracruz.com\\\/wp-content\\\/uploads\\\/2025\\\/04\\\/Fanny-Yepez-Luna-e1768657334923.jpg\",\"width\":600,\"height\":320},{\"@type\":\"BreadcrumbList\",\"@id\":\"https:\\\/\\\/lospoliticosveracruz.com\\\/?p=141460#breadcrumb\",\"itemListElement\":[{\"@type\":\"ListItem\",\"position\":1,\"name\":\"Portada\",\"item\":\"https:\\\/\\\/lospoliticosveracruz.com\\\/\"},{\"@type\":\"ListItem\",\"position\":2,\"name\":\"AVALANCHA DE IMPUGNACIONES\"}]},{\"@type\":\"WebSite\",\"@id\":\"https:\\\/\\\/lospoliticosveracruz.com\\\/#website\",\"url\":\"https:\\\/\\\/lospoliticosveracruz.com\\\/\",\"name\":\"Los pol\u00edticos Veracruz\",\"description\":\"\",\"publisher\":{\"@id\":\"https:\\\/\\\/lospoliticosveracruz.com\\\/#organization\"},\"potentialAction\":[{\"@type\":\"SearchAction\",\"target\":{\"@type\":\"EntryPoint\",\"urlTemplate\":\"https:\\\/\\\/lospoliticosveracruz.com\\\/?s={search_term_string}\"},\"query-input\":{\"@type\":\"PropertyValueSpecification\",\"valueRequired\":true,\"valueName\":\"search_term_string\"}}],\"inLanguage\":\"es\"},{\"@type\":\"Organization\",\"@id\":\"https:\\\/\\\/lospoliticosveracruz.com\\\/#organization\",\"name\":\"Los pol\u00edticos Veracruz\",\"url\":\"https:\\\/\\\/lospoliticosveracruz.com\\\/\",\"logo\":{\"@type\":\"ImageObject\",\"inLanguage\":\"es\",\"@id\":\"https:\\\/\\\/lospoliticosveracruz.com\\\/#\\\/schema\\\/logo\\\/image\\\/\",\"url\":\"https:\\\/\\\/lospoliticosveracruz.com\\\/wp-content\\\/uploads\\\/2025\\\/12\\\/Logo-Nuevo-LOS-POLITICOS-1.jpg\",\"contentUrl\":\"https:\\\/\\\/lospoliticosveracruz.com\\\/wp-content\\\/uploads\\\/2025\\\/12\\\/Logo-Nuevo-LOS-POLITICOS-1.jpg\",\"width\":260,\"height\":70,\"caption\":\"Los pol\u00edticos Veracruz\"},\"image\":{\"@id\":\"https:\\\/\\\/lospoliticosveracruz.com\\\/#\\\/schema\\\/logo\\\/image\\\/\"},\"sameAs\":[\"https:\\\/\\\/www.facebook.com\\\/people\\\/Notimemes-de-los-Polticos\\\/61565672886568\\\/\",\"https:\\\/\\\/x.com\\\/LosPoliticosVer\"]},{\"@type\":\"Person\",\"@id\":\"https:\\\/\\\/lospoliticosveracruz.com\\\/#\\\/schema\\\/person\\\/b8702bb0e538456e6efd07080bf2a4a2\",\"name\":\"Lo viste en Los Pol\u00edticos\",\"image\":{\"@type\":\"ImageObject\",\"inLanguage\":\"es\",\"@id\":\"https:\\\/\\\/secure.gravatar.com\\\/avatar\\\/3a8de04a2656d44082be478bd6c086daa447c4651605818287b9532d3d0bd435?s=96&d=mm&r=g\",\"url\":\"https:\\\/\\\/secure.gravatar.com\\\/avatar\\\/3a8de04a2656d44082be478bd6c086daa447c4651605818287b9532d3d0bd435?s=96&d=mm&r=g\",\"contentUrl\":\"https:\\\/\\\/secure.gravatar.com\\\/avatar\\\/3a8de04a2656d44082be478bd6c086daa447c4651605818287b9532d3d0bd435?s=96&d=mm&r=g\",\"caption\":\"Lo viste en Los Pol\u00edticos\"},\"url\":\"https:\\\/\\\/lospoliticosveracruz.com\\\/?author=2\"}]}<\/script>\n<!-- \/ Yoast SEO plugin. -->","yoast_head_json":{"title":"AVALANCHA DE IMPUGNACIONES - Los pol\u00edticos Veracruz","robots":{"index":"index","follow":"follow","max-snippet":"max-snippet:-1","max-image-preview":"max-image-preview:large","max-video-preview":"max-video-preview:-1"},"canonical":"https:\/\/lospoliticosveracruz.com\/?p=141460","og_locale":"es_ES","og_type":"article","og_title":"AVALANCHA DE IMPUGNACIONES - Los pol\u00edticos Veracruz","og_description":"[S\u00edguenos ahora tambi\u00e9n en WhatsApp.\u00a0Da clic aqu\u00ed]\u00a0Fanny Y\u00e9pezLa Columna Los 11 mil 984 ciudadanos que aspiran a un cargo de ediles, (propietarios y suplentes), en los 212 municipios del estado de Veracruz, no deben echar las campanas al vuelo, porque su participaci\u00f3n est\u00e1 siendo revisada con lupa por el Organismo P\u00fablico Local Electoral del Estado [&hellip;]","og_url":"https:\/\/lospoliticosveracruz.com\/?p=141460","og_site_name":"Los pol\u00edticos Veracruz","article_publisher":"https:\/\/www.facebook.com\/people\/Notimemes-de-los-Polticos\/61565672886568\/","article_published_time":"2025-04-07T12:14:11+00:00","article_modified_time":"2025-04-07T12:14:28+00:00","og_image":[{"width":600,"height":320,"url":"https:\/\/lospoliticosveracruz.com\/wp-content\/uploads\/2025\/04\/Fanny-Yepez-Luna-e1768657334923.jpg","type":"image\/jpeg"}],"author":"Lo viste en Los Pol\u00edticos","twitter_card":"summary_large_image","twitter_creator":"@LosPoliticosVer","twitter_site":"@LosPoliticosVer","twitter_misc":{"Escrito por":"Lo viste en Los Pol\u00edticos","Tiempo de lectura":"5 minutos"},"schema":{"@context":"https:\/\/schema.org","@graph":[{"@type":"Article","@id":"https:\/\/lospoliticosveracruz.com\/?p=141460#article","isPartOf":{"@id":"https:\/\/lospoliticosveracruz.com\/?p=141460"},"author":{"name":"Lo viste en Los Pol\u00edticos","@id":"https:\/\/lospoliticosveracruz.com\/#\/schema\/person\/b8702bb0e538456e6efd07080bf2a4a2"},"headline":"AVALANCHA DE IMPUGNACIONES","datePublished":"2025-04-07T12:14:11+00:00","dateModified":"2025-04-07T12:14:28+00:00","mainEntityOfPage":{"@id":"https:\/\/lospoliticosveracruz.com\/?p=141460"},"wordCount":994,"publisher":{"@id":"https:\/\/lospoliticosveracruz.com\/#organization"},"image":{"@id":"https:\/\/lospoliticosveracruz.com\/?p=141460#primaryimage"},"thumbnailUrl":"https:\/\/lospoliticosveracruz.com\/wp-content\/uploads\/2025\/04\/Fanny-Yepez-Luna-e1768657334923.jpg","keywords":["Coatepec","Jamapa","Luis Carbonell","Movimiento Ciudadano","Nacho Luna","Reynaldo Fern\u00e1ndez Ortiz"],"articleSection":["De Opini\u00f3n"],"inLanguage":"es"},{"@type":"WebPage","@id":"https:\/\/lospoliticosveracruz.com\/?p=141460","url":"https:\/\/lospoliticosveracruz.com\/?p=141460","name":"AVALANCHA DE IMPUGNACIONES - Los pol\u00edticos Veracruz","isPartOf":{"@id":"https:\/\/lospoliticosveracruz.com\/#website"},"primaryImageOfPage":{"@id":"https:\/\/lospoliticosveracruz.com\/?p=141460#primaryimage"},"image":{"@id":"https:\/\/lospoliticosveracruz.com\/?p=141460#primaryimage"},"thumbnailUrl":"https:\/\/lospoliticosveracruz.com\/wp-content\/uploads\/2025\/04\/Fanny-Yepez-Luna-e1768657334923.jpg","datePublished":"2025-04-07T12:14:11+00:00","dateModified":"2025-04-07T12:14:28+00:00","breadcrumb":{"@id":"https:\/\/lospoliticosveracruz.com\/?p=141460#breadcrumb"},"inLanguage":"es","potentialAction":[{"@type":"ReadAction","target":["https:\/\/lospoliticosveracruz.com\/?p=141460"]}]},{"@type":"ImageObject","inLanguage":"es","@id":"https:\/\/lospoliticosveracruz.com\/?p=141460#primaryimage","url":"https:\/\/lospoliticosveracruz.com\/wp-content\/uploads\/2025\/04\/Fanny-Yepez-Luna-e1768657334923.jpg","contentUrl":"https:\/\/lospoliticosveracruz.com\/wp-content\/uploads\/2025\/04\/Fanny-Yepez-Luna-e1768657334923.jpg","width":600,"height":320},{"@type":"BreadcrumbList","@id":"https:\/\/lospoliticosveracruz.com\/?p=141460#breadcrumb","itemListElement":[{"@type":"ListItem","position":1,"name":"Portada","item":"https:\/\/lospoliticosveracruz.com\/"},{"@type":"ListItem","position":2,"name":"AVALANCHA DE IMPUGNACIONES"}]},{"@type":"WebSite","@id":"https:\/\/lospoliticosveracruz.com\/#website","url":"https:\/\/lospoliticosveracruz.com\/","name":"Los pol\u00edticos Veracruz","description":"","publisher":{"@id":"https:\/\/lospoliticosveracruz.com\/#organization"},"potentialAction":[{"@type":"SearchAction","target":{"@type":"EntryPoint","urlTemplate":"https:\/\/lospoliticosveracruz.com\/?s={search_term_string}"},"query-input":{"@type":"PropertyValueSpecification","valueRequired":true,"valueName":"search_term_string"}}],"inLanguage":"es"},{"@type":"Organization","@id":"https:\/\/lospoliticosveracruz.com\/#organization","name":"Los pol\u00edticos Veracruz","url":"https:\/\/lospoliticosveracruz.com\/","logo":{"@type":"ImageObject","inLanguage":"es","@id":"https:\/\/lospoliticosveracruz.com\/#\/schema\/logo\/image\/","url":"https:\/\/lospoliticosveracruz.com\/wp-content\/uploads\/2025\/12\/Logo-Nuevo-LOS-POLITICOS-1.jpg","contentUrl":"https:\/\/lospoliticosveracruz.com\/wp-content\/uploads\/2025\/12\/Logo-Nuevo-LOS-POLITICOS-1.jpg","width":260,"height":70,"caption":"Los pol\u00edticos Veracruz"},"image":{"@id":"https:\/\/lospoliticosveracruz.com\/#\/schema\/logo\/image\/"},"sameAs":["https:\/\/www.facebook.com\/people\/Notimemes-de-los-Polticos\/61565672886568\/","https:\/\/x.com\/LosPoliticosVer"]},{"@type":"Person","@id":"https:\/\/lospoliticosveracruz.com\/#\/schema\/person\/b8702bb0e538456e6efd07080bf2a4a2","name":"Lo viste en Los Pol\u00edticos","image":{"@type":"ImageObject","inLanguage":"es","@id":"https:\/\/secure.gravatar.com\/avatar\/3a8de04a2656d44082be478bd6c086daa447c4651605818287b9532d3d0bd435?s=96&d=mm&r=g","url":"https:\/\/secure.gravatar.com\/avatar\/3a8de04a2656d44082be478bd6c086daa447c4651605818287b9532d3d0bd435?s=96&d=mm&r=g","contentUrl":"https:\/\/secure.gravatar.com\/avatar\/3a8de04a2656d44082be478bd6c086daa447c4651605818287b9532d3d0bd435?s=96&d=mm&r=g","caption":"Lo viste en Los Pol\u00edticos"},"url":"https:\/\/lospoliticosveracruz.com\/?author=2"}]}},"_links":{"self":[{"href":"https:\/\/lospoliticosveracruz.com\/index.php?rest_route=\/wp\/v2\/posts\/141460","targetHints":{"allow":["GET"]}}],"collection":[{"href":"https:\/\/lospoliticosveracruz.com\/index.php?rest_route=\/wp\/v2\/posts"}],"about":[{"href":"https:\/\/lospoliticosveracruz.com\/index.php?rest_route=\/wp\/v2\/types\/post"}],"author":[{"embeddable":true,"href":"https:\/\/lospoliticosveracruz.com\/index.php?rest_route=\/wp\/v2\/users\/2"}],"replies":[{"embeddable":true,"href":"https:\/\/lospoliticosveracruz.com\/index.php?rest_route=%2Fwp%2Fv2%2Fcomments&post=141460"}],"version-history":[{"count":1,"href":"https:\/\/lospoliticosveracruz.com\/index.php?rest_route=\/wp\/v2\/posts\/141460\/revisions"}],"predecessor-version":[{"id":141461,"href":"https:\/\/lospoliticosveracruz.com\/index.php?rest_route=\/wp\/v2\/posts\/141460\/revisions\/141461"}],"wp:featuredmedia":[{"embeddable":true,"href":"https:\/\/lospoliticosveracruz.com\/index.php?rest_route=\/wp\/v2\/media\/141383"}],"wp:attachment":[{"href":"https:\/\/lospoliticosveracruz.com\/index.php?rest_route=%2Fwp%2Fv2%2Fmedia&parent=141460"}],"wp:term":[{"taxonomy":"category","embeddable":true,"href":"https:\/\/lospoliticosveracruz.com\/index.php?rest_route=%2Fwp%2Fv2%2Fcategories&post=141460"},{"taxonomy":"post_tag","embeddable":true,"href":"https:\/\/lospoliticosveracruz.com\/index.php?rest_route=%2Fwp%2Fv2%2Ftags&post=141460"}],"curies":[{"name":"wp","href":"https:\/\/api.w.org\/{rel}","templated":true}]}}