{"id":141465,"date":"2025-04-07T08:47:04","date_gmt":"2025-04-07T13:47:04","guid":{"rendered":"https:\/\/lospoliticosveracruz.com.mx\/?p=141465"},"modified":"2025-04-07T08:47:24","modified_gmt":"2025-04-07T13:47:24","slug":"mexico-y-rusia-economias-similares","status":"publish","type":"post","link":"https:\/\/lospoliticosveracruz.com\/?p=141465","title":{"rendered":"M\u00c9XICO Y RUSIA ECONOM\u00cdAS SIMILARES"},"content":{"rendered":"\n<p><strong><a href=\"https:\/\/whatsapp.com\/channel\/0029Va8zRWlEKyZIP3Z1dF0e\">\u2002\u2002<strong>\u00danete a nuestro canal&nbsp;<\/strong>\u2002<\/a><\/strong><\/p>\n\n\n\n<p>\u00a1<strong>LOS POL\u00cdTICOS VERACRUZ<\/strong>&nbsp;ya est\u00e1 en WhatsApp!<\/p>\n\n\n\n<p><strong>Jorge Viveros Pasquel<\/strong><\/p>\n\n\n\n<p>Cuando se habla de Rusia,&nbsp;&nbsp;mayor\u00edtariamente se visualiza como una potencia mundial con vastos recursos energ\u00e9ticos, un enorme poder militar y una historia de superpotencia. M\u00e9xico, por otro lado, suele ser asociado al turismo, la manufactura y a una econom\u00eda emergente ligada a los Estados Unidos. Sin embargo, cuando se comparan los indicadores econ\u00f3micos clave de ambos pa\u00edses, las diferencias no son tan grandes como se suele imaginar. De hecho, en muchos aspectos, M\u00e9xico y Rusia se encuentran en planos similares.<\/p>\n\n\n\n<p>En 2023, el Producto Interno Bruto (PIB) de Rusia fue de aproximadamente 2.2 billones de d\u00f3lares, mientras que el de M\u00e9xico rond\u00f3 los 1.8 billones de d\u00f3lares, una diferencia real pero no abismal. Si tomamos en cuenta el PIB per c\u00e1pita \u2014es decir, la riqueza promedio por habitante\u2014 la distancia se reduce a\u00fan m\u00e1s: Rusia con cerca de 15,000 d\u00f3lares y M\u00e9xico con unos 14,000 d\u00f3lares al a\u00f1o, seg\u00fan cifras ajustadas por paridad de poder adquisitivo. Por otro lado, la expectativa de vida en M\u00e9xico es de 75 a\u00f1os, mientras que la rusa es solo de 71 y por incre\u00edble que parezca es m\u00e1s marcada la desigualdad en Rusia, principalmente por una clase olig\u00e1rquica muy ligada a Putin. Tambi\u00e9n cabe destacar que M\u00e9xico tiene una democracia m\u00e1s abierta y con mayor apertura a la oposici\u00f3n y por \u00faltimo a partir del nuevo milenio, el rublo ruso ha perdido aproximadamente un 90% de su valor frente al d\u00f3lar, en comparaci\u00f3n, el peso mexicano ha sufrido una depreciaci\u00f3n de alrededor del 50%, es decir, tenemos una moneda m\u00e1s estable en el \u00faltimo cuarto de siglo. Esto demuestra que, aunque Rusia tiene una econom\u00eda un poco m\u00e1s grande, M\u00e9xico no se encuentra muy lejos en t\u00e9rminos de desarrollo relativo.<\/p>\n\n\n\n<p>Ahora bien, Rusia destaca por su abundancia de recursos naturales, especialmente gas y petr\u00f3leo, lo que le han permitido sostener su econom\u00eda y su influencia internacional. M\u00e9xico, en cambio, tiene una econom\u00eda m\u00e1s diversificada, con fortalezas en la industria automotriz, la electr\u00f3nica, la agricultura, el turismo y un comercio exterior muy din\u00e1mico, especialmente con Estados Unidos a trav\u00e9s del T-MEC.&nbsp;<\/p>\n\n\n\n<p>En cuanto al Comercio e Integraci\u00f3n Internacional, M\u00e9xico es uno de los pa\u00edses m\u00e1s abiertos, con tratados con m\u00e1s de 40 pa\u00edses. Su cercan\u00eda con EE.UU. lo convierte en un eje fundamental del comercio global. Rusia, en contraste, se ha visto cada vez m\u00e1s aislada en los \u00faltimos a\u00f1os debido a sanciones internacionales por conflictos geopol\u00edticos. Este aislamiento ha limitado el acceso de Rusia a mercados, tecnolog\u00edas y capitales, lo que contrasta con la posici\u00f3n estrat\u00e9gica de M\u00e9xico como puente entre Norteam\u00e9rica, Am\u00e9rica Latina y Asia.<\/p>\n\n\n\n<p>En lo que respecta a algunos de sus indicadores demogr\u00e1ficos; M\u00e9xico igualar\u00e1 a Rusia en poblaci\u00f3n total alrededor del a\u00f1o 2036 (en solo 11 a\u00f1os) pero tenemos una ventaja demogr\u00e1fica clara, ya que contamos con una poblaci\u00f3n joven, en crecimiento y con potencial econ\u00f3mico. Rusia, pese a tener m\u00e1s poblaci\u00f3n hoy, enfrenta un futuro incierto con una poblaci\u00f3n envejecida, en disminuci\u00f3n y afectada por condiciones sociales y pol\u00edticas adversas.<\/p>\n\n\n\n<p>Es decir que aun cuando en la percepci\u00f3n global Rusia aparece como una naci\u00f3n m\u00e1s poderosa, al observar con atenci\u00f3n los indicadores econ\u00f3micos, demogr\u00e1fico y las din\u00e1micas internas, M\u00e9xico y Rusia muestran niveles de desarrollo similares en muchos sentidos, ahora bien, la guerra con Ucrania indudablemente ha tenido altos costos sociales y econ\u00f3micos para Rusia, con una trayectoria de estancamiento y costos futuros.<\/p>\n\n\n\n<p>En conclusi\u00f3n, la narrativa de que Rusia es significativamente m\u00e1s rica o m\u00e1s desarrollada que M\u00e9xico no se sostiene del todo con los datos actuales. Ambos pa\u00edses se encuentran en una especie de zona intermedia del desarrollo global, con fortalezas particulares y desaf\u00edos estructurales que los colocan en una realidad m\u00e1s cercana de lo que se cree.<\/p>\n","protected":false},"excerpt":{"rendered":"<p>\u2002\u2002\u00danete a nuestro canal&nbsp;\u2002 \u00a1LOS POL\u00cdTICOS VERACRUZ&nbsp;ya est\u00e1 en WhatsApp! Jorge Viveros Pasquel Cuando se habla de Rusia,&nbsp;&nbsp;mayor\u00edtariamente se visualiza como una potencia mundial con vastos recursos energ\u00e9ticos, un enorme poder militar y una historia de superpotencia. M\u00e9xico, por otro lado, suele ser asociado al turismo, la manufactura y a una econom\u00eda emergente ligada a [&hellip;]<\/p>\n","protected":false},"author":2,"featured_media":141391,"comment_status":"closed","ping_status":"closed","sticky":false,"template":"","format":"standard","meta":{"tdm_status":"","tdm_grid_status":"","footnotes":""},"categories":[70],"tags":[],"class_list":{"0":"post-141465","1":"post","2":"type-post","3":"status-publish","4":"format-standard","5":"has-post-thumbnail","7":"category-de-opinion"},"yoast_head":"<!-- This site is optimized with the Yoast SEO plugin v27.4 - https:\/\/yoast.com\/product\/yoast-seo-wordpress\/ -->\n<title>M\u00c9XICO Y RUSIA ECONOM\u00cdAS SIMILARES - Los pol\u00edticos Veracruz<\/title>\n<meta name=\"robots\" content=\"index, follow, max-snippet:-1, max-image-preview:large, max-video-preview:-1\" \/>\n<link rel=\"canonical\" href=\"https:\/\/lospoliticosveracruz.com\/?p=141465\" \/>\n<meta property=\"og:locale\" content=\"es_ES\" \/>\n<meta property=\"og:type\" content=\"article\" \/>\n<meta property=\"og:title\" content=\"M\u00c9XICO Y RUSIA ECONOM\u00cdAS SIMILARES - Los pol\u00edticos Veracruz\" \/>\n<meta property=\"og:description\" content=\"\u2002\u2002\u00danete a nuestro canal&nbsp;\u2002 \u00a1LOS POL\u00cdTICOS VERACRUZ&nbsp;ya est\u00e1 en WhatsApp! Jorge Viveros Pasquel Cuando se habla de Rusia,&nbsp;&nbsp;mayor\u00edtariamente se visualiza como una potencia mundial con vastos recursos energ\u00e9ticos, un enorme poder militar y una historia de superpotencia. M\u00e9xico, por otro lado, suele ser asociado al turismo, la manufactura y a una econom\u00eda emergente ligada a [&hellip;]\" \/>\n<meta property=\"og:url\" content=\"https:\/\/lospoliticosveracruz.com\/?p=141465\" \/>\n<meta property=\"og:site_name\" content=\"Los pol\u00edticos Veracruz\" \/>\n<meta property=\"article:publisher\" content=\"https:\/\/www.facebook.com\/people\/Notimemes-de-los-Polticos\/61565672886568\/\" \/>\n<meta property=\"article:published_time\" content=\"2025-04-07T13:47:04+00:00\" \/>\n<meta property=\"article:modified_time\" content=\"2025-04-07T13:47:24+00:00\" \/>\n<meta property=\"og:image\" content=\"https:\/\/lospoliticosveracruz.com\/wp-content\/uploads\/2025\/04\/Jorge-Viveros-Pasquel-e1768069075166.jpg\" \/>\n\t<meta property=\"og:image:width\" content=\"600\" \/>\n\t<meta property=\"og:image:height\" content=\"320\" \/>\n\t<meta property=\"og:image:type\" content=\"image\/jpeg\" \/>\n<meta name=\"author\" content=\"Lo viste en Los Pol\u00edticos\" \/>\n<meta name=\"twitter:card\" content=\"summary_large_image\" \/>\n<meta name=\"twitter:creator\" content=\"@LosPoliticosVer\" \/>\n<meta name=\"twitter:site\" content=\"@LosPoliticosVer\" \/>\n<meta name=\"twitter:label1\" content=\"Escrito por\" \/>\n\t<meta name=\"twitter:data1\" content=\"Lo viste en Los Pol\u00edticos\" \/>\n\t<meta name=\"twitter:label2\" content=\"Tiempo de lectura\" \/>\n\t<meta name=\"twitter:data2\" content=\"4 minutos\" \/>\n<script type=\"application\/ld+json\" class=\"yoast-schema-graph\">{\"@context\":\"https:\\\/\\\/schema.org\",\"@graph\":[{\"@type\":\"Article\",\"@id\":\"https:\\\/\\\/lospoliticosveracruz.com\\\/?p=141465#article\",\"isPartOf\":{\"@id\":\"https:\\\/\\\/lospoliticosveracruz.com\\\/?p=141465\"},\"author\":{\"name\":\"Lo viste en Los Pol\u00edticos\",\"@id\":\"https:\\\/\\\/lospoliticosveracruz.com\\\/#\\\/schema\\\/person\\\/b8702bb0e538456e6efd07080bf2a4a2\"},\"headline\":\"M\u00c9XICO Y RUSIA ECONOM\u00cdAS SIMILARES\",\"datePublished\":\"2025-04-07T13:47:04+00:00\",\"dateModified\":\"2025-04-07T13:47:24+00:00\",\"mainEntityOfPage\":{\"@id\":\"https:\\\/\\\/lospoliticosveracruz.com\\\/?p=141465\"},\"wordCount\":726,\"publisher\":{\"@id\":\"https:\\\/\\\/lospoliticosveracruz.com\\\/#organization\"},\"image\":{\"@id\":\"https:\\\/\\\/lospoliticosveracruz.com\\\/?p=141465#primaryimage\"},\"thumbnailUrl\":\"https:\\\/\\\/lospoliticosveracruz.com\\\/wp-content\\\/uploads\\\/2025\\\/04\\\/Jorge-Viveros-Pasquel-e1768069075166.jpg\",\"articleSection\":[\"De Opini\u00f3n\"],\"inLanguage\":\"es\"},{\"@type\":\"WebPage\",\"@id\":\"https:\\\/\\\/lospoliticosveracruz.com\\\/?p=141465\",\"url\":\"https:\\\/\\\/lospoliticosveracruz.com\\\/?p=141465\",\"name\":\"M\u00c9XICO Y RUSIA ECONOM\u00cdAS SIMILARES - Los pol\u00edticos Veracruz\",\"isPartOf\":{\"@id\":\"https:\\\/\\\/lospoliticosveracruz.com\\\/#website\"},\"primaryImageOfPage\":{\"@id\":\"https:\\\/\\\/lospoliticosveracruz.com\\\/?p=141465#primaryimage\"},\"image\":{\"@id\":\"https:\\\/\\\/lospoliticosveracruz.com\\\/?p=141465#primaryimage\"},\"thumbnailUrl\":\"https:\\\/\\\/lospoliticosveracruz.com\\\/wp-content\\\/uploads\\\/2025\\\/04\\\/Jorge-Viveros-Pasquel-e1768069075166.jpg\",\"datePublished\":\"2025-04-07T13:47:04+00:00\",\"dateModified\":\"2025-04-07T13:47:24+00:00\",\"breadcrumb\":{\"@id\":\"https:\\\/\\\/lospoliticosveracruz.com\\\/?p=141465#breadcrumb\"},\"inLanguage\":\"es\",\"potentialAction\":[{\"@type\":\"ReadAction\",\"target\":[\"https:\\\/\\\/lospoliticosveracruz.com\\\/?p=141465\"]}]},{\"@type\":\"ImageObject\",\"inLanguage\":\"es\",\"@id\":\"https:\\\/\\\/lospoliticosveracruz.com\\\/?p=141465#primaryimage\",\"url\":\"https:\\\/\\\/lospoliticosveracruz.com\\\/wp-content\\\/uploads\\\/2025\\\/04\\\/Jorge-Viveros-Pasquel-e1768069075166.jpg\",\"contentUrl\":\"https:\\\/\\\/lospoliticosveracruz.com\\\/wp-content\\\/uploads\\\/2025\\\/04\\\/Jorge-Viveros-Pasquel-e1768069075166.jpg\",\"width\":600,\"height\":320},{\"@type\":\"BreadcrumbList\",\"@id\":\"https:\\\/\\\/lospoliticosveracruz.com\\\/?p=141465#breadcrumb\",\"itemListElement\":[{\"@type\":\"ListItem\",\"position\":1,\"name\":\"Portada\",\"item\":\"https:\\\/\\\/lospoliticosveracruz.com\\\/\"},{\"@type\":\"ListItem\",\"position\":2,\"name\":\"M\u00c9XICO Y RUSIA ECONOM\u00cdAS SIMILARES\"}]},{\"@type\":\"WebSite\",\"@id\":\"https:\\\/\\\/lospoliticosveracruz.com\\\/#website\",\"url\":\"https:\\\/\\\/lospoliticosveracruz.com\\\/\",\"name\":\"Los pol\u00edticos Veracruz\",\"description\":\"\",\"publisher\":{\"@id\":\"https:\\\/\\\/lospoliticosveracruz.com\\\/#organization\"},\"potentialAction\":[{\"@type\":\"SearchAction\",\"target\":{\"@type\":\"EntryPoint\",\"urlTemplate\":\"https:\\\/\\\/lospoliticosveracruz.com\\\/?s={search_term_string}\"},\"query-input\":{\"@type\":\"PropertyValueSpecification\",\"valueRequired\":true,\"valueName\":\"search_term_string\"}}],\"inLanguage\":\"es\"},{\"@type\":\"Organization\",\"@id\":\"https:\\\/\\\/lospoliticosveracruz.com\\\/#organization\",\"name\":\"Los pol\u00edticos Veracruz\",\"url\":\"https:\\\/\\\/lospoliticosveracruz.com\\\/\",\"logo\":{\"@type\":\"ImageObject\",\"inLanguage\":\"es\",\"@id\":\"https:\\\/\\\/lospoliticosveracruz.com\\\/#\\\/schema\\\/logo\\\/image\\\/\",\"url\":\"https:\\\/\\\/lospoliticosveracruz.com\\\/wp-content\\\/uploads\\\/2025\\\/12\\\/Logo-Nuevo-LOS-POLITICOS-1.jpg\",\"contentUrl\":\"https:\\\/\\\/lospoliticosveracruz.com\\\/wp-content\\\/uploads\\\/2025\\\/12\\\/Logo-Nuevo-LOS-POLITICOS-1.jpg\",\"width\":260,\"height\":70,\"caption\":\"Los pol\u00edticos Veracruz\"},\"image\":{\"@id\":\"https:\\\/\\\/lospoliticosveracruz.com\\\/#\\\/schema\\\/logo\\\/image\\\/\"},\"sameAs\":[\"https:\\\/\\\/www.facebook.com\\\/people\\\/Notimemes-de-los-Polticos\\\/61565672886568\\\/\",\"https:\\\/\\\/x.com\\\/LosPoliticosVer\"]},{\"@type\":\"Person\",\"@id\":\"https:\\\/\\\/lospoliticosveracruz.com\\\/#\\\/schema\\\/person\\\/b8702bb0e538456e6efd07080bf2a4a2\",\"name\":\"Lo viste en Los Pol\u00edticos\",\"image\":{\"@type\":\"ImageObject\",\"inLanguage\":\"es\",\"@id\":\"https:\\\/\\\/secure.gravatar.com\\\/avatar\\\/3a8de04a2656d44082be478bd6c086daa447c4651605818287b9532d3d0bd435?s=96&d=mm&r=g\",\"url\":\"https:\\\/\\\/secure.gravatar.com\\\/avatar\\\/3a8de04a2656d44082be478bd6c086daa447c4651605818287b9532d3d0bd435?s=96&d=mm&r=g\",\"contentUrl\":\"https:\\\/\\\/secure.gravatar.com\\\/avatar\\\/3a8de04a2656d44082be478bd6c086daa447c4651605818287b9532d3d0bd435?s=96&d=mm&r=g\",\"caption\":\"Lo viste en Los Pol\u00edticos\"},\"url\":\"https:\\\/\\\/lospoliticosveracruz.com\\\/?author=2\"}]}<\/script>\n<!-- \/ Yoast SEO plugin. -->","yoast_head_json":{"title":"M\u00c9XICO Y RUSIA ECONOM\u00cdAS SIMILARES - Los pol\u00edticos Veracruz","robots":{"index":"index","follow":"follow","max-snippet":"max-snippet:-1","max-image-preview":"max-image-preview:large","max-video-preview":"max-video-preview:-1"},"canonical":"https:\/\/lospoliticosveracruz.com\/?p=141465","og_locale":"es_ES","og_type":"article","og_title":"M\u00c9XICO Y RUSIA ECONOM\u00cdAS SIMILARES - Los pol\u00edticos Veracruz","og_description":"\u2002\u2002\u00danete a nuestro canal&nbsp;\u2002 \u00a1LOS POL\u00cdTICOS VERACRUZ&nbsp;ya est\u00e1 en WhatsApp! Jorge Viveros Pasquel Cuando se habla de Rusia,&nbsp;&nbsp;mayor\u00edtariamente se visualiza como una potencia mundial con vastos recursos energ\u00e9ticos, un enorme poder militar y una historia de superpotencia. M\u00e9xico, por otro lado, suele ser asociado al turismo, la manufactura y a una econom\u00eda emergente ligada a [&hellip;]","og_url":"https:\/\/lospoliticosveracruz.com\/?p=141465","og_site_name":"Los pol\u00edticos Veracruz","article_publisher":"https:\/\/www.facebook.com\/people\/Notimemes-de-los-Polticos\/61565672886568\/","article_published_time":"2025-04-07T13:47:04+00:00","article_modified_time":"2025-04-07T13:47:24+00:00","og_image":[{"width":600,"height":320,"url":"https:\/\/lospoliticosveracruz.com\/wp-content\/uploads\/2025\/04\/Jorge-Viveros-Pasquel-e1768069075166.jpg","type":"image\/jpeg"}],"author":"Lo viste en Los Pol\u00edticos","twitter_card":"summary_large_image","twitter_creator":"@LosPoliticosVer","twitter_site":"@LosPoliticosVer","twitter_misc":{"Escrito por":"Lo viste en Los Pol\u00edticos","Tiempo de lectura":"4 minutos"},"schema":{"@context":"https:\/\/schema.org","@graph":[{"@type":"Article","@id":"https:\/\/lospoliticosveracruz.com\/?p=141465#article","isPartOf":{"@id":"https:\/\/lospoliticosveracruz.com\/?p=141465"},"author":{"name":"Lo viste en Los Pol\u00edticos","@id":"https:\/\/lospoliticosveracruz.com\/#\/schema\/person\/b8702bb0e538456e6efd07080bf2a4a2"},"headline":"M\u00c9XICO Y RUSIA ECONOM\u00cdAS SIMILARES","datePublished":"2025-04-07T13:47:04+00:00","dateModified":"2025-04-07T13:47:24+00:00","mainEntityOfPage":{"@id":"https:\/\/lospoliticosveracruz.com\/?p=141465"},"wordCount":726,"publisher":{"@id":"https:\/\/lospoliticosveracruz.com\/#organization"},"image":{"@id":"https:\/\/lospoliticosveracruz.com\/?p=141465#primaryimage"},"thumbnailUrl":"https:\/\/lospoliticosveracruz.com\/wp-content\/uploads\/2025\/04\/Jorge-Viveros-Pasquel-e1768069075166.jpg","articleSection":["De Opini\u00f3n"],"inLanguage":"es"},{"@type":"WebPage","@id":"https:\/\/lospoliticosveracruz.com\/?p=141465","url":"https:\/\/lospoliticosveracruz.com\/?p=141465","name":"M\u00c9XICO Y RUSIA ECONOM\u00cdAS SIMILARES - Los pol\u00edticos Veracruz","isPartOf":{"@id":"https:\/\/lospoliticosveracruz.com\/#website"},"primaryImageOfPage":{"@id":"https:\/\/lospoliticosveracruz.com\/?p=141465#primaryimage"},"image":{"@id":"https:\/\/lospoliticosveracruz.com\/?p=141465#primaryimage"},"thumbnailUrl":"https:\/\/lospoliticosveracruz.com\/wp-content\/uploads\/2025\/04\/Jorge-Viveros-Pasquel-e1768069075166.jpg","datePublished":"2025-04-07T13:47:04+00:00","dateModified":"2025-04-07T13:47:24+00:00","breadcrumb":{"@id":"https:\/\/lospoliticosveracruz.com\/?p=141465#breadcrumb"},"inLanguage":"es","potentialAction":[{"@type":"ReadAction","target":["https:\/\/lospoliticosveracruz.com\/?p=141465"]}]},{"@type":"ImageObject","inLanguage":"es","@id":"https:\/\/lospoliticosveracruz.com\/?p=141465#primaryimage","url":"https:\/\/lospoliticosveracruz.com\/wp-content\/uploads\/2025\/04\/Jorge-Viveros-Pasquel-e1768069075166.jpg","contentUrl":"https:\/\/lospoliticosveracruz.com\/wp-content\/uploads\/2025\/04\/Jorge-Viveros-Pasquel-e1768069075166.jpg","width":600,"height":320},{"@type":"BreadcrumbList","@id":"https:\/\/lospoliticosveracruz.com\/?p=141465#breadcrumb","itemListElement":[{"@type":"ListItem","position":1,"name":"Portada","item":"https:\/\/lospoliticosveracruz.com\/"},{"@type":"ListItem","position":2,"name":"M\u00c9XICO Y RUSIA ECONOM\u00cdAS SIMILARES"}]},{"@type":"WebSite","@id":"https:\/\/lospoliticosveracruz.com\/#website","url":"https:\/\/lospoliticosveracruz.com\/","name":"Los pol\u00edticos Veracruz","description":"","publisher":{"@id":"https:\/\/lospoliticosveracruz.com\/#organization"},"potentialAction":[{"@type":"SearchAction","target":{"@type":"EntryPoint","urlTemplate":"https:\/\/lospoliticosveracruz.com\/?s={search_term_string}"},"query-input":{"@type":"PropertyValueSpecification","valueRequired":true,"valueName":"search_term_string"}}],"inLanguage":"es"},{"@type":"Organization","@id":"https:\/\/lospoliticosveracruz.com\/#organization","name":"Los pol\u00edticos Veracruz","url":"https:\/\/lospoliticosveracruz.com\/","logo":{"@type":"ImageObject","inLanguage":"es","@id":"https:\/\/lospoliticosveracruz.com\/#\/schema\/logo\/image\/","url":"https:\/\/lospoliticosveracruz.com\/wp-content\/uploads\/2025\/12\/Logo-Nuevo-LOS-POLITICOS-1.jpg","contentUrl":"https:\/\/lospoliticosveracruz.com\/wp-content\/uploads\/2025\/12\/Logo-Nuevo-LOS-POLITICOS-1.jpg","width":260,"height":70,"caption":"Los pol\u00edticos Veracruz"},"image":{"@id":"https:\/\/lospoliticosveracruz.com\/#\/schema\/logo\/image\/"},"sameAs":["https:\/\/www.facebook.com\/people\/Notimemes-de-los-Polticos\/61565672886568\/","https:\/\/x.com\/LosPoliticosVer"]},{"@type":"Person","@id":"https:\/\/lospoliticosveracruz.com\/#\/schema\/person\/b8702bb0e538456e6efd07080bf2a4a2","name":"Lo viste en Los Pol\u00edticos","image":{"@type":"ImageObject","inLanguage":"es","@id":"https:\/\/secure.gravatar.com\/avatar\/3a8de04a2656d44082be478bd6c086daa447c4651605818287b9532d3d0bd435?s=96&d=mm&r=g","url":"https:\/\/secure.gravatar.com\/avatar\/3a8de04a2656d44082be478bd6c086daa447c4651605818287b9532d3d0bd435?s=96&d=mm&r=g","contentUrl":"https:\/\/secure.gravatar.com\/avatar\/3a8de04a2656d44082be478bd6c086daa447c4651605818287b9532d3d0bd435?s=96&d=mm&r=g","caption":"Lo viste en Los Pol\u00edticos"},"url":"https:\/\/lospoliticosveracruz.com\/?author=2"}]}},"_links":{"self":[{"href":"https:\/\/lospoliticosveracruz.com\/index.php?rest_route=\/wp\/v2\/posts\/141465","targetHints":{"allow":["GET"]}}],"collection":[{"href":"https:\/\/lospoliticosveracruz.com\/index.php?rest_route=\/wp\/v2\/posts"}],"about":[{"href":"https:\/\/lospoliticosveracruz.com\/index.php?rest_route=\/wp\/v2\/types\/post"}],"author":[{"embeddable":true,"href":"https:\/\/lospoliticosveracruz.com\/index.php?rest_route=\/wp\/v2\/users\/2"}],"replies":[{"embeddable":true,"href":"https:\/\/lospoliticosveracruz.com\/index.php?rest_route=%2Fwp%2Fv2%2Fcomments&post=141465"}],"version-history":[{"count":1,"href":"https:\/\/lospoliticosveracruz.com\/index.php?rest_route=\/wp\/v2\/posts\/141465\/revisions"}],"predecessor-version":[{"id":141466,"href":"https:\/\/lospoliticosveracruz.com\/index.php?rest_route=\/wp\/v2\/posts\/141465\/revisions\/141466"}],"wp:featuredmedia":[{"embeddable":true,"href":"https:\/\/lospoliticosveracruz.com\/index.php?rest_route=\/wp\/v2\/media\/141391"}],"wp:attachment":[{"href":"https:\/\/lospoliticosveracruz.com\/index.php?rest_route=%2Fwp%2Fv2%2Fmedia&parent=141465"}],"wp:term":[{"taxonomy":"category","embeddable":true,"href":"https:\/\/lospoliticosveracruz.com\/index.php?rest_route=%2Fwp%2Fv2%2Fcategories&post=141465"},{"taxonomy":"post_tag","embeddable":true,"href":"https:\/\/lospoliticosveracruz.com\/index.php?rest_route=%2Fwp%2Fv2%2Ftags&post=141465"}],"curies":[{"name":"wp","href":"https:\/\/api.w.org\/{rel}","templated":true}]}}