{"id":141638,"date":"2025-04-08T22:51:44","date_gmt":"2025-04-09T03:51:44","guid":{"rendered":"https:\/\/lospoliticosveracruz.com.mx\/?p=141638"},"modified":"2025-04-08T23:28:29","modified_gmt":"2025-04-09T04:28:29","slug":"la-segunda-batalla-de-nahle-v","status":"publish","type":"post","link":"https:\/\/lospoliticosveracruz.com\/?p=141638","title":{"rendered":"LA SEGUNDA BATALLA DE NAHLE V"},"content":{"rendered":"\n<p><a><\/a><a href=\"https:\/\/whatsapp.com\/channel\/0029Va8zRWlEKyZIP3Z1dF0e\"><strong>\u2002\u2002<\/strong><strong>\u00da<\/strong><strong>NETE A NUESTRO CANAL<\/strong><strong><\/strong><\/a><\/p>\n\n\n\n<p>\u00a1<a href=\"https:\/\/whatsapp.com\/channel\/0029Va8zRWlEKyZIP3Z1dF0e\"><strong>LOS POL\u00cd<\/strong><strong>TICOS VERACRUZ<\/strong><\/a> ya est\u00e1 en WhatsApp!<\/p>\n\n\n\n<p><\/p>\n\n\n\n<p><strong>Jos\u00e9 Luis Ortega Vidal<br><\/strong><em>Claroscuros<br><\/em>(1)<br>La batalla entre Roc\u00edo Nahle y el clan Yunes Linares-M\u00e1rquez, a prop\u00f3sito del intento del senador Miguel \u00c1ngel Yunes M\u00e1rquez por afiliarse a MORENA, termin\u00f3 en triunfo para la gobernadora de Veracruz.<br>Sin embargo, haber ganado tal episodio no significa el triunfo de la guerra.<br>Un nuevo choque se vivir\u00e1 el primero de junio en los municipios de Veracruz y Boca del R\u00edo.<br>Si el PAN se alza con dos triunfos, los Yunes Linares-M\u00e1rquez habr\u00e1n perdido el duelo menos significativo y tendr\u00edan en sus manos el trofeo de mayor peso estrat\u00e9gico de cara a los comicios del 2030, verdadera meta para ellos y su enemiga pol\u00edtica declarada.<br>Por lo contrario, perder Veracruz y Boca del R\u00edo ser\u00eda el final de la carrera pol\u00edtica del clan del estero; ya no tendr\u00edan herramientas suficientes para comprar siglas partidistas ni la fuerza pol\u00edtica para enfrentar a Roc\u00edo Nahle.<br>Incluso, de obtener el triunfo en Boca del R\u00edo pero perder Veracruz, padre e hijos multicolores quedar\u00edan debilitados.<br>Despu\u00e9s de los comicios del 2025 habr\u00e1 elecciones federales as\u00ed como de diputados locales en el 2027, y nuevo relevo de alcaldes durante el 2029\u2026<br>Empero, los resultados de junio pr\u00f3ximo marcar\u00e1n l\u00edneas, dejar\u00e1n huellas, mostrar\u00e1n heridas de una parte y otra, sobre todo despu\u00e9s del rid\u00edculo de Ad\u00e1n Augusto L\u00f3pez Hern\u00e1ndez y su protegido el senador Yunes M\u00e1rquez al topar con las puertas cerradas de MORENA nacional.<br>Ese rid\u00edculo del tabasque\u00f1o y el jarocho no se olvidar\u00e1\u2026<br>A este grado de profundidad y alcance se observa el papel de Rosa Mar\u00eda Hern\u00e1ndez Espejo y Bertha Ahued Malpica como cabezas del ej\u00e9rcito electoral guinda enviado a eliminar o dejar al borde del exterminio pol\u00edtico a Miguel \u00c1ngel Yunes Linares y herederos.<br>Hay un factor m\u00e1s, colocado en contra del tr\u00edo Yunes: el tiempo\u2026<br>Sin su pap\u00e1, ni Miguel \u00c1ngel ni Fernando cuentan con la estatura pol\u00edtica ni la inteligencia para nadar en las alcantarillas del poder y sobrevivir, como lo ha logrado durante d\u00e9cadas su art\u00edfice, gu\u00eda y protector.<br>Dentro de seis a\u00f1os Yunes Linares rondar\u00e1 la etapa octogenaria de su vida, por lo cual el 2030 ser\u00e1 la \u00faltima fecha para reintentar el arribo de uno de sus v\u00e1stagos a la silla frente a la catedral xalape\u00f1a.<br>Cuando se queden solos, los muchachos Yunes M\u00e1rquez estar\u00e1n en la selva del poder sin la protecci\u00f3n obligada.<\/p>\n\n\n\n<p>(2)<br>Enemiga del multicolor clan del estero, rival declarada del senador Ad\u00e1n Augusto L\u00f3pez Hern\u00e1ndez, concentrada en anunciar -de norte a sur- obras clave de infraestructura carretera y de puentes en un territorio veracruzano literalmente abandonado por Cuitl\u00e1huac Garc\u00eda Jim\u00e9nez -su antecesor-, Roc\u00edo Nahle Garc\u00eda enfrent\u00f3 un mes de marzo negativo en el rubro de la violencia.<br>Si la estructura de Estado en materia de seguridad y justicia est\u00e1 gravemente da\u00f1ada, y la infraestructura de comunicaci\u00f3n, generaci\u00f3n de empleos, inversi\u00f3n macro -p\u00fablica y privada- enfrenta vac\u00edos profundos: el gran reto es curar la herencia de un c\u00e1ncer econ\u00f3mico\/pol\u00edtico\/social que ha hecho met\u00e1stasis\u2026<\/p>\n\n\n\n<p>(3)<br>\u2022\u2060 \u2060La gobernadora gana una batalla al evitar la afiliaci\u00f3n de Miguel \u00c1ngel Yunes M\u00e1rquez a MORENA\u2026<br>\u2022\u2060 \u2060La gobernadora es respaldada por la presidenta Claudia Sheinbaum respecto a planes y proyectos de obras e inversi\u00f3n en Veracruz\u2026<br>\u2022\u2060 \u2060La gobernadora domina el discurso pol\u00edtico y controla personalmente la estrategia de medios de comunicaci\u00f3n de su gobierno\u2026<br>\u2022\u2060 \u2060La gobernadora apuesta con dos candidatas de su confianza a vencer al clan del estero en Veracruz y Boca del R\u00edo\u2026<\/p>\n\n\n\n<p>Ocurre, no obstante, que la gobernadora no puede sola; la agenda es demasiado grande y pesada y en su equipo y en su partido hay fallas\u2026<br>CONTINUAR\u00c1<\/p>\n","protected":false},"excerpt":{"rendered":"<p>\u2002\u2002\u00daNETE A NUESTRO CANAL \u00a1LOS POL\u00cdTICOS VERACRUZ ya est\u00e1 en WhatsApp! Jos\u00e9 Luis Ortega VidalClaroscuros(1)La batalla entre Roc\u00edo Nahle y el clan Yunes Linares-M\u00e1rquez, a prop\u00f3sito del intento del senador Miguel \u00c1ngel Yunes M\u00e1rquez por afiliarse a MORENA, termin\u00f3 en triunfo para la gobernadora de Veracruz.Sin embargo, haber ganado tal episodio no significa el triunfo [&hellip;]<\/p>\n","protected":false},"author":2,"featured_media":141392,"comment_status":"closed","ping_status":"closed","sticky":false,"template":"","format":"standard","meta":{"tdm_status":"","tdm_grid_status":"","footnotes":""},"categories":[70],"tags":[2769],"class_list":{"0":"post-141638","1":"post","2":"type-post","3":"status-publish","4":"format-standard","5":"has-post-thumbnail","7":"category-de-opinion","8":"tag-jose-luis-ortega-vidal"},"yoast_head":"<!-- This site is optimized with the Yoast SEO plugin v27.4 - https:\/\/yoast.com\/product\/yoast-seo-wordpress\/ -->\n<title>LA SEGUNDA BATALLA DE NAHLE V - Los pol\u00edticos Veracruz<\/title>\n<meta name=\"robots\" content=\"index, follow, max-snippet:-1, max-image-preview:large, max-video-preview:-1\" \/>\n<link rel=\"canonical\" href=\"https:\/\/lospoliticosveracruz.com\/?p=141638\" \/>\n<meta property=\"og:locale\" content=\"es_ES\" \/>\n<meta property=\"og:type\" content=\"article\" \/>\n<meta property=\"og:title\" content=\"LA SEGUNDA BATALLA DE NAHLE V - Los pol\u00edticos Veracruz\" \/>\n<meta property=\"og:description\" content=\"\u2002\u2002\u00daNETE A NUESTRO CANAL \u00a1LOS POL\u00cdTICOS VERACRUZ ya est\u00e1 en WhatsApp! Jos\u00e9 Luis Ortega VidalClaroscuros(1)La batalla entre Roc\u00edo Nahle y el clan Yunes Linares-M\u00e1rquez, a prop\u00f3sito del intento del senador Miguel \u00c1ngel Yunes M\u00e1rquez por afiliarse a MORENA, termin\u00f3 en triunfo para la gobernadora de Veracruz.Sin embargo, haber ganado tal episodio no significa el triunfo [&hellip;]\" \/>\n<meta property=\"og:url\" content=\"https:\/\/lospoliticosveracruz.com\/?p=141638\" \/>\n<meta property=\"og:site_name\" content=\"Los pol\u00edticos Veracruz\" \/>\n<meta property=\"article:publisher\" content=\"https:\/\/www.facebook.com\/people\/Notimemes-de-los-Polticos\/61565672886568\/\" \/>\n<meta property=\"article:published_time\" content=\"2025-04-09T03:51:44+00:00\" \/>\n<meta property=\"article:modified_time\" content=\"2025-04-09T04:28:29+00:00\" \/>\n<meta property=\"og:image\" content=\"https:\/\/lospoliticosveracruz.com\/wp-content\/uploads\/2025\/04\/Jose-Luis-Ortega-Vidal.jpg\" \/>\n\t<meta property=\"og:image:width\" content=\"1250\" \/>\n\t<meta property=\"og:image:height\" content=\"667\" \/>\n\t<meta property=\"og:image:type\" content=\"image\/jpeg\" \/>\n<meta name=\"author\" content=\"Lo viste en Los Pol\u00edticos\" \/>\n<meta name=\"twitter:card\" content=\"summary_large_image\" \/>\n<meta name=\"twitter:creator\" content=\"@LosPoliticosVer\" \/>\n<meta name=\"twitter:site\" content=\"@LosPoliticosVer\" \/>\n<meta name=\"twitter:label1\" content=\"Escrito por\" \/>\n\t<meta name=\"twitter:data1\" content=\"Lo viste en Los Pol\u00edticos\" \/>\n\t<meta name=\"twitter:label2\" content=\"Tiempo de lectura\" \/>\n\t<meta name=\"twitter:data2\" content=\"3 minutos\" \/>\n<script type=\"application\/ld+json\" class=\"yoast-schema-graph\">{\"@context\":\"https:\\\/\\\/schema.org\",\"@graph\":[{\"@type\":\"Article\",\"@id\":\"https:\\\/\\\/lospoliticosveracruz.com\\\/?p=141638#article\",\"isPartOf\":{\"@id\":\"https:\\\/\\\/lospoliticosveracruz.com\\\/?p=141638\"},\"author\":{\"name\":\"Lo viste en Los Pol\u00edticos\",\"@id\":\"https:\\\/\\\/lospoliticosveracruz.com\\\/#\\\/schema\\\/person\\\/b8702bb0e538456e6efd07080bf2a4a2\"},\"headline\":\"LA SEGUNDA BATALLA DE NAHLE V\",\"datePublished\":\"2025-04-09T03:51:44+00:00\",\"dateModified\":\"2025-04-09T04:28:29+00:00\",\"mainEntityOfPage\":{\"@id\":\"https:\\\/\\\/lospoliticosveracruz.com\\\/?p=141638\"},\"wordCount\":684,\"publisher\":{\"@id\":\"https:\\\/\\\/lospoliticosveracruz.com\\\/#organization\"},\"image\":{\"@id\":\"https:\\\/\\\/lospoliticosveracruz.com\\\/?p=141638#primaryimage\"},\"thumbnailUrl\":\"https:\\\/\\\/lospoliticosveracruz.com\\\/wp-content\\\/uploads\\\/2025\\\/04\\\/Jose-Luis-Ortega-Vidal.jpg\",\"keywords\":[\"Jos\u00e9 Luis Ortega Vidal\"],\"articleSection\":[\"De Opini\u00f3n\"],\"inLanguage\":\"es\"},{\"@type\":\"WebPage\",\"@id\":\"https:\\\/\\\/lospoliticosveracruz.com\\\/?p=141638\",\"url\":\"https:\\\/\\\/lospoliticosveracruz.com\\\/?p=141638\",\"name\":\"LA SEGUNDA BATALLA DE NAHLE V - Los pol\u00edticos Veracruz\",\"isPartOf\":{\"@id\":\"https:\\\/\\\/lospoliticosveracruz.com\\\/#website\"},\"primaryImageOfPage\":{\"@id\":\"https:\\\/\\\/lospoliticosveracruz.com\\\/?p=141638#primaryimage\"},\"image\":{\"@id\":\"https:\\\/\\\/lospoliticosveracruz.com\\\/?p=141638#primaryimage\"},\"thumbnailUrl\":\"https:\\\/\\\/lospoliticosveracruz.com\\\/wp-content\\\/uploads\\\/2025\\\/04\\\/Jose-Luis-Ortega-Vidal.jpg\",\"datePublished\":\"2025-04-09T03:51:44+00:00\",\"dateModified\":\"2025-04-09T04:28:29+00:00\",\"breadcrumb\":{\"@id\":\"https:\\\/\\\/lospoliticosveracruz.com\\\/?p=141638#breadcrumb\"},\"inLanguage\":\"es\",\"potentialAction\":[{\"@type\":\"ReadAction\",\"target\":[\"https:\\\/\\\/lospoliticosveracruz.com\\\/?p=141638\"]}]},{\"@type\":\"ImageObject\",\"inLanguage\":\"es\",\"@id\":\"https:\\\/\\\/lospoliticosveracruz.com\\\/?p=141638#primaryimage\",\"url\":\"https:\\\/\\\/lospoliticosveracruz.com\\\/wp-content\\\/uploads\\\/2025\\\/04\\\/Jose-Luis-Ortega-Vidal.jpg\",\"contentUrl\":\"https:\\\/\\\/lospoliticosveracruz.com\\\/wp-content\\\/uploads\\\/2025\\\/04\\\/Jose-Luis-Ortega-Vidal.jpg\",\"width\":1250,\"height\":667},{\"@type\":\"BreadcrumbList\",\"@id\":\"https:\\\/\\\/lospoliticosveracruz.com\\\/?p=141638#breadcrumb\",\"itemListElement\":[{\"@type\":\"ListItem\",\"position\":1,\"name\":\"Portada\",\"item\":\"https:\\\/\\\/lospoliticosveracruz.com\\\/\"},{\"@type\":\"ListItem\",\"position\":2,\"name\":\"LA SEGUNDA BATALLA DE NAHLE V\"}]},{\"@type\":\"WebSite\",\"@id\":\"https:\\\/\\\/lospoliticosveracruz.com\\\/#website\",\"url\":\"https:\\\/\\\/lospoliticosveracruz.com\\\/\",\"name\":\"Los pol\u00edticos Veracruz\",\"description\":\"\",\"publisher\":{\"@id\":\"https:\\\/\\\/lospoliticosveracruz.com\\\/#organization\"},\"potentialAction\":[{\"@type\":\"SearchAction\",\"target\":{\"@type\":\"EntryPoint\",\"urlTemplate\":\"https:\\\/\\\/lospoliticosveracruz.com\\\/?s={search_term_string}\"},\"query-input\":{\"@type\":\"PropertyValueSpecification\",\"valueRequired\":true,\"valueName\":\"search_term_string\"}}],\"inLanguage\":\"es\"},{\"@type\":\"Organization\",\"@id\":\"https:\\\/\\\/lospoliticosveracruz.com\\\/#organization\",\"name\":\"Los pol\u00edticos Veracruz\",\"url\":\"https:\\\/\\\/lospoliticosveracruz.com\\\/\",\"logo\":{\"@type\":\"ImageObject\",\"inLanguage\":\"es\",\"@id\":\"https:\\\/\\\/lospoliticosveracruz.com\\\/#\\\/schema\\\/logo\\\/image\\\/\",\"url\":\"https:\\\/\\\/lospoliticosveracruz.com\\\/wp-content\\\/uploads\\\/2025\\\/12\\\/Logo-Nuevo-LOS-POLITICOS-1.jpg\",\"contentUrl\":\"https:\\\/\\\/lospoliticosveracruz.com\\\/wp-content\\\/uploads\\\/2025\\\/12\\\/Logo-Nuevo-LOS-POLITICOS-1.jpg\",\"width\":260,\"height\":70,\"caption\":\"Los pol\u00edticos Veracruz\"},\"image\":{\"@id\":\"https:\\\/\\\/lospoliticosveracruz.com\\\/#\\\/schema\\\/logo\\\/image\\\/\"},\"sameAs\":[\"https:\\\/\\\/www.facebook.com\\\/people\\\/Notimemes-de-los-Polticos\\\/61565672886568\\\/\",\"https:\\\/\\\/x.com\\\/LosPoliticosVer\"]},{\"@type\":\"Person\",\"@id\":\"https:\\\/\\\/lospoliticosveracruz.com\\\/#\\\/schema\\\/person\\\/b8702bb0e538456e6efd07080bf2a4a2\",\"name\":\"Lo viste en Los Pol\u00edticos\",\"image\":{\"@type\":\"ImageObject\",\"inLanguage\":\"es\",\"@id\":\"https:\\\/\\\/secure.gravatar.com\\\/avatar\\\/3a8de04a2656d44082be478bd6c086daa447c4651605818287b9532d3d0bd435?s=96&d=mm&r=g\",\"url\":\"https:\\\/\\\/secure.gravatar.com\\\/avatar\\\/3a8de04a2656d44082be478bd6c086daa447c4651605818287b9532d3d0bd435?s=96&d=mm&r=g\",\"contentUrl\":\"https:\\\/\\\/secure.gravatar.com\\\/avatar\\\/3a8de04a2656d44082be478bd6c086daa447c4651605818287b9532d3d0bd435?s=96&d=mm&r=g\",\"caption\":\"Lo viste en Los Pol\u00edticos\"},\"url\":\"https:\\\/\\\/lospoliticosveracruz.com\\\/?author=2\"}]}<\/script>\n<!-- \/ Yoast SEO plugin. -->","yoast_head_json":{"title":"LA SEGUNDA BATALLA DE NAHLE V - Los pol\u00edticos Veracruz","robots":{"index":"index","follow":"follow","max-snippet":"max-snippet:-1","max-image-preview":"max-image-preview:large","max-video-preview":"max-video-preview:-1"},"canonical":"https:\/\/lospoliticosveracruz.com\/?p=141638","og_locale":"es_ES","og_type":"article","og_title":"LA SEGUNDA BATALLA DE NAHLE V - Los pol\u00edticos Veracruz","og_description":"\u2002\u2002\u00daNETE A NUESTRO CANAL \u00a1LOS POL\u00cdTICOS VERACRUZ ya est\u00e1 en WhatsApp! Jos\u00e9 Luis Ortega VidalClaroscuros(1)La batalla entre Roc\u00edo Nahle y el clan Yunes Linares-M\u00e1rquez, a prop\u00f3sito del intento del senador Miguel \u00c1ngel Yunes M\u00e1rquez por afiliarse a MORENA, termin\u00f3 en triunfo para la gobernadora de Veracruz.Sin embargo, haber ganado tal episodio no significa el triunfo [&hellip;]","og_url":"https:\/\/lospoliticosveracruz.com\/?p=141638","og_site_name":"Los pol\u00edticos Veracruz","article_publisher":"https:\/\/www.facebook.com\/people\/Notimemes-de-los-Polticos\/61565672886568\/","article_published_time":"2025-04-09T03:51:44+00:00","article_modified_time":"2025-04-09T04:28:29+00:00","og_image":[{"width":1250,"height":667,"url":"https:\/\/lospoliticosveracruz.com\/wp-content\/uploads\/2025\/04\/Jose-Luis-Ortega-Vidal.jpg","type":"image\/jpeg"}],"author":"Lo viste en Los Pol\u00edticos","twitter_card":"summary_large_image","twitter_creator":"@LosPoliticosVer","twitter_site":"@LosPoliticosVer","twitter_misc":{"Escrito por":"Lo viste en Los Pol\u00edticos","Tiempo de lectura":"3 minutos"},"schema":{"@context":"https:\/\/schema.org","@graph":[{"@type":"Article","@id":"https:\/\/lospoliticosveracruz.com\/?p=141638#article","isPartOf":{"@id":"https:\/\/lospoliticosveracruz.com\/?p=141638"},"author":{"name":"Lo viste en Los Pol\u00edticos","@id":"https:\/\/lospoliticosveracruz.com\/#\/schema\/person\/b8702bb0e538456e6efd07080bf2a4a2"},"headline":"LA SEGUNDA BATALLA DE NAHLE V","datePublished":"2025-04-09T03:51:44+00:00","dateModified":"2025-04-09T04:28:29+00:00","mainEntityOfPage":{"@id":"https:\/\/lospoliticosveracruz.com\/?p=141638"},"wordCount":684,"publisher":{"@id":"https:\/\/lospoliticosveracruz.com\/#organization"},"image":{"@id":"https:\/\/lospoliticosveracruz.com\/?p=141638#primaryimage"},"thumbnailUrl":"https:\/\/lospoliticosveracruz.com\/wp-content\/uploads\/2025\/04\/Jose-Luis-Ortega-Vidal.jpg","keywords":["Jos\u00e9 Luis Ortega Vidal"],"articleSection":["De Opini\u00f3n"],"inLanguage":"es"},{"@type":"WebPage","@id":"https:\/\/lospoliticosveracruz.com\/?p=141638","url":"https:\/\/lospoliticosveracruz.com\/?p=141638","name":"LA SEGUNDA BATALLA DE NAHLE V - Los pol\u00edticos Veracruz","isPartOf":{"@id":"https:\/\/lospoliticosveracruz.com\/#website"},"primaryImageOfPage":{"@id":"https:\/\/lospoliticosveracruz.com\/?p=141638#primaryimage"},"image":{"@id":"https:\/\/lospoliticosveracruz.com\/?p=141638#primaryimage"},"thumbnailUrl":"https:\/\/lospoliticosveracruz.com\/wp-content\/uploads\/2025\/04\/Jose-Luis-Ortega-Vidal.jpg","datePublished":"2025-04-09T03:51:44+00:00","dateModified":"2025-04-09T04:28:29+00:00","breadcrumb":{"@id":"https:\/\/lospoliticosveracruz.com\/?p=141638#breadcrumb"},"inLanguage":"es","potentialAction":[{"@type":"ReadAction","target":["https:\/\/lospoliticosveracruz.com\/?p=141638"]}]},{"@type":"ImageObject","inLanguage":"es","@id":"https:\/\/lospoliticosveracruz.com\/?p=141638#primaryimage","url":"https:\/\/lospoliticosveracruz.com\/wp-content\/uploads\/2025\/04\/Jose-Luis-Ortega-Vidal.jpg","contentUrl":"https:\/\/lospoliticosveracruz.com\/wp-content\/uploads\/2025\/04\/Jose-Luis-Ortega-Vidal.jpg","width":1250,"height":667},{"@type":"BreadcrumbList","@id":"https:\/\/lospoliticosveracruz.com\/?p=141638#breadcrumb","itemListElement":[{"@type":"ListItem","position":1,"name":"Portada","item":"https:\/\/lospoliticosveracruz.com\/"},{"@type":"ListItem","position":2,"name":"LA SEGUNDA BATALLA DE NAHLE V"}]},{"@type":"WebSite","@id":"https:\/\/lospoliticosveracruz.com\/#website","url":"https:\/\/lospoliticosveracruz.com\/","name":"Los pol\u00edticos Veracruz","description":"","publisher":{"@id":"https:\/\/lospoliticosveracruz.com\/#organization"},"potentialAction":[{"@type":"SearchAction","target":{"@type":"EntryPoint","urlTemplate":"https:\/\/lospoliticosveracruz.com\/?s={search_term_string}"},"query-input":{"@type":"PropertyValueSpecification","valueRequired":true,"valueName":"search_term_string"}}],"inLanguage":"es"},{"@type":"Organization","@id":"https:\/\/lospoliticosveracruz.com\/#organization","name":"Los pol\u00edticos Veracruz","url":"https:\/\/lospoliticosveracruz.com\/","logo":{"@type":"ImageObject","inLanguage":"es","@id":"https:\/\/lospoliticosveracruz.com\/#\/schema\/logo\/image\/","url":"https:\/\/lospoliticosveracruz.com\/wp-content\/uploads\/2025\/12\/Logo-Nuevo-LOS-POLITICOS-1.jpg","contentUrl":"https:\/\/lospoliticosveracruz.com\/wp-content\/uploads\/2025\/12\/Logo-Nuevo-LOS-POLITICOS-1.jpg","width":260,"height":70,"caption":"Los pol\u00edticos Veracruz"},"image":{"@id":"https:\/\/lospoliticosveracruz.com\/#\/schema\/logo\/image\/"},"sameAs":["https:\/\/www.facebook.com\/people\/Notimemes-de-los-Polticos\/61565672886568\/","https:\/\/x.com\/LosPoliticosVer"]},{"@type":"Person","@id":"https:\/\/lospoliticosveracruz.com\/#\/schema\/person\/b8702bb0e538456e6efd07080bf2a4a2","name":"Lo viste en Los Pol\u00edticos","image":{"@type":"ImageObject","inLanguage":"es","@id":"https:\/\/secure.gravatar.com\/avatar\/3a8de04a2656d44082be478bd6c086daa447c4651605818287b9532d3d0bd435?s=96&d=mm&r=g","url":"https:\/\/secure.gravatar.com\/avatar\/3a8de04a2656d44082be478bd6c086daa447c4651605818287b9532d3d0bd435?s=96&d=mm&r=g","contentUrl":"https:\/\/secure.gravatar.com\/avatar\/3a8de04a2656d44082be478bd6c086daa447c4651605818287b9532d3d0bd435?s=96&d=mm&r=g","caption":"Lo viste en Los Pol\u00edticos"},"url":"https:\/\/lospoliticosveracruz.com\/?author=2"}]}},"_links":{"self":[{"href":"https:\/\/lospoliticosveracruz.com\/index.php?rest_route=\/wp\/v2\/posts\/141638","targetHints":{"allow":["GET"]}}],"collection":[{"href":"https:\/\/lospoliticosveracruz.com\/index.php?rest_route=\/wp\/v2\/posts"}],"about":[{"href":"https:\/\/lospoliticosveracruz.com\/index.php?rest_route=\/wp\/v2\/types\/post"}],"author":[{"embeddable":true,"href":"https:\/\/lospoliticosveracruz.com\/index.php?rest_route=\/wp\/v2\/users\/2"}],"replies":[{"embeddable":true,"href":"https:\/\/lospoliticosveracruz.com\/index.php?rest_route=%2Fwp%2Fv2%2Fcomments&post=141638"}],"version-history":[{"count":2,"href":"https:\/\/lospoliticosveracruz.com\/index.php?rest_route=\/wp\/v2\/posts\/141638\/revisions"}],"predecessor-version":[{"id":141644,"href":"https:\/\/lospoliticosveracruz.com\/index.php?rest_route=\/wp\/v2\/posts\/141638\/revisions\/141644"}],"wp:featuredmedia":[{"embeddable":true,"href":"https:\/\/lospoliticosveracruz.com\/index.php?rest_route=\/wp\/v2\/media\/141392"}],"wp:attachment":[{"href":"https:\/\/lospoliticosveracruz.com\/index.php?rest_route=%2Fwp%2Fv2%2Fmedia&parent=141638"}],"wp:term":[{"taxonomy":"category","embeddable":true,"href":"https:\/\/lospoliticosveracruz.com\/index.php?rest_route=%2Fwp%2Fv2%2Fcategories&post=141638"},{"taxonomy":"post_tag","embeddable":true,"href":"https:\/\/lospoliticosveracruz.com\/index.php?rest_route=%2Fwp%2Fv2%2Ftags&post=141638"}],"curies":[{"name":"wp","href":"https:\/\/api.w.org\/{rel}","templated":true}]}}