{"id":141737,"date":"2025-04-10T07:53:24","date_gmt":"2025-04-10T12:53:24","guid":{"rendered":"https:\/\/lospoliticosveracruz.com.mx\/?p=141737"},"modified":"2025-04-10T07:53:43","modified_gmt":"2025-04-10T12:53:43","slug":"tuxpan-y-tamiahua-sabor-a-derrota","status":"publish","type":"post","link":"https:\/\/lospoliticosveracruz.com\/?p=141737","title":{"rendered":"TUXPAN Y TAMIAHUA, SABOR A DERROTA"},"content":{"rendered":"\n<p>[S\u00edguenos ahora tambi\u00e9n en WhatsApp.\u00a0<a href=\"https:\/\/whatsapp.com\/channel\/0029Va8zRWlEKyZIP3Z1dF0e\"><strong><em>Da clic aqu\u00ed<\/em><\/strong><\/a>]\u00a0<br><strong>Fanny Y\u00e9pez<\/strong><br><em>La Columna<\/em><\/p>\n\n\n\n<p>El riesgo de una derrota para los partidos Morena, y Verde Ecologista de M\u00e9xico, crece en los municipios de Tuxpan y Tamiahua, por los desacreditados candidatos que eligieron y no es para menos.<\/p>\n\n\n\n<p>Resulta que el diputado local por el Distrito de Tuxpan, Daniel Cortina Mart\u00ednez solicit\u00f3 licencia para ser postulado por Morena en la contienda para la alcald\u00eda de Tuxpan; y su suplente, Citlali Medell\u00edn Careaga, tambi\u00e9n solicit\u00f3 licencia para ser candidata por el Partido Verde por Tamiahua, dejando vac\u00eda esa curul.<\/p>\n\n\n\n<p>Ellos tomaron posesi\u00f3n como diputados locales el 5 de noviembre del a\u00f1o pasado, es decir, apenas hace cinco meses y sin ning\u00fan respeto abandonan esa responsabilidad que recibieron con el voto del pueblo.<br>Si es verdad, que legalmente pueden actuar de esa manera, pero moralmente y sin \u00e9tica traicionan a aquellos que confiaron en sus discursos, que resultaron falsos por donde se les quiera ver.<br>Daniel Cortina Mart\u00ednez en un escueto curr\u00edculo expone los cargos que ha ocupado, resultado del apoyo que ha recibido de sus \u201cpadrinos\u201d pol\u00edticos, porque por sus propios m\u00e9ritos es muy poco lo que se le conoce.<br>Aqu\u00ed est\u00e1, parte de esta historia: Recientemente se desempe\u00f1\u00f3 como Analista Administrativo de la Subsecretar\u00eda de Planeaci\u00f3n de la Secretar\u00eda de Finanzas y Planeaci\u00f3n y como Coordinador del Programa \u201cJ\u00f3venes Construyendo el Futuro\u201d. Fungi\u00f3 como Asesor en la Vig\u00e9sima Primera Legislatura Federal, durante el per\u00edodo comprendido de enero de 2013 a diciembre de 2014. Ocup\u00f3 el cargo de Secretario en el H. Ayuntamiento de Tuxpan, Ver., a partir de enero de 2009 hasta diciembre de 2013.<br>Los tuxpe\u00f1os no se explican como la dirigencia del partido Morena autoriz\u00f3 esa nominaci\u00f3n, sabiendo que apenas hace unos meses estuvo en campa\u00f1a y ahora de nueva cuenta vuelve a buscar el voto, lo que lo hace vulnerable ante sus oponentes, sobre todo frente al candidato de Movimiento Ciudadano, Juan Francisco Cruz Lorencez, que no pierde el tiempo posicion\u00e1ndose en el \u00e1nimo del electorado.<br>Pero por si fuera poco, en la planilla que \u00e9l encabeza va tambi\u00e9n Beatriz Pi\u00f1a Vergara, mejor conocida como Bety Pi\u00f1a, que no suelta el hueso porque va por tercera ocasi\u00f3n en la planilla, como lo hizo en el cabildo de 2018.2021, cuando fue regidora 5\u00aa. En la presente administraci\u00f3n es s\u00edndica, pero viendo que se le acaba el tiempo ahora se apunt\u00f3 como regidora primera, haciendo a un lado a otros militantes de Morena que han caminado en esas filas buscando la oportunidad de que se les haga justicia, pero a ella eso no le importa.<br>Solo ha provocado el hartazgo social y eso seguramente le va a traer consecuencias a Morena el 1 de junio pr\u00f3ximo, porque es un grupito el que se ha enquistado en el poder para hacer lo que les venga en gana sin ver que se les va a revertir m\u00e1s temprano que tarde.<br>En el mes de febrero todav\u00eda los morenos pensaban que se llevar\u00edan el carro completo, pero pasados los d\u00edas las cosas han cambiado de manera extrema, ahora el riesgo es inminente en algunos municipios, donde los habitantes se han cansado de esa actitud deplorable de los alcaldes que emanaron de ese Movimiento de Regeneraci\u00f3n Nacional.<br>En Tamiahua est\u00e1n que trinan\u2026<br>De Tamiahua hay mucho que comentar, porque Citlali Medell\u00edn apenas dej\u00f3 el cargo de presidenta municipal en el a\u00f1o 2021 y ya quiere regresar. Y dicen sus mal querientes \u201cpero lo que se llev\u00f3\u201d, porque de acuerdo a la revisi\u00f3n de la cuenta p\u00fablica que report\u00f3 el \u00d3rgano de Fiscalizaci\u00f3n Superior (Orfis), dej\u00f3 un da\u00f1o patrimonial de 9 millones 895 mil 161.46 pesos.<br>Son 31 observaciones de presunto da\u00f1o patrimonial, 13 de esas observaciones se refieren al tema financiero presupuestal y 18 se refieren al tema t\u00e9cnico de la obra p\u00fablica, porque se presume que entreg\u00f3 obras inconclusas.<br>Pareciera que es m\u00e1s redituable ser alcaldesa que suplente de diputado local, por eso el inter\u00e9s de volver a participar, pero con esa cruz dif\u00edcilmente podr\u00e1 remontar en la aceptaci\u00f3n del pueblo bueno y sabio que est\u00e1 m\u00e1s politizado que nunca, al menos tendr\u00e1n que hacer el doble del trabajo de campa\u00f1a para convencer.<br>Es menester destacar que en la actualidad existe un descontento generalizado entre las poblaciones de la zona de Tuxp\u00e1n y Tamiahua por oleada de violencia que azota esta regi\u00f3n (ejecuciones, secuestros, asaltos, extorsiones y cobro piso) entre otras situaciones que mantiene aterrorizada a las localidades. Este es otro factor que puede contribuir a que los ciudadanos emitan el voto en contra de los candidatos de Morena y Partido Verde Ecologista.<br>M\u00e1s de 88 mil estudiantes recibir\u00e1n la beca \u201cBenito Juarez\u201d<br>En v\u00edsperas del inicio de la temporada vacacional de cuaresma, un total de 88 mil 773 tarjetas de la beca \u201cBenito Ju\u00e1rez\u201d para nivel medio superior se repartir\u00e1n en la entidad del 10 al 28 de abril, inform\u00f3 el delegado en Veracruz de la Secretar\u00eda de Bienestar, Juan Javier G\u00f3mez Cazar\u00edn.<\/p>\n\n\n\n<p>Al informar que los pl\u00e1sticos llegaron a las oficinas de Bienestar en Xalapa, detall\u00f3 que cada estudiante recibir\u00e1 3 mil 800 pesos, que incluir\u00e1 los pagos pendientes de enero y febrero.<\/p>\n\n\n\n<p>\u201cVamos a empezar a dispersar estas tarjetas del 10 hasta el 28 de abril. Solamente se descansar\u00e1 el 17 y 18 de abril, Jueves y Viernes Santo, de ah\u00ed nos iremos de corrido todos los d\u00edas\u201d, dijo el funcionario.<\/p>\n\n\n\n<p>Para recibir la beca, los j\u00f3venes deber\u00e1n presentar CURP, INE, acta de nacimiento y comprobante de domicilio. Adem\u00e1s, el tutor o familiar que los acompa\u00f1e deber\u00e1 llevar su CURP e INE, detall\u00f3 el Delegado.<\/p>\n\n\n\n<p>\u201cVamos a pagar los meses atrasados de enero y febrero, son mil 900 pesos, por lo tanto, estar\u00e1n recibiendo 3 mil 800 pesos cada joven que tenga derecho a esta beca\u201d, dijo Juan Javier G\u00f3mez Cazar\u00edn.<\/p>\n","protected":false},"excerpt":{"rendered":"<p>[S\u00edguenos ahora tambi\u00e9n en WhatsApp.\u00a0Da clic aqu\u00ed]\u00a0Fanny Y\u00e9pezLa Columna El riesgo de una derrota para los partidos Morena, y Verde Ecologista de M\u00e9xico, crece en los municipios de Tuxpan y Tamiahua, por los desacreditados candidatos que eligieron y no es para menos. Resulta que el diputado local por el Distrito de Tuxpan, Daniel Cortina Mart\u00ednez [&hellip;]<\/p>\n","protected":false},"author":2,"featured_media":141383,"comment_status":"closed","ping_status":"closed","sticky":false,"template":"","format":"standard","meta":{"tdm_status":"","tdm_grid_status":"","footnotes":""},"categories":[70],"tags":[8106,13172,43286,2837,203],"class_list":{"0":"post-141737","1":"post","2":"type-post","3":"status-publish","4":"format-standard","5":"has-post-thumbnail","7":"category-de-opinion","8":"tag-citlali-medellin-careaga","9":"tag-citlali-medellin-careaga-de-tepetzintla","10":"tag-daniel-cortina","11":"tag-tamiahua","12":"tag-tuxpan"},"yoast_head":"<!-- This site is optimized with the Yoast SEO plugin v27.4 - https:\/\/yoast.com\/product\/yoast-seo-wordpress\/ -->\n<title>TUXPAN Y TAMIAHUA, SABOR A DERROTA - Los pol\u00edticos Veracruz<\/title>\n<meta name=\"robots\" content=\"index, follow, max-snippet:-1, max-image-preview:large, max-video-preview:-1\" \/>\n<link rel=\"canonical\" href=\"https:\/\/lospoliticosveracruz.com\/?p=141737\" \/>\n<meta property=\"og:locale\" content=\"es_ES\" \/>\n<meta property=\"og:type\" content=\"article\" \/>\n<meta property=\"og:title\" content=\"TUXPAN Y TAMIAHUA, SABOR A DERROTA - Los pol\u00edticos Veracruz\" \/>\n<meta property=\"og:description\" content=\"[S\u00edguenos ahora tambi\u00e9n en WhatsApp.\u00a0Da clic aqu\u00ed]\u00a0Fanny Y\u00e9pezLa Columna El riesgo de una derrota para los partidos Morena, y Verde Ecologista de M\u00e9xico, crece en los municipios de Tuxpan y Tamiahua, por los desacreditados candidatos que eligieron y no es para menos. Resulta que el diputado local por el Distrito de Tuxpan, Daniel Cortina Mart\u00ednez [&hellip;]\" \/>\n<meta property=\"og:url\" content=\"https:\/\/lospoliticosveracruz.com\/?p=141737\" \/>\n<meta property=\"og:site_name\" content=\"Los pol\u00edticos Veracruz\" \/>\n<meta property=\"article:publisher\" content=\"https:\/\/www.facebook.com\/people\/Notimemes-de-los-Polticos\/61565672886568\/\" \/>\n<meta property=\"article:published_time\" content=\"2025-04-10T12:53:24+00:00\" \/>\n<meta property=\"article:modified_time\" content=\"2025-04-10T12:53:43+00:00\" \/>\n<meta property=\"og:image\" content=\"https:\/\/lospoliticosveracruz.com\/wp-content\/uploads\/2025\/04\/Fanny-Yepez-Luna.jpg\" \/>\n\t<meta property=\"og:image:width\" content=\"1250\" \/>\n\t<meta property=\"og:image:height\" content=\"667\" \/>\n\t<meta property=\"og:image:type\" content=\"image\/jpeg\" \/>\n<meta name=\"author\" content=\"Lo viste en Los Pol\u00edticos\" \/>\n<meta name=\"twitter:card\" content=\"summary_large_image\" \/>\n<meta name=\"twitter:creator\" content=\"@LosPoliticosVer\" \/>\n<meta name=\"twitter:site\" content=\"@LosPoliticosVer\" \/>\n<meta name=\"twitter:label1\" content=\"Escrito por\" \/>\n\t<meta name=\"twitter:data1\" content=\"Lo viste en Los Pol\u00edticos\" \/>\n\t<meta name=\"twitter:label2\" content=\"Tiempo de lectura\" \/>\n\t<meta name=\"twitter:data2\" content=\"5 minutos\" \/>\n<script type=\"application\/ld+json\" class=\"yoast-schema-graph\">{\"@context\":\"https:\\\/\\\/schema.org\",\"@graph\":[{\"@type\":\"Article\",\"@id\":\"https:\\\/\\\/lospoliticosveracruz.com\\\/?p=141737#article\",\"isPartOf\":{\"@id\":\"https:\\\/\\\/lospoliticosveracruz.com\\\/?p=141737\"},\"author\":{\"name\":\"Lo viste en Los Pol\u00edticos\",\"@id\":\"https:\\\/\\\/lospoliticosveracruz.com\\\/#\\\/schema\\\/person\\\/b8702bb0e538456e6efd07080bf2a4a2\"},\"headline\":\"TUXPAN Y TAMIAHUA, SABOR A DERROTA\",\"datePublished\":\"2025-04-10T12:53:24+00:00\",\"dateModified\":\"2025-04-10T12:53:43+00:00\",\"mainEntityOfPage\":{\"@id\":\"https:\\\/\\\/lospoliticosveracruz.com\\\/?p=141737\"},\"wordCount\":1021,\"publisher\":{\"@id\":\"https:\\\/\\\/lospoliticosveracruz.com\\\/#organization\"},\"image\":{\"@id\":\"https:\\\/\\\/lospoliticosveracruz.com\\\/?p=141737#primaryimage\"},\"thumbnailUrl\":\"https:\\\/\\\/lospoliticosveracruz.com\\\/wp-content\\\/uploads\\\/2025\\\/04\\\/Fanny-Yepez-Luna-e1768657334923.jpg\",\"keywords\":[\"Citlali Medell\u00edn Careaga\",\"Citlali Medell\u00edn Careaga; de Tepetzintla\",\"Daniel Cortina\",\"Tamiahua\",\"Tuxpan\"],\"articleSection\":[\"De Opini\u00f3n\"],\"inLanguage\":\"es\"},{\"@type\":\"WebPage\",\"@id\":\"https:\\\/\\\/lospoliticosveracruz.com\\\/?p=141737\",\"url\":\"https:\\\/\\\/lospoliticosveracruz.com\\\/?p=141737\",\"name\":\"TUXPAN Y TAMIAHUA, SABOR A DERROTA - Los pol\u00edticos Veracruz\",\"isPartOf\":{\"@id\":\"https:\\\/\\\/lospoliticosveracruz.com\\\/#website\"},\"primaryImageOfPage\":{\"@id\":\"https:\\\/\\\/lospoliticosveracruz.com\\\/?p=141737#primaryimage\"},\"image\":{\"@id\":\"https:\\\/\\\/lospoliticosveracruz.com\\\/?p=141737#primaryimage\"},\"thumbnailUrl\":\"https:\\\/\\\/lospoliticosveracruz.com\\\/wp-content\\\/uploads\\\/2025\\\/04\\\/Fanny-Yepez-Luna-e1768657334923.jpg\",\"datePublished\":\"2025-04-10T12:53:24+00:00\",\"dateModified\":\"2025-04-10T12:53:43+00:00\",\"breadcrumb\":{\"@id\":\"https:\\\/\\\/lospoliticosveracruz.com\\\/?p=141737#breadcrumb\"},\"inLanguage\":\"es\",\"potentialAction\":[{\"@type\":\"ReadAction\",\"target\":[\"https:\\\/\\\/lospoliticosveracruz.com\\\/?p=141737\"]}]},{\"@type\":\"ImageObject\",\"inLanguage\":\"es\",\"@id\":\"https:\\\/\\\/lospoliticosveracruz.com\\\/?p=141737#primaryimage\",\"url\":\"https:\\\/\\\/lospoliticosveracruz.com\\\/wp-content\\\/uploads\\\/2025\\\/04\\\/Fanny-Yepez-Luna-e1768657334923.jpg\",\"contentUrl\":\"https:\\\/\\\/lospoliticosveracruz.com\\\/wp-content\\\/uploads\\\/2025\\\/04\\\/Fanny-Yepez-Luna-e1768657334923.jpg\",\"width\":600,\"height\":320},{\"@type\":\"BreadcrumbList\",\"@id\":\"https:\\\/\\\/lospoliticosveracruz.com\\\/?p=141737#breadcrumb\",\"itemListElement\":[{\"@type\":\"ListItem\",\"position\":1,\"name\":\"Portada\",\"item\":\"https:\\\/\\\/lospoliticosveracruz.com\\\/\"},{\"@type\":\"ListItem\",\"position\":2,\"name\":\"TUXPAN Y TAMIAHUA, SABOR A DERROTA\"}]},{\"@type\":\"WebSite\",\"@id\":\"https:\\\/\\\/lospoliticosveracruz.com\\\/#website\",\"url\":\"https:\\\/\\\/lospoliticosveracruz.com\\\/\",\"name\":\"Los pol\u00edticos Veracruz\",\"description\":\"\",\"publisher\":{\"@id\":\"https:\\\/\\\/lospoliticosveracruz.com\\\/#organization\"},\"potentialAction\":[{\"@type\":\"SearchAction\",\"target\":{\"@type\":\"EntryPoint\",\"urlTemplate\":\"https:\\\/\\\/lospoliticosveracruz.com\\\/?s={search_term_string}\"},\"query-input\":{\"@type\":\"PropertyValueSpecification\",\"valueRequired\":true,\"valueName\":\"search_term_string\"}}],\"inLanguage\":\"es\"},{\"@type\":\"Organization\",\"@id\":\"https:\\\/\\\/lospoliticosveracruz.com\\\/#organization\",\"name\":\"Los pol\u00edticos Veracruz\",\"url\":\"https:\\\/\\\/lospoliticosveracruz.com\\\/\",\"logo\":{\"@type\":\"ImageObject\",\"inLanguage\":\"es\",\"@id\":\"https:\\\/\\\/lospoliticosveracruz.com\\\/#\\\/schema\\\/logo\\\/image\\\/\",\"url\":\"https:\\\/\\\/lospoliticosveracruz.com\\\/wp-content\\\/uploads\\\/2025\\\/12\\\/Logo-Nuevo-LOS-POLITICOS-1.jpg\",\"contentUrl\":\"https:\\\/\\\/lospoliticosveracruz.com\\\/wp-content\\\/uploads\\\/2025\\\/12\\\/Logo-Nuevo-LOS-POLITICOS-1.jpg\",\"width\":260,\"height\":70,\"caption\":\"Los pol\u00edticos Veracruz\"},\"image\":{\"@id\":\"https:\\\/\\\/lospoliticosveracruz.com\\\/#\\\/schema\\\/logo\\\/image\\\/\"},\"sameAs\":[\"https:\\\/\\\/www.facebook.com\\\/people\\\/Notimemes-de-los-Polticos\\\/61565672886568\\\/\",\"https:\\\/\\\/x.com\\\/LosPoliticosVer\"]},{\"@type\":\"Person\",\"@id\":\"https:\\\/\\\/lospoliticosveracruz.com\\\/#\\\/schema\\\/person\\\/b8702bb0e538456e6efd07080bf2a4a2\",\"name\":\"Lo viste en Los Pol\u00edticos\",\"image\":{\"@type\":\"ImageObject\",\"inLanguage\":\"es\",\"@id\":\"https:\\\/\\\/secure.gravatar.com\\\/avatar\\\/3a8de04a2656d44082be478bd6c086daa447c4651605818287b9532d3d0bd435?s=96&d=mm&r=g\",\"url\":\"https:\\\/\\\/secure.gravatar.com\\\/avatar\\\/3a8de04a2656d44082be478bd6c086daa447c4651605818287b9532d3d0bd435?s=96&d=mm&r=g\",\"contentUrl\":\"https:\\\/\\\/secure.gravatar.com\\\/avatar\\\/3a8de04a2656d44082be478bd6c086daa447c4651605818287b9532d3d0bd435?s=96&d=mm&r=g\",\"caption\":\"Lo viste en Los Pol\u00edticos\"},\"url\":\"https:\\\/\\\/lospoliticosveracruz.com\\\/?author=2\"}]}<\/script>\n<!-- \/ Yoast SEO plugin. -->","yoast_head_json":{"title":"TUXPAN Y TAMIAHUA, SABOR A DERROTA - Los pol\u00edticos Veracruz","robots":{"index":"index","follow":"follow","max-snippet":"max-snippet:-1","max-image-preview":"max-image-preview:large","max-video-preview":"max-video-preview:-1"},"canonical":"https:\/\/lospoliticosveracruz.com\/?p=141737","og_locale":"es_ES","og_type":"article","og_title":"TUXPAN Y TAMIAHUA, SABOR A DERROTA - Los pol\u00edticos Veracruz","og_description":"[S\u00edguenos ahora tambi\u00e9n en WhatsApp.\u00a0Da clic aqu\u00ed]\u00a0Fanny Y\u00e9pezLa Columna El riesgo de una derrota para los partidos Morena, y Verde Ecologista de M\u00e9xico, crece en los municipios de Tuxpan y Tamiahua, por los desacreditados candidatos que eligieron y no es para menos. Resulta que el diputado local por el Distrito de Tuxpan, Daniel Cortina Mart\u00ednez [&hellip;]","og_url":"https:\/\/lospoliticosveracruz.com\/?p=141737","og_site_name":"Los pol\u00edticos Veracruz","article_publisher":"https:\/\/www.facebook.com\/people\/Notimemes-de-los-Polticos\/61565672886568\/","article_published_time":"2025-04-10T12:53:24+00:00","article_modified_time":"2025-04-10T12:53:43+00:00","og_image":[{"width":1250,"height":667,"url":"https:\/\/lospoliticosveracruz.com\/wp-content\/uploads\/2025\/04\/Fanny-Yepez-Luna.jpg","type":"image\/jpeg"}],"author":"Lo viste en Los Pol\u00edticos","twitter_card":"summary_large_image","twitter_creator":"@LosPoliticosVer","twitter_site":"@LosPoliticosVer","twitter_misc":{"Escrito por":"Lo viste en Los Pol\u00edticos","Tiempo de lectura":"5 minutos"},"schema":{"@context":"https:\/\/schema.org","@graph":[{"@type":"Article","@id":"https:\/\/lospoliticosveracruz.com\/?p=141737#article","isPartOf":{"@id":"https:\/\/lospoliticosveracruz.com\/?p=141737"},"author":{"name":"Lo viste en Los Pol\u00edticos","@id":"https:\/\/lospoliticosveracruz.com\/#\/schema\/person\/b8702bb0e538456e6efd07080bf2a4a2"},"headline":"TUXPAN Y TAMIAHUA, SABOR A DERROTA","datePublished":"2025-04-10T12:53:24+00:00","dateModified":"2025-04-10T12:53:43+00:00","mainEntityOfPage":{"@id":"https:\/\/lospoliticosveracruz.com\/?p=141737"},"wordCount":1021,"publisher":{"@id":"https:\/\/lospoliticosveracruz.com\/#organization"},"image":{"@id":"https:\/\/lospoliticosveracruz.com\/?p=141737#primaryimage"},"thumbnailUrl":"https:\/\/lospoliticosveracruz.com\/wp-content\/uploads\/2025\/04\/Fanny-Yepez-Luna-e1768657334923.jpg","keywords":["Citlali Medell\u00edn Careaga","Citlali Medell\u00edn Careaga; de Tepetzintla","Daniel Cortina","Tamiahua","Tuxpan"],"articleSection":["De Opini\u00f3n"],"inLanguage":"es"},{"@type":"WebPage","@id":"https:\/\/lospoliticosveracruz.com\/?p=141737","url":"https:\/\/lospoliticosveracruz.com\/?p=141737","name":"TUXPAN Y TAMIAHUA, SABOR A DERROTA - Los pol\u00edticos Veracruz","isPartOf":{"@id":"https:\/\/lospoliticosveracruz.com\/#website"},"primaryImageOfPage":{"@id":"https:\/\/lospoliticosveracruz.com\/?p=141737#primaryimage"},"image":{"@id":"https:\/\/lospoliticosveracruz.com\/?p=141737#primaryimage"},"thumbnailUrl":"https:\/\/lospoliticosveracruz.com\/wp-content\/uploads\/2025\/04\/Fanny-Yepez-Luna-e1768657334923.jpg","datePublished":"2025-04-10T12:53:24+00:00","dateModified":"2025-04-10T12:53:43+00:00","breadcrumb":{"@id":"https:\/\/lospoliticosveracruz.com\/?p=141737#breadcrumb"},"inLanguage":"es","potentialAction":[{"@type":"ReadAction","target":["https:\/\/lospoliticosveracruz.com\/?p=141737"]}]},{"@type":"ImageObject","inLanguage":"es","@id":"https:\/\/lospoliticosveracruz.com\/?p=141737#primaryimage","url":"https:\/\/lospoliticosveracruz.com\/wp-content\/uploads\/2025\/04\/Fanny-Yepez-Luna-e1768657334923.jpg","contentUrl":"https:\/\/lospoliticosveracruz.com\/wp-content\/uploads\/2025\/04\/Fanny-Yepez-Luna-e1768657334923.jpg","width":600,"height":320},{"@type":"BreadcrumbList","@id":"https:\/\/lospoliticosveracruz.com\/?p=141737#breadcrumb","itemListElement":[{"@type":"ListItem","position":1,"name":"Portada","item":"https:\/\/lospoliticosveracruz.com\/"},{"@type":"ListItem","position":2,"name":"TUXPAN Y TAMIAHUA, SABOR A DERROTA"}]},{"@type":"WebSite","@id":"https:\/\/lospoliticosveracruz.com\/#website","url":"https:\/\/lospoliticosveracruz.com\/","name":"Los pol\u00edticos Veracruz","description":"","publisher":{"@id":"https:\/\/lospoliticosveracruz.com\/#organization"},"potentialAction":[{"@type":"SearchAction","target":{"@type":"EntryPoint","urlTemplate":"https:\/\/lospoliticosveracruz.com\/?s={search_term_string}"},"query-input":{"@type":"PropertyValueSpecification","valueRequired":true,"valueName":"search_term_string"}}],"inLanguage":"es"},{"@type":"Organization","@id":"https:\/\/lospoliticosveracruz.com\/#organization","name":"Los pol\u00edticos Veracruz","url":"https:\/\/lospoliticosveracruz.com\/","logo":{"@type":"ImageObject","inLanguage":"es","@id":"https:\/\/lospoliticosveracruz.com\/#\/schema\/logo\/image\/","url":"https:\/\/lospoliticosveracruz.com\/wp-content\/uploads\/2025\/12\/Logo-Nuevo-LOS-POLITICOS-1.jpg","contentUrl":"https:\/\/lospoliticosveracruz.com\/wp-content\/uploads\/2025\/12\/Logo-Nuevo-LOS-POLITICOS-1.jpg","width":260,"height":70,"caption":"Los pol\u00edticos Veracruz"},"image":{"@id":"https:\/\/lospoliticosveracruz.com\/#\/schema\/logo\/image\/"},"sameAs":["https:\/\/www.facebook.com\/people\/Notimemes-de-los-Polticos\/61565672886568\/","https:\/\/x.com\/LosPoliticosVer"]},{"@type":"Person","@id":"https:\/\/lospoliticosveracruz.com\/#\/schema\/person\/b8702bb0e538456e6efd07080bf2a4a2","name":"Lo viste en Los Pol\u00edticos","image":{"@type":"ImageObject","inLanguage":"es","@id":"https:\/\/secure.gravatar.com\/avatar\/3a8de04a2656d44082be478bd6c086daa447c4651605818287b9532d3d0bd435?s=96&d=mm&r=g","url":"https:\/\/secure.gravatar.com\/avatar\/3a8de04a2656d44082be478bd6c086daa447c4651605818287b9532d3d0bd435?s=96&d=mm&r=g","contentUrl":"https:\/\/secure.gravatar.com\/avatar\/3a8de04a2656d44082be478bd6c086daa447c4651605818287b9532d3d0bd435?s=96&d=mm&r=g","caption":"Lo viste en Los Pol\u00edticos"},"url":"https:\/\/lospoliticosveracruz.com\/?author=2"}]}},"_links":{"self":[{"href":"https:\/\/lospoliticosveracruz.com\/index.php?rest_route=\/wp\/v2\/posts\/141737","targetHints":{"allow":["GET"]}}],"collection":[{"href":"https:\/\/lospoliticosveracruz.com\/index.php?rest_route=\/wp\/v2\/posts"}],"about":[{"href":"https:\/\/lospoliticosveracruz.com\/index.php?rest_route=\/wp\/v2\/types\/post"}],"author":[{"embeddable":true,"href":"https:\/\/lospoliticosveracruz.com\/index.php?rest_route=\/wp\/v2\/users\/2"}],"replies":[{"embeddable":true,"href":"https:\/\/lospoliticosveracruz.com\/index.php?rest_route=%2Fwp%2Fv2%2Fcomments&post=141737"}],"version-history":[{"count":2,"href":"https:\/\/lospoliticosveracruz.com\/index.php?rest_route=\/wp\/v2\/posts\/141737\/revisions"}],"predecessor-version":[{"id":141740,"href":"https:\/\/lospoliticosveracruz.com\/index.php?rest_route=\/wp\/v2\/posts\/141737\/revisions\/141740"}],"wp:featuredmedia":[{"embeddable":true,"href":"https:\/\/lospoliticosveracruz.com\/index.php?rest_route=\/wp\/v2\/media\/141383"}],"wp:attachment":[{"href":"https:\/\/lospoliticosveracruz.com\/index.php?rest_route=%2Fwp%2Fv2%2Fmedia&parent=141737"}],"wp:term":[{"taxonomy":"category","embeddable":true,"href":"https:\/\/lospoliticosveracruz.com\/index.php?rest_route=%2Fwp%2Fv2%2Fcategories&post=141737"},{"taxonomy":"post_tag","embeddable":true,"href":"https:\/\/lospoliticosveracruz.com\/index.php?rest_route=%2Fwp%2Fv2%2Ftags&post=141737"}],"curies":[{"name":"wp","href":"https:\/\/api.w.org\/{rel}","templated":true}]}}