{"id":14184,"date":"2014-12-15T22:37:18","date_gmt":"2014-12-16T04:37:18","guid":{"rendered":"http:\/\/www.lospoliticosveracruz.com.mx\/?p=14184"},"modified":"2014-12-15T22:37:18","modified_gmt":"2014-12-16T04:37:18","slug":"america-y-duarte","status":"publish","type":"post","link":"https:\/\/lospoliticosveracruz.com\/?p=14184","title":{"rendered":"Am\u00e9rica y Duarte"},"content":{"rendered":"<p><a href=\"http:\/\/www.lospoliticosveracruz.com.mx\/wp-content\/uploads\/2014\/12\/Duarte-americanista.jpg\"><img loading=\"lazy\" decoding=\"async\" class=\"alignnone size-medium wp-image-14183\" src=\"http:\/\/www.lospoliticosveracruz.com.mx\/wp-content\/uploads\/2014\/12\/Duarte-americanista-300x245.jpg\" alt=\"Duarte-americanista\" width=\"300\" height=\"245\" \/><\/a><br \/>\n<strong>Salvador Mu\u00f1oz<\/strong><\/p>\n<p><em>Los Pol\u00edticos<\/em><\/p>\n<p>&nbsp;<\/p>\n<p>Pens\u00e9 que el Gobernador hab\u00eda cambiado de decisi\u00f3n respecto a la Gubernatura de dos a\u00f1os y que iba a anunciar que, en reconocimiento al Am\u00e9rica, propondr\u00eda 12 a\u00f1os de Gubernatura\u2026 \u00a1pero no!<br \/>\nS\u00ed, parece absurdo hablar de nuestra pol\u00edtica y del Campeon\u00edsimo Am\u00e9rica, pero hay algunas coincidencias que hasta ponen los pelos de punta nom\u00e1s de plasmarlas aqu\u00ed. Por ejemplo:<br \/>\nEl \u00e1rbitro expulsa a tres tigres\u2026 con la Iniciativa de dos a\u00f1os, se deja fuera a tres Yunes\u2026<br \/>\nEl Am\u00e9rica tuvo a su Mohamed; El gobierno de Veracruz tiene a su Moham\u00f3n\u2026 ha subido de peso, ha subido de peso\u2026<br \/>\nA los americanistas no les import\u00f3 el c\u00f3mo, el asunto fue ser campe\u00f3n; a los duartistas tampoco les importa el c\u00f3mo\u2026<br \/>\nSambueza tiene un gran juego pero no sabe controlar su car\u00e1cter; H\u00e9ctor Yunes igual\u2026 a\u00fan le cuesta controlarse.<br \/>\nQuien tiene el bal\u00f3n y mete goles, controla el partido; quien tiene el poder y mete iniciativas, controla al partido, al congreso, a los diputados, etc\u00e9tera.<br \/>\nAhora que el Am\u00e9rica es el Campeon\u00edsimo, qui\u00e9n aguanta a nosotros los americanistas\u2026 si se aprueba la Gubernatura de dos a\u00f1os, qui\u00e9n aguanta a los Duartistas\u2026<br \/>\nAm\u00e9rica ech\u00f3 abajo la maldici\u00f3n del l\u00edder\u2026 a como va el asunto, si el Congreso no dice otra cosa, Javier Duarte tambi\u00e9n\u2026<br \/>\nCon un Campeonato, mandan a la goma al Turco\u2026 con una iniciativa, mandan a la goma al Turco\u2026<br \/>\nY esos ardidos que dicen que el Am\u00e9rica tuvo a su Delgadillo, que quede constancia que Veracruz jam\u00e1s tendr\u00e1 a su delgadillo&#8230;<br \/>\n\u00a1\u00d3dienme m\u00e1s!<br \/>\nII<br \/>\nEs curioso\u2026 si bien, el impuesto a la tenencia vehicular no ten\u00eda raz\u00f3n m\u00e1s que con fines deportivos (financiar las Olimpiadas del 68), se qued\u00f3 casi medio siglo. Lo m\u00e1s curioso es que siendo uno de los activos que m\u00e1s recursos inyectaba a Veracruz (el 25% de sus ingresos), se elimine.<br \/>\nDigo, no estoy en contra porque ser\u00eda antinatural que me encabronara porque ya no voy a pagar impuestos en el 2015 por el carro. Me preocupa saber c\u00f3mo le har\u00e1 el Gobierno para llenar ese huequito que le vendr\u00e1 por eliminar el impuesto\u2026 \u00a1mientras no haya re-emplacamiento pasadas las elecciones!<br \/>\nInsisto, se me hace absurdo que se quite, porque de acuerdo a estudios socio-econ\u00f3micos, s\u00f3lo dos personas no pagaban dicho arancel: El que tiene mucho dinero y el que no tiene mucho dinero.<br \/>\nEl primero, compraba carro y se iba a emplacarlo al DF, Puebla, Tlaxcala y estados que ya han eliminado este asunto. El segundo, nom\u00e1s no paga impuestos; pero el moroso no debe creer que ya la libr\u00f3 si hay eliminaci\u00f3n de la Tenencia\u2026 queda con una deuda pendiente con el Gobierno de Veracruz.<br \/>\nY la pregunta que todos se hacen: si estaba bursatilizada la tenencia vehicular a 30 a\u00f1os, \u00bfc\u00f3mo es que con dos a\u00f1os, se resolvi\u00f3 el asunto?<\/p>\n<p>smcainito@gmail.com<\/p>\n","protected":false},"excerpt":{"rendered":"<p>Salvador Mu\u00f1oz Los Pol\u00edticos &nbsp; Pens\u00e9 que el Gobernador hab\u00eda cambiado de decisi\u00f3n respecto a la Gubernatura de dos a\u00f1os y que iba a anunciar que, en reconocimiento al Am\u00e9rica, propondr\u00eda 12 a\u00f1os de Gubernatura\u2026 \u00a1pero no! S\u00ed, parece absurdo hablar de nuestra pol\u00edtica y del Campeon\u00edsimo Am\u00e9rica, pero hay algunas coincidencias que hasta ponen [&hellip;]<\/p>\n","protected":false},"author":2,"featured_media":0,"comment_status":"open","ping_status":"open","sticky":false,"template":"","format":"standard","meta":{"tdm_status":"","tdm_grid_status":"","footnotes":""},"categories":[70],"tags":[1251,119,260,1252,1228,1250,195],"class_list":{"0":"post-14184","1":"post","2":"type-post","3":"status-publish","4":"format-standard","6":"category-de-opinion","7":"tag-campeon","8":"tag-hector-yunes","9":"tag-javier-duarte-de-ochoa","10":"tag-sambueza","11":"tag-tenencia-vehicular","12":"tag-turco-mohamed","13":"tag-veracruz"},"yoast_head":"<!-- This site is optimized with the Yoast SEO plugin v27.4 - https:\/\/yoast.com\/product\/yoast-seo-wordpress\/ -->\n<title>Am\u00e9rica y Duarte - Los pol\u00edticos Veracruz<\/title>\n<meta name=\"robots\" content=\"index, follow, max-snippet:-1, max-image-preview:large, max-video-preview:-1\" \/>\n<link rel=\"canonical\" href=\"https:\/\/lospoliticosveracruz.com\/?p=14184\" \/>\n<meta property=\"og:locale\" content=\"es_ES\" \/>\n<meta property=\"og:type\" content=\"article\" \/>\n<meta property=\"og:title\" content=\"Am\u00e9rica y Duarte - Los pol\u00edticos Veracruz\" \/>\n<meta property=\"og:description\" content=\"Salvador Mu\u00f1oz Los Pol\u00edticos &nbsp; Pens\u00e9 que el Gobernador hab\u00eda cambiado de decisi\u00f3n respecto a la Gubernatura de dos a\u00f1os y que iba a anunciar que, en reconocimiento al Am\u00e9rica, propondr\u00eda 12 a\u00f1os de Gubernatura\u2026 \u00a1pero no! S\u00ed, parece absurdo hablar de nuestra pol\u00edtica y del Campeon\u00edsimo Am\u00e9rica, pero hay algunas coincidencias que hasta ponen [&hellip;]\" \/>\n<meta property=\"og:url\" content=\"https:\/\/lospoliticosveracruz.com\/?p=14184\" \/>\n<meta property=\"og:site_name\" content=\"Los pol\u00edticos Veracruz\" \/>\n<meta property=\"article:publisher\" content=\"https:\/\/www.facebook.com\/people\/Notimemes-de-los-Polticos\/61565672886568\/\" \/>\n<meta property=\"article:published_time\" content=\"2014-12-16T04:37:18+00:00\" \/>\n<meta property=\"og:image\" content=\"http:\/\/www.lospoliticosveracruz.com.mx\/wp-content\/uploads\/2014\/12\/Duarte-americanista-300x245.jpg\" \/>\n<meta name=\"author\" content=\"Lo viste en Los Pol\u00edticos\" \/>\n<meta name=\"twitter:card\" content=\"summary_large_image\" \/>\n<meta name=\"twitter:creator\" content=\"@LosPoliticosVer\" \/>\n<meta name=\"twitter:site\" content=\"@LosPoliticosVer\" \/>\n<meta name=\"twitter:label1\" content=\"Escrito por\" \/>\n\t<meta name=\"twitter:data1\" content=\"Lo viste en Los Pol\u00edticos\" \/>\n\t<meta name=\"twitter:label2\" content=\"Tiempo de lectura\" \/>\n\t<meta name=\"twitter:data2\" content=\"3 minutos\" \/>\n<script type=\"application\/ld+json\" class=\"yoast-schema-graph\">{\"@context\":\"https:\\\/\\\/schema.org\",\"@graph\":[{\"@type\":\"Article\",\"@id\":\"https:\\\/\\\/lospoliticosveracruz.com\\\/?p=14184#article\",\"isPartOf\":{\"@id\":\"https:\\\/\\\/lospoliticosveracruz.com\\\/?p=14184\"},\"author\":{\"name\":\"Lo viste en Los Pol\u00edticos\",\"@id\":\"https:\\\/\\\/lospoliticosveracruz.com\\\/#\\\/schema\\\/person\\\/b8702bb0e538456e6efd07080bf2a4a2\"},\"headline\":\"Am\u00e9rica y Duarte\",\"datePublished\":\"2014-12-16T04:37:18+00:00\",\"mainEntityOfPage\":{\"@id\":\"https:\\\/\\\/lospoliticosveracruz.com\\\/?p=14184\"},\"wordCount\":525,\"commentCount\":0,\"publisher\":{\"@id\":\"https:\\\/\\\/lospoliticosveracruz.com\\\/#organization\"},\"image\":{\"@id\":\"https:\\\/\\\/lospoliticosveracruz.com\\\/?p=14184#primaryimage\"},\"thumbnailUrl\":\"http:\\\/\\\/www.lospoliticosveracruz.com.mx\\\/wp-content\\\/uploads\\\/2014\\\/12\\\/Duarte-americanista-300x245.jpg\",\"keywords\":[\"campe\u00f3n\",\"H\u00e9ctor Yunes\",\"Javier Duarte de Ochoa\",\"Sambueza\",\"tenencia vehicular\",\"Turco Mohamed\",\"Veracruz\"],\"articleSection\":[\"De Opini\u00f3n\"],\"inLanguage\":\"es\",\"potentialAction\":[{\"@type\":\"CommentAction\",\"name\":\"Comment\",\"target\":[\"https:\\\/\\\/lospoliticosveracruz.com\\\/?p=14184#respond\"]}]},{\"@type\":\"WebPage\",\"@id\":\"https:\\\/\\\/lospoliticosveracruz.com\\\/?p=14184\",\"url\":\"https:\\\/\\\/lospoliticosveracruz.com\\\/?p=14184\",\"name\":\"Am\u00e9rica y Duarte - Los pol\u00edticos Veracruz\",\"isPartOf\":{\"@id\":\"https:\\\/\\\/lospoliticosveracruz.com\\\/#website\"},\"primaryImageOfPage\":{\"@id\":\"https:\\\/\\\/lospoliticosveracruz.com\\\/?p=14184#primaryimage\"},\"image\":{\"@id\":\"https:\\\/\\\/lospoliticosveracruz.com\\\/?p=14184#primaryimage\"},\"thumbnailUrl\":\"http:\\\/\\\/www.lospoliticosveracruz.com.mx\\\/wp-content\\\/uploads\\\/2014\\\/12\\\/Duarte-americanista-300x245.jpg\",\"datePublished\":\"2014-12-16T04:37:18+00:00\",\"breadcrumb\":{\"@id\":\"https:\\\/\\\/lospoliticosveracruz.com\\\/?p=14184#breadcrumb\"},\"inLanguage\":\"es\",\"potentialAction\":[{\"@type\":\"ReadAction\",\"target\":[\"https:\\\/\\\/lospoliticosveracruz.com\\\/?p=14184\"]}]},{\"@type\":\"ImageObject\",\"inLanguage\":\"es\",\"@id\":\"https:\\\/\\\/lospoliticosveracruz.com\\\/?p=14184#primaryimage\",\"url\":\"http:\\\/\\\/www.lospoliticosveracruz.com.mx\\\/wp-content\\\/uploads\\\/2014\\\/12\\\/Duarte-americanista-300x245.jpg\",\"contentUrl\":\"http:\\\/\\\/www.lospoliticosveracruz.com.mx\\\/wp-content\\\/uploads\\\/2014\\\/12\\\/Duarte-americanista-300x245.jpg\"},{\"@type\":\"BreadcrumbList\",\"@id\":\"https:\\\/\\\/lospoliticosveracruz.com\\\/?p=14184#breadcrumb\",\"itemListElement\":[{\"@type\":\"ListItem\",\"position\":1,\"name\":\"Portada\",\"item\":\"https:\\\/\\\/lospoliticosveracruz.com\\\/\"},{\"@type\":\"ListItem\",\"position\":2,\"name\":\"Am\u00e9rica y Duarte\"}]},{\"@type\":\"WebSite\",\"@id\":\"https:\\\/\\\/lospoliticosveracruz.com\\\/#website\",\"url\":\"https:\\\/\\\/lospoliticosveracruz.com\\\/\",\"name\":\"Los pol\u00edticos Veracruz\",\"description\":\"\",\"publisher\":{\"@id\":\"https:\\\/\\\/lospoliticosveracruz.com\\\/#organization\"},\"potentialAction\":[{\"@type\":\"SearchAction\",\"target\":{\"@type\":\"EntryPoint\",\"urlTemplate\":\"https:\\\/\\\/lospoliticosveracruz.com\\\/?s={search_term_string}\"},\"query-input\":{\"@type\":\"PropertyValueSpecification\",\"valueRequired\":true,\"valueName\":\"search_term_string\"}}],\"inLanguage\":\"es\"},{\"@type\":\"Organization\",\"@id\":\"https:\\\/\\\/lospoliticosveracruz.com\\\/#organization\",\"name\":\"Los pol\u00edticos Veracruz\",\"url\":\"https:\\\/\\\/lospoliticosveracruz.com\\\/\",\"logo\":{\"@type\":\"ImageObject\",\"inLanguage\":\"es\",\"@id\":\"https:\\\/\\\/lospoliticosveracruz.com\\\/#\\\/schema\\\/logo\\\/image\\\/\",\"url\":\"https:\\\/\\\/lospoliticosveracruz.com\\\/wp-content\\\/uploads\\\/2025\\\/12\\\/Logo-Nuevo-LOS-POLITICOS-1.jpg\",\"contentUrl\":\"https:\\\/\\\/lospoliticosveracruz.com\\\/wp-content\\\/uploads\\\/2025\\\/12\\\/Logo-Nuevo-LOS-POLITICOS-1.jpg\",\"width\":260,\"height\":70,\"caption\":\"Los pol\u00edticos Veracruz\"},\"image\":{\"@id\":\"https:\\\/\\\/lospoliticosveracruz.com\\\/#\\\/schema\\\/logo\\\/image\\\/\"},\"sameAs\":[\"https:\\\/\\\/www.facebook.com\\\/people\\\/Notimemes-de-los-Polticos\\\/61565672886568\\\/\",\"https:\\\/\\\/x.com\\\/LosPoliticosVer\"]},{\"@type\":\"Person\",\"@id\":\"https:\\\/\\\/lospoliticosveracruz.com\\\/#\\\/schema\\\/person\\\/b8702bb0e538456e6efd07080bf2a4a2\",\"name\":\"Lo viste en Los Pol\u00edticos\",\"image\":{\"@type\":\"ImageObject\",\"inLanguage\":\"es\",\"@id\":\"https:\\\/\\\/secure.gravatar.com\\\/avatar\\\/3a8de04a2656d44082be478bd6c086daa447c4651605818287b9532d3d0bd435?s=96&d=mm&r=g\",\"url\":\"https:\\\/\\\/secure.gravatar.com\\\/avatar\\\/3a8de04a2656d44082be478bd6c086daa447c4651605818287b9532d3d0bd435?s=96&d=mm&r=g\",\"contentUrl\":\"https:\\\/\\\/secure.gravatar.com\\\/avatar\\\/3a8de04a2656d44082be478bd6c086daa447c4651605818287b9532d3d0bd435?s=96&d=mm&r=g\",\"caption\":\"Lo viste en Los Pol\u00edticos\"},\"url\":\"https:\\\/\\\/lospoliticosveracruz.com\\\/?author=2\"}]}<\/script>\n<!-- \/ Yoast SEO plugin. -->","yoast_head_json":{"title":"Am\u00e9rica y Duarte - Los pol\u00edticos Veracruz","robots":{"index":"index","follow":"follow","max-snippet":"max-snippet:-1","max-image-preview":"max-image-preview:large","max-video-preview":"max-video-preview:-1"},"canonical":"https:\/\/lospoliticosveracruz.com\/?p=14184","og_locale":"es_ES","og_type":"article","og_title":"Am\u00e9rica y Duarte - Los pol\u00edticos Veracruz","og_description":"Salvador Mu\u00f1oz Los Pol\u00edticos &nbsp; Pens\u00e9 que el Gobernador hab\u00eda cambiado de decisi\u00f3n respecto a la Gubernatura de dos a\u00f1os y que iba a anunciar que, en reconocimiento al Am\u00e9rica, propondr\u00eda 12 a\u00f1os de Gubernatura\u2026 \u00a1pero no! S\u00ed, parece absurdo hablar de nuestra pol\u00edtica y del Campeon\u00edsimo Am\u00e9rica, pero hay algunas coincidencias que hasta ponen [&hellip;]","og_url":"https:\/\/lospoliticosveracruz.com\/?p=14184","og_site_name":"Los pol\u00edticos Veracruz","article_publisher":"https:\/\/www.facebook.com\/people\/Notimemes-de-los-Polticos\/61565672886568\/","article_published_time":"2014-12-16T04:37:18+00:00","og_image":[{"url":"http:\/\/www.lospoliticosveracruz.com.mx\/wp-content\/uploads\/2014\/12\/Duarte-americanista-300x245.jpg","type":"","width":"","height":""}],"author":"Lo viste en Los Pol\u00edticos","twitter_card":"summary_large_image","twitter_creator":"@LosPoliticosVer","twitter_site":"@LosPoliticosVer","twitter_misc":{"Escrito por":"Lo viste en Los Pol\u00edticos","Tiempo de lectura":"3 minutos"},"schema":{"@context":"https:\/\/schema.org","@graph":[{"@type":"Article","@id":"https:\/\/lospoliticosveracruz.com\/?p=14184#article","isPartOf":{"@id":"https:\/\/lospoliticosveracruz.com\/?p=14184"},"author":{"name":"Lo viste en Los Pol\u00edticos","@id":"https:\/\/lospoliticosveracruz.com\/#\/schema\/person\/b8702bb0e538456e6efd07080bf2a4a2"},"headline":"Am\u00e9rica y Duarte","datePublished":"2014-12-16T04:37:18+00:00","mainEntityOfPage":{"@id":"https:\/\/lospoliticosveracruz.com\/?p=14184"},"wordCount":525,"commentCount":0,"publisher":{"@id":"https:\/\/lospoliticosveracruz.com\/#organization"},"image":{"@id":"https:\/\/lospoliticosveracruz.com\/?p=14184#primaryimage"},"thumbnailUrl":"http:\/\/www.lospoliticosveracruz.com.mx\/wp-content\/uploads\/2014\/12\/Duarte-americanista-300x245.jpg","keywords":["campe\u00f3n","H\u00e9ctor Yunes","Javier Duarte de Ochoa","Sambueza","tenencia vehicular","Turco Mohamed","Veracruz"],"articleSection":["De Opini\u00f3n"],"inLanguage":"es","potentialAction":[{"@type":"CommentAction","name":"Comment","target":["https:\/\/lospoliticosveracruz.com\/?p=14184#respond"]}]},{"@type":"WebPage","@id":"https:\/\/lospoliticosveracruz.com\/?p=14184","url":"https:\/\/lospoliticosveracruz.com\/?p=14184","name":"Am\u00e9rica y Duarte - Los pol\u00edticos Veracruz","isPartOf":{"@id":"https:\/\/lospoliticosveracruz.com\/#website"},"primaryImageOfPage":{"@id":"https:\/\/lospoliticosveracruz.com\/?p=14184#primaryimage"},"image":{"@id":"https:\/\/lospoliticosveracruz.com\/?p=14184#primaryimage"},"thumbnailUrl":"http:\/\/www.lospoliticosveracruz.com.mx\/wp-content\/uploads\/2014\/12\/Duarte-americanista-300x245.jpg","datePublished":"2014-12-16T04:37:18+00:00","breadcrumb":{"@id":"https:\/\/lospoliticosveracruz.com\/?p=14184#breadcrumb"},"inLanguage":"es","potentialAction":[{"@type":"ReadAction","target":["https:\/\/lospoliticosveracruz.com\/?p=14184"]}]},{"@type":"ImageObject","inLanguage":"es","@id":"https:\/\/lospoliticosveracruz.com\/?p=14184#primaryimage","url":"http:\/\/www.lospoliticosveracruz.com.mx\/wp-content\/uploads\/2014\/12\/Duarte-americanista-300x245.jpg","contentUrl":"http:\/\/www.lospoliticosveracruz.com.mx\/wp-content\/uploads\/2014\/12\/Duarte-americanista-300x245.jpg"},{"@type":"BreadcrumbList","@id":"https:\/\/lospoliticosveracruz.com\/?p=14184#breadcrumb","itemListElement":[{"@type":"ListItem","position":1,"name":"Portada","item":"https:\/\/lospoliticosveracruz.com\/"},{"@type":"ListItem","position":2,"name":"Am\u00e9rica y Duarte"}]},{"@type":"WebSite","@id":"https:\/\/lospoliticosveracruz.com\/#website","url":"https:\/\/lospoliticosveracruz.com\/","name":"Los pol\u00edticos Veracruz","description":"","publisher":{"@id":"https:\/\/lospoliticosveracruz.com\/#organization"},"potentialAction":[{"@type":"SearchAction","target":{"@type":"EntryPoint","urlTemplate":"https:\/\/lospoliticosveracruz.com\/?s={search_term_string}"},"query-input":{"@type":"PropertyValueSpecification","valueRequired":true,"valueName":"search_term_string"}}],"inLanguage":"es"},{"@type":"Organization","@id":"https:\/\/lospoliticosveracruz.com\/#organization","name":"Los pol\u00edticos Veracruz","url":"https:\/\/lospoliticosveracruz.com\/","logo":{"@type":"ImageObject","inLanguage":"es","@id":"https:\/\/lospoliticosveracruz.com\/#\/schema\/logo\/image\/","url":"https:\/\/lospoliticosveracruz.com\/wp-content\/uploads\/2025\/12\/Logo-Nuevo-LOS-POLITICOS-1.jpg","contentUrl":"https:\/\/lospoliticosveracruz.com\/wp-content\/uploads\/2025\/12\/Logo-Nuevo-LOS-POLITICOS-1.jpg","width":260,"height":70,"caption":"Los pol\u00edticos Veracruz"},"image":{"@id":"https:\/\/lospoliticosveracruz.com\/#\/schema\/logo\/image\/"},"sameAs":["https:\/\/www.facebook.com\/people\/Notimemes-de-los-Polticos\/61565672886568\/","https:\/\/x.com\/LosPoliticosVer"]},{"@type":"Person","@id":"https:\/\/lospoliticosveracruz.com\/#\/schema\/person\/b8702bb0e538456e6efd07080bf2a4a2","name":"Lo viste en Los Pol\u00edticos","image":{"@type":"ImageObject","inLanguage":"es","@id":"https:\/\/secure.gravatar.com\/avatar\/3a8de04a2656d44082be478bd6c086daa447c4651605818287b9532d3d0bd435?s=96&d=mm&r=g","url":"https:\/\/secure.gravatar.com\/avatar\/3a8de04a2656d44082be478bd6c086daa447c4651605818287b9532d3d0bd435?s=96&d=mm&r=g","contentUrl":"https:\/\/secure.gravatar.com\/avatar\/3a8de04a2656d44082be478bd6c086daa447c4651605818287b9532d3d0bd435?s=96&d=mm&r=g","caption":"Lo viste en Los Pol\u00edticos"},"url":"https:\/\/lospoliticosveracruz.com\/?author=2"}]}},"_links":{"self":[{"href":"https:\/\/lospoliticosveracruz.com\/index.php?rest_route=\/wp\/v2\/posts\/14184","targetHints":{"allow":["GET"]}}],"collection":[{"href":"https:\/\/lospoliticosveracruz.com\/index.php?rest_route=\/wp\/v2\/posts"}],"about":[{"href":"https:\/\/lospoliticosveracruz.com\/index.php?rest_route=\/wp\/v2\/types\/post"}],"author":[{"embeddable":true,"href":"https:\/\/lospoliticosveracruz.com\/index.php?rest_route=\/wp\/v2\/users\/2"}],"replies":[{"embeddable":true,"href":"https:\/\/lospoliticosveracruz.com\/index.php?rest_route=%2Fwp%2Fv2%2Fcomments&post=14184"}],"version-history":[{"count":1,"href":"https:\/\/lospoliticosveracruz.com\/index.php?rest_route=\/wp\/v2\/posts\/14184\/revisions"}],"predecessor-version":[{"id":14185,"href":"https:\/\/lospoliticosveracruz.com\/index.php?rest_route=\/wp\/v2\/posts\/14184\/revisions\/14185"}],"wp:attachment":[{"href":"https:\/\/lospoliticosveracruz.com\/index.php?rest_route=%2Fwp%2Fv2%2Fmedia&parent=14184"}],"wp:term":[{"taxonomy":"category","embeddable":true,"href":"https:\/\/lospoliticosveracruz.com\/index.php?rest_route=%2Fwp%2Fv2%2Fcategories&post=14184"},{"taxonomy":"post_tag","embeddable":true,"href":"https:\/\/lospoliticosveracruz.com\/index.php?rest_route=%2Fwp%2Fv2%2Ftags&post=14184"}],"curies":[{"name":"wp","href":"https:\/\/api.w.org\/{rel}","templated":true}]}}