{"id":141883,"date":"2025-04-11T13:33:59","date_gmt":"2025-04-11T18:33:59","guid":{"rendered":"https:\/\/lospoliticosveracruz.com.mx\/?p=141883"},"modified":"2025-04-11T13:34:22","modified_gmt":"2025-04-11T18:34:22","slug":"que-hubo-un-mega-atraco-en-salud-aja-y","status":"publish","type":"post","link":"https:\/\/lospoliticosveracruz.com\/?p=141883","title":{"rendered":"\u00bfQUE HUBO UN MEGA ATRACO EN SALUD? AJ\u00c1 \u00bfY?"},"content":{"rendered":"\n<p><a><\/a><a href=\"https:\/\/whatsapp.com\/channel\/0029Va8zRWlEKyZIP3Z1dF0e\"><strong>\u2002\u2002<\/strong><strong>\u00da<\/strong><strong>NETE A NUESTRO CANAL<\/strong><strong><\/strong><\/a><\/p>\n\n\n\n<p>\u00a1<a href=\"https:\/\/whatsapp.com\/channel\/0029Va8zRWlEKyZIP3Z1dF0e\"><strong>LOS POL\u00cd<\/strong><strong>TICOS VERACRUZ<\/strong><\/a> ya est\u00e1 en WhatsApp!<\/p>\n\n\n\n<p><\/p>\n\n\n\n<p><strong>Bernardo Guti\u00e9rrez Parra<\/strong><\/p>\n\n\n\n<p><em>Desde el Caf\u00e9<br><\/em><\/p>\n\n\n\n<p><br>En 2023 el entonces l\u00edder estatal del PRI y diputado local, Marlon Ram\u00edrez Mar\u00edn, denunci\u00f3 con pelos y se\u00f1ales un presunto mega desfalco en el sector Salud durante el gobierno de Cuitl\u00e1huac Garc\u00eda. Marlon present\u00f3 pruebas documentales que avalaban el chanchuyo descomunal superior a los 2 mil millones de pesos. Y fue muy puntual al pedir que se revisara el \u00e1rea administrativa de ese sector. Pero en Palacio de Gobierno lo desde\u00f1aron.<\/p>\n\n\n\n<p>C\u00ednico y sabi\u00e9ndose impune, Cuitl\u00e1huac descalific\u00f3 los se\u00f1alamientos y achac\u00f3 la acusaci\u00f3n a los tiempos electorales. \u201cViene el tema electoral, si tiene documentos que presente la denuncia, no hay desv\u00edos. Si tiene pruebas que las presente\u201d.<\/p>\n\n\n\n<p>Jorge Eduardo Sisniega Fern\u00e1ndez, encargado del \u00e1rea administrativa dijo que los se\u00f1alamientos del legislador eran \u201cdetestables\u201d. Marlon por su parte, present\u00f3 su queja ante la Comisi\u00f3n de Vigilancia de la C\u00e1mara de Diputados con copia a la Auditor\u00eda Superior de la Federaci\u00f3n (ASF) y ya.<\/p>\n\n\n\n<p>Todo mundo pens\u00f3 que las quejas, se\u00f1alamientos y denuncias dormir\u00edan el sue\u00f1o de los justos. Y en esas estaban, hasta que esta semana la periodista de la revista Proceso, Flavia Morales, dio a conocer las observaciones que hizo la ASF sobre el manejo de recursos federales en el Sector Salud donde detect\u00f3, s\u00f3lo en la Cuenta P\u00fablica del 2023, un desv\u00edo por m\u00e1s de 2 mil millones de pesos.<\/p>\n\n\n\n<p>Y Ahora s\u00ed se arm\u00f3 el esc\u00e1ndalo medi\u00e1tico.<\/p>\n\n\n\n<p>Casi todos los portales de noticias y medios impresos de la entidad, destacaron el reportaje de Flavia con titulares como: \u201cDesfalc\u00f3 Cuitl\u00e1huac mil 600 mdp en Salud\u201d o \u201cCuitl\u00e1huac dej\u00f3 saqueo hist\u00f3rico en Salud; desviaron 2 mil millones de pesos\u201d.<\/p>\n\n\n\n<p>\u00bfC\u00f3mo se llev\u00f3 a cabo el desfalco? Al estilo de siempre. A trav\u00e9s de un patr\u00f3n de adjudicaciones directas a empresas de reciente creaci\u00f3n y a proveedores con antecedentes de corrupci\u00f3n.<\/p>\n\n\n\n<p>Proceso dice que detr\u00e1s de las operaciones financieras en SESVER. estuvo Jorge Eduardo Sisniega Fern\u00e1ndez, director administrativo de la dependencia y hombre de confianza del exgobernador Cuitl\u00e1huac Garc\u00eda. Y hasta ahorita lector, Jorge Eduardo no ha dicho que el reportaje es \u201cdetestable\u201d.<\/p>\n\n\n\n<p>La ASF orden\u00f3 a la Contralor\u00eda General del Estado iniciar 24 investigaciones contra funcionarios del Sector Salud por irregularidades detectadas en contratos que suman casi mil 600 millones de pesos, y al parecer, en todos los contratos tuvo que ver Jorge Eduardo Sisniega.<\/p>\n\n\n\n<p>\u00bfDe nada de esto se enter\u00f3 Cuitl\u00e1huac Garc\u00eda?<\/p>\n\n\n\n<p>Ora pues.<\/p>\n\n\n\n<p>Fuentes de la Contralor\u00eda le dijeron a este reportero que esta ser\u00eda apenas la punta de la madeja de una red de corrupci\u00f3n que involucra a \u201cdecenas de exfuncionarios\u201d de la SIOP, la PMA, Turismo y la SSP entre otras dependencias, donde presuntamente tambi\u00e9n hubo un multimillonario desv\u00edo de recursos.<\/p>\n\n\n\n<p>\u00bfQuer\u00eda pruebas Cuitl\u00e1huac sobre el mega atraco a SESVER? Ah\u00ed las tiene. Primero fueron las que le restreg\u00f3 en la cara Marlon Ram\u00edrez y ahora las que da a conocer la revista Proceso mediante un excelente reportaje de la periodista Flavia Morales.<\/p>\n\n\n\n<p>\u00bfQu\u00e9 va a pasar ahora?<\/p>\n\n\n\n<p>Pues nada lector, o qu\u00e9 esperabas. \u00bfQue lo llamen para que responda ante un juez? No hombre, jam\u00e1s.<\/p>\n\n\n\n<p>Mientras un sujeto sea moreno ya puede robar, violar, salirse sin pagar de una cantina o toquetear a una vecina, que no le har\u00e1n nada.<\/p>\n\n\n\n<p>Es casi seguro que agarren a dos o tres funcionarios muy menores (siempre y cuando no sean de Morena) y los manden a Pacho Viejo, pero detener a Cuitl\u00e1huac o a Jorge Eduardo Sisniega, uta\u2026 ya parece.<\/p>\n\n\n\n<p>Lo que s\u00ed queda claro y demostrado (pero solo para que sirva de consuelo a la oposici\u00f3n), es que con el fraude a Segalmex por 15 mil millones de pesos, el fraude a Birmex por 13 mil millones y los fraudes al erario en Veracruz, Morena es el partido que m\u00e1s a robado en la historia de este pa\u00eds y en el escaso lapso de seis a\u00f1os.<\/p>\n\n\n\n<p>Ahora resulta\u2026<\/p>\n\n\n\n<p>Pues resulta que Jos\u00e9 Hern\u00e1ndez Cayetano, candidato del PT a la alcald\u00eda de Las Vigas que fue reportado como desaparecido por sus familiares, al parecer no desapareci\u00f3, sino que simul\u00f3 su secuestro. Esto de acuerdo con informaci\u00f3n de la Fiscal\u00eda General del Estado.<\/p>\n\n\n\n<p>Como puede que el petista haya ideado una manera f\u00e1cil de agenciarse dinero para su campa\u00f1a, puede que no. Y es que con la manera tan atinada y eficaz con la que han actuado en los \u00faltimos a\u00f1os la FGE y su titular Ver\u00f3nica Hern\u00e1ndez Giad\u00e1ns, queda la duda.<\/p>\n\n\n\n<p>bernardogup@hotmail.com<\/p>\n","protected":false},"excerpt":{"rendered":"<p>\u2002\u2002\u00daNETE A NUESTRO CANAL \u00a1LOS POL\u00cdTICOS VERACRUZ ya est\u00e1 en WhatsApp! Bernardo Guti\u00e9rrez Parra Desde el Caf\u00e9 En 2023 el entonces l\u00edder estatal del PRI y diputado local, Marlon Ram\u00edrez Mar\u00edn, denunci\u00f3 con pelos y se\u00f1ales un presunto mega desfalco en el sector Salud durante el gobierno de Cuitl\u00e1huac Garc\u00eda. Marlon present\u00f3 pruebas documentales que [&hellip;]<\/p>\n","protected":false},"author":2,"featured_media":141479,"comment_status":"closed","ping_status":"closed","sticky":false,"template":"","format":"standard","meta":{"tdm_status":"","tdm_grid_status":"","footnotes":""},"categories":[70],"tags":[34206,2908,90],"class_list":{"0":"post-141883","1":"post","2":"type-post","3":"status-publish","4":"format-standard","5":"has-post-thumbnail","7":"category-de-opinion","8":"tag-bernardo-gutierrez-parra","9":"tag-marlon-ramirez-marin","10":"tag-salud"},"yoast_head":"<!-- This site is optimized with the Yoast SEO plugin v27.4 - https:\/\/yoast.com\/product\/yoast-seo-wordpress\/ -->\n<title>\u00bfQUE HUBO UN MEGA ATRACO EN SALUD? AJ\u00c1 \u00bfY? - Los pol\u00edticos Veracruz<\/title>\n<meta name=\"robots\" content=\"index, follow, max-snippet:-1, max-image-preview:large, max-video-preview:-1\" \/>\n<link rel=\"canonical\" href=\"https:\/\/lospoliticosveracruz.com\/?p=141883\" \/>\n<meta property=\"og:locale\" content=\"es_ES\" \/>\n<meta property=\"og:type\" content=\"article\" \/>\n<meta property=\"og:title\" content=\"\u00bfQUE HUBO UN MEGA ATRACO EN SALUD? AJ\u00c1 \u00bfY? - Los pol\u00edticos Veracruz\" \/>\n<meta property=\"og:description\" content=\"\u2002\u2002\u00daNETE A NUESTRO CANAL \u00a1LOS POL\u00cdTICOS VERACRUZ ya est\u00e1 en WhatsApp! Bernardo Guti\u00e9rrez Parra Desde el Caf\u00e9 En 2023 el entonces l\u00edder estatal del PRI y diputado local, Marlon Ram\u00edrez Mar\u00edn, denunci\u00f3 con pelos y se\u00f1ales un presunto mega desfalco en el sector Salud durante el gobierno de Cuitl\u00e1huac Garc\u00eda. Marlon present\u00f3 pruebas documentales que [&hellip;]\" \/>\n<meta property=\"og:url\" content=\"https:\/\/lospoliticosveracruz.com\/?p=141883\" \/>\n<meta property=\"og:site_name\" content=\"Los pol\u00edticos Veracruz\" \/>\n<meta property=\"article:publisher\" content=\"https:\/\/www.facebook.com\/people\/Notimemes-de-los-Polticos\/61565672886568\/\" \/>\n<meta property=\"article:published_time\" content=\"2025-04-11T18:33:59+00:00\" \/>\n<meta property=\"article:modified_time\" content=\"2025-04-11T18:34:22+00:00\" \/>\n<meta property=\"og:image\" content=\"https:\/\/lospoliticosveracruz.com\/wp-content\/uploads\/2025\/04\/Bernardo-Gutierrez-Parra.jpg\" \/>\n\t<meta property=\"og:image:width\" content=\"1250\" \/>\n\t<meta property=\"og:image:height\" content=\"667\" \/>\n\t<meta property=\"og:image:type\" content=\"image\/jpeg\" \/>\n<meta name=\"author\" content=\"Lo viste en Los Pol\u00edticos\" \/>\n<meta name=\"twitter:card\" content=\"summary_large_image\" \/>\n<meta name=\"twitter:creator\" content=\"@LosPoliticosVer\" \/>\n<meta name=\"twitter:site\" content=\"@LosPoliticosVer\" \/>\n<meta name=\"twitter:label1\" content=\"Escrito por\" \/>\n\t<meta name=\"twitter:data1\" content=\"Lo viste en Los Pol\u00edticos\" \/>\n\t<meta name=\"twitter:label2\" content=\"Tiempo de lectura\" \/>\n\t<meta name=\"twitter:data2\" content=\"4 minutos\" \/>\n<script type=\"application\/ld+json\" class=\"yoast-schema-graph\">{\"@context\":\"https:\\\/\\\/schema.org\",\"@graph\":[{\"@type\":\"Article\",\"@id\":\"https:\\\/\\\/lospoliticosveracruz.com\\\/?p=141883#article\",\"isPartOf\":{\"@id\":\"https:\\\/\\\/lospoliticosveracruz.com\\\/?p=141883\"},\"author\":{\"name\":\"Lo viste en Los Pol\u00edticos\",\"@id\":\"https:\\\/\\\/lospoliticosveracruz.com\\\/#\\\/schema\\\/person\\\/b8702bb0e538456e6efd07080bf2a4a2\"},\"headline\":\"\u00bfQUE HUBO UN MEGA ATRACO EN SALUD? AJ\u00c1 \u00bfY?\",\"datePublished\":\"2025-04-11T18:33:59+00:00\",\"dateModified\":\"2025-04-11T18:34:22+00:00\",\"mainEntityOfPage\":{\"@id\":\"https:\\\/\\\/lospoliticosveracruz.com\\\/?p=141883\"},\"wordCount\":823,\"publisher\":{\"@id\":\"https:\\\/\\\/lospoliticosveracruz.com\\\/#organization\"},\"image\":{\"@id\":\"https:\\\/\\\/lospoliticosveracruz.com\\\/?p=141883#primaryimage\"},\"thumbnailUrl\":\"https:\\\/\\\/lospoliticosveracruz.com\\\/wp-content\\\/uploads\\\/2025\\\/04\\\/Bernardo-Gutierrez-Parra.jpg\",\"keywords\":[\"Bernardo Guti\u00e9rrez Parra\",\"Marlon Ram\u00edrez Mar\u00edn\",\"Salud\"],\"articleSection\":[\"De Opini\u00f3n\"],\"inLanguage\":\"es\"},{\"@type\":\"WebPage\",\"@id\":\"https:\\\/\\\/lospoliticosveracruz.com\\\/?p=141883\",\"url\":\"https:\\\/\\\/lospoliticosveracruz.com\\\/?p=141883\",\"name\":\"\u00bfQUE HUBO UN MEGA ATRACO EN SALUD? AJ\u00c1 \u00bfY? - Los pol\u00edticos Veracruz\",\"isPartOf\":{\"@id\":\"https:\\\/\\\/lospoliticosveracruz.com\\\/#website\"},\"primaryImageOfPage\":{\"@id\":\"https:\\\/\\\/lospoliticosveracruz.com\\\/?p=141883#primaryimage\"},\"image\":{\"@id\":\"https:\\\/\\\/lospoliticosveracruz.com\\\/?p=141883#primaryimage\"},\"thumbnailUrl\":\"https:\\\/\\\/lospoliticosveracruz.com\\\/wp-content\\\/uploads\\\/2025\\\/04\\\/Bernardo-Gutierrez-Parra.jpg\",\"datePublished\":\"2025-04-11T18:33:59+00:00\",\"dateModified\":\"2025-04-11T18:34:22+00:00\",\"breadcrumb\":{\"@id\":\"https:\\\/\\\/lospoliticosveracruz.com\\\/?p=141883#breadcrumb\"},\"inLanguage\":\"es\",\"potentialAction\":[{\"@type\":\"ReadAction\",\"target\":[\"https:\\\/\\\/lospoliticosveracruz.com\\\/?p=141883\"]}]},{\"@type\":\"ImageObject\",\"inLanguage\":\"es\",\"@id\":\"https:\\\/\\\/lospoliticosveracruz.com\\\/?p=141883#primaryimage\",\"url\":\"https:\\\/\\\/lospoliticosveracruz.com\\\/wp-content\\\/uploads\\\/2025\\\/04\\\/Bernardo-Gutierrez-Parra.jpg\",\"contentUrl\":\"https:\\\/\\\/lospoliticosveracruz.com\\\/wp-content\\\/uploads\\\/2025\\\/04\\\/Bernardo-Gutierrez-Parra.jpg\",\"width\":1250,\"height\":667},{\"@type\":\"BreadcrumbList\",\"@id\":\"https:\\\/\\\/lospoliticosveracruz.com\\\/?p=141883#breadcrumb\",\"itemListElement\":[{\"@type\":\"ListItem\",\"position\":1,\"name\":\"Portada\",\"item\":\"https:\\\/\\\/lospoliticosveracruz.com\\\/\"},{\"@type\":\"ListItem\",\"position\":2,\"name\":\"\u00bfQUE HUBO UN MEGA ATRACO EN SALUD? AJ\u00c1 \u00bfY?\"}]},{\"@type\":\"WebSite\",\"@id\":\"https:\\\/\\\/lospoliticosveracruz.com\\\/#website\",\"url\":\"https:\\\/\\\/lospoliticosveracruz.com\\\/\",\"name\":\"Los pol\u00edticos Veracruz\",\"description\":\"\",\"publisher\":{\"@id\":\"https:\\\/\\\/lospoliticosveracruz.com\\\/#organization\"},\"potentialAction\":[{\"@type\":\"SearchAction\",\"target\":{\"@type\":\"EntryPoint\",\"urlTemplate\":\"https:\\\/\\\/lospoliticosveracruz.com\\\/?s={search_term_string}\"},\"query-input\":{\"@type\":\"PropertyValueSpecification\",\"valueRequired\":true,\"valueName\":\"search_term_string\"}}],\"inLanguage\":\"es\"},{\"@type\":\"Organization\",\"@id\":\"https:\\\/\\\/lospoliticosveracruz.com\\\/#organization\",\"name\":\"Los pol\u00edticos Veracruz\",\"url\":\"https:\\\/\\\/lospoliticosveracruz.com\\\/\",\"logo\":{\"@type\":\"ImageObject\",\"inLanguage\":\"es\",\"@id\":\"https:\\\/\\\/lospoliticosveracruz.com\\\/#\\\/schema\\\/logo\\\/image\\\/\",\"url\":\"https:\\\/\\\/lospoliticosveracruz.com\\\/wp-content\\\/uploads\\\/2025\\\/12\\\/Logo-Nuevo-LOS-POLITICOS-1.jpg\",\"contentUrl\":\"https:\\\/\\\/lospoliticosveracruz.com\\\/wp-content\\\/uploads\\\/2025\\\/12\\\/Logo-Nuevo-LOS-POLITICOS-1.jpg\",\"width\":260,\"height\":70,\"caption\":\"Los pol\u00edticos Veracruz\"},\"image\":{\"@id\":\"https:\\\/\\\/lospoliticosveracruz.com\\\/#\\\/schema\\\/logo\\\/image\\\/\"},\"sameAs\":[\"https:\\\/\\\/www.facebook.com\\\/people\\\/Notimemes-de-los-Polticos\\\/61565672886568\\\/\",\"https:\\\/\\\/x.com\\\/LosPoliticosVer\"]},{\"@type\":\"Person\",\"@id\":\"https:\\\/\\\/lospoliticosveracruz.com\\\/#\\\/schema\\\/person\\\/b8702bb0e538456e6efd07080bf2a4a2\",\"name\":\"Lo viste en Los Pol\u00edticos\",\"image\":{\"@type\":\"ImageObject\",\"inLanguage\":\"es\",\"@id\":\"https:\\\/\\\/secure.gravatar.com\\\/avatar\\\/3a8de04a2656d44082be478bd6c086daa447c4651605818287b9532d3d0bd435?s=96&d=mm&r=g\",\"url\":\"https:\\\/\\\/secure.gravatar.com\\\/avatar\\\/3a8de04a2656d44082be478bd6c086daa447c4651605818287b9532d3d0bd435?s=96&d=mm&r=g\",\"contentUrl\":\"https:\\\/\\\/secure.gravatar.com\\\/avatar\\\/3a8de04a2656d44082be478bd6c086daa447c4651605818287b9532d3d0bd435?s=96&d=mm&r=g\",\"caption\":\"Lo viste en Los Pol\u00edticos\"},\"url\":\"https:\\\/\\\/lospoliticosveracruz.com\\\/?author=2\"}]}<\/script>\n<!-- \/ Yoast SEO plugin. -->","yoast_head_json":{"title":"\u00bfQUE HUBO UN MEGA ATRACO EN SALUD? AJ\u00c1 \u00bfY? - Los pol\u00edticos Veracruz","robots":{"index":"index","follow":"follow","max-snippet":"max-snippet:-1","max-image-preview":"max-image-preview:large","max-video-preview":"max-video-preview:-1"},"canonical":"https:\/\/lospoliticosveracruz.com\/?p=141883","og_locale":"es_ES","og_type":"article","og_title":"\u00bfQUE HUBO UN MEGA ATRACO EN SALUD? AJ\u00c1 \u00bfY? - Los pol\u00edticos Veracruz","og_description":"\u2002\u2002\u00daNETE A NUESTRO CANAL \u00a1LOS POL\u00cdTICOS VERACRUZ ya est\u00e1 en WhatsApp! Bernardo Guti\u00e9rrez Parra Desde el Caf\u00e9 En 2023 el entonces l\u00edder estatal del PRI y diputado local, Marlon Ram\u00edrez Mar\u00edn, denunci\u00f3 con pelos y se\u00f1ales un presunto mega desfalco en el sector Salud durante el gobierno de Cuitl\u00e1huac Garc\u00eda. Marlon present\u00f3 pruebas documentales que [&hellip;]","og_url":"https:\/\/lospoliticosveracruz.com\/?p=141883","og_site_name":"Los pol\u00edticos Veracruz","article_publisher":"https:\/\/www.facebook.com\/people\/Notimemes-de-los-Polticos\/61565672886568\/","article_published_time":"2025-04-11T18:33:59+00:00","article_modified_time":"2025-04-11T18:34:22+00:00","og_image":[{"width":1250,"height":667,"url":"https:\/\/lospoliticosveracruz.com\/wp-content\/uploads\/2025\/04\/Bernardo-Gutierrez-Parra.jpg","type":"image\/jpeg"}],"author":"Lo viste en Los Pol\u00edticos","twitter_card":"summary_large_image","twitter_creator":"@LosPoliticosVer","twitter_site":"@LosPoliticosVer","twitter_misc":{"Escrito por":"Lo viste en Los Pol\u00edticos","Tiempo de lectura":"4 minutos"},"schema":{"@context":"https:\/\/schema.org","@graph":[{"@type":"Article","@id":"https:\/\/lospoliticosveracruz.com\/?p=141883#article","isPartOf":{"@id":"https:\/\/lospoliticosveracruz.com\/?p=141883"},"author":{"name":"Lo viste en Los Pol\u00edticos","@id":"https:\/\/lospoliticosveracruz.com\/#\/schema\/person\/b8702bb0e538456e6efd07080bf2a4a2"},"headline":"\u00bfQUE HUBO UN MEGA ATRACO EN SALUD? AJ\u00c1 \u00bfY?","datePublished":"2025-04-11T18:33:59+00:00","dateModified":"2025-04-11T18:34:22+00:00","mainEntityOfPage":{"@id":"https:\/\/lospoliticosveracruz.com\/?p=141883"},"wordCount":823,"publisher":{"@id":"https:\/\/lospoliticosveracruz.com\/#organization"},"image":{"@id":"https:\/\/lospoliticosveracruz.com\/?p=141883#primaryimage"},"thumbnailUrl":"https:\/\/lospoliticosveracruz.com\/wp-content\/uploads\/2025\/04\/Bernardo-Gutierrez-Parra.jpg","keywords":["Bernardo Guti\u00e9rrez Parra","Marlon Ram\u00edrez Mar\u00edn","Salud"],"articleSection":["De Opini\u00f3n"],"inLanguage":"es"},{"@type":"WebPage","@id":"https:\/\/lospoliticosveracruz.com\/?p=141883","url":"https:\/\/lospoliticosveracruz.com\/?p=141883","name":"\u00bfQUE HUBO UN MEGA ATRACO EN SALUD? AJ\u00c1 \u00bfY? - Los pol\u00edticos Veracruz","isPartOf":{"@id":"https:\/\/lospoliticosveracruz.com\/#website"},"primaryImageOfPage":{"@id":"https:\/\/lospoliticosveracruz.com\/?p=141883#primaryimage"},"image":{"@id":"https:\/\/lospoliticosveracruz.com\/?p=141883#primaryimage"},"thumbnailUrl":"https:\/\/lospoliticosveracruz.com\/wp-content\/uploads\/2025\/04\/Bernardo-Gutierrez-Parra.jpg","datePublished":"2025-04-11T18:33:59+00:00","dateModified":"2025-04-11T18:34:22+00:00","breadcrumb":{"@id":"https:\/\/lospoliticosveracruz.com\/?p=141883#breadcrumb"},"inLanguage":"es","potentialAction":[{"@type":"ReadAction","target":["https:\/\/lospoliticosveracruz.com\/?p=141883"]}]},{"@type":"ImageObject","inLanguage":"es","@id":"https:\/\/lospoliticosveracruz.com\/?p=141883#primaryimage","url":"https:\/\/lospoliticosveracruz.com\/wp-content\/uploads\/2025\/04\/Bernardo-Gutierrez-Parra.jpg","contentUrl":"https:\/\/lospoliticosveracruz.com\/wp-content\/uploads\/2025\/04\/Bernardo-Gutierrez-Parra.jpg","width":1250,"height":667},{"@type":"BreadcrumbList","@id":"https:\/\/lospoliticosveracruz.com\/?p=141883#breadcrumb","itemListElement":[{"@type":"ListItem","position":1,"name":"Portada","item":"https:\/\/lospoliticosveracruz.com\/"},{"@type":"ListItem","position":2,"name":"\u00bfQUE HUBO UN MEGA ATRACO EN SALUD? AJ\u00c1 \u00bfY?"}]},{"@type":"WebSite","@id":"https:\/\/lospoliticosveracruz.com\/#website","url":"https:\/\/lospoliticosveracruz.com\/","name":"Los pol\u00edticos Veracruz","description":"","publisher":{"@id":"https:\/\/lospoliticosveracruz.com\/#organization"},"potentialAction":[{"@type":"SearchAction","target":{"@type":"EntryPoint","urlTemplate":"https:\/\/lospoliticosveracruz.com\/?s={search_term_string}"},"query-input":{"@type":"PropertyValueSpecification","valueRequired":true,"valueName":"search_term_string"}}],"inLanguage":"es"},{"@type":"Organization","@id":"https:\/\/lospoliticosveracruz.com\/#organization","name":"Los pol\u00edticos Veracruz","url":"https:\/\/lospoliticosveracruz.com\/","logo":{"@type":"ImageObject","inLanguage":"es","@id":"https:\/\/lospoliticosveracruz.com\/#\/schema\/logo\/image\/","url":"https:\/\/lospoliticosveracruz.com\/wp-content\/uploads\/2025\/12\/Logo-Nuevo-LOS-POLITICOS-1.jpg","contentUrl":"https:\/\/lospoliticosveracruz.com\/wp-content\/uploads\/2025\/12\/Logo-Nuevo-LOS-POLITICOS-1.jpg","width":260,"height":70,"caption":"Los pol\u00edticos Veracruz"},"image":{"@id":"https:\/\/lospoliticosveracruz.com\/#\/schema\/logo\/image\/"},"sameAs":["https:\/\/www.facebook.com\/people\/Notimemes-de-los-Polticos\/61565672886568\/","https:\/\/x.com\/LosPoliticosVer"]},{"@type":"Person","@id":"https:\/\/lospoliticosveracruz.com\/#\/schema\/person\/b8702bb0e538456e6efd07080bf2a4a2","name":"Lo viste en Los Pol\u00edticos","image":{"@type":"ImageObject","inLanguage":"es","@id":"https:\/\/secure.gravatar.com\/avatar\/3a8de04a2656d44082be478bd6c086daa447c4651605818287b9532d3d0bd435?s=96&d=mm&r=g","url":"https:\/\/secure.gravatar.com\/avatar\/3a8de04a2656d44082be478bd6c086daa447c4651605818287b9532d3d0bd435?s=96&d=mm&r=g","contentUrl":"https:\/\/secure.gravatar.com\/avatar\/3a8de04a2656d44082be478bd6c086daa447c4651605818287b9532d3d0bd435?s=96&d=mm&r=g","caption":"Lo viste en Los Pol\u00edticos"},"url":"https:\/\/lospoliticosveracruz.com\/?author=2"}]}},"_links":{"self":[{"href":"https:\/\/lospoliticosveracruz.com\/index.php?rest_route=\/wp\/v2\/posts\/141883","targetHints":{"allow":["GET"]}}],"collection":[{"href":"https:\/\/lospoliticosveracruz.com\/index.php?rest_route=\/wp\/v2\/posts"}],"about":[{"href":"https:\/\/lospoliticosveracruz.com\/index.php?rest_route=\/wp\/v2\/types\/post"}],"author":[{"embeddable":true,"href":"https:\/\/lospoliticosveracruz.com\/index.php?rest_route=\/wp\/v2\/users\/2"}],"replies":[{"embeddable":true,"href":"https:\/\/lospoliticosveracruz.com\/index.php?rest_route=%2Fwp%2Fv2%2Fcomments&post=141883"}],"version-history":[{"count":1,"href":"https:\/\/lospoliticosveracruz.com\/index.php?rest_route=\/wp\/v2\/posts\/141883\/revisions"}],"predecessor-version":[{"id":141884,"href":"https:\/\/lospoliticosveracruz.com\/index.php?rest_route=\/wp\/v2\/posts\/141883\/revisions\/141884"}],"wp:featuredmedia":[{"embeddable":true,"href":"https:\/\/lospoliticosveracruz.com\/index.php?rest_route=\/wp\/v2\/media\/141479"}],"wp:attachment":[{"href":"https:\/\/lospoliticosveracruz.com\/index.php?rest_route=%2Fwp%2Fv2%2Fmedia&parent=141883"}],"wp:term":[{"taxonomy":"category","embeddable":true,"href":"https:\/\/lospoliticosveracruz.com\/index.php?rest_route=%2Fwp%2Fv2%2Fcategories&post=141883"},{"taxonomy":"post_tag","embeddable":true,"href":"https:\/\/lospoliticosveracruz.com\/index.php?rest_route=%2Fwp%2Fv2%2Ftags&post=141883"}],"curies":[{"name":"wp","href":"https:\/\/api.w.org\/{rel}","templated":true}]}}