{"id":141982,"date":"2025-04-14T06:52:27","date_gmt":"2025-04-14T11:52:27","guid":{"rendered":"https:\/\/lospoliticosveracruz.com.mx\/?p=141982"},"modified":"2025-04-14T06:52:38","modified_gmt":"2025-04-14T11:52:38","slug":"auditorias-al-sector-salud-y-jurisdicciones-sanitarias","status":"publish","type":"post","link":"https:\/\/lospoliticosveracruz.com\/?p=141982","title":{"rendered":"AUDITOR\u00cdAS AL SECTOR SALUD Y JURISDICCIONES SANITARIAS"},"content":{"rendered":"\n<p>[S\u00edguenos ahora tambi\u00e9n en WhatsApp.\u00a0<a href=\"https:\/\/whatsapp.com\/channel\/0029Va8zRWlEKyZIP3Z1dF0e\"><strong><em>Da clic aqu\u00ed<\/em><\/strong><\/a>]\u00a0<br><strong>Ricardo Chua<\/strong><\/p>\n\n\n\n<p><em>Sale y Vale<\/em><\/p>\n\n\n\n<p>Despu\u00e9s de que se logr\u00f3 saber los presuntos desv\u00edos de recursos multimillonarios en el gobierno de Cuitl\u00e1huac Garc\u00eda dentro del sector salud.. Y luego de las presuntas denuncias p\u00fablicas que le llegaron a la gobernadora Roc\u00edo Nahle Garc\u00eda.. De que en algunas Jurisdicciones Sanitarias de Veracruz, se estaban comercializando de manera ilegal los medicamentos que eran para la ciudadan\u00eda en general, pero eran entregadas en farmacias privadas para su venta.. El gobierno del Estado ha ordenado una auditor\u00eda general para deslindar responsabilidades y sanciones..<\/p>\n\n\n\n<p>De esa manera, Roc\u00edo Nahle podr\u00eda proceder administrativa, legal y penalmente si hay funcionarios y ex funcionarios del gobierno de Veracruz, involucrados en estos presuntos desv\u00edos de recursos millonarios y en la venta ilegal de medicamentos que deber\u00edan otorgarse gratuitamente a la ciudadan\u00eda que lo solicite.. Ya que est\u00e1 situaci\u00f3n de la venta de medicamentos p\u00fablicos en farmacias particulares, no s\u00f3lo estaba ocurriendo presuntamente en la Jurisdicci\u00f3n Sanitaria n\u00famero 9 con sede en la ciudad de Cosamaloapan, sino en otras m\u00e1s del Estado.. Y el inter\u00e9s del Estado es saber qui\u00e9n est\u00e1 detr\u00e1s de este negocio y quienes participaron en los mismos..<\/p>\n\n\n\n<p>Informaci\u00f3n obtenida al interior del gobierno del Estado.. Se\u00f1alan que Roc\u00edo Nahle se encuentra m\u00e1s que molesta por estas denuncias en redes sociales.. Ya que no s\u00f3lo ha sido por esta v\u00eda como se ha enterado de este asunto sino tambi\u00e9n por presuntos se\u00f1alamientos de alcaldes de algunas regiones de Veracruz.. Que est\u00e1n corroborando que los medicamentos son comercializados de manera ilegal en farmacias particulares.. Pero no s\u00f3lo alcaldes sino algunos legisladores federales y locales de MORENA, como pol\u00edticos locales que le fueron a decir a la gobernadora de todos estos hechos y por eso vienen las auditor\u00edas a las Jurisdicciones Sanitarias..<\/p>\n\n\n\n<p>Ya que uno de los temas m\u00e1s graves a este respecto.. Es que la mandataria estatal fue enterada de que en algunas zonas de Veracruz.. Estos medicamentos fueron comercializados para costear las campa\u00f1as internas de MORENA de algunos aspirantes a las candidaturas a alcaldes en Veracruz.. Muchos de estos aspirantes fueron detractores de Roc\u00edo Nahle en las precampa\u00f1as a gobernador.. Pero lo m\u00e1s grave es que esto le da argumentos a los partidos de oposici\u00f3n para se\u00f1alarlos.. Y lo fundamental a Nahle le molesta que estas situaciones pasen dentro de su administraci\u00f3n porque con la salud de los veracruzanos, no se juega por eso las auditor\u00edas..<\/p>\n\n\n\n<p>Por cierto, con estas acciones del gobierno de Roc\u00edo Nahle.. Se cumple una petici\u00f3n hecha en redes sociales y p\u00e1ginas informativas por parte de la titular de la Jurisdicci\u00f3n Sanitaria N\u00famero 9, Mayra Janeth Torres Dom\u00ednguez, de que invitaba a las autoridades competentes a realizar las investigaciones que se consideren necesarias.. Para que quede claro que en la dependencia a su cargo, no se presentan esos casos de la venta ilegal de medicamentos a farmacias particulares de la zona del Sotavento.. Luego que por redes sociales se\u00f1alaban a esa Jurisdicci\u00f3n Sanitaria de esas pr\u00e1cticas.. Tal como se dio a conocer en este espacio.. Es lo mejor..<\/p>\n\n\n\n<p>REFLEXI\u00d3N.. Esto es parte de la \u00abherencia maldita\u00bb que dej\u00f3 Cuitl\u00e1huac Garc\u00eda al gobierno de Roc\u00edo Nahle.. Que poco a poco la mandataria estatal tiene que ir \u00ablimpiando la casa\u00bb porque el ex gobernador se la dej\u00f3 muy \u00absucia\u00bb en el sector salud.. As\u00ed que con estas auditor\u00edas por parte del \u00d3rgano de Fiscalizaci\u00f3n Superior (ORFIS) y la Auditor\u00eda Superior de la Federaci\u00f3n (ASF) en el manejo de los recursos p\u00fablicos del sector salud durante ese gobierno.. Pareciera que se le vienen \u00abtardes negras\u00bb a Cuitl\u00e1huac Garc\u00eda sin la protecci\u00f3n que goz\u00f3 el sexenio pasado.. Misma suerte parece que vivir\u00e1n tambi\u00e9n algunos funcionarios estatales de SESVER..<\/p>\n\n\n\n<p>El gobierno de Roc\u00edo Nahle sabe bien que no puede \u00abpagar los platos rotos\u00bb de todos los pendientes dejados por Cutil\u00e1huac Garc\u00eda y de sus funcionarios en ese gobierno como Eric Cisneros Burgos.. Ya que aparte de haberle echado la \u00abmaquinaria\u00bb encima para evitar que fuera la candidata a gobernador.. Pensaron que el cometer cualquier tipo de acciones, que no estaban dentro del marco legal, no les iba a afectar para nada.. Pero pareciera que todo eso se les acab\u00f3 porque las revisiones a los manejos financieros que hicieron son m\u00e1s reales que nunca y est\u00e1n sacando a \u00abflote\u00bb toda la \u00abcloaca\u00bb de esa administraci\u00f3n.. Ya ver\u00e1.. AMEN..<\/p>\n\n\n\n<p>EL CASTIGO AL PT EN VERACRUZ.. Pese a ser parte de la 4T en Veracruz.. Bien dicen que en pol\u00edtica, los amigos son de mentiras y los enemigos son reales.. Tal como le pas\u00f3 al Partido del Trabajo en Veracruz, que pr\u00e1cticamente fue DESMANTELADO en el Congreso del Estado y se qued\u00f3 sin bancada.. Los que saben de la situaci\u00f3n.. Esto es debido a las afrentas que hizo este partido a MORENA y Roc\u00edo Nahle cuando no se concret\u00f3 un acuerdo de coalici\u00f3n con el PVEM y los \u00abMorenos\u00bb.. Y como los petistas ya andaban sinti\u00e9ndose m\u00e1s lo que lo son.. Les dieron un \u00abestate quieto\u00bb..<\/p>\n\n\n\n<p>Ahora s\u00f3lo quedan Ram\u00f3n D\u00edaz como Elizabeth Morales como diputados locales de ese partido.. En donde no pueden hacer bancada.. No les quedar\u00e1 m\u00e1s que unirse al PRI de H\u00e9ctor Yunes y Ana Rosa V\u00e1ldez para tener derecho a voz y voto en la Junta de Coordinaci\u00f3n Pol\u00edtica.. Ram\u00f3n D\u00edaz sabe que si se va al PAN, el costo ser\u00e1 peor.. Al PVEM no se pueden ir porque los \u00abavasallan\u00bb y dif\u00edcilmente si entran a Movimiento Ciudadano, les dar\u00e1n los espacios que requieran.. As\u00ed que todo indica que no les queda de otra que juntarse con los priistas en otra bancada.. Qui\u00e9n dir\u00eda.. Van a crecer en la elecci\u00f3n pero a qu\u00e9 costo..<\/p>\n","protected":false},"excerpt":{"rendered":"<p>[S\u00edguenos ahora tambi\u00e9n en WhatsApp.\u00a0Da clic aqu\u00ed]\u00a0Ricardo Chua Sale y Vale Despu\u00e9s de que se logr\u00f3 saber los presuntos desv\u00edos de recursos multimillonarios en el gobierno de Cuitl\u00e1huac Garc\u00eda dentro del sector salud.. Y luego de las presuntas denuncias p\u00fablicas que le llegaron a la gobernadora Roc\u00edo Nahle Garc\u00eda.. De que en algunas Jurisdicciones Sanitarias [&hellip;]<\/p>\n","protected":false},"author":2,"featured_media":141434,"comment_status":"closed","ping_status":"closed","sticky":false,"template":"","format":"standard","meta":{"tdm_status":"","tdm_grid_status":"","footnotes":""},"categories":[70],"tags":[1563,1026,3578,90,998,195],"class_list":{"0":"post-141982","1":"post","2":"type-post","3":"status-publish","4":"format-standard","5":"has-post-thumbnail","7":"category-de-opinion","8":"tag-cuitlahuac-garcia-jimenez","9":"tag-morena","10":"tag-rocio-nahle","11":"tag-salud","12":"tag-sesver","13":"tag-veracruz"},"yoast_head":"<!-- This site is optimized with the Yoast SEO plugin v27.4 - https:\/\/yoast.com\/product\/yoast-seo-wordpress\/ -->\n<title>AUDITOR\u00cdAS AL SECTOR SALUD Y JURISDICCIONES SANITARIAS - Los pol\u00edticos Veracruz<\/title>\n<meta name=\"robots\" content=\"index, follow, max-snippet:-1, max-image-preview:large, max-video-preview:-1\" \/>\n<link rel=\"canonical\" href=\"https:\/\/lospoliticosveracruz.com\/?p=141982\" \/>\n<meta property=\"og:locale\" content=\"es_ES\" \/>\n<meta property=\"og:type\" content=\"article\" \/>\n<meta property=\"og:title\" content=\"AUDITOR\u00cdAS AL SECTOR SALUD Y JURISDICCIONES SANITARIAS - Los pol\u00edticos Veracruz\" \/>\n<meta property=\"og:description\" content=\"[S\u00edguenos ahora tambi\u00e9n en WhatsApp.\u00a0Da clic aqu\u00ed]\u00a0Ricardo Chua Sale y Vale Despu\u00e9s de que se logr\u00f3 saber los presuntos desv\u00edos de recursos multimillonarios en el gobierno de Cuitl\u00e1huac Garc\u00eda dentro del sector salud.. Y luego de las presuntas denuncias p\u00fablicas que le llegaron a la gobernadora Roc\u00edo Nahle Garc\u00eda.. De que en algunas Jurisdicciones Sanitarias [&hellip;]\" \/>\n<meta property=\"og:url\" content=\"https:\/\/lospoliticosveracruz.com\/?p=141982\" \/>\n<meta property=\"og:site_name\" content=\"Los pol\u00edticos Veracruz\" \/>\n<meta property=\"article:publisher\" content=\"https:\/\/www.facebook.com\/people\/Notimemes-de-los-Polticos\/61565672886568\/\" \/>\n<meta property=\"article:published_time\" content=\"2025-04-14T11:52:27+00:00\" \/>\n<meta property=\"article:modified_time\" content=\"2025-04-14T11:52:38+00:00\" \/>\n<meta property=\"og:image\" content=\"https:\/\/lospoliticosveracruz.com\/wp-content\/uploads\/2025\/04\/Chua-e1761364658706.jpg\" \/>\n\t<meta property=\"og:image:width\" content=\"600\" \/>\n\t<meta property=\"og:image:height\" content=\"320\" \/>\n\t<meta property=\"og:image:type\" content=\"image\/jpeg\" \/>\n<meta name=\"author\" content=\"Lo viste en Los Pol\u00edticos\" \/>\n<meta name=\"twitter:card\" content=\"summary_large_image\" \/>\n<meta name=\"twitter:creator\" content=\"@LosPoliticosVer\" \/>\n<meta name=\"twitter:site\" content=\"@LosPoliticosVer\" \/>\n<meta name=\"twitter:label1\" content=\"Escrito por\" \/>\n\t<meta name=\"twitter:data1\" content=\"Lo viste en Los Pol\u00edticos\" \/>\n\t<meta name=\"twitter:label2\" content=\"Tiempo de lectura\" \/>\n\t<meta name=\"twitter:data2\" content=\"5 minutos\" \/>\n<script type=\"application\/ld+json\" class=\"yoast-schema-graph\">{\"@context\":\"https:\\\/\\\/schema.org\",\"@graph\":[{\"@type\":\"Article\",\"@id\":\"https:\\\/\\\/lospoliticosveracruz.com\\\/?p=141982#article\",\"isPartOf\":{\"@id\":\"https:\\\/\\\/lospoliticosveracruz.com\\\/?p=141982\"},\"author\":{\"name\":\"Lo viste en Los Pol\u00edticos\",\"@id\":\"https:\\\/\\\/lospoliticosveracruz.com\\\/#\\\/schema\\\/person\\\/b8702bb0e538456e6efd07080bf2a4a2\"},\"headline\":\"AUDITOR\u00cdAS AL SECTOR SALUD Y JURISDICCIONES SANITARIAS\",\"datePublished\":\"2025-04-14T11:52:27+00:00\",\"dateModified\":\"2025-04-14T11:52:38+00:00\",\"mainEntityOfPage\":{\"@id\":\"https:\\\/\\\/lospoliticosveracruz.com\\\/?p=141982\"},\"wordCount\":1049,\"publisher\":{\"@id\":\"https:\\\/\\\/lospoliticosveracruz.com\\\/#organization\"},\"image\":{\"@id\":\"https:\\\/\\\/lospoliticosveracruz.com\\\/?p=141982#primaryimage\"},\"thumbnailUrl\":\"https:\\\/\\\/lospoliticosveracruz.com\\\/wp-content\\\/uploads\\\/2025\\\/04\\\/Chua-e1761364658706.jpg\",\"keywords\":[\"Cuitl\u00e1huac Garc\u00eda Jim\u00e9nez\",\"Morena\",\"Roc\u00edo Nahle\",\"Salud\",\"Sesver\",\"Veracruz\"],\"articleSection\":[\"De Opini\u00f3n\"],\"inLanguage\":\"es\"},{\"@type\":\"WebPage\",\"@id\":\"https:\\\/\\\/lospoliticosveracruz.com\\\/?p=141982\",\"url\":\"https:\\\/\\\/lospoliticosveracruz.com\\\/?p=141982\",\"name\":\"AUDITOR\u00cdAS AL SECTOR SALUD Y JURISDICCIONES SANITARIAS - Los pol\u00edticos Veracruz\",\"isPartOf\":{\"@id\":\"https:\\\/\\\/lospoliticosveracruz.com\\\/#website\"},\"primaryImageOfPage\":{\"@id\":\"https:\\\/\\\/lospoliticosveracruz.com\\\/?p=141982#primaryimage\"},\"image\":{\"@id\":\"https:\\\/\\\/lospoliticosveracruz.com\\\/?p=141982#primaryimage\"},\"thumbnailUrl\":\"https:\\\/\\\/lospoliticosveracruz.com\\\/wp-content\\\/uploads\\\/2025\\\/04\\\/Chua-e1761364658706.jpg\",\"datePublished\":\"2025-04-14T11:52:27+00:00\",\"dateModified\":\"2025-04-14T11:52:38+00:00\",\"breadcrumb\":{\"@id\":\"https:\\\/\\\/lospoliticosveracruz.com\\\/?p=141982#breadcrumb\"},\"inLanguage\":\"es\",\"potentialAction\":[{\"@type\":\"ReadAction\",\"target\":[\"https:\\\/\\\/lospoliticosveracruz.com\\\/?p=141982\"]}]},{\"@type\":\"ImageObject\",\"inLanguage\":\"es\",\"@id\":\"https:\\\/\\\/lospoliticosveracruz.com\\\/?p=141982#primaryimage\",\"url\":\"https:\\\/\\\/lospoliticosveracruz.com\\\/wp-content\\\/uploads\\\/2025\\\/04\\\/Chua-e1761364658706.jpg\",\"contentUrl\":\"https:\\\/\\\/lospoliticosveracruz.com\\\/wp-content\\\/uploads\\\/2025\\\/04\\\/Chua-e1761364658706.jpg\",\"width\":600,\"height\":320},{\"@type\":\"BreadcrumbList\",\"@id\":\"https:\\\/\\\/lospoliticosveracruz.com\\\/?p=141982#breadcrumb\",\"itemListElement\":[{\"@type\":\"ListItem\",\"position\":1,\"name\":\"Portada\",\"item\":\"https:\\\/\\\/lospoliticosveracruz.com\\\/\"},{\"@type\":\"ListItem\",\"position\":2,\"name\":\"AUDITOR\u00cdAS AL SECTOR SALUD Y JURISDICCIONES SANITARIAS\"}]},{\"@type\":\"WebSite\",\"@id\":\"https:\\\/\\\/lospoliticosveracruz.com\\\/#website\",\"url\":\"https:\\\/\\\/lospoliticosveracruz.com\\\/\",\"name\":\"Los pol\u00edticos Veracruz\",\"description\":\"\",\"publisher\":{\"@id\":\"https:\\\/\\\/lospoliticosveracruz.com\\\/#organization\"},\"potentialAction\":[{\"@type\":\"SearchAction\",\"target\":{\"@type\":\"EntryPoint\",\"urlTemplate\":\"https:\\\/\\\/lospoliticosveracruz.com\\\/?s={search_term_string}\"},\"query-input\":{\"@type\":\"PropertyValueSpecification\",\"valueRequired\":true,\"valueName\":\"search_term_string\"}}],\"inLanguage\":\"es\"},{\"@type\":\"Organization\",\"@id\":\"https:\\\/\\\/lospoliticosveracruz.com\\\/#organization\",\"name\":\"Los pol\u00edticos Veracruz\",\"url\":\"https:\\\/\\\/lospoliticosveracruz.com\\\/\",\"logo\":{\"@type\":\"ImageObject\",\"inLanguage\":\"es\",\"@id\":\"https:\\\/\\\/lospoliticosveracruz.com\\\/#\\\/schema\\\/logo\\\/image\\\/\",\"url\":\"https:\\\/\\\/lospoliticosveracruz.com\\\/wp-content\\\/uploads\\\/2025\\\/12\\\/Logo-Nuevo-LOS-POLITICOS-1.jpg\",\"contentUrl\":\"https:\\\/\\\/lospoliticosveracruz.com\\\/wp-content\\\/uploads\\\/2025\\\/12\\\/Logo-Nuevo-LOS-POLITICOS-1.jpg\",\"width\":260,\"height\":70,\"caption\":\"Los pol\u00edticos Veracruz\"},\"image\":{\"@id\":\"https:\\\/\\\/lospoliticosveracruz.com\\\/#\\\/schema\\\/logo\\\/image\\\/\"},\"sameAs\":[\"https:\\\/\\\/www.facebook.com\\\/people\\\/Notimemes-de-los-Polticos\\\/61565672886568\\\/\",\"https:\\\/\\\/x.com\\\/LosPoliticosVer\"]},{\"@type\":\"Person\",\"@id\":\"https:\\\/\\\/lospoliticosveracruz.com\\\/#\\\/schema\\\/person\\\/b8702bb0e538456e6efd07080bf2a4a2\",\"name\":\"Lo viste en Los Pol\u00edticos\",\"image\":{\"@type\":\"ImageObject\",\"inLanguage\":\"es\",\"@id\":\"https:\\\/\\\/secure.gravatar.com\\\/avatar\\\/3a8de04a2656d44082be478bd6c086daa447c4651605818287b9532d3d0bd435?s=96&d=mm&r=g\",\"url\":\"https:\\\/\\\/secure.gravatar.com\\\/avatar\\\/3a8de04a2656d44082be478bd6c086daa447c4651605818287b9532d3d0bd435?s=96&d=mm&r=g\",\"contentUrl\":\"https:\\\/\\\/secure.gravatar.com\\\/avatar\\\/3a8de04a2656d44082be478bd6c086daa447c4651605818287b9532d3d0bd435?s=96&d=mm&r=g\",\"caption\":\"Lo viste en Los Pol\u00edticos\"},\"url\":\"https:\\\/\\\/lospoliticosveracruz.com\\\/?author=2\"}]}<\/script>\n<!-- \/ Yoast SEO plugin. -->","yoast_head_json":{"title":"AUDITOR\u00cdAS AL SECTOR SALUD Y JURISDICCIONES SANITARIAS - Los pol\u00edticos Veracruz","robots":{"index":"index","follow":"follow","max-snippet":"max-snippet:-1","max-image-preview":"max-image-preview:large","max-video-preview":"max-video-preview:-1"},"canonical":"https:\/\/lospoliticosveracruz.com\/?p=141982","og_locale":"es_ES","og_type":"article","og_title":"AUDITOR\u00cdAS AL SECTOR SALUD Y JURISDICCIONES SANITARIAS - Los pol\u00edticos Veracruz","og_description":"[S\u00edguenos ahora tambi\u00e9n en WhatsApp.\u00a0Da clic aqu\u00ed]\u00a0Ricardo Chua Sale y Vale Despu\u00e9s de que se logr\u00f3 saber los presuntos desv\u00edos de recursos multimillonarios en el gobierno de Cuitl\u00e1huac Garc\u00eda dentro del sector salud.. Y luego de las presuntas denuncias p\u00fablicas que le llegaron a la gobernadora Roc\u00edo Nahle Garc\u00eda.. De que en algunas Jurisdicciones Sanitarias [&hellip;]","og_url":"https:\/\/lospoliticosveracruz.com\/?p=141982","og_site_name":"Los pol\u00edticos Veracruz","article_publisher":"https:\/\/www.facebook.com\/people\/Notimemes-de-los-Polticos\/61565672886568\/","article_published_time":"2025-04-14T11:52:27+00:00","article_modified_time":"2025-04-14T11:52:38+00:00","og_image":[{"width":600,"height":320,"url":"https:\/\/lospoliticosveracruz.com\/wp-content\/uploads\/2025\/04\/Chua-e1761364658706.jpg","type":"image\/jpeg"}],"author":"Lo viste en Los Pol\u00edticos","twitter_card":"summary_large_image","twitter_creator":"@LosPoliticosVer","twitter_site":"@LosPoliticosVer","twitter_misc":{"Escrito por":"Lo viste en Los Pol\u00edticos","Tiempo de lectura":"5 minutos"},"schema":{"@context":"https:\/\/schema.org","@graph":[{"@type":"Article","@id":"https:\/\/lospoliticosveracruz.com\/?p=141982#article","isPartOf":{"@id":"https:\/\/lospoliticosveracruz.com\/?p=141982"},"author":{"name":"Lo viste en Los Pol\u00edticos","@id":"https:\/\/lospoliticosveracruz.com\/#\/schema\/person\/b8702bb0e538456e6efd07080bf2a4a2"},"headline":"AUDITOR\u00cdAS AL SECTOR SALUD Y JURISDICCIONES SANITARIAS","datePublished":"2025-04-14T11:52:27+00:00","dateModified":"2025-04-14T11:52:38+00:00","mainEntityOfPage":{"@id":"https:\/\/lospoliticosveracruz.com\/?p=141982"},"wordCount":1049,"publisher":{"@id":"https:\/\/lospoliticosveracruz.com\/#organization"},"image":{"@id":"https:\/\/lospoliticosveracruz.com\/?p=141982#primaryimage"},"thumbnailUrl":"https:\/\/lospoliticosveracruz.com\/wp-content\/uploads\/2025\/04\/Chua-e1761364658706.jpg","keywords":["Cuitl\u00e1huac Garc\u00eda Jim\u00e9nez","Morena","Roc\u00edo Nahle","Salud","Sesver","Veracruz"],"articleSection":["De Opini\u00f3n"],"inLanguage":"es"},{"@type":"WebPage","@id":"https:\/\/lospoliticosveracruz.com\/?p=141982","url":"https:\/\/lospoliticosveracruz.com\/?p=141982","name":"AUDITOR\u00cdAS AL SECTOR SALUD Y JURISDICCIONES SANITARIAS - Los pol\u00edticos Veracruz","isPartOf":{"@id":"https:\/\/lospoliticosveracruz.com\/#website"},"primaryImageOfPage":{"@id":"https:\/\/lospoliticosveracruz.com\/?p=141982#primaryimage"},"image":{"@id":"https:\/\/lospoliticosveracruz.com\/?p=141982#primaryimage"},"thumbnailUrl":"https:\/\/lospoliticosveracruz.com\/wp-content\/uploads\/2025\/04\/Chua-e1761364658706.jpg","datePublished":"2025-04-14T11:52:27+00:00","dateModified":"2025-04-14T11:52:38+00:00","breadcrumb":{"@id":"https:\/\/lospoliticosveracruz.com\/?p=141982#breadcrumb"},"inLanguage":"es","potentialAction":[{"@type":"ReadAction","target":["https:\/\/lospoliticosveracruz.com\/?p=141982"]}]},{"@type":"ImageObject","inLanguage":"es","@id":"https:\/\/lospoliticosveracruz.com\/?p=141982#primaryimage","url":"https:\/\/lospoliticosveracruz.com\/wp-content\/uploads\/2025\/04\/Chua-e1761364658706.jpg","contentUrl":"https:\/\/lospoliticosveracruz.com\/wp-content\/uploads\/2025\/04\/Chua-e1761364658706.jpg","width":600,"height":320},{"@type":"BreadcrumbList","@id":"https:\/\/lospoliticosveracruz.com\/?p=141982#breadcrumb","itemListElement":[{"@type":"ListItem","position":1,"name":"Portada","item":"https:\/\/lospoliticosveracruz.com\/"},{"@type":"ListItem","position":2,"name":"AUDITOR\u00cdAS AL SECTOR SALUD Y JURISDICCIONES SANITARIAS"}]},{"@type":"WebSite","@id":"https:\/\/lospoliticosveracruz.com\/#website","url":"https:\/\/lospoliticosveracruz.com\/","name":"Los pol\u00edticos Veracruz","description":"","publisher":{"@id":"https:\/\/lospoliticosveracruz.com\/#organization"},"potentialAction":[{"@type":"SearchAction","target":{"@type":"EntryPoint","urlTemplate":"https:\/\/lospoliticosveracruz.com\/?s={search_term_string}"},"query-input":{"@type":"PropertyValueSpecification","valueRequired":true,"valueName":"search_term_string"}}],"inLanguage":"es"},{"@type":"Organization","@id":"https:\/\/lospoliticosveracruz.com\/#organization","name":"Los pol\u00edticos Veracruz","url":"https:\/\/lospoliticosveracruz.com\/","logo":{"@type":"ImageObject","inLanguage":"es","@id":"https:\/\/lospoliticosveracruz.com\/#\/schema\/logo\/image\/","url":"https:\/\/lospoliticosveracruz.com\/wp-content\/uploads\/2025\/12\/Logo-Nuevo-LOS-POLITICOS-1.jpg","contentUrl":"https:\/\/lospoliticosveracruz.com\/wp-content\/uploads\/2025\/12\/Logo-Nuevo-LOS-POLITICOS-1.jpg","width":260,"height":70,"caption":"Los pol\u00edticos Veracruz"},"image":{"@id":"https:\/\/lospoliticosveracruz.com\/#\/schema\/logo\/image\/"},"sameAs":["https:\/\/www.facebook.com\/people\/Notimemes-de-los-Polticos\/61565672886568\/","https:\/\/x.com\/LosPoliticosVer"]},{"@type":"Person","@id":"https:\/\/lospoliticosveracruz.com\/#\/schema\/person\/b8702bb0e538456e6efd07080bf2a4a2","name":"Lo viste en Los Pol\u00edticos","image":{"@type":"ImageObject","inLanguage":"es","@id":"https:\/\/secure.gravatar.com\/avatar\/3a8de04a2656d44082be478bd6c086daa447c4651605818287b9532d3d0bd435?s=96&d=mm&r=g","url":"https:\/\/secure.gravatar.com\/avatar\/3a8de04a2656d44082be478bd6c086daa447c4651605818287b9532d3d0bd435?s=96&d=mm&r=g","contentUrl":"https:\/\/secure.gravatar.com\/avatar\/3a8de04a2656d44082be478bd6c086daa447c4651605818287b9532d3d0bd435?s=96&d=mm&r=g","caption":"Lo viste en Los Pol\u00edticos"},"url":"https:\/\/lospoliticosveracruz.com\/?author=2"}]}},"_links":{"self":[{"href":"https:\/\/lospoliticosveracruz.com\/index.php?rest_route=\/wp\/v2\/posts\/141982","targetHints":{"allow":["GET"]}}],"collection":[{"href":"https:\/\/lospoliticosveracruz.com\/index.php?rest_route=\/wp\/v2\/posts"}],"about":[{"href":"https:\/\/lospoliticosveracruz.com\/index.php?rest_route=\/wp\/v2\/types\/post"}],"author":[{"embeddable":true,"href":"https:\/\/lospoliticosveracruz.com\/index.php?rest_route=\/wp\/v2\/users\/2"}],"replies":[{"embeddable":true,"href":"https:\/\/lospoliticosveracruz.com\/index.php?rest_route=%2Fwp%2Fv2%2Fcomments&post=141982"}],"version-history":[{"count":1,"href":"https:\/\/lospoliticosveracruz.com\/index.php?rest_route=\/wp\/v2\/posts\/141982\/revisions"}],"predecessor-version":[{"id":141983,"href":"https:\/\/lospoliticosveracruz.com\/index.php?rest_route=\/wp\/v2\/posts\/141982\/revisions\/141983"}],"wp:featuredmedia":[{"embeddable":true,"href":"https:\/\/lospoliticosveracruz.com\/index.php?rest_route=\/wp\/v2\/media\/141434"}],"wp:attachment":[{"href":"https:\/\/lospoliticosveracruz.com\/index.php?rest_route=%2Fwp%2Fv2%2Fmedia&parent=141982"}],"wp:term":[{"taxonomy":"category","embeddable":true,"href":"https:\/\/lospoliticosveracruz.com\/index.php?rest_route=%2Fwp%2Fv2%2Fcategories&post=141982"},{"taxonomy":"post_tag","embeddable":true,"href":"https:\/\/lospoliticosveracruz.com\/index.php?rest_route=%2Fwp%2Fv2%2Ftags&post=141982"}],"curies":[{"name":"wp","href":"https:\/\/api.w.org\/{rel}","templated":true}]}}