{"id":14199,"date":"2014-12-16T22:47:13","date_gmt":"2014-12-17T04:47:13","guid":{"rendered":"http:\/\/www.lospoliticosveracruz.com.mx\/?p=14199"},"modified":"2014-12-16T22:55:19","modified_gmt":"2014-12-17T04:55:19","slug":"duarte-podria-estar-cavando-su-propia-tumba","status":"publish","type":"post","link":"https:\/\/lospoliticosveracruz.com\/?p=14199","title":{"rendered":"Duarte podr\u00eda estar cavando su propia tumba"},"content":{"rendered":"<p><img loading=\"lazy\" decoding=\"async\" class=\"alignnone size-medium wp-image-12129\" src=\"http:\/\/www.lospoliticosveracruz.com.mx\/wp-content\/uploads\/2008\/06\/Erick-Silva-Duarte-300x199.jpg\" alt=\"Erick-Silva-Duarte\" width=\"300\" height=\"199\" \/><\/p>\n<p><strong>Armando Ortiz<\/strong><\/p>\n<p><em>El Hijo Pr\u00f3digo<\/em><\/p>\n<p>&nbsp;<\/p>\n<p>Por una asociaci\u00f3n consecuente, cuando hablamos de la gubernatura de dos a\u00f1os, damos por sentado que el candidato, por parte del partido en el poder, tendr\u00eda que ser un hombre de todas las confianzas del gobernador Duarte.<br \/>\nResulta l\u00f3gico, la iniciativa parte de \u00e9l, el prospecto tendr\u00eda que ser gente del gobernador. Los dos nombres que m\u00e1s suenan son los de \u00c9rick Lagos y Alberto Silva Ramos. De quedar \u00c9rick Lagos, Javier Duarte ya no podr\u00e1 ocultar su impudicia y de facto reconocer\u00e1 que durante los a\u00f1os que lleva como gobernador, Fidel Herrera siempre estuvo detr\u00e1s de sus decisiones.<br \/>\nEn el caso de que sea Alberto Silva Ramos el gobernador tratar\u00e1 de emular a su antecesor, buscando un mini Maximato, aunque sea de dos a\u00f1os; tiempo suficiente para poner distancia entre sus turbios manejos administrativos y cualquier fiscalizaci\u00f3n.<br \/>\nSin embargo, mientras depart\u00edamos los amigos en una comida de fin de a\u00f1o surgi\u00f3 una opci\u00f3n que hasta el momento pocos hab\u00edan tomado en cuenta. Uno de los comensales advirti\u00f3 que, de los candidatos que dicha iniciativa piensa excluir, al menos dos ya han recapacitado, y ante lo que parece un inminente Duartazo, han comprendido el valor de la m\u00e1xima que reza: \u201cM\u00e1s vale p\u00e1jaro en mano que un ciento volando\u201d. En este caso m\u00e1s valen dos a\u00f1os en la mano que seis a\u00f1os volando.<br \/>\nNo parece descabellado. Digamos que Enrique Pe\u00f1a Nieto, en la ebriedad de sus tribulaciones, ya dio la anuencia para la gubernatura de dos a\u00f1os, ya dio su palabra y piensa sostenerla. Pues a los excluidos, al menos los dos Yunes que son de su partido, no les quedar\u00eda de otra que pedir, como concesi\u00f3n, que uno de los dos, senadores, hombres institucionales, fuera el candidato para esa mini gubernatura.<br \/>\nEso ahorrar\u00eda muchas tribulaciones para el mismo presidente, quien en un error de c\u00e1lculo hasta podr\u00eda perder ese basti\u00f3n electoral que representa Veracruz. Porque tanto Miguel \u00c1ngel Yunes Linares, como su hijo el senador Fernando Yunes han dejado muy claro que, ya sea de 2, de 5 o de 6 a\u00f1os, ellos van a contender y piensan ganar.<br \/>\nSi bien Duarte ve como un inconveniente que H\u00e9ctor Yunes o Pepe Yunes llegue a la gubernatura, su desastre pol\u00edtico, jur\u00eddico y existencial ser\u00eda que Miguel \u00c1ngel Yunes Linares o Fernando Yunes llegaran a la gubernatura. Duarte hizo mal en comprar para s\u00ed el pleito que Fidel Herrera arrastra en contra de Miguel \u00c1ngel Yunes; Silva ha cometido el mismo error. Es por ello que, ante el riesgo, lo mejor ser\u00eda ir a lo seguro.<br \/>\nSi Duarte sigue porfiado en la gubernatura de dos a\u00f1os y si todav\u00eda insiste en imponer a uno de sus incondicionales, estar\u00e1 preparando una contienda en la que no s\u00f3lo tendr\u00e1 como adversarios a los Yunes azules, sino que tambi\u00e9n se arriesga a que los Yunes rojos le den la espalda.<br \/>\nQue Duarte se salga con la suya, aprob\u00e1ndose la gubernatura de dos a\u00f1os, pero el capital pol\u00edtico de Duarte, quien hasta hace poco era considerado un gobernador conflictivo, no le alcanza como para exigir que el candidato de los dos a\u00f1os sea tambi\u00e9n impuesto por \u00e9l.<br \/>\nPero si se arriesga, si insiste en su necedad, entonces, desde este momento, Duarte podr\u00eda estar cavando su propia tumba.<\/p>\n<p><strong>Postdata 1: Los convivios de fin de a\u00f1o\u2026<\/strong><br \/>\nMuy amena estuvo la comida con los periodistas y amigos del peri\u00f3dico Newsver. Vaya una felicitaci\u00f3n a Orlando Garc\u00eda Ortiz por la organizaci\u00f3n. Esperamos tener fuerzas para los convivios que siguen. El jueves con los amigos de Cr\u00f3nica del Poder y por la noche de ese mismo d\u00eda con los amigos de Sociedad 3.0.<\/p>\n<p>Armando Ortiz aortiz52@hotmail.com<\/p>\n","protected":false},"excerpt":{"rendered":"<p>Armando Ortiz El Hijo Pr\u00f3digo &nbsp; Por una asociaci\u00f3n consecuente, cuando hablamos de la gubernatura de dos a\u00f1os, damos por sentado que el candidato, por parte del partido en el poder, tendr\u00eda que ser un hombre de todas las confianzas del gobernador Duarte. Resulta l\u00f3gico, la iniciativa parte de \u00e9l, el prospecto tendr\u00eda que ser [&hellip;]<\/p>\n","protected":false},"author":2,"featured_media":0,"comment_status":"open","ping_status":"open","sticky":false,"template":"","format":"standard","meta":{"tdm_status":"","tdm_grid_status":"","footnotes":""},"categories":[70],"tags":[852,1219,348,428,570],"class_list":{"0":"post-14199","1":"post","2":"type-post","3":"status-publish","4":"format-standard","6":"category-de-opinion","7":"tag-erick-lagos-hernandez","8":"tag-gubernatura-dos-anos","9":"tag-hector-yunes-landa","10":"tag-miguel-angel-yunes-linares","11":"tag-pepe-yunes"},"yoast_head":"<!-- This site is optimized with the Yoast SEO plugin v27.4 - https:\/\/yoast.com\/product\/yoast-seo-wordpress\/ -->\n<title>Duarte podr\u00eda estar cavando su propia tumba - Los pol\u00edticos Veracruz<\/title>\n<meta name=\"robots\" content=\"index, follow, max-snippet:-1, max-image-preview:large, max-video-preview:-1\" \/>\n<link rel=\"canonical\" href=\"https:\/\/lospoliticosveracruz.com\/?p=14199\" \/>\n<meta property=\"og:locale\" content=\"es_ES\" \/>\n<meta property=\"og:type\" content=\"article\" \/>\n<meta property=\"og:title\" content=\"Duarte podr\u00eda estar cavando su propia tumba - Los pol\u00edticos Veracruz\" \/>\n<meta property=\"og:description\" content=\"Armando Ortiz El Hijo Pr\u00f3digo &nbsp; Por una asociaci\u00f3n consecuente, cuando hablamos de la gubernatura de dos a\u00f1os, damos por sentado que el candidato, por parte del partido en el poder, tendr\u00eda que ser un hombre de todas las confianzas del gobernador Duarte. Resulta l\u00f3gico, la iniciativa parte de \u00e9l, el prospecto tendr\u00eda que ser [&hellip;]\" \/>\n<meta property=\"og:url\" content=\"https:\/\/lospoliticosveracruz.com\/?p=14199\" \/>\n<meta property=\"og:site_name\" content=\"Los pol\u00edticos Veracruz\" \/>\n<meta property=\"article:publisher\" content=\"https:\/\/www.facebook.com\/people\/Notimemes-de-los-Polticos\/61565672886568\/\" \/>\n<meta property=\"article:published_time\" content=\"2014-12-17T04:47:13+00:00\" \/>\n<meta property=\"article:modified_time\" content=\"2014-12-17T04:55:19+00:00\" \/>\n<meta property=\"og:image\" content=\"http:\/\/www.lospoliticosveracruz.com.mx\/wp-content\/uploads\/2008\/06\/Erick-Silva-Duarte-300x199.jpg\" \/>\n<meta name=\"author\" content=\"Lo viste en Los Pol\u00edticos\" \/>\n<meta name=\"twitter:card\" content=\"summary_large_image\" \/>\n<meta name=\"twitter:creator\" content=\"@LosPoliticosVer\" \/>\n<meta name=\"twitter:site\" content=\"@LosPoliticosVer\" \/>\n<meta name=\"twitter:label1\" content=\"Escrito por\" \/>\n\t<meta name=\"twitter:data1\" content=\"Lo viste en Los Pol\u00edticos\" \/>\n\t<meta name=\"twitter:label2\" content=\"Tiempo de lectura\" \/>\n\t<meta name=\"twitter:data2\" content=\"3 minutos\" \/>\n<script type=\"application\/ld+json\" class=\"yoast-schema-graph\">{\"@context\":\"https:\\\/\\\/schema.org\",\"@graph\":[{\"@type\":\"Article\",\"@id\":\"https:\\\/\\\/lospoliticosveracruz.com\\\/?p=14199#article\",\"isPartOf\":{\"@id\":\"https:\\\/\\\/lospoliticosveracruz.com\\\/?p=14199\"},\"author\":{\"name\":\"Lo viste en Los Pol\u00edticos\",\"@id\":\"https:\\\/\\\/lospoliticosveracruz.com\\\/#\\\/schema\\\/person\\\/b8702bb0e538456e6efd07080bf2a4a2\"},\"headline\":\"Duarte podr\u00eda estar cavando su propia tumba\",\"datePublished\":\"2014-12-17T04:47:13+00:00\",\"dateModified\":\"2014-12-17T04:55:19+00:00\",\"mainEntityOfPage\":{\"@id\":\"https:\\\/\\\/lospoliticosveracruz.com\\\/?p=14199\"},\"wordCount\":670,\"commentCount\":0,\"publisher\":{\"@id\":\"https:\\\/\\\/lospoliticosveracruz.com\\\/#organization\"},\"image\":{\"@id\":\"https:\\\/\\\/lospoliticosveracruz.com\\\/?p=14199#primaryimage\"},\"thumbnailUrl\":\"http:\\\/\\\/www.lospoliticosveracruz.com.mx\\\/wp-content\\\/uploads\\\/2008\\\/06\\\/Erick-Silva-Duarte-300x199.jpg\",\"keywords\":[\"Erick Lagos Hern\u00e1ndez\",\"Gubernatura dos a\u00f1os\",\"H\u00e9ctor Yunes Landa\",\"Miguel Angel Yunes Linares\",\"Pepe Yunes\"],\"articleSection\":[\"De Opini\u00f3n\"],\"inLanguage\":\"es\",\"potentialAction\":[{\"@type\":\"CommentAction\",\"name\":\"Comment\",\"target\":[\"https:\\\/\\\/lospoliticosveracruz.com\\\/?p=14199#respond\"]}]},{\"@type\":\"WebPage\",\"@id\":\"https:\\\/\\\/lospoliticosveracruz.com\\\/?p=14199\",\"url\":\"https:\\\/\\\/lospoliticosveracruz.com\\\/?p=14199\",\"name\":\"Duarte podr\u00eda estar cavando su propia tumba - Los pol\u00edticos Veracruz\",\"isPartOf\":{\"@id\":\"https:\\\/\\\/lospoliticosveracruz.com\\\/#website\"},\"primaryImageOfPage\":{\"@id\":\"https:\\\/\\\/lospoliticosveracruz.com\\\/?p=14199#primaryimage\"},\"image\":{\"@id\":\"https:\\\/\\\/lospoliticosveracruz.com\\\/?p=14199#primaryimage\"},\"thumbnailUrl\":\"http:\\\/\\\/www.lospoliticosveracruz.com.mx\\\/wp-content\\\/uploads\\\/2008\\\/06\\\/Erick-Silva-Duarte-300x199.jpg\",\"datePublished\":\"2014-12-17T04:47:13+00:00\",\"dateModified\":\"2014-12-17T04:55:19+00:00\",\"breadcrumb\":{\"@id\":\"https:\\\/\\\/lospoliticosveracruz.com\\\/?p=14199#breadcrumb\"},\"inLanguage\":\"es\",\"potentialAction\":[{\"@type\":\"ReadAction\",\"target\":[\"https:\\\/\\\/lospoliticosveracruz.com\\\/?p=14199\"]}]},{\"@type\":\"ImageObject\",\"inLanguage\":\"es\",\"@id\":\"https:\\\/\\\/lospoliticosveracruz.com\\\/?p=14199#primaryimage\",\"url\":\"http:\\\/\\\/www.lospoliticosveracruz.com.mx\\\/wp-content\\\/uploads\\\/2008\\\/06\\\/Erick-Silva-Duarte-300x199.jpg\",\"contentUrl\":\"http:\\\/\\\/www.lospoliticosveracruz.com.mx\\\/wp-content\\\/uploads\\\/2008\\\/06\\\/Erick-Silva-Duarte-300x199.jpg\"},{\"@type\":\"BreadcrumbList\",\"@id\":\"https:\\\/\\\/lospoliticosveracruz.com\\\/?p=14199#breadcrumb\",\"itemListElement\":[{\"@type\":\"ListItem\",\"position\":1,\"name\":\"Portada\",\"item\":\"https:\\\/\\\/lospoliticosveracruz.com\\\/\"},{\"@type\":\"ListItem\",\"position\":2,\"name\":\"Duarte podr\u00eda estar cavando su propia tumba\"}]},{\"@type\":\"WebSite\",\"@id\":\"https:\\\/\\\/lospoliticosveracruz.com\\\/#website\",\"url\":\"https:\\\/\\\/lospoliticosveracruz.com\\\/\",\"name\":\"Los pol\u00edticos Veracruz\",\"description\":\"\",\"publisher\":{\"@id\":\"https:\\\/\\\/lospoliticosveracruz.com\\\/#organization\"},\"potentialAction\":[{\"@type\":\"SearchAction\",\"target\":{\"@type\":\"EntryPoint\",\"urlTemplate\":\"https:\\\/\\\/lospoliticosveracruz.com\\\/?s={search_term_string}\"},\"query-input\":{\"@type\":\"PropertyValueSpecification\",\"valueRequired\":true,\"valueName\":\"search_term_string\"}}],\"inLanguage\":\"es\"},{\"@type\":\"Organization\",\"@id\":\"https:\\\/\\\/lospoliticosveracruz.com\\\/#organization\",\"name\":\"Los pol\u00edticos Veracruz\",\"url\":\"https:\\\/\\\/lospoliticosveracruz.com\\\/\",\"logo\":{\"@type\":\"ImageObject\",\"inLanguage\":\"es\",\"@id\":\"https:\\\/\\\/lospoliticosveracruz.com\\\/#\\\/schema\\\/logo\\\/image\\\/\",\"url\":\"https:\\\/\\\/lospoliticosveracruz.com\\\/wp-content\\\/uploads\\\/2025\\\/12\\\/Logo-Nuevo-LOS-POLITICOS-1.jpg\",\"contentUrl\":\"https:\\\/\\\/lospoliticosveracruz.com\\\/wp-content\\\/uploads\\\/2025\\\/12\\\/Logo-Nuevo-LOS-POLITICOS-1.jpg\",\"width\":260,\"height\":70,\"caption\":\"Los pol\u00edticos Veracruz\"},\"image\":{\"@id\":\"https:\\\/\\\/lospoliticosveracruz.com\\\/#\\\/schema\\\/logo\\\/image\\\/\"},\"sameAs\":[\"https:\\\/\\\/www.facebook.com\\\/people\\\/Notimemes-de-los-Polticos\\\/61565672886568\\\/\",\"https:\\\/\\\/x.com\\\/LosPoliticosVer\"]},{\"@type\":\"Person\",\"@id\":\"https:\\\/\\\/lospoliticosveracruz.com\\\/#\\\/schema\\\/person\\\/b8702bb0e538456e6efd07080bf2a4a2\",\"name\":\"Lo viste en Los Pol\u00edticos\",\"image\":{\"@type\":\"ImageObject\",\"inLanguage\":\"es\",\"@id\":\"https:\\\/\\\/secure.gravatar.com\\\/avatar\\\/3a8de04a2656d44082be478bd6c086daa447c4651605818287b9532d3d0bd435?s=96&d=mm&r=g\",\"url\":\"https:\\\/\\\/secure.gravatar.com\\\/avatar\\\/3a8de04a2656d44082be478bd6c086daa447c4651605818287b9532d3d0bd435?s=96&d=mm&r=g\",\"contentUrl\":\"https:\\\/\\\/secure.gravatar.com\\\/avatar\\\/3a8de04a2656d44082be478bd6c086daa447c4651605818287b9532d3d0bd435?s=96&d=mm&r=g\",\"caption\":\"Lo viste en Los Pol\u00edticos\"},\"url\":\"https:\\\/\\\/lospoliticosveracruz.com\\\/?author=2\"}]}<\/script>\n<!-- \/ Yoast SEO plugin. -->","yoast_head_json":{"title":"Duarte podr\u00eda estar cavando su propia tumba - Los pol\u00edticos Veracruz","robots":{"index":"index","follow":"follow","max-snippet":"max-snippet:-1","max-image-preview":"max-image-preview:large","max-video-preview":"max-video-preview:-1"},"canonical":"https:\/\/lospoliticosveracruz.com\/?p=14199","og_locale":"es_ES","og_type":"article","og_title":"Duarte podr\u00eda estar cavando su propia tumba - Los pol\u00edticos Veracruz","og_description":"Armando Ortiz El Hijo Pr\u00f3digo &nbsp; Por una asociaci\u00f3n consecuente, cuando hablamos de la gubernatura de dos a\u00f1os, damos por sentado que el candidato, por parte del partido en el poder, tendr\u00eda que ser un hombre de todas las confianzas del gobernador Duarte. Resulta l\u00f3gico, la iniciativa parte de \u00e9l, el prospecto tendr\u00eda que ser [&hellip;]","og_url":"https:\/\/lospoliticosveracruz.com\/?p=14199","og_site_name":"Los pol\u00edticos Veracruz","article_publisher":"https:\/\/www.facebook.com\/people\/Notimemes-de-los-Polticos\/61565672886568\/","article_published_time":"2014-12-17T04:47:13+00:00","article_modified_time":"2014-12-17T04:55:19+00:00","og_image":[{"url":"http:\/\/www.lospoliticosveracruz.com.mx\/wp-content\/uploads\/2008\/06\/Erick-Silva-Duarte-300x199.jpg","type":"","width":"","height":""}],"author":"Lo viste en Los Pol\u00edticos","twitter_card":"summary_large_image","twitter_creator":"@LosPoliticosVer","twitter_site":"@LosPoliticosVer","twitter_misc":{"Escrito por":"Lo viste en Los Pol\u00edticos","Tiempo de lectura":"3 minutos"},"schema":{"@context":"https:\/\/schema.org","@graph":[{"@type":"Article","@id":"https:\/\/lospoliticosveracruz.com\/?p=14199#article","isPartOf":{"@id":"https:\/\/lospoliticosveracruz.com\/?p=14199"},"author":{"name":"Lo viste en Los Pol\u00edticos","@id":"https:\/\/lospoliticosveracruz.com\/#\/schema\/person\/b8702bb0e538456e6efd07080bf2a4a2"},"headline":"Duarte podr\u00eda estar cavando su propia tumba","datePublished":"2014-12-17T04:47:13+00:00","dateModified":"2014-12-17T04:55:19+00:00","mainEntityOfPage":{"@id":"https:\/\/lospoliticosveracruz.com\/?p=14199"},"wordCount":670,"commentCount":0,"publisher":{"@id":"https:\/\/lospoliticosveracruz.com\/#organization"},"image":{"@id":"https:\/\/lospoliticosveracruz.com\/?p=14199#primaryimage"},"thumbnailUrl":"http:\/\/www.lospoliticosveracruz.com.mx\/wp-content\/uploads\/2008\/06\/Erick-Silva-Duarte-300x199.jpg","keywords":["Erick Lagos Hern\u00e1ndez","Gubernatura dos a\u00f1os","H\u00e9ctor Yunes Landa","Miguel Angel Yunes Linares","Pepe Yunes"],"articleSection":["De Opini\u00f3n"],"inLanguage":"es","potentialAction":[{"@type":"CommentAction","name":"Comment","target":["https:\/\/lospoliticosveracruz.com\/?p=14199#respond"]}]},{"@type":"WebPage","@id":"https:\/\/lospoliticosveracruz.com\/?p=14199","url":"https:\/\/lospoliticosveracruz.com\/?p=14199","name":"Duarte podr\u00eda estar cavando su propia tumba - Los pol\u00edticos Veracruz","isPartOf":{"@id":"https:\/\/lospoliticosveracruz.com\/#website"},"primaryImageOfPage":{"@id":"https:\/\/lospoliticosveracruz.com\/?p=14199#primaryimage"},"image":{"@id":"https:\/\/lospoliticosveracruz.com\/?p=14199#primaryimage"},"thumbnailUrl":"http:\/\/www.lospoliticosveracruz.com.mx\/wp-content\/uploads\/2008\/06\/Erick-Silva-Duarte-300x199.jpg","datePublished":"2014-12-17T04:47:13+00:00","dateModified":"2014-12-17T04:55:19+00:00","breadcrumb":{"@id":"https:\/\/lospoliticosveracruz.com\/?p=14199#breadcrumb"},"inLanguage":"es","potentialAction":[{"@type":"ReadAction","target":["https:\/\/lospoliticosveracruz.com\/?p=14199"]}]},{"@type":"ImageObject","inLanguage":"es","@id":"https:\/\/lospoliticosveracruz.com\/?p=14199#primaryimage","url":"http:\/\/www.lospoliticosveracruz.com.mx\/wp-content\/uploads\/2008\/06\/Erick-Silva-Duarte-300x199.jpg","contentUrl":"http:\/\/www.lospoliticosveracruz.com.mx\/wp-content\/uploads\/2008\/06\/Erick-Silva-Duarte-300x199.jpg"},{"@type":"BreadcrumbList","@id":"https:\/\/lospoliticosveracruz.com\/?p=14199#breadcrumb","itemListElement":[{"@type":"ListItem","position":1,"name":"Portada","item":"https:\/\/lospoliticosveracruz.com\/"},{"@type":"ListItem","position":2,"name":"Duarte podr\u00eda estar cavando su propia tumba"}]},{"@type":"WebSite","@id":"https:\/\/lospoliticosveracruz.com\/#website","url":"https:\/\/lospoliticosveracruz.com\/","name":"Los pol\u00edticos Veracruz","description":"","publisher":{"@id":"https:\/\/lospoliticosveracruz.com\/#organization"},"potentialAction":[{"@type":"SearchAction","target":{"@type":"EntryPoint","urlTemplate":"https:\/\/lospoliticosveracruz.com\/?s={search_term_string}"},"query-input":{"@type":"PropertyValueSpecification","valueRequired":true,"valueName":"search_term_string"}}],"inLanguage":"es"},{"@type":"Organization","@id":"https:\/\/lospoliticosveracruz.com\/#organization","name":"Los pol\u00edticos Veracruz","url":"https:\/\/lospoliticosveracruz.com\/","logo":{"@type":"ImageObject","inLanguage":"es","@id":"https:\/\/lospoliticosveracruz.com\/#\/schema\/logo\/image\/","url":"https:\/\/lospoliticosveracruz.com\/wp-content\/uploads\/2025\/12\/Logo-Nuevo-LOS-POLITICOS-1.jpg","contentUrl":"https:\/\/lospoliticosveracruz.com\/wp-content\/uploads\/2025\/12\/Logo-Nuevo-LOS-POLITICOS-1.jpg","width":260,"height":70,"caption":"Los pol\u00edticos Veracruz"},"image":{"@id":"https:\/\/lospoliticosveracruz.com\/#\/schema\/logo\/image\/"},"sameAs":["https:\/\/www.facebook.com\/people\/Notimemes-de-los-Polticos\/61565672886568\/","https:\/\/x.com\/LosPoliticosVer"]},{"@type":"Person","@id":"https:\/\/lospoliticosveracruz.com\/#\/schema\/person\/b8702bb0e538456e6efd07080bf2a4a2","name":"Lo viste en Los Pol\u00edticos","image":{"@type":"ImageObject","inLanguage":"es","@id":"https:\/\/secure.gravatar.com\/avatar\/3a8de04a2656d44082be478bd6c086daa447c4651605818287b9532d3d0bd435?s=96&d=mm&r=g","url":"https:\/\/secure.gravatar.com\/avatar\/3a8de04a2656d44082be478bd6c086daa447c4651605818287b9532d3d0bd435?s=96&d=mm&r=g","contentUrl":"https:\/\/secure.gravatar.com\/avatar\/3a8de04a2656d44082be478bd6c086daa447c4651605818287b9532d3d0bd435?s=96&d=mm&r=g","caption":"Lo viste en Los Pol\u00edticos"},"url":"https:\/\/lospoliticosveracruz.com\/?author=2"}]}},"_links":{"self":[{"href":"https:\/\/lospoliticosveracruz.com\/index.php?rest_route=\/wp\/v2\/posts\/14199","targetHints":{"allow":["GET"]}}],"collection":[{"href":"https:\/\/lospoliticosveracruz.com\/index.php?rest_route=\/wp\/v2\/posts"}],"about":[{"href":"https:\/\/lospoliticosveracruz.com\/index.php?rest_route=\/wp\/v2\/types\/post"}],"author":[{"embeddable":true,"href":"https:\/\/lospoliticosveracruz.com\/index.php?rest_route=\/wp\/v2\/users\/2"}],"replies":[{"embeddable":true,"href":"https:\/\/lospoliticosveracruz.com\/index.php?rest_route=%2Fwp%2Fv2%2Fcomments&post=14199"}],"version-history":[{"count":1,"href":"https:\/\/lospoliticosveracruz.com\/index.php?rest_route=\/wp\/v2\/posts\/14199\/revisions"}],"predecessor-version":[{"id":14200,"href":"https:\/\/lospoliticosveracruz.com\/index.php?rest_route=\/wp\/v2\/posts\/14199\/revisions\/14200"}],"wp:attachment":[{"href":"https:\/\/lospoliticosveracruz.com\/index.php?rest_route=%2Fwp%2Fv2%2Fmedia&parent=14199"}],"wp:term":[{"taxonomy":"category","embeddable":true,"href":"https:\/\/lospoliticosveracruz.com\/index.php?rest_route=%2Fwp%2Fv2%2Fcategories&post=14199"},{"taxonomy":"post_tag","embeddable":true,"href":"https:\/\/lospoliticosveracruz.com\/index.php?rest_route=%2Fwp%2Fv2%2Ftags&post=14199"}],"curies":[{"name":"wp","href":"https:\/\/api.w.org\/{rel}","templated":true}]}}