{"id":142022,"date":"2025-04-14T21:45:00","date_gmt":"2025-04-15T02:45:00","guid":{"rendered":"https:\/\/lospoliticosveracruz.com.mx\/?p=142022"},"modified":"2025-04-14T13:50:15","modified_gmt":"2025-04-14T18:50:15","slug":"que-celebra-nacho-gacho","status":"publish","type":"post","link":"https:\/\/lospoliticosveracruz.com\/?p=142022","title":{"rendered":"QU\u00c9 CELEBRA NACHO GACHO?"},"content":{"rendered":"\n<p><strong><a href=\"https:\/\/whatsapp.com\/channel\/0029Va8zRWlEKyZIP3Z1dF0e\">\u2002\u2002<strong>\u00danete a nuestro canal&nbsp;<\/strong>\u2002<\/a><\/strong><\/p>\n\n\n\n<p>\u00a1<strong>LOS POL\u00cdTICOS VERACRUZ<\/strong>&nbsp;ya est\u00e1 en WhatsApp!<\/p>\n\n\n\n<p><strong>Salvador Mu\u00f1oz<\/strong><\/p>\n\n\n\n<p><em>Los Pol\u00edticos<\/em><\/p>\n\n\n\n<p>A lo mejor Nacho Gacho Luna no lo alcanza a ver\u2026 pero celebrar la reuni\u00f3n que tuvo el pasado fin de semana con Enrique Santos Mendoza como la gran alianza en pos de su competencia por la presidencia municipal de Coatepec, s\u00f3lo refleja el poco alcance que tiene de visi\u00f3n pol\u00edtica y por ende, convida la visi\u00f3n que podr\u00eda tener para Coatepec si acaso llegara a ganar la contienda electoral que se avecina: Ninguna.<\/p>\n\n\n\n<p>Me explico:<\/p>\n\n\n\n<p>Nacho Gacho Luna ech\u00f3 las campanas al vuelo tener una alianza con CATEM\u2026 o lo que es lo mismo, con Enrique Santos Mendoza. Vistos desde cualquiera de las dos entidades por las que se esponja Nacho, no tendr\u00eda nada que presumir por esto:<\/p>\n\n\n\n<p>Primero, si el Catem fuera tan fuerte en Coatepec como presume Nacho Gacho, la historia de Fuerza por M\u00e9xico ser\u00eda otra en Veracruz\u2026 y no me digan que no era lo mismo\u2026<\/p>\n\n\n\n<p>Segundo, si Enrique Santos Mendoza fuera tan fuerte en Coatepec como presume Nacho Gacho, la historia de Capo-Lina hubiera sido diferente y no ocupando los \u00faltimos lugares en las diversas encuestas que se realizaron previo a que se diera a conocer al ungido de la Promotor\u00eda de Morena en este Pueblo M\u00e1gico.<\/p>\n\n\n\n<p>Tercero, \u00bfAcaso Nacho Gacho no sabe que la CTM es la fuerza por excelencia en Coatepec?<\/p>\n\n\n\n<p>Cuarto, si de presumir se trata, ser\u00eda jalar a los contendientes a la candidatura m\u00e1s fuertes (dos mujeres por cierto), Arely Bonilla y Carmen Mora, de acuerdo a los resultados de la encuesta.<\/p>\n\n\n\n<p>Nacho Gacho est\u00e1 apostando a la lana de Enrique Santos Mendoza, de los nuevos ricos de la Cuarta Transformaci\u00f3n, y para ello ha de ceder lugares ya sea en la planilla o en las direcciones municipales si acaso gana\u2026<\/p>\n\n\n\n<p>Y se dice \u201cacaso\u201d porque la elecci\u00f3n no ser\u00e1 un paseo de campo\u2026 para nada\u2026<\/p>\n\n\n\n<p>Tiene todo en contra\u2026<\/p>\n\n\n\n<p>Primero, su partido es Gobierno y por ende, es sujeto de cr\u00edtica todos los d\u00edas, y aunado al papel de Raymundo Andrade, se duplica la cr\u00edtica al por mayor\u2026<\/p>\n\n\n\n<p>Segundo, casi todos sus contendientes no son peritas en dulce\u2026 tienen su propio peso espec\u00edfico\u2026<\/p>\n\n\n\n<p>Por ejemplo, el PAN trae a Bene Fern\u00e1ndez Mota, un hombre al menos con m\u00e1s carisma que Nacho Gacho y sobre todo, de fama altruista.<\/p>\n\n\n\n<p>En el caso del PT, va Adalid Guerrero, una mujer con labor interesante en una asociaci\u00f3n llamada Todos Somos Coatepec; igual, m\u00e1s carism\u00e1tica que Nacho Gacho y un detalle m\u00e1s: su esposo contendi\u00f3 por la candidatura de Morena aunque tuvo el mismo efecto que Enrique Santos Mendoza\u2026 ninguno. Aunque eso s\u00ed, Ismael parece que entiende que la pol\u00edtica es de ganar por ganar: por un lado, su esposa es candidata a la presidencia municipal; por otro, su hija es candidata a regidora con Nacho Gacho.<\/p>\n\n\n\n<p>Edson Corona, el candidato de MC, quiz\u00e1s sea el m\u00e1s fuerte competidor en esta contienda por algunas razones:<\/p>\n\n\n\n<p>La primera, est\u00e1 ubicado como la nueva opci\u00f3n\u2026<\/p>\n\n\n\n<p>La segunda y quiz\u00e1s m\u00e1s importante, viene trabajando su candidatura desde hace casi dos a\u00f1os\u2026<\/p>\n\n\n\n<p>La tercera, es apoyado por el alcalde Raymundo\u2026<\/p>\n\n\n\n<p>La cuarta, Edson ha sabido ganarse a dos regidores que de un modo u otro, consolidan su fuerza\u2026<\/p>\n\n\n\n<p>La quinta, es m\u00e1s carism\u00e1tico que Nacho Gacho\u2026<\/p>\n\n\n\n<p>Edson vino a ser el Plan B de la administraci\u00f3n municipal de Raymundo Andrade, luego de que por esa relaci\u00f3n que guarda con Bola 8, se le fueron cerrando las puertas.<\/p>\n\n\n\n<p>Entonces, sume al alcalde, sume a los regidores, sume a MC, sume a la poblaci\u00f3n que busque otra opci\u00f3n\u2026<\/p>\n\n\n\n<p>En pocas palabras, Nacho Gacho m\u00e1s que celebrar una alianza con el \u00faltimo lugar en la encuesta de su partido; de festejar tener al lado a la Catem inexistente en Coatepec; de aplaudir su relaci\u00f3n con un ex diputado de un partido que desapareci\u00f3; debiera preocuparse, porque esta elecci\u00f3n no ser\u00e1 un paseo\u2026<\/p>\n","protected":false},"excerpt":{"rendered":"<p>\u2002\u2002\u00danete a nuestro canal&nbsp;\u2002 \u00a1LOS POL\u00cdTICOS VERACRUZ&nbsp;ya est\u00e1 en WhatsApp! Salvador Mu\u00f1oz Los Pol\u00edticos A lo mejor Nacho Gacho Luna no lo alcanza a ver\u2026 pero celebrar la reuni\u00f3n que tuvo el pasado fin de semana con Enrique Santos Mendoza como la gran alianza en pos de su competencia por la presidencia municipal de Coatepec, [&hellip;]<\/p>\n","protected":false},"author":2,"featured_media":141805,"comment_status":"closed","ping_status":"closed","sticky":false,"template":"","format":"standard","meta":{"tdm_status":"","tdm_grid_status":"","footnotes":""},"categories":[70],"tags":[19119,27781,43543],"class_list":{"0":"post-142022","1":"post","2":"type-post","3":"status-publish","4":"format-standard","5":"has-post-thumbnail","7":"category-de-opinion","8":"tag-arely-bonilla","9":"tag-enrique-santos-mendoza","10":"tag-nacho-gacho-luna"},"yoast_head":"<!-- This site is optimized with the Yoast SEO plugin v27.4 - https:\/\/yoast.com\/product\/yoast-seo-wordpress\/ -->\n<title>QU\u00c9 CELEBRA NACHO GACHO? - Los pol\u00edticos Veracruz<\/title>\n<meta name=\"robots\" content=\"index, follow, max-snippet:-1, max-image-preview:large, max-video-preview:-1\" \/>\n<link rel=\"canonical\" href=\"https:\/\/lospoliticosveracruz.com\/?p=142022\" \/>\n<meta property=\"og:locale\" content=\"es_ES\" \/>\n<meta property=\"og:type\" content=\"article\" \/>\n<meta property=\"og:title\" content=\"QU\u00c9 CELEBRA NACHO GACHO? - Los pol\u00edticos Veracruz\" \/>\n<meta property=\"og:description\" content=\"\u2002\u2002\u00danete a nuestro canal&nbsp;\u2002 \u00a1LOS POL\u00cdTICOS VERACRUZ&nbsp;ya est\u00e1 en WhatsApp! Salvador Mu\u00f1oz Los Pol\u00edticos A lo mejor Nacho Gacho Luna no lo alcanza a ver\u2026 pero celebrar la reuni\u00f3n que tuvo el pasado fin de semana con Enrique Santos Mendoza como la gran alianza en pos de su competencia por la presidencia municipal de Coatepec, [&hellip;]\" \/>\n<meta property=\"og:url\" content=\"https:\/\/lospoliticosveracruz.com\/?p=142022\" \/>\n<meta property=\"og:site_name\" content=\"Los pol\u00edticos Veracruz\" \/>\n<meta property=\"article:publisher\" content=\"https:\/\/www.facebook.com\/people\/Notimemes-de-los-Polticos\/61565672886568\/\" \/>\n<meta property=\"article:published_time\" content=\"2025-04-15T02:45:00+00:00\" \/>\n<meta property=\"og:image\" content=\"https:\/\/lospoliticosveracruz.com\/wp-content\/uploads\/2025\/04\/Chava-Munoz-1.jpg\" \/>\n\t<meta property=\"og:image:width\" content=\"1250\" \/>\n\t<meta property=\"og:image:height\" content=\"667\" \/>\n\t<meta property=\"og:image:type\" content=\"image\/jpeg\" \/>\n<meta name=\"author\" content=\"Lo viste en Los Pol\u00edticos\" \/>\n<meta name=\"twitter:card\" content=\"summary_large_image\" \/>\n<meta name=\"twitter:creator\" content=\"@LosPoliticosVer\" \/>\n<meta name=\"twitter:site\" content=\"@LosPoliticosVer\" \/>\n<meta name=\"twitter:label1\" content=\"Escrito por\" \/>\n\t<meta name=\"twitter:data1\" content=\"Lo viste en Los Pol\u00edticos\" \/>\n\t<meta name=\"twitter:label2\" content=\"Tiempo de lectura\" \/>\n\t<meta name=\"twitter:data2\" content=\"4 minutos\" \/>\n<script type=\"application\/ld+json\" class=\"yoast-schema-graph\">{\"@context\":\"https:\\\/\\\/schema.org\",\"@graph\":[{\"@type\":\"Article\",\"@id\":\"https:\\\/\\\/lospoliticosveracruz.com\\\/?p=142022#article\",\"isPartOf\":{\"@id\":\"https:\\\/\\\/lospoliticosveracruz.com\\\/?p=142022\"},\"author\":{\"name\":\"Lo viste en Los Pol\u00edticos\",\"@id\":\"https:\\\/\\\/lospoliticosveracruz.com\\\/#\\\/schema\\\/person\\\/b8702bb0e538456e6efd07080bf2a4a2\"},\"headline\":\"QU\u00c9 CELEBRA NACHO GACHO?\",\"datePublished\":\"2025-04-15T02:45:00+00:00\",\"mainEntityOfPage\":{\"@id\":\"https:\\\/\\\/lospoliticosveracruz.com\\\/?p=142022\"},\"wordCount\":706,\"publisher\":{\"@id\":\"https:\\\/\\\/lospoliticosveracruz.com\\\/#organization\"},\"image\":{\"@id\":\"https:\\\/\\\/lospoliticosveracruz.com\\\/?p=142022#primaryimage\"},\"thumbnailUrl\":\"https:\\\/\\\/lospoliticosveracruz.com\\\/wp-content\\\/uploads\\\/2025\\\/04\\\/Chava-Munoz-1.jpg\",\"keywords\":[\"Arely Bonilla\",\"Enrique Santos Mendoza\",\"Nacho Gacho Luna\"],\"articleSection\":[\"De Opini\u00f3n\"],\"inLanguage\":\"es\"},{\"@type\":\"WebPage\",\"@id\":\"https:\\\/\\\/lospoliticosveracruz.com\\\/?p=142022\",\"url\":\"https:\\\/\\\/lospoliticosveracruz.com\\\/?p=142022\",\"name\":\"QU\u00c9 CELEBRA NACHO GACHO? - Los pol\u00edticos Veracruz\",\"isPartOf\":{\"@id\":\"https:\\\/\\\/lospoliticosveracruz.com\\\/#website\"},\"primaryImageOfPage\":{\"@id\":\"https:\\\/\\\/lospoliticosveracruz.com\\\/?p=142022#primaryimage\"},\"image\":{\"@id\":\"https:\\\/\\\/lospoliticosveracruz.com\\\/?p=142022#primaryimage\"},\"thumbnailUrl\":\"https:\\\/\\\/lospoliticosveracruz.com\\\/wp-content\\\/uploads\\\/2025\\\/04\\\/Chava-Munoz-1.jpg\",\"datePublished\":\"2025-04-15T02:45:00+00:00\",\"breadcrumb\":{\"@id\":\"https:\\\/\\\/lospoliticosveracruz.com\\\/?p=142022#breadcrumb\"},\"inLanguage\":\"es\",\"potentialAction\":[{\"@type\":\"ReadAction\",\"target\":[\"https:\\\/\\\/lospoliticosveracruz.com\\\/?p=142022\"]}]},{\"@type\":\"ImageObject\",\"inLanguage\":\"es\",\"@id\":\"https:\\\/\\\/lospoliticosveracruz.com\\\/?p=142022#primaryimage\",\"url\":\"https:\\\/\\\/lospoliticosveracruz.com\\\/wp-content\\\/uploads\\\/2025\\\/04\\\/Chava-Munoz-1.jpg\",\"contentUrl\":\"https:\\\/\\\/lospoliticosveracruz.com\\\/wp-content\\\/uploads\\\/2025\\\/04\\\/Chava-Munoz-1.jpg\",\"width\":1250,\"height\":667},{\"@type\":\"BreadcrumbList\",\"@id\":\"https:\\\/\\\/lospoliticosveracruz.com\\\/?p=142022#breadcrumb\",\"itemListElement\":[{\"@type\":\"ListItem\",\"position\":1,\"name\":\"Portada\",\"item\":\"https:\\\/\\\/lospoliticosveracruz.com\\\/\"},{\"@type\":\"ListItem\",\"position\":2,\"name\":\"QU\u00c9 CELEBRA NACHO GACHO?\"}]},{\"@type\":\"WebSite\",\"@id\":\"https:\\\/\\\/lospoliticosveracruz.com\\\/#website\",\"url\":\"https:\\\/\\\/lospoliticosveracruz.com\\\/\",\"name\":\"Los pol\u00edticos Veracruz\",\"description\":\"\",\"publisher\":{\"@id\":\"https:\\\/\\\/lospoliticosveracruz.com\\\/#organization\"},\"potentialAction\":[{\"@type\":\"SearchAction\",\"target\":{\"@type\":\"EntryPoint\",\"urlTemplate\":\"https:\\\/\\\/lospoliticosveracruz.com\\\/?s={search_term_string}\"},\"query-input\":{\"@type\":\"PropertyValueSpecification\",\"valueRequired\":true,\"valueName\":\"search_term_string\"}}],\"inLanguage\":\"es\"},{\"@type\":\"Organization\",\"@id\":\"https:\\\/\\\/lospoliticosveracruz.com\\\/#organization\",\"name\":\"Los pol\u00edticos Veracruz\",\"url\":\"https:\\\/\\\/lospoliticosveracruz.com\\\/\",\"logo\":{\"@type\":\"ImageObject\",\"inLanguage\":\"es\",\"@id\":\"https:\\\/\\\/lospoliticosveracruz.com\\\/#\\\/schema\\\/logo\\\/image\\\/\",\"url\":\"https:\\\/\\\/lospoliticosveracruz.com\\\/wp-content\\\/uploads\\\/2025\\\/12\\\/Logo-Nuevo-LOS-POLITICOS-1.jpg\",\"contentUrl\":\"https:\\\/\\\/lospoliticosveracruz.com\\\/wp-content\\\/uploads\\\/2025\\\/12\\\/Logo-Nuevo-LOS-POLITICOS-1.jpg\",\"width\":260,\"height\":70,\"caption\":\"Los pol\u00edticos Veracruz\"},\"image\":{\"@id\":\"https:\\\/\\\/lospoliticosveracruz.com\\\/#\\\/schema\\\/logo\\\/image\\\/\"},\"sameAs\":[\"https:\\\/\\\/www.facebook.com\\\/people\\\/Notimemes-de-los-Polticos\\\/61565672886568\\\/\",\"https:\\\/\\\/x.com\\\/LosPoliticosVer\"]},{\"@type\":\"Person\",\"@id\":\"https:\\\/\\\/lospoliticosveracruz.com\\\/#\\\/schema\\\/person\\\/b8702bb0e538456e6efd07080bf2a4a2\",\"name\":\"Lo viste en Los Pol\u00edticos\",\"image\":{\"@type\":\"ImageObject\",\"inLanguage\":\"es\",\"@id\":\"https:\\\/\\\/secure.gravatar.com\\\/avatar\\\/3a8de04a2656d44082be478bd6c086daa447c4651605818287b9532d3d0bd435?s=96&d=mm&r=g\",\"url\":\"https:\\\/\\\/secure.gravatar.com\\\/avatar\\\/3a8de04a2656d44082be478bd6c086daa447c4651605818287b9532d3d0bd435?s=96&d=mm&r=g\",\"contentUrl\":\"https:\\\/\\\/secure.gravatar.com\\\/avatar\\\/3a8de04a2656d44082be478bd6c086daa447c4651605818287b9532d3d0bd435?s=96&d=mm&r=g\",\"caption\":\"Lo viste en Los Pol\u00edticos\"},\"url\":\"https:\\\/\\\/lospoliticosveracruz.com\\\/?author=2\"}]}<\/script>\n<!-- \/ Yoast SEO plugin. -->","yoast_head_json":{"title":"QU\u00c9 CELEBRA NACHO GACHO? - Los pol\u00edticos Veracruz","robots":{"index":"index","follow":"follow","max-snippet":"max-snippet:-1","max-image-preview":"max-image-preview:large","max-video-preview":"max-video-preview:-1"},"canonical":"https:\/\/lospoliticosveracruz.com\/?p=142022","og_locale":"es_ES","og_type":"article","og_title":"QU\u00c9 CELEBRA NACHO GACHO? - Los pol\u00edticos Veracruz","og_description":"\u2002\u2002\u00danete a nuestro canal&nbsp;\u2002 \u00a1LOS POL\u00cdTICOS VERACRUZ&nbsp;ya est\u00e1 en WhatsApp! Salvador Mu\u00f1oz Los Pol\u00edticos A lo mejor Nacho Gacho Luna no lo alcanza a ver\u2026 pero celebrar la reuni\u00f3n que tuvo el pasado fin de semana con Enrique Santos Mendoza como la gran alianza en pos de su competencia por la presidencia municipal de Coatepec, [&hellip;]","og_url":"https:\/\/lospoliticosveracruz.com\/?p=142022","og_site_name":"Los pol\u00edticos Veracruz","article_publisher":"https:\/\/www.facebook.com\/people\/Notimemes-de-los-Polticos\/61565672886568\/","article_published_time":"2025-04-15T02:45:00+00:00","og_image":[{"width":1250,"height":667,"url":"https:\/\/lospoliticosveracruz.com\/wp-content\/uploads\/2025\/04\/Chava-Munoz-1.jpg","type":"image\/jpeg"}],"author":"Lo viste en Los Pol\u00edticos","twitter_card":"summary_large_image","twitter_creator":"@LosPoliticosVer","twitter_site":"@LosPoliticosVer","twitter_misc":{"Escrito por":"Lo viste en Los Pol\u00edticos","Tiempo de lectura":"4 minutos"},"schema":{"@context":"https:\/\/schema.org","@graph":[{"@type":"Article","@id":"https:\/\/lospoliticosveracruz.com\/?p=142022#article","isPartOf":{"@id":"https:\/\/lospoliticosveracruz.com\/?p=142022"},"author":{"name":"Lo viste en Los Pol\u00edticos","@id":"https:\/\/lospoliticosveracruz.com\/#\/schema\/person\/b8702bb0e538456e6efd07080bf2a4a2"},"headline":"QU\u00c9 CELEBRA NACHO GACHO?","datePublished":"2025-04-15T02:45:00+00:00","mainEntityOfPage":{"@id":"https:\/\/lospoliticosveracruz.com\/?p=142022"},"wordCount":706,"publisher":{"@id":"https:\/\/lospoliticosveracruz.com\/#organization"},"image":{"@id":"https:\/\/lospoliticosveracruz.com\/?p=142022#primaryimage"},"thumbnailUrl":"https:\/\/lospoliticosveracruz.com\/wp-content\/uploads\/2025\/04\/Chava-Munoz-1.jpg","keywords":["Arely Bonilla","Enrique Santos Mendoza","Nacho Gacho Luna"],"articleSection":["De Opini\u00f3n"],"inLanguage":"es"},{"@type":"WebPage","@id":"https:\/\/lospoliticosveracruz.com\/?p=142022","url":"https:\/\/lospoliticosveracruz.com\/?p=142022","name":"QU\u00c9 CELEBRA NACHO GACHO? - Los pol\u00edticos Veracruz","isPartOf":{"@id":"https:\/\/lospoliticosveracruz.com\/#website"},"primaryImageOfPage":{"@id":"https:\/\/lospoliticosveracruz.com\/?p=142022#primaryimage"},"image":{"@id":"https:\/\/lospoliticosveracruz.com\/?p=142022#primaryimage"},"thumbnailUrl":"https:\/\/lospoliticosveracruz.com\/wp-content\/uploads\/2025\/04\/Chava-Munoz-1.jpg","datePublished":"2025-04-15T02:45:00+00:00","breadcrumb":{"@id":"https:\/\/lospoliticosveracruz.com\/?p=142022#breadcrumb"},"inLanguage":"es","potentialAction":[{"@type":"ReadAction","target":["https:\/\/lospoliticosveracruz.com\/?p=142022"]}]},{"@type":"ImageObject","inLanguage":"es","@id":"https:\/\/lospoliticosveracruz.com\/?p=142022#primaryimage","url":"https:\/\/lospoliticosveracruz.com\/wp-content\/uploads\/2025\/04\/Chava-Munoz-1.jpg","contentUrl":"https:\/\/lospoliticosveracruz.com\/wp-content\/uploads\/2025\/04\/Chava-Munoz-1.jpg","width":1250,"height":667},{"@type":"BreadcrumbList","@id":"https:\/\/lospoliticosveracruz.com\/?p=142022#breadcrumb","itemListElement":[{"@type":"ListItem","position":1,"name":"Portada","item":"https:\/\/lospoliticosveracruz.com\/"},{"@type":"ListItem","position":2,"name":"QU\u00c9 CELEBRA NACHO GACHO?"}]},{"@type":"WebSite","@id":"https:\/\/lospoliticosveracruz.com\/#website","url":"https:\/\/lospoliticosveracruz.com\/","name":"Los pol\u00edticos Veracruz","description":"","publisher":{"@id":"https:\/\/lospoliticosveracruz.com\/#organization"},"potentialAction":[{"@type":"SearchAction","target":{"@type":"EntryPoint","urlTemplate":"https:\/\/lospoliticosveracruz.com\/?s={search_term_string}"},"query-input":{"@type":"PropertyValueSpecification","valueRequired":true,"valueName":"search_term_string"}}],"inLanguage":"es"},{"@type":"Organization","@id":"https:\/\/lospoliticosveracruz.com\/#organization","name":"Los pol\u00edticos Veracruz","url":"https:\/\/lospoliticosveracruz.com\/","logo":{"@type":"ImageObject","inLanguage":"es","@id":"https:\/\/lospoliticosveracruz.com\/#\/schema\/logo\/image\/","url":"https:\/\/lospoliticosveracruz.com\/wp-content\/uploads\/2025\/12\/Logo-Nuevo-LOS-POLITICOS-1.jpg","contentUrl":"https:\/\/lospoliticosveracruz.com\/wp-content\/uploads\/2025\/12\/Logo-Nuevo-LOS-POLITICOS-1.jpg","width":260,"height":70,"caption":"Los pol\u00edticos Veracruz"},"image":{"@id":"https:\/\/lospoliticosveracruz.com\/#\/schema\/logo\/image\/"},"sameAs":["https:\/\/www.facebook.com\/people\/Notimemes-de-los-Polticos\/61565672886568\/","https:\/\/x.com\/LosPoliticosVer"]},{"@type":"Person","@id":"https:\/\/lospoliticosveracruz.com\/#\/schema\/person\/b8702bb0e538456e6efd07080bf2a4a2","name":"Lo viste en Los Pol\u00edticos","image":{"@type":"ImageObject","inLanguage":"es","@id":"https:\/\/secure.gravatar.com\/avatar\/3a8de04a2656d44082be478bd6c086daa447c4651605818287b9532d3d0bd435?s=96&d=mm&r=g","url":"https:\/\/secure.gravatar.com\/avatar\/3a8de04a2656d44082be478bd6c086daa447c4651605818287b9532d3d0bd435?s=96&d=mm&r=g","contentUrl":"https:\/\/secure.gravatar.com\/avatar\/3a8de04a2656d44082be478bd6c086daa447c4651605818287b9532d3d0bd435?s=96&d=mm&r=g","caption":"Lo viste en Los Pol\u00edticos"},"url":"https:\/\/lospoliticosveracruz.com\/?author=2"}]}},"_links":{"self":[{"href":"https:\/\/lospoliticosveracruz.com\/index.php?rest_route=\/wp\/v2\/posts\/142022","targetHints":{"allow":["GET"]}}],"collection":[{"href":"https:\/\/lospoliticosveracruz.com\/index.php?rest_route=\/wp\/v2\/posts"}],"about":[{"href":"https:\/\/lospoliticosveracruz.com\/index.php?rest_route=\/wp\/v2\/types\/post"}],"author":[{"embeddable":true,"href":"https:\/\/lospoliticosveracruz.com\/index.php?rest_route=\/wp\/v2\/users\/2"}],"replies":[{"embeddable":true,"href":"https:\/\/lospoliticosveracruz.com\/index.php?rest_route=%2Fwp%2Fv2%2Fcomments&post=142022"}],"version-history":[{"count":1,"href":"https:\/\/lospoliticosveracruz.com\/index.php?rest_route=\/wp\/v2\/posts\/142022\/revisions"}],"predecessor-version":[{"id":142023,"href":"https:\/\/lospoliticosveracruz.com\/index.php?rest_route=\/wp\/v2\/posts\/142022\/revisions\/142023"}],"wp:featuredmedia":[{"embeddable":true,"href":"https:\/\/lospoliticosveracruz.com\/index.php?rest_route=\/wp\/v2\/media\/141805"}],"wp:attachment":[{"href":"https:\/\/lospoliticosveracruz.com\/index.php?rest_route=%2Fwp%2Fv2%2Fmedia&parent=142022"}],"wp:term":[{"taxonomy":"category","embeddable":true,"href":"https:\/\/lospoliticosveracruz.com\/index.php?rest_route=%2Fwp%2Fv2%2Fcategories&post=142022"},{"taxonomy":"post_tag","embeddable":true,"href":"https:\/\/lospoliticosveracruz.com\/index.php?rest_route=%2Fwp%2Fv2%2Ftags&post=142022"}],"curies":[{"name":"wp","href":"https:\/\/api.w.org\/{rel}","templated":true}]}}