{"id":142080,"date":"2025-04-15T10:40:20","date_gmt":"2025-04-15T15:40:20","guid":{"rendered":"https:\/\/lospoliticosveracruz.com.mx\/?p=142080"},"modified":"2025-04-15T10:41:15","modified_gmt":"2025-04-15T15:41:15","slug":"morena-4","status":"publish","type":"post","link":"https:\/\/lospoliticosveracruz.com\/?p=142080","title":{"rendered":"MORENA"},"content":{"rendered":"\n<p><a><\/a><a href=\"https:\/\/whatsapp.com\/channel\/0029Va8zRWlEKyZIP3Z1dF0e\"><strong>\u2002\u2002<\/strong><strong>\u00da<\/strong><strong>NETE A NUESTRO CANAL<\/strong><strong><\/strong><\/a><\/p>\n\n\n\n<p>\u00a1<a href=\"https:\/\/whatsapp.com\/channel\/0029Va8zRWlEKyZIP3Z1dF0e\"><strong>LOS POL\u00cd<\/strong><strong>TICOS VERACRUZ<\/strong><\/a> ya est\u00e1 en WhatsApp!<\/p>\n\n\n\n<p><strong>Jos\u00e9 Luis Ortega Vidal<br><\/strong><em>Claroscuros<\/em><\/p>\n\n\n\n<p>Modesta Clemente Vicente -militante en Sayula de Alem\u00e1n- ha colocado en un cadalso pol\u00edtico al dirigente estatal de MORENA en Veracruz, Esteban Ram\u00edrez Zepeta, al acusarlo de corrupto, vendedor de candidaturas y part\u00edcipe de acciones que \u2013a decir de la quejosa- violan sus derechos en el partido guinda.<br>La acusaci\u00f3n verbal de Modesta Clemente remite de inmediato al caso del coordinador de Movimiento Ciudadano en la Zona Sur, el teniente coronel retirado del Ej\u00e9rcito, Carlos Cruz Orozco, se\u00f1alado de haber intentado vender la candidatura de MC a la presidencia municipal de Jes\u00fas Carranza en cuatro millones de pesos.<br>En el caso de Jes\u00fas Carranza la acusaci\u00f3n contra el dirigente partidista regional del llamado partido naranja, provino del ciudadano Miguel \u00c1ngel Salas Clara.<\/p>\n\n\n\n<p>(2)<br>Las acusaciones contra Esteban Ram\u00edrez Zepeta y el teniente coronel Carlos Cruz Orozco son verbales; no hay documentos o grabaciones que demuestren sus presuntas felon\u00edas, por el momento\u2026<\/p>\n\n\n\n<p>(3)<br>Modesta Clemente Vicente se inscribi\u00f3 en la contienda interna de MORENA para obtener la candidatura a la alcald\u00eda de su pueblo y recibi\u00f3 de parte de Luisa Mar\u00eda Alcalde, dirigente nacional morenista, el nombramiento como Promotora de la 4T en Sayula de Alem\u00e1n.<\/p>\n\n\n\n<p>(4)<br>La designaci\u00f3n de Promotor (a) de la 4T represent\u00f3 el derecho a inscribirse como candidato (a) a la alcald\u00eda en el municipio respectivo.<br>Decir, como lo hace Esteban Ram\u00edrez Zepeta, que Modesta Clemente Vicente nom\u00e1s fue nombrada Promotora de la 4T sin derecho a candidatura, coloca en calidad de mentirosa a la dirigencia nacional morenista.<br>M\u00e1s de doscientos receptores del nombramiento de Promotores (as) de la 4T se han convertido en candidatos (as) oficiales.<\/p>\n\n\n\n<p>(5)<br>En Jes\u00fas Carranza la candidatura del MC se otorg\u00f3 a la joven Aisa Iturbe \u00c1lvarez, miembro de una prominente familia ganadera en la poblaci\u00f3n de Nuevo Morelos y queda la duda:\u00bfElla si pago los cuatro millones?<br>En Sayula de Alem\u00e1n se hizo a un lado a la Promotora Modesta Clemente para nominar a Mirna Adriana Rufino Mart\u00ednez, t\u00eda de la alcaldesa Lorena S\u00e1nchez Vargas.<\/p>\n\n\n\n<p>(6)<br>Modesta Clemente protesta por la violaci\u00f3n a sus derechos partidistas en el centro de Xalapa; desde donde acusa a Esteban Ram\u00edrez Zepeta de haber recibido dinero de la presidenta municipal Lorena S\u00e1nchez para operar el cambio de candidata.<br>Ayer, el tema escal\u00f3 a la gobernadora Roc\u00edo Nahle Garc\u00eda.<br>Cuestionada durante una rueda de prensa sobre la protesta de Modesta Clemente, Nahle Garc\u00eda no se anduvo por las ramas y afirm\u00f3:<\/p>\n\n\n\n<p>\u201cEsto no debe ser, porque si ya hubo un nombramiento por el CEM. El Partido tuvo su convocatoria y su m\u00e9todo, su metodolog\u00eda ya concluy\u00f3 y se debe de respetar\u201d<br>\u201cYo le voy a pedir a Ricardo Ahued que la reciba y que una foto del nombramiento se la mande directamente a Luisa Mar\u00eda Alcalde, para que lo atiendan ellos, es un tema de partido\u201d.<\/p>\n\n\n\n<p>(7))<br>El de Sayula de Alem\u00e1n es un caso sumamente delicado en t\u00e9rminos de condiciones de violencia, contextos de inseguridad, coyunturas pol\u00edticas de inestabilidad generadas durante m\u00e1s de un lustro.<\/p>\n\n\n\n<p>(8)<br>He referido en CLAROSCUROS previos la viudez de la alcaldesa Lorena S\u00e1nchez Vargas, tras el asesinato de su pareja, el regidor H\u00e9ctor Vel\u00e1zquez V\u00e1zquez(+), en febrero del 2020.<br>Dos a\u00f1os m\u00e1s tarde, en febrero del 2022, muri\u00f3 asesinado el joven Gustavo \u00abTavo\u00bb Acosta, secretario particular de S\u00e1nchez Vargas.<br>Dicho crimen se gener\u00f3 durante un escenario institucional espec\u00edfico: el desalojo de vendedores y prestadores de servicios asentados de forma irregular alrededor de la Unidad Deportiva \u00abLuis Echeverr\u00eda\u00bb, en Sayula de Alem\u00e1n.<br>Dicha \u00e1rea ser\u00eda remodelada por el gobierno federal y se mont\u00f3 un operativo para el desalojo.<br>\u00abTavo\u00bb Acosta particip\u00f3 en las acciones del Ayuntamiento y perdi\u00f3 la vida a tiros.<\/p>\n\n\n\n<p>(9)<br>\u00bfEst\u00e1n enterados a detalle Esteban Ram\u00edrez Zepeta -acusado de vender candidaturas-, el secretario de Gobierno Ricardo Ahued y la gobernadora Roc\u00edo Nahle, de lo que est\u00e1 ocurriendo -a fondo &#8211; en Sayula de Alem\u00e1n?<\/p>\n\n\n\n<p>(10)<br>El pasado fin de semana muri\u00f3 ejecutado Isa\u00edas Mart\u00ednez (a) \u00abEl pirri\u00bb luego de ser perseguido por calles de la cabecera sayule\u00f1a.<br>Kenia \u00abN\u00bb, una joven mujer embarazada que pasaba por el lugar de la mano de su esposo, recibi\u00f3 una bala perdida y se convirti\u00f3 en la segunda de tres v\u00edctimas\u2026<br>Junto con ella falleci\u00f3 su producto no nato.<br>El 31 de marzo, un grupo armado priv\u00f3 de la libertad a<br>Isa\u00edas Patricio Antonio, joven vecino de Sayula.<br>Al d\u00eda siguiente, el 1o de abril, su cuerpo sin vida y con huellas de tortura fue hallado en una comunidad en los l\u00edmites entre Sayula de Alem\u00e1n y Dan Juan Evangelista.<\/p>\n\n\n\n<p>(11)<br>Quien afirme que una cosa es la violencia sin freno y otra cosa son las elecciones, debe atreverse a vivir unos d\u00edas en Sayula de Alem\u00e1n e involucrarse en la complejidad pol\u00edtica y ausencia del Estado de Derecho que ah\u00ed se parece.<\/p>\n\n\n\n<p>(12)<br>Desde luego, no es la \u00fanica opci\u00f3n.<br>Alg\u00fan ingenuo, temerario o convencido profundo de que Veracruz es una r\u00e9plica del para\u00edso, puede elegir otros municipios como Tuxpan, Poza Rica, Coxquihui, Coatzacoalcos, Chinameca, Mart\u00ednez de la Torre, Minatitl\u00e1n, Lerdo de Tejada, Playa Vicente, Santiago Sochiapa, Cosamaloapan, Vega de Alatorre, Cardel, Ciudad Mendoza, R\u00edo Blanco, Cordoba, Cuitl\u00e1huac, Paso del Macho, Fort\u00edn de las Flores, Maltrata, Zongolica, Tezonapa, Huatusco, Las Choapas, Guti\u00e9rrez Zamora, Texistepec, Hidalgotitl\u00e1n, San Juan Evangelista , Ciudad Isla, etc\u00e9tera\u2026<\/p>\n\n\n\n<p>(13)<br>Y luego de penetrar como protagonista cotidiano en la vida de estos pac\u00edficos lugares, narrar lo visto, escuchado y atestiguado\u2026<\/p>\n\n\n\n<p>(14)<br>Por lo pronto, veremos en qu\u00e9 termina la incre\u00edble y triste historia de la c\u00e1ndida Modesta y el Zepeta desalmado\u2026<\/p>\n","protected":false},"excerpt":{"rendered":"<p>\u2002\u2002\u00daNETE A NUESTRO CANAL \u00a1LOS POL\u00cdTICOS VERACRUZ ya est\u00e1 en WhatsApp! Jos\u00e9 Luis Ortega VidalClaroscuros Modesta Clemente Vicente -militante en Sayula de Alem\u00e1n- ha colocado en un cadalso pol\u00edtico al dirigente estatal de MORENA en Veracruz, Esteban Ram\u00edrez Zepeta, al acusarlo de corrupto, vendedor de candidaturas y part\u00edcipe de acciones que \u2013a decir de la [&hellip;]<\/p>\n","protected":false},"author":2,"featured_media":141392,"comment_status":"closed","ping_status":"closed","sticky":false,"template":"","format":"standard","meta":{"tdm_status":"","tdm_grid_status":"","footnotes":""},"categories":[70],"tags":[2769,10434],"class_list":{"0":"post-142080","1":"post","2":"type-post","3":"status-publish","4":"format-standard","5":"has-post-thumbnail","7":"category-de-opinion","8":"tag-jose-luis-ortega-vidal","9":"tag-sayula-de-aleman"},"yoast_head":"<!-- This site is optimized with the Yoast SEO plugin v27.4 - https:\/\/yoast.com\/product\/yoast-seo-wordpress\/ -->\n<title>MORENA - Los pol\u00edticos Veracruz<\/title>\n<meta name=\"robots\" content=\"index, follow, max-snippet:-1, max-image-preview:large, max-video-preview:-1\" \/>\n<link rel=\"canonical\" href=\"https:\/\/lospoliticosveracruz.com\/?p=142080\" \/>\n<meta property=\"og:locale\" content=\"es_ES\" \/>\n<meta property=\"og:type\" content=\"article\" \/>\n<meta property=\"og:title\" content=\"MORENA - Los pol\u00edticos Veracruz\" \/>\n<meta property=\"og:description\" content=\"\u2002\u2002\u00daNETE A NUESTRO CANAL \u00a1LOS POL\u00cdTICOS VERACRUZ ya est\u00e1 en WhatsApp! Jos\u00e9 Luis Ortega VidalClaroscuros Modesta Clemente Vicente -militante en Sayula de Alem\u00e1n- ha colocado en un cadalso pol\u00edtico al dirigente estatal de MORENA en Veracruz, Esteban Ram\u00edrez Zepeta, al acusarlo de corrupto, vendedor de candidaturas y part\u00edcipe de acciones que \u2013a decir de la [&hellip;]\" \/>\n<meta property=\"og:url\" content=\"https:\/\/lospoliticosveracruz.com\/?p=142080\" \/>\n<meta property=\"og:site_name\" content=\"Los pol\u00edticos Veracruz\" \/>\n<meta property=\"article:publisher\" content=\"https:\/\/www.facebook.com\/people\/Notimemes-de-los-Polticos\/61565672886568\/\" \/>\n<meta property=\"article:published_time\" content=\"2025-04-15T15:40:20+00:00\" \/>\n<meta property=\"article:modified_time\" content=\"2025-04-15T15:41:15+00:00\" \/>\n<meta property=\"og:image\" content=\"https:\/\/lospoliticosveracruz.com\/wp-content\/uploads\/2025\/04\/Jose-Luis-Ortega-Vidal.jpg\" \/>\n\t<meta property=\"og:image:width\" content=\"1250\" \/>\n\t<meta property=\"og:image:height\" content=\"667\" \/>\n\t<meta property=\"og:image:type\" content=\"image\/jpeg\" \/>\n<meta name=\"author\" content=\"Lo viste en Los Pol\u00edticos\" \/>\n<meta name=\"twitter:card\" content=\"summary_large_image\" \/>\n<meta name=\"twitter:creator\" content=\"@LosPoliticosVer\" \/>\n<meta name=\"twitter:site\" content=\"@LosPoliticosVer\" \/>\n<meta name=\"twitter:label1\" content=\"Escrito por\" \/>\n\t<meta name=\"twitter:data1\" content=\"Lo viste en Los Pol\u00edticos\" \/>\n\t<meta name=\"twitter:label2\" content=\"Tiempo de lectura\" \/>\n\t<meta name=\"twitter:data2\" content=\"5 minutos\" \/>\n<script type=\"application\/ld+json\" class=\"yoast-schema-graph\">{\"@context\":\"https:\\\/\\\/schema.org\",\"@graph\":[{\"@type\":\"Article\",\"@id\":\"https:\\\/\\\/lospoliticosveracruz.com\\\/?p=142080#article\",\"isPartOf\":{\"@id\":\"https:\\\/\\\/lospoliticosveracruz.com\\\/?p=142080\"},\"author\":{\"name\":\"Lo viste en Los Pol\u00edticos\",\"@id\":\"https:\\\/\\\/lospoliticosveracruz.com\\\/#\\\/schema\\\/person\\\/b8702bb0e538456e6efd07080bf2a4a2\"},\"headline\":\"MORENA\",\"datePublished\":\"2025-04-15T15:40:20+00:00\",\"dateModified\":\"2025-04-15T15:41:15+00:00\",\"mainEntityOfPage\":{\"@id\":\"https:\\\/\\\/lospoliticosveracruz.com\\\/?p=142080\"},\"wordCount\":1005,\"publisher\":{\"@id\":\"https:\\\/\\\/lospoliticosveracruz.com\\\/#organization\"},\"image\":{\"@id\":\"https:\\\/\\\/lospoliticosveracruz.com\\\/?p=142080#primaryimage\"},\"thumbnailUrl\":\"https:\\\/\\\/lospoliticosveracruz.com\\\/wp-content\\\/uploads\\\/2025\\\/04\\\/Jose-Luis-Ortega-Vidal.jpg\",\"keywords\":[\"Jos\u00e9 Luis Ortega Vidal\",\"Sayula de Alem\u00e1n\"],\"articleSection\":[\"De Opini\u00f3n\"],\"inLanguage\":\"es\"},{\"@type\":\"WebPage\",\"@id\":\"https:\\\/\\\/lospoliticosveracruz.com\\\/?p=142080\",\"url\":\"https:\\\/\\\/lospoliticosveracruz.com\\\/?p=142080\",\"name\":\"MORENA - Los pol\u00edticos Veracruz\",\"isPartOf\":{\"@id\":\"https:\\\/\\\/lospoliticosveracruz.com\\\/#website\"},\"primaryImageOfPage\":{\"@id\":\"https:\\\/\\\/lospoliticosveracruz.com\\\/?p=142080#primaryimage\"},\"image\":{\"@id\":\"https:\\\/\\\/lospoliticosveracruz.com\\\/?p=142080#primaryimage\"},\"thumbnailUrl\":\"https:\\\/\\\/lospoliticosveracruz.com\\\/wp-content\\\/uploads\\\/2025\\\/04\\\/Jose-Luis-Ortega-Vidal.jpg\",\"datePublished\":\"2025-04-15T15:40:20+00:00\",\"dateModified\":\"2025-04-15T15:41:15+00:00\",\"breadcrumb\":{\"@id\":\"https:\\\/\\\/lospoliticosveracruz.com\\\/?p=142080#breadcrumb\"},\"inLanguage\":\"es\",\"potentialAction\":[{\"@type\":\"ReadAction\",\"target\":[\"https:\\\/\\\/lospoliticosveracruz.com\\\/?p=142080\"]}]},{\"@type\":\"ImageObject\",\"inLanguage\":\"es\",\"@id\":\"https:\\\/\\\/lospoliticosveracruz.com\\\/?p=142080#primaryimage\",\"url\":\"https:\\\/\\\/lospoliticosveracruz.com\\\/wp-content\\\/uploads\\\/2025\\\/04\\\/Jose-Luis-Ortega-Vidal.jpg\",\"contentUrl\":\"https:\\\/\\\/lospoliticosveracruz.com\\\/wp-content\\\/uploads\\\/2025\\\/04\\\/Jose-Luis-Ortega-Vidal.jpg\",\"width\":1250,\"height\":667},{\"@type\":\"BreadcrumbList\",\"@id\":\"https:\\\/\\\/lospoliticosveracruz.com\\\/?p=142080#breadcrumb\",\"itemListElement\":[{\"@type\":\"ListItem\",\"position\":1,\"name\":\"Portada\",\"item\":\"https:\\\/\\\/lospoliticosveracruz.com\\\/\"},{\"@type\":\"ListItem\",\"position\":2,\"name\":\"MORENA\"}]},{\"@type\":\"WebSite\",\"@id\":\"https:\\\/\\\/lospoliticosveracruz.com\\\/#website\",\"url\":\"https:\\\/\\\/lospoliticosveracruz.com\\\/\",\"name\":\"Los pol\u00edticos Veracruz\",\"description\":\"\",\"publisher\":{\"@id\":\"https:\\\/\\\/lospoliticosveracruz.com\\\/#organization\"},\"potentialAction\":[{\"@type\":\"SearchAction\",\"target\":{\"@type\":\"EntryPoint\",\"urlTemplate\":\"https:\\\/\\\/lospoliticosveracruz.com\\\/?s={search_term_string}\"},\"query-input\":{\"@type\":\"PropertyValueSpecification\",\"valueRequired\":true,\"valueName\":\"search_term_string\"}}],\"inLanguage\":\"es\"},{\"@type\":\"Organization\",\"@id\":\"https:\\\/\\\/lospoliticosveracruz.com\\\/#organization\",\"name\":\"Los pol\u00edticos Veracruz\",\"url\":\"https:\\\/\\\/lospoliticosveracruz.com\\\/\",\"logo\":{\"@type\":\"ImageObject\",\"inLanguage\":\"es\",\"@id\":\"https:\\\/\\\/lospoliticosveracruz.com\\\/#\\\/schema\\\/logo\\\/image\\\/\",\"url\":\"https:\\\/\\\/lospoliticosveracruz.com\\\/wp-content\\\/uploads\\\/2025\\\/12\\\/Logo-Nuevo-LOS-POLITICOS-1.jpg\",\"contentUrl\":\"https:\\\/\\\/lospoliticosveracruz.com\\\/wp-content\\\/uploads\\\/2025\\\/12\\\/Logo-Nuevo-LOS-POLITICOS-1.jpg\",\"width\":260,\"height\":70,\"caption\":\"Los pol\u00edticos Veracruz\"},\"image\":{\"@id\":\"https:\\\/\\\/lospoliticosveracruz.com\\\/#\\\/schema\\\/logo\\\/image\\\/\"},\"sameAs\":[\"https:\\\/\\\/www.facebook.com\\\/people\\\/Notimemes-de-los-Polticos\\\/61565672886568\\\/\",\"https:\\\/\\\/x.com\\\/LosPoliticosVer\"]},{\"@type\":\"Person\",\"@id\":\"https:\\\/\\\/lospoliticosveracruz.com\\\/#\\\/schema\\\/person\\\/b8702bb0e538456e6efd07080bf2a4a2\",\"name\":\"Lo viste en Los Pol\u00edticos\",\"image\":{\"@type\":\"ImageObject\",\"inLanguage\":\"es\",\"@id\":\"https:\\\/\\\/secure.gravatar.com\\\/avatar\\\/3a8de04a2656d44082be478bd6c086daa447c4651605818287b9532d3d0bd435?s=96&d=mm&r=g\",\"url\":\"https:\\\/\\\/secure.gravatar.com\\\/avatar\\\/3a8de04a2656d44082be478bd6c086daa447c4651605818287b9532d3d0bd435?s=96&d=mm&r=g\",\"contentUrl\":\"https:\\\/\\\/secure.gravatar.com\\\/avatar\\\/3a8de04a2656d44082be478bd6c086daa447c4651605818287b9532d3d0bd435?s=96&d=mm&r=g\",\"caption\":\"Lo viste en Los Pol\u00edticos\"},\"url\":\"https:\\\/\\\/lospoliticosveracruz.com\\\/?author=2\"}]}<\/script>\n<!-- \/ Yoast SEO plugin. -->","yoast_head_json":{"title":"MORENA - Los pol\u00edticos Veracruz","robots":{"index":"index","follow":"follow","max-snippet":"max-snippet:-1","max-image-preview":"max-image-preview:large","max-video-preview":"max-video-preview:-1"},"canonical":"https:\/\/lospoliticosveracruz.com\/?p=142080","og_locale":"es_ES","og_type":"article","og_title":"MORENA - Los pol\u00edticos Veracruz","og_description":"\u2002\u2002\u00daNETE A NUESTRO CANAL \u00a1LOS POL\u00cdTICOS VERACRUZ ya est\u00e1 en WhatsApp! Jos\u00e9 Luis Ortega VidalClaroscuros Modesta Clemente Vicente -militante en Sayula de Alem\u00e1n- ha colocado en un cadalso pol\u00edtico al dirigente estatal de MORENA en Veracruz, Esteban Ram\u00edrez Zepeta, al acusarlo de corrupto, vendedor de candidaturas y part\u00edcipe de acciones que \u2013a decir de la [&hellip;]","og_url":"https:\/\/lospoliticosveracruz.com\/?p=142080","og_site_name":"Los pol\u00edticos Veracruz","article_publisher":"https:\/\/www.facebook.com\/people\/Notimemes-de-los-Polticos\/61565672886568\/","article_published_time":"2025-04-15T15:40:20+00:00","article_modified_time":"2025-04-15T15:41:15+00:00","og_image":[{"width":1250,"height":667,"url":"https:\/\/lospoliticosveracruz.com\/wp-content\/uploads\/2025\/04\/Jose-Luis-Ortega-Vidal.jpg","type":"image\/jpeg"}],"author":"Lo viste en Los Pol\u00edticos","twitter_card":"summary_large_image","twitter_creator":"@LosPoliticosVer","twitter_site":"@LosPoliticosVer","twitter_misc":{"Escrito por":"Lo viste en Los Pol\u00edticos","Tiempo de lectura":"5 minutos"},"schema":{"@context":"https:\/\/schema.org","@graph":[{"@type":"Article","@id":"https:\/\/lospoliticosveracruz.com\/?p=142080#article","isPartOf":{"@id":"https:\/\/lospoliticosveracruz.com\/?p=142080"},"author":{"name":"Lo viste en Los Pol\u00edticos","@id":"https:\/\/lospoliticosveracruz.com\/#\/schema\/person\/b8702bb0e538456e6efd07080bf2a4a2"},"headline":"MORENA","datePublished":"2025-04-15T15:40:20+00:00","dateModified":"2025-04-15T15:41:15+00:00","mainEntityOfPage":{"@id":"https:\/\/lospoliticosveracruz.com\/?p=142080"},"wordCount":1005,"publisher":{"@id":"https:\/\/lospoliticosveracruz.com\/#organization"},"image":{"@id":"https:\/\/lospoliticosveracruz.com\/?p=142080#primaryimage"},"thumbnailUrl":"https:\/\/lospoliticosveracruz.com\/wp-content\/uploads\/2025\/04\/Jose-Luis-Ortega-Vidal.jpg","keywords":["Jos\u00e9 Luis Ortega Vidal","Sayula de Alem\u00e1n"],"articleSection":["De Opini\u00f3n"],"inLanguage":"es"},{"@type":"WebPage","@id":"https:\/\/lospoliticosveracruz.com\/?p=142080","url":"https:\/\/lospoliticosveracruz.com\/?p=142080","name":"MORENA - Los pol\u00edticos Veracruz","isPartOf":{"@id":"https:\/\/lospoliticosveracruz.com\/#website"},"primaryImageOfPage":{"@id":"https:\/\/lospoliticosveracruz.com\/?p=142080#primaryimage"},"image":{"@id":"https:\/\/lospoliticosveracruz.com\/?p=142080#primaryimage"},"thumbnailUrl":"https:\/\/lospoliticosveracruz.com\/wp-content\/uploads\/2025\/04\/Jose-Luis-Ortega-Vidal.jpg","datePublished":"2025-04-15T15:40:20+00:00","dateModified":"2025-04-15T15:41:15+00:00","breadcrumb":{"@id":"https:\/\/lospoliticosveracruz.com\/?p=142080#breadcrumb"},"inLanguage":"es","potentialAction":[{"@type":"ReadAction","target":["https:\/\/lospoliticosveracruz.com\/?p=142080"]}]},{"@type":"ImageObject","inLanguage":"es","@id":"https:\/\/lospoliticosveracruz.com\/?p=142080#primaryimage","url":"https:\/\/lospoliticosveracruz.com\/wp-content\/uploads\/2025\/04\/Jose-Luis-Ortega-Vidal.jpg","contentUrl":"https:\/\/lospoliticosveracruz.com\/wp-content\/uploads\/2025\/04\/Jose-Luis-Ortega-Vidal.jpg","width":1250,"height":667},{"@type":"BreadcrumbList","@id":"https:\/\/lospoliticosveracruz.com\/?p=142080#breadcrumb","itemListElement":[{"@type":"ListItem","position":1,"name":"Portada","item":"https:\/\/lospoliticosveracruz.com\/"},{"@type":"ListItem","position":2,"name":"MORENA"}]},{"@type":"WebSite","@id":"https:\/\/lospoliticosveracruz.com\/#website","url":"https:\/\/lospoliticosveracruz.com\/","name":"Los pol\u00edticos Veracruz","description":"","publisher":{"@id":"https:\/\/lospoliticosveracruz.com\/#organization"},"potentialAction":[{"@type":"SearchAction","target":{"@type":"EntryPoint","urlTemplate":"https:\/\/lospoliticosveracruz.com\/?s={search_term_string}"},"query-input":{"@type":"PropertyValueSpecification","valueRequired":true,"valueName":"search_term_string"}}],"inLanguage":"es"},{"@type":"Organization","@id":"https:\/\/lospoliticosveracruz.com\/#organization","name":"Los pol\u00edticos Veracruz","url":"https:\/\/lospoliticosveracruz.com\/","logo":{"@type":"ImageObject","inLanguage":"es","@id":"https:\/\/lospoliticosveracruz.com\/#\/schema\/logo\/image\/","url":"https:\/\/lospoliticosveracruz.com\/wp-content\/uploads\/2025\/12\/Logo-Nuevo-LOS-POLITICOS-1.jpg","contentUrl":"https:\/\/lospoliticosveracruz.com\/wp-content\/uploads\/2025\/12\/Logo-Nuevo-LOS-POLITICOS-1.jpg","width":260,"height":70,"caption":"Los pol\u00edticos Veracruz"},"image":{"@id":"https:\/\/lospoliticosveracruz.com\/#\/schema\/logo\/image\/"},"sameAs":["https:\/\/www.facebook.com\/people\/Notimemes-de-los-Polticos\/61565672886568\/","https:\/\/x.com\/LosPoliticosVer"]},{"@type":"Person","@id":"https:\/\/lospoliticosveracruz.com\/#\/schema\/person\/b8702bb0e538456e6efd07080bf2a4a2","name":"Lo viste en Los Pol\u00edticos","image":{"@type":"ImageObject","inLanguage":"es","@id":"https:\/\/secure.gravatar.com\/avatar\/3a8de04a2656d44082be478bd6c086daa447c4651605818287b9532d3d0bd435?s=96&d=mm&r=g","url":"https:\/\/secure.gravatar.com\/avatar\/3a8de04a2656d44082be478bd6c086daa447c4651605818287b9532d3d0bd435?s=96&d=mm&r=g","contentUrl":"https:\/\/secure.gravatar.com\/avatar\/3a8de04a2656d44082be478bd6c086daa447c4651605818287b9532d3d0bd435?s=96&d=mm&r=g","caption":"Lo viste en Los Pol\u00edticos"},"url":"https:\/\/lospoliticosveracruz.com\/?author=2"}]}},"_links":{"self":[{"href":"https:\/\/lospoliticosveracruz.com\/index.php?rest_route=\/wp\/v2\/posts\/142080","targetHints":{"allow":["GET"]}}],"collection":[{"href":"https:\/\/lospoliticosveracruz.com\/index.php?rest_route=\/wp\/v2\/posts"}],"about":[{"href":"https:\/\/lospoliticosveracruz.com\/index.php?rest_route=\/wp\/v2\/types\/post"}],"author":[{"embeddable":true,"href":"https:\/\/lospoliticosveracruz.com\/index.php?rest_route=\/wp\/v2\/users\/2"}],"replies":[{"embeddable":true,"href":"https:\/\/lospoliticosveracruz.com\/index.php?rest_route=%2Fwp%2Fv2%2Fcomments&post=142080"}],"version-history":[{"count":2,"href":"https:\/\/lospoliticosveracruz.com\/index.php?rest_route=\/wp\/v2\/posts\/142080\/revisions"}],"predecessor-version":[{"id":142082,"href":"https:\/\/lospoliticosveracruz.com\/index.php?rest_route=\/wp\/v2\/posts\/142080\/revisions\/142082"}],"wp:featuredmedia":[{"embeddable":true,"href":"https:\/\/lospoliticosveracruz.com\/index.php?rest_route=\/wp\/v2\/media\/141392"}],"wp:attachment":[{"href":"https:\/\/lospoliticosveracruz.com\/index.php?rest_route=%2Fwp%2Fv2%2Fmedia&parent=142080"}],"wp:term":[{"taxonomy":"category","embeddable":true,"href":"https:\/\/lospoliticosveracruz.com\/index.php?rest_route=%2Fwp%2Fv2%2Fcategories&post=142080"},{"taxonomy":"post_tag","embeddable":true,"href":"https:\/\/lospoliticosveracruz.com\/index.php?rest_route=%2Fwp%2Fv2%2Ftags&post=142080"}],"curies":[{"name":"wp","href":"https:\/\/api.w.org\/{rel}","templated":true}]}}