{"id":142135,"date":"2025-04-16T09:29:42","date_gmt":"2025-04-16T14:29:42","guid":{"rendered":"https:\/\/lospoliticosveracruz.com.mx\/?p=142135"},"modified":"2025-04-16T09:30:00","modified_gmt":"2025-04-16T14:30:00","slug":"informar-para-votar","status":"publish","type":"post","link":"https:\/\/lospoliticosveracruz.com\/?p=142135","title":{"rendered":"\u00a0INFORMAR PARA VOTAR"},"content":{"rendered":"\n<p><strong><a href=\"https:\/\/whatsapp.com\/channel\/0029Va8zRWlEKyZIP3Z1dF0e\">\u2002\u2002<strong>\u00danete a nuestro canal<\/strong><\/a><\/strong><\/p>\n\n\n\n<p>\u00a1<strong>LOS POL\u00cdTICOS VERACRUZ<\/strong>&nbsp;ya est\u00e1 en WhatsApp!<\/p>\n\n\n\n<p><\/p>\n\n\n\n<p><strong>Fanny Y\u00e9pez<\/strong><\/p>\n\n\n\n<p>La Columna<\/p>\n\n\n\n<p>Ante la escasa informaci\u00f3n que les ha llegado a los electores sobre la elecci\u00f3n judicial y el riesgo de un terrible abstencionismo el 1 de junio, legisladores federales, y alcaldes morenistas, as\u00ed como la organizaci\u00f3n Construyendo Justicia, que surgi\u00f3 de las filas de la 4t, buscan con gran af\u00e1n conformar comit\u00e9s en 18 estados para impulsar la elecci\u00f3n, y con ello superar los 15 millones de sufragios.<\/p>\n\n\n\n<p>La Organizaci\u00f3n Construyendo Justicia, busca informar a la ciudadan\u00eda sobre la elecci\u00f3n judicial sin favorecer a ninguna candidatura en particular. El legislador Alfonso Ram\u00edrez Cu\u00e9llar, vicecoordinador de los diputados federales de Morena y l\u00edder de esta iniciativa, enfatiz\u00f3 que el objetivo es difundir la fecha de la elecci\u00f3n y los cargos a renovar, utilizando informaci\u00f3n oficial del INE. \u200b<\/p>\n\n\n\n<p>Construyendo Justicia cuenta con la participaci\u00f3n de diversos sectores sociales, incluyendo sindicatos de trabajadores de la salud, telefonistas, electricistas y ferrocarrileros, as\u00ed como c\u00e1maras empresariales. La organizaci\u00f3n ya tiene presencia en al menos 14 estados y emplea estrategias como publicaciones en redes sociales, pintas de bardas y colocaci\u00f3n de lonas para invitar a la poblaci\u00f3n a votar el 1 de junio.&nbsp; &nbsp; &nbsp;<\/p>\n\n\n\n<p>Solo en la primera semana de este mes de abril, la organizaci\u00f3n ha realizado asambleas para la conformaci\u00f3n de comit\u00e9s en la Ciudad de M\u00e9xico, Estado de M\u00e9xico, Puebla, Hidalgo, Morelos, Baja California Sur, Quer\u00e9taro, Jalisco, Chihuahua, Michoac\u00e1n, Nayarit, Guanajuato, Zacatecas, Sinaloa, Coahuila, Durango, Sonora y Aguascalientes.<\/p>\n\n\n\n<p>Entre los estados que est\u00e1n atrasados en la conformaci\u00f3n de los comit\u00e9s estatales, resaltan Veracruz, Puebla y Jalisco, en estas entidades est\u00e1n pendientes los eventos, se espera que este mismo mes se lleven a cabo las reuniones en las sedes sindicales del Instituto Mexicano del Seguro Social (IMSS).<\/p>\n\n\n\n<p>La urgencia lleg\u00f3 a tal grado que, los legisladores se han propuesto pintar bardas y colocar lonas, para lograr movilizar a la ciudadan\u00eda en la pr\u00f3xima jornada electoral, el pr\u00f3ximo 1 de junio, sumado a spots en tiempos oficiales.<\/p>\n\n\n\n<p>Se nota el temor sobre una posible baja votaci\u00f3n en la elecci\u00f3n judicial, por ello la organizaci\u00f3n Construyendo Justicia se dio a la urgente tarea de crear comit\u00e9s en los estados.&nbsp;&nbsp; &nbsp; &nbsp;<\/p>\n\n\n\n<p>Ahora con la aprobaci\u00f3n del Tribunal Electoral para que los servidores p\u00fablicos puedan hablar de la elecci\u00f3n, los diputados y senadores tienen v\u00eda libre para realizar estos eventos de car\u00e1cter institucional, sin caer en propaganda personalizada hacia alg\u00fan candidato o partido.<\/p>\n\n\n\n<p>Sin embargo, desde la p\u00e1gina Construyendo Justicia citan a la presidenta Claudia Sheinbaum para definir qu\u00e9 es la reforma judicial: \u201cLa reforma al Poder Judicial es la lucha del pueblo de M\u00e9xico contra la corrupci\u00f3n\u201d.<\/p>\n\n\n\n<p>Tambi\u00e9n menciona que el objetivo de la reforma es terminar \u201ccon los privilegios y defender la justicia, la honestidad, la honradez, as\u00ed como para erradicar el nepotismo y la corrupci\u00f3n\u201d, un discurso que han mantenido Morena y aliados.<\/p>\n\n\n\n<p>Adem\u00e1s, en los apartados para conocer los perfiles de los candidatos, y pr\u00f3ximamente practicar el voto y ubicar la casilla, se limita a redirigir a la p\u00e1gina oficial del INE.<\/p>\n\n\n\n<p>No s\u00f3lo la organizaci\u00f3n ha difundido estos eventos, tambi\u00e9n la p\u00e1gina del movimiento Construyendo el segundo piso CSP 24-30, fundada por Ram\u00edrez Cu\u00e9llar y que cuenta con m\u00e1s de 28 mil seguidores hace lo propio.<\/p>\n\n\n\n<p>Esta p\u00e1gina fue creada para fortalecer el movimiento de la Cuarta Transformaci\u00f3n en la administraci\u00f3n de Sheinbaum Pardo, y hasta hace unos meses publicaban contenido relacionado a este tema.<\/p>\n\n\n\n<p>De acuerdo con sus publicaciones, tambi\u00e9n han tenido el apoyo de la Confederaci\u00f3n de Trabajadores de M\u00e9xico (CTM), el SNTE, l\u00edderes empresariales, agricultores y universidades en varios estados del pa\u00eds.<\/p>\n\n\n\n<p>En las conformaciones de los comit\u00e9s han estado presentes legisladores, como el diputado Alejandro Carbajal y los senadores Mar\u00eda Guadalupe Chavira, Alejandro Murat y Ra\u00fal Mor\u00f3n, as\u00ed como presidentes municipales de distintas entidades.<\/p>\n\n\n\n<p>Sumado a esta tarea, los diputados federales tambi\u00e9n est\u00e1n haciendo campa\u00f1a a favor de Morena en las elecciones locales de Durango y Veracruz, que se llevar\u00e1n a cabo el mismo 1 de junio, para realizar una afiliaci\u00f3n masiva.<\/p>\n\n\n\n<p>El Instituto Nacional Electoral hab\u00eda prohibido la difusi\u00f3n de la elecci\u00f3n por parte de servidores p\u00fablicos, argumentando que era una facultad exclusiva del \u00f3rgano electoral. Sin embargo, el acuerdo fue modificado por la Sala Superior del TEPJF.<\/p>\n\n\n\n<p>\u201cLas personas legisladoras federales podr\u00e1n promover la elecci\u00f3n judicial en cualquier otro medio que permita comunicar la promoci\u00f3n, siempre y cuando los recursos p\u00fablicos utilizados est\u00e9n destinados a la comunicaci\u00f3n social con fines constitucionalmente l\u00edcitos, sin alg\u00fan tipo de sesgo o apoyo a determinado candidato. Las personas legisladoras locales podr\u00e1n hacer lo mismo en las elecciones de sus entidades federativas\u201d, se\u00f1ala la sentencia del TEPJF.<\/p>\n\n\n\n<p>Alistan spots y promocionales<\/p>\n\n\n\n<p>La Presidencia de la Rep\u00fablica y el Senado anunciaron que utilizar\u00e1n parte de sus tiempos oficiales para informar a la ciudadan\u00eda sobre la elecci\u00f3n para renovar al Poder Judicial.<\/p>\n\n\n\n<p>\u201cYa podemos hablar de eso, ya podemos explicar aqu\u00ed como son las boletas, como puede votar la gente, vamos a volver a pasar el spot que nuevamente permiti\u00f3 el tribunal que pudiera pasar en televisi\u00f3n y en redes sociales invitando a participar\u201d, expres\u00f3 la presidenta Sheinbaum Pardo.<\/p>\n\n\n\n<p>Tambi\u00e9n asegur\u00f3 que no usar\u00e1n recursos p\u00fablicos adicionales a los que tiene el Estado.<\/p>\n\n\n\n<p>En este sentido, el presidente del Senado, Gerardo Fern\u00e1ndez Noro\u00f1a, anunci\u00f3 que comenzar\u00e1n a transmitir spots despu\u00e9s de Semana Santa.<\/p>\n\n\n\n<p>\u201cLo subiremos a la brevedad, los anuncios que como ustedes saben, no de Avelino ni de L\u00f3pez ni de Colores, es simplemente la promoci\u00f3n de la jornada electoral del pr\u00f3ximo 1 de junio\u201d, precis\u00f3.<\/p>\n","protected":false},"excerpt":{"rendered":"<p>\u2002\u2002\u00danete a nuestro canal \u00a1LOS POL\u00cdTICOS VERACRUZ&nbsp;ya est\u00e1 en WhatsApp! Fanny Y\u00e9pez La Columna Ante la escasa informaci\u00f3n que les ha llegado a los electores sobre la elecci\u00f3n judicial y el riesgo de un terrible abstencionismo el 1 de junio, legisladores federales, y alcaldes morenistas, as\u00ed como la organizaci\u00f3n Construyendo Justicia, que surgi\u00f3 de las [&hellip;]<\/p>\n","protected":false},"author":2,"featured_media":141383,"comment_status":"closed","ping_status":"closed","sticky":false,"template":"","format":"standard","meta":{"tdm_status":"","tdm_grid_status":"","footnotes":""},"categories":[70],"tags":[],"class_list":{"0":"post-142135","1":"post","2":"type-post","3":"status-publish","4":"format-standard","5":"has-post-thumbnail","7":"category-de-opinion"},"yoast_head":"<!-- This site is optimized with the Yoast SEO plugin v27.4 - https:\/\/yoast.com\/product\/yoast-seo-wordpress\/ -->\n<title>\u00a0INFORMAR PARA VOTAR - Los pol\u00edticos Veracruz<\/title>\n<meta name=\"robots\" content=\"index, follow, max-snippet:-1, max-image-preview:large, max-video-preview:-1\" \/>\n<link rel=\"canonical\" href=\"https:\/\/lospoliticosveracruz.com\/?p=142135\" \/>\n<meta property=\"og:locale\" content=\"es_ES\" \/>\n<meta property=\"og:type\" content=\"article\" \/>\n<meta property=\"og:title\" content=\"\u00a0INFORMAR PARA VOTAR - Los pol\u00edticos Veracruz\" \/>\n<meta property=\"og:description\" content=\"\u2002\u2002\u00danete a nuestro canal \u00a1LOS POL\u00cdTICOS VERACRUZ&nbsp;ya est\u00e1 en WhatsApp! Fanny Y\u00e9pez La Columna Ante la escasa informaci\u00f3n que les ha llegado a los electores sobre la elecci\u00f3n judicial y el riesgo de un terrible abstencionismo el 1 de junio, legisladores federales, y alcaldes morenistas, as\u00ed como la organizaci\u00f3n Construyendo Justicia, que surgi\u00f3 de las [&hellip;]\" \/>\n<meta property=\"og:url\" content=\"https:\/\/lospoliticosveracruz.com\/?p=142135\" \/>\n<meta property=\"og:site_name\" content=\"Los pol\u00edticos Veracruz\" \/>\n<meta property=\"article:publisher\" content=\"https:\/\/www.facebook.com\/people\/Notimemes-de-los-Polticos\/61565672886568\/\" \/>\n<meta property=\"article:published_time\" content=\"2025-04-16T14:29:42+00:00\" \/>\n<meta property=\"article:modified_time\" content=\"2025-04-16T14:30:00+00:00\" \/>\n<meta property=\"og:image\" content=\"https:\/\/lospoliticosveracruz.com\/wp-content\/uploads\/2025\/04\/Fanny-Yepez-Luna.jpg\" \/>\n\t<meta property=\"og:image:width\" content=\"1250\" \/>\n\t<meta property=\"og:image:height\" content=\"667\" \/>\n\t<meta property=\"og:image:type\" content=\"image\/jpeg\" \/>\n<meta name=\"author\" content=\"Lo viste en Los Pol\u00edticos\" \/>\n<meta name=\"twitter:card\" content=\"summary_large_image\" \/>\n<meta name=\"twitter:creator\" content=\"@LosPoliticosVer\" \/>\n<meta name=\"twitter:site\" content=\"@LosPoliticosVer\" \/>\n<meta name=\"twitter:label1\" content=\"Escrito por\" \/>\n\t<meta name=\"twitter:data1\" content=\"Lo viste en Los Pol\u00edticos\" \/>\n\t<meta name=\"twitter:label2\" content=\"Tiempo de lectura\" \/>\n\t<meta name=\"twitter:data2\" content=\"5 minutos\" \/>\n<script type=\"application\/ld+json\" class=\"yoast-schema-graph\">{\"@context\":\"https:\\\/\\\/schema.org\",\"@graph\":[{\"@type\":\"Article\",\"@id\":\"https:\\\/\\\/lospoliticosveracruz.com\\\/?p=142135#article\",\"isPartOf\":{\"@id\":\"https:\\\/\\\/lospoliticosveracruz.com\\\/?p=142135\"},\"author\":{\"name\":\"Lo viste en Los Pol\u00edticos\",\"@id\":\"https:\\\/\\\/lospoliticosveracruz.com\\\/#\\\/schema\\\/person\\\/b8702bb0e538456e6efd07080bf2a4a2\"},\"headline\":\"\u00a0INFORMAR PARA VOTAR\",\"datePublished\":\"2025-04-16T14:29:42+00:00\",\"dateModified\":\"2025-04-16T14:30:00+00:00\",\"mainEntityOfPage\":{\"@id\":\"https:\\\/\\\/lospoliticosveracruz.com\\\/?p=142135\"},\"wordCount\":1033,\"publisher\":{\"@id\":\"https:\\\/\\\/lospoliticosveracruz.com\\\/#organization\"},\"image\":{\"@id\":\"https:\\\/\\\/lospoliticosveracruz.com\\\/?p=142135#primaryimage\"},\"thumbnailUrl\":\"https:\\\/\\\/lospoliticosveracruz.com\\\/wp-content\\\/uploads\\\/2025\\\/04\\\/Fanny-Yepez-Luna-e1768657334923.jpg\",\"articleSection\":[\"De Opini\u00f3n\"],\"inLanguage\":\"es\"},{\"@type\":\"WebPage\",\"@id\":\"https:\\\/\\\/lospoliticosveracruz.com\\\/?p=142135\",\"url\":\"https:\\\/\\\/lospoliticosveracruz.com\\\/?p=142135\",\"name\":\"\u00a0INFORMAR PARA VOTAR - Los pol\u00edticos Veracruz\",\"isPartOf\":{\"@id\":\"https:\\\/\\\/lospoliticosveracruz.com\\\/#website\"},\"primaryImageOfPage\":{\"@id\":\"https:\\\/\\\/lospoliticosveracruz.com\\\/?p=142135#primaryimage\"},\"image\":{\"@id\":\"https:\\\/\\\/lospoliticosveracruz.com\\\/?p=142135#primaryimage\"},\"thumbnailUrl\":\"https:\\\/\\\/lospoliticosveracruz.com\\\/wp-content\\\/uploads\\\/2025\\\/04\\\/Fanny-Yepez-Luna-e1768657334923.jpg\",\"datePublished\":\"2025-04-16T14:29:42+00:00\",\"dateModified\":\"2025-04-16T14:30:00+00:00\",\"breadcrumb\":{\"@id\":\"https:\\\/\\\/lospoliticosveracruz.com\\\/?p=142135#breadcrumb\"},\"inLanguage\":\"es\",\"potentialAction\":[{\"@type\":\"ReadAction\",\"target\":[\"https:\\\/\\\/lospoliticosveracruz.com\\\/?p=142135\"]}]},{\"@type\":\"ImageObject\",\"inLanguage\":\"es\",\"@id\":\"https:\\\/\\\/lospoliticosveracruz.com\\\/?p=142135#primaryimage\",\"url\":\"https:\\\/\\\/lospoliticosveracruz.com\\\/wp-content\\\/uploads\\\/2025\\\/04\\\/Fanny-Yepez-Luna-e1768657334923.jpg\",\"contentUrl\":\"https:\\\/\\\/lospoliticosveracruz.com\\\/wp-content\\\/uploads\\\/2025\\\/04\\\/Fanny-Yepez-Luna-e1768657334923.jpg\",\"width\":600,\"height\":320},{\"@type\":\"BreadcrumbList\",\"@id\":\"https:\\\/\\\/lospoliticosveracruz.com\\\/?p=142135#breadcrumb\",\"itemListElement\":[{\"@type\":\"ListItem\",\"position\":1,\"name\":\"Portada\",\"item\":\"https:\\\/\\\/lospoliticosveracruz.com\\\/\"},{\"@type\":\"ListItem\",\"position\":2,\"name\":\"\u00a0INFORMAR PARA VOTAR\"}]},{\"@type\":\"WebSite\",\"@id\":\"https:\\\/\\\/lospoliticosveracruz.com\\\/#website\",\"url\":\"https:\\\/\\\/lospoliticosveracruz.com\\\/\",\"name\":\"Los pol\u00edticos Veracruz\",\"description\":\"\",\"publisher\":{\"@id\":\"https:\\\/\\\/lospoliticosveracruz.com\\\/#organization\"},\"potentialAction\":[{\"@type\":\"SearchAction\",\"target\":{\"@type\":\"EntryPoint\",\"urlTemplate\":\"https:\\\/\\\/lospoliticosveracruz.com\\\/?s={search_term_string}\"},\"query-input\":{\"@type\":\"PropertyValueSpecification\",\"valueRequired\":true,\"valueName\":\"search_term_string\"}}],\"inLanguage\":\"es\"},{\"@type\":\"Organization\",\"@id\":\"https:\\\/\\\/lospoliticosveracruz.com\\\/#organization\",\"name\":\"Los pol\u00edticos Veracruz\",\"url\":\"https:\\\/\\\/lospoliticosveracruz.com\\\/\",\"logo\":{\"@type\":\"ImageObject\",\"inLanguage\":\"es\",\"@id\":\"https:\\\/\\\/lospoliticosveracruz.com\\\/#\\\/schema\\\/logo\\\/image\\\/\",\"url\":\"https:\\\/\\\/lospoliticosveracruz.com\\\/wp-content\\\/uploads\\\/2025\\\/12\\\/Logo-Nuevo-LOS-POLITICOS-1.jpg\",\"contentUrl\":\"https:\\\/\\\/lospoliticosveracruz.com\\\/wp-content\\\/uploads\\\/2025\\\/12\\\/Logo-Nuevo-LOS-POLITICOS-1.jpg\",\"width\":260,\"height\":70,\"caption\":\"Los pol\u00edticos Veracruz\"},\"image\":{\"@id\":\"https:\\\/\\\/lospoliticosveracruz.com\\\/#\\\/schema\\\/logo\\\/image\\\/\"},\"sameAs\":[\"https:\\\/\\\/www.facebook.com\\\/people\\\/Notimemes-de-los-Polticos\\\/61565672886568\\\/\",\"https:\\\/\\\/x.com\\\/LosPoliticosVer\"]},{\"@type\":\"Person\",\"@id\":\"https:\\\/\\\/lospoliticosveracruz.com\\\/#\\\/schema\\\/person\\\/b8702bb0e538456e6efd07080bf2a4a2\",\"name\":\"Lo viste en Los Pol\u00edticos\",\"image\":{\"@type\":\"ImageObject\",\"inLanguage\":\"es\",\"@id\":\"https:\\\/\\\/secure.gravatar.com\\\/avatar\\\/3a8de04a2656d44082be478bd6c086daa447c4651605818287b9532d3d0bd435?s=96&d=mm&r=g\",\"url\":\"https:\\\/\\\/secure.gravatar.com\\\/avatar\\\/3a8de04a2656d44082be478bd6c086daa447c4651605818287b9532d3d0bd435?s=96&d=mm&r=g\",\"contentUrl\":\"https:\\\/\\\/secure.gravatar.com\\\/avatar\\\/3a8de04a2656d44082be478bd6c086daa447c4651605818287b9532d3d0bd435?s=96&d=mm&r=g\",\"caption\":\"Lo viste en Los Pol\u00edticos\"},\"url\":\"https:\\\/\\\/lospoliticosveracruz.com\\\/?author=2\"}]}<\/script>\n<!-- \/ Yoast SEO plugin. -->","yoast_head_json":{"title":"\u00a0INFORMAR PARA VOTAR - Los pol\u00edticos Veracruz","robots":{"index":"index","follow":"follow","max-snippet":"max-snippet:-1","max-image-preview":"max-image-preview:large","max-video-preview":"max-video-preview:-1"},"canonical":"https:\/\/lospoliticosveracruz.com\/?p=142135","og_locale":"es_ES","og_type":"article","og_title":"\u00a0INFORMAR PARA VOTAR - Los pol\u00edticos Veracruz","og_description":"\u2002\u2002\u00danete a nuestro canal \u00a1LOS POL\u00cdTICOS VERACRUZ&nbsp;ya est\u00e1 en WhatsApp! Fanny Y\u00e9pez La Columna Ante la escasa informaci\u00f3n que les ha llegado a los electores sobre la elecci\u00f3n judicial y el riesgo de un terrible abstencionismo el 1 de junio, legisladores federales, y alcaldes morenistas, as\u00ed como la organizaci\u00f3n Construyendo Justicia, que surgi\u00f3 de las [&hellip;]","og_url":"https:\/\/lospoliticosveracruz.com\/?p=142135","og_site_name":"Los pol\u00edticos Veracruz","article_publisher":"https:\/\/www.facebook.com\/people\/Notimemes-de-los-Polticos\/61565672886568\/","article_published_time":"2025-04-16T14:29:42+00:00","article_modified_time":"2025-04-16T14:30:00+00:00","og_image":[{"width":1250,"height":667,"url":"https:\/\/lospoliticosveracruz.com\/wp-content\/uploads\/2025\/04\/Fanny-Yepez-Luna.jpg","type":"image\/jpeg"}],"author":"Lo viste en Los Pol\u00edticos","twitter_card":"summary_large_image","twitter_creator":"@LosPoliticosVer","twitter_site":"@LosPoliticosVer","twitter_misc":{"Escrito por":"Lo viste en Los Pol\u00edticos","Tiempo de lectura":"5 minutos"},"schema":{"@context":"https:\/\/schema.org","@graph":[{"@type":"Article","@id":"https:\/\/lospoliticosveracruz.com\/?p=142135#article","isPartOf":{"@id":"https:\/\/lospoliticosveracruz.com\/?p=142135"},"author":{"name":"Lo viste en Los Pol\u00edticos","@id":"https:\/\/lospoliticosveracruz.com\/#\/schema\/person\/b8702bb0e538456e6efd07080bf2a4a2"},"headline":"\u00a0INFORMAR PARA VOTAR","datePublished":"2025-04-16T14:29:42+00:00","dateModified":"2025-04-16T14:30:00+00:00","mainEntityOfPage":{"@id":"https:\/\/lospoliticosveracruz.com\/?p=142135"},"wordCount":1033,"publisher":{"@id":"https:\/\/lospoliticosveracruz.com\/#organization"},"image":{"@id":"https:\/\/lospoliticosveracruz.com\/?p=142135#primaryimage"},"thumbnailUrl":"https:\/\/lospoliticosveracruz.com\/wp-content\/uploads\/2025\/04\/Fanny-Yepez-Luna-e1768657334923.jpg","articleSection":["De Opini\u00f3n"],"inLanguage":"es"},{"@type":"WebPage","@id":"https:\/\/lospoliticosveracruz.com\/?p=142135","url":"https:\/\/lospoliticosveracruz.com\/?p=142135","name":"\u00a0INFORMAR PARA VOTAR - Los pol\u00edticos Veracruz","isPartOf":{"@id":"https:\/\/lospoliticosveracruz.com\/#website"},"primaryImageOfPage":{"@id":"https:\/\/lospoliticosveracruz.com\/?p=142135#primaryimage"},"image":{"@id":"https:\/\/lospoliticosveracruz.com\/?p=142135#primaryimage"},"thumbnailUrl":"https:\/\/lospoliticosveracruz.com\/wp-content\/uploads\/2025\/04\/Fanny-Yepez-Luna-e1768657334923.jpg","datePublished":"2025-04-16T14:29:42+00:00","dateModified":"2025-04-16T14:30:00+00:00","breadcrumb":{"@id":"https:\/\/lospoliticosveracruz.com\/?p=142135#breadcrumb"},"inLanguage":"es","potentialAction":[{"@type":"ReadAction","target":["https:\/\/lospoliticosveracruz.com\/?p=142135"]}]},{"@type":"ImageObject","inLanguage":"es","@id":"https:\/\/lospoliticosveracruz.com\/?p=142135#primaryimage","url":"https:\/\/lospoliticosveracruz.com\/wp-content\/uploads\/2025\/04\/Fanny-Yepez-Luna-e1768657334923.jpg","contentUrl":"https:\/\/lospoliticosveracruz.com\/wp-content\/uploads\/2025\/04\/Fanny-Yepez-Luna-e1768657334923.jpg","width":600,"height":320},{"@type":"BreadcrumbList","@id":"https:\/\/lospoliticosveracruz.com\/?p=142135#breadcrumb","itemListElement":[{"@type":"ListItem","position":1,"name":"Portada","item":"https:\/\/lospoliticosveracruz.com\/"},{"@type":"ListItem","position":2,"name":"\u00a0INFORMAR PARA VOTAR"}]},{"@type":"WebSite","@id":"https:\/\/lospoliticosveracruz.com\/#website","url":"https:\/\/lospoliticosveracruz.com\/","name":"Los pol\u00edticos Veracruz","description":"","publisher":{"@id":"https:\/\/lospoliticosveracruz.com\/#organization"},"potentialAction":[{"@type":"SearchAction","target":{"@type":"EntryPoint","urlTemplate":"https:\/\/lospoliticosveracruz.com\/?s={search_term_string}"},"query-input":{"@type":"PropertyValueSpecification","valueRequired":true,"valueName":"search_term_string"}}],"inLanguage":"es"},{"@type":"Organization","@id":"https:\/\/lospoliticosveracruz.com\/#organization","name":"Los pol\u00edticos Veracruz","url":"https:\/\/lospoliticosveracruz.com\/","logo":{"@type":"ImageObject","inLanguage":"es","@id":"https:\/\/lospoliticosveracruz.com\/#\/schema\/logo\/image\/","url":"https:\/\/lospoliticosveracruz.com\/wp-content\/uploads\/2025\/12\/Logo-Nuevo-LOS-POLITICOS-1.jpg","contentUrl":"https:\/\/lospoliticosveracruz.com\/wp-content\/uploads\/2025\/12\/Logo-Nuevo-LOS-POLITICOS-1.jpg","width":260,"height":70,"caption":"Los pol\u00edticos Veracruz"},"image":{"@id":"https:\/\/lospoliticosveracruz.com\/#\/schema\/logo\/image\/"},"sameAs":["https:\/\/www.facebook.com\/people\/Notimemes-de-los-Polticos\/61565672886568\/","https:\/\/x.com\/LosPoliticosVer"]},{"@type":"Person","@id":"https:\/\/lospoliticosveracruz.com\/#\/schema\/person\/b8702bb0e538456e6efd07080bf2a4a2","name":"Lo viste en Los Pol\u00edticos","image":{"@type":"ImageObject","inLanguage":"es","@id":"https:\/\/secure.gravatar.com\/avatar\/3a8de04a2656d44082be478bd6c086daa447c4651605818287b9532d3d0bd435?s=96&d=mm&r=g","url":"https:\/\/secure.gravatar.com\/avatar\/3a8de04a2656d44082be478bd6c086daa447c4651605818287b9532d3d0bd435?s=96&d=mm&r=g","contentUrl":"https:\/\/secure.gravatar.com\/avatar\/3a8de04a2656d44082be478bd6c086daa447c4651605818287b9532d3d0bd435?s=96&d=mm&r=g","caption":"Lo viste en Los Pol\u00edticos"},"url":"https:\/\/lospoliticosveracruz.com\/?author=2"}]}},"_links":{"self":[{"href":"https:\/\/lospoliticosveracruz.com\/index.php?rest_route=\/wp\/v2\/posts\/142135","targetHints":{"allow":["GET"]}}],"collection":[{"href":"https:\/\/lospoliticosveracruz.com\/index.php?rest_route=\/wp\/v2\/posts"}],"about":[{"href":"https:\/\/lospoliticosveracruz.com\/index.php?rest_route=\/wp\/v2\/types\/post"}],"author":[{"embeddable":true,"href":"https:\/\/lospoliticosveracruz.com\/index.php?rest_route=\/wp\/v2\/users\/2"}],"replies":[{"embeddable":true,"href":"https:\/\/lospoliticosveracruz.com\/index.php?rest_route=%2Fwp%2Fv2%2Fcomments&post=142135"}],"version-history":[{"count":2,"href":"https:\/\/lospoliticosveracruz.com\/index.php?rest_route=\/wp\/v2\/posts\/142135\/revisions"}],"predecessor-version":[{"id":142137,"href":"https:\/\/lospoliticosveracruz.com\/index.php?rest_route=\/wp\/v2\/posts\/142135\/revisions\/142137"}],"wp:featuredmedia":[{"embeddable":true,"href":"https:\/\/lospoliticosveracruz.com\/index.php?rest_route=\/wp\/v2\/media\/141383"}],"wp:attachment":[{"href":"https:\/\/lospoliticosveracruz.com\/index.php?rest_route=%2Fwp%2Fv2%2Fmedia&parent=142135"}],"wp:term":[{"taxonomy":"category","embeddable":true,"href":"https:\/\/lospoliticosveracruz.com\/index.php?rest_route=%2Fwp%2Fv2%2Fcategories&post=142135"},{"taxonomy":"post_tag","embeddable":true,"href":"https:\/\/lospoliticosveracruz.com\/index.php?rest_route=%2Fwp%2Fv2%2Ftags&post=142135"}],"curies":[{"name":"wp","href":"https:\/\/api.w.org\/{rel}","templated":true}]}}