{"id":14218,"date":"2014-12-17T22:02:32","date_gmt":"2014-12-18T04:02:32","guid":{"rendered":"http:\/\/www.lospoliticosveracruz.com.mx\/?p=14218"},"modified":"2014-12-17T22:02:32","modified_gmt":"2014-12-18T04:02:32","slug":"sefiplan-ahoga-a-la-uv","status":"publish","type":"post","link":"https:\/\/lospoliticosveracruz.com\/?p=14218","title":{"rendered":"Sefiplan ahoga a la UV"},"content":{"rendered":"<p><a href=\"http:\/\/www.lospoliticosveracruz.com.mx\/wp-content\/uploads\/2014\/11\/Mauricio-Audirac.jpg\"><img loading=\"lazy\" decoding=\"async\" class=\"alignnone size-medium wp-image-13564\" src=\"http:\/\/www.lospoliticosveracruz.com.mx\/wp-content\/uploads\/2014\/11\/Mauricio-Audirac-300x226.jpg\" alt=\"Mauricio-Audirac\" width=\"300\" height=\"226\" \/><\/a><br \/>\n<strong>\u00c1lvaro Belin Andrade<\/strong><\/p>\n<p><em>Hora Libre<\/em><\/p>\n<p>&nbsp;<\/p>\n<p>A los graves problemas que en los \u00faltimos a\u00f1os ha vivido la Universidad Veracruzana en sus finanzas, pese a fuertes medidas administrativas internas orientadas a hacer m\u00e1s eficiente (y reducido) el gasto, parece que el tiempo ha alcanzado a esta instituci\u00f3n, por el desaseado manejo que de los recursos etiquetados por el gobierno federal ha hecho la Secretar\u00eda de Finanzas y Planeaci\u00f3n (Sefiplan).<br \/>\nEn efecto, el gobierno estatal est\u00e1 resintiendo toda la serie de maniobras realizadas con los recursos que han ingresado a sus arcas, de los que ha dispuesto con base en sus premuras financieras, sin importarle que hayan llegado del gobierno federal, sujetos a tiempo y etiquetados a programas estatales, gobiernos municipales y organismos aut\u00f3nomos como la Universidad Veracruzana que, en esta \u00e9poca de fin de a\u00f1o, ven con gran preocupaci\u00f3n que no pueden cubrir sus compromisos, incluso aquellos de \u00edndole laboral.<br \/>\nLos dirigentes del sindicato del personal acad\u00e9mico de la UV (Fesapauv), por ejemplo, han debido saltar con molestia porque, contra lo establecido en su contrato colectivo de trabajo, es la fecha en que los m\u00e1s de 7 mil 500 profesores e investigadores adheridos a esa organizaci\u00f3n no han recibido los montos relacionados con el aguinaldo. Y en las cuentas bancarias de la UV no hay dinero, porque Sefiplan simplemente no les ha transferido recursos que el gobierno federal hace tiempo que envi\u00f3, porque forman parte del gasto corriente.<br \/>\nEl martes, en una conferencia de prensa ofrecida en el Museo de Antropolog\u00eda de Xalapa, la rectora Sara Ladr\u00f3n de Guevara y su secretaria de Administraci\u00f3n y Finanzas, Clementina Guerrero, explicaron diversas acciones de racionalizaci\u00f3n del gasto universitario, no solo como una pol\u00edtica de la actual Rector\u00eda para lograr ahorros y evitar erogaciones innecesarias sino como respuesta a una necesidad extrema ante la taca\u00f1er\u00eda del gobierno estatal.<br \/>\nSe requerir\u00eda que las autoridades universitarias fueran m\u00e1s claras sobre el monto millonario que el gobierno del estado ha dejado de transferir a la UV, en una acci\u00f3n que echa por tierra las declaraciones del gobernador Javier Duarte de Ochoa en el sentido de que apoya fuertemente a la educaci\u00f3n en la entidad.<br \/>\nDurante todo 2014, justo el a\u00f1o en que el gobierno veracruzano debi\u00f3 sufragar los gastos derivados de la realizaci\u00f3n de los Juegos Centroamericanos y del Caribe (previamente usados para otros menesteres), la Universidad Veracruzana ha padecido incluso para cumplir con sus obligaciones laborales, y se ha requerido de mucha presi\u00f3n para que los cuentachiles de la Sefiplan suelten un recurso que lleg\u00f3 etiquetado para la UV y no para salir de apuros en otras \u00e1reas.<br \/>\nAyer mismo, cientos de acad\u00e9micos tomaron las instalaciones escolares, aunque poco habr\u00e1 de continuidad pues este jueves toda la comunidad universitaria sale de vacaciones.<br \/>\nEl aguinaldo (que ser\u00e1 cobrado en tiempo y de manera onerosa por los diputados locales) es un rubro incluido desde el principio en el presupuesto universitario; adem\u00e1s, es un derecho inviolable de los trabajadores universitarios, cuyos fondos para ser pagados hace ya tiempo que deposit\u00f3 el gobierno federal. \u00bfPor qu\u00e9 se hacen malabares y machincuepas en el gobierno del estado? Nadie lo explicar\u00e1.<\/p>\n<p>&nbsp;<\/p>\n<p><strong>Municipios, atorados en la operaci\u00f3n licuadora<\/strong><\/p>\n<p>Pero la UV no es la \u00fanica instituci\u00f3n o dependencia a la que los genios de las finanzas estatales han puesto en graves aprietos. Muchos municipios se han manifestado cr\u00edticamente por la manera en que la Sefiplan ha retenido las participaciones federales, poniendo en riesgo tanto el pago de obras realizadas como la atenci\u00f3n de los compromisos laborales.<br \/>\nEl diputado local panista Joaqu\u00edn Rosendo Guzm\u00e1n ha se\u00f1alado que el retraso en la entrega de las participaciones federales del ramo 33 a los municipios infringe la Ley de Coordinaci\u00f3n Fiscal, porque la ley \u201cmarca las fechas de cada uno de los recursos que le llegan a los municipios\u201d.<br \/>\nYa sabemos que la respuesta manida del gobierno estatal es que el secretario de Finanzas y Planeaci\u00f3n, Mauricio Audirac Murillo, salga a los medios a se\u00f1alar, uno, que la Federaci\u00f3n es la que ha retrasado el env\u00edo de los recursos o, dos, que mienten quienes dicen que no se les ha mandado el recurso federal etiquetado, cuando incluso se les mand\u00f3 con antelaci\u00f3n. Audirac considera que el enga\u00f1o es el mejor recurso para evitar responsabilidades pol\u00edticas.<br \/>\nEn muchos casos, los ayuntamientos que no recibieron los recursos federales a tiempo, invirtieron lo equivalente, tomando del gasto corriente, para pagar obras aprobadas con financiamiento del Fondo de Infraestructura Social Municipal (FISM) u otras acciones consideradas en el Fondo de Aportaciones M\u00faltiples, a la espera de que en estas fechas la Sefiplan se dignara a transferir los recursos que les corresponden y, con ello, pagar aguinaldo y dem\u00e1s prestaciones.<br \/>\nEl problema es que se les est\u00e1n apretando las fechas y es la \u00faltima semana en que, como en la UV, deben pagar los aguinaldos antes de que los trabajadores tomen sus vacaciones navide\u00f1as.<br \/>\nEsta misma semana, con 47 d\u00edas de atraso, la Sefiplan liber\u00f3 por fin los primeros 59.6 millones de pesos (de los 100 millones etiquetados) para tres proyectos de infraestructura urbana en C\u00f3rdoba. Ha sido tan tard\u00eda la liberaci\u00f3n de los recursos, que el ayuntamiento est\u00e1 a contrarreloj para comprometer dichos fondos y no devolverlos a la Secretar\u00eda de Hacienda y Cr\u00e9dito P\u00fablico (SHCP).<br \/>\nDe aqu\u00ed al 31 de diciembre, deber\u00e1n emitirse los recursos legales para adquirir cinco mil luminarias leds, por 40 millones de pesos; la construcci\u00f3n de un puente-parque sobre el r\u00edo San Antonio, estimado en m\u00e1s de 30 millones de pesos, y 30 millones de pesos m\u00e1s para la peatonalizaci\u00f3n del circuito Calle 1-Estadios.<br \/>\nComo este ayuntamiento, decenas m\u00e1s han preferido dar por perdidos recursos que quedaron entrampados en la operaci\u00f3n licuadora, expresi\u00f3n que explica la manera en que Mauricio Audirac prepara peligrosos cocteles metiendo en un solo sitio todos los recursos que llegan a la secretar\u00eda para, despu\u00e9s, y solo bajo el juicio de lo urgente, distribuirlos a discreci\u00f3n.<\/p>\n","protected":false},"excerpt":{"rendered":"<p>\u00c1lvaro Belin Andrade Hora Libre &nbsp; A los graves problemas que en los \u00faltimos a\u00f1os ha vivido la Universidad Veracruzana en sus finanzas, pese a fuertes medidas administrativas internas orientadas a hacer m\u00e1s eficiente (y reducido) el gasto, parece que el tiempo ha alcanzado a esta instituci\u00f3n, por el desaseado manejo que de los recursos [&hellip;]<\/p>\n","protected":false},"author":2,"featured_media":0,"comment_status":"open","ping_status":"open","sticky":false,"template":"","format":"standard","meta":{"tdm_status":"","tdm_grid_status":"","footnotes":""},"categories":[70],"tags":[1277,782,260,755,219],"class_list":{"0":"post-14218","1":"post","2":"type-post","3":"status-publish","4":"format-standard","6":"category-de-opinion","7":"tag-clementina-guerrero","8":"tag-fesapauv","9":"tag-javier-duarte-de-ochoa","10":"tag-sara-ladron-de-guevara","11":"tag-universidad-veracruzana"},"yoast_head":"<!-- This site is optimized with the Yoast SEO plugin v27.4 - https:\/\/yoast.com\/product\/yoast-seo-wordpress\/ -->\n<title>Sefiplan ahoga a la UV - Los pol\u00edticos Veracruz<\/title>\n<meta name=\"robots\" content=\"index, follow, max-snippet:-1, max-image-preview:large, max-video-preview:-1\" \/>\n<link rel=\"canonical\" href=\"https:\/\/lospoliticosveracruz.com\/?p=14218\" \/>\n<meta property=\"og:locale\" content=\"es_ES\" \/>\n<meta property=\"og:type\" content=\"article\" \/>\n<meta property=\"og:title\" content=\"Sefiplan ahoga a la UV - Los pol\u00edticos Veracruz\" \/>\n<meta property=\"og:description\" content=\"\u00c1lvaro Belin Andrade Hora Libre &nbsp; A los graves problemas que en los \u00faltimos a\u00f1os ha vivido la Universidad Veracruzana en sus finanzas, pese a fuertes medidas administrativas internas orientadas a hacer m\u00e1s eficiente (y reducido) el gasto, parece que el tiempo ha alcanzado a esta instituci\u00f3n, por el desaseado manejo que de los recursos [&hellip;]\" \/>\n<meta property=\"og:url\" content=\"https:\/\/lospoliticosveracruz.com\/?p=14218\" \/>\n<meta property=\"og:site_name\" content=\"Los pol\u00edticos Veracruz\" \/>\n<meta property=\"article:publisher\" content=\"https:\/\/www.facebook.com\/people\/Notimemes-de-los-Polticos\/61565672886568\/\" \/>\n<meta property=\"article:published_time\" content=\"2014-12-18T04:02:32+00:00\" \/>\n<meta property=\"og:image\" content=\"http:\/\/www.lospoliticosveracruz.com.mx\/wp-content\/uploads\/2014\/11\/Mauricio-Audirac-300x226.jpg\" \/>\n<meta name=\"author\" content=\"Lo viste en Los Pol\u00edticos\" \/>\n<meta name=\"twitter:card\" content=\"summary_large_image\" \/>\n<meta name=\"twitter:creator\" content=\"@LosPoliticosVer\" \/>\n<meta name=\"twitter:site\" content=\"@LosPoliticosVer\" \/>\n<meta name=\"twitter:label1\" content=\"Escrito por\" \/>\n\t<meta name=\"twitter:data1\" content=\"Lo viste en Los Pol\u00edticos\" \/>\n\t<meta name=\"twitter:label2\" content=\"Tiempo de lectura\" \/>\n\t<meta name=\"twitter:data2\" content=\"5 minutos\" \/>\n<script type=\"application\/ld+json\" class=\"yoast-schema-graph\">{\"@context\":\"https:\\\/\\\/schema.org\",\"@graph\":[{\"@type\":\"Article\",\"@id\":\"https:\\\/\\\/lospoliticosveracruz.com\\\/?p=14218#article\",\"isPartOf\":{\"@id\":\"https:\\\/\\\/lospoliticosveracruz.com\\\/?p=14218\"},\"author\":{\"name\":\"Lo viste en Los Pol\u00edticos\",\"@id\":\"https:\\\/\\\/lospoliticosveracruz.com\\\/#\\\/schema\\\/person\\\/b8702bb0e538456e6efd07080bf2a4a2\"},\"headline\":\"Sefiplan ahoga a la UV\",\"datePublished\":\"2014-12-18T04:02:32+00:00\",\"mainEntityOfPage\":{\"@id\":\"https:\\\/\\\/lospoliticosveracruz.com\\\/?p=14218\"},\"wordCount\":1046,\"commentCount\":0,\"publisher\":{\"@id\":\"https:\\\/\\\/lospoliticosveracruz.com\\\/#organization\"},\"image\":{\"@id\":\"https:\\\/\\\/lospoliticosveracruz.com\\\/?p=14218#primaryimage\"},\"thumbnailUrl\":\"http:\\\/\\\/www.lospoliticosveracruz.com.mx\\\/wp-content\\\/uploads\\\/2014\\\/11\\\/Mauricio-Audirac-300x226.jpg\",\"keywords\":[\"Clementina Guerrero\",\"FESAPAUV\",\"Javier Duarte de Ochoa\",\"Sara Ladr\u00f3n de Guevara\",\"Universidad Veracruzana\"],\"articleSection\":[\"De Opini\u00f3n\"],\"inLanguage\":\"es\",\"potentialAction\":[{\"@type\":\"CommentAction\",\"name\":\"Comment\",\"target\":[\"https:\\\/\\\/lospoliticosveracruz.com\\\/?p=14218#respond\"]}]},{\"@type\":\"WebPage\",\"@id\":\"https:\\\/\\\/lospoliticosveracruz.com\\\/?p=14218\",\"url\":\"https:\\\/\\\/lospoliticosveracruz.com\\\/?p=14218\",\"name\":\"Sefiplan ahoga a la UV - Los pol\u00edticos Veracruz\",\"isPartOf\":{\"@id\":\"https:\\\/\\\/lospoliticosveracruz.com\\\/#website\"},\"primaryImageOfPage\":{\"@id\":\"https:\\\/\\\/lospoliticosveracruz.com\\\/?p=14218#primaryimage\"},\"image\":{\"@id\":\"https:\\\/\\\/lospoliticosveracruz.com\\\/?p=14218#primaryimage\"},\"thumbnailUrl\":\"http:\\\/\\\/www.lospoliticosveracruz.com.mx\\\/wp-content\\\/uploads\\\/2014\\\/11\\\/Mauricio-Audirac-300x226.jpg\",\"datePublished\":\"2014-12-18T04:02:32+00:00\",\"breadcrumb\":{\"@id\":\"https:\\\/\\\/lospoliticosveracruz.com\\\/?p=14218#breadcrumb\"},\"inLanguage\":\"es\",\"potentialAction\":[{\"@type\":\"ReadAction\",\"target\":[\"https:\\\/\\\/lospoliticosveracruz.com\\\/?p=14218\"]}]},{\"@type\":\"ImageObject\",\"inLanguage\":\"es\",\"@id\":\"https:\\\/\\\/lospoliticosveracruz.com\\\/?p=14218#primaryimage\",\"url\":\"http:\\\/\\\/www.lospoliticosveracruz.com.mx\\\/wp-content\\\/uploads\\\/2014\\\/11\\\/Mauricio-Audirac-300x226.jpg\",\"contentUrl\":\"http:\\\/\\\/www.lospoliticosveracruz.com.mx\\\/wp-content\\\/uploads\\\/2014\\\/11\\\/Mauricio-Audirac-300x226.jpg\"},{\"@type\":\"BreadcrumbList\",\"@id\":\"https:\\\/\\\/lospoliticosveracruz.com\\\/?p=14218#breadcrumb\",\"itemListElement\":[{\"@type\":\"ListItem\",\"position\":1,\"name\":\"Portada\",\"item\":\"https:\\\/\\\/lospoliticosveracruz.com\\\/\"},{\"@type\":\"ListItem\",\"position\":2,\"name\":\"Sefiplan ahoga a la UV\"}]},{\"@type\":\"WebSite\",\"@id\":\"https:\\\/\\\/lospoliticosveracruz.com\\\/#website\",\"url\":\"https:\\\/\\\/lospoliticosveracruz.com\\\/\",\"name\":\"Los pol\u00edticos Veracruz\",\"description\":\"\",\"publisher\":{\"@id\":\"https:\\\/\\\/lospoliticosveracruz.com\\\/#organization\"},\"potentialAction\":[{\"@type\":\"SearchAction\",\"target\":{\"@type\":\"EntryPoint\",\"urlTemplate\":\"https:\\\/\\\/lospoliticosveracruz.com\\\/?s={search_term_string}\"},\"query-input\":{\"@type\":\"PropertyValueSpecification\",\"valueRequired\":true,\"valueName\":\"search_term_string\"}}],\"inLanguage\":\"es\"},{\"@type\":\"Organization\",\"@id\":\"https:\\\/\\\/lospoliticosveracruz.com\\\/#organization\",\"name\":\"Los pol\u00edticos Veracruz\",\"url\":\"https:\\\/\\\/lospoliticosveracruz.com\\\/\",\"logo\":{\"@type\":\"ImageObject\",\"inLanguage\":\"es\",\"@id\":\"https:\\\/\\\/lospoliticosveracruz.com\\\/#\\\/schema\\\/logo\\\/image\\\/\",\"url\":\"https:\\\/\\\/lospoliticosveracruz.com\\\/wp-content\\\/uploads\\\/2025\\\/12\\\/Logo-Nuevo-LOS-POLITICOS-1.jpg\",\"contentUrl\":\"https:\\\/\\\/lospoliticosveracruz.com\\\/wp-content\\\/uploads\\\/2025\\\/12\\\/Logo-Nuevo-LOS-POLITICOS-1.jpg\",\"width\":260,\"height\":70,\"caption\":\"Los pol\u00edticos Veracruz\"},\"image\":{\"@id\":\"https:\\\/\\\/lospoliticosveracruz.com\\\/#\\\/schema\\\/logo\\\/image\\\/\"},\"sameAs\":[\"https:\\\/\\\/www.facebook.com\\\/people\\\/Notimemes-de-los-Polticos\\\/61565672886568\\\/\",\"https:\\\/\\\/x.com\\\/LosPoliticosVer\"]},{\"@type\":\"Person\",\"@id\":\"https:\\\/\\\/lospoliticosveracruz.com\\\/#\\\/schema\\\/person\\\/b8702bb0e538456e6efd07080bf2a4a2\",\"name\":\"Lo viste en Los Pol\u00edticos\",\"image\":{\"@type\":\"ImageObject\",\"inLanguage\":\"es\",\"@id\":\"https:\\\/\\\/secure.gravatar.com\\\/avatar\\\/3a8de04a2656d44082be478bd6c086daa447c4651605818287b9532d3d0bd435?s=96&d=mm&r=g\",\"url\":\"https:\\\/\\\/secure.gravatar.com\\\/avatar\\\/3a8de04a2656d44082be478bd6c086daa447c4651605818287b9532d3d0bd435?s=96&d=mm&r=g\",\"contentUrl\":\"https:\\\/\\\/secure.gravatar.com\\\/avatar\\\/3a8de04a2656d44082be478bd6c086daa447c4651605818287b9532d3d0bd435?s=96&d=mm&r=g\",\"caption\":\"Lo viste en Los Pol\u00edticos\"},\"url\":\"https:\\\/\\\/lospoliticosveracruz.com\\\/?author=2\"}]}<\/script>\n<!-- \/ Yoast SEO plugin. -->","yoast_head_json":{"title":"Sefiplan ahoga a la UV - Los pol\u00edticos Veracruz","robots":{"index":"index","follow":"follow","max-snippet":"max-snippet:-1","max-image-preview":"max-image-preview:large","max-video-preview":"max-video-preview:-1"},"canonical":"https:\/\/lospoliticosveracruz.com\/?p=14218","og_locale":"es_ES","og_type":"article","og_title":"Sefiplan ahoga a la UV - Los pol\u00edticos Veracruz","og_description":"\u00c1lvaro Belin Andrade Hora Libre &nbsp; A los graves problemas que en los \u00faltimos a\u00f1os ha vivido la Universidad Veracruzana en sus finanzas, pese a fuertes medidas administrativas internas orientadas a hacer m\u00e1s eficiente (y reducido) el gasto, parece que el tiempo ha alcanzado a esta instituci\u00f3n, por el desaseado manejo que de los recursos [&hellip;]","og_url":"https:\/\/lospoliticosveracruz.com\/?p=14218","og_site_name":"Los pol\u00edticos Veracruz","article_publisher":"https:\/\/www.facebook.com\/people\/Notimemes-de-los-Polticos\/61565672886568\/","article_published_time":"2014-12-18T04:02:32+00:00","og_image":[{"url":"http:\/\/www.lospoliticosveracruz.com.mx\/wp-content\/uploads\/2014\/11\/Mauricio-Audirac-300x226.jpg","type":"","width":"","height":""}],"author":"Lo viste en Los Pol\u00edticos","twitter_card":"summary_large_image","twitter_creator":"@LosPoliticosVer","twitter_site":"@LosPoliticosVer","twitter_misc":{"Escrito por":"Lo viste en Los Pol\u00edticos","Tiempo de lectura":"5 minutos"},"schema":{"@context":"https:\/\/schema.org","@graph":[{"@type":"Article","@id":"https:\/\/lospoliticosveracruz.com\/?p=14218#article","isPartOf":{"@id":"https:\/\/lospoliticosveracruz.com\/?p=14218"},"author":{"name":"Lo viste en Los Pol\u00edticos","@id":"https:\/\/lospoliticosveracruz.com\/#\/schema\/person\/b8702bb0e538456e6efd07080bf2a4a2"},"headline":"Sefiplan ahoga a la UV","datePublished":"2014-12-18T04:02:32+00:00","mainEntityOfPage":{"@id":"https:\/\/lospoliticosveracruz.com\/?p=14218"},"wordCount":1046,"commentCount":0,"publisher":{"@id":"https:\/\/lospoliticosveracruz.com\/#organization"},"image":{"@id":"https:\/\/lospoliticosveracruz.com\/?p=14218#primaryimage"},"thumbnailUrl":"http:\/\/www.lospoliticosveracruz.com.mx\/wp-content\/uploads\/2014\/11\/Mauricio-Audirac-300x226.jpg","keywords":["Clementina Guerrero","FESAPAUV","Javier Duarte de Ochoa","Sara Ladr\u00f3n de Guevara","Universidad Veracruzana"],"articleSection":["De Opini\u00f3n"],"inLanguage":"es","potentialAction":[{"@type":"CommentAction","name":"Comment","target":["https:\/\/lospoliticosveracruz.com\/?p=14218#respond"]}]},{"@type":"WebPage","@id":"https:\/\/lospoliticosveracruz.com\/?p=14218","url":"https:\/\/lospoliticosveracruz.com\/?p=14218","name":"Sefiplan ahoga a la UV - Los pol\u00edticos Veracruz","isPartOf":{"@id":"https:\/\/lospoliticosveracruz.com\/#website"},"primaryImageOfPage":{"@id":"https:\/\/lospoliticosveracruz.com\/?p=14218#primaryimage"},"image":{"@id":"https:\/\/lospoliticosveracruz.com\/?p=14218#primaryimage"},"thumbnailUrl":"http:\/\/www.lospoliticosveracruz.com.mx\/wp-content\/uploads\/2014\/11\/Mauricio-Audirac-300x226.jpg","datePublished":"2014-12-18T04:02:32+00:00","breadcrumb":{"@id":"https:\/\/lospoliticosveracruz.com\/?p=14218#breadcrumb"},"inLanguage":"es","potentialAction":[{"@type":"ReadAction","target":["https:\/\/lospoliticosveracruz.com\/?p=14218"]}]},{"@type":"ImageObject","inLanguage":"es","@id":"https:\/\/lospoliticosveracruz.com\/?p=14218#primaryimage","url":"http:\/\/www.lospoliticosveracruz.com.mx\/wp-content\/uploads\/2014\/11\/Mauricio-Audirac-300x226.jpg","contentUrl":"http:\/\/www.lospoliticosveracruz.com.mx\/wp-content\/uploads\/2014\/11\/Mauricio-Audirac-300x226.jpg"},{"@type":"BreadcrumbList","@id":"https:\/\/lospoliticosveracruz.com\/?p=14218#breadcrumb","itemListElement":[{"@type":"ListItem","position":1,"name":"Portada","item":"https:\/\/lospoliticosveracruz.com\/"},{"@type":"ListItem","position":2,"name":"Sefiplan ahoga a la UV"}]},{"@type":"WebSite","@id":"https:\/\/lospoliticosveracruz.com\/#website","url":"https:\/\/lospoliticosveracruz.com\/","name":"Los pol\u00edticos Veracruz","description":"","publisher":{"@id":"https:\/\/lospoliticosveracruz.com\/#organization"},"potentialAction":[{"@type":"SearchAction","target":{"@type":"EntryPoint","urlTemplate":"https:\/\/lospoliticosveracruz.com\/?s={search_term_string}"},"query-input":{"@type":"PropertyValueSpecification","valueRequired":true,"valueName":"search_term_string"}}],"inLanguage":"es"},{"@type":"Organization","@id":"https:\/\/lospoliticosveracruz.com\/#organization","name":"Los pol\u00edticos Veracruz","url":"https:\/\/lospoliticosveracruz.com\/","logo":{"@type":"ImageObject","inLanguage":"es","@id":"https:\/\/lospoliticosveracruz.com\/#\/schema\/logo\/image\/","url":"https:\/\/lospoliticosveracruz.com\/wp-content\/uploads\/2025\/12\/Logo-Nuevo-LOS-POLITICOS-1.jpg","contentUrl":"https:\/\/lospoliticosveracruz.com\/wp-content\/uploads\/2025\/12\/Logo-Nuevo-LOS-POLITICOS-1.jpg","width":260,"height":70,"caption":"Los pol\u00edticos Veracruz"},"image":{"@id":"https:\/\/lospoliticosveracruz.com\/#\/schema\/logo\/image\/"},"sameAs":["https:\/\/www.facebook.com\/people\/Notimemes-de-los-Polticos\/61565672886568\/","https:\/\/x.com\/LosPoliticosVer"]},{"@type":"Person","@id":"https:\/\/lospoliticosveracruz.com\/#\/schema\/person\/b8702bb0e538456e6efd07080bf2a4a2","name":"Lo viste en Los Pol\u00edticos","image":{"@type":"ImageObject","inLanguage":"es","@id":"https:\/\/secure.gravatar.com\/avatar\/3a8de04a2656d44082be478bd6c086daa447c4651605818287b9532d3d0bd435?s=96&d=mm&r=g","url":"https:\/\/secure.gravatar.com\/avatar\/3a8de04a2656d44082be478bd6c086daa447c4651605818287b9532d3d0bd435?s=96&d=mm&r=g","contentUrl":"https:\/\/secure.gravatar.com\/avatar\/3a8de04a2656d44082be478bd6c086daa447c4651605818287b9532d3d0bd435?s=96&d=mm&r=g","caption":"Lo viste en Los Pol\u00edticos"},"url":"https:\/\/lospoliticosveracruz.com\/?author=2"}]}},"_links":{"self":[{"href":"https:\/\/lospoliticosveracruz.com\/index.php?rest_route=\/wp\/v2\/posts\/14218","targetHints":{"allow":["GET"]}}],"collection":[{"href":"https:\/\/lospoliticosveracruz.com\/index.php?rest_route=\/wp\/v2\/posts"}],"about":[{"href":"https:\/\/lospoliticosveracruz.com\/index.php?rest_route=\/wp\/v2\/types\/post"}],"author":[{"embeddable":true,"href":"https:\/\/lospoliticosveracruz.com\/index.php?rest_route=\/wp\/v2\/users\/2"}],"replies":[{"embeddable":true,"href":"https:\/\/lospoliticosveracruz.com\/index.php?rest_route=%2Fwp%2Fv2%2Fcomments&post=14218"}],"version-history":[{"count":1,"href":"https:\/\/lospoliticosveracruz.com\/index.php?rest_route=\/wp\/v2\/posts\/14218\/revisions"}],"predecessor-version":[{"id":14219,"href":"https:\/\/lospoliticosveracruz.com\/index.php?rest_route=\/wp\/v2\/posts\/14218\/revisions\/14219"}],"wp:attachment":[{"href":"https:\/\/lospoliticosveracruz.com\/index.php?rest_route=%2Fwp%2Fv2%2Fmedia&parent=14218"}],"wp:term":[{"taxonomy":"category","embeddable":true,"href":"https:\/\/lospoliticosveracruz.com\/index.php?rest_route=%2Fwp%2Fv2%2Fcategories&post=14218"},{"taxonomy":"post_tag","embeddable":true,"href":"https:\/\/lospoliticosveracruz.com\/index.php?rest_route=%2Fwp%2Fv2%2Ftags&post=14218"}],"curies":[{"name":"wp","href":"https:\/\/api.w.org\/{rel}","templated":true}]}}