{"id":14220,"date":"2014-12-17T22:16:15","date_gmt":"2014-12-18T04:16:15","guid":{"rendered":"http:\/\/www.lospoliticosveracruz.com.mx\/?p=14220"},"modified":"2014-12-17T22:16:15","modified_gmt":"2014-12-18T04:16:15","slug":"los-mejores-alcaldes","status":"publish","type":"post","link":"https:\/\/lospoliticosveracruz.com\/?p=14220","title":{"rendered":"Los mejores alcaldes&#8230;?"},"content":{"rendered":"<p><a href=\"http:\/\/www.lospoliticosveracruz.com.mx\/wp-content\/uploads\/2014\/12\/Am\u00e9rico-Poo.jpg\"><img loading=\"lazy\" decoding=\"async\" class=\"alignnone size-medium wp-image-14222\" src=\"http:\/\/www.lospoliticosveracruz.com.mx\/wp-content\/uploads\/2014\/12\/Am\u00e9rico-Poo-300x150.jpg\" alt=\"Am\u00e9rico Poo\" width=\"300\" height=\"150\" \/><\/a><\/p>\n<p><strong>Luis Alberto Romero<\/strong><\/p>\n<p><em>Hora Cero<\/em><\/p>\n<p>&nbsp;<\/p>\n<p>Al iniciar 2013, el Instituto Mexicano de la Evaluaci\u00f3n (IMDE), entreg\u00f3 los premios Tlatoani de ese a\u00f1o, que reconoc\u00edan a quienes ese organismo consideraba los mejores alcaldes del pa\u00eds; se trat\u00f3 de un reconocimiento que levant\u00f3 suspicacias y despert\u00f3 sospechas, primero, porque inicialmente se dijo que contaba con el aval de la Universidad Pontificia de Salamanca, instituci\u00f3n de prestigio que de inmediato pint\u00f3 su raya y se deslind\u00f3 del hecho; segundo, porque de los 2 mil 457 presidentes municipales de la Rep\u00fablica, 96 recibieron el galard\u00f3n.<\/p>\n<p>Nunca se dieron a conocer los criterios para la asignaci\u00f3n de esos premios; lo cierto es que el 4 por ciento de los alcaldes del pa\u00eds recibieron esa \u201cdistinci\u00f3n\u201d; de igual manera, el IMDE tambi\u00e9n reconoci\u00f3 a los mejores diputados, regidores y funcionarios municipales de M\u00e9xico en un evento desarrollado a principios de marzo de ese a\u00f1o.<\/p>\n<p>S\u00f3lo de Hidalgo, por ejemplo, 5 alcaldes recibieron el Tlatoani 2013; de Veracruz fueron incluidos en la lista los ex ediles de Tuxpan, Poza Rica, Fort\u00edn de las Flores, Acultzingo y Tantoyuca, al igual que la ex alcaldesa de Alvarado, Sara Luz Herrera Cano, quien hoy se encuentra recluida.<\/p>\n<p>Este a\u00f1o, en el evento efectuado el 20 de noviembre, el secretario de desarrollo agropecuario del gobierno del Estado, Manuel Emilio Mart\u00ednez de Leo, recibi\u00f3 tambi\u00e9n dicho reconocimiento, a pesar de ser uno de los funcionarios m\u00e1s cuestionados del poder ejecutivo de la entidad.<\/p>\n<p>Esos premios no tienen reconocimiento ni demasiado prestigio; sobre todo despu\u00e9s de que el a\u00f1o pasado trascendiera que la cuota que percibe el organismo por la entrega es de 17 mil 500 pesos por cada alcalde, legislador y funcionario que se inscribe.<\/p>\n<p>Un ejercicio diferente, sobre todo por el tema del prestigio, es el trabajo realizado por el Gabinete de Comunicaci\u00f3n Estrat\u00e9gica, que este a\u00f1o levant\u00f3 la encuesta \u201c\u00cdndice de Satisfacci\u00f3n del Desempe\u00f1o de Alcaldes\u201d, que incluy\u00f3 a 53 municipios del pa\u00eds y 16 delegaciones del Distrito Federal.<\/p>\n<p>Se trata de una encuesta en la que, b\u00e1sicamente, se pregunta a los ciudadanos qu\u00e9 tan satisfechos est\u00e1n con el trabajo de sus autoridades; de acuerdo con el resultado obtenido, se dividi\u00f3 la lista en siete grupos, de los mejores a los peores.<\/p>\n<p>Como los mejores fueron evaluados los presidentes municipales de Nuevo Laredo, Colima, Manzanillo y Matamoros. En el segundo grupo, todav\u00eda con n\u00fameros destacables, se ubicaron los alcaldes de M\u00e9rida, Quer\u00e9taro, Ciudad Obreg\u00f3n, la Zona Metropolitana de Monterrey y Aguascalientes. En el tercer escal\u00f3n quedaron los de Mazatl\u00e1n, Durango, Culiac\u00e1n, Hermosillo, Saltillo, Chihuahua y Canc\u00fan.<\/p>\n<p>Dos ediles veracruzanos fueron incluidos, Ram\u00f3n Poo Gil, de Veracruz, y Am\u00e9rico Z\u00fa\u00f1iga Mart\u00ednez, de Xalapa, quienes si bien no fueron ubicados en los \u00faltimos cinco lugares, tampoco pudieron colocarse ni siquiera en la cuarta lista y quedaron en el quinto de 7 grupos, justo en los lugares 34 y 37 de una relaci\u00f3n de 53.<\/p>\n<p>Finalmente, la \u00fanica evaluaci\u00f3n que cuenta es la que realizan cada d\u00eda los ciudadanos que enfrentan problemas relacionados con la obra p\u00fablica, la falta de servicios y la desatenci\u00f3n de sus autoridades, y no los premios y reconocimientos que, como los del IMDE, se imprimen en serie, y se entregan al mejor postor. @luisromero85<\/p>\n","protected":false},"excerpt":{"rendered":"<p>Luis Alberto Romero Hora Cero &nbsp; Al iniciar 2013, el Instituto Mexicano de la Evaluaci\u00f3n (IMDE), entreg\u00f3 los premios Tlatoani de ese a\u00f1o, que reconoc\u00edan a quienes ese organismo consideraba los mejores alcaldes del pa\u00eds; se trat\u00f3 de un reconocimiento que levant\u00f3 suspicacias y despert\u00f3 sospechas, primero, porque inicialmente se dijo que contaba con el [&hellip;]<\/p>\n","protected":false},"author":2,"featured_media":0,"comment_status":"open","ping_status":"open","sticky":false,"template":"","format":"standard","meta":{"tdm_status":"","tdm_grid_status":"","footnotes":""},"categories":[70],"tags":[483,1279,659,1280],"class_list":{"0":"post-14220","1":"post","2":"type-post","3":"status-publish","4":"format-standard","6":"category-de-opinion","7":"tag-americo-zuniga","8":"tag-presidentes-municipales","9":"tag-ramon-poo","10":"tag-sara-luz-herrera"},"yoast_head":"<!-- This site is optimized with the Yoast SEO plugin v27.4 - https:\/\/yoast.com\/product\/yoast-seo-wordpress\/ -->\n<title>Los mejores alcaldes...? - Los pol\u00edticos Veracruz<\/title>\n<meta name=\"robots\" content=\"index, follow, max-snippet:-1, max-image-preview:large, max-video-preview:-1\" \/>\n<link rel=\"canonical\" href=\"https:\/\/lospoliticosveracruz.com\/?p=14220\" \/>\n<meta property=\"og:locale\" content=\"es_ES\" \/>\n<meta property=\"og:type\" content=\"article\" \/>\n<meta property=\"og:title\" content=\"Los mejores alcaldes...? - Los pol\u00edticos Veracruz\" \/>\n<meta property=\"og:description\" content=\"Luis Alberto Romero Hora Cero &nbsp; Al iniciar 2013, el Instituto Mexicano de la Evaluaci\u00f3n (IMDE), entreg\u00f3 los premios Tlatoani de ese a\u00f1o, que reconoc\u00edan a quienes ese organismo consideraba los mejores alcaldes del pa\u00eds; se trat\u00f3 de un reconocimiento que levant\u00f3 suspicacias y despert\u00f3 sospechas, primero, porque inicialmente se dijo que contaba con el [&hellip;]\" \/>\n<meta property=\"og:url\" content=\"https:\/\/lospoliticosveracruz.com\/?p=14220\" \/>\n<meta property=\"og:site_name\" content=\"Los pol\u00edticos Veracruz\" \/>\n<meta property=\"article:publisher\" content=\"https:\/\/www.facebook.com\/people\/Notimemes-de-los-Polticos\/61565672886568\/\" \/>\n<meta property=\"article:published_time\" content=\"2014-12-18T04:16:15+00:00\" \/>\n<meta property=\"og:image\" content=\"https:\/\/lospoliticosveracruz.com\/wp-content\/uploads\/2016\/07\/Logo-Dor.jpg\" \/>\n\t<meta property=\"og:image:width\" content=\"200\" \/>\n\t<meta property=\"og:image:height\" content=\"200\" \/>\n\t<meta property=\"og:image:type\" content=\"image\/jpeg\" \/>\n<meta name=\"author\" content=\"Lo viste en Los Pol\u00edticos\" \/>\n<meta name=\"twitter:card\" content=\"summary_large_image\" \/>\n<meta name=\"twitter:creator\" content=\"@LosPoliticosVer\" \/>\n<meta name=\"twitter:site\" content=\"@LosPoliticosVer\" \/>\n<meta name=\"twitter:label1\" content=\"Escrito por\" \/>\n\t<meta name=\"twitter:data1\" content=\"Lo viste en Los Pol\u00edticos\" \/>\n\t<meta name=\"twitter:label2\" content=\"Tiempo de lectura\" \/>\n\t<meta name=\"twitter:data2\" content=\"3 minutos\" \/>\n<script type=\"application\/ld+json\" class=\"yoast-schema-graph\">{\"@context\":\"https:\\\/\\\/schema.org\",\"@graph\":[{\"@type\":\"Article\",\"@id\":\"https:\\\/\\\/lospoliticosveracruz.com\\\/?p=14220#article\",\"isPartOf\":{\"@id\":\"https:\\\/\\\/lospoliticosveracruz.com\\\/?p=14220\"},\"author\":{\"name\":\"Lo viste en Los Pol\u00edticos\",\"@id\":\"https:\\\/\\\/lospoliticosveracruz.com\\\/#\\\/schema\\\/person\\\/b8702bb0e538456e6efd07080bf2a4a2\"},\"headline\":\"Los mejores alcaldes&#8230;?\",\"datePublished\":\"2014-12-18T04:16:15+00:00\",\"mainEntityOfPage\":{\"@id\":\"https:\\\/\\\/lospoliticosveracruz.com\\\/?p=14220\"},\"wordCount\":571,\"commentCount\":0,\"publisher\":{\"@id\":\"https:\\\/\\\/lospoliticosveracruz.com\\\/#organization\"},\"keywords\":[\"Am\u00e9rico Z\u00fa\u00f1iga\",\"presidentes municipales\",\"Ram\u00f3n Poo\",\"Sara Luz Herrera\"],\"articleSection\":[\"De Opini\u00f3n\"],\"inLanguage\":\"es\",\"potentialAction\":[{\"@type\":\"CommentAction\",\"name\":\"Comment\",\"target\":[\"https:\\\/\\\/lospoliticosveracruz.com\\\/?p=14220#respond\"]}]},{\"@type\":\"WebPage\",\"@id\":\"https:\\\/\\\/lospoliticosveracruz.com\\\/?p=14220\",\"url\":\"https:\\\/\\\/lospoliticosveracruz.com\\\/?p=14220\",\"name\":\"Los mejores alcaldes...? - Los pol\u00edticos Veracruz\",\"isPartOf\":{\"@id\":\"https:\\\/\\\/lospoliticosveracruz.com\\\/#website\"},\"datePublished\":\"2014-12-18T04:16:15+00:00\",\"breadcrumb\":{\"@id\":\"https:\\\/\\\/lospoliticosveracruz.com\\\/?p=14220#breadcrumb\"},\"inLanguage\":\"es\",\"potentialAction\":[{\"@type\":\"ReadAction\",\"target\":[\"https:\\\/\\\/lospoliticosveracruz.com\\\/?p=14220\"]}]},{\"@type\":\"BreadcrumbList\",\"@id\":\"https:\\\/\\\/lospoliticosveracruz.com\\\/?p=14220#breadcrumb\",\"itemListElement\":[{\"@type\":\"ListItem\",\"position\":1,\"name\":\"Portada\",\"item\":\"https:\\\/\\\/lospoliticosveracruz.com\\\/\"},{\"@type\":\"ListItem\",\"position\":2,\"name\":\"Los mejores alcaldes&#8230;?\"}]},{\"@type\":\"WebSite\",\"@id\":\"https:\\\/\\\/lospoliticosveracruz.com\\\/#website\",\"url\":\"https:\\\/\\\/lospoliticosveracruz.com\\\/\",\"name\":\"Los pol\u00edticos Veracruz\",\"description\":\"\",\"publisher\":{\"@id\":\"https:\\\/\\\/lospoliticosveracruz.com\\\/#organization\"},\"potentialAction\":[{\"@type\":\"SearchAction\",\"target\":{\"@type\":\"EntryPoint\",\"urlTemplate\":\"https:\\\/\\\/lospoliticosveracruz.com\\\/?s={search_term_string}\"},\"query-input\":{\"@type\":\"PropertyValueSpecification\",\"valueRequired\":true,\"valueName\":\"search_term_string\"}}],\"inLanguage\":\"es\"},{\"@type\":\"Organization\",\"@id\":\"https:\\\/\\\/lospoliticosveracruz.com\\\/#organization\",\"name\":\"Los pol\u00edticos Veracruz\",\"url\":\"https:\\\/\\\/lospoliticosveracruz.com\\\/\",\"logo\":{\"@type\":\"ImageObject\",\"inLanguage\":\"es\",\"@id\":\"https:\\\/\\\/lospoliticosveracruz.com\\\/#\\\/schema\\\/logo\\\/image\\\/\",\"url\":\"https:\\\/\\\/lospoliticosveracruz.com\\\/wp-content\\\/uploads\\\/2025\\\/12\\\/Logo-Nuevo-LOS-POLITICOS-1.jpg\",\"contentUrl\":\"https:\\\/\\\/lospoliticosveracruz.com\\\/wp-content\\\/uploads\\\/2025\\\/12\\\/Logo-Nuevo-LOS-POLITICOS-1.jpg\",\"width\":260,\"height\":70,\"caption\":\"Los pol\u00edticos Veracruz\"},\"image\":{\"@id\":\"https:\\\/\\\/lospoliticosveracruz.com\\\/#\\\/schema\\\/logo\\\/image\\\/\"},\"sameAs\":[\"https:\\\/\\\/www.facebook.com\\\/people\\\/Notimemes-de-los-Polticos\\\/61565672886568\\\/\",\"https:\\\/\\\/x.com\\\/LosPoliticosVer\"]},{\"@type\":\"Person\",\"@id\":\"https:\\\/\\\/lospoliticosveracruz.com\\\/#\\\/schema\\\/person\\\/b8702bb0e538456e6efd07080bf2a4a2\",\"name\":\"Lo viste en Los Pol\u00edticos\",\"image\":{\"@type\":\"ImageObject\",\"inLanguage\":\"es\",\"@id\":\"https:\\\/\\\/secure.gravatar.com\\\/avatar\\\/3a8de04a2656d44082be478bd6c086daa447c4651605818287b9532d3d0bd435?s=96&d=mm&r=g\",\"url\":\"https:\\\/\\\/secure.gravatar.com\\\/avatar\\\/3a8de04a2656d44082be478bd6c086daa447c4651605818287b9532d3d0bd435?s=96&d=mm&r=g\",\"contentUrl\":\"https:\\\/\\\/secure.gravatar.com\\\/avatar\\\/3a8de04a2656d44082be478bd6c086daa447c4651605818287b9532d3d0bd435?s=96&d=mm&r=g\",\"caption\":\"Lo viste en Los Pol\u00edticos\"},\"url\":\"https:\\\/\\\/lospoliticosveracruz.com\\\/?author=2\"}]}<\/script>\n<!-- \/ Yoast SEO plugin. -->","yoast_head_json":{"title":"Los mejores alcaldes...? - Los pol\u00edticos Veracruz","robots":{"index":"index","follow":"follow","max-snippet":"max-snippet:-1","max-image-preview":"max-image-preview:large","max-video-preview":"max-video-preview:-1"},"canonical":"https:\/\/lospoliticosveracruz.com\/?p=14220","og_locale":"es_ES","og_type":"article","og_title":"Los mejores alcaldes...? - Los pol\u00edticos Veracruz","og_description":"Luis Alberto Romero Hora Cero &nbsp; Al iniciar 2013, el Instituto Mexicano de la Evaluaci\u00f3n (IMDE), entreg\u00f3 los premios Tlatoani de ese a\u00f1o, que reconoc\u00edan a quienes ese organismo consideraba los mejores alcaldes del pa\u00eds; se trat\u00f3 de un reconocimiento que levant\u00f3 suspicacias y despert\u00f3 sospechas, primero, porque inicialmente se dijo que contaba con el [&hellip;]","og_url":"https:\/\/lospoliticosveracruz.com\/?p=14220","og_site_name":"Los pol\u00edticos Veracruz","article_publisher":"https:\/\/www.facebook.com\/people\/Notimemes-de-los-Polticos\/61565672886568\/","article_published_time":"2014-12-18T04:16:15+00:00","og_image":[{"width":200,"height":200,"url":"https:\/\/lospoliticosveracruz.com\/wp-content\/uploads\/2016\/07\/Logo-Dor.jpg","type":"image\/jpeg"}],"author":"Lo viste en Los Pol\u00edticos","twitter_card":"summary_large_image","twitter_creator":"@LosPoliticosVer","twitter_site":"@LosPoliticosVer","twitter_misc":{"Escrito por":"Lo viste en Los Pol\u00edticos","Tiempo de lectura":"3 minutos"},"schema":{"@context":"https:\/\/schema.org","@graph":[{"@type":"Article","@id":"https:\/\/lospoliticosveracruz.com\/?p=14220#article","isPartOf":{"@id":"https:\/\/lospoliticosveracruz.com\/?p=14220"},"author":{"name":"Lo viste en Los Pol\u00edticos","@id":"https:\/\/lospoliticosveracruz.com\/#\/schema\/person\/b8702bb0e538456e6efd07080bf2a4a2"},"headline":"Los mejores alcaldes&#8230;?","datePublished":"2014-12-18T04:16:15+00:00","mainEntityOfPage":{"@id":"https:\/\/lospoliticosveracruz.com\/?p=14220"},"wordCount":571,"commentCount":0,"publisher":{"@id":"https:\/\/lospoliticosveracruz.com\/#organization"},"keywords":["Am\u00e9rico Z\u00fa\u00f1iga","presidentes municipales","Ram\u00f3n Poo","Sara Luz Herrera"],"articleSection":["De Opini\u00f3n"],"inLanguage":"es","potentialAction":[{"@type":"CommentAction","name":"Comment","target":["https:\/\/lospoliticosveracruz.com\/?p=14220#respond"]}]},{"@type":"WebPage","@id":"https:\/\/lospoliticosveracruz.com\/?p=14220","url":"https:\/\/lospoliticosveracruz.com\/?p=14220","name":"Los mejores alcaldes...? - Los pol\u00edticos Veracruz","isPartOf":{"@id":"https:\/\/lospoliticosveracruz.com\/#website"},"datePublished":"2014-12-18T04:16:15+00:00","breadcrumb":{"@id":"https:\/\/lospoliticosveracruz.com\/?p=14220#breadcrumb"},"inLanguage":"es","potentialAction":[{"@type":"ReadAction","target":["https:\/\/lospoliticosveracruz.com\/?p=14220"]}]},{"@type":"BreadcrumbList","@id":"https:\/\/lospoliticosveracruz.com\/?p=14220#breadcrumb","itemListElement":[{"@type":"ListItem","position":1,"name":"Portada","item":"https:\/\/lospoliticosveracruz.com\/"},{"@type":"ListItem","position":2,"name":"Los mejores alcaldes&#8230;?"}]},{"@type":"WebSite","@id":"https:\/\/lospoliticosveracruz.com\/#website","url":"https:\/\/lospoliticosveracruz.com\/","name":"Los pol\u00edticos Veracruz","description":"","publisher":{"@id":"https:\/\/lospoliticosveracruz.com\/#organization"},"potentialAction":[{"@type":"SearchAction","target":{"@type":"EntryPoint","urlTemplate":"https:\/\/lospoliticosveracruz.com\/?s={search_term_string}"},"query-input":{"@type":"PropertyValueSpecification","valueRequired":true,"valueName":"search_term_string"}}],"inLanguage":"es"},{"@type":"Organization","@id":"https:\/\/lospoliticosveracruz.com\/#organization","name":"Los pol\u00edticos Veracruz","url":"https:\/\/lospoliticosveracruz.com\/","logo":{"@type":"ImageObject","inLanguage":"es","@id":"https:\/\/lospoliticosveracruz.com\/#\/schema\/logo\/image\/","url":"https:\/\/lospoliticosveracruz.com\/wp-content\/uploads\/2025\/12\/Logo-Nuevo-LOS-POLITICOS-1.jpg","contentUrl":"https:\/\/lospoliticosveracruz.com\/wp-content\/uploads\/2025\/12\/Logo-Nuevo-LOS-POLITICOS-1.jpg","width":260,"height":70,"caption":"Los pol\u00edticos Veracruz"},"image":{"@id":"https:\/\/lospoliticosveracruz.com\/#\/schema\/logo\/image\/"},"sameAs":["https:\/\/www.facebook.com\/people\/Notimemes-de-los-Polticos\/61565672886568\/","https:\/\/x.com\/LosPoliticosVer"]},{"@type":"Person","@id":"https:\/\/lospoliticosveracruz.com\/#\/schema\/person\/b8702bb0e538456e6efd07080bf2a4a2","name":"Lo viste en Los Pol\u00edticos","image":{"@type":"ImageObject","inLanguage":"es","@id":"https:\/\/secure.gravatar.com\/avatar\/3a8de04a2656d44082be478bd6c086daa447c4651605818287b9532d3d0bd435?s=96&d=mm&r=g","url":"https:\/\/secure.gravatar.com\/avatar\/3a8de04a2656d44082be478bd6c086daa447c4651605818287b9532d3d0bd435?s=96&d=mm&r=g","contentUrl":"https:\/\/secure.gravatar.com\/avatar\/3a8de04a2656d44082be478bd6c086daa447c4651605818287b9532d3d0bd435?s=96&d=mm&r=g","caption":"Lo viste en Los Pol\u00edticos"},"url":"https:\/\/lospoliticosveracruz.com\/?author=2"}]}},"_links":{"self":[{"href":"https:\/\/lospoliticosveracruz.com\/index.php?rest_route=\/wp\/v2\/posts\/14220","targetHints":{"allow":["GET"]}}],"collection":[{"href":"https:\/\/lospoliticosveracruz.com\/index.php?rest_route=\/wp\/v2\/posts"}],"about":[{"href":"https:\/\/lospoliticosveracruz.com\/index.php?rest_route=\/wp\/v2\/types\/post"}],"author":[{"embeddable":true,"href":"https:\/\/lospoliticosveracruz.com\/index.php?rest_route=\/wp\/v2\/users\/2"}],"replies":[{"embeddable":true,"href":"https:\/\/lospoliticosveracruz.com\/index.php?rest_route=%2Fwp%2Fv2%2Fcomments&post=14220"}],"version-history":[{"count":2,"href":"https:\/\/lospoliticosveracruz.com\/index.php?rest_route=\/wp\/v2\/posts\/14220\/revisions"}],"predecessor-version":[{"id":14223,"href":"https:\/\/lospoliticosveracruz.com\/index.php?rest_route=\/wp\/v2\/posts\/14220\/revisions\/14223"}],"wp:attachment":[{"href":"https:\/\/lospoliticosveracruz.com\/index.php?rest_route=%2Fwp%2Fv2%2Fmedia&parent=14220"}],"wp:term":[{"taxonomy":"category","embeddable":true,"href":"https:\/\/lospoliticosveracruz.com\/index.php?rest_route=%2Fwp%2Fv2%2Fcategories&post=14220"},{"taxonomy":"post_tag","embeddable":true,"href":"https:\/\/lospoliticosveracruz.com\/index.php?rest_route=%2Fwp%2Fv2%2Ftags&post=14220"}],"curies":[{"name":"wp","href":"https:\/\/api.w.org\/{rel}","templated":true}]}}