{"id":14224,"date":"2014-12-17T22:29:25","date_gmt":"2014-12-18T04:29:25","guid":{"rendered":"http:\/\/www.lospoliticosveracruz.com.mx\/?p=14224"},"modified":"2014-12-17T22:29:25","modified_gmt":"2014-12-18T04:29:25","slug":"quien-para-comunicacion-social","status":"publish","type":"post","link":"https:\/\/lospoliticosveracruz.com\/?p=14224","title":{"rendered":"\u00bfQui\u00e9n para Comunicaci\u00f3n Social?"},"content":{"rendered":"<p><a href=\"http:\/\/www.lospoliticosveracruz.com.mx\/wp-content\/uploads\/2014\/12\/Ampudia-Nemi-Levet.jpg\"><img loading=\"lazy\" decoding=\"async\" class=\"alignnone size-medium wp-image-14225\" src=\"http:\/\/www.lospoliticosveracruz.com.mx\/wp-content\/uploads\/2014\/12\/Ampudia-Nemi-Levet-300x100.jpg\" alt=\"Ampudia Nemi Levet\" width=\"300\" height=\"100\" \/><\/a><\/p>\n<p><strong>Iv\u00e1n Calder\u00f3n<\/strong><\/p>\n<p><em>Perfilando<\/em><\/p>\n<p>&nbsp;<\/p>\n<p>La decisi\u00f3n de Javier Duarte de Ochoa en torno a qui\u00e9n manejar\u00e1 la Coordinaci\u00f3n General de Comunicaci\u00f3n Social, no ser\u00e1 nada f\u00e1cil.<\/p>\n<p>Ya est\u00e1 dicho, Alberto Silva Ramos se va en b\u00fasqueda de una curul federal, y el espacio de esta oficina estar\u00e1 vacante.<\/p>\n<p>\u00bfQui\u00e9n para Comunicaci\u00f3n Social?<\/p>\n<p>Esa es la interrogante que ni el mismo mandatario puede discernir.<\/p>\n<p>Enrique Ampudia se ha apuntado muy fuerte.<\/p>\n<p>Al parecer, el fugaz Subsecretario de Gobierno trae vara alta.<\/p>\n<p>Pero por otro lado los estudiosos de la rumorolog\u00eda aseveran que esta oficina podr\u00eda caer en manos de Juan Antonio Nemi Dib, \u00f3 del actual diputado Tonatiuh Pola Estrada.<\/p>\n<p>Incluso se habla que el periodista Sergio Gonz\u00e1lez Levet como el indicado.<\/p>\n<p>Mientras en las dem\u00e1s Secretarias que quedar\u00e1n disponibles el panorama se despeja, en Comunicaci\u00f3n Social todo sigue sombr\u00edo.<\/p>\n<p>El Gobernador tendr\u00e1 que ubicar en su \u201cgabinete de cierre\u201d, a un personaje sumamente inteligente, que sepa tratar con la prensa veracruzana.<\/p>\n<p>Qui\u00e9n supla a Silva Ramos deber\u00e1 de tener la habilidad innata de no pagar, pero dejar contento.<\/p>\n<p>Es m\u00e1s, en esta nueva era de la comunicaci\u00f3n, el pr\u00f3ximo Coordinador deber\u00e1 de estar preparado con los nuevos desarrollos tecnol\u00f3gicos.<\/p>\n<p>Las redes sociales, los boots, los medios de comunicaci\u00f3n manejados a distancia, son el nuevo coco de los gobiernos y en Veracruz no es la excepci\u00f3n.<\/p>\n<p>\u00bfQui\u00e9n ser\u00e1 el bueno para Duarte?<\/p>\n<p>La verdad, es que qui\u00e9n sabe.<\/p>\n<p>Esperemos a la salom\u00f3nica decisi\u00f3n.<\/p>\n<p>DICEN, DICEN, DICEN.<\/p>\n<p>Mucho se ha dicho sobre la propuesta de la reforma pol\u00edtica que env\u00edo el Gobernador Javier Duarte al Congreso del Estado, en la que se destaca la iniciativa de una gubernatura de dos a\u00f1os.<\/p>\n<p>Con voces a favor y otras en contra, esta homologaci\u00f3n electoral se encuentra siendo analizada por la Comisi\u00f3n de Organizaci\u00f3n Pol\u00edtica y Procesos Electorales.<\/p>\n<p>Y a pesar de que tanto se ha manejado que este jueves 18 de diciembre ser\u00edan aprobados los ya celebres dos a\u00f1os de gobierno, desde este humilde espacio anticipamos que la gubernatura de dos a\u00f1os, no va.<\/p>\n<p>Al menos no va en el orden de d\u00eda.<\/p>\n<p>Eso s\u00ed el Bienio, es una realidad, y en fechas pr\u00f3ximas ser\u00e1 aprobado.<\/p>\n<p>No hay que comer ansias, lo de ma\u00f1ana s\u00f3lo fue una finta Duartista.<\/p>\n<p>El traje a la medida apenas lo est\u00e1n zurciendo.<\/p>\n<p>A sus \u00f3rdenes.<\/p>\n<p>@IvanKalderon<\/p>\n","protected":false},"excerpt":{"rendered":"<p>Iv\u00e1n Calder\u00f3n Perfilando &nbsp; La decisi\u00f3n de Javier Duarte de Ochoa en torno a qui\u00e9n manejar\u00e1 la Coordinaci\u00f3n General de Comunicaci\u00f3n Social, no ser\u00e1 nada f\u00e1cil. Ya est\u00e1 dicho, Alberto Silva Ramos se va en b\u00fasqueda de una curul federal, y el espacio de esta oficina estar\u00e1 vacante. \u00bfQui\u00e9n para Comunicaci\u00f3n Social? Esa es la [&hellip;]<\/p>\n","protected":false},"author":2,"featured_media":0,"comment_status":"open","ping_status":"open","sticky":false,"template":"","format":"standard","meta":{"tdm_status":"","tdm_grid_status":"","footnotes":""},"categories":[70],"tags":[933,114,1282],"class_list":{"0":"post-14224","1":"post","2":"type-post","3":"status-publish","4":"format-standard","6":"category-de-opinion","7":"tag-comunicacion-social","8":"tag-nemi-dib","9":"tag-sergio-gonzalez-levet"},"yoast_head":"<!-- This site is optimized with the Yoast SEO plugin v27.4 - https:\/\/yoast.com\/product\/yoast-seo-wordpress\/ -->\n<title>\u00bfQui\u00e9n para Comunicaci\u00f3n Social? - Los pol\u00edticos Veracruz<\/title>\n<meta name=\"robots\" content=\"index, follow, max-snippet:-1, max-image-preview:large, max-video-preview:-1\" \/>\n<link rel=\"canonical\" href=\"https:\/\/lospoliticosveracruz.com\/?p=14224\" \/>\n<meta property=\"og:locale\" content=\"es_ES\" \/>\n<meta property=\"og:type\" content=\"article\" \/>\n<meta property=\"og:title\" content=\"\u00bfQui\u00e9n para Comunicaci\u00f3n Social? - Los pol\u00edticos Veracruz\" \/>\n<meta property=\"og:description\" content=\"Iv\u00e1n Calder\u00f3n Perfilando &nbsp; La decisi\u00f3n de Javier Duarte de Ochoa en torno a qui\u00e9n manejar\u00e1 la Coordinaci\u00f3n General de Comunicaci\u00f3n Social, no ser\u00e1 nada f\u00e1cil. Ya est\u00e1 dicho, Alberto Silva Ramos se va en b\u00fasqueda de una curul federal, y el espacio de esta oficina estar\u00e1 vacante. \u00bfQui\u00e9n para Comunicaci\u00f3n Social? Esa es la [&hellip;]\" \/>\n<meta property=\"og:url\" content=\"https:\/\/lospoliticosveracruz.com\/?p=14224\" \/>\n<meta property=\"og:site_name\" content=\"Los pol\u00edticos Veracruz\" \/>\n<meta property=\"article:publisher\" content=\"https:\/\/www.facebook.com\/people\/Notimemes-de-los-Polticos\/61565672886568\/\" \/>\n<meta property=\"article:published_time\" content=\"2014-12-18T04:29:25+00:00\" \/>\n<meta property=\"og:image\" content=\"http:\/\/www.lospoliticosveracruz.com.mx\/wp-content\/uploads\/2014\/12\/Ampudia-Nemi-Levet-300x100.jpg\" \/>\n<meta name=\"author\" content=\"Lo viste en Los Pol\u00edticos\" \/>\n<meta name=\"twitter:card\" content=\"summary_large_image\" \/>\n<meta name=\"twitter:creator\" content=\"@LosPoliticosVer\" \/>\n<meta name=\"twitter:site\" content=\"@LosPoliticosVer\" \/>\n<meta name=\"twitter:label1\" content=\"Escrito por\" \/>\n\t<meta name=\"twitter:data1\" content=\"Lo viste en Los Pol\u00edticos\" \/>\n\t<meta name=\"twitter:label2\" content=\"Tiempo de lectura\" \/>\n\t<meta name=\"twitter:data2\" content=\"2 minutos\" \/>\n<script type=\"application\/ld+json\" class=\"yoast-schema-graph\">{\"@context\":\"https:\\\/\\\/schema.org\",\"@graph\":[{\"@type\":\"Article\",\"@id\":\"https:\\\/\\\/lospoliticosveracruz.com\\\/?p=14224#article\",\"isPartOf\":{\"@id\":\"https:\\\/\\\/lospoliticosveracruz.com\\\/?p=14224\"},\"author\":{\"name\":\"Lo viste en Los Pol\u00edticos\",\"@id\":\"https:\\\/\\\/lospoliticosveracruz.com\\\/#\\\/schema\\\/person\\\/b8702bb0e538456e6efd07080bf2a4a2\"},\"headline\":\"\u00bfQui\u00e9n para Comunicaci\u00f3n Social?\",\"datePublished\":\"2014-12-18T04:29:25+00:00\",\"mainEntityOfPage\":{\"@id\":\"https:\\\/\\\/lospoliticosveracruz.com\\\/?p=14224\"},\"wordCount\":435,\"commentCount\":0,\"publisher\":{\"@id\":\"https:\\\/\\\/lospoliticosveracruz.com\\\/#organization\"},\"image\":{\"@id\":\"https:\\\/\\\/lospoliticosveracruz.com\\\/?p=14224#primaryimage\"},\"thumbnailUrl\":\"http:\\\/\\\/www.lospoliticosveracruz.com.mx\\\/wp-content\\\/uploads\\\/2014\\\/12\\\/Ampudia-Nemi-Levet-300x100.jpg\",\"keywords\":[\"Comunicaci\u00f3n Social\",\"Nemi Dib\",\"Sergio Gonz\u00e1lez Levet\"],\"articleSection\":[\"De Opini\u00f3n\"],\"inLanguage\":\"es\",\"potentialAction\":[{\"@type\":\"CommentAction\",\"name\":\"Comment\",\"target\":[\"https:\\\/\\\/lospoliticosveracruz.com\\\/?p=14224#respond\"]}]},{\"@type\":\"WebPage\",\"@id\":\"https:\\\/\\\/lospoliticosveracruz.com\\\/?p=14224\",\"url\":\"https:\\\/\\\/lospoliticosveracruz.com\\\/?p=14224\",\"name\":\"\u00bfQui\u00e9n para Comunicaci\u00f3n Social? - Los pol\u00edticos Veracruz\",\"isPartOf\":{\"@id\":\"https:\\\/\\\/lospoliticosveracruz.com\\\/#website\"},\"primaryImageOfPage\":{\"@id\":\"https:\\\/\\\/lospoliticosveracruz.com\\\/?p=14224#primaryimage\"},\"image\":{\"@id\":\"https:\\\/\\\/lospoliticosveracruz.com\\\/?p=14224#primaryimage\"},\"thumbnailUrl\":\"http:\\\/\\\/www.lospoliticosveracruz.com.mx\\\/wp-content\\\/uploads\\\/2014\\\/12\\\/Ampudia-Nemi-Levet-300x100.jpg\",\"datePublished\":\"2014-12-18T04:29:25+00:00\",\"breadcrumb\":{\"@id\":\"https:\\\/\\\/lospoliticosveracruz.com\\\/?p=14224#breadcrumb\"},\"inLanguage\":\"es\",\"potentialAction\":[{\"@type\":\"ReadAction\",\"target\":[\"https:\\\/\\\/lospoliticosveracruz.com\\\/?p=14224\"]}]},{\"@type\":\"ImageObject\",\"inLanguage\":\"es\",\"@id\":\"https:\\\/\\\/lospoliticosveracruz.com\\\/?p=14224#primaryimage\",\"url\":\"http:\\\/\\\/www.lospoliticosveracruz.com.mx\\\/wp-content\\\/uploads\\\/2014\\\/12\\\/Ampudia-Nemi-Levet-300x100.jpg\",\"contentUrl\":\"http:\\\/\\\/www.lospoliticosveracruz.com.mx\\\/wp-content\\\/uploads\\\/2014\\\/12\\\/Ampudia-Nemi-Levet-300x100.jpg\"},{\"@type\":\"BreadcrumbList\",\"@id\":\"https:\\\/\\\/lospoliticosveracruz.com\\\/?p=14224#breadcrumb\",\"itemListElement\":[{\"@type\":\"ListItem\",\"position\":1,\"name\":\"Portada\",\"item\":\"https:\\\/\\\/lospoliticosveracruz.com\\\/\"},{\"@type\":\"ListItem\",\"position\":2,\"name\":\"\u00bfQui\u00e9n para Comunicaci\u00f3n Social?\"}]},{\"@type\":\"WebSite\",\"@id\":\"https:\\\/\\\/lospoliticosveracruz.com\\\/#website\",\"url\":\"https:\\\/\\\/lospoliticosveracruz.com\\\/\",\"name\":\"Los pol\u00edticos Veracruz\",\"description\":\"\",\"publisher\":{\"@id\":\"https:\\\/\\\/lospoliticosveracruz.com\\\/#organization\"},\"potentialAction\":[{\"@type\":\"SearchAction\",\"target\":{\"@type\":\"EntryPoint\",\"urlTemplate\":\"https:\\\/\\\/lospoliticosveracruz.com\\\/?s={search_term_string}\"},\"query-input\":{\"@type\":\"PropertyValueSpecification\",\"valueRequired\":true,\"valueName\":\"search_term_string\"}}],\"inLanguage\":\"es\"},{\"@type\":\"Organization\",\"@id\":\"https:\\\/\\\/lospoliticosveracruz.com\\\/#organization\",\"name\":\"Los pol\u00edticos Veracruz\",\"url\":\"https:\\\/\\\/lospoliticosveracruz.com\\\/\",\"logo\":{\"@type\":\"ImageObject\",\"inLanguage\":\"es\",\"@id\":\"https:\\\/\\\/lospoliticosveracruz.com\\\/#\\\/schema\\\/logo\\\/image\\\/\",\"url\":\"https:\\\/\\\/lospoliticosveracruz.com\\\/wp-content\\\/uploads\\\/2025\\\/12\\\/Logo-Nuevo-LOS-POLITICOS-1.jpg\",\"contentUrl\":\"https:\\\/\\\/lospoliticosveracruz.com\\\/wp-content\\\/uploads\\\/2025\\\/12\\\/Logo-Nuevo-LOS-POLITICOS-1.jpg\",\"width\":260,\"height\":70,\"caption\":\"Los pol\u00edticos Veracruz\"},\"image\":{\"@id\":\"https:\\\/\\\/lospoliticosveracruz.com\\\/#\\\/schema\\\/logo\\\/image\\\/\"},\"sameAs\":[\"https:\\\/\\\/www.facebook.com\\\/people\\\/Notimemes-de-los-Polticos\\\/61565672886568\\\/\",\"https:\\\/\\\/x.com\\\/LosPoliticosVer\"]},{\"@type\":\"Person\",\"@id\":\"https:\\\/\\\/lospoliticosveracruz.com\\\/#\\\/schema\\\/person\\\/b8702bb0e538456e6efd07080bf2a4a2\",\"name\":\"Lo viste en Los Pol\u00edticos\",\"image\":{\"@type\":\"ImageObject\",\"inLanguage\":\"es\",\"@id\":\"https:\\\/\\\/secure.gravatar.com\\\/avatar\\\/3a8de04a2656d44082be478bd6c086daa447c4651605818287b9532d3d0bd435?s=96&d=mm&r=g\",\"url\":\"https:\\\/\\\/secure.gravatar.com\\\/avatar\\\/3a8de04a2656d44082be478bd6c086daa447c4651605818287b9532d3d0bd435?s=96&d=mm&r=g\",\"contentUrl\":\"https:\\\/\\\/secure.gravatar.com\\\/avatar\\\/3a8de04a2656d44082be478bd6c086daa447c4651605818287b9532d3d0bd435?s=96&d=mm&r=g\",\"caption\":\"Lo viste en Los Pol\u00edticos\"},\"url\":\"https:\\\/\\\/lospoliticosveracruz.com\\\/?author=2\"}]}<\/script>\n<!-- \/ Yoast SEO plugin. -->","yoast_head_json":{"title":"\u00bfQui\u00e9n para Comunicaci\u00f3n Social? - Los pol\u00edticos Veracruz","robots":{"index":"index","follow":"follow","max-snippet":"max-snippet:-1","max-image-preview":"max-image-preview:large","max-video-preview":"max-video-preview:-1"},"canonical":"https:\/\/lospoliticosveracruz.com\/?p=14224","og_locale":"es_ES","og_type":"article","og_title":"\u00bfQui\u00e9n para Comunicaci\u00f3n Social? - Los pol\u00edticos Veracruz","og_description":"Iv\u00e1n Calder\u00f3n Perfilando &nbsp; La decisi\u00f3n de Javier Duarte de Ochoa en torno a qui\u00e9n manejar\u00e1 la Coordinaci\u00f3n General de Comunicaci\u00f3n Social, no ser\u00e1 nada f\u00e1cil. Ya est\u00e1 dicho, Alberto Silva Ramos se va en b\u00fasqueda de una curul federal, y el espacio de esta oficina estar\u00e1 vacante. \u00bfQui\u00e9n para Comunicaci\u00f3n Social? Esa es la [&hellip;]","og_url":"https:\/\/lospoliticosveracruz.com\/?p=14224","og_site_name":"Los pol\u00edticos Veracruz","article_publisher":"https:\/\/www.facebook.com\/people\/Notimemes-de-los-Polticos\/61565672886568\/","article_published_time":"2014-12-18T04:29:25+00:00","og_image":[{"url":"http:\/\/www.lospoliticosveracruz.com.mx\/wp-content\/uploads\/2014\/12\/Ampudia-Nemi-Levet-300x100.jpg","type":"","width":"","height":""}],"author":"Lo viste en Los Pol\u00edticos","twitter_card":"summary_large_image","twitter_creator":"@LosPoliticosVer","twitter_site":"@LosPoliticosVer","twitter_misc":{"Escrito por":"Lo viste en Los Pol\u00edticos","Tiempo de lectura":"2 minutos"},"schema":{"@context":"https:\/\/schema.org","@graph":[{"@type":"Article","@id":"https:\/\/lospoliticosveracruz.com\/?p=14224#article","isPartOf":{"@id":"https:\/\/lospoliticosveracruz.com\/?p=14224"},"author":{"name":"Lo viste en Los Pol\u00edticos","@id":"https:\/\/lospoliticosveracruz.com\/#\/schema\/person\/b8702bb0e538456e6efd07080bf2a4a2"},"headline":"\u00bfQui\u00e9n para Comunicaci\u00f3n Social?","datePublished":"2014-12-18T04:29:25+00:00","mainEntityOfPage":{"@id":"https:\/\/lospoliticosveracruz.com\/?p=14224"},"wordCount":435,"commentCount":0,"publisher":{"@id":"https:\/\/lospoliticosveracruz.com\/#organization"},"image":{"@id":"https:\/\/lospoliticosveracruz.com\/?p=14224#primaryimage"},"thumbnailUrl":"http:\/\/www.lospoliticosveracruz.com.mx\/wp-content\/uploads\/2014\/12\/Ampudia-Nemi-Levet-300x100.jpg","keywords":["Comunicaci\u00f3n Social","Nemi Dib","Sergio Gonz\u00e1lez Levet"],"articleSection":["De Opini\u00f3n"],"inLanguage":"es","potentialAction":[{"@type":"CommentAction","name":"Comment","target":["https:\/\/lospoliticosveracruz.com\/?p=14224#respond"]}]},{"@type":"WebPage","@id":"https:\/\/lospoliticosveracruz.com\/?p=14224","url":"https:\/\/lospoliticosveracruz.com\/?p=14224","name":"\u00bfQui\u00e9n para Comunicaci\u00f3n Social? - Los pol\u00edticos Veracruz","isPartOf":{"@id":"https:\/\/lospoliticosveracruz.com\/#website"},"primaryImageOfPage":{"@id":"https:\/\/lospoliticosveracruz.com\/?p=14224#primaryimage"},"image":{"@id":"https:\/\/lospoliticosveracruz.com\/?p=14224#primaryimage"},"thumbnailUrl":"http:\/\/www.lospoliticosveracruz.com.mx\/wp-content\/uploads\/2014\/12\/Ampudia-Nemi-Levet-300x100.jpg","datePublished":"2014-12-18T04:29:25+00:00","breadcrumb":{"@id":"https:\/\/lospoliticosveracruz.com\/?p=14224#breadcrumb"},"inLanguage":"es","potentialAction":[{"@type":"ReadAction","target":["https:\/\/lospoliticosveracruz.com\/?p=14224"]}]},{"@type":"ImageObject","inLanguage":"es","@id":"https:\/\/lospoliticosveracruz.com\/?p=14224#primaryimage","url":"http:\/\/www.lospoliticosveracruz.com.mx\/wp-content\/uploads\/2014\/12\/Ampudia-Nemi-Levet-300x100.jpg","contentUrl":"http:\/\/www.lospoliticosveracruz.com.mx\/wp-content\/uploads\/2014\/12\/Ampudia-Nemi-Levet-300x100.jpg"},{"@type":"BreadcrumbList","@id":"https:\/\/lospoliticosveracruz.com\/?p=14224#breadcrumb","itemListElement":[{"@type":"ListItem","position":1,"name":"Portada","item":"https:\/\/lospoliticosveracruz.com\/"},{"@type":"ListItem","position":2,"name":"\u00bfQui\u00e9n para Comunicaci\u00f3n Social?"}]},{"@type":"WebSite","@id":"https:\/\/lospoliticosveracruz.com\/#website","url":"https:\/\/lospoliticosveracruz.com\/","name":"Los pol\u00edticos Veracruz","description":"","publisher":{"@id":"https:\/\/lospoliticosveracruz.com\/#organization"},"potentialAction":[{"@type":"SearchAction","target":{"@type":"EntryPoint","urlTemplate":"https:\/\/lospoliticosveracruz.com\/?s={search_term_string}"},"query-input":{"@type":"PropertyValueSpecification","valueRequired":true,"valueName":"search_term_string"}}],"inLanguage":"es"},{"@type":"Organization","@id":"https:\/\/lospoliticosveracruz.com\/#organization","name":"Los pol\u00edticos Veracruz","url":"https:\/\/lospoliticosveracruz.com\/","logo":{"@type":"ImageObject","inLanguage":"es","@id":"https:\/\/lospoliticosveracruz.com\/#\/schema\/logo\/image\/","url":"https:\/\/lospoliticosveracruz.com\/wp-content\/uploads\/2025\/12\/Logo-Nuevo-LOS-POLITICOS-1.jpg","contentUrl":"https:\/\/lospoliticosveracruz.com\/wp-content\/uploads\/2025\/12\/Logo-Nuevo-LOS-POLITICOS-1.jpg","width":260,"height":70,"caption":"Los pol\u00edticos Veracruz"},"image":{"@id":"https:\/\/lospoliticosveracruz.com\/#\/schema\/logo\/image\/"},"sameAs":["https:\/\/www.facebook.com\/people\/Notimemes-de-los-Polticos\/61565672886568\/","https:\/\/x.com\/LosPoliticosVer"]},{"@type":"Person","@id":"https:\/\/lospoliticosveracruz.com\/#\/schema\/person\/b8702bb0e538456e6efd07080bf2a4a2","name":"Lo viste en Los Pol\u00edticos","image":{"@type":"ImageObject","inLanguage":"es","@id":"https:\/\/secure.gravatar.com\/avatar\/3a8de04a2656d44082be478bd6c086daa447c4651605818287b9532d3d0bd435?s=96&d=mm&r=g","url":"https:\/\/secure.gravatar.com\/avatar\/3a8de04a2656d44082be478bd6c086daa447c4651605818287b9532d3d0bd435?s=96&d=mm&r=g","contentUrl":"https:\/\/secure.gravatar.com\/avatar\/3a8de04a2656d44082be478bd6c086daa447c4651605818287b9532d3d0bd435?s=96&d=mm&r=g","caption":"Lo viste en Los Pol\u00edticos"},"url":"https:\/\/lospoliticosveracruz.com\/?author=2"}]}},"_links":{"self":[{"href":"https:\/\/lospoliticosveracruz.com\/index.php?rest_route=\/wp\/v2\/posts\/14224","targetHints":{"allow":["GET"]}}],"collection":[{"href":"https:\/\/lospoliticosveracruz.com\/index.php?rest_route=\/wp\/v2\/posts"}],"about":[{"href":"https:\/\/lospoliticosveracruz.com\/index.php?rest_route=\/wp\/v2\/types\/post"}],"author":[{"embeddable":true,"href":"https:\/\/lospoliticosveracruz.com\/index.php?rest_route=\/wp\/v2\/users\/2"}],"replies":[{"embeddable":true,"href":"https:\/\/lospoliticosveracruz.com\/index.php?rest_route=%2Fwp%2Fv2%2Fcomments&post=14224"}],"version-history":[{"count":1,"href":"https:\/\/lospoliticosveracruz.com\/index.php?rest_route=\/wp\/v2\/posts\/14224\/revisions"}],"predecessor-version":[{"id":14226,"href":"https:\/\/lospoliticosveracruz.com\/index.php?rest_route=\/wp\/v2\/posts\/14224\/revisions\/14226"}],"wp:attachment":[{"href":"https:\/\/lospoliticosveracruz.com\/index.php?rest_route=%2Fwp%2Fv2%2Fmedia&parent=14224"}],"wp:term":[{"taxonomy":"category","embeddable":true,"href":"https:\/\/lospoliticosveracruz.com\/index.php?rest_route=%2Fwp%2Fv2%2Fcategories&post=14224"},{"taxonomy":"post_tag","embeddable":true,"href":"https:\/\/lospoliticosveracruz.com\/index.php?rest_route=%2Fwp%2Fv2%2Ftags&post=14224"}],"curies":[{"name":"wp","href":"https:\/\/api.w.org\/{rel}","templated":true}]}}