{"id":14231,"date":"2014-12-18T10:29:44","date_gmt":"2014-12-18T16:29:44","guid":{"rendered":"http:\/\/www.lospoliticosveracruz.com.mx\/?p=14231"},"modified":"2014-12-18T10:29:44","modified_gmt":"2014-12-18T16:29:44","slug":"descontrol-2","status":"publish","type":"post","link":"https:\/\/lospoliticosveracruz.com\/?p=14231","title":{"rendered":"Descontrol"},"content":{"rendered":"<p><a href=\"http:\/\/www.lospoliticosveracruz.com.mx\/wp-content\/uploads\/2014\/12\/Hip\u00f3lito-Mora.jpg\"><img loading=\"lazy\" decoding=\"async\" class=\"alignnone size-medium wp-image-14233\" src=\"http:\/\/www.lospoliticosveracruz.com.mx\/wp-content\/uploads\/2014\/12\/Hip\u00f3lito-Mora-300x200.jpg\" alt=\"Hip\u00f3lito Mora\" width=\"300\" height=\"200\" \/><\/a><\/p>\n<p><strong>M\u00f3nica Camarena Crespo<\/strong><\/p>\n<p><em>Parque Ju\u00e1rez<\/em><\/p>\n<p>&nbsp;<\/p>\n<p>Cuando los \u00e1nimos aun no cesan en torno a los desaparecidos en Ayotzinapa, un drama que no se resuelve, resulta que nuevamente se desata la violencia en otro estado convulsionado por la delincuencia, como es Michoac\u00e1n.<br \/>\nCon un comisionado cercano al Presidente Enrique Pe\u00f1a Nieto, pareciera que muy poco se ha avanzado en materia de seguridad en una entidad en donde las balas no han tenido tregua.<br \/>\nY es que resulta que a pocos d\u00edas de que finalice este enlutado a\u00f1o, en la zona de la Ruana en Michoac\u00e1n, se dio un enfrentamiento con varios muertos, m\u00e1s de 10, entre los que se encuentra el hijo mayor de Hip\u00f3lito Mora.<br \/>\nParecer\u00eda fallido el nombre que se le dio al comisionado, que en esencia hace las funciones de Gobernador; Alfredo Castillo tendr\u00eda que renunciar ante una estrategia que a todas luces apunta a que es fallida. Fue en calidad de Comisionado para la Seguridad y el Desarrollo Integral de Michoac\u00e1n y ni una, ni otra ha logrado.<br \/>\nEl PRD, sin calidad moral, a trav\u00e9s de sus dirigentes, dieron a conocer que el esquema para combatir la delincuencia en Michoac\u00e1n esta agotado.<br \/>\nFue el propio dirigente nacional del sol azteca, Carlos Navarrete, quien dijo que tras el resurgimiento de las autodefensas, el comisionado federal Alfredo Castillo debe ser sustituido o modificarse la estrategia.<br \/>\n\u00abIniciar el proceso electoral el a\u00f1o pr\u00f3ximo con un comisionado con tal nivel de desgaste, que lo logrado se le empieza a desmoronar, ser\u00eda un error\u00bb, advirti\u00f3.<br \/>\nPero el resurgimiento de la violencia en Michoac\u00e1n, se suma a todas las malas noticias que siguen aconteciendo en el pa\u00eds, como la endeble econom\u00eda, con un d\u00f3lar en m\u00e1s de 15 pesos.<br \/>\nSin control, as\u00ed se vislumbra el cierre del 2014 y sin respuestas de nadie, sin explicaciones, menos aun, soluciones que vislumbren un panorama menos hostil en el futuro inmediato.<\/p>\n<p><strong>\u00c1gora<\/strong><br \/>\nEste d\u00eda ya esta muy anunciado que podr\u00eda aprobarse una iniciativa sin precedentes pol\u00edticos en Veracruz. Muchos, estar\u00e1n atentos y operando.<br \/>\nHabr\u00e1 que esperar reacciones y analizar posiciones.<\/p>\n<p><strong>\u00c1gora II<\/strong><br \/>\nVen la tempestad y no se hincan; varios Presidentes Municipales hubiesen sido humildes, sencillos y austeros, tomando en cuenta el dif\u00edcil momento econ\u00f3mico. Pero no, prefirieron seguir con la tradici\u00f3n obsoleta de realizar informes ostentosos, con gastos innecesarios, con tal de lucirse.<br \/>\nLo peor, es que se trata de varios Alcaldes que dif\u00edcilmente tendr\u00e1n un gran futuro pol\u00edtico, m\u00e1s bien, con lo que tienen ahorita seguramente acabara su fugaz camino por el poder localista.<\/p>\n<p><strong>\u00c1gora III<\/strong><br \/>\nYa empiezan a resentir en diferentes sectores la falta del pago de aguinaldo tan esperado por la clase trabajadora. Los peque\u00f1os fuegos se van prendiendo y todo apunta, que para cierre de a\u00f1o e inicio del siguiente, continuaran muchas, pero muchas manifestaciones y paros en la entidad veracruzana.<br \/>\n@monicamarena<\/p>\n","protected":false},"excerpt":{"rendered":"<p>M\u00f3nica Camarena Crespo Parque Ju\u00e1rez &nbsp; Cuando los \u00e1nimos aun no cesan en torno a los desaparecidos en Ayotzinapa, un drama que no se resuelve, resulta que nuevamente se desata la violencia en otro estado convulsionado por la delincuencia, como es Michoac\u00e1n. Con un comisionado cercano al Presidente Enrique Pe\u00f1a Nieto, pareciera que muy poco [&hellip;]<\/p>\n","protected":false},"author":2,"featured_media":0,"comment_status":"open","ping_status":"open","sticky":false,"template":"","format":"standard","meta":{"tdm_status":"","tdm_grid_status":"","footnotes":""},"categories":[70],"tags":[101,1004,1288,1286,1287],"class_list":{"0":"post-14231","1":"post","2":"type-post","3":"status-publish","4":"format-standard","6":"category-de-opinion","7":"tag-ayotzinapa","8":"tag-carlos-navarrete","9":"tag-hipolito-mora","10":"tag-michoacan","11":"tag-ruana"},"yoast_head":"<!-- This site is optimized with the Yoast SEO plugin v27.4 - https:\/\/yoast.com\/product\/yoast-seo-wordpress\/ -->\n<title>Descontrol - Los pol\u00edticos Veracruz<\/title>\n<meta name=\"robots\" content=\"index, follow, max-snippet:-1, max-image-preview:large, max-video-preview:-1\" \/>\n<link rel=\"canonical\" href=\"https:\/\/lospoliticosveracruz.com\/?p=14231\" \/>\n<meta property=\"og:locale\" content=\"es_ES\" \/>\n<meta property=\"og:type\" content=\"article\" \/>\n<meta property=\"og:title\" content=\"Descontrol - Los pol\u00edticos Veracruz\" \/>\n<meta property=\"og:description\" content=\"M\u00f3nica Camarena Crespo Parque Ju\u00e1rez &nbsp; Cuando los \u00e1nimos aun no cesan en torno a los desaparecidos en Ayotzinapa, un drama que no se resuelve, resulta que nuevamente se desata la violencia en otro estado convulsionado por la delincuencia, como es Michoac\u00e1n. Con un comisionado cercano al Presidente Enrique Pe\u00f1a Nieto, pareciera que muy poco [&hellip;]\" \/>\n<meta property=\"og:url\" content=\"https:\/\/lospoliticosveracruz.com\/?p=14231\" \/>\n<meta property=\"og:site_name\" content=\"Los pol\u00edticos Veracruz\" \/>\n<meta property=\"article:publisher\" content=\"https:\/\/www.facebook.com\/people\/Notimemes-de-los-Polticos\/61565672886568\/\" \/>\n<meta property=\"article:published_time\" content=\"2014-12-18T16:29:44+00:00\" \/>\n<meta property=\"og:image\" content=\"https:\/\/lospoliticosveracruz.com\/wp-content\/uploads\/2016\/07\/Logo-Dor.jpg\" \/>\n\t<meta property=\"og:image:width\" content=\"200\" \/>\n\t<meta property=\"og:image:height\" content=\"200\" \/>\n\t<meta property=\"og:image:type\" content=\"image\/jpeg\" \/>\n<meta name=\"author\" content=\"Lo viste en Los Pol\u00edticos\" \/>\n<meta name=\"twitter:card\" content=\"summary_large_image\" \/>\n<meta name=\"twitter:creator\" content=\"@LosPoliticosVer\" \/>\n<meta name=\"twitter:site\" content=\"@LosPoliticosVer\" \/>\n<meta name=\"twitter:label1\" content=\"Escrito por\" \/>\n\t<meta name=\"twitter:data1\" content=\"Lo viste en Los Pol\u00edticos\" \/>\n\t<meta name=\"twitter:label2\" content=\"Tiempo de lectura\" \/>\n\t<meta name=\"twitter:data2\" content=\"3 minutos\" \/>\n<script type=\"application\/ld+json\" class=\"yoast-schema-graph\">{\"@context\":\"https:\\\/\\\/schema.org\",\"@graph\":[{\"@type\":\"Article\",\"@id\":\"https:\\\/\\\/lospoliticosveracruz.com\\\/?p=14231#article\",\"isPartOf\":{\"@id\":\"https:\\\/\\\/lospoliticosveracruz.com\\\/?p=14231\"},\"author\":{\"name\":\"Lo viste en Los Pol\u00edticos\",\"@id\":\"https:\\\/\\\/lospoliticosveracruz.com\\\/#\\\/schema\\\/person\\\/b8702bb0e538456e6efd07080bf2a4a2\"},\"headline\":\"Descontrol\",\"datePublished\":\"2014-12-18T16:29:44+00:00\",\"mainEntityOfPage\":{\"@id\":\"https:\\\/\\\/lospoliticosveracruz.com\\\/?p=14231\"},\"wordCount\":505,\"commentCount\":0,\"publisher\":{\"@id\":\"https:\\\/\\\/lospoliticosveracruz.com\\\/#organization\"},\"keywords\":[\"Ayotzinapa\",\"Carlos Navarrete\",\"Hip\u00f3lito Mora\",\"Michoac\u00e1n\",\"Ruana\"],\"articleSection\":[\"De Opini\u00f3n\"],\"inLanguage\":\"es\",\"potentialAction\":[{\"@type\":\"CommentAction\",\"name\":\"Comment\",\"target\":[\"https:\\\/\\\/lospoliticosveracruz.com\\\/?p=14231#respond\"]}]},{\"@type\":\"WebPage\",\"@id\":\"https:\\\/\\\/lospoliticosveracruz.com\\\/?p=14231\",\"url\":\"https:\\\/\\\/lospoliticosveracruz.com\\\/?p=14231\",\"name\":\"Descontrol - Los pol\u00edticos Veracruz\",\"isPartOf\":{\"@id\":\"https:\\\/\\\/lospoliticosveracruz.com\\\/#website\"},\"datePublished\":\"2014-12-18T16:29:44+00:00\",\"breadcrumb\":{\"@id\":\"https:\\\/\\\/lospoliticosveracruz.com\\\/?p=14231#breadcrumb\"},\"inLanguage\":\"es\",\"potentialAction\":[{\"@type\":\"ReadAction\",\"target\":[\"https:\\\/\\\/lospoliticosveracruz.com\\\/?p=14231\"]}]},{\"@type\":\"BreadcrumbList\",\"@id\":\"https:\\\/\\\/lospoliticosveracruz.com\\\/?p=14231#breadcrumb\",\"itemListElement\":[{\"@type\":\"ListItem\",\"position\":1,\"name\":\"Portada\",\"item\":\"https:\\\/\\\/lospoliticosveracruz.com\\\/\"},{\"@type\":\"ListItem\",\"position\":2,\"name\":\"Descontrol\"}]},{\"@type\":\"WebSite\",\"@id\":\"https:\\\/\\\/lospoliticosveracruz.com\\\/#website\",\"url\":\"https:\\\/\\\/lospoliticosveracruz.com\\\/\",\"name\":\"Los pol\u00edticos Veracruz\",\"description\":\"\",\"publisher\":{\"@id\":\"https:\\\/\\\/lospoliticosveracruz.com\\\/#organization\"},\"potentialAction\":[{\"@type\":\"SearchAction\",\"target\":{\"@type\":\"EntryPoint\",\"urlTemplate\":\"https:\\\/\\\/lospoliticosveracruz.com\\\/?s={search_term_string}\"},\"query-input\":{\"@type\":\"PropertyValueSpecification\",\"valueRequired\":true,\"valueName\":\"search_term_string\"}}],\"inLanguage\":\"es\"},{\"@type\":\"Organization\",\"@id\":\"https:\\\/\\\/lospoliticosveracruz.com\\\/#organization\",\"name\":\"Los pol\u00edticos Veracruz\",\"url\":\"https:\\\/\\\/lospoliticosveracruz.com\\\/\",\"logo\":{\"@type\":\"ImageObject\",\"inLanguage\":\"es\",\"@id\":\"https:\\\/\\\/lospoliticosveracruz.com\\\/#\\\/schema\\\/logo\\\/image\\\/\",\"url\":\"https:\\\/\\\/lospoliticosveracruz.com\\\/wp-content\\\/uploads\\\/2025\\\/12\\\/Logo-Nuevo-LOS-POLITICOS-1.jpg\",\"contentUrl\":\"https:\\\/\\\/lospoliticosveracruz.com\\\/wp-content\\\/uploads\\\/2025\\\/12\\\/Logo-Nuevo-LOS-POLITICOS-1.jpg\",\"width\":260,\"height\":70,\"caption\":\"Los pol\u00edticos Veracruz\"},\"image\":{\"@id\":\"https:\\\/\\\/lospoliticosveracruz.com\\\/#\\\/schema\\\/logo\\\/image\\\/\"},\"sameAs\":[\"https:\\\/\\\/www.facebook.com\\\/people\\\/Notimemes-de-los-Polticos\\\/61565672886568\\\/\",\"https:\\\/\\\/x.com\\\/LosPoliticosVer\"]},{\"@type\":\"Person\",\"@id\":\"https:\\\/\\\/lospoliticosveracruz.com\\\/#\\\/schema\\\/person\\\/b8702bb0e538456e6efd07080bf2a4a2\",\"name\":\"Lo viste en Los Pol\u00edticos\",\"image\":{\"@type\":\"ImageObject\",\"inLanguage\":\"es\",\"@id\":\"https:\\\/\\\/secure.gravatar.com\\\/avatar\\\/3a8de04a2656d44082be478bd6c086daa447c4651605818287b9532d3d0bd435?s=96&d=mm&r=g\",\"url\":\"https:\\\/\\\/secure.gravatar.com\\\/avatar\\\/3a8de04a2656d44082be478bd6c086daa447c4651605818287b9532d3d0bd435?s=96&d=mm&r=g\",\"contentUrl\":\"https:\\\/\\\/secure.gravatar.com\\\/avatar\\\/3a8de04a2656d44082be478bd6c086daa447c4651605818287b9532d3d0bd435?s=96&d=mm&r=g\",\"caption\":\"Lo viste en Los Pol\u00edticos\"},\"url\":\"https:\\\/\\\/lospoliticosveracruz.com\\\/?author=2\"}]}<\/script>\n<!-- \/ Yoast SEO plugin. -->","yoast_head_json":{"title":"Descontrol - Los pol\u00edticos Veracruz","robots":{"index":"index","follow":"follow","max-snippet":"max-snippet:-1","max-image-preview":"max-image-preview:large","max-video-preview":"max-video-preview:-1"},"canonical":"https:\/\/lospoliticosveracruz.com\/?p=14231","og_locale":"es_ES","og_type":"article","og_title":"Descontrol - Los pol\u00edticos Veracruz","og_description":"M\u00f3nica Camarena Crespo Parque Ju\u00e1rez &nbsp; Cuando los \u00e1nimos aun no cesan en torno a los desaparecidos en Ayotzinapa, un drama que no se resuelve, resulta que nuevamente se desata la violencia en otro estado convulsionado por la delincuencia, como es Michoac\u00e1n. Con un comisionado cercano al Presidente Enrique Pe\u00f1a Nieto, pareciera que muy poco [&hellip;]","og_url":"https:\/\/lospoliticosveracruz.com\/?p=14231","og_site_name":"Los pol\u00edticos Veracruz","article_publisher":"https:\/\/www.facebook.com\/people\/Notimemes-de-los-Polticos\/61565672886568\/","article_published_time":"2014-12-18T16:29:44+00:00","og_image":[{"width":200,"height":200,"url":"https:\/\/lospoliticosveracruz.com\/wp-content\/uploads\/2016\/07\/Logo-Dor.jpg","type":"image\/jpeg"}],"author":"Lo viste en Los Pol\u00edticos","twitter_card":"summary_large_image","twitter_creator":"@LosPoliticosVer","twitter_site":"@LosPoliticosVer","twitter_misc":{"Escrito por":"Lo viste en Los Pol\u00edticos","Tiempo de lectura":"3 minutos"},"schema":{"@context":"https:\/\/schema.org","@graph":[{"@type":"Article","@id":"https:\/\/lospoliticosveracruz.com\/?p=14231#article","isPartOf":{"@id":"https:\/\/lospoliticosveracruz.com\/?p=14231"},"author":{"name":"Lo viste en Los Pol\u00edticos","@id":"https:\/\/lospoliticosveracruz.com\/#\/schema\/person\/b8702bb0e538456e6efd07080bf2a4a2"},"headline":"Descontrol","datePublished":"2014-12-18T16:29:44+00:00","mainEntityOfPage":{"@id":"https:\/\/lospoliticosveracruz.com\/?p=14231"},"wordCount":505,"commentCount":0,"publisher":{"@id":"https:\/\/lospoliticosveracruz.com\/#organization"},"keywords":["Ayotzinapa","Carlos Navarrete","Hip\u00f3lito Mora","Michoac\u00e1n","Ruana"],"articleSection":["De Opini\u00f3n"],"inLanguage":"es","potentialAction":[{"@type":"CommentAction","name":"Comment","target":["https:\/\/lospoliticosveracruz.com\/?p=14231#respond"]}]},{"@type":"WebPage","@id":"https:\/\/lospoliticosveracruz.com\/?p=14231","url":"https:\/\/lospoliticosveracruz.com\/?p=14231","name":"Descontrol - Los pol\u00edticos Veracruz","isPartOf":{"@id":"https:\/\/lospoliticosveracruz.com\/#website"},"datePublished":"2014-12-18T16:29:44+00:00","breadcrumb":{"@id":"https:\/\/lospoliticosveracruz.com\/?p=14231#breadcrumb"},"inLanguage":"es","potentialAction":[{"@type":"ReadAction","target":["https:\/\/lospoliticosveracruz.com\/?p=14231"]}]},{"@type":"BreadcrumbList","@id":"https:\/\/lospoliticosveracruz.com\/?p=14231#breadcrumb","itemListElement":[{"@type":"ListItem","position":1,"name":"Portada","item":"https:\/\/lospoliticosveracruz.com\/"},{"@type":"ListItem","position":2,"name":"Descontrol"}]},{"@type":"WebSite","@id":"https:\/\/lospoliticosveracruz.com\/#website","url":"https:\/\/lospoliticosveracruz.com\/","name":"Los pol\u00edticos Veracruz","description":"","publisher":{"@id":"https:\/\/lospoliticosveracruz.com\/#organization"},"potentialAction":[{"@type":"SearchAction","target":{"@type":"EntryPoint","urlTemplate":"https:\/\/lospoliticosveracruz.com\/?s={search_term_string}"},"query-input":{"@type":"PropertyValueSpecification","valueRequired":true,"valueName":"search_term_string"}}],"inLanguage":"es"},{"@type":"Organization","@id":"https:\/\/lospoliticosveracruz.com\/#organization","name":"Los pol\u00edticos Veracruz","url":"https:\/\/lospoliticosveracruz.com\/","logo":{"@type":"ImageObject","inLanguage":"es","@id":"https:\/\/lospoliticosveracruz.com\/#\/schema\/logo\/image\/","url":"https:\/\/lospoliticosveracruz.com\/wp-content\/uploads\/2025\/12\/Logo-Nuevo-LOS-POLITICOS-1.jpg","contentUrl":"https:\/\/lospoliticosveracruz.com\/wp-content\/uploads\/2025\/12\/Logo-Nuevo-LOS-POLITICOS-1.jpg","width":260,"height":70,"caption":"Los pol\u00edticos Veracruz"},"image":{"@id":"https:\/\/lospoliticosveracruz.com\/#\/schema\/logo\/image\/"},"sameAs":["https:\/\/www.facebook.com\/people\/Notimemes-de-los-Polticos\/61565672886568\/","https:\/\/x.com\/LosPoliticosVer"]},{"@type":"Person","@id":"https:\/\/lospoliticosveracruz.com\/#\/schema\/person\/b8702bb0e538456e6efd07080bf2a4a2","name":"Lo viste en Los Pol\u00edticos","image":{"@type":"ImageObject","inLanguage":"es","@id":"https:\/\/secure.gravatar.com\/avatar\/3a8de04a2656d44082be478bd6c086daa447c4651605818287b9532d3d0bd435?s=96&d=mm&r=g","url":"https:\/\/secure.gravatar.com\/avatar\/3a8de04a2656d44082be478bd6c086daa447c4651605818287b9532d3d0bd435?s=96&d=mm&r=g","contentUrl":"https:\/\/secure.gravatar.com\/avatar\/3a8de04a2656d44082be478bd6c086daa447c4651605818287b9532d3d0bd435?s=96&d=mm&r=g","caption":"Lo viste en Los Pol\u00edticos"},"url":"https:\/\/lospoliticosveracruz.com\/?author=2"}]}},"_links":{"self":[{"href":"https:\/\/lospoliticosveracruz.com\/index.php?rest_route=\/wp\/v2\/posts\/14231","targetHints":{"allow":["GET"]}}],"collection":[{"href":"https:\/\/lospoliticosveracruz.com\/index.php?rest_route=\/wp\/v2\/posts"}],"about":[{"href":"https:\/\/lospoliticosveracruz.com\/index.php?rest_route=\/wp\/v2\/types\/post"}],"author":[{"embeddable":true,"href":"https:\/\/lospoliticosveracruz.com\/index.php?rest_route=\/wp\/v2\/users\/2"}],"replies":[{"embeddable":true,"href":"https:\/\/lospoliticosveracruz.com\/index.php?rest_route=%2Fwp%2Fv2%2Fcomments&post=14231"}],"version-history":[{"count":2,"href":"https:\/\/lospoliticosveracruz.com\/index.php?rest_route=\/wp\/v2\/posts\/14231\/revisions"}],"predecessor-version":[{"id":14234,"href":"https:\/\/lospoliticosveracruz.com\/index.php?rest_route=\/wp\/v2\/posts\/14231\/revisions\/14234"}],"wp:attachment":[{"href":"https:\/\/lospoliticosveracruz.com\/index.php?rest_route=%2Fwp%2Fv2%2Fmedia&parent=14231"}],"wp:term":[{"taxonomy":"category","embeddable":true,"href":"https:\/\/lospoliticosveracruz.com\/index.php?rest_route=%2Fwp%2Fv2%2Fcategories&post=14231"},{"taxonomy":"post_tag","embeddable":true,"href":"https:\/\/lospoliticosveracruz.com\/index.php?rest_route=%2Fwp%2Fv2%2Ftags&post=14231"}],"curies":[{"name":"wp","href":"https:\/\/api.w.org\/{rel}","templated":true}]}}