{"id":142344,"date":"2025-04-21T08:53:00","date_gmt":"2025-04-21T13:53:00","guid":{"rendered":"https:\/\/lospoliticosveracruz.com.mx\/?p=142344"},"modified":"2025-04-21T08:53:23","modified_gmt":"2025-04-21T13:53:23","slug":"sheinbaum-en-anton-lizardo","status":"publish","type":"post","link":"https:\/\/lospoliticosveracruz.com\/?p=142344","title":{"rendered":"SHEINBAUM EN ANT\u00d3N LIZARDO!"},"content":{"rendered":"\n<p><strong><a href=\"https:\/\/whatsapp.com\/channel\/0029Va8zRWlEKyZIP3Z1dF0e\">\u2002\u2002<strong>\u00danete a nuestro canal<\/strong><\/a><\/strong><\/p>\n\n\n\n<p>\u00a1<strong>LOS POL\u00cdTICOS VERACRUZ<\/strong>&nbsp;ya est\u00e1 en WhatsApp!<\/p>\n\n\n\n<p><\/p>\n\n\n\n<p><strong>Fanny Y\u00e9pez<\/strong><\/p>\n\n\n\n<p>La Columna<\/p>\n\n\n\n<p>Hoy estar\u00e1 en la Escuela Naval la presidenta para encabezar la ceremonia del 111 aniversario de la defensa del pueblo contra la invasi\u00f3n estadounidense al puerto jarocho&nbsp;<\/p>\n\n\n\n<p>Este lunes para encabezar la ceremonia del 111 aniversario de la defensa del pueblo contra la invasi\u00f3n estadounidense al puerto de Veracruz, estar\u00e1 en la Escuela Naval de Ant\u00f3n Lizardo, la Presidenta, Claudia Sheinbaum Pardo, ah\u00ed mismo har\u00e1 la jura de bandera a las y los cadetes de reciente ingreso.&nbsp;&nbsp;<\/p>\n\n\n\n<p>La Jefa Suprema de las fuerzas armadas encontrara un pueblo que la respalda, pero que tambi\u00e9n enfrenta problemas de pobreza, informalidad laboral, inseguridad p\u00fablica, conflictos intermunicipales, divisiones y confrontaciones entre sus correligionarios de la 4t.<\/p>\n\n\n\n<p>Seg\u00fan el Coneval, el estado de Veracruz se encuentra entre las entidades con mayor pobreza, con un 51.7 % de poblaci\u00f3n en circunstancias precarias.<\/p>\n\n\n\n<p>En cuanto a pobreza en este a\u00f1o, Veracruz ten\u00eda el cuarto peor desempe\u00f1o en pobreza laboral, con el 51.94% de su poblaci\u00f3n en esta situaci\u00f3n. El 70.13% de los trabajadores del estado tienen un empleo sin prestaciones laborales o v\u00ednculo reconocido.<\/p>\n\n\n\n<p>Inseguridad p\u00fablica<\/p>\n\n\n\n<p>La inseguridad p\u00fablica es una de las principales problem\u00e1ticas que enfrentan las unidades econ\u00f3micas en Veracruz. Las instituciones de seguridad a nivel estatal no garantizan la protecci\u00f3n de los derechos y la seguridad de los ciudadanos.<\/p>\n\n\n\n<p>Conflictos intermunicipales<\/p>\n\n\n\n<p>Los conflictos actuales son Xalapa y Emiliano Zapata, as\u00ed como Veracruz y La Antigua.<\/p>\n\n\n\n<p>La problem\u00e1tica entre los municipios de Chinameca y Oteapan, as\u00ed como de Jamapa y Medell\u00edn de Bravo est\u00e1n en proceso de resoluci\u00f3n.<\/p>\n\n\n\n<p>Econom\u00eda<\/p>\n\n\n\n<p>En el primer trimestre de 2024, la actividad econ\u00f3mica de Veracruz registr\u00f3 una variaci\u00f3n de 2.8 %, a tasa anual.<\/p>\n\n\n\n<p>Las ventas internacionales de Veracruz en 2023 fueron de 2,067 millones de d\u00f3lares.<\/p>\n\n\n\n<p>Sin embargo, por otra parte, la gobernadora Roc\u00edo Nahle Garc\u00eda ha asegurado que en Veracruz existen las condiciones necesarias para que las elecciones de este a\u00f1o, en las que se renovar\u00e1n los ayuntamientos de los 212 municipios, se desarrollen en un clima de paz, tranquilidad y estabilidad social.&nbsp;<\/p>\n\n\n\n<p>Pero hay que tomar en cuenta que se han registrado renuncias de candidatos a presidentes municipales por amenazas, en v\u00edsperas del inicio de campa\u00f1as al menos 20 candidatas y candidatos han sido obligados a renunciar, entre ellos de Morena y del MC.&nbsp; &nbsp;<\/p>\n\n\n\n<p>El proceso electoral se ha visto empa\u00f1ado por la violencia en el estado de Veracruz, ante una serie de actos violentos y amenazas que afectan a candidatos, funcionarios y ciudadanos, generando preocupaci\u00f3n sobre la seguridad de los contendientes para la renovaci\u00f3n de los 212 municipios de la entidad.&nbsp;&nbsp;<\/p>\n\n\n\n<p>De acuerdo a la Fiscal\u00eda General del Estado (FGE), de diciembre de 2024 a febrero de 2025, se han registrado 6 incidentes contra pol\u00edticos en Veracruz:<\/p>\n\n\n\n<p>9 de diciembre de 2024<\/p>\n\n\n\n<p>Benito Aguas Atlahua &#8211; Diputado Federal PVEM asesinado en Zongolica<\/p>\n\n\n\n<p>3 de enero de 2025<\/p>\n\n\n\n<p>Carlos Antonio Salinas Guerrero &#8211; aspirante a alcald\u00eda de Movimiento Ciudadano desaparecido en Amatl\u00e1n<\/p>\n\n\n\n<p>8 de enero de 2025<\/p>\n\n\n\n<p>Manuel Andrei Gamboa Soto &#8211; Director de Gobernaci\u00f3n de Camerino Z. Mendoza asesinado en Ixtaczoquitl\u00e1n<\/p>\n\n\n\n<p>7 de febrero de 2025<\/p>\n\n\n\n<p>Hermanos Neri Rodr\u00edguez y Juan Daniel Rodr\u00edguez secuestrados y posteriormente asesinados en Paso del Macho<\/p>\n\n\n\n<p>9 de febrero de 2025<\/p>\n\n\n\n<p>Vicente Dom\u00ednguez Aparicio &#8211; aspirante a alcald\u00eda de Cotaxtla por Morena fue secuestrado y posteriormente liberado<\/p>\n\n\n\n<p>11 de febrero de 2025<\/p>\n\n\n\n<p>Carlos Zoquitecatl, sobrino de funcionaria municipal de Tehuipango fue asesinado en ese municipio.<\/p>\n\n\n\n<p>Nos queda claro que a la presidenta de la rep\u00fablica no se le puede, ni se le debe ocultar nada acerca del proceso electoral, porque Veracruz es la cuarta entidad con mayor poblaci\u00f3n votante, m\u00e1s 6 millones de electores. .<\/p>\n\n\n\n<p>Existen otros temas que han enrarecido el ambiente, desprestigiando la imagen de algunos partidos pol\u00edticos por los vicios en los que cayeron algunos dirigentes, pero ese ser\u00e1 otro tema que con el tiempo saldr\u00e1 a la luz p\u00fablica.<\/p>\n\n\n\n<p>Lo importante es recordar que, en abril de 1914, Estados Unidos invadi\u00f3 el puerto de Veracruz durante la Revoluci\u00f3n Mexicana, utilizando aviones por primera vez en la historia para invadir un pa\u00eds. La invasi\u00f3n fue en respuesta al incidente de Tampico, donde marinos estadounidenses fueron arrestados por las autoridades mexicanas, y tambi\u00e9n para evitar que un cargamento de armas alemanas llegara a manos de Victoriano Huerta.<\/p>\n\n\n\n<p>La defensa fue f\u00e9rrea y con eso el puerto de Veracruz se gan\u00f3 la cuarta \u201cH\u201d de ciudad heroica, que conservamos con orgullo.<\/p>\n","protected":false},"excerpt":{"rendered":"<p>\u2002\u2002\u00danete a nuestro canal \u00a1LOS POL\u00cdTICOS VERACRUZ&nbsp;ya est\u00e1 en WhatsApp! Fanny Y\u00e9pez La Columna Hoy estar\u00e1 en la Escuela Naval la presidenta para encabezar la ceremonia del 111 aniversario de la defensa del pueblo contra la invasi\u00f3n estadounidense al puerto jarocho&nbsp; Este lunes para encabezar la ceremonia del 111 aniversario de la defensa del pueblo [&hellip;]<\/p>\n","protected":false},"author":2,"featured_media":141383,"comment_status":"closed","ping_status":"closed","sticky":false,"template":"","format":"standard","meta":{"tdm_status":"","tdm_grid_status":"","footnotes":""},"categories":[70],"tags":[],"class_list":{"0":"post-142344","1":"post","2":"type-post","3":"status-publish","4":"format-standard","5":"has-post-thumbnail","7":"category-de-opinion"},"yoast_head":"<!-- This site is optimized with the Yoast SEO plugin v27.4 - https:\/\/yoast.com\/product\/yoast-seo-wordpress\/ -->\n<title>SHEINBAUM EN ANT\u00d3N LIZARDO! - Los pol\u00edticos Veracruz<\/title>\n<meta name=\"robots\" content=\"index, follow, max-snippet:-1, max-image-preview:large, max-video-preview:-1\" \/>\n<link rel=\"canonical\" href=\"https:\/\/lospoliticosveracruz.com\/?p=142344\" \/>\n<meta property=\"og:locale\" content=\"es_ES\" \/>\n<meta property=\"og:type\" content=\"article\" \/>\n<meta property=\"og:title\" content=\"SHEINBAUM EN ANT\u00d3N LIZARDO! - Los pol\u00edticos Veracruz\" \/>\n<meta property=\"og:description\" content=\"\u2002\u2002\u00danete a nuestro canal \u00a1LOS POL\u00cdTICOS VERACRUZ&nbsp;ya est\u00e1 en WhatsApp! Fanny Y\u00e9pez La Columna Hoy estar\u00e1 en la Escuela Naval la presidenta para encabezar la ceremonia del 111 aniversario de la defensa del pueblo contra la invasi\u00f3n estadounidense al puerto jarocho&nbsp; Este lunes para encabezar la ceremonia del 111 aniversario de la defensa del pueblo [&hellip;]\" \/>\n<meta property=\"og:url\" content=\"https:\/\/lospoliticosveracruz.com\/?p=142344\" \/>\n<meta property=\"og:site_name\" content=\"Los pol\u00edticos Veracruz\" \/>\n<meta property=\"article:publisher\" content=\"https:\/\/www.facebook.com\/people\/Notimemes-de-los-Polticos\/61565672886568\/\" \/>\n<meta property=\"article:published_time\" content=\"2025-04-21T13:53:00+00:00\" \/>\n<meta property=\"article:modified_time\" content=\"2025-04-21T13:53:23+00:00\" \/>\n<meta property=\"og:image\" content=\"https:\/\/lospoliticosveracruz.com\/wp-content\/uploads\/2025\/04\/Fanny-Yepez-Luna-e1768657334923.jpg\" \/>\n\t<meta property=\"og:image:width\" content=\"600\" \/>\n\t<meta property=\"og:image:height\" content=\"320\" \/>\n\t<meta property=\"og:image:type\" content=\"image\/jpeg\" \/>\n<meta name=\"author\" content=\"Lo viste en Los Pol\u00edticos\" \/>\n<meta name=\"twitter:card\" content=\"summary_large_image\" \/>\n<meta name=\"twitter:creator\" content=\"@LosPoliticosVer\" \/>\n<meta name=\"twitter:site\" content=\"@LosPoliticosVer\" \/>\n<meta name=\"twitter:label1\" content=\"Escrito por\" \/>\n\t<meta name=\"twitter:data1\" content=\"Lo viste en Los Pol\u00edticos\" \/>\n\t<meta name=\"twitter:label2\" content=\"Tiempo de lectura\" \/>\n\t<meta name=\"twitter:data2\" content=\"4 minutos\" \/>\n<script type=\"application\/ld+json\" class=\"yoast-schema-graph\">{\"@context\":\"https:\\\/\\\/schema.org\",\"@graph\":[{\"@type\":\"Article\",\"@id\":\"https:\\\/\\\/lospoliticosveracruz.com\\\/?p=142344#article\",\"isPartOf\":{\"@id\":\"https:\\\/\\\/lospoliticosveracruz.com\\\/?p=142344\"},\"author\":{\"name\":\"Lo viste en Los Pol\u00edticos\",\"@id\":\"https:\\\/\\\/lospoliticosveracruz.com\\\/#\\\/schema\\\/person\\\/b8702bb0e538456e6efd07080bf2a4a2\"},\"headline\":\"SHEINBAUM EN ANT\u00d3N LIZARDO!\",\"datePublished\":\"2025-04-21T13:53:00+00:00\",\"dateModified\":\"2025-04-21T13:53:23+00:00\",\"mainEntityOfPage\":{\"@id\":\"https:\\\/\\\/lospoliticosveracruz.com\\\/?p=142344\"},\"wordCount\":785,\"publisher\":{\"@id\":\"https:\\\/\\\/lospoliticosveracruz.com\\\/#organization\"},\"image\":{\"@id\":\"https:\\\/\\\/lospoliticosveracruz.com\\\/?p=142344#primaryimage\"},\"thumbnailUrl\":\"https:\\\/\\\/lospoliticosveracruz.com\\\/wp-content\\\/uploads\\\/2025\\\/04\\\/Fanny-Yepez-Luna-e1768657334923.jpg\",\"articleSection\":[\"De Opini\u00f3n\"],\"inLanguage\":\"es\"},{\"@type\":\"WebPage\",\"@id\":\"https:\\\/\\\/lospoliticosveracruz.com\\\/?p=142344\",\"url\":\"https:\\\/\\\/lospoliticosveracruz.com\\\/?p=142344\",\"name\":\"SHEINBAUM EN ANT\u00d3N LIZARDO! - Los pol\u00edticos Veracruz\",\"isPartOf\":{\"@id\":\"https:\\\/\\\/lospoliticosveracruz.com\\\/#website\"},\"primaryImageOfPage\":{\"@id\":\"https:\\\/\\\/lospoliticosveracruz.com\\\/?p=142344#primaryimage\"},\"image\":{\"@id\":\"https:\\\/\\\/lospoliticosveracruz.com\\\/?p=142344#primaryimage\"},\"thumbnailUrl\":\"https:\\\/\\\/lospoliticosveracruz.com\\\/wp-content\\\/uploads\\\/2025\\\/04\\\/Fanny-Yepez-Luna-e1768657334923.jpg\",\"datePublished\":\"2025-04-21T13:53:00+00:00\",\"dateModified\":\"2025-04-21T13:53:23+00:00\",\"breadcrumb\":{\"@id\":\"https:\\\/\\\/lospoliticosveracruz.com\\\/?p=142344#breadcrumb\"},\"inLanguage\":\"es\",\"potentialAction\":[{\"@type\":\"ReadAction\",\"target\":[\"https:\\\/\\\/lospoliticosveracruz.com\\\/?p=142344\"]}]},{\"@type\":\"ImageObject\",\"inLanguage\":\"es\",\"@id\":\"https:\\\/\\\/lospoliticosveracruz.com\\\/?p=142344#primaryimage\",\"url\":\"https:\\\/\\\/lospoliticosveracruz.com\\\/wp-content\\\/uploads\\\/2025\\\/04\\\/Fanny-Yepez-Luna-e1768657334923.jpg\",\"contentUrl\":\"https:\\\/\\\/lospoliticosveracruz.com\\\/wp-content\\\/uploads\\\/2025\\\/04\\\/Fanny-Yepez-Luna-e1768657334923.jpg\",\"width\":600,\"height\":320},{\"@type\":\"BreadcrumbList\",\"@id\":\"https:\\\/\\\/lospoliticosveracruz.com\\\/?p=142344#breadcrumb\",\"itemListElement\":[{\"@type\":\"ListItem\",\"position\":1,\"name\":\"Portada\",\"item\":\"https:\\\/\\\/lospoliticosveracruz.com\\\/\"},{\"@type\":\"ListItem\",\"position\":2,\"name\":\"SHEINBAUM EN ANT\u00d3N LIZARDO!\"}]},{\"@type\":\"WebSite\",\"@id\":\"https:\\\/\\\/lospoliticosveracruz.com\\\/#website\",\"url\":\"https:\\\/\\\/lospoliticosveracruz.com\\\/\",\"name\":\"Los pol\u00edticos Veracruz\",\"description\":\"\",\"publisher\":{\"@id\":\"https:\\\/\\\/lospoliticosveracruz.com\\\/#organization\"},\"potentialAction\":[{\"@type\":\"SearchAction\",\"target\":{\"@type\":\"EntryPoint\",\"urlTemplate\":\"https:\\\/\\\/lospoliticosveracruz.com\\\/?s={search_term_string}\"},\"query-input\":{\"@type\":\"PropertyValueSpecification\",\"valueRequired\":true,\"valueName\":\"search_term_string\"}}],\"inLanguage\":\"es\"},{\"@type\":\"Organization\",\"@id\":\"https:\\\/\\\/lospoliticosveracruz.com\\\/#organization\",\"name\":\"Los pol\u00edticos Veracruz\",\"url\":\"https:\\\/\\\/lospoliticosveracruz.com\\\/\",\"logo\":{\"@type\":\"ImageObject\",\"inLanguage\":\"es\",\"@id\":\"https:\\\/\\\/lospoliticosveracruz.com\\\/#\\\/schema\\\/logo\\\/image\\\/\",\"url\":\"https:\\\/\\\/lospoliticosveracruz.com\\\/wp-content\\\/uploads\\\/2025\\\/12\\\/Logo-Nuevo-LOS-POLITICOS-1.jpg\",\"contentUrl\":\"https:\\\/\\\/lospoliticosveracruz.com\\\/wp-content\\\/uploads\\\/2025\\\/12\\\/Logo-Nuevo-LOS-POLITICOS-1.jpg\",\"width\":260,\"height\":70,\"caption\":\"Los pol\u00edticos Veracruz\"},\"image\":{\"@id\":\"https:\\\/\\\/lospoliticosveracruz.com\\\/#\\\/schema\\\/logo\\\/image\\\/\"},\"sameAs\":[\"https:\\\/\\\/www.facebook.com\\\/people\\\/Notimemes-de-los-Polticos\\\/61565672886568\\\/\",\"https:\\\/\\\/x.com\\\/LosPoliticosVer\"]},{\"@type\":\"Person\",\"@id\":\"https:\\\/\\\/lospoliticosveracruz.com\\\/#\\\/schema\\\/person\\\/b8702bb0e538456e6efd07080bf2a4a2\",\"name\":\"Lo viste en Los Pol\u00edticos\",\"image\":{\"@type\":\"ImageObject\",\"inLanguage\":\"es\",\"@id\":\"https:\\\/\\\/secure.gravatar.com\\\/avatar\\\/3a8de04a2656d44082be478bd6c086daa447c4651605818287b9532d3d0bd435?s=96&d=mm&r=g\",\"url\":\"https:\\\/\\\/secure.gravatar.com\\\/avatar\\\/3a8de04a2656d44082be478bd6c086daa447c4651605818287b9532d3d0bd435?s=96&d=mm&r=g\",\"contentUrl\":\"https:\\\/\\\/secure.gravatar.com\\\/avatar\\\/3a8de04a2656d44082be478bd6c086daa447c4651605818287b9532d3d0bd435?s=96&d=mm&r=g\",\"caption\":\"Lo viste en Los Pol\u00edticos\"},\"url\":\"https:\\\/\\\/lospoliticosveracruz.com\\\/?author=2\"}]}<\/script>\n<!-- \/ Yoast SEO plugin. -->","yoast_head_json":{"title":"SHEINBAUM EN ANT\u00d3N LIZARDO! - Los pol\u00edticos Veracruz","robots":{"index":"index","follow":"follow","max-snippet":"max-snippet:-1","max-image-preview":"max-image-preview:large","max-video-preview":"max-video-preview:-1"},"canonical":"https:\/\/lospoliticosveracruz.com\/?p=142344","og_locale":"es_ES","og_type":"article","og_title":"SHEINBAUM EN ANT\u00d3N LIZARDO! - Los pol\u00edticos Veracruz","og_description":"\u2002\u2002\u00danete a nuestro canal \u00a1LOS POL\u00cdTICOS VERACRUZ&nbsp;ya est\u00e1 en WhatsApp! Fanny Y\u00e9pez La Columna Hoy estar\u00e1 en la Escuela Naval la presidenta para encabezar la ceremonia del 111 aniversario de la defensa del pueblo contra la invasi\u00f3n estadounidense al puerto jarocho&nbsp; Este lunes para encabezar la ceremonia del 111 aniversario de la defensa del pueblo [&hellip;]","og_url":"https:\/\/lospoliticosveracruz.com\/?p=142344","og_site_name":"Los pol\u00edticos Veracruz","article_publisher":"https:\/\/www.facebook.com\/people\/Notimemes-de-los-Polticos\/61565672886568\/","article_published_time":"2025-04-21T13:53:00+00:00","article_modified_time":"2025-04-21T13:53:23+00:00","og_image":[{"width":600,"height":320,"url":"https:\/\/lospoliticosveracruz.com\/wp-content\/uploads\/2025\/04\/Fanny-Yepez-Luna-e1768657334923.jpg","type":"image\/jpeg"}],"author":"Lo viste en Los Pol\u00edticos","twitter_card":"summary_large_image","twitter_creator":"@LosPoliticosVer","twitter_site":"@LosPoliticosVer","twitter_misc":{"Escrito por":"Lo viste en Los Pol\u00edticos","Tiempo de lectura":"4 minutos"},"schema":{"@context":"https:\/\/schema.org","@graph":[{"@type":"Article","@id":"https:\/\/lospoliticosveracruz.com\/?p=142344#article","isPartOf":{"@id":"https:\/\/lospoliticosveracruz.com\/?p=142344"},"author":{"name":"Lo viste en Los Pol\u00edticos","@id":"https:\/\/lospoliticosveracruz.com\/#\/schema\/person\/b8702bb0e538456e6efd07080bf2a4a2"},"headline":"SHEINBAUM EN ANT\u00d3N LIZARDO!","datePublished":"2025-04-21T13:53:00+00:00","dateModified":"2025-04-21T13:53:23+00:00","mainEntityOfPage":{"@id":"https:\/\/lospoliticosveracruz.com\/?p=142344"},"wordCount":785,"publisher":{"@id":"https:\/\/lospoliticosveracruz.com\/#organization"},"image":{"@id":"https:\/\/lospoliticosveracruz.com\/?p=142344#primaryimage"},"thumbnailUrl":"https:\/\/lospoliticosveracruz.com\/wp-content\/uploads\/2025\/04\/Fanny-Yepez-Luna-e1768657334923.jpg","articleSection":["De Opini\u00f3n"],"inLanguage":"es"},{"@type":"WebPage","@id":"https:\/\/lospoliticosveracruz.com\/?p=142344","url":"https:\/\/lospoliticosveracruz.com\/?p=142344","name":"SHEINBAUM EN ANT\u00d3N LIZARDO! - Los pol\u00edticos Veracruz","isPartOf":{"@id":"https:\/\/lospoliticosveracruz.com\/#website"},"primaryImageOfPage":{"@id":"https:\/\/lospoliticosveracruz.com\/?p=142344#primaryimage"},"image":{"@id":"https:\/\/lospoliticosveracruz.com\/?p=142344#primaryimage"},"thumbnailUrl":"https:\/\/lospoliticosveracruz.com\/wp-content\/uploads\/2025\/04\/Fanny-Yepez-Luna-e1768657334923.jpg","datePublished":"2025-04-21T13:53:00+00:00","dateModified":"2025-04-21T13:53:23+00:00","breadcrumb":{"@id":"https:\/\/lospoliticosveracruz.com\/?p=142344#breadcrumb"},"inLanguage":"es","potentialAction":[{"@type":"ReadAction","target":["https:\/\/lospoliticosveracruz.com\/?p=142344"]}]},{"@type":"ImageObject","inLanguage":"es","@id":"https:\/\/lospoliticosveracruz.com\/?p=142344#primaryimage","url":"https:\/\/lospoliticosveracruz.com\/wp-content\/uploads\/2025\/04\/Fanny-Yepez-Luna-e1768657334923.jpg","contentUrl":"https:\/\/lospoliticosveracruz.com\/wp-content\/uploads\/2025\/04\/Fanny-Yepez-Luna-e1768657334923.jpg","width":600,"height":320},{"@type":"BreadcrumbList","@id":"https:\/\/lospoliticosveracruz.com\/?p=142344#breadcrumb","itemListElement":[{"@type":"ListItem","position":1,"name":"Portada","item":"https:\/\/lospoliticosveracruz.com\/"},{"@type":"ListItem","position":2,"name":"SHEINBAUM EN ANT\u00d3N LIZARDO!"}]},{"@type":"WebSite","@id":"https:\/\/lospoliticosveracruz.com\/#website","url":"https:\/\/lospoliticosveracruz.com\/","name":"Los pol\u00edticos Veracruz","description":"","publisher":{"@id":"https:\/\/lospoliticosveracruz.com\/#organization"},"potentialAction":[{"@type":"SearchAction","target":{"@type":"EntryPoint","urlTemplate":"https:\/\/lospoliticosveracruz.com\/?s={search_term_string}"},"query-input":{"@type":"PropertyValueSpecification","valueRequired":true,"valueName":"search_term_string"}}],"inLanguage":"es"},{"@type":"Organization","@id":"https:\/\/lospoliticosveracruz.com\/#organization","name":"Los pol\u00edticos Veracruz","url":"https:\/\/lospoliticosveracruz.com\/","logo":{"@type":"ImageObject","inLanguage":"es","@id":"https:\/\/lospoliticosveracruz.com\/#\/schema\/logo\/image\/","url":"https:\/\/lospoliticosveracruz.com\/wp-content\/uploads\/2025\/12\/Logo-Nuevo-LOS-POLITICOS-1.jpg","contentUrl":"https:\/\/lospoliticosveracruz.com\/wp-content\/uploads\/2025\/12\/Logo-Nuevo-LOS-POLITICOS-1.jpg","width":260,"height":70,"caption":"Los pol\u00edticos Veracruz"},"image":{"@id":"https:\/\/lospoliticosveracruz.com\/#\/schema\/logo\/image\/"},"sameAs":["https:\/\/www.facebook.com\/people\/Notimemes-de-los-Polticos\/61565672886568\/","https:\/\/x.com\/LosPoliticosVer"]},{"@type":"Person","@id":"https:\/\/lospoliticosveracruz.com\/#\/schema\/person\/b8702bb0e538456e6efd07080bf2a4a2","name":"Lo viste en Los Pol\u00edticos","image":{"@type":"ImageObject","inLanguage":"es","@id":"https:\/\/secure.gravatar.com\/avatar\/3a8de04a2656d44082be478bd6c086daa447c4651605818287b9532d3d0bd435?s=96&d=mm&r=g","url":"https:\/\/secure.gravatar.com\/avatar\/3a8de04a2656d44082be478bd6c086daa447c4651605818287b9532d3d0bd435?s=96&d=mm&r=g","contentUrl":"https:\/\/secure.gravatar.com\/avatar\/3a8de04a2656d44082be478bd6c086daa447c4651605818287b9532d3d0bd435?s=96&d=mm&r=g","caption":"Lo viste en Los Pol\u00edticos"},"url":"https:\/\/lospoliticosveracruz.com\/?author=2"}]}},"_links":{"self":[{"href":"https:\/\/lospoliticosveracruz.com\/index.php?rest_route=\/wp\/v2\/posts\/142344","targetHints":{"allow":["GET"]}}],"collection":[{"href":"https:\/\/lospoliticosveracruz.com\/index.php?rest_route=\/wp\/v2\/posts"}],"about":[{"href":"https:\/\/lospoliticosveracruz.com\/index.php?rest_route=\/wp\/v2\/types\/post"}],"author":[{"embeddable":true,"href":"https:\/\/lospoliticosveracruz.com\/index.php?rest_route=\/wp\/v2\/users\/2"}],"replies":[{"embeddable":true,"href":"https:\/\/lospoliticosveracruz.com\/index.php?rest_route=%2Fwp%2Fv2%2Fcomments&post=142344"}],"version-history":[{"count":2,"href":"https:\/\/lospoliticosveracruz.com\/index.php?rest_route=\/wp\/v2\/posts\/142344\/revisions"}],"predecessor-version":[{"id":142346,"href":"https:\/\/lospoliticosveracruz.com\/index.php?rest_route=\/wp\/v2\/posts\/142344\/revisions\/142346"}],"wp:featuredmedia":[{"embeddable":true,"href":"https:\/\/lospoliticosveracruz.com\/index.php?rest_route=\/wp\/v2\/media\/141383"}],"wp:attachment":[{"href":"https:\/\/lospoliticosveracruz.com\/index.php?rest_route=%2Fwp%2Fv2%2Fmedia&parent=142344"}],"wp:term":[{"taxonomy":"category","embeddable":true,"href":"https:\/\/lospoliticosveracruz.com\/index.php?rest_route=%2Fwp%2Fv2%2Fcategories&post=142344"},{"taxonomy":"post_tag","embeddable":true,"href":"https:\/\/lospoliticosveracruz.com\/index.php?rest_route=%2Fwp%2Fv2%2Ftags&post=142344"}],"curies":[{"name":"wp","href":"https:\/\/api.w.org\/{rel}","templated":true}]}}