{"id":14250,"date":"2014-12-19T08:30:00","date_gmt":"2014-12-19T14:30:00","guid":{"rendered":"http:\/\/www.lospoliticosveracruz.com.mx\/?p=14250"},"modified":"2014-12-19T08:30:00","modified_gmt":"2014-12-19T14:30:00","slug":"en-xalapa-terrorismo-fiscal-contra-artistas","status":"publish","type":"post","link":"https:\/\/lospoliticosveracruz.com\/?p=14250","title":{"rendered":"En Xalapa, terrorismo fiscal contra artistas"},"content":{"rendered":"<p><a href=\"http:\/\/www.lospoliticosveracruz.com.mx\/wp-content\/uploads\/2013\/04\/americo-candidato-malacara01.jpg\"><img loading=\"lazy\" decoding=\"async\" class=\"alignnone size-medium wp-image-10820\" src=\"http:\/\/www.lospoliticosveracruz.com.mx\/wp-content\/uploads\/2013\/04\/americo-candidato-malacara01-300x293.jpg\" alt=\"americo-candidato-malacara01\" width=\"300\" height=\"293\" \/><\/a><\/p>\n<p><strong>\u00c1lvaro Belin Andrade<\/strong><\/p>\n<p><em>Hora Libre<\/em><\/p>\n<p>&nbsp;<\/p>\n<p>No hablar\u00e9 del primer informe del alcalde xalape\u00f1o, sino del terrorismo fiscal que el ayuntamiento ha emprendido contra los creadores, los artistas independientes y los foros que les dan cobijo.<br \/>\nPorque el discurso repetido en sendos boletines con los mismos vocablos tanto por el alcalde como por su directora de Cultura, Educaci\u00f3n y Deporte, Noem\u00ed Santa Brito G\u00f3mez, solo fueron mentiras.<br \/>\nDecir que no hubo cambio en el c\u00f3digo hacendario municipal no ha impedido que personal de Tesorer\u00eda, acompa\u00f1ado de guaruras, sigan apareci\u00e9ndose por los foros independientes atemorizando a los artistas con el cobro de impuestos, descuento de un porcentaje por los boletos vendidos y la orden de pedir autorizaci\u00f3n previa ante el ayuntamiento cuando quieran presentarse.<br \/>\nMientras Am\u00e9rico se re\u00fane con representantes de los artistas independientes y les propone negociar para que las acciones impositivas no afecten m\u00e1s a estos colectivos, sus inspectores siguen recorriendo los lugares en que se presentan para llevarse una tajada, sin que haya claridad sobre la forma en que la autoridad local de una ciudad cuyo mayor sello distintivo es el conocimiento, la cultura y las artes, apoyar\u00e1 con pol\u00edticas p\u00fablicas claras a un sector que est\u00e1 llamado a definir la marca Xalapa en los \u00e1mbitos nacional e internacional.<br \/>\nSobre las implicaciones de estas acciones, apoyadas por una funcionaria como Noem\u00ed Santa Brito G\u00f3mez cuya mayor formaci\u00f3n en el tema la dibuja su recomendaci\u00f3n a los promotores culturales de que lean los libros de Paulo Coelho para que eleven su autoestima, tuve oportunidad de charlar con el exdirector del Instituto Veracruzano de Cultura, Alejandro Mariano P\u00e9rez, quien dirige el Centro Cultural Realia.<br \/>\nSeg\u00fan su percepci\u00f3n, el ayuntamiento xalape\u00f1o no puede seguir gestionando la ciudad como sus antecesores; es importante que entienda que la ciudad no depende ni del sector primario (producci\u00f3n agropecuaria) ni del secundario (producci\u00f3n industrial), sino de su fuerte vocaci\u00f3n hacia los servicios culturales, art\u00edsticos y educativos, por lo que deber\u00eda tener la creatividad suficiente para dise\u00f1ar pol\u00edticas culturales que atiendan a una de las cinco ciudades con mayor cantidad de poblaci\u00f3n creativa e intelectual en el pa\u00eds.<br \/>\n\u201cEs intolerable que la ciudad de Xalapa no tenga pol\u00edticas culturales locales, un sitio que ha vivido la cultura y las artes por lo menos desde el gobernador Teodoro A. Dehesa, a finales del siglo XIX\u201d.<br \/>\nContra los argumentos de que el c\u00f3digo fiscal no ha cambiado, quien fuera director de El \u00c1gora se\u00f1ala que, existiese o no, es improcedente porque no atiende a los p\u00fablicos culturales, a los creadores, a los grupos y colectivos, a las microempresas o, incluso, industrias culturales, por lo que recomend\u00f3 al alcalde y a los integrantes del ayuntamiento leer un manual elaborado para todos los ayuntamientos del mundo, la Agenda XXI de la Cultura, redactado por promotores culturales en 2004 en Barcelona, que fue aprobado por la UNESCO para que sirviera para definir las pol\u00edticas culturales en todos los gobiernos locales.<br \/>\n\u201cXalapa vive de sus grupos art\u00edsticos independientes, pero no se est\u00e1n atendiendo. Todo lo contrario, se les cobra un permiso por organizar eventos y un impuesto por cada boleto vendido. En contrapartida, las microempresas culturales donde se presentan no reciben ni un solo apoyo, ni siquiera con vigilancia exterior\u201d.<br \/>\nPara este historiador egresado de la UV, con estudios en el Museo Centro Nacional de Arte Reina Sofia (Madrid), el Instituto de Investigaciones Est\u00e9ticas de la UNAM y el Museo de Arte Moderno de M\u00e9xico; con maestr\u00eda en Gesti\u00f3n Cultural: Turismo, Patrimonio y Naturaleza, por el Instituto Universitario y de Investigaciones Jos\u00e9 Ortega y Gasset (Madrid, Espa\u00f1a) y candidato a doctor en Historia Contempor\u00e1nea por la Universidad del Pa\u00eds Vasco (Espa\u00f1a), el ayuntamiento xalape\u00f1o no est\u00e1 a la altura de los problemas, las demandas y las necesidades de la poblaci\u00f3n cultural, art\u00edstica e intelectual de la ciudad.<br \/>\nTampoco, dice, hay una regulaci\u00f3n para preservar la imagen hist\u00f3rica y arquitect\u00f3nica de la ciudad, donde los \u00fanicos tres vestigios del siglo XVIII (la casona que alberga el centro cultural Realia en Xalape\u00f1os Ilustres, la que funcionaba como La Sopa en el callej\u00f3n del Diamante y la de la Posada Mariquinta en la calle de Alfaro) nunca han recibido una atenci\u00f3n especial para su preservaci\u00f3n por parte del ayuntamiento.<br \/>\n\u201cLo primero que debe hacer el ayuntamiento de Xalapa es respetar la Ley de Promoci\u00f3n Cultural del Estado de Veracruz que, por desgracia, carece de su reglamento, pero entre cuyos puntos est\u00e1 que sea exigible a todos los ayuntamientos un presupuesto m\u00ednimo anual para apoyo a la cultura y las artes y que se constituyan patronatos para el desarrollo de la cultura y la preservaci\u00f3n de los patrimonios tangibles e intangibles\u201d.<\/p>\n<p>&nbsp;<\/p>\n<p><strong>Marca Xalapa como destino cultural<\/strong><\/p>\n<p>Alejandro Mariano consider\u00f3 que es necesario evolucionar para dejar atr\u00e1s ese concepto de principios del siglo XX de constituir las coordinaciones o direcciones municipales que engloban educaci\u00f3n, deporte, cultura y recreaci\u00f3n, un coctel que no se merece una ciudad como Xalapa, donde deber\u00eda constituirse al menos una direcci\u00f3n de desarrollo cultural o, en lo ideal, un instituto municipal de cultura, con un presupuesto claro, diversos fondos para creadores, medianas y peque\u00f1as empresas culturales y para incentivar la marca Xalapa como destino cultural.<br \/>\nSobre esto \u00faltimo, consider\u00f3 que la ciudad debiera ser conocida en el pa\u00eds como un destino al que el turismo puede llegar atra\u00eddo por la rica y diversa oferta cultural, un tema en que la competencia nacional e internacional no se da entre estados o pa\u00edses sino entre ciudades, lo que desconoce obviamente el alcalde Am\u00e9rico Z\u00fa\u00f1iga Mart\u00ednez.<br \/>\nXalapa tiene que competir con otras ciudades. \u201cNo podemos competir en patrimonio arquitect\u00f3nico con Zacatecas y Guanajuato, pero s\u00ed podemos competir en una gran tradici\u00f3n de formaci\u00f3n de artistas, de creaci\u00f3n literaria, de creaci\u00f3n pl\u00e1stica, con una de las mejores escuelas de m\u00fasica y una de las dos o tres mejores escuelas de jazz\u201d.<br \/>\nY en ello, se\u00f1ala, no se han puesto las pilas ni el gobierno estatal ni el local para generar Xalapa como una marca de destino de artistas y estudiantes, tanto del pa\u00eds como del continente, pero tambi\u00e9n como una ciudad que se puede distribuir hacia el mundo.<br \/>\nConsidera que nadie est\u00e1 atendiendo la gran cantidad de talentos que se forman en Xalapa y que se distribuyen por todo el pa\u00eds. Pese a que est\u00e1n registrados 855 festivales en el Sistema de Informaci\u00f3n Cultural de Conaculta, no hay quien est\u00e9 distribuyendo a los artistas locales para que tengan m\u00e1s oportunidades de trabajo. Y agrega que el censo elaborado por el Consejo Estatal de Cultura Popular, cuando lo dirigi\u00f3 Ida Rodr\u00edguez Prampolini, arroja 567 fiestas patronales y poco m\u00e1s de 44 carnavales al a\u00f1o en el estado.<br \/>\nA\u00f1ade que Veracruz y los ayuntamientos deben contar con expertos en pol\u00edticas culturales. \u201cXalapa se est\u00e1 gestionando como se gestionaba hace 50 a\u00f1os. Hace falta actualizar las estrategias de gesti\u00f3n de la ciudad a nivel global para que pueda dar el salto a una ciudad del conocimiento\u201d.<br \/>\nPor desgracia, en t\u00e9rminos culturales, Xalapa es de autoconsumo. \u201cSi los festivales culturales tuvieran un buen margen de difusi\u00f3n a nivel nacional atraer\u00edan a turismo de otros estados, pero se han vuelto de autoconsumo, y eso tambi\u00e9n deteriora mucho la econom\u00eda. Es cierto que muchos festivales son importantes para formar p\u00fablicos locales, pero el siguiente paso es que atraigan p\u00fablicos de otros estados y en eso tampoco se est\u00e1 aplicando ninguna estrategia\u201d.<br \/>\nPor supuesto, todo esto que se\u00f1al\u00f3 Alejandro Mariano P\u00e9rez ser\u00e1 para el alcalde Am\u00e9rico Z\u00fa\u00f1iga y su inculta colaboradora como leer un manual de f\u00edsica cu\u00e1ntica en chino. \u00a1Vaya desgracia para Xalapa!<\/p>\n<p>Un descanso necesario<\/p>\n<p>Para dejarlos descansar (y descansar desde la pluma), este escribidor regresar\u00e1 a la brega hasta el lunes 5 de enero. Veracruz no cambiar\u00e1 mientras tanto. Seguir\u00e1n las mismas acciones autoritarias, algunos cambios en el gabinete que ni beneficiar\u00e1n ni afectar\u00e1n m\u00e1s a los veracruzanos, se hablar\u00e1 de un 2015 inmejorable pese a que la crisis financiera encontrar\u00e1 nuevas simas, muchos trabajadores del sector p\u00fablico tendr\u00e1n problemas econ\u00f3micos, los pensionados continuar\u00e1n con sus premuras y desencantos. Pese a ello, mis mejores deseos son que el descanso decembrino sirva para regresar a la vida productiva con m\u00e1s br\u00edos y renovadas esperanzas. Feliz Navidad y un 2015 menos violento y azaroso.<\/p>\n","protected":false},"excerpt":{"rendered":"<p>\u00c1lvaro Belin Andrade Hora Libre &nbsp; No hablar\u00e9 del primer informe del alcalde xalape\u00f1o, sino del terrorismo fiscal que el ayuntamiento ha emprendido contra los creadores, los artistas independientes y los foros que les dan cobijo. Porque el discurso repetido en sendos boletines con los mismos vocablos tanto por el alcalde como por su directora [&hellip;]<\/p>\n","protected":false},"author":2,"featured_media":0,"comment_status":"open","ping_status":"open","sticky":false,"template":"","format":"standard","meta":{"tdm_status":"","tdm_grid_status":"","footnotes":""},"categories":[70],"tags":[483,1054,1299,1298],"class_list":{"0":"post-14250","1":"post","2":"type-post","3":"status-publish","4":"format-standard","6":"category-de-opinion","7":"tag-americo-zuniga","8":"tag-noemi-santa-brito-gomez","9":"tag-politicas-culturales","10":"tag-terrorismo-fiscal"},"yoast_head":"<!-- This site is optimized with the Yoast SEO plugin v27.4 - https:\/\/yoast.com\/product\/yoast-seo-wordpress\/ -->\n<title>En Xalapa, terrorismo fiscal contra artistas - Los pol\u00edticos Veracruz<\/title>\n<meta name=\"robots\" content=\"index, follow, max-snippet:-1, max-image-preview:large, max-video-preview:-1\" \/>\n<link rel=\"canonical\" href=\"https:\/\/lospoliticosveracruz.com\/?p=14250\" \/>\n<meta property=\"og:locale\" content=\"es_ES\" \/>\n<meta property=\"og:type\" content=\"article\" \/>\n<meta property=\"og:title\" content=\"En Xalapa, terrorismo fiscal contra artistas - Los pol\u00edticos Veracruz\" \/>\n<meta property=\"og:description\" content=\"\u00c1lvaro Belin Andrade Hora Libre &nbsp; No hablar\u00e9 del primer informe del alcalde xalape\u00f1o, sino del terrorismo fiscal que el ayuntamiento ha emprendido contra los creadores, los artistas independientes y los foros que les dan cobijo. Porque el discurso repetido en sendos boletines con los mismos vocablos tanto por el alcalde como por su directora [&hellip;]\" \/>\n<meta property=\"og:url\" content=\"https:\/\/lospoliticosveracruz.com\/?p=14250\" \/>\n<meta property=\"og:site_name\" content=\"Los pol\u00edticos Veracruz\" \/>\n<meta property=\"article:publisher\" content=\"https:\/\/www.facebook.com\/people\/Notimemes-de-los-Polticos\/61565672886568\/\" \/>\n<meta property=\"article:published_time\" content=\"2014-12-19T14:30:00+00:00\" \/>\n<meta property=\"og:image\" content=\"http:\/\/www.lospoliticosveracruz.com.mx\/wp-content\/uploads\/2013\/04\/americo-candidato-malacara01-300x293.jpg\" \/>\n<meta name=\"author\" content=\"Lo viste en Los Pol\u00edticos\" \/>\n<meta name=\"twitter:card\" content=\"summary_large_image\" \/>\n<meta name=\"twitter:creator\" content=\"@LosPoliticosVer\" \/>\n<meta name=\"twitter:site\" content=\"@LosPoliticosVer\" \/>\n<meta name=\"twitter:label1\" content=\"Escrito por\" \/>\n\t<meta name=\"twitter:data1\" content=\"Lo viste en Los Pol\u00edticos\" \/>\n\t<meta name=\"twitter:label2\" content=\"Tiempo de lectura\" \/>\n\t<meta name=\"twitter:data2\" content=\"7 minutos\" \/>\n<script type=\"application\/ld+json\" class=\"yoast-schema-graph\">{\"@context\":\"https:\\\/\\\/schema.org\",\"@graph\":[{\"@type\":\"Article\",\"@id\":\"https:\\\/\\\/lospoliticosveracruz.com\\\/?p=14250#article\",\"isPartOf\":{\"@id\":\"https:\\\/\\\/lospoliticosveracruz.com\\\/?p=14250\"},\"author\":{\"name\":\"Lo viste en Los Pol\u00edticos\",\"@id\":\"https:\\\/\\\/lospoliticosveracruz.com\\\/#\\\/schema\\\/person\\\/b8702bb0e538456e6efd07080bf2a4a2\"},\"headline\":\"En Xalapa, terrorismo fiscal contra artistas\",\"datePublished\":\"2014-12-19T14:30:00+00:00\",\"mainEntityOfPage\":{\"@id\":\"https:\\\/\\\/lospoliticosveracruz.com\\\/?p=14250\"},\"wordCount\":1483,\"commentCount\":0,\"publisher\":{\"@id\":\"https:\\\/\\\/lospoliticosveracruz.com\\\/#organization\"},\"image\":{\"@id\":\"https:\\\/\\\/lospoliticosveracruz.com\\\/?p=14250#primaryimage\"},\"thumbnailUrl\":\"http:\\\/\\\/www.lospoliticosveracruz.com.mx\\\/wp-content\\\/uploads\\\/2013\\\/04\\\/americo-candidato-malacara01-300x293.jpg\",\"keywords\":[\"Am\u00e9rico Z\u00fa\u00f1iga\",\"Noem\u00ed Santa Brito G\u00f3mez\",\"pol\u00edticas culturales\",\"terrorismo fiscal\"],\"articleSection\":[\"De Opini\u00f3n\"],\"inLanguage\":\"es\",\"potentialAction\":[{\"@type\":\"CommentAction\",\"name\":\"Comment\",\"target\":[\"https:\\\/\\\/lospoliticosveracruz.com\\\/?p=14250#respond\"]}]},{\"@type\":\"WebPage\",\"@id\":\"https:\\\/\\\/lospoliticosveracruz.com\\\/?p=14250\",\"url\":\"https:\\\/\\\/lospoliticosveracruz.com\\\/?p=14250\",\"name\":\"En Xalapa, terrorismo fiscal contra artistas - Los pol\u00edticos Veracruz\",\"isPartOf\":{\"@id\":\"https:\\\/\\\/lospoliticosveracruz.com\\\/#website\"},\"primaryImageOfPage\":{\"@id\":\"https:\\\/\\\/lospoliticosveracruz.com\\\/?p=14250#primaryimage\"},\"image\":{\"@id\":\"https:\\\/\\\/lospoliticosveracruz.com\\\/?p=14250#primaryimage\"},\"thumbnailUrl\":\"http:\\\/\\\/www.lospoliticosveracruz.com.mx\\\/wp-content\\\/uploads\\\/2013\\\/04\\\/americo-candidato-malacara01-300x293.jpg\",\"datePublished\":\"2014-12-19T14:30:00+00:00\",\"breadcrumb\":{\"@id\":\"https:\\\/\\\/lospoliticosveracruz.com\\\/?p=14250#breadcrumb\"},\"inLanguage\":\"es\",\"potentialAction\":[{\"@type\":\"ReadAction\",\"target\":[\"https:\\\/\\\/lospoliticosveracruz.com\\\/?p=14250\"]}]},{\"@type\":\"ImageObject\",\"inLanguage\":\"es\",\"@id\":\"https:\\\/\\\/lospoliticosveracruz.com\\\/?p=14250#primaryimage\",\"url\":\"http:\\\/\\\/www.lospoliticosveracruz.com.mx\\\/wp-content\\\/uploads\\\/2013\\\/04\\\/americo-candidato-malacara01-300x293.jpg\",\"contentUrl\":\"http:\\\/\\\/www.lospoliticosveracruz.com.mx\\\/wp-content\\\/uploads\\\/2013\\\/04\\\/americo-candidato-malacara01-300x293.jpg\"},{\"@type\":\"BreadcrumbList\",\"@id\":\"https:\\\/\\\/lospoliticosveracruz.com\\\/?p=14250#breadcrumb\",\"itemListElement\":[{\"@type\":\"ListItem\",\"position\":1,\"name\":\"Portada\",\"item\":\"https:\\\/\\\/lospoliticosveracruz.com\\\/\"},{\"@type\":\"ListItem\",\"position\":2,\"name\":\"En Xalapa, terrorismo fiscal contra artistas\"}]},{\"@type\":\"WebSite\",\"@id\":\"https:\\\/\\\/lospoliticosveracruz.com\\\/#website\",\"url\":\"https:\\\/\\\/lospoliticosveracruz.com\\\/\",\"name\":\"Los pol\u00edticos Veracruz\",\"description\":\"\",\"publisher\":{\"@id\":\"https:\\\/\\\/lospoliticosveracruz.com\\\/#organization\"},\"potentialAction\":[{\"@type\":\"SearchAction\",\"target\":{\"@type\":\"EntryPoint\",\"urlTemplate\":\"https:\\\/\\\/lospoliticosveracruz.com\\\/?s={search_term_string}\"},\"query-input\":{\"@type\":\"PropertyValueSpecification\",\"valueRequired\":true,\"valueName\":\"search_term_string\"}}],\"inLanguage\":\"es\"},{\"@type\":\"Organization\",\"@id\":\"https:\\\/\\\/lospoliticosveracruz.com\\\/#organization\",\"name\":\"Los pol\u00edticos Veracruz\",\"url\":\"https:\\\/\\\/lospoliticosveracruz.com\\\/\",\"logo\":{\"@type\":\"ImageObject\",\"inLanguage\":\"es\",\"@id\":\"https:\\\/\\\/lospoliticosveracruz.com\\\/#\\\/schema\\\/logo\\\/image\\\/\",\"url\":\"https:\\\/\\\/lospoliticosveracruz.com\\\/wp-content\\\/uploads\\\/2025\\\/12\\\/Logo-Nuevo-LOS-POLITICOS-1.jpg\",\"contentUrl\":\"https:\\\/\\\/lospoliticosveracruz.com\\\/wp-content\\\/uploads\\\/2025\\\/12\\\/Logo-Nuevo-LOS-POLITICOS-1.jpg\",\"width\":260,\"height\":70,\"caption\":\"Los pol\u00edticos Veracruz\"},\"image\":{\"@id\":\"https:\\\/\\\/lospoliticosveracruz.com\\\/#\\\/schema\\\/logo\\\/image\\\/\"},\"sameAs\":[\"https:\\\/\\\/www.facebook.com\\\/people\\\/Notimemes-de-los-Polticos\\\/61565672886568\\\/\",\"https:\\\/\\\/x.com\\\/LosPoliticosVer\"]},{\"@type\":\"Person\",\"@id\":\"https:\\\/\\\/lospoliticosveracruz.com\\\/#\\\/schema\\\/person\\\/b8702bb0e538456e6efd07080bf2a4a2\",\"name\":\"Lo viste en Los Pol\u00edticos\",\"image\":{\"@type\":\"ImageObject\",\"inLanguage\":\"es\",\"@id\":\"https:\\\/\\\/secure.gravatar.com\\\/avatar\\\/3a8de04a2656d44082be478bd6c086daa447c4651605818287b9532d3d0bd435?s=96&d=mm&r=g\",\"url\":\"https:\\\/\\\/secure.gravatar.com\\\/avatar\\\/3a8de04a2656d44082be478bd6c086daa447c4651605818287b9532d3d0bd435?s=96&d=mm&r=g\",\"contentUrl\":\"https:\\\/\\\/secure.gravatar.com\\\/avatar\\\/3a8de04a2656d44082be478bd6c086daa447c4651605818287b9532d3d0bd435?s=96&d=mm&r=g\",\"caption\":\"Lo viste en Los Pol\u00edticos\"},\"url\":\"https:\\\/\\\/lospoliticosveracruz.com\\\/?author=2\"}]}<\/script>\n<!-- \/ Yoast SEO plugin. -->","yoast_head_json":{"title":"En Xalapa, terrorismo fiscal contra artistas - Los pol\u00edticos Veracruz","robots":{"index":"index","follow":"follow","max-snippet":"max-snippet:-1","max-image-preview":"max-image-preview:large","max-video-preview":"max-video-preview:-1"},"canonical":"https:\/\/lospoliticosveracruz.com\/?p=14250","og_locale":"es_ES","og_type":"article","og_title":"En Xalapa, terrorismo fiscal contra artistas - Los pol\u00edticos Veracruz","og_description":"\u00c1lvaro Belin Andrade Hora Libre &nbsp; No hablar\u00e9 del primer informe del alcalde xalape\u00f1o, sino del terrorismo fiscal que el ayuntamiento ha emprendido contra los creadores, los artistas independientes y los foros que les dan cobijo. Porque el discurso repetido en sendos boletines con los mismos vocablos tanto por el alcalde como por su directora [&hellip;]","og_url":"https:\/\/lospoliticosveracruz.com\/?p=14250","og_site_name":"Los pol\u00edticos Veracruz","article_publisher":"https:\/\/www.facebook.com\/people\/Notimemes-de-los-Polticos\/61565672886568\/","article_published_time":"2014-12-19T14:30:00+00:00","og_image":[{"url":"http:\/\/www.lospoliticosveracruz.com.mx\/wp-content\/uploads\/2013\/04\/americo-candidato-malacara01-300x293.jpg","type":"","width":"","height":""}],"author":"Lo viste en Los Pol\u00edticos","twitter_card":"summary_large_image","twitter_creator":"@LosPoliticosVer","twitter_site":"@LosPoliticosVer","twitter_misc":{"Escrito por":"Lo viste en Los Pol\u00edticos","Tiempo de lectura":"7 minutos"},"schema":{"@context":"https:\/\/schema.org","@graph":[{"@type":"Article","@id":"https:\/\/lospoliticosveracruz.com\/?p=14250#article","isPartOf":{"@id":"https:\/\/lospoliticosveracruz.com\/?p=14250"},"author":{"name":"Lo viste en Los Pol\u00edticos","@id":"https:\/\/lospoliticosveracruz.com\/#\/schema\/person\/b8702bb0e538456e6efd07080bf2a4a2"},"headline":"En Xalapa, terrorismo fiscal contra artistas","datePublished":"2014-12-19T14:30:00+00:00","mainEntityOfPage":{"@id":"https:\/\/lospoliticosveracruz.com\/?p=14250"},"wordCount":1483,"commentCount":0,"publisher":{"@id":"https:\/\/lospoliticosveracruz.com\/#organization"},"image":{"@id":"https:\/\/lospoliticosveracruz.com\/?p=14250#primaryimage"},"thumbnailUrl":"http:\/\/www.lospoliticosveracruz.com.mx\/wp-content\/uploads\/2013\/04\/americo-candidato-malacara01-300x293.jpg","keywords":["Am\u00e9rico Z\u00fa\u00f1iga","Noem\u00ed Santa Brito G\u00f3mez","pol\u00edticas culturales","terrorismo fiscal"],"articleSection":["De Opini\u00f3n"],"inLanguage":"es","potentialAction":[{"@type":"CommentAction","name":"Comment","target":["https:\/\/lospoliticosveracruz.com\/?p=14250#respond"]}]},{"@type":"WebPage","@id":"https:\/\/lospoliticosveracruz.com\/?p=14250","url":"https:\/\/lospoliticosveracruz.com\/?p=14250","name":"En Xalapa, terrorismo fiscal contra artistas - Los pol\u00edticos Veracruz","isPartOf":{"@id":"https:\/\/lospoliticosveracruz.com\/#website"},"primaryImageOfPage":{"@id":"https:\/\/lospoliticosveracruz.com\/?p=14250#primaryimage"},"image":{"@id":"https:\/\/lospoliticosveracruz.com\/?p=14250#primaryimage"},"thumbnailUrl":"http:\/\/www.lospoliticosveracruz.com.mx\/wp-content\/uploads\/2013\/04\/americo-candidato-malacara01-300x293.jpg","datePublished":"2014-12-19T14:30:00+00:00","breadcrumb":{"@id":"https:\/\/lospoliticosveracruz.com\/?p=14250#breadcrumb"},"inLanguage":"es","potentialAction":[{"@type":"ReadAction","target":["https:\/\/lospoliticosveracruz.com\/?p=14250"]}]},{"@type":"ImageObject","inLanguage":"es","@id":"https:\/\/lospoliticosveracruz.com\/?p=14250#primaryimage","url":"http:\/\/www.lospoliticosveracruz.com.mx\/wp-content\/uploads\/2013\/04\/americo-candidato-malacara01-300x293.jpg","contentUrl":"http:\/\/www.lospoliticosveracruz.com.mx\/wp-content\/uploads\/2013\/04\/americo-candidato-malacara01-300x293.jpg"},{"@type":"BreadcrumbList","@id":"https:\/\/lospoliticosveracruz.com\/?p=14250#breadcrumb","itemListElement":[{"@type":"ListItem","position":1,"name":"Portada","item":"https:\/\/lospoliticosveracruz.com\/"},{"@type":"ListItem","position":2,"name":"En Xalapa, terrorismo fiscal contra artistas"}]},{"@type":"WebSite","@id":"https:\/\/lospoliticosveracruz.com\/#website","url":"https:\/\/lospoliticosveracruz.com\/","name":"Los pol\u00edticos Veracruz","description":"","publisher":{"@id":"https:\/\/lospoliticosveracruz.com\/#organization"},"potentialAction":[{"@type":"SearchAction","target":{"@type":"EntryPoint","urlTemplate":"https:\/\/lospoliticosveracruz.com\/?s={search_term_string}"},"query-input":{"@type":"PropertyValueSpecification","valueRequired":true,"valueName":"search_term_string"}}],"inLanguage":"es"},{"@type":"Organization","@id":"https:\/\/lospoliticosveracruz.com\/#organization","name":"Los pol\u00edticos Veracruz","url":"https:\/\/lospoliticosveracruz.com\/","logo":{"@type":"ImageObject","inLanguage":"es","@id":"https:\/\/lospoliticosveracruz.com\/#\/schema\/logo\/image\/","url":"https:\/\/lospoliticosveracruz.com\/wp-content\/uploads\/2025\/12\/Logo-Nuevo-LOS-POLITICOS-1.jpg","contentUrl":"https:\/\/lospoliticosveracruz.com\/wp-content\/uploads\/2025\/12\/Logo-Nuevo-LOS-POLITICOS-1.jpg","width":260,"height":70,"caption":"Los pol\u00edticos Veracruz"},"image":{"@id":"https:\/\/lospoliticosveracruz.com\/#\/schema\/logo\/image\/"},"sameAs":["https:\/\/www.facebook.com\/people\/Notimemes-de-los-Polticos\/61565672886568\/","https:\/\/x.com\/LosPoliticosVer"]},{"@type":"Person","@id":"https:\/\/lospoliticosveracruz.com\/#\/schema\/person\/b8702bb0e538456e6efd07080bf2a4a2","name":"Lo viste en Los Pol\u00edticos","image":{"@type":"ImageObject","inLanguage":"es","@id":"https:\/\/secure.gravatar.com\/avatar\/3a8de04a2656d44082be478bd6c086daa447c4651605818287b9532d3d0bd435?s=96&d=mm&r=g","url":"https:\/\/secure.gravatar.com\/avatar\/3a8de04a2656d44082be478bd6c086daa447c4651605818287b9532d3d0bd435?s=96&d=mm&r=g","contentUrl":"https:\/\/secure.gravatar.com\/avatar\/3a8de04a2656d44082be478bd6c086daa447c4651605818287b9532d3d0bd435?s=96&d=mm&r=g","caption":"Lo viste en Los Pol\u00edticos"},"url":"https:\/\/lospoliticosveracruz.com\/?author=2"}]}},"_links":{"self":[{"href":"https:\/\/lospoliticosveracruz.com\/index.php?rest_route=\/wp\/v2\/posts\/14250","targetHints":{"allow":["GET"]}}],"collection":[{"href":"https:\/\/lospoliticosveracruz.com\/index.php?rest_route=\/wp\/v2\/posts"}],"about":[{"href":"https:\/\/lospoliticosveracruz.com\/index.php?rest_route=\/wp\/v2\/types\/post"}],"author":[{"embeddable":true,"href":"https:\/\/lospoliticosveracruz.com\/index.php?rest_route=\/wp\/v2\/users\/2"}],"replies":[{"embeddable":true,"href":"https:\/\/lospoliticosveracruz.com\/index.php?rest_route=%2Fwp%2Fv2%2Fcomments&post=14250"}],"version-history":[{"count":2,"href":"https:\/\/lospoliticosveracruz.com\/index.php?rest_route=\/wp\/v2\/posts\/14250\/revisions"}],"predecessor-version":[{"id":14252,"href":"https:\/\/lospoliticosveracruz.com\/index.php?rest_route=\/wp\/v2\/posts\/14250\/revisions\/14252"}],"wp:attachment":[{"href":"https:\/\/lospoliticosveracruz.com\/index.php?rest_route=%2Fwp%2Fv2%2Fmedia&parent=14250"}],"wp:term":[{"taxonomy":"category","embeddable":true,"href":"https:\/\/lospoliticosveracruz.com\/index.php?rest_route=%2Fwp%2Fv2%2Fcategories&post=14250"},{"taxonomy":"post_tag","embeddable":true,"href":"https:\/\/lospoliticosveracruz.com\/index.php?rest_route=%2Fwp%2Fv2%2Ftags&post=14250"}],"curies":[{"name":"wp","href":"https:\/\/api.w.org\/{rel}","templated":true}]}}