{"id":14253,"date":"2014-12-19T08:38:19","date_gmt":"2014-12-19T14:38:19","guid":{"rendered":"http:\/\/www.lospoliticosveracruz.com.mx\/?p=14253"},"modified":"2014-12-19T08:38:19","modified_gmt":"2014-12-19T14:38:19","slug":"gubernatura-de-2-anos-diputados-pinches","status":"publish","type":"post","link":"https:\/\/lospoliticosveracruz.com\/?p=14253","title":{"rendered":"Gubernatura de 2 a\u00f1os, diputados pinches"},"content":{"rendered":"<p><a href=\"http:\/\/www.lospoliticosveracruz.com.mx\/wp-content\/uploads\/2014\/12\/Diputados.jpg\"><img loading=\"lazy\" decoding=\"async\" class=\"alignnone size-medium wp-image-14255\" src=\"http:\/\/www.lospoliticosveracruz.com.mx\/wp-content\/uploads\/2014\/12\/Diputados-300x200.jpg\" alt=\"Diputados\" width=\"300\" height=\"200\" \/><\/a> <a href=\"http:\/\/www.lospoliticosveracruz.com.mx\/wp-content\/uploads\/2014\/12\/Diputados-2.jpg\"><img loading=\"lazy\" decoding=\"async\" class=\"alignnone size-medium wp-image-14254\" src=\"http:\/\/www.lospoliticosveracruz.com.mx\/wp-content\/uploads\/2014\/12\/Diputados-2-300x200.jpg\" alt=\"Diputados 2\" width=\"300\" height=\"200\" \/><\/a><\/p>\n<p><strong>Armando Ortiz<\/strong><\/p>\n<p><em>El Hijo Pr\u00f3digo<\/em><\/p>\n<p>&nbsp;<\/p>\n<p>Con 45 votos a favor, 5 en contra y cero abstenciones, se aprob\u00f3 la iniciativa de reforma electoral enviada por el gobernador Javier Duarte al Congreso del estado. El bolet\u00edn de prensa enviado a los medios lo resume de la siguiente manera: \u201cEn Veracruz habr\u00e1 una gubernatura y diputados locales de dos a\u00f1os para el periodo 2016-2018, as\u00ed como diversas adecuaciones en materia pol\u00edtico-electoral, luego que la LXIII Legislatura local aprob\u00f3 por mayor\u00eda el Dictamen con Proyecto de Decreto que reforma y deroga diversas disposiciones de la Constituci\u00f3n Pol\u00edtica del Estado, derivado del an\u00e1lisis de seis iniciativas de diversos actores y partidos pol\u00edticos\u201d.<br \/>\nDespu\u00e9s de ello miente el bolet\u00edn de prensa al asegurar que \u201ctras un trabajo exhaustivo con las seis iniciativas de reforma constitucional, los miembros de las comisiones permanentes unidas de Justicia y Puntos Constitucionales y de Organizaci\u00f3n Pol\u00edtica y Procesos Electorales dictaminaron\u201d.<br \/>\nDe acuerdo con las cr\u00f3nicas inmediatas de los compa\u00f1eros y compa\u00f1eras periodistas, como Lul\u00fa L\u00f3pez y Claudia Guerrero, quien realmente estuvo trabajando de manera exhaustiva fue el secretario de Gobierno \u00c9rick Lagos, quien cabildeaba con los diputados para que el resultado de la votaci\u00f3n fuera aplastante. Pero tampoco puede ser cierto, si acaso los diputados que mostraron alguna resistencia fueron mejor centaveados, acaso rega\u00f1ados, o en el mejor de los casos hasta extorsionados. Porque en la guerra y el amor se vale de todo y la consigna era lograr que toda la bancada priista votara a favor.<br \/>\nLa decepci\u00f3n de la tarde fue la postura del diputado priista Ricardo Ahued, quien apenas la semana pasada declaraba lo siguiente: \u201cA m\u00ed en lo particular una contienda para dos a\u00f1os me parece un riesgo enorme social y econ\u00f3mico para Veracruz. Los que estar\u00e1n contentos ser\u00e1 la oposici\u00f3n, porque tienen dos oportunidades\u201d.<br \/>\nPues qui\u00e9n sabe qu\u00e9 le dijeron o qu\u00e9 le prometieron porque al final no s\u00f3lo vot\u00f3 a favor sino que hasta defendi\u00f3 la iniciativa.<br \/>\nLos que acudimos a alguna de las comparecencias de los secretarios de despacho, por el cuarto informe del gobernador, nos pudimos dar cuenta de la \u00ednfima calidad de nuestros diputados. Algunos son simples merolicos, otros son t\u00edteres del poder, otros son meros espectadores, de modo que nos parece irreal que los diputados hayan realizado un trabajo exhaustivo. Si comentan los que asistieron que entre ellos echaban volados para ver quien sub\u00eda a dar la postura por su partido, pues nadie pod\u00eda enunciar argumentos v\u00e1lidos y cre\u00edbles. Se sintieron apanicados por la poca habilidad que tienen para discursar, incluso por su incapacidad para pensar.<br \/>\nDesde los tiempos de Fidel Herrera, sino es que desde antes, el Congreso del estado ha vivido en un marasmo de abyecci\u00f3n. El poder Legislativo no existe en Veracruz, el poder Legislativo est\u00e1 supeditado a la voluntad del Ejecutivo.<br \/>\nEn la conferencia de prensa que el senador Pepe Yunes ofreciera para dar a conocer su postura, se\u00f1al\u00f3 que si bien, estaba en contra de dicha iniciativa, respetaba la autonom\u00eda de los diputados en el Congreso. Pepe Yunes consideraba entonces que los diputados eran verdaderos representantes del pueblo.<br \/>\nLa tarde del 18 de diciembre ha quedado demostrado, con ese 45 a favor, 5 en contra y cero abstenciones, que los diputados tienen un precio, los diputados no tienen honor, los diputados carecen de voluntad propia.<br \/>\nAs\u00ed que cualquier iniciativa que salga del poder Ejecutivo podr\u00e1 ser aprobada sin demora por esos diputados pinches; pinches porque s\u00f3lo son simples mozos de este gobierno que cocina.<\/p>\n<p>Armando Ortiz aortiz52@hotmail.com<\/p>\n","protected":false},"excerpt":{"rendered":"<p>Armando Ortiz El Hijo Pr\u00f3digo &nbsp; Con 45 votos a favor, 5 en contra y cero abstenciones, se aprob\u00f3 la iniciativa de reforma electoral enviada por el gobernador Javier Duarte al Congreso del estado. El bolet\u00edn de prensa enviado a los medios lo resume de la siguiente manera: \u201cEn Veracruz habr\u00e1 una gubernatura y diputados [&hellip;]<\/p>\n","protected":false},"author":2,"featured_media":0,"comment_status":"open","ping_status":"open","sticky":false,"template":"","format":"standard","meta":{"tdm_status":"","tdm_grid_status":"","footnotes":""},"categories":[70],"tags":[1304,1302,84,141,1219,1303,570,876],"class_list":{"0":"post-14253","1":"post","2":"type-post","3":"status-publish","4":"format-standard","6":"category-de-opinion","7":"tag-claudia-guerrero","8":"tag-congreso","9":"tag-diputados","10":"tag-erick-lagos","11":"tag-gubernatura-dos-anos","12":"tag-lulu-lopez","13":"tag-pepe-yunes","14":"tag-ricardo-ahued"},"yoast_head":"<!-- This site is optimized with the Yoast SEO plugin v27.4 - https:\/\/yoast.com\/product\/yoast-seo-wordpress\/ -->\n<title>Gubernatura de 2 a\u00f1os, diputados pinches - Los pol\u00edticos Veracruz<\/title>\n<meta name=\"robots\" content=\"index, follow, max-snippet:-1, max-image-preview:large, max-video-preview:-1\" \/>\n<link rel=\"canonical\" href=\"https:\/\/lospoliticosveracruz.com\/?p=14253\" \/>\n<meta property=\"og:locale\" content=\"es_ES\" \/>\n<meta property=\"og:type\" content=\"article\" \/>\n<meta property=\"og:title\" content=\"Gubernatura de 2 a\u00f1os, diputados pinches - Los pol\u00edticos Veracruz\" \/>\n<meta property=\"og:description\" content=\"Armando Ortiz El Hijo Pr\u00f3digo &nbsp; Con 45 votos a favor, 5 en contra y cero abstenciones, se aprob\u00f3 la iniciativa de reforma electoral enviada por el gobernador Javier Duarte al Congreso del estado. El bolet\u00edn de prensa enviado a los medios lo resume de la siguiente manera: \u201cEn Veracruz habr\u00e1 una gubernatura y diputados [&hellip;]\" \/>\n<meta property=\"og:url\" content=\"https:\/\/lospoliticosveracruz.com\/?p=14253\" \/>\n<meta property=\"og:site_name\" content=\"Los pol\u00edticos Veracruz\" \/>\n<meta property=\"article:publisher\" content=\"https:\/\/www.facebook.com\/people\/Notimemes-de-los-Polticos\/61565672886568\/\" \/>\n<meta property=\"article:published_time\" content=\"2014-12-19T14:38:19+00:00\" \/>\n<meta property=\"og:image\" content=\"http:\/\/www.lospoliticosveracruz.com.mx\/wp-content\/uploads\/2014\/12\/Diputados-300x200.jpg\" \/>\n<meta name=\"author\" content=\"Lo viste en Los Pol\u00edticos\" \/>\n<meta name=\"twitter:card\" content=\"summary_large_image\" \/>\n<meta name=\"twitter:creator\" content=\"@LosPoliticosVer\" \/>\n<meta name=\"twitter:site\" content=\"@LosPoliticosVer\" \/>\n<meta name=\"twitter:label1\" content=\"Escrito por\" \/>\n\t<meta name=\"twitter:data1\" content=\"Lo viste en Los Pol\u00edticos\" \/>\n\t<meta name=\"twitter:label2\" content=\"Tiempo de lectura\" \/>\n\t<meta name=\"twitter:data2\" content=\"3 minutos\" \/>\n<script type=\"application\/ld+json\" class=\"yoast-schema-graph\">{\"@context\":\"https:\\\/\\\/schema.org\",\"@graph\":[{\"@type\":\"Article\",\"@id\":\"https:\\\/\\\/lospoliticosveracruz.com\\\/?p=14253#article\",\"isPartOf\":{\"@id\":\"https:\\\/\\\/lospoliticosveracruz.com\\\/?p=14253\"},\"author\":{\"name\":\"Lo viste en Los Pol\u00edticos\",\"@id\":\"https:\\\/\\\/lospoliticosveracruz.com\\\/#\\\/schema\\\/person\\\/b8702bb0e538456e6efd07080bf2a4a2\"},\"headline\":\"Gubernatura de 2 a\u00f1os, diputados pinches\",\"datePublished\":\"2014-12-19T14:38:19+00:00\",\"mainEntityOfPage\":{\"@id\":\"https:\\\/\\\/lospoliticosveracruz.com\\\/?p=14253\"},\"wordCount\":621,\"commentCount\":0,\"publisher\":{\"@id\":\"https:\\\/\\\/lospoliticosveracruz.com\\\/#organization\"},\"image\":{\"@id\":\"https:\\\/\\\/lospoliticosveracruz.com\\\/?p=14253#primaryimage\"},\"thumbnailUrl\":\"http:\\\/\\\/www.lospoliticosveracruz.com.mx\\\/wp-content\\\/uploads\\\/2014\\\/12\\\/Diputados-300x200.jpg\",\"keywords\":[\"Claudia Guerrero\",\"Congreso\",\"Diputados\",\"Erick Lagos\",\"Gubernatura dos a\u00f1os\",\"Lul\u00fa L\u00f3pez\",\"Pepe Yunes\",\"Ricardo Ahued\"],\"articleSection\":[\"De Opini\u00f3n\"],\"inLanguage\":\"es\",\"potentialAction\":[{\"@type\":\"CommentAction\",\"name\":\"Comment\",\"target\":[\"https:\\\/\\\/lospoliticosveracruz.com\\\/?p=14253#respond\"]}]},{\"@type\":\"WebPage\",\"@id\":\"https:\\\/\\\/lospoliticosveracruz.com\\\/?p=14253\",\"url\":\"https:\\\/\\\/lospoliticosveracruz.com\\\/?p=14253\",\"name\":\"Gubernatura de 2 a\u00f1os, diputados pinches - Los pol\u00edticos Veracruz\",\"isPartOf\":{\"@id\":\"https:\\\/\\\/lospoliticosveracruz.com\\\/#website\"},\"primaryImageOfPage\":{\"@id\":\"https:\\\/\\\/lospoliticosveracruz.com\\\/?p=14253#primaryimage\"},\"image\":{\"@id\":\"https:\\\/\\\/lospoliticosveracruz.com\\\/?p=14253#primaryimage\"},\"thumbnailUrl\":\"http:\\\/\\\/www.lospoliticosveracruz.com.mx\\\/wp-content\\\/uploads\\\/2014\\\/12\\\/Diputados-300x200.jpg\",\"datePublished\":\"2014-12-19T14:38:19+00:00\",\"breadcrumb\":{\"@id\":\"https:\\\/\\\/lospoliticosveracruz.com\\\/?p=14253#breadcrumb\"},\"inLanguage\":\"es\",\"potentialAction\":[{\"@type\":\"ReadAction\",\"target\":[\"https:\\\/\\\/lospoliticosveracruz.com\\\/?p=14253\"]}]},{\"@type\":\"ImageObject\",\"inLanguage\":\"es\",\"@id\":\"https:\\\/\\\/lospoliticosveracruz.com\\\/?p=14253#primaryimage\",\"url\":\"http:\\\/\\\/www.lospoliticosveracruz.com.mx\\\/wp-content\\\/uploads\\\/2014\\\/12\\\/Diputados-300x200.jpg\",\"contentUrl\":\"http:\\\/\\\/www.lospoliticosveracruz.com.mx\\\/wp-content\\\/uploads\\\/2014\\\/12\\\/Diputados-300x200.jpg\"},{\"@type\":\"BreadcrumbList\",\"@id\":\"https:\\\/\\\/lospoliticosveracruz.com\\\/?p=14253#breadcrumb\",\"itemListElement\":[{\"@type\":\"ListItem\",\"position\":1,\"name\":\"Portada\",\"item\":\"https:\\\/\\\/lospoliticosveracruz.com\\\/\"},{\"@type\":\"ListItem\",\"position\":2,\"name\":\"Gubernatura de 2 a\u00f1os, diputados pinches\"}]},{\"@type\":\"WebSite\",\"@id\":\"https:\\\/\\\/lospoliticosveracruz.com\\\/#website\",\"url\":\"https:\\\/\\\/lospoliticosveracruz.com\\\/\",\"name\":\"Los pol\u00edticos Veracruz\",\"description\":\"\",\"publisher\":{\"@id\":\"https:\\\/\\\/lospoliticosveracruz.com\\\/#organization\"},\"potentialAction\":[{\"@type\":\"SearchAction\",\"target\":{\"@type\":\"EntryPoint\",\"urlTemplate\":\"https:\\\/\\\/lospoliticosveracruz.com\\\/?s={search_term_string}\"},\"query-input\":{\"@type\":\"PropertyValueSpecification\",\"valueRequired\":true,\"valueName\":\"search_term_string\"}}],\"inLanguage\":\"es\"},{\"@type\":\"Organization\",\"@id\":\"https:\\\/\\\/lospoliticosveracruz.com\\\/#organization\",\"name\":\"Los pol\u00edticos Veracruz\",\"url\":\"https:\\\/\\\/lospoliticosveracruz.com\\\/\",\"logo\":{\"@type\":\"ImageObject\",\"inLanguage\":\"es\",\"@id\":\"https:\\\/\\\/lospoliticosveracruz.com\\\/#\\\/schema\\\/logo\\\/image\\\/\",\"url\":\"https:\\\/\\\/lospoliticosveracruz.com\\\/wp-content\\\/uploads\\\/2025\\\/12\\\/Logo-Nuevo-LOS-POLITICOS-1.jpg\",\"contentUrl\":\"https:\\\/\\\/lospoliticosveracruz.com\\\/wp-content\\\/uploads\\\/2025\\\/12\\\/Logo-Nuevo-LOS-POLITICOS-1.jpg\",\"width\":260,\"height\":70,\"caption\":\"Los pol\u00edticos Veracruz\"},\"image\":{\"@id\":\"https:\\\/\\\/lospoliticosveracruz.com\\\/#\\\/schema\\\/logo\\\/image\\\/\"},\"sameAs\":[\"https:\\\/\\\/www.facebook.com\\\/people\\\/Notimemes-de-los-Polticos\\\/61565672886568\\\/\",\"https:\\\/\\\/x.com\\\/LosPoliticosVer\"]},{\"@type\":\"Person\",\"@id\":\"https:\\\/\\\/lospoliticosveracruz.com\\\/#\\\/schema\\\/person\\\/b8702bb0e538456e6efd07080bf2a4a2\",\"name\":\"Lo viste en Los Pol\u00edticos\",\"image\":{\"@type\":\"ImageObject\",\"inLanguage\":\"es\",\"@id\":\"https:\\\/\\\/secure.gravatar.com\\\/avatar\\\/3a8de04a2656d44082be478bd6c086daa447c4651605818287b9532d3d0bd435?s=96&d=mm&r=g\",\"url\":\"https:\\\/\\\/secure.gravatar.com\\\/avatar\\\/3a8de04a2656d44082be478bd6c086daa447c4651605818287b9532d3d0bd435?s=96&d=mm&r=g\",\"contentUrl\":\"https:\\\/\\\/secure.gravatar.com\\\/avatar\\\/3a8de04a2656d44082be478bd6c086daa447c4651605818287b9532d3d0bd435?s=96&d=mm&r=g\",\"caption\":\"Lo viste en Los Pol\u00edticos\"},\"url\":\"https:\\\/\\\/lospoliticosveracruz.com\\\/?author=2\"}]}<\/script>\n<!-- \/ Yoast SEO plugin. -->","yoast_head_json":{"title":"Gubernatura de 2 a\u00f1os, diputados pinches - Los pol\u00edticos Veracruz","robots":{"index":"index","follow":"follow","max-snippet":"max-snippet:-1","max-image-preview":"max-image-preview:large","max-video-preview":"max-video-preview:-1"},"canonical":"https:\/\/lospoliticosveracruz.com\/?p=14253","og_locale":"es_ES","og_type":"article","og_title":"Gubernatura de 2 a\u00f1os, diputados pinches - Los pol\u00edticos Veracruz","og_description":"Armando Ortiz El Hijo Pr\u00f3digo &nbsp; Con 45 votos a favor, 5 en contra y cero abstenciones, se aprob\u00f3 la iniciativa de reforma electoral enviada por el gobernador Javier Duarte al Congreso del estado. El bolet\u00edn de prensa enviado a los medios lo resume de la siguiente manera: \u201cEn Veracruz habr\u00e1 una gubernatura y diputados [&hellip;]","og_url":"https:\/\/lospoliticosveracruz.com\/?p=14253","og_site_name":"Los pol\u00edticos Veracruz","article_publisher":"https:\/\/www.facebook.com\/people\/Notimemes-de-los-Polticos\/61565672886568\/","article_published_time":"2014-12-19T14:38:19+00:00","og_image":[{"url":"http:\/\/www.lospoliticosveracruz.com.mx\/wp-content\/uploads\/2014\/12\/Diputados-300x200.jpg","type":"","width":"","height":""}],"author":"Lo viste en Los Pol\u00edticos","twitter_card":"summary_large_image","twitter_creator":"@LosPoliticosVer","twitter_site":"@LosPoliticosVer","twitter_misc":{"Escrito por":"Lo viste en Los Pol\u00edticos","Tiempo de lectura":"3 minutos"},"schema":{"@context":"https:\/\/schema.org","@graph":[{"@type":"Article","@id":"https:\/\/lospoliticosveracruz.com\/?p=14253#article","isPartOf":{"@id":"https:\/\/lospoliticosveracruz.com\/?p=14253"},"author":{"name":"Lo viste en Los Pol\u00edticos","@id":"https:\/\/lospoliticosveracruz.com\/#\/schema\/person\/b8702bb0e538456e6efd07080bf2a4a2"},"headline":"Gubernatura de 2 a\u00f1os, diputados pinches","datePublished":"2014-12-19T14:38:19+00:00","mainEntityOfPage":{"@id":"https:\/\/lospoliticosveracruz.com\/?p=14253"},"wordCount":621,"commentCount":0,"publisher":{"@id":"https:\/\/lospoliticosveracruz.com\/#organization"},"image":{"@id":"https:\/\/lospoliticosveracruz.com\/?p=14253#primaryimage"},"thumbnailUrl":"http:\/\/www.lospoliticosveracruz.com.mx\/wp-content\/uploads\/2014\/12\/Diputados-300x200.jpg","keywords":["Claudia Guerrero","Congreso","Diputados","Erick Lagos","Gubernatura dos a\u00f1os","Lul\u00fa L\u00f3pez","Pepe Yunes","Ricardo Ahued"],"articleSection":["De Opini\u00f3n"],"inLanguage":"es","potentialAction":[{"@type":"CommentAction","name":"Comment","target":["https:\/\/lospoliticosveracruz.com\/?p=14253#respond"]}]},{"@type":"WebPage","@id":"https:\/\/lospoliticosveracruz.com\/?p=14253","url":"https:\/\/lospoliticosveracruz.com\/?p=14253","name":"Gubernatura de 2 a\u00f1os, diputados pinches - Los pol\u00edticos Veracruz","isPartOf":{"@id":"https:\/\/lospoliticosveracruz.com\/#website"},"primaryImageOfPage":{"@id":"https:\/\/lospoliticosveracruz.com\/?p=14253#primaryimage"},"image":{"@id":"https:\/\/lospoliticosveracruz.com\/?p=14253#primaryimage"},"thumbnailUrl":"http:\/\/www.lospoliticosveracruz.com.mx\/wp-content\/uploads\/2014\/12\/Diputados-300x200.jpg","datePublished":"2014-12-19T14:38:19+00:00","breadcrumb":{"@id":"https:\/\/lospoliticosveracruz.com\/?p=14253#breadcrumb"},"inLanguage":"es","potentialAction":[{"@type":"ReadAction","target":["https:\/\/lospoliticosveracruz.com\/?p=14253"]}]},{"@type":"ImageObject","inLanguage":"es","@id":"https:\/\/lospoliticosveracruz.com\/?p=14253#primaryimage","url":"http:\/\/www.lospoliticosveracruz.com.mx\/wp-content\/uploads\/2014\/12\/Diputados-300x200.jpg","contentUrl":"http:\/\/www.lospoliticosveracruz.com.mx\/wp-content\/uploads\/2014\/12\/Diputados-300x200.jpg"},{"@type":"BreadcrumbList","@id":"https:\/\/lospoliticosveracruz.com\/?p=14253#breadcrumb","itemListElement":[{"@type":"ListItem","position":1,"name":"Portada","item":"https:\/\/lospoliticosveracruz.com\/"},{"@type":"ListItem","position":2,"name":"Gubernatura de 2 a\u00f1os, diputados pinches"}]},{"@type":"WebSite","@id":"https:\/\/lospoliticosveracruz.com\/#website","url":"https:\/\/lospoliticosveracruz.com\/","name":"Los pol\u00edticos Veracruz","description":"","publisher":{"@id":"https:\/\/lospoliticosveracruz.com\/#organization"},"potentialAction":[{"@type":"SearchAction","target":{"@type":"EntryPoint","urlTemplate":"https:\/\/lospoliticosveracruz.com\/?s={search_term_string}"},"query-input":{"@type":"PropertyValueSpecification","valueRequired":true,"valueName":"search_term_string"}}],"inLanguage":"es"},{"@type":"Organization","@id":"https:\/\/lospoliticosveracruz.com\/#organization","name":"Los pol\u00edticos Veracruz","url":"https:\/\/lospoliticosveracruz.com\/","logo":{"@type":"ImageObject","inLanguage":"es","@id":"https:\/\/lospoliticosveracruz.com\/#\/schema\/logo\/image\/","url":"https:\/\/lospoliticosveracruz.com\/wp-content\/uploads\/2025\/12\/Logo-Nuevo-LOS-POLITICOS-1.jpg","contentUrl":"https:\/\/lospoliticosveracruz.com\/wp-content\/uploads\/2025\/12\/Logo-Nuevo-LOS-POLITICOS-1.jpg","width":260,"height":70,"caption":"Los pol\u00edticos Veracruz"},"image":{"@id":"https:\/\/lospoliticosveracruz.com\/#\/schema\/logo\/image\/"},"sameAs":["https:\/\/www.facebook.com\/people\/Notimemes-de-los-Polticos\/61565672886568\/","https:\/\/x.com\/LosPoliticosVer"]},{"@type":"Person","@id":"https:\/\/lospoliticosveracruz.com\/#\/schema\/person\/b8702bb0e538456e6efd07080bf2a4a2","name":"Lo viste en Los Pol\u00edticos","image":{"@type":"ImageObject","inLanguage":"es","@id":"https:\/\/secure.gravatar.com\/avatar\/3a8de04a2656d44082be478bd6c086daa447c4651605818287b9532d3d0bd435?s=96&d=mm&r=g","url":"https:\/\/secure.gravatar.com\/avatar\/3a8de04a2656d44082be478bd6c086daa447c4651605818287b9532d3d0bd435?s=96&d=mm&r=g","contentUrl":"https:\/\/secure.gravatar.com\/avatar\/3a8de04a2656d44082be478bd6c086daa447c4651605818287b9532d3d0bd435?s=96&d=mm&r=g","caption":"Lo viste en Los Pol\u00edticos"},"url":"https:\/\/lospoliticosveracruz.com\/?author=2"}]}},"_links":{"self":[{"href":"https:\/\/lospoliticosveracruz.com\/index.php?rest_route=\/wp\/v2\/posts\/14253","targetHints":{"allow":["GET"]}}],"collection":[{"href":"https:\/\/lospoliticosveracruz.com\/index.php?rest_route=\/wp\/v2\/posts"}],"about":[{"href":"https:\/\/lospoliticosveracruz.com\/index.php?rest_route=\/wp\/v2\/types\/post"}],"author":[{"embeddable":true,"href":"https:\/\/lospoliticosveracruz.com\/index.php?rest_route=\/wp\/v2\/users\/2"}],"replies":[{"embeddable":true,"href":"https:\/\/lospoliticosveracruz.com\/index.php?rest_route=%2Fwp%2Fv2%2Fcomments&post=14253"}],"version-history":[{"count":1,"href":"https:\/\/lospoliticosveracruz.com\/index.php?rest_route=\/wp\/v2\/posts\/14253\/revisions"}],"predecessor-version":[{"id":14256,"href":"https:\/\/lospoliticosveracruz.com\/index.php?rest_route=\/wp\/v2\/posts\/14253\/revisions\/14256"}],"wp:attachment":[{"href":"https:\/\/lospoliticosveracruz.com\/index.php?rest_route=%2Fwp%2Fv2%2Fmedia&parent=14253"}],"wp:term":[{"taxonomy":"category","embeddable":true,"href":"https:\/\/lospoliticosveracruz.com\/index.php?rest_route=%2Fwp%2Fv2%2Fcategories&post=14253"},{"taxonomy":"post_tag","embeddable":true,"href":"https:\/\/lospoliticosveracruz.com\/index.php?rest_route=%2Fwp%2Fv2%2Ftags&post=14253"}],"curies":[{"name":"wp","href":"https:\/\/api.w.org\/{rel}","templated":true}]}}