{"id":142661,"date":"2025-04-24T20:47:16","date_gmt":"2025-04-25T01:47:16","guid":{"rendered":"https:\/\/lospoliticosveracruz.com.mx\/?p=142661"},"modified":"2025-04-24T20:47:37","modified_gmt":"2025-04-25T01:47:37","slug":"incertidumbre-economica","status":"publish","type":"post","link":"https:\/\/lospoliticosveracruz.com\/?p=142661","title":{"rendered":"INCERTIDUMBRE ECON\u00d3MICA\u00a0"},"content":{"rendered":"\n<p>&nbsp;<a href=\"https:\/\/whatsapp.com\/channel\/0029Va8zRWlEKyZIP3Z1dF0e\"><strong>\u2002\u2002<\/strong><strong>\u00danete a nuestro canal&nbsp;<\/strong><strong>\u2002<\/strong><\/a><\/p>\n\n\n\n<p>\u00a1<strong>LOS POL\u00cdTICOS VERACRUZ<\/strong>&nbsp;ya est\u00e1 en WhatsApp!<\/p>\n\n\n\n<p><strong>Carlos Miguel Acosta Bravo*<\/strong><\/p>\n\n\n\n<p><em>Impronta<\/em><\/p>\n\n\n\n<p>La econom\u00eda mexicana ha mostrado claras muestras de debilidad desde 2024, mismas que se han incrementado a la par de las amenazas e imposici\u00f3n de aranceles por parte del presidente estadounidense Donald Trump, as\u00ed como el endurecimiento de pol\u00edticas migratorias en las que destaca el reciente promocional de la Secretaria de Seguridad Nacional de los Estados Unidos Kristi Noem, en donde manifiesta el rechazo a la llegada ilegal de migrantes mexicanos y tambi\u00e9n la declaraci\u00f3n&nbsp;&nbsp;de los c\u00e1rteles mexicanos como organizaciones terroristas.<\/p>\n\n\n\n<p>Durante esta semana el Fondo Monetario Internacional (FMI) anticip\u00f3 una contracci\u00f3n econ\u00f3mica para M\u00e9xico en 2025 por el impacto de los aranceles, lo anterior en base a informaci\u00f3n publicada por el Diario El Economista, quienes adem\u00e1s enfatizan que seg\u00fan el organismo Estados Unidos, M\u00e9xico, C\u00e1nada y China resultar\u00e1n los m\u00e1s afectados por los aranceles, entre cuyos resultados destaca una mayor inflaci\u00f3n.<\/p>\n\n\n\n<p>El otro elemento que interviene de manera significativa lo constituye la incertidumbre que genera para la inversi\u00f3n de capitales, la nueva compleja y complicada elecci\u00f3n de jueces, ministros y magistrados que de entre alrededor de 4,000 candidatos la sociedad deber\u00e1 elegir a alrededor de 881 cargos.<\/p>\n\n\n\n<p>Cabe destacar que la deuda del gobierno pas\u00f3 del primer a\u00f1o del sexenio anterior del 51.9 del PIB al 60.7% del PIB, lo cual incluye todas las obligaciones del gobierno, fondos de seguridad social, deudas de empresas p\u00fablicas entre las que se encuentran principalmente PEMEX con una deuda de 97,000 millones de d\u00f3lares y que se estima podr\u00eda llegar hasta 246,491 millones de pesos adicionales para 2025 lo que representa el 20% del endeudamiento federal total autorizado para este a\u00f1o, tambi\u00e9n es preciso destacar la mora en el pago a proveedores, con todas las repercusiones que esto significa para las empresas. Para el caso&nbsp;&nbsp;de CFE en 2024 asciende aproximadamente a 508,683 millones de pesos mexicanos.<\/p>\n\n\n\n<p>Por su parte el Banco Mundial anunci\u00f3 que la econom\u00eda mexicana no crecer\u00e1 y se quedar\u00e1 estancada con un 0% de crecimiento del PIB. En esto tambi\u00e9n coincide Citigroup que hay una recesi\u00f3n t\u00e9cnica en donde ubica a M\u00e9xico, y s\u00f3lo excluye a Argentina que ser\u00e1 la econom\u00eda latinoamericana m\u00e1s din\u00e1mica.<\/p>\n\n\n\n<p>Usted se preguntar\u00e1 todo esto en que se traduce amigo lector? Significa que no habr\u00e1 nueva generaci\u00f3n de empleos para las nuevas generaciones y que desafortunadamente todos los productos que necesitamos para la vida diaria se encarecer\u00e1n, y esto resulta f\u00e1cil de identificar una vez que asistimos al mercado o a la cadena comercial de nuestra preferencia y encontramos todos los productos con un incremento significativo de como los compr\u00e1bamos hasta hace pocos d\u00edas.<\/p>\n\n\n\n<p>La otra consecuencia es la recomendaci\u00f3n que nos hacen expertos, en el sentido de que si tenemos un empleo, debemos cuidarlo, pues conseguir uno nuevo es una tarea bien dif\u00edcil, situaci\u00f3n que podemos constatar de manera f\u00e1cil si conocemos a amigos o familiares que llevan tiempo buscando una alternativa laboral y que tienen forzamente que migrar de territorio veracruzano ante la imposibilidad para conseguir empleo.<\/p>\n\n\n\n<p>En suma, recordemos que lo que pasa en nuestro pa\u00eds es el reflejo de la creciente globalizaci\u00f3n e intercambio comercial y de las actividades econ\u00f3micas de los mexicanos, por lo que debemos ser cautos, cuidar el empleo y cuidar no endeudarnos en exceso para no comprometer nuestra salud financiera y sufrir complicaciones en las actividades familiares.<\/p>\n\n\n\n<p>*Maestro en Comunicaci\u00f3n por la Universidad Iberoamericana. Profesor de la licenciatura en comunicaci\u00f3n en el camp\u00fas Santa F\u00e9, as\u00ed como de otras instituciones educativas como la Universidad An\u00e1huac.<\/p>\n","protected":false},"excerpt":{"rendered":"<p>&nbsp;\u2002\u2002\u00danete a nuestro canal&nbsp;\u2002 \u00a1LOS POL\u00cdTICOS VERACRUZ&nbsp;ya est\u00e1 en WhatsApp! Carlos Miguel Acosta Bravo* Impronta La econom\u00eda mexicana ha mostrado claras muestras de debilidad desde 2024, mismas que se han incrementado a la par de las amenazas e imposici\u00f3n de aranceles por parte del presidente estadounidense Donald Trump, as\u00ed como el endurecimiento de pol\u00edticas migratorias [&hellip;]<\/p>\n","protected":false},"author":2,"featured_media":141377,"comment_status":"closed","ping_status":"closed","sticky":false,"template":"","format":"standard","meta":{"tdm_status":"","tdm_grid_status":"","footnotes":""},"categories":[70],"tags":[],"class_list":{"0":"post-142661","1":"post","2":"type-post","3":"status-publish","4":"format-standard","5":"has-post-thumbnail","7":"category-de-opinion"},"yoast_head":"<!-- This site is optimized with the Yoast SEO plugin v27.4 - https:\/\/yoast.com\/product\/yoast-seo-wordpress\/ -->\n<title>INCERTIDUMBRE ECON\u00d3MICA\u00a0 - Los pol\u00edticos Veracruz<\/title>\n<meta name=\"robots\" content=\"index, follow, max-snippet:-1, max-image-preview:large, max-video-preview:-1\" \/>\n<link rel=\"canonical\" href=\"https:\/\/lospoliticosveracruz.com\/?p=142661\" \/>\n<meta property=\"og:locale\" content=\"es_ES\" \/>\n<meta property=\"og:type\" content=\"article\" \/>\n<meta property=\"og:title\" content=\"INCERTIDUMBRE ECON\u00d3MICA\u00a0 - Los pol\u00edticos Veracruz\" \/>\n<meta property=\"og:description\" content=\"&nbsp;\u2002\u2002\u00danete a nuestro canal&nbsp;\u2002 \u00a1LOS POL\u00cdTICOS VERACRUZ&nbsp;ya est\u00e1 en WhatsApp! Carlos Miguel Acosta Bravo* Impronta La econom\u00eda mexicana ha mostrado claras muestras de debilidad desde 2024, mismas que se han incrementado a la par de las amenazas e imposici\u00f3n de aranceles por parte del presidente estadounidense Donald Trump, as\u00ed como el endurecimiento de pol\u00edticas migratorias [&hellip;]\" \/>\n<meta property=\"og:url\" content=\"https:\/\/lospoliticosveracruz.com\/?p=142661\" \/>\n<meta property=\"og:site_name\" content=\"Los pol\u00edticos Veracruz\" \/>\n<meta property=\"article:publisher\" content=\"https:\/\/www.facebook.com\/people\/Notimemes-de-los-Polticos\/61565672886568\/\" \/>\n<meta property=\"article:published_time\" content=\"2025-04-25T01:47:16+00:00\" \/>\n<meta property=\"article:modified_time\" content=\"2025-04-25T01:47:37+00:00\" \/>\n<meta property=\"og:image\" content=\"https:\/\/lospoliticosveracruz.com\/wp-content\/uploads\/2025\/04\/Carlos-Miguel-Acosta-Bravo.jpg\" \/>\n\t<meta property=\"og:image:width\" content=\"1250\" \/>\n\t<meta property=\"og:image:height\" content=\"667\" \/>\n\t<meta property=\"og:image:type\" content=\"image\/jpeg\" \/>\n<meta name=\"author\" content=\"Lo viste en Los Pol\u00edticos\" \/>\n<meta name=\"twitter:card\" content=\"summary_large_image\" \/>\n<meta name=\"twitter:creator\" content=\"@LosPoliticosVer\" \/>\n<meta name=\"twitter:site\" content=\"@LosPoliticosVer\" \/>\n<meta name=\"twitter:label1\" content=\"Escrito por\" \/>\n\t<meta name=\"twitter:data1\" content=\"Lo viste en Los Pol\u00edticos\" \/>\n\t<meta name=\"twitter:label2\" content=\"Tiempo de lectura\" \/>\n\t<meta name=\"twitter:data2\" content=\"3 minutos\" \/>\n<script type=\"application\/ld+json\" class=\"yoast-schema-graph\">{\"@context\":\"https:\\\/\\\/schema.org\",\"@graph\":[{\"@type\":\"Article\",\"@id\":\"https:\\\/\\\/lospoliticosveracruz.com\\\/?p=142661#article\",\"isPartOf\":{\"@id\":\"https:\\\/\\\/lospoliticosveracruz.com\\\/?p=142661\"},\"author\":{\"name\":\"Lo viste en Los Pol\u00edticos\",\"@id\":\"https:\\\/\\\/lospoliticosveracruz.com\\\/#\\\/schema\\\/person\\\/b8702bb0e538456e6efd07080bf2a4a2\"},\"headline\":\"INCERTIDUMBRE ECON\u00d3MICA\u00a0\",\"datePublished\":\"2025-04-25T01:47:16+00:00\",\"dateModified\":\"2025-04-25T01:47:37+00:00\",\"mainEntityOfPage\":{\"@id\":\"https:\\\/\\\/lospoliticosveracruz.com\\\/?p=142661\"},\"wordCount\":643,\"publisher\":{\"@id\":\"https:\\\/\\\/lospoliticosveracruz.com\\\/#organization\"},\"image\":{\"@id\":\"https:\\\/\\\/lospoliticosveracruz.com\\\/?p=142661#primaryimage\"},\"thumbnailUrl\":\"https:\\\/\\\/lospoliticosveracruz.com\\\/wp-content\\\/uploads\\\/2025\\\/04\\\/Carlos-Miguel-Acosta-Bravo.jpg\",\"articleSection\":[\"De Opini\u00f3n\"],\"inLanguage\":\"es\"},{\"@type\":\"WebPage\",\"@id\":\"https:\\\/\\\/lospoliticosveracruz.com\\\/?p=142661\",\"url\":\"https:\\\/\\\/lospoliticosveracruz.com\\\/?p=142661\",\"name\":\"INCERTIDUMBRE ECON\u00d3MICA\u00a0 - Los pol\u00edticos Veracruz\",\"isPartOf\":{\"@id\":\"https:\\\/\\\/lospoliticosveracruz.com\\\/#website\"},\"primaryImageOfPage\":{\"@id\":\"https:\\\/\\\/lospoliticosveracruz.com\\\/?p=142661#primaryimage\"},\"image\":{\"@id\":\"https:\\\/\\\/lospoliticosveracruz.com\\\/?p=142661#primaryimage\"},\"thumbnailUrl\":\"https:\\\/\\\/lospoliticosveracruz.com\\\/wp-content\\\/uploads\\\/2025\\\/04\\\/Carlos-Miguel-Acosta-Bravo.jpg\",\"datePublished\":\"2025-04-25T01:47:16+00:00\",\"dateModified\":\"2025-04-25T01:47:37+00:00\",\"breadcrumb\":{\"@id\":\"https:\\\/\\\/lospoliticosveracruz.com\\\/?p=142661#breadcrumb\"},\"inLanguage\":\"es\",\"potentialAction\":[{\"@type\":\"ReadAction\",\"target\":[\"https:\\\/\\\/lospoliticosveracruz.com\\\/?p=142661\"]}]},{\"@type\":\"ImageObject\",\"inLanguage\":\"es\",\"@id\":\"https:\\\/\\\/lospoliticosveracruz.com\\\/?p=142661#primaryimage\",\"url\":\"https:\\\/\\\/lospoliticosveracruz.com\\\/wp-content\\\/uploads\\\/2025\\\/04\\\/Carlos-Miguel-Acosta-Bravo.jpg\",\"contentUrl\":\"https:\\\/\\\/lospoliticosveracruz.com\\\/wp-content\\\/uploads\\\/2025\\\/04\\\/Carlos-Miguel-Acosta-Bravo.jpg\",\"width\":1250,\"height\":667},{\"@type\":\"BreadcrumbList\",\"@id\":\"https:\\\/\\\/lospoliticosveracruz.com\\\/?p=142661#breadcrumb\",\"itemListElement\":[{\"@type\":\"ListItem\",\"position\":1,\"name\":\"Portada\",\"item\":\"https:\\\/\\\/lospoliticosveracruz.com\\\/\"},{\"@type\":\"ListItem\",\"position\":2,\"name\":\"INCERTIDUMBRE ECON\u00d3MICA\u00a0\"}]},{\"@type\":\"WebSite\",\"@id\":\"https:\\\/\\\/lospoliticosveracruz.com\\\/#website\",\"url\":\"https:\\\/\\\/lospoliticosveracruz.com\\\/\",\"name\":\"Los pol\u00edticos Veracruz\",\"description\":\"\",\"publisher\":{\"@id\":\"https:\\\/\\\/lospoliticosveracruz.com\\\/#organization\"},\"potentialAction\":[{\"@type\":\"SearchAction\",\"target\":{\"@type\":\"EntryPoint\",\"urlTemplate\":\"https:\\\/\\\/lospoliticosveracruz.com\\\/?s={search_term_string}\"},\"query-input\":{\"@type\":\"PropertyValueSpecification\",\"valueRequired\":true,\"valueName\":\"search_term_string\"}}],\"inLanguage\":\"es\"},{\"@type\":\"Organization\",\"@id\":\"https:\\\/\\\/lospoliticosveracruz.com\\\/#organization\",\"name\":\"Los pol\u00edticos Veracruz\",\"url\":\"https:\\\/\\\/lospoliticosveracruz.com\\\/\",\"logo\":{\"@type\":\"ImageObject\",\"inLanguage\":\"es\",\"@id\":\"https:\\\/\\\/lospoliticosveracruz.com\\\/#\\\/schema\\\/logo\\\/image\\\/\",\"url\":\"https:\\\/\\\/lospoliticosveracruz.com\\\/wp-content\\\/uploads\\\/2025\\\/12\\\/Logo-Nuevo-LOS-POLITICOS-1.jpg\",\"contentUrl\":\"https:\\\/\\\/lospoliticosveracruz.com\\\/wp-content\\\/uploads\\\/2025\\\/12\\\/Logo-Nuevo-LOS-POLITICOS-1.jpg\",\"width\":260,\"height\":70,\"caption\":\"Los pol\u00edticos Veracruz\"},\"image\":{\"@id\":\"https:\\\/\\\/lospoliticosveracruz.com\\\/#\\\/schema\\\/logo\\\/image\\\/\"},\"sameAs\":[\"https:\\\/\\\/www.facebook.com\\\/people\\\/Notimemes-de-los-Polticos\\\/61565672886568\\\/\",\"https:\\\/\\\/x.com\\\/LosPoliticosVer\"]},{\"@type\":\"Person\",\"@id\":\"https:\\\/\\\/lospoliticosveracruz.com\\\/#\\\/schema\\\/person\\\/b8702bb0e538456e6efd07080bf2a4a2\",\"name\":\"Lo viste en Los Pol\u00edticos\",\"image\":{\"@type\":\"ImageObject\",\"inLanguage\":\"es\",\"@id\":\"https:\\\/\\\/secure.gravatar.com\\\/avatar\\\/3a8de04a2656d44082be478bd6c086daa447c4651605818287b9532d3d0bd435?s=96&d=mm&r=g\",\"url\":\"https:\\\/\\\/secure.gravatar.com\\\/avatar\\\/3a8de04a2656d44082be478bd6c086daa447c4651605818287b9532d3d0bd435?s=96&d=mm&r=g\",\"contentUrl\":\"https:\\\/\\\/secure.gravatar.com\\\/avatar\\\/3a8de04a2656d44082be478bd6c086daa447c4651605818287b9532d3d0bd435?s=96&d=mm&r=g\",\"caption\":\"Lo viste en Los Pol\u00edticos\"},\"url\":\"https:\\\/\\\/lospoliticosveracruz.com\\\/?author=2\"}]}<\/script>\n<!-- \/ Yoast SEO plugin. -->","yoast_head_json":{"title":"INCERTIDUMBRE ECON\u00d3MICA\u00a0 - Los pol\u00edticos Veracruz","robots":{"index":"index","follow":"follow","max-snippet":"max-snippet:-1","max-image-preview":"max-image-preview:large","max-video-preview":"max-video-preview:-1"},"canonical":"https:\/\/lospoliticosveracruz.com\/?p=142661","og_locale":"es_ES","og_type":"article","og_title":"INCERTIDUMBRE ECON\u00d3MICA\u00a0 - Los pol\u00edticos Veracruz","og_description":"&nbsp;\u2002\u2002\u00danete a nuestro canal&nbsp;\u2002 \u00a1LOS POL\u00cdTICOS VERACRUZ&nbsp;ya est\u00e1 en WhatsApp! Carlos Miguel Acosta Bravo* Impronta La econom\u00eda mexicana ha mostrado claras muestras de debilidad desde 2024, mismas que se han incrementado a la par de las amenazas e imposici\u00f3n de aranceles por parte del presidente estadounidense Donald Trump, as\u00ed como el endurecimiento de pol\u00edticas migratorias [&hellip;]","og_url":"https:\/\/lospoliticosveracruz.com\/?p=142661","og_site_name":"Los pol\u00edticos Veracruz","article_publisher":"https:\/\/www.facebook.com\/people\/Notimemes-de-los-Polticos\/61565672886568\/","article_published_time":"2025-04-25T01:47:16+00:00","article_modified_time":"2025-04-25T01:47:37+00:00","og_image":[{"width":1250,"height":667,"url":"https:\/\/lospoliticosveracruz.com\/wp-content\/uploads\/2025\/04\/Carlos-Miguel-Acosta-Bravo.jpg","type":"image\/jpeg"}],"author":"Lo viste en Los Pol\u00edticos","twitter_card":"summary_large_image","twitter_creator":"@LosPoliticosVer","twitter_site":"@LosPoliticosVer","twitter_misc":{"Escrito por":"Lo viste en Los Pol\u00edticos","Tiempo de lectura":"3 minutos"},"schema":{"@context":"https:\/\/schema.org","@graph":[{"@type":"Article","@id":"https:\/\/lospoliticosveracruz.com\/?p=142661#article","isPartOf":{"@id":"https:\/\/lospoliticosveracruz.com\/?p=142661"},"author":{"name":"Lo viste en Los Pol\u00edticos","@id":"https:\/\/lospoliticosveracruz.com\/#\/schema\/person\/b8702bb0e538456e6efd07080bf2a4a2"},"headline":"INCERTIDUMBRE ECON\u00d3MICA\u00a0","datePublished":"2025-04-25T01:47:16+00:00","dateModified":"2025-04-25T01:47:37+00:00","mainEntityOfPage":{"@id":"https:\/\/lospoliticosveracruz.com\/?p=142661"},"wordCount":643,"publisher":{"@id":"https:\/\/lospoliticosveracruz.com\/#organization"},"image":{"@id":"https:\/\/lospoliticosveracruz.com\/?p=142661#primaryimage"},"thumbnailUrl":"https:\/\/lospoliticosveracruz.com\/wp-content\/uploads\/2025\/04\/Carlos-Miguel-Acosta-Bravo.jpg","articleSection":["De Opini\u00f3n"],"inLanguage":"es"},{"@type":"WebPage","@id":"https:\/\/lospoliticosveracruz.com\/?p=142661","url":"https:\/\/lospoliticosveracruz.com\/?p=142661","name":"INCERTIDUMBRE ECON\u00d3MICA\u00a0 - Los pol\u00edticos Veracruz","isPartOf":{"@id":"https:\/\/lospoliticosveracruz.com\/#website"},"primaryImageOfPage":{"@id":"https:\/\/lospoliticosveracruz.com\/?p=142661#primaryimage"},"image":{"@id":"https:\/\/lospoliticosveracruz.com\/?p=142661#primaryimage"},"thumbnailUrl":"https:\/\/lospoliticosveracruz.com\/wp-content\/uploads\/2025\/04\/Carlos-Miguel-Acosta-Bravo.jpg","datePublished":"2025-04-25T01:47:16+00:00","dateModified":"2025-04-25T01:47:37+00:00","breadcrumb":{"@id":"https:\/\/lospoliticosveracruz.com\/?p=142661#breadcrumb"},"inLanguage":"es","potentialAction":[{"@type":"ReadAction","target":["https:\/\/lospoliticosveracruz.com\/?p=142661"]}]},{"@type":"ImageObject","inLanguage":"es","@id":"https:\/\/lospoliticosveracruz.com\/?p=142661#primaryimage","url":"https:\/\/lospoliticosveracruz.com\/wp-content\/uploads\/2025\/04\/Carlos-Miguel-Acosta-Bravo.jpg","contentUrl":"https:\/\/lospoliticosveracruz.com\/wp-content\/uploads\/2025\/04\/Carlos-Miguel-Acosta-Bravo.jpg","width":1250,"height":667},{"@type":"BreadcrumbList","@id":"https:\/\/lospoliticosveracruz.com\/?p=142661#breadcrumb","itemListElement":[{"@type":"ListItem","position":1,"name":"Portada","item":"https:\/\/lospoliticosveracruz.com\/"},{"@type":"ListItem","position":2,"name":"INCERTIDUMBRE ECON\u00d3MICA\u00a0"}]},{"@type":"WebSite","@id":"https:\/\/lospoliticosveracruz.com\/#website","url":"https:\/\/lospoliticosveracruz.com\/","name":"Los pol\u00edticos Veracruz","description":"","publisher":{"@id":"https:\/\/lospoliticosveracruz.com\/#organization"},"potentialAction":[{"@type":"SearchAction","target":{"@type":"EntryPoint","urlTemplate":"https:\/\/lospoliticosveracruz.com\/?s={search_term_string}"},"query-input":{"@type":"PropertyValueSpecification","valueRequired":true,"valueName":"search_term_string"}}],"inLanguage":"es"},{"@type":"Organization","@id":"https:\/\/lospoliticosveracruz.com\/#organization","name":"Los pol\u00edticos Veracruz","url":"https:\/\/lospoliticosveracruz.com\/","logo":{"@type":"ImageObject","inLanguage":"es","@id":"https:\/\/lospoliticosveracruz.com\/#\/schema\/logo\/image\/","url":"https:\/\/lospoliticosveracruz.com\/wp-content\/uploads\/2025\/12\/Logo-Nuevo-LOS-POLITICOS-1.jpg","contentUrl":"https:\/\/lospoliticosveracruz.com\/wp-content\/uploads\/2025\/12\/Logo-Nuevo-LOS-POLITICOS-1.jpg","width":260,"height":70,"caption":"Los pol\u00edticos Veracruz"},"image":{"@id":"https:\/\/lospoliticosveracruz.com\/#\/schema\/logo\/image\/"},"sameAs":["https:\/\/www.facebook.com\/people\/Notimemes-de-los-Polticos\/61565672886568\/","https:\/\/x.com\/LosPoliticosVer"]},{"@type":"Person","@id":"https:\/\/lospoliticosveracruz.com\/#\/schema\/person\/b8702bb0e538456e6efd07080bf2a4a2","name":"Lo viste en Los Pol\u00edticos","image":{"@type":"ImageObject","inLanguage":"es","@id":"https:\/\/secure.gravatar.com\/avatar\/3a8de04a2656d44082be478bd6c086daa447c4651605818287b9532d3d0bd435?s=96&d=mm&r=g","url":"https:\/\/secure.gravatar.com\/avatar\/3a8de04a2656d44082be478bd6c086daa447c4651605818287b9532d3d0bd435?s=96&d=mm&r=g","contentUrl":"https:\/\/secure.gravatar.com\/avatar\/3a8de04a2656d44082be478bd6c086daa447c4651605818287b9532d3d0bd435?s=96&d=mm&r=g","caption":"Lo viste en Los Pol\u00edticos"},"url":"https:\/\/lospoliticosveracruz.com\/?author=2"}]}},"_links":{"self":[{"href":"https:\/\/lospoliticosveracruz.com\/index.php?rest_route=\/wp\/v2\/posts\/142661","targetHints":{"allow":["GET"]}}],"collection":[{"href":"https:\/\/lospoliticosveracruz.com\/index.php?rest_route=\/wp\/v2\/posts"}],"about":[{"href":"https:\/\/lospoliticosveracruz.com\/index.php?rest_route=\/wp\/v2\/types\/post"}],"author":[{"embeddable":true,"href":"https:\/\/lospoliticosveracruz.com\/index.php?rest_route=\/wp\/v2\/users\/2"}],"replies":[{"embeddable":true,"href":"https:\/\/lospoliticosveracruz.com\/index.php?rest_route=%2Fwp%2Fv2%2Fcomments&post=142661"}],"version-history":[{"count":2,"href":"https:\/\/lospoliticosveracruz.com\/index.php?rest_route=\/wp\/v2\/posts\/142661\/revisions"}],"predecessor-version":[{"id":142663,"href":"https:\/\/lospoliticosveracruz.com\/index.php?rest_route=\/wp\/v2\/posts\/142661\/revisions\/142663"}],"wp:featuredmedia":[{"embeddable":true,"href":"https:\/\/lospoliticosveracruz.com\/index.php?rest_route=\/wp\/v2\/media\/141377"}],"wp:attachment":[{"href":"https:\/\/lospoliticosveracruz.com\/index.php?rest_route=%2Fwp%2Fv2%2Fmedia&parent=142661"}],"wp:term":[{"taxonomy":"category","embeddable":true,"href":"https:\/\/lospoliticosveracruz.com\/index.php?rest_route=%2Fwp%2Fv2%2Fcategories&post=142661"},{"taxonomy":"post_tag","embeddable":true,"href":"https:\/\/lospoliticosveracruz.com\/index.php?rest_route=%2Fwp%2Fv2%2Ftags&post=142661"}],"curies":[{"name":"wp","href":"https:\/\/api.w.org\/{rel}","templated":true}]}}