{"id":142696,"date":"2025-04-25T10:32:18","date_gmt":"2025-04-25T15:32:18","guid":{"rendered":"https:\/\/lospoliticosveracruz.com.mx\/?p=142696"},"modified":"2025-04-25T10:32:31","modified_gmt":"2025-04-25T15:32:31","slug":"asi-de-grande-es-el-miedo","status":"publish","type":"post","link":"https:\/\/lospoliticosveracruz.com\/?p=142696","title":{"rendered":"AS\u00cd DE GRANDE ES EL MIEDO"},"content":{"rendered":"\n<p>S\u00edguenos ahora tambi\u00e9n en WhatsApp.\u00a0\u00a1<a href=\"https:\/\/whatsapp.com\/channel\/0029Va8zRWlEKyZIP3Z1dF0e\"><strong>Da clic aqu\u00ed<\/strong><\/a><strong>!<\/strong><\/p>\n\n\n\n<p><strong>Bernardo Guti\u00e9rrez Parra<br><\/strong><\/p>\n\n\n\n<p><em>Desde el Caf\u00e9<br><\/em><\/p>\n\n\n\n<p>Despu\u00e9s de un hecho violento y sangriento en alg\u00fan municipio de nuestra entidad, Cuitl\u00e1huac Garc\u00eda Jim\u00e9nez ten\u00eda por costumbre trasladarse a ese lugar con los integrantes de la Mesa de Seguridad para la Construcci\u00f3n de la Paz, a fin de inhibir a los delincuentes que en efecto se replegaban.<\/p>\n\n\n\n<p>Al parecer la gobernadora Roc\u00edo Nahle est\u00e1 siguiendo el mismo esquema porque este jueves estuvo en Papantla con su Mesa de Seguridad, 48 horas despu\u00e9s de que asesinaran a tres personas en aquel municipio.<\/p>\n\n\n\n<p>\u00bfDa resultados esta medida? No, porque apenas se van el gobernante y su s\u00e9quito, los delincuentes siguen con su pavoroso jaleo. Y como la violencia se ha recrudecido, tambi\u00e9n se ha recrudecido el miedo.<\/p>\n\n\n\n<p>Pero la gobernadora no lo ve as\u00ed ya que al terminar su reuni\u00f3n pidi\u00f3 a los partidos pol\u00edticos que \u201ctranquilicen a sus candidatos\u201d y eviten hacer campa\u00f1as basadas en el miedo.<\/p>\n\n\n\n<p>\u201cNo es con miedo, no es con terror, no es con p\u00e1nico\u201d (como van a ganar las elecciones), dijo la se\u00f1ora Nahle que agreg\u00f3: \u201cDespu\u00e9s andan llorando, se andan victimizando y andan en las altas esferas victimiz\u00e1ndose. Pues despu\u00e9s que no se quejen\u2026\u201d.<\/p>\n\n\n\n<p>Caray, qu\u00e9 triste comentario.<\/p>\n\n\n\n<p>El miedo, terror y p\u00e1nico no son culpa de los candidatos, son una epidemia que sufren en mayor o menor medida TODOS los mexicanos y como consecuencia TODOS y cada uno de los 8.5 millones de veracruzanos, debido a la pol\u00edtica de \u201cabrazos no balazos\u201d que dej\u00f3 de herencia el se\u00f1or L\u00f3pez Obrador.<\/p>\n\n\n\n<p>Luego vino una ret\u00f3rica que no relaj\u00f3 a nadie porque est\u00e1 alejada de la realidad. \u201cPapantla est\u00e1 tranquila. La ciudad de Tuxpan (donde se han cometido once hechos sangrientos en lo que va del a\u00f1o) est\u00e1 tranquila y estos hechos (en Papantla) tienen dos l\u00edneas de investigaci\u00f3n. Va a ser important\u00edsimo, porque vamos a ver qui\u00e9n es la mano que mece la cuna\u201d, dijo la se\u00f1ora.<\/p>\n\n\n\n<p>Pero ni Papantla, Tuxpan, Poza Rica, Mart\u00ednez de la Torre o cualquier otra ciudad del norte del estado est\u00e1n tranquilas. \u201cAndas en la calle con la zozobra de no saber d\u00f3nde ser\u00e1 la siguiente balacera, qui\u00e9n ser\u00e1 el siguiente muerto y si te tocar\u00e1 alg\u00fan balazo\u201d, me dijo un colega de Poza Rica.<\/p>\n\n\n\n<p>Y es que el miedo no lo propalan ni los candidatos, ni los partidos ni los periodistas, se propala solo y se desparrama por kil\u00f3metros cuando hay un hecho violento y sangriento.<\/p>\n\n\n\n<p>Ayer, mientras la gobernadora Nahle hac\u00eda \u201cun exhorto respetuoso\u201d a todos los partidos pol\u00edticos para que sus candidatos hagan campa\u00f1as propositivas, sujetos desconocidos quisieron \u201clevantar\u201d a un periodista en Poza Rica y en Maltrata mataron a tres personas.<\/p>\n\n\n\n<p>Este lunes comienzan las campa\u00f1as por las 212 alcald\u00edas y hay zonas donde los candidatos adem\u00e1s de proponer mejoras para sus municipios, van a andar literalmente con el Jes\u00fas en la boca, porque as\u00ed de grande es el miedo.<\/p>\n\n\n\n<p><strong>Roberto Alarc\u00f3n al PRI de Xalapa<\/strong><\/p>\n\n\n\n<p>Si algo tiene el PRI a pesar de que est\u00e1 bocabajeado y a pesar de todos los pesares, es su estructura partidista \u201cm\u00e1s s\u00f3lida que las columnas del Templo de Dag\u00f3n\u201d, presumi\u00f3 alguna vez socarr\u00f3n, el l\u00edder cetemista Fidel Vel\u00e1zquez.<\/p>\n\n\n\n<p>Y es que m\u00e1s tard\u00f3 en renunciar Diana Olivia Gonz\u00e1lez Ortiz a la dirigencia del PRI municipal en Xalapa, que el partido en nombrar a su reemplazo en la persona de Roberto Alarc\u00f3n Su\u00e1rez.<\/p>\n\n\n\n<p>Alarc\u00f3n Su\u00e1rez es un pol\u00edtico todoterreno que conoce cada metro cuadrado de Xalapa y al que conocen muy bien los xalape\u00f1os, principalmente los de las colonias populares donde ha hecho gala de su activismo pol\u00edtico.<\/p>\n\n\n\n<p>Roberto lleg\u00f3 a la dirigencia el mi\u00e9rcoles y ayer jueves se reuni\u00f3 con Silvio Lagos Galindo, representante del PRI ante el Organismo P\u00fablico Local Electoral (OPLE), con quien sostuvo una charla sobre las elecciones locales que comienzan la pr\u00f3xima semana. Y ah\u00ed coment\u00f3 que la estructura del partido est\u00e1 lista para defender su esencia que ha logrado triunfos importantes en periodos hist\u00f3ricos de la capital veracruzana.<\/p>\n\n\n\n<p>Tanto Silvio como Roberto coincidieron al se\u00f1alar que si hay un municipio que se debe rescatar del abandono ese municipio es Xalapa.<\/p>\n\n\n\n<p>\u201cAunque nadie corri\u00f3 a Diana Olivia, lo mejor que pudo hacer fue presentar su renuncia y dar paso a un pol\u00edtico de tiempo completo como Roberto Alarc\u00f3n, que respaldar\u00e1 con todo al candidato de nuestro partido a la presidencia municipal\u201d, fue el comentario general de los priistas xalape\u00f1os.<\/p>\n\n\n\n<p>bernardogup@hotmail.com<\/p>\n","protected":false},"excerpt":{"rendered":"<p>S\u00edguenos ahora tambi\u00e9n en WhatsApp.\u00a0\u00a1Da clic aqu\u00ed! Bernardo Guti\u00e9rrez Parra Desde el Caf\u00e9 Despu\u00e9s de un hecho violento y sangriento en alg\u00fan municipio de nuestra entidad, Cuitl\u00e1huac Garc\u00eda Jim\u00e9nez ten\u00eda por costumbre trasladarse a ese lugar con los integrantes de la Mesa de Seguridad para la Construcci\u00f3n de la Paz, a fin de inhibir a [&hellip;]<\/p>\n","protected":false},"author":2,"featured_media":141479,"comment_status":"closed","ping_status":"closed","sticky":false,"template":"","format":"standard","meta":{"tdm_status":"","tdm_grid_status":"","footnotes":""},"categories":[70],"tags":[34206,1563,25535,3578,195],"class_list":{"0":"post-142696","1":"post","2":"type-post","3":"status-publish","4":"format-standard","5":"has-post-thumbnail","7":"category-de-opinion","8":"tag-bernardo-gutierrez-parra","9":"tag-cuitlahuac-garcia-jimenez","10":"tag-roberto-alarcon-suarez","11":"tag-rocio-nahle","12":"tag-veracruz"},"yoast_head":"<!-- This site is optimized with the Yoast SEO plugin v27.4 - https:\/\/yoast.com\/product\/yoast-seo-wordpress\/ -->\n<title>AS\u00cd DE GRANDE ES EL MIEDO - Los pol\u00edticos Veracruz<\/title>\n<meta name=\"robots\" content=\"index, follow, max-snippet:-1, max-image-preview:large, max-video-preview:-1\" \/>\n<link rel=\"canonical\" href=\"https:\/\/lospoliticosveracruz.com\/?p=142696\" \/>\n<meta property=\"og:locale\" content=\"es_ES\" \/>\n<meta property=\"og:type\" content=\"article\" \/>\n<meta property=\"og:title\" content=\"AS\u00cd DE GRANDE ES EL MIEDO - Los pol\u00edticos Veracruz\" \/>\n<meta property=\"og:description\" content=\"S\u00edguenos ahora tambi\u00e9n en WhatsApp.\u00a0\u00a1Da clic aqu\u00ed! Bernardo Guti\u00e9rrez Parra Desde el Caf\u00e9 Despu\u00e9s de un hecho violento y sangriento en alg\u00fan municipio de nuestra entidad, Cuitl\u00e1huac Garc\u00eda Jim\u00e9nez ten\u00eda por costumbre trasladarse a ese lugar con los integrantes de la Mesa de Seguridad para la Construcci\u00f3n de la Paz, a fin de inhibir a [&hellip;]\" \/>\n<meta property=\"og:url\" content=\"https:\/\/lospoliticosveracruz.com\/?p=142696\" \/>\n<meta property=\"og:site_name\" content=\"Los pol\u00edticos Veracruz\" \/>\n<meta property=\"article:publisher\" content=\"https:\/\/www.facebook.com\/people\/Notimemes-de-los-Polticos\/61565672886568\/\" \/>\n<meta property=\"article:published_time\" content=\"2025-04-25T15:32:18+00:00\" \/>\n<meta property=\"article:modified_time\" content=\"2025-04-25T15:32:31+00:00\" \/>\n<meta property=\"og:image\" content=\"https:\/\/lospoliticosveracruz.com\/wp-content\/uploads\/2025\/04\/Bernardo-Gutierrez-Parra.jpg\" \/>\n\t<meta property=\"og:image:width\" content=\"1250\" \/>\n\t<meta property=\"og:image:height\" content=\"667\" \/>\n\t<meta property=\"og:image:type\" content=\"image\/jpeg\" \/>\n<meta name=\"author\" content=\"Lo viste en Los Pol\u00edticos\" \/>\n<meta name=\"twitter:card\" content=\"summary_large_image\" \/>\n<meta name=\"twitter:creator\" content=\"@LosPoliticosVer\" \/>\n<meta name=\"twitter:site\" content=\"@LosPoliticosVer\" \/>\n<meta name=\"twitter:label1\" content=\"Escrito por\" \/>\n\t<meta name=\"twitter:data1\" content=\"Lo viste en Los Pol\u00edticos\" \/>\n\t<meta name=\"twitter:label2\" content=\"Tiempo de lectura\" \/>\n\t<meta name=\"twitter:data2\" content=\"4 minutos\" \/>\n<script type=\"application\/ld+json\" class=\"yoast-schema-graph\">{\"@context\":\"https:\\\/\\\/schema.org\",\"@graph\":[{\"@type\":\"Article\",\"@id\":\"https:\\\/\\\/lospoliticosveracruz.com\\\/?p=142696#article\",\"isPartOf\":{\"@id\":\"https:\\\/\\\/lospoliticosveracruz.com\\\/?p=142696\"},\"author\":{\"name\":\"Lo viste en Los Pol\u00edticos\",\"@id\":\"https:\\\/\\\/lospoliticosveracruz.com\\\/#\\\/schema\\\/person\\\/b8702bb0e538456e6efd07080bf2a4a2\"},\"headline\":\"AS\u00cd DE GRANDE ES EL MIEDO\",\"datePublished\":\"2025-04-25T15:32:18+00:00\",\"dateModified\":\"2025-04-25T15:32:31+00:00\",\"mainEntityOfPage\":{\"@id\":\"https:\\\/\\\/lospoliticosveracruz.com\\\/?p=142696\"},\"wordCount\":817,\"publisher\":{\"@id\":\"https:\\\/\\\/lospoliticosveracruz.com\\\/#organization\"},\"image\":{\"@id\":\"https:\\\/\\\/lospoliticosveracruz.com\\\/?p=142696#primaryimage\"},\"thumbnailUrl\":\"https:\\\/\\\/lospoliticosveracruz.com\\\/wp-content\\\/uploads\\\/2025\\\/04\\\/Bernardo-Gutierrez-Parra.jpg\",\"keywords\":[\"Bernardo Guti\u00e9rrez Parra\",\"Cuitl\u00e1huac Garc\u00eda Jim\u00e9nez\",\"Roberto Alarc\u00f3n Su\u00e1rez\",\"Roc\u00edo Nahle\",\"Veracruz\"],\"articleSection\":[\"De Opini\u00f3n\"],\"inLanguage\":\"es\"},{\"@type\":\"WebPage\",\"@id\":\"https:\\\/\\\/lospoliticosveracruz.com\\\/?p=142696\",\"url\":\"https:\\\/\\\/lospoliticosveracruz.com\\\/?p=142696\",\"name\":\"AS\u00cd DE GRANDE ES EL MIEDO - Los pol\u00edticos Veracruz\",\"isPartOf\":{\"@id\":\"https:\\\/\\\/lospoliticosveracruz.com\\\/#website\"},\"primaryImageOfPage\":{\"@id\":\"https:\\\/\\\/lospoliticosveracruz.com\\\/?p=142696#primaryimage\"},\"image\":{\"@id\":\"https:\\\/\\\/lospoliticosveracruz.com\\\/?p=142696#primaryimage\"},\"thumbnailUrl\":\"https:\\\/\\\/lospoliticosveracruz.com\\\/wp-content\\\/uploads\\\/2025\\\/04\\\/Bernardo-Gutierrez-Parra.jpg\",\"datePublished\":\"2025-04-25T15:32:18+00:00\",\"dateModified\":\"2025-04-25T15:32:31+00:00\",\"breadcrumb\":{\"@id\":\"https:\\\/\\\/lospoliticosveracruz.com\\\/?p=142696#breadcrumb\"},\"inLanguage\":\"es\",\"potentialAction\":[{\"@type\":\"ReadAction\",\"target\":[\"https:\\\/\\\/lospoliticosveracruz.com\\\/?p=142696\"]}]},{\"@type\":\"ImageObject\",\"inLanguage\":\"es\",\"@id\":\"https:\\\/\\\/lospoliticosveracruz.com\\\/?p=142696#primaryimage\",\"url\":\"https:\\\/\\\/lospoliticosveracruz.com\\\/wp-content\\\/uploads\\\/2025\\\/04\\\/Bernardo-Gutierrez-Parra.jpg\",\"contentUrl\":\"https:\\\/\\\/lospoliticosveracruz.com\\\/wp-content\\\/uploads\\\/2025\\\/04\\\/Bernardo-Gutierrez-Parra.jpg\",\"width\":1250,\"height\":667},{\"@type\":\"BreadcrumbList\",\"@id\":\"https:\\\/\\\/lospoliticosveracruz.com\\\/?p=142696#breadcrumb\",\"itemListElement\":[{\"@type\":\"ListItem\",\"position\":1,\"name\":\"Portada\",\"item\":\"https:\\\/\\\/lospoliticosveracruz.com\\\/\"},{\"@type\":\"ListItem\",\"position\":2,\"name\":\"AS\u00cd DE GRANDE ES EL MIEDO\"}]},{\"@type\":\"WebSite\",\"@id\":\"https:\\\/\\\/lospoliticosveracruz.com\\\/#website\",\"url\":\"https:\\\/\\\/lospoliticosveracruz.com\\\/\",\"name\":\"Los pol\u00edticos Veracruz\",\"description\":\"\",\"publisher\":{\"@id\":\"https:\\\/\\\/lospoliticosveracruz.com\\\/#organization\"},\"potentialAction\":[{\"@type\":\"SearchAction\",\"target\":{\"@type\":\"EntryPoint\",\"urlTemplate\":\"https:\\\/\\\/lospoliticosveracruz.com\\\/?s={search_term_string}\"},\"query-input\":{\"@type\":\"PropertyValueSpecification\",\"valueRequired\":true,\"valueName\":\"search_term_string\"}}],\"inLanguage\":\"es\"},{\"@type\":\"Organization\",\"@id\":\"https:\\\/\\\/lospoliticosveracruz.com\\\/#organization\",\"name\":\"Los pol\u00edticos Veracruz\",\"url\":\"https:\\\/\\\/lospoliticosveracruz.com\\\/\",\"logo\":{\"@type\":\"ImageObject\",\"inLanguage\":\"es\",\"@id\":\"https:\\\/\\\/lospoliticosveracruz.com\\\/#\\\/schema\\\/logo\\\/image\\\/\",\"url\":\"https:\\\/\\\/lospoliticosveracruz.com\\\/wp-content\\\/uploads\\\/2025\\\/12\\\/Logo-Nuevo-LOS-POLITICOS-1.jpg\",\"contentUrl\":\"https:\\\/\\\/lospoliticosveracruz.com\\\/wp-content\\\/uploads\\\/2025\\\/12\\\/Logo-Nuevo-LOS-POLITICOS-1.jpg\",\"width\":260,\"height\":70,\"caption\":\"Los pol\u00edticos Veracruz\"},\"image\":{\"@id\":\"https:\\\/\\\/lospoliticosveracruz.com\\\/#\\\/schema\\\/logo\\\/image\\\/\"},\"sameAs\":[\"https:\\\/\\\/www.facebook.com\\\/people\\\/Notimemes-de-los-Polticos\\\/61565672886568\\\/\",\"https:\\\/\\\/x.com\\\/LosPoliticosVer\"]},{\"@type\":\"Person\",\"@id\":\"https:\\\/\\\/lospoliticosveracruz.com\\\/#\\\/schema\\\/person\\\/b8702bb0e538456e6efd07080bf2a4a2\",\"name\":\"Lo viste en Los Pol\u00edticos\",\"image\":{\"@type\":\"ImageObject\",\"inLanguage\":\"es\",\"@id\":\"https:\\\/\\\/secure.gravatar.com\\\/avatar\\\/3a8de04a2656d44082be478bd6c086daa447c4651605818287b9532d3d0bd435?s=96&d=mm&r=g\",\"url\":\"https:\\\/\\\/secure.gravatar.com\\\/avatar\\\/3a8de04a2656d44082be478bd6c086daa447c4651605818287b9532d3d0bd435?s=96&d=mm&r=g\",\"contentUrl\":\"https:\\\/\\\/secure.gravatar.com\\\/avatar\\\/3a8de04a2656d44082be478bd6c086daa447c4651605818287b9532d3d0bd435?s=96&d=mm&r=g\",\"caption\":\"Lo viste en Los Pol\u00edticos\"},\"url\":\"https:\\\/\\\/lospoliticosveracruz.com\\\/?author=2\"}]}<\/script>\n<!-- \/ Yoast SEO plugin. -->","yoast_head_json":{"title":"AS\u00cd DE GRANDE ES EL MIEDO - Los pol\u00edticos Veracruz","robots":{"index":"index","follow":"follow","max-snippet":"max-snippet:-1","max-image-preview":"max-image-preview:large","max-video-preview":"max-video-preview:-1"},"canonical":"https:\/\/lospoliticosveracruz.com\/?p=142696","og_locale":"es_ES","og_type":"article","og_title":"AS\u00cd DE GRANDE ES EL MIEDO - Los pol\u00edticos Veracruz","og_description":"S\u00edguenos ahora tambi\u00e9n en WhatsApp.\u00a0\u00a1Da clic aqu\u00ed! Bernardo Guti\u00e9rrez Parra Desde el Caf\u00e9 Despu\u00e9s de un hecho violento y sangriento en alg\u00fan municipio de nuestra entidad, Cuitl\u00e1huac Garc\u00eda Jim\u00e9nez ten\u00eda por costumbre trasladarse a ese lugar con los integrantes de la Mesa de Seguridad para la Construcci\u00f3n de la Paz, a fin de inhibir a [&hellip;]","og_url":"https:\/\/lospoliticosveracruz.com\/?p=142696","og_site_name":"Los pol\u00edticos Veracruz","article_publisher":"https:\/\/www.facebook.com\/people\/Notimemes-de-los-Polticos\/61565672886568\/","article_published_time":"2025-04-25T15:32:18+00:00","article_modified_time":"2025-04-25T15:32:31+00:00","og_image":[{"width":1250,"height":667,"url":"https:\/\/lospoliticosveracruz.com\/wp-content\/uploads\/2025\/04\/Bernardo-Gutierrez-Parra.jpg","type":"image\/jpeg"}],"author":"Lo viste en Los Pol\u00edticos","twitter_card":"summary_large_image","twitter_creator":"@LosPoliticosVer","twitter_site":"@LosPoliticosVer","twitter_misc":{"Escrito por":"Lo viste en Los Pol\u00edticos","Tiempo de lectura":"4 minutos"},"schema":{"@context":"https:\/\/schema.org","@graph":[{"@type":"Article","@id":"https:\/\/lospoliticosveracruz.com\/?p=142696#article","isPartOf":{"@id":"https:\/\/lospoliticosveracruz.com\/?p=142696"},"author":{"name":"Lo viste en Los Pol\u00edticos","@id":"https:\/\/lospoliticosveracruz.com\/#\/schema\/person\/b8702bb0e538456e6efd07080bf2a4a2"},"headline":"AS\u00cd DE GRANDE ES EL MIEDO","datePublished":"2025-04-25T15:32:18+00:00","dateModified":"2025-04-25T15:32:31+00:00","mainEntityOfPage":{"@id":"https:\/\/lospoliticosveracruz.com\/?p=142696"},"wordCount":817,"publisher":{"@id":"https:\/\/lospoliticosveracruz.com\/#organization"},"image":{"@id":"https:\/\/lospoliticosveracruz.com\/?p=142696#primaryimage"},"thumbnailUrl":"https:\/\/lospoliticosveracruz.com\/wp-content\/uploads\/2025\/04\/Bernardo-Gutierrez-Parra.jpg","keywords":["Bernardo Guti\u00e9rrez Parra","Cuitl\u00e1huac Garc\u00eda Jim\u00e9nez","Roberto Alarc\u00f3n Su\u00e1rez","Roc\u00edo Nahle","Veracruz"],"articleSection":["De Opini\u00f3n"],"inLanguage":"es"},{"@type":"WebPage","@id":"https:\/\/lospoliticosveracruz.com\/?p=142696","url":"https:\/\/lospoliticosveracruz.com\/?p=142696","name":"AS\u00cd DE GRANDE ES EL MIEDO - Los pol\u00edticos Veracruz","isPartOf":{"@id":"https:\/\/lospoliticosveracruz.com\/#website"},"primaryImageOfPage":{"@id":"https:\/\/lospoliticosveracruz.com\/?p=142696#primaryimage"},"image":{"@id":"https:\/\/lospoliticosveracruz.com\/?p=142696#primaryimage"},"thumbnailUrl":"https:\/\/lospoliticosveracruz.com\/wp-content\/uploads\/2025\/04\/Bernardo-Gutierrez-Parra.jpg","datePublished":"2025-04-25T15:32:18+00:00","dateModified":"2025-04-25T15:32:31+00:00","breadcrumb":{"@id":"https:\/\/lospoliticosveracruz.com\/?p=142696#breadcrumb"},"inLanguage":"es","potentialAction":[{"@type":"ReadAction","target":["https:\/\/lospoliticosveracruz.com\/?p=142696"]}]},{"@type":"ImageObject","inLanguage":"es","@id":"https:\/\/lospoliticosveracruz.com\/?p=142696#primaryimage","url":"https:\/\/lospoliticosveracruz.com\/wp-content\/uploads\/2025\/04\/Bernardo-Gutierrez-Parra.jpg","contentUrl":"https:\/\/lospoliticosveracruz.com\/wp-content\/uploads\/2025\/04\/Bernardo-Gutierrez-Parra.jpg","width":1250,"height":667},{"@type":"BreadcrumbList","@id":"https:\/\/lospoliticosveracruz.com\/?p=142696#breadcrumb","itemListElement":[{"@type":"ListItem","position":1,"name":"Portada","item":"https:\/\/lospoliticosveracruz.com\/"},{"@type":"ListItem","position":2,"name":"AS\u00cd DE GRANDE ES EL MIEDO"}]},{"@type":"WebSite","@id":"https:\/\/lospoliticosveracruz.com\/#website","url":"https:\/\/lospoliticosveracruz.com\/","name":"Los pol\u00edticos Veracruz","description":"","publisher":{"@id":"https:\/\/lospoliticosveracruz.com\/#organization"},"potentialAction":[{"@type":"SearchAction","target":{"@type":"EntryPoint","urlTemplate":"https:\/\/lospoliticosveracruz.com\/?s={search_term_string}"},"query-input":{"@type":"PropertyValueSpecification","valueRequired":true,"valueName":"search_term_string"}}],"inLanguage":"es"},{"@type":"Organization","@id":"https:\/\/lospoliticosveracruz.com\/#organization","name":"Los pol\u00edticos Veracruz","url":"https:\/\/lospoliticosveracruz.com\/","logo":{"@type":"ImageObject","inLanguage":"es","@id":"https:\/\/lospoliticosveracruz.com\/#\/schema\/logo\/image\/","url":"https:\/\/lospoliticosveracruz.com\/wp-content\/uploads\/2025\/12\/Logo-Nuevo-LOS-POLITICOS-1.jpg","contentUrl":"https:\/\/lospoliticosveracruz.com\/wp-content\/uploads\/2025\/12\/Logo-Nuevo-LOS-POLITICOS-1.jpg","width":260,"height":70,"caption":"Los pol\u00edticos Veracruz"},"image":{"@id":"https:\/\/lospoliticosveracruz.com\/#\/schema\/logo\/image\/"},"sameAs":["https:\/\/www.facebook.com\/people\/Notimemes-de-los-Polticos\/61565672886568\/","https:\/\/x.com\/LosPoliticosVer"]},{"@type":"Person","@id":"https:\/\/lospoliticosveracruz.com\/#\/schema\/person\/b8702bb0e538456e6efd07080bf2a4a2","name":"Lo viste en Los Pol\u00edticos","image":{"@type":"ImageObject","inLanguage":"es","@id":"https:\/\/secure.gravatar.com\/avatar\/3a8de04a2656d44082be478bd6c086daa447c4651605818287b9532d3d0bd435?s=96&d=mm&r=g","url":"https:\/\/secure.gravatar.com\/avatar\/3a8de04a2656d44082be478bd6c086daa447c4651605818287b9532d3d0bd435?s=96&d=mm&r=g","contentUrl":"https:\/\/secure.gravatar.com\/avatar\/3a8de04a2656d44082be478bd6c086daa447c4651605818287b9532d3d0bd435?s=96&d=mm&r=g","caption":"Lo viste en Los Pol\u00edticos"},"url":"https:\/\/lospoliticosveracruz.com\/?author=2"}]}},"_links":{"self":[{"href":"https:\/\/lospoliticosveracruz.com\/index.php?rest_route=\/wp\/v2\/posts\/142696","targetHints":{"allow":["GET"]}}],"collection":[{"href":"https:\/\/lospoliticosveracruz.com\/index.php?rest_route=\/wp\/v2\/posts"}],"about":[{"href":"https:\/\/lospoliticosveracruz.com\/index.php?rest_route=\/wp\/v2\/types\/post"}],"author":[{"embeddable":true,"href":"https:\/\/lospoliticosveracruz.com\/index.php?rest_route=\/wp\/v2\/users\/2"}],"replies":[{"embeddable":true,"href":"https:\/\/lospoliticosveracruz.com\/index.php?rest_route=%2Fwp%2Fv2%2Fcomments&post=142696"}],"version-history":[{"count":1,"href":"https:\/\/lospoliticosveracruz.com\/index.php?rest_route=\/wp\/v2\/posts\/142696\/revisions"}],"predecessor-version":[{"id":142697,"href":"https:\/\/lospoliticosveracruz.com\/index.php?rest_route=\/wp\/v2\/posts\/142696\/revisions\/142697"}],"wp:featuredmedia":[{"embeddable":true,"href":"https:\/\/lospoliticosveracruz.com\/index.php?rest_route=\/wp\/v2\/media\/141479"}],"wp:attachment":[{"href":"https:\/\/lospoliticosveracruz.com\/index.php?rest_route=%2Fwp%2Fv2%2Fmedia&parent=142696"}],"wp:term":[{"taxonomy":"category","embeddable":true,"href":"https:\/\/lospoliticosveracruz.com\/index.php?rest_route=%2Fwp%2Fv2%2Fcategories&post=142696"},{"taxonomy":"post_tag","embeddable":true,"href":"https:\/\/lospoliticosveracruz.com\/index.php?rest_route=%2Fwp%2Fv2%2Ftags&post=142696"}],"curies":[{"name":"wp","href":"https:\/\/api.w.org\/{rel}","templated":true}]}}