{"id":14276,"date":"2014-12-20T20:21:21","date_gmt":"2014-12-21T02:21:21","guid":{"rendered":"http:\/\/www.lospoliticosveracruz.com.mx\/?p=14276"},"modified":"2014-12-20T20:21:21","modified_gmt":"2014-12-21T02:21:21","slug":"lo-que-realmente-beneficia-no-son-2-o-6-anos","status":"publish","type":"post","link":"https:\/\/lospoliticosveracruz.com\/?p=14276","title":{"rendered":"Lo que realmente beneficia no son 2 o 6 a\u00f1os"},"content":{"rendered":"<p><a href=\"http:\/\/www.lospoliticosveracruz.com.mx\/wp-content\/uploads\/2014\/12\/theo-elecciones04-1_rickamacho.jpg\"><img loading=\"lazy\" decoding=\"async\" class=\"alignnone size-medium wp-image-14277\" src=\"http:\/\/www.lospoliticosveracruz.com.mx\/wp-content\/uploads\/2014\/12\/theo-elecciones04-1_rickamacho-300x164.jpg\" alt=\"theo-elecciones04-1_rickamacho\" width=\"300\" height=\"164\" \/><\/a><\/p>\n<p><strong>Mtro. Manuel Galeana Morales<\/strong><\/p>\n<p><em>Hablando\u2026 Derecho<\/em><\/p>\n<p>&nbsp;<\/p>\n<p>Hola, muy buenos d\u00edas lectores, antes que nada quisiera aprovechar este espacio para desearles que pasen una muy feliz navidad en compa\u00f1\u00eda de todos sus seres queridos.<br \/>\nComo la mayor\u00eda de ustedes lo sabe, el tema pol\u00edtico de moda durante los \u00faltimos d\u00edas en el estado de Veracruz, es la llamada \u201cmini Gubernatura\u201d de dos a\u00f1os que ven\u00eda contemplada en la reforma pol\u00edtico-electoral que fue aprobada en el palacio legislativo de nuestro estado el pasado dieciocho de Diciembre.<br \/>\nEste tema ha generado gran controversia y debate entre los principales grupos pol\u00edticos que se disputan el poder en el Estado de Veracruz y b\u00e1sicamente solo existen dos posturas.<br \/>\nUna a favor y otra en contra\u2026<br \/>\nLas personas que se manifiestan a favor argumentan los beneficios econ\u00f3micos que traer\u00e1 consigo este mini gobierno de transici\u00f3n, pues cuando se logre homologar las elecciones locales con las federales, en unos a\u00f1os se reducir\u00e1n los periodos de elecciones y consecuentemente bajar\u00e1n los gastos que se producen en ellas.<br \/>\nY las personas de diversas ideolog\u00edas pol\u00edticas que se manifiestan en contra convergen en la opini\u00f3n que esta determinaci\u00f3n traer\u00e1 a Veracruz inestabilidad econ\u00f3mica debido a las fuertes erogaciones que producen las campa\u00f1as electorales que como sabemos realmente son muy costosas.<br \/>\nVisto lo anterior, me puse a pensar que es lo que conviene a los veracruzanos y realmente es indistinto si un gobernador dura dos o seis a\u00f1os, el problema a decir de las personas que se manifiestan en contra de esta iniciativa, es el dinero que se gastara en estas elecciones.<br \/>\nEn ese sentido mi soluci\u00f3n es la siguiente:<br \/>\nHomologar las elecciones locales con las federales, pero realizando un recorte dr\u00e1stico al presupuesto otorgado para este fin.<br \/>\nEs decir, realizar procesos electorales econ\u00f3micos y austeros donde los candidatos se den realmente a la tarea de recorrer casa por casa, congregarse en cada rinc\u00f3n de la entidad que buscan gobernar o del distrito que busquen representar, para as\u00ed pedir el voto personalmente.<br \/>\nEliminando costosos spots publicitarios en diversos medios de comunicaci\u00f3n, erradicando la contaminaci\u00f3n visual y ambiental que produce el papeler\u00edo y los espectaculares que se dejan por cada rinc\u00f3n de Veracruz, as\u00ed como dem\u00e1s erogaciones innecesarias que afectan nuestra econom\u00eda.<br \/>\nDe esta manera, se generar\u00e1 un acercamiento real a la ciudadan\u00eda que permita al futuro Gobernador o representante popular, el atender y conocer realmente los problemas y necesidades que aquejan a la ciudadan\u00eda, permitiendo as\u00ed que el electorado los conozca realmente para permitirles ponderar y valorar sus propuestas, calidad humana y moral<br \/>\nY teniendo como principal beneficio que el exceso de recurso econ\u00f3mico que tiene fines electorales sea destinado a diversos rubros que beneficien realmente a todos los veracruzanos.<br \/>\nLos principales actores pol\u00edticos que se han pronunciado a favor y en contra de la mini gubernatura, tienen el poder necesario para convertir esta propuesta en realidad , esto es lo que realmente deben buscar aquellas personas que dicen preocuparse por la estabilidad econ\u00f3mica de nuestro Estado y sus habitantes.<\/p>\n","protected":false},"excerpt":{"rendered":"<p>Mtro. Manuel Galeana Morales Hablando\u2026 Derecho &nbsp; Hola, muy buenos d\u00edas lectores, antes que nada quisiera aprovechar este espacio para desearles que pasen una muy feliz navidad en compa\u00f1\u00eda de todos sus seres queridos. Como la mayor\u00eda de ustedes lo sabe, el tema pol\u00edtico de moda durante los \u00faltimos d\u00edas en el estado de Veracruz, [&hellip;]<\/p>\n","protected":false},"author":2,"featured_media":0,"comment_status":"open","ping_status":"open","sticky":false,"template":"","format":"standard","meta":{"tdm_status":"","tdm_grid_status":"","footnotes":""},"categories":[70],"tags":[721,1219,1314],"class_list":{"0":"post-14276","1":"post","2":"type-post","3":"status-publish","4":"format-standard","6":"category-de-opinion","7":"tag-elecciones","8":"tag-gubernatura-dos-anos","9":"tag-minigubernatura"},"yoast_head":"<!-- This site is optimized with the Yoast SEO plugin v27.4 - https:\/\/yoast.com\/product\/yoast-seo-wordpress\/ -->\n<title>Lo que realmente beneficia no son 2 o 6 a\u00f1os - Los pol\u00edticos Veracruz<\/title>\n<meta name=\"robots\" content=\"index, follow, max-snippet:-1, max-image-preview:large, max-video-preview:-1\" \/>\n<link rel=\"canonical\" href=\"https:\/\/lospoliticosveracruz.com\/?p=14276\" \/>\n<meta property=\"og:locale\" content=\"es_ES\" \/>\n<meta property=\"og:type\" content=\"article\" \/>\n<meta property=\"og:title\" content=\"Lo que realmente beneficia no son 2 o 6 a\u00f1os - Los pol\u00edticos Veracruz\" \/>\n<meta property=\"og:description\" content=\"Mtro. Manuel Galeana Morales Hablando\u2026 Derecho &nbsp; Hola, muy buenos d\u00edas lectores, antes que nada quisiera aprovechar este espacio para desearles que pasen una muy feliz navidad en compa\u00f1\u00eda de todos sus seres queridos. Como la mayor\u00eda de ustedes lo sabe, el tema pol\u00edtico de moda durante los \u00faltimos d\u00edas en el estado de Veracruz, [&hellip;]\" \/>\n<meta property=\"og:url\" content=\"https:\/\/lospoliticosveracruz.com\/?p=14276\" \/>\n<meta property=\"og:site_name\" content=\"Los pol\u00edticos Veracruz\" \/>\n<meta property=\"article:publisher\" content=\"https:\/\/www.facebook.com\/people\/Notimemes-de-los-Polticos\/61565672886568\/\" \/>\n<meta property=\"article:published_time\" content=\"2014-12-21T02:21:21+00:00\" \/>\n<meta property=\"og:image\" content=\"http:\/\/www.lospoliticosveracruz.com.mx\/wp-content\/uploads\/2014\/12\/theo-elecciones04-1_rickamacho-300x164.jpg\" \/>\n<meta name=\"author\" content=\"Lo viste en Los Pol\u00edticos\" \/>\n<meta name=\"twitter:card\" content=\"summary_large_image\" \/>\n<meta name=\"twitter:creator\" content=\"@LosPoliticosVer\" \/>\n<meta name=\"twitter:site\" content=\"@LosPoliticosVer\" \/>\n<meta name=\"twitter:label1\" content=\"Escrito por\" \/>\n\t<meta name=\"twitter:data1\" content=\"Lo viste en Los Pol\u00edticos\" \/>\n\t<meta name=\"twitter:label2\" content=\"Tiempo de lectura\" \/>\n\t<meta name=\"twitter:data2\" content=\"3 minutos\" \/>\n<script type=\"application\/ld+json\" class=\"yoast-schema-graph\">{\"@context\":\"https:\\\/\\\/schema.org\",\"@graph\":[{\"@type\":\"Article\",\"@id\":\"https:\\\/\\\/lospoliticosveracruz.com\\\/?p=14276#article\",\"isPartOf\":{\"@id\":\"https:\\\/\\\/lospoliticosveracruz.com\\\/?p=14276\"},\"author\":{\"name\":\"Lo viste en Los Pol\u00edticos\",\"@id\":\"https:\\\/\\\/lospoliticosveracruz.com\\\/#\\\/schema\\\/person\\\/b8702bb0e538456e6efd07080bf2a4a2\"},\"headline\":\"Lo que realmente beneficia no son 2 o 6 a\u00f1os\",\"datePublished\":\"2014-12-21T02:21:21+00:00\",\"mainEntityOfPage\":{\"@id\":\"https:\\\/\\\/lospoliticosveracruz.com\\\/?p=14276\"},\"wordCount\":545,\"commentCount\":0,\"publisher\":{\"@id\":\"https:\\\/\\\/lospoliticosveracruz.com\\\/#organization\"},\"image\":{\"@id\":\"https:\\\/\\\/lospoliticosveracruz.com\\\/?p=14276#primaryimage\"},\"thumbnailUrl\":\"http:\\\/\\\/www.lospoliticosveracruz.com.mx\\\/wp-content\\\/uploads\\\/2014\\\/12\\\/theo-elecciones04-1_rickamacho-300x164.jpg\",\"keywords\":[\"elecciones\",\"Gubernatura dos a\u00f1os\",\"minigubernatura\"],\"articleSection\":[\"De Opini\u00f3n\"],\"inLanguage\":\"es\",\"potentialAction\":[{\"@type\":\"CommentAction\",\"name\":\"Comment\",\"target\":[\"https:\\\/\\\/lospoliticosveracruz.com\\\/?p=14276#respond\"]}]},{\"@type\":\"WebPage\",\"@id\":\"https:\\\/\\\/lospoliticosveracruz.com\\\/?p=14276\",\"url\":\"https:\\\/\\\/lospoliticosveracruz.com\\\/?p=14276\",\"name\":\"Lo que realmente beneficia no son 2 o 6 a\u00f1os - Los pol\u00edticos Veracruz\",\"isPartOf\":{\"@id\":\"https:\\\/\\\/lospoliticosveracruz.com\\\/#website\"},\"primaryImageOfPage\":{\"@id\":\"https:\\\/\\\/lospoliticosveracruz.com\\\/?p=14276#primaryimage\"},\"image\":{\"@id\":\"https:\\\/\\\/lospoliticosveracruz.com\\\/?p=14276#primaryimage\"},\"thumbnailUrl\":\"http:\\\/\\\/www.lospoliticosveracruz.com.mx\\\/wp-content\\\/uploads\\\/2014\\\/12\\\/theo-elecciones04-1_rickamacho-300x164.jpg\",\"datePublished\":\"2014-12-21T02:21:21+00:00\",\"breadcrumb\":{\"@id\":\"https:\\\/\\\/lospoliticosveracruz.com\\\/?p=14276#breadcrumb\"},\"inLanguage\":\"es\",\"potentialAction\":[{\"@type\":\"ReadAction\",\"target\":[\"https:\\\/\\\/lospoliticosveracruz.com\\\/?p=14276\"]}]},{\"@type\":\"ImageObject\",\"inLanguage\":\"es\",\"@id\":\"https:\\\/\\\/lospoliticosveracruz.com\\\/?p=14276#primaryimage\",\"url\":\"http:\\\/\\\/www.lospoliticosveracruz.com.mx\\\/wp-content\\\/uploads\\\/2014\\\/12\\\/theo-elecciones04-1_rickamacho-300x164.jpg\",\"contentUrl\":\"http:\\\/\\\/www.lospoliticosveracruz.com.mx\\\/wp-content\\\/uploads\\\/2014\\\/12\\\/theo-elecciones04-1_rickamacho-300x164.jpg\"},{\"@type\":\"BreadcrumbList\",\"@id\":\"https:\\\/\\\/lospoliticosveracruz.com\\\/?p=14276#breadcrumb\",\"itemListElement\":[{\"@type\":\"ListItem\",\"position\":1,\"name\":\"Portada\",\"item\":\"https:\\\/\\\/lospoliticosveracruz.com\\\/\"},{\"@type\":\"ListItem\",\"position\":2,\"name\":\"Lo que realmente beneficia no son 2 o 6 a\u00f1os\"}]},{\"@type\":\"WebSite\",\"@id\":\"https:\\\/\\\/lospoliticosveracruz.com\\\/#website\",\"url\":\"https:\\\/\\\/lospoliticosveracruz.com\\\/\",\"name\":\"Los pol\u00edticos Veracruz\",\"description\":\"\",\"publisher\":{\"@id\":\"https:\\\/\\\/lospoliticosveracruz.com\\\/#organization\"},\"potentialAction\":[{\"@type\":\"SearchAction\",\"target\":{\"@type\":\"EntryPoint\",\"urlTemplate\":\"https:\\\/\\\/lospoliticosveracruz.com\\\/?s={search_term_string}\"},\"query-input\":{\"@type\":\"PropertyValueSpecification\",\"valueRequired\":true,\"valueName\":\"search_term_string\"}}],\"inLanguage\":\"es\"},{\"@type\":\"Organization\",\"@id\":\"https:\\\/\\\/lospoliticosveracruz.com\\\/#organization\",\"name\":\"Los pol\u00edticos Veracruz\",\"url\":\"https:\\\/\\\/lospoliticosveracruz.com\\\/\",\"logo\":{\"@type\":\"ImageObject\",\"inLanguage\":\"es\",\"@id\":\"https:\\\/\\\/lospoliticosveracruz.com\\\/#\\\/schema\\\/logo\\\/image\\\/\",\"url\":\"https:\\\/\\\/lospoliticosveracruz.com\\\/wp-content\\\/uploads\\\/2025\\\/12\\\/Logo-Nuevo-LOS-POLITICOS-1.jpg\",\"contentUrl\":\"https:\\\/\\\/lospoliticosveracruz.com\\\/wp-content\\\/uploads\\\/2025\\\/12\\\/Logo-Nuevo-LOS-POLITICOS-1.jpg\",\"width\":260,\"height\":70,\"caption\":\"Los pol\u00edticos Veracruz\"},\"image\":{\"@id\":\"https:\\\/\\\/lospoliticosveracruz.com\\\/#\\\/schema\\\/logo\\\/image\\\/\"},\"sameAs\":[\"https:\\\/\\\/www.facebook.com\\\/people\\\/Notimemes-de-los-Polticos\\\/61565672886568\\\/\",\"https:\\\/\\\/x.com\\\/LosPoliticosVer\"]},{\"@type\":\"Person\",\"@id\":\"https:\\\/\\\/lospoliticosveracruz.com\\\/#\\\/schema\\\/person\\\/b8702bb0e538456e6efd07080bf2a4a2\",\"name\":\"Lo viste en Los Pol\u00edticos\",\"image\":{\"@type\":\"ImageObject\",\"inLanguage\":\"es\",\"@id\":\"https:\\\/\\\/secure.gravatar.com\\\/avatar\\\/3a8de04a2656d44082be478bd6c086daa447c4651605818287b9532d3d0bd435?s=96&d=mm&r=g\",\"url\":\"https:\\\/\\\/secure.gravatar.com\\\/avatar\\\/3a8de04a2656d44082be478bd6c086daa447c4651605818287b9532d3d0bd435?s=96&d=mm&r=g\",\"contentUrl\":\"https:\\\/\\\/secure.gravatar.com\\\/avatar\\\/3a8de04a2656d44082be478bd6c086daa447c4651605818287b9532d3d0bd435?s=96&d=mm&r=g\",\"caption\":\"Lo viste en Los Pol\u00edticos\"},\"url\":\"https:\\\/\\\/lospoliticosveracruz.com\\\/?author=2\"}]}<\/script>\n<!-- \/ Yoast SEO plugin. -->","yoast_head_json":{"title":"Lo que realmente beneficia no son 2 o 6 a\u00f1os - Los pol\u00edticos Veracruz","robots":{"index":"index","follow":"follow","max-snippet":"max-snippet:-1","max-image-preview":"max-image-preview:large","max-video-preview":"max-video-preview:-1"},"canonical":"https:\/\/lospoliticosveracruz.com\/?p=14276","og_locale":"es_ES","og_type":"article","og_title":"Lo que realmente beneficia no son 2 o 6 a\u00f1os - Los pol\u00edticos Veracruz","og_description":"Mtro. Manuel Galeana Morales Hablando\u2026 Derecho &nbsp; Hola, muy buenos d\u00edas lectores, antes que nada quisiera aprovechar este espacio para desearles que pasen una muy feliz navidad en compa\u00f1\u00eda de todos sus seres queridos. Como la mayor\u00eda de ustedes lo sabe, el tema pol\u00edtico de moda durante los \u00faltimos d\u00edas en el estado de Veracruz, [&hellip;]","og_url":"https:\/\/lospoliticosveracruz.com\/?p=14276","og_site_name":"Los pol\u00edticos Veracruz","article_publisher":"https:\/\/www.facebook.com\/people\/Notimemes-de-los-Polticos\/61565672886568\/","article_published_time":"2014-12-21T02:21:21+00:00","og_image":[{"url":"http:\/\/www.lospoliticosveracruz.com.mx\/wp-content\/uploads\/2014\/12\/theo-elecciones04-1_rickamacho-300x164.jpg","type":"","width":"","height":""}],"author":"Lo viste en Los Pol\u00edticos","twitter_card":"summary_large_image","twitter_creator":"@LosPoliticosVer","twitter_site":"@LosPoliticosVer","twitter_misc":{"Escrito por":"Lo viste en Los Pol\u00edticos","Tiempo de lectura":"3 minutos"},"schema":{"@context":"https:\/\/schema.org","@graph":[{"@type":"Article","@id":"https:\/\/lospoliticosveracruz.com\/?p=14276#article","isPartOf":{"@id":"https:\/\/lospoliticosveracruz.com\/?p=14276"},"author":{"name":"Lo viste en Los Pol\u00edticos","@id":"https:\/\/lospoliticosveracruz.com\/#\/schema\/person\/b8702bb0e538456e6efd07080bf2a4a2"},"headline":"Lo que realmente beneficia no son 2 o 6 a\u00f1os","datePublished":"2014-12-21T02:21:21+00:00","mainEntityOfPage":{"@id":"https:\/\/lospoliticosveracruz.com\/?p=14276"},"wordCount":545,"commentCount":0,"publisher":{"@id":"https:\/\/lospoliticosveracruz.com\/#organization"},"image":{"@id":"https:\/\/lospoliticosveracruz.com\/?p=14276#primaryimage"},"thumbnailUrl":"http:\/\/www.lospoliticosveracruz.com.mx\/wp-content\/uploads\/2014\/12\/theo-elecciones04-1_rickamacho-300x164.jpg","keywords":["elecciones","Gubernatura dos a\u00f1os","minigubernatura"],"articleSection":["De Opini\u00f3n"],"inLanguage":"es","potentialAction":[{"@type":"CommentAction","name":"Comment","target":["https:\/\/lospoliticosveracruz.com\/?p=14276#respond"]}]},{"@type":"WebPage","@id":"https:\/\/lospoliticosveracruz.com\/?p=14276","url":"https:\/\/lospoliticosveracruz.com\/?p=14276","name":"Lo que realmente beneficia no son 2 o 6 a\u00f1os - Los pol\u00edticos Veracruz","isPartOf":{"@id":"https:\/\/lospoliticosveracruz.com\/#website"},"primaryImageOfPage":{"@id":"https:\/\/lospoliticosveracruz.com\/?p=14276#primaryimage"},"image":{"@id":"https:\/\/lospoliticosveracruz.com\/?p=14276#primaryimage"},"thumbnailUrl":"http:\/\/www.lospoliticosveracruz.com.mx\/wp-content\/uploads\/2014\/12\/theo-elecciones04-1_rickamacho-300x164.jpg","datePublished":"2014-12-21T02:21:21+00:00","breadcrumb":{"@id":"https:\/\/lospoliticosveracruz.com\/?p=14276#breadcrumb"},"inLanguage":"es","potentialAction":[{"@type":"ReadAction","target":["https:\/\/lospoliticosveracruz.com\/?p=14276"]}]},{"@type":"ImageObject","inLanguage":"es","@id":"https:\/\/lospoliticosveracruz.com\/?p=14276#primaryimage","url":"http:\/\/www.lospoliticosveracruz.com.mx\/wp-content\/uploads\/2014\/12\/theo-elecciones04-1_rickamacho-300x164.jpg","contentUrl":"http:\/\/www.lospoliticosveracruz.com.mx\/wp-content\/uploads\/2014\/12\/theo-elecciones04-1_rickamacho-300x164.jpg"},{"@type":"BreadcrumbList","@id":"https:\/\/lospoliticosveracruz.com\/?p=14276#breadcrumb","itemListElement":[{"@type":"ListItem","position":1,"name":"Portada","item":"https:\/\/lospoliticosveracruz.com\/"},{"@type":"ListItem","position":2,"name":"Lo que realmente beneficia no son 2 o 6 a\u00f1os"}]},{"@type":"WebSite","@id":"https:\/\/lospoliticosveracruz.com\/#website","url":"https:\/\/lospoliticosveracruz.com\/","name":"Los pol\u00edticos Veracruz","description":"","publisher":{"@id":"https:\/\/lospoliticosveracruz.com\/#organization"},"potentialAction":[{"@type":"SearchAction","target":{"@type":"EntryPoint","urlTemplate":"https:\/\/lospoliticosveracruz.com\/?s={search_term_string}"},"query-input":{"@type":"PropertyValueSpecification","valueRequired":true,"valueName":"search_term_string"}}],"inLanguage":"es"},{"@type":"Organization","@id":"https:\/\/lospoliticosveracruz.com\/#organization","name":"Los pol\u00edticos Veracruz","url":"https:\/\/lospoliticosveracruz.com\/","logo":{"@type":"ImageObject","inLanguage":"es","@id":"https:\/\/lospoliticosveracruz.com\/#\/schema\/logo\/image\/","url":"https:\/\/lospoliticosveracruz.com\/wp-content\/uploads\/2025\/12\/Logo-Nuevo-LOS-POLITICOS-1.jpg","contentUrl":"https:\/\/lospoliticosveracruz.com\/wp-content\/uploads\/2025\/12\/Logo-Nuevo-LOS-POLITICOS-1.jpg","width":260,"height":70,"caption":"Los pol\u00edticos Veracruz"},"image":{"@id":"https:\/\/lospoliticosveracruz.com\/#\/schema\/logo\/image\/"},"sameAs":["https:\/\/www.facebook.com\/people\/Notimemes-de-los-Polticos\/61565672886568\/","https:\/\/x.com\/LosPoliticosVer"]},{"@type":"Person","@id":"https:\/\/lospoliticosveracruz.com\/#\/schema\/person\/b8702bb0e538456e6efd07080bf2a4a2","name":"Lo viste en Los Pol\u00edticos","image":{"@type":"ImageObject","inLanguage":"es","@id":"https:\/\/secure.gravatar.com\/avatar\/3a8de04a2656d44082be478bd6c086daa447c4651605818287b9532d3d0bd435?s=96&d=mm&r=g","url":"https:\/\/secure.gravatar.com\/avatar\/3a8de04a2656d44082be478bd6c086daa447c4651605818287b9532d3d0bd435?s=96&d=mm&r=g","contentUrl":"https:\/\/secure.gravatar.com\/avatar\/3a8de04a2656d44082be478bd6c086daa447c4651605818287b9532d3d0bd435?s=96&d=mm&r=g","caption":"Lo viste en Los Pol\u00edticos"},"url":"https:\/\/lospoliticosveracruz.com\/?author=2"}]}},"_links":{"self":[{"href":"https:\/\/lospoliticosveracruz.com\/index.php?rest_route=\/wp\/v2\/posts\/14276","targetHints":{"allow":["GET"]}}],"collection":[{"href":"https:\/\/lospoliticosveracruz.com\/index.php?rest_route=\/wp\/v2\/posts"}],"about":[{"href":"https:\/\/lospoliticosveracruz.com\/index.php?rest_route=\/wp\/v2\/types\/post"}],"author":[{"embeddable":true,"href":"https:\/\/lospoliticosveracruz.com\/index.php?rest_route=\/wp\/v2\/users\/2"}],"replies":[{"embeddable":true,"href":"https:\/\/lospoliticosveracruz.com\/index.php?rest_route=%2Fwp%2Fv2%2Fcomments&post=14276"}],"version-history":[{"count":1,"href":"https:\/\/lospoliticosveracruz.com\/index.php?rest_route=\/wp\/v2\/posts\/14276\/revisions"}],"predecessor-version":[{"id":14278,"href":"https:\/\/lospoliticosveracruz.com\/index.php?rest_route=\/wp\/v2\/posts\/14276\/revisions\/14278"}],"wp:attachment":[{"href":"https:\/\/lospoliticosveracruz.com\/index.php?rest_route=%2Fwp%2Fv2%2Fmedia&parent=14276"}],"wp:term":[{"taxonomy":"category","embeddable":true,"href":"https:\/\/lospoliticosveracruz.com\/index.php?rest_route=%2Fwp%2Fv2%2Fcategories&post=14276"},{"taxonomy":"post_tag","embeddable":true,"href":"https:\/\/lospoliticosveracruz.com\/index.php?rest_route=%2Fwp%2Fv2%2Ftags&post=14276"}],"curies":[{"name":"wp","href":"https:\/\/api.w.org\/{rel}","templated":true}]}}