{"id":142845,"date":"2025-04-28T07:27:52","date_gmt":"2025-04-28T12:27:52","guid":{"rendered":"https:\/\/lospoliticosveracruz.com.mx\/?p=142845"},"modified":"2025-04-28T07:28:47","modified_gmt":"2025-04-28T12:28:47","slug":"arrancan-2","status":"publish","type":"post","link":"https:\/\/lospoliticosveracruz.com\/?p=142845","title":{"rendered":"ARRANCAN!"},"content":{"rendered":"\n<p>[S\u00edguenos ahora tambi\u00e9n en WhatsApp.\u00a0<a href=\"https:\/\/whatsapp.com\/channel\/0029Va8zRWlEKyZIP3Z1dF0e\"><strong><em>Da clic aqu\u00ed<\/em><\/strong><\/a>]\u00a0<br><strong>Omar Z\u00fa\u00f1iga<\/strong><\/p>\n\n\n\n<p><em>De Primera Mano<\/em><\/p>\n\n\n\n<p>En el primer minuto de ma\u00f1ana martes, 29 de abril, empiezan las campa\u00f1as para elegir alcaldes en los 212 municipios del estado.<\/p>\n\n\n\n<p>Una campa\u00f1a que durar\u00e1 30 d\u00edas, escasos para algunos candidatos, largu\u00edsimos para otros.<\/p>\n\n\n\n<p>Lapso durante el cual deber\u00e1n convencer al electorado que a\u00fan no define su voto y que en muchas ocasiones es el que define ganadores.<\/p>\n\n\n\n<p>Morena se siente ganador en todos,&nbsp;sin embargo, dicen que la soberbia es el \u00fanico pecado que Dios no perdona.<\/p>\n\n\n\n<p>Xalapa por ejemplo,&nbsp;es un caso emblem\u00e1tico, con un voto m\u00e1s razonado que en otras ciudades del estado, y donde este fin de semana circul\u00f3 una encuesta de conocimiento, que pone a&nbsp;<strong>Silvio Lagos<\/strong>por delante, pero de hecho en empate t\u00e9cnico, con la candidata de Morena&nbsp;<strong>Daniela Griego<\/strong>.<\/p>\n\n\n\n<p>Con&nbsp;<strong>Rom\u00e1n Moreno<\/strong>&nbsp;de MC en la pelea y con una candidata del PAN al fondo, que no es querida por los panistas&nbsp;<strong>Maribel Ram\u00edrez Topete<\/strong>&nbsp;y quien por cierto tendr\u00eda problemas para encontrar suplente para su representante ante el OPLE y peor a\u00fan, sin un ente fiscalizador de su campa\u00f1a, lo que ser\u00eda realmente grave, pues habla, entre otras cosas, de que no hay cohesi\u00f3n en su equipo de campa\u00f1a y que los rumores de que los panistas la soltaron, son ciertos.<\/p>\n\n\n\n<p>Ya se ver\u00e1, pues, c\u00f3mo marchan las cosas en estos d\u00edas por venir.<\/p>\n\n\n\n<p>*****<\/p>\n\n\n\n<p>Las irregularidades al interior de la&nbsp;Secretar\u00eda de Educaci\u00f3n&nbsp;de Veracruz no cesan,&nbsp;por el contrario, desde la llegada de&nbsp;<strong>Claudi<\/strong><strong>a<\/strong><strong>&nbsp;<\/strong><strong>T<\/strong><strong>ello<\/strong>&nbsp;como titular,lamentablemente han&nbsp;empeorado, tanto el exterior, desde los pasajes contra los&nbsp;maestros&nbsp;de la Secci\u00f3n 32 del SNTE, pero tambi\u00e9n el interior de la misma Secretar\u00eda.<\/p>\n\n\n\n<p>Sabemos&nbsp;<strong>De Primera Mano<\/strong>&nbsp;que&nbsp;el titular de la Coordinaci\u00f3n para la Difusi\u00f3n y Optimizaci\u00f3n de los Servicios Educativos,&nbsp;adem\u00e1s de que es&nbsp;un \u00e1rea que ha&nbsp;cambiado de titular tres veces&nbsp;en lo que va de este sexenio, s\u00ed ley\u00f3 bien, tres titulares de \u00e1rea en unos tres meses, pues el actual&nbsp;<strong>\u00c1ngel Eduardo Lagunes Vasto<\/strong>, de profesi\u00f3n ingeniero, lleg\u00f3 el pasado&nbsp;mes de marzo (aunque enquistado en la SEV desde noviembre), despu\u00e9s de&nbsp;<strong>Leo Hern\u00e1ndez<\/strong>e&nbsp;<strong>Ingrid Huesca<\/strong>, reportera de profesi\u00f3n, con experiencia en la comunicaci\u00f3n institucional, que sali\u00f3 debido a las grillas.<\/p>\n\n\n\n<p>Aunque se supone que Lagunes Vasto llega a ese puesto, gracias a su probable lazo familiar (primo pol\u00edtico) con quien fuera el secretario particular de la secretaria Claudia Tello, la realidad es que habr\u00eda nexos con el actual diputado federal y apestado de la admisnitraci\u00f3n estatal de la gobernadora&nbsp;<strong>Roc\u00edo Nahle<\/strong><strong>,<\/strong>&nbsp;<strong>Zenyazen Escobar<\/strong>, adem\u00e1s persona muy cercana al in\u00fatil (AMLO dixit) del exgobernador&nbsp;<strong>Cuitl\u00e1huac Garc\u00eda<\/strong>.<\/p>\n\n\n\n<p>Estos nexos se dan a trav\u00e9s de su incondicional&nbsp;<strong>Aldo Valerio<\/strong>, que durante la campa\u00f1a el a\u00f1o pasado habr\u00eda tenido el poder de integrar a mucha gente como \u201caviadora\u201d&nbsp;en la n\u00f3mina, que \u201ccoincidentemente\u201d, se ha quedado en la pantilla actual de la Coordinaci\u00f3n de Difusi\u00f3n,&nbsp;en puestos de confianza y con mucha cercan\u00eda al titular, el ingeniero&nbsp;<strong>Lagunes Vasto<\/strong>, lo que es por supuesto con su consentimiento, entonces la gente cuestiona si Zenyazen sigue gobernando la SEV o si hay traidores al interior.<\/p>\n\n\n\n<p>Esta circunstancia, tiene m\u00e1s que molesta a la plantilla actual, pues lejos de buscar gente con el perfil adecuado, se incluye a gente mediocre,&nbsp;sin perfil profesional, \u201cjustamente como \u00e9l\u201d, seg\u00fan las denuncias recibidas.<\/p>\n\n\n\n<p>En resumen, hay dos&nbsp;asuntos&nbsp;que tienen que ver con las denuncias recibidas.<\/p>\n\n\n\n<p>La primera de ellas es la que le platicamos l\u00edneas arriba, que est\u00e1n buscando gente af\u00edn a este personaje, aunque no tengan el perfil adecuado, lo importante&nbsp;es que sean serviles con el jefe, no que le sirvan a la&nbsp;instituci\u00f3n.<\/p>\n\n\n\n<p>Hay que recordarles que ejercer un puesto p\u00fablico sin la preparaci\u00f3n adecuada y el perfil id\u00f3neo, tambi\u00e9n es corrupci\u00f3n.<\/p>\n\n\n\n<p>Por otro lado, que hay denuncias por presunto acoso y violencia laboral.<\/p>\n\n\n\n<p>Vienen las preguntas -\u00bfDebemos&nbsp;seguir normalizando la violencia&nbsp;o&nbsp;acostumbrarnos a ella?,-\u00bfqu\u00e9 estar\u00e1n esperando las autoridades realmentepara actuar?,&nbsp;-\u00bfporqu\u00e9 se protege a alguien sin perfil ni experiencia para ese cargo&nbsp;y adem\u00e1s con se\u00f1alamientos por acoso?<\/p>\n\n\n\n<p>Estas preguntas vienen a cuento porque todas estas irregularidades son del conocimiento del subsecretario,&nbsp;<strong>El\u00edas Calixto<\/strong>;&nbsp;del coordinador de&nbsp;Delegaciones&nbsp;de la SEV; del Oficial Mayor,&nbsp;<strong>Jos\u00e9 Ram\u00f3n Cardona<\/strong>; de la&nbsp;titular de la Unidad de&nbsp;G\u00e9nero,&nbsp;<strong>Perla Estrellita Aguilar<\/strong>; y por supuesto, de la mism\u00edsima secretaria de Educaci\u00f3n de Veracruz,&nbsp;<strong>Claudia Tello<\/strong>.<\/p>\n\n\n\n<p>Preguntas de las que esperamos haya pronta respuesta, porque al final del d\u00eda, a quien hacen quedar mal es a la SEV, pero sobre todo, al gobierno de Veracuz que encabeza una mujer.&nbsp;<\/p>\n\n\n\n<p>\u00a1Qu\u00e9 barbaridad!<\/p>\n\n\n\n<p>deprimera.mano2020@gmail.com<\/p>\n","protected":false},"excerpt":{"rendered":"<p>[S\u00edguenos ahora tambi\u00e9n en WhatsApp.\u00a0Da clic aqu\u00ed]\u00a0Omar Z\u00fa\u00f1iga De Primera Mano En el primer minuto de ma\u00f1ana martes, 29 de abril, empiezan las campa\u00f1as para elegir alcaldes en los 212 municipios del estado. Una campa\u00f1a que durar\u00e1 30 d\u00edas, escasos para algunos candidatos, largu\u00edsimos para otros. Lapso durante el cual deber\u00e1n convencer al electorado que [&hellip;]<\/p>\n","protected":false},"author":2,"featured_media":141427,"comment_status":"closed","ping_status":"closed","sticky":false,"template":"","format":"standard","meta":{"tdm_status":"","tdm_grid_status":"","footnotes":""},"categories":[70],"tags":[1026,40459,3127,195,96],"class_list":{"0":"post-142845","1":"post","2":"type-post","3":"status-publish","4":"format-standard","5":"has-post-thumbnail","7":"category-de-opinion","8":"tag-morena","9":"tag-roman-moreno","10":"tag-silvio-lagos","11":"tag-veracruz","12":"tag-xalapa"},"yoast_head":"<!-- This site is optimized with the Yoast SEO plugin v27.4 - https:\/\/yoast.com\/product\/yoast-seo-wordpress\/ -->\n<title>ARRANCAN! - Los pol\u00edticos Veracruz<\/title>\n<meta name=\"robots\" content=\"index, follow, max-snippet:-1, max-image-preview:large, max-video-preview:-1\" \/>\n<link rel=\"canonical\" href=\"https:\/\/lospoliticosveracruz.com\/?p=142845\" \/>\n<meta property=\"og:locale\" content=\"es_ES\" \/>\n<meta property=\"og:type\" content=\"article\" \/>\n<meta property=\"og:title\" content=\"ARRANCAN! - Los pol\u00edticos Veracruz\" \/>\n<meta property=\"og:description\" content=\"[S\u00edguenos ahora tambi\u00e9n en WhatsApp.\u00a0Da clic aqu\u00ed]\u00a0Omar Z\u00fa\u00f1iga De Primera Mano En el primer minuto de ma\u00f1ana martes, 29 de abril, empiezan las campa\u00f1as para elegir alcaldes en los 212 municipios del estado. Una campa\u00f1a que durar\u00e1 30 d\u00edas, escasos para algunos candidatos, largu\u00edsimos para otros. Lapso durante el cual deber\u00e1n convencer al electorado que [&hellip;]\" \/>\n<meta property=\"og:url\" content=\"https:\/\/lospoliticosveracruz.com\/?p=142845\" \/>\n<meta property=\"og:site_name\" content=\"Los pol\u00edticos Veracruz\" \/>\n<meta property=\"article:publisher\" content=\"https:\/\/www.facebook.com\/people\/Notimemes-de-los-Polticos\/61565672886568\/\" \/>\n<meta property=\"article:published_time\" content=\"2025-04-28T12:27:52+00:00\" \/>\n<meta property=\"article:modified_time\" content=\"2025-04-28T12:28:47+00:00\" \/>\n<meta property=\"og:image\" content=\"https:\/\/lospoliticosveracruz.com\/wp-content\/uploads\/2025\/04\/Omar-Zuniga.jpg\" \/>\n\t<meta property=\"og:image:width\" content=\"1250\" \/>\n\t<meta property=\"og:image:height\" content=\"667\" \/>\n\t<meta property=\"og:image:type\" content=\"image\/jpeg\" \/>\n<meta name=\"author\" content=\"Lo viste en Los Pol\u00edticos\" \/>\n<meta name=\"twitter:card\" content=\"summary_large_image\" \/>\n<meta name=\"twitter:creator\" content=\"@LosPoliticosVer\" \/>\n<meta name=\"twitter:site\" content=\"@LosPoliticosVer\" \/>\n<meta name=\"twitter:label1\" content=\"Escrito por\" \/>\n\t<meta name=\"twitter:data1\" content=\"Lo viste en Los Pol\u00edticos\" \/>\n\t<meta name=\"twitter:label2\" content=\"Tiempo de lectura\" \/>\n\t<meta name=\"twitter:data2\" content=\"5 minutos\" \/>\n<script type=\"application\/ld+json\" class=\"yoast-schema-graph\">{\"@context\":\"https:\\\/\\\/schema.org\",\"@graph\":[{\"@type\":\"Article\",\"@id\":\"https:\\\/\\\/lospoliticosveracruz.com\\\/?p=142845#article\",\"isPartOf\":{\"@id\":\"https:\\\/\\\/lospoliticosveracruz.com\\\/?p=142845\"},\"author\":{\"name\":\"Lo viste en Los Pol\u00edticos\",\"@id\":\"https:\\\/\\\/lospoliticosveracruz.com\\\/#\\\/schema\\\/person\\\/b8702bb0e538456e6efd07080bf2a4a2\"},\"headline\":\"ARRANCAN!\",\"datePublished\":\"2025-04-28T12:27:52+00:00\",\"dateModified\":\"2025-04-28T12:28:47+00:00\",\"mainEntityOfPage\":{\"@id\":\"https:\\\/\\\/lospoliticosveracruz.com\\\/?p=142845\"},\"wordCount\":907,\"publisher\":{\"@id\":\"https:\\\/\\\/lospoliticosveracruz.com\\\/#organization\"},\"image\":{\"@id\":\"https:\\\/\\\/lospoliticosveracruz.com\\\/?p=142845#primaryimage\"},\"thumbnailUrl\":\"https:\\\/\\\/lospoliticosveracruz.com\\\/wp-content\\\/uploads\\\/2025\\\/04\\\/Omar-Zuniga.jpg\",\"keywords\":[\"Morena\",\"Rom\u00e1n Moreno\",\"Silvio Lagos\",\"Veracruz\",\"Xalapa\"],\"articleSection\":[\"De Opini\u00f3n\"],\"inLanguage\":\"es\"},{\"@type\":\"WebPage\",\"@id\":\"https:\\\/\\\/lospoliticosveracruz.com\\\/?p=142845\",\"url\":\"https:\\\/\\\/lospoliticosveracruz.com\\\/?p=142845\",\"name\":\"ARRANCAN! - Los pol\u00edticos Veracruz\",\"isPartOf\":{\"@id\":\"https:\\\/\\\/lospoliticosveracruz.com\\\/#website\"},\"primaryImageOfPage\":{\"@id\":\"https:\\\/\\\/lospoliticosveracruz.com\\\/?p=142845#primaryimage\"},\"image\":{\"@id\":\"https:\\\/\\\/lospoliticosveracruz.com\\\/?p=142845#primaryimage\"},\"thumbnailUrl\":\"https:\\\/\\\/lospoliticosveracruz.com\\\/wp-content\\\/uploads\\\/2025\\\/04\\\/Omar-Zuniga.jpg\",\"datePublished\":\"2025-04-28T12:27:52+00:00\",\"dateModified\":\"2025-04-28T12:28:47+00:00\",\"breadcrumb\":{\"@id\":\"https:\\\/\\\/lospoliticosveracruz.com\\\/?p=142845#breadcrumb\"},\"inLanguage\":\"es\",\"potentialAction\":[{\"@type\":\"ReadAction\",\"target\":[\"https:\\\/\\\/lospoliticosveracruz.com\\\/?p=142845\"]}]},{\"@type\":\"ImageObject\",\"inLanguage\":\"es\",\"@id\":\"https:\\\/\\\/lospoliticosveracruz.com\\\/?p=142845#primaryimage\",\"url\":\"https:\\\/\\\/lospoliticosveracruz.com\\\/wp-content\\\/uploads\\\/2025\\\/04\\\/Omar-Zuniga.jpg\",\"contentUrl\":\"https:\\\/\\\/lospoliticosveracruz.com\\\/wp-content\\\/uploads\\\/2025\\\/04\\\/Omar-Zuniga.jpg\",\"width\":1250,\"height\":667},{\"@type\":\"BreadcrumbList\",\"@id\":\"https:\\\/\\\/lospoliticosveracruz.com\\\/?p=142845#breadcrumb\",\"itemListElement\":[{\"@type\":\"ListItem\",\"position\":1,\"name\":\"Portada\",\"item\":\"https:\\\/\\\/lospoliticosveracruz.com\\\/\"},{\"@type\":\"ListItem\",\"position\":2,\"name\":\"ARRANCAN!\"}]},{\"@type\":\"WebSite\",\"@id\":\"https:\\\/\\\/lospoliticosveracruz.com\\\/#website\",\"url\":\"https:\\\/\\\/lospoliticosveracruz.com\\\/\",\"name\":\"Los pol\u00edticos Veracruz\",\"description\":\"\",\"publisher\":{\"@id\":\"https:\\\/\\\/lospoliticosveracruz.com\\\/#organization\"},\"potentialAction\":[{\"@type\":\"SearchAction\",\"target\":{\"@type\":\"EntryPoint\",\"urlTemplate\":\"https:\\\/\\\/lospoliticosveracruz.com\\\/?s={search_term_string}\"},\"query-input\":{\"@type\":\"PropertyValueSpecification\",\"valueRequired\":true,\"valueName\":\"search_term_string\"}}],\"inLanguage\":\"es\"},{\"@type\":\"Organization\",\"@id\":\"https:\\\/\\\/lospoliticosveracruz.com\\\/#organization\",\"name\":\"Los pol\u00edticos Veracruz\",\"url\":\"https:\\\/\\\/lospoliticosveracruz.com\\\/\",\"logo\":{\"@type\":\"ImageObject\",\"inLanguage\":\"es\",\"@id\":\"https:\\\/\\\/lospoliticosveracruz.com\\\/#\\\/schema\\\/logo\\\/image\\\/\",\"url\":\"https:\\\/\\\/lospoliticosveracruz.com\\\/wp-content\\\/uploads\\\/2025\\\/12\\\/Logo-Nuevo-LOS-POLITICOS-1.jpg\",\"contentUrl\":\"https:\\\/\\\/lospoliticosveracruz.com\\\/wp-content\\\/uploads\\\/2025\\\/12\\\/Logo-Nuevo-LOS-POLITICOS-1.jpg\",\"width\":260,\"height\":70,\"caption\":\"Los pol\u00edticos Veracruz\"},\"image\":{\"@id\":\"https:\\\/\\\/lospoliticosveracruz.com\\\/#\\\/schema\\\/logo\\\/image\\\/\"},\"sameAs\":[\"https:\\\/\\\/www.facebook.com\\\/people\\\/Notimemes-de-los-Polticos\\\/61565672886568\\\/\",\"https:\\\/\\\/x.com\\\/LosPoliticosVer\"]},{\"@type\":\"Person\",\"@id\":\"https:\\\/\\\/lospoliticosveracruz.com\\\/#\\\/schema\\\/person\\\/b8702bb0e538456e6efd07080bf2a4a2\",\"name\":\"Lo viste en Los Pol\u00edticos\",\"image\":{\"@type\":\"ImageObject\",\"inLanguage\":\"es\",\"@id\":\"https:\\\/\\\/secure.gravatar.com\\\/avatar\\\/3a8de04a2656d44082be478bd6c086daa447c4651605818287b9532d3d0bd435?s=96&d=mm&r=g\",\"url\":\"https:\\\/\\\/secure.gravatar.com\\\/avatar\\\/3a8de04a2656d44082be478bd6c086daa447c4651605818287b9532d3d0bd435?s=96&d=mm&r=g\",\"contentUrl\":\"https:\\\/\\\/secure.gravatar.com\\\/avatar\\\/3a8de04a2656d44082be478bd6c086daa447c4651605818287b9532d3d0bd435?s=96&d=mm&r=g\",\"caption\":\"Lo viste en Los Pol\u00edticos\"},\"url\":\"https:\\\/\\\/lospoliticosveracruz.com\\\/?author=2\"}]}<\/script>\n<!-- \/ Yoast SEO plugin. -->","yoast_head_json":{"title":"ARRANCAN! - Los pol\u00edticos Veracruz","robots":{"index":"index","follow":"follow","max-snippet":"max-snippet:-1","max-image-preview":"max-image-preview:large","max-video-preview":"max-video-preview:-1"},"canonical":"https:\/\/lospoliticosveracruz.com\/?p=142845","og_locale":"es_ES","og_type":"article","og_title":"ARRANCAN! - Los pol\u00edticos Veracruz","og_description":"[S\u00edguenos ahora tambi\u00e9n en WhatsApp.\u00a0Da clic aqu\u00ed]\u00a0Omar Z\u00fa\u00f1iga De Primera Mano En el primer minuto de ma\u00f1ana martes, 29 de abril, empiezan las campa\u00f1as para elegir alcaldes en los 212 municipios del estado. Una campa\u00f1a que durar\u00e1 30 d\u00edas, escasos para algunos candidatos, largu\u00edsimos para otros. Lapso durante el cual deber\u00e1n convencer al electorado que [&hellip;]","og_url":"https:\/\/lospoliticosveracruz.com\/?p=142845","og_site_name":"Los pol\u00edticos Veracruz","article_publisher":"https:\/\/www.facebook.com\/people\/Notimemes-de-los-Polticos\/61565672886568\/","article_published_time":"2025-04-28T12:27:52+00:00","article_modified_time":"2025-04-28T12:28:47+00:00","og_image":[{"width":1250,"height":667,"url":"https:\/\/lospoliticosveracruz.com\/wp-content\/uploads\/2025\/04\/Omar-Zuniga.jpg","type":"image\/jpeg"}],"author":"Lo viste en Los Pol\u00edticos","twitter_card":"summary_large_image","twitter_creator":"@LosPoliticosVer","twitter_site":"@LosPoliticosVer","twitter_misc":{"Escrito por":"Lo viste en Los Pol\u00edticos","Tiempo de lectura":"5 minutos"},"schema":{"@context":"https:\/\/schema.org","@graph":[{"@type":"Article","@id":"https:\/\/lospoliticosveracruz.com\/?p=142845#article","isPartOf":{"@id":"https:\/\/lospoliticosveracruz.com\/?p=142845"},"author":{"name":"Lo viste en Los Pol\u00edticos","@id":"https:\/\/lospoliticosveracruz.com\/#\/schema\/person\/b8702bb0e538456e6efd07080bf2a4a2"},"headline":"ARRANCAN!","datePublished":"2025-04-28T12:27:52+00:00","dateModified":"2025-04-28T12:28:47+00:00","mainEntityOfPage":{"@id":"https:\/\/lospoliticosveracruz.com\/?p=142845"},"wordCount":907,"publisher":{"@id":"https:\/\/lospoliticosveracruz.com\/#organization"},"image":{"@id":"https:\/\/lospoliticosveracruz.com\/?p=142845#primaryimage"},"thumbnailUrl":"https:\/\/lospoliticosveracruz.com\/wp-content\/uploads\/2025\/04\/Omar-Zuniga.jpg","keywords":["Morena","Rom\u00e1n Moreno","Silvio Lagos","Veracruz","Xalapa"],"articleSection":["De Opini\u00f3n"],"inLanguage":"es"},{"@type":"WebPage","@id":"https:\/\/lospoliticosveracruz.com\/?p=142845","url":"https:\/\/lospoliticosveracruz.com\/?p=142845","name":"ARRANCAN! - Los pol\u00edticos Veracruz","isPartOf":{"@id":"https:\/\/lospoliticosveracruz.com\/#website"},"primaryImageOfPage":{"@id":"https:\/\/lospoliticosveracruz.com\/?p=142845#primaryimage"},"image":{"@id":"https:\/\/lospoliticosveracruz.com\/?p=142845#primaryimage"},"thumbnailUrl":"https:\/\/lospoliticosveracruz.com\/wp-content\/uploads\/2025\/04\/Omar-Zuniga.jpg","datePublished":"2025-04-28T12:27:52+00:00","dateModified":"2025-04-28T12:28:47+00:00","breadcrumb":{"@id":"https:\/\/lospoliticosveracruz.com\/?p=142845#breadcrumb"},"inLanguage":"es","potentialAction":[{"@type":"ReadAction","target":["https:\/\/lospoliticosveracruz.com\/?p=142845"]}]},{"@type":"ImageObject","inLanguage":"es","@id":"https:\/\/lospoliticosveracruz.com\/?p=142845#primaryimage","url":"https:\/\/lospoliticosveracruz.com\/wp-content\/uploads\/2025\/04\/Omar-Zuniga.jpg","contentUrl":"https:\/\/lospoliticosveracruz.com\/wp-content\/uploads\/2025\/04\/Omar-Zuniga.jpg","width":1250,"height":667},{"@type":"BreadcrumbList","@id":"https:\/\/lospoliticosveracruz.com\/?p=142845#breadcrumb","itemListElement":[{"@type":"ListItem","position":1,"name":"Portada","item":"https:\/\/lospoliticosveracruz.com\/"},{"@type":"ListItem","position":2,"name":"ARRANCAN!"}]},{"@type":"WebSite","@id":"https:\/\/lospoliticosveracruz.com\/#website","url":"https:\/\/lospoliticosveracruz.com\/","name":"Los pol\u00edticos Veracruz","description":"","publisher":{"@id":"https:\/\/lospoliticosveracruz.com\/#organization"},"potentialAction":[{"@type":"SearchAction","target":{"@type":"EntryPoint","urlTemplate":"https:\/\/lospoliticosveracruz.com\/?s={search_term_string}"},"query-input":{"@type":"PropertyValueSpecification","valueRequired":true,"valueName":"search_term_string"}}],"inLanguage":"es"},{"@type":"Organization","@id":"https:\/\/lospoliticosveracruz.com\/#organization","name":"Los pol\u00edticos Veracruz","url":"https:\/\/lospoliticosveracruz.com\/","logo":{"@type":"ImageObject","inLanguage":"es","@id":"https:\/\/lospoliticosveracruz.com\/#\/schema\/logo\/image\/","url":"https:\/\/lospoliticosveracruz.com\/wp-content\/uploads\/2025\/12\/Logo-Nuevo-LOS-POLITICOS-1.jpg","contentUrl":"https:\/\/lospoliticosveracruz.com\/wp-content\/uploads\/2025\/12\/Logo-Nuevo-LOS-POLITICOS-1.jpg","width":260,"height":70,"caption":"Los pol\u00edticos Veracruz"},"image":{"@id":"https:\/\/lospoliticosveracruz.com\/#\/schema\/logo\/image\/"},"sameAs":["https:\/\/www.facebook.com\/people\/Notimemes-de-los-Polticos\/61565672886568\/","https:\/\/x.com\/LosPoliticosVer"]},{"@type":"Person","@id":"https:\/\/lospoliticosveracruz.com\/#\/schema\/person\/b8702bb0e538456e6efd07080bf2a4a2","name":"Lo viste en Los Pol\u00edticos","image":{"@type":"ImageObject","inLanguage":"es","@id":"https:\/\/secure.gravatar.com\/avatar\/3a8de04a2656d44082be478bd6c086daa447c4651605818287b9532d3d0bd435?s=96&d=mm&r=g","url":"https:\/\/secure.gravatar.com\/avatar\/3a8de04a2656d44082be478bd6c086daa447c4651605818287b9532d3d0bd435?s=96&d=mm&r=g","contentUrl":"https:\/\/secure.gravatar.com\/avatar\/3a8de04a2656d44082be478bd6c086daa447c4651605818287b9532d3d0bd435?s=96&d=mm&r=g","caption":"Lo viste en Los Pol\u00edticos"},"url":"https:\/\/lospoliticosveracruz.com\/?author=2"}]}},"_links":{"self":[{"href":"https:\/\/lospoliticosveracruz.com\/index.php?rest_route=\/wp\/v2\/posts\/142845","targetHints":{"allow":["GET"]}}],"collection":[{"href":"https:\/\/lospoliticosveracruz.com\/index.php?rest_route=\/wp\/v2\/posts"}],"about":[{"href":"https:\/\/lospoliticosveracruz.com\/index.php?rest_route=\/wp\/v2\/types\/post"}],"author":[{"embeddable":true,"href":"https:\/\/lospoliticosveracruz.com\/index.php?rest_route=\/wp\/v2\/users\/2"}],"replies":[{"embeddable":true,"href":"https:\/\/lospoliticosveracruz.com\/index.php?rest_route=%2Fwp%2Fv2%2Fcomments&post=142845"}],"version-history":[{"count":2,"href":"https:\/\/lospoliticosveracruz.com\/index.php?rest_route=\/wp\/v2\/posts\/142845\/revisions"}],"predecessor-version":[{"id":142847,"href":"https:\/\/lospoliticosveracruz.com\/index.php?rest_route=\/wp\/v2\/posts\/142845\/revisions\/142847"}],"wp:featuredmedia":[{"embeddable":true,"href":"https:\/\/lospoliticosveracruz.com\/index.php?rest_route=\/wp\/v2\/media\/141427"}],"wp:attachment":[{"href":"https:\/\/lospoliticosveracruz.com\/index.php?rest_route=%2Fwp%2Fv2%2Fmedia&parent=142845"}],"wp:term":[{"taxonomy":"category","embeddable":true,"href":"https:\/\/lospoliticosveracruz.com\/index.php?rest_route=%2Fwp%2Fv2%2Fcategories&post=142845"},{"taxonomy":"post_tag","embeddable":true,"href":"https:\/\/lospoliticosveracruz.com\/index.php?rest_route=%2Fwp%2Fv2%2Ftags&post=142845"}],"curies":[{"name":"wp","href":"https:\/\/api.w.org\/{rel}","templated":true}]}}