{"id":142917,"date":"2025-04-28T22:06:53","date_gmt":"2025-04-29T03:06:53","guid":{"rendered":"https:\/\/lospoliticosveracruz.com.mx\/?p=142917"},"modified":"2025-04-28T22:07:05","modified_gmt":"2025-04-29T03:07:05","slug":"roman-moreno","status":"publish","type":"post","link":"https:\/\/lospoliticosveracruz.com\/?p=142917","title":{"rendered":"ROM\u00c1N MORENO"},"content":{"rendered":"\n<p><a><\/a><a href=\"https:\/\/whatsapp.com\/channel\/0029Va8zRWlEKyZIP3Z1dF0e\"><strong>\u2002\u2002<\/strong><strong>\u00da<\/strong><strong>NETE A NUESTRO CANAL<\/strong><strong><\/strong><\/a><\/p>\n\n\n\n<p>\u00a1<a href=\"https:\/\/whatsapp.com\/channel\/0029Va8zRWlEKyZIP3Z1dF0e\"><strong>LOS POL\u00cd<\/strong><strong>TICOS VERACRUZ<\/strong><\/a> ya est\u00e1 en WhatsApp!<\/p>\n\n\n\n<p><strong>El Trujyper<\/strong><\/p>\n\n\n\n<p><em>Verba brava<br><\/em><\/p>\n\n\n\n<p>\u00a1Bandaaa, qu\u00e9 pasitos pa\u00b4chicos zapatotes fosfo fosforescente<br>Pos yo mero ya ando de retorno Ac\u00e1mbaro el chante, vengo llegando de rolar por el Bati Cano, salud\u00e9 a los cardenales por Detroit, esos manes colorados andan bien apuraos pa\u00b4su eleici\u00f3n, necitan sacar de vol\u00f3n un Papa-jefe que les haga paro de nivel del Mundo mundial en su religi\u00f3n y sus negocios. Del papa Nicolaw no me dieron raz\u00f3n.<br>Los Cardenales nombrar\u00e1n papa \u2013sin INE sin TRIFE, sin OPLE pos al diablo las instituciones-, nombrar\u00e1n un nuevo jefe del papam\u00f3vil, la sixtina, el castelgordolfo, la fiat, el banco del bienestar sucursal del Cielo, inmobiliarias y un restor\u00e1n de bisnes m\u00e1s chonchos que train desde hace 2 mil a\u00f1os; y es que caus\u00f3 baja y se sali\u00f3 del grupo el ch\u00e9 Pancho, anterior patr\u00f3n que se fue al infinito y m\u00e1s all\u00e1. Ni pex, cuando te toca, aunque te quites.<br>Me encontr\u00e9 ac\u00e1 con el notici\u00f3n de que en la capital Jalapita ya arranc\u00f3 campa\u00f1a a la presidencia monecipal, en alto pedorraje, don Mister Taco; o sea el Rom\u00e1n Moreno, candi estrella del Movimiento de Dante.<br>Quesque el tiro por la presidencia se est\u00e1 dando nom\u00e1s entre el partido la Morena de T\u00eda Ch\u00edo, (quesque madrina de la bur\u00f3crata con IPErfil Griego) contra el valedor de banda jalape\u00f1a en tochas las colo\u00f1as y del pueblo bueno y sabio, o sea, el Rom\u00e1n. Hay otros pero no contar\u00e1n, chafean.<br>Neta que el vato conecta chido con todanas las clases sociales por ser pueblo, por venir de las gentes chambiadoras, por pertenecer a la raza que se fleta y esfuerza diarinayguevo hasta romperse el lomo plateado.<br>Y neta, pos eso les conviene a los jalape\u00f1enses, un presidente monecipal que cumpla su palabra, chambiador, honrado, que conozca la pura neta de las broncas en la colo\u00f1as \u00a1y c\u00f3mo resolverlas! &#8211; y que no le meta mano al caj\u00f3n, bueno s\u00ed.. pero nom\u00e1s poquito sin gandallez -.<br>Los comerciantes, negociantes, emprendedores, los generadores de empleo en el monecipio, los que mueven la econom\u00eda, entienden que un presidente no requiere tener t\u00edtulos universitarios, blasones, escudos de armas, t\u00edtulos post morten, ni ser egresado de la noiturna ni de la upav, pa\u00b4 hacer un buen trabajo de Administraci\u00f3n Municipal con honradez y honorabilid\u00e1, (preguntar a Ricardo Ahued) y pos Rom\u00e1n el taquero de la Vaca Pinta cumple requisitos positivos, es exitoso, no requiere de curr\u00edculas en gobiernos, en puestos de confianza, ni de vejigas pa\u00b4nadar, ni de quien le pique el cilantro o le toree los chiles pa\u00b4la salsa macha. De a solapa ha escalado la escalera del \u00e9xito como restaurantero, como empresario gastron\u00f3mico. Neta.<br>El toro prieto tr\u00e1i, con qu\u00e9-so los tacos. De nenepil y tripa de leche.<br>Al patr\u00f3n de los negocios de taquer\u00edas de la Vacapinta le est\u00e1n metiendo el hombro de a madres a nivel nacional Dante y Maynez, y a nivel local el Carbonel y el Rull\u00e1n. Le ven futuro al vato, si no fuera as\u00ed \u00a1pura de aire!<br>El asesor y tambi\u00e9n candidato a alcalde suplente, Luis Sardi\u00f1as Salgado, mantiene la tesis de que los xalape\u00f1os de nariz respingada, de perfume caro, los fif\u00eds, el estudiantado universitario y la intelectualidad rescoldo del Estridentismo de la otrora Atenas veracruzana, se van a sorprender cuando se enteren del Proyecto Cultural que carga en sus alforjas Rom\u00e1n Moreno. No todo en la vida son tacos, el esp\u00edritu tambi\u00e9n requiere alimento.. \u00a1ay g\u00fcero, creo que me pas\u00e9 de tacos de nana y de caz\u00f3n! \u00bfO ser\u00eda el tepache? .<br>GUIJARRO: Taquiza de lengua rancia Morena o sabros\u00f3n filete a la naranja de Movimiento Ciudadano. \u00bfarrroooozzzzz?<br>(Lo plasmado en Verba Brava, es responsabilidad de quien lo redacta. La Casa editorial no influye ni participa del criterio expuesto. trujyper@hotmail.com)<\/p>\n","protected":false},"excerpt":{"rendered":"<p>\u2002\u2002\u00daNETE A NUESTRO CANAL \u00a1LOS POL\u00cdTICOS VERACRUZ ya est\u00e1 en WhatsApp! El Trujyper Verba brava \u00a1Bandaaa, qu\u00e9 pasitos pa\u00b4chicos zapatotes fosfo fosforescentePos yo mero ya ando de retorno Ac\u00e1mbaro el chante, vengo llegando de rolar por el Bati Cano, salud\u00e9 a los cardenales por Detroit, esos manes colorados andan bien apuraos pa\u00b4su eleici\u00f3n, necitan sacar [&hellip;]<\/p>\n","protected":false},"author":2,"featured_media":141381,"comment_status":"closed","ping_status":"closed","sticky":false,"template":"","format":"standard","meta":{"tdm_status":"","tdm_grid_status":"","footnotes":""},"categories":[70],"tags":[42268,40459],"class_list":{"0":"post-142917","1":"post","2":"type-post","3":"status-publish","4":"format-standard","5":"has-post-thumbnail","7":"category-de-opinion","8":"tag-el-trujyper","9":"tag-roman-moreno"},"yoast_head":"<!-- This site is optimized with the Yoast SEO plugin v27.4 - https:\/\/yoast.com\/product\/yoast-seo-wordpress\/ -->\n<title>ROM\u00c1N MORENO - Los pol\u00edticos Veracruz<\/title>\n<meta name=\"robots\" content=\"index, follow, max-snippet:-1, max-image-preview:large, max-video-preview:-1\" \/>\n<link rel=\"canonical\" href=\"https:\/\/lospoliticosveracruz.com\/?p=142917\" \/>\n<meta property=\"og:locale\" content=\"es_ES\" \/>\n<meta property=\"og:type\" content=\"article\" \/>\n<meta property=\"og:title\" content=\"ROM\u00c1N MORENO - Los pol\u00edticos Veracruz\" \/>\n<meta property=\"og:description\" content=\"\u2002\u2002\u00daNETE A NUESTRO CANAL \u00a1LOS POL\u00cdTICOS VERACRUZ ya est\u00e1 en WhatsApp! El Trujyper Verba brava \u00a1Bandaaa, qu\u00e9 pasitos pa\u00b4chicos zapatotes fosfo fosforescentePos yo mero ya ando de retorno Ac\u00e1mbaro el chante, vengo llegando de rolar por el Bati Cano, salud\u00e9 a los cardenales por Detroit, esos manes colorados andan bien apuraos pa\u00b4su eleici\u00f3n, necitan sacar [&hellip;]\" \/>\n<meta property=\"og:url\" content=\"https:\/\/lospoliticosveracruz.com\/?p=142917\" \/>\n<meta property=\"og:site_name\" content=\"Los pol\u00edticos Veracruz\" \/>\n<meta property=\"article:publisher\" content=\"https:\/\/www.facebook.com\/people\/Notimemes-de-los-Polticos\/61565672886568\/\" \/>\n<meta property=\"article:published_time\" content=\"2025-04-29T03:06:53+00:00\" \/>\n<meta property=\"article:modified_time\" content=\"2025-04-29T03:07:05+00:00\" \/>\n<meta property=\"og:image\" content=\"https:\/\/lospoliticosveracruz.com\/wp-content\/uploads\/2025\/04\/El-Trujyper.jpg\" \/>\n\t<meta property=\"og:image:width\" content=\"1250\" \/>\n\t<meta property=\"og:image:height\" content=\"667\" \/>\n\t<meta property=\"og:image:type\" content=\"image\/jpeg\" \/>\n<meta name=\"author\" content=\"Lo viste en Los Pol\u00edticos\" \/>\n<meta name=\"twitter:card\" content=\"summary_large_image\" \/>\n<meta name=\"twitter:creator\" content=\"@LosPoliticosVer\" \/>\n<meta name=\"twitter:site\" content=\"@LosPoliticosVer\" \/>\n<meta name=\"twitter:label1\" content=\"Escrito por\" \/>\n\t<meta name=\"twitter:data1\" content=\"Lo viste en Los Pol\u00edticos\" \/>\n\t<meta name=\"twitter:label2\" content=\"Tiempo de lectura\" \/>\n\t<meta name=\"twitter:data2\" content=\"3 minutos\" \/>\n<script type=\"application\/ld+json\" class=\"yoast-schema-graph\">{\"@context\":\"https:\\\/\\\/schema.org\",\"@graph\":[{\"@type\":\"Article\",\"@id\":\"https:\\\/\\\/lospoliticosveracruz.com\\\/?p=142917#article\",\"isPartOf\":{\"@id\":\"https:\\\/\\\/lospoliticosveracruz.com\\\/?p=142917\"},\"author\":{\"name\":\"Lo viste en Los Pol\u00edticos\",\"@id\":\"https:\\\/\\\/lospoliticosveracruz.com\\\/#\\\/schema\\\/person\\\/b8702bb0e538456e6efd07080bf2a4a2\"},\"headline\":\"ROM\u00c1N MORENO\",\"datePublished\":\"2025-04-29T03:06:53+00:00\",\"dateModified\":\"2025-04-29T03:07:05+00:00\",\"mainEntityOfPage\":{\"@id\":\"https:\\\/\\\/lospoliticosveracruz.com\\\/?p=142917\"},\"wordCount\":695,\"publisher\":{\"@id\":\"https:\\\/\\\/lospoliticosveracruz.com\\\/#organization\"},\"image\":{\"@id\":\"https:\\\/\\\/lospoliticosveracruz.com\\\/?p=142917#primaryimage\"},\"thumbnailUrl\":\"https:\\\/\\\/lospoliticosveracruz.com\\\/wp-content\\\/uploads\\\/2025\\\/04\\\/El-Trujyper.jpg\",\"keywords\":[\"El Trujyper\",\"Rom\u00e1n Moreno\"],\"articleSection\":[\"De Opini\u00f3n\"],\"inLanguage\":\"es\"},{\"@type\":\"WebPage\",\"@id\":\"https:\\\/\\\/lospoliticosveracruz.com\\\/?p=142917\",\"url\":\"https:\\\/\\\/lospoliticosveracruz.com\\\/?p=142917\",\"name\":\"ROM\u00c1N MORENO - Los pol\u00edticos Veracruz\",\"isPartOf\":{\"@id\":\"https:\\\/\\\/lospoliticosveracruz.com\\\/#website\"},\"primaryImageOfPage\":{\"@id\":\"https:\\\/\\\/lospoliticosveracruz.com\\\/?p=142917#primaryimage\"},\"image\":{\"@id\":\"https:\\\/\\\/lospoliticosveracruz.com\\\/?p=142917#primaryimage\"},\"thumbnailUrl\":\"https:\\\/\\\/lospoliticosveracruz.com\\\/wp-content\\\/uploads\\\/2025\\\/04\\\/El-Trujyper.jpg\",\"datePublished\":\"2025-04-29T03:06:53+00:00\",\"dateModified\":\"2025-04-29T03:07:05+00:00\",\"breadcrumb\":{\"@id\":\"https:\\\/\\\/lospoliticosveracruz.com\\\/?p=142917#breadcrumb\"},\"inLanguage\":\"es\",\"potentialAction\":[{\"@type\":\"ReadAction\",\"target\":[\"https:\\\/\\\/lospoliticosveracruz.com\\\/?p=142917\"]}]},{\"@type\":\"ImageObject\",\"inLanguage\":\"es\",\"@id\":\"https:\\\/\\\/lospoliticosveracruz.com\\\/?p=142917#primaryimage\",\"url\":\"https:\\\/\\\/lospoliticosveracruz.com\\\/wp-content\\\/uploads\\\/2025\\\/04\\\/El-Trujyper.jpg\",\"contentUrl\":\"https:\\\/\\\/lospoliticosveracruz.com\\\/wp-content\\\/uploads\\\/2025\\\/04\\\/El-Trujyper.jpg\",\"width\":1250,\"height\":667},{\"@type\":\"BreadcrumbList\",\"@id\":\"https:\\\/\\\/lospoliticosveracruz.com\\\/?p=142917#breadcrumb\",\"itemListElement\":[{\"@type\":\"ListItem\",\"position\":1,\"name\":\"Portada\",\"item\":\"https:\\\/\\\/lospoliticosveracruz.com\\\/\"},{\"@type\":\"ListItem\",\"position\":2,\"name\":\"ROM\u00c1N MORENO\"}]},{\"@type\":\"WebSite\",\"@id\":\"https:\\\/\\\/lospoliticosveracruz.com\\\/#website\",\"url\":\"https:\\\/\\\/lospoliticosveracruz.com\\\/\",\"name\":\"Los pol\u00edticos Veracruz\",\"description\":\"\",\"publisher\":{\"@id\":\"https:\\\/\\\/lospoliticosveracruz.com\\\/#organization\"},\"potentialAction\":[{\"@type\":\"SearchAction\",\"target\":{\"@type\":\"EntryPoint\",\"urlTemplate\":\"https:\\\/\\\/lospoliticosveracruz.com\\\/?s={search_term_string}\"},\"query-input\":{\"@type\":\"PropertyValueSpecification\",\"valueRequired\":true,\"valueName\":\"search_term_string\"}}],\"inLanguage\":\"es\"},{\"@type\":\"Organization\",\"@id\":\"https:\\\/\\\/lospoliticosveracruz.com\\\/#organization\",\"name\":\"Los pol\u00edticos Veracruz\",\"url\":\"https:\\\/\\\/lospoliticosveracruz.com\\\/\",\"logo\":{\"@type\":\"ImageObject\",\"inLanguage\":\"es\",\"@id\":\"https:\\\/\\\/lospoliticosveracruz.com\\\/#\\\/schema\\\/logo\\\/image\\\/\",\"url\":\"https:\\\/\\\/lospoliticosveracruz.com\\\/wp-content\\\/uploads\\\/2025\\\/12\\\/Logo-Nuevo-LOS-POLITICOS-1.jpg\",\"contentUrl\":\"https:\\\/\\\/lospoliticosveracruz.com\\\/wp-content\\\/uploads\\\/2025\\\/12\\\/Logo-Nuevo-LOS-POLITICOS-1.jpg\",\"width\":260,\"height\":70,\"caption\":\"Los pol\u00edticos Veracruz\"},\"image\":{\"@id\":\"https:\\\/\\\/lospoliticosveracruz.com\\\/#\\\/schema\\\/logo\\\/image\\\/\"},\"sameAs\":[\"https:\\\/\\\/www.facebook.com\\\/people\\\/Notimemes-de-los-Polticos\\\/61565672886568\\\/\",\"https:\\\/\\\/x.com\\\/LosPoliticosVer\"]},{\"@type\":\"Person\",\"@id\":\"https:\\\/\\\/lospoliticosveracruz.com\\\/#\\\/schema\\\/person\\\/b8702bb0e538456e6efd07080bf2a4a2\",\"name\":\"Lo viste en Los Pol\u00edticos\",\"image\":{\"@type\":\"ImageObject\",\"inLanguage\":\"es\",\"@id\":\"https:\\\/\\\/secure.gravatar.com\\\/avatar\\\/3a8de04a2656d44082be478bd6c086daa447c4651605818287b9532d3d0bd435?s=96&d=mm&r=g\",\"url\":\"https:\\\/\\\/secure.gravatar.com\\\/avatar\\\/3a8de04a2656d44082be478bd6c086daa447c4651605818287b9532d3d0bd435?s=96&d=mm&r=g\",\"contentUrl\":\"https:\\\/\\\/secure.gravatar.com\\\/avatar\\\/3a8de04a2656d44082be478bd6c086daa447c4651605818287b9532d3d0bd435?s=96&d=mm&r=g\",\"caption\":\"Lo viste en Los Pol\u00edticos\"},\"url\":\"https:\\\/\\\/lospoliticosveracruz.com\\\/?author=2\"}]}<\/script>\n<!-- \/ Yoast SEO plugin. -->","yoast_head_json":{"title":"ROM\u00c1N MORENO - Los pol\u00edticos Veracruz","robots":{"index":"index","follow":"follow","max-snippet":"max-snippet:-1","max-image-preview":"max-image-preview:large","max-video-preview":"max-video-preview:-1"},"canonical":"https:\/\/lospoliticosveracruz.com\/?p=142917","og_locale":"es_ES","og_type":"article","og_title":"ROM\u00c1N MORENO - Los pol\u00edticos Veracruz","og_description":"\u2002\u2002\u00daNETE A NUESTRO CANAL \u00a1LOS POL\u00cdTICOS VERACRUZ ya est\u00e1 en WhatsApp! El Trujyper Verba brava \u00a1Bandaaa, qu\u00e9 pasitos pa\u00b4chicos zapatotes fosfo fosforescentePos yo mero ya ando de retorno Ac\u00e1mbaro el chante, vengo llegando de rolar por el Bati Cano, salud\u00e9 a los cardenales por Detroit, esos manes colorados andan bien apuraos pa\u00b4su eleici\u00f3n, necitan sacar [&hellip;]","og_url":"https:\/\/lospoliticosveracruz.com\/?p=142917","og_site_name":"Los pol\u00edticos Veracruz","article_publisher":"https:\/\/www.facebook.com\/people\/Notimemes-de-los-Polticos\/61565672886568\/","article_published_time":"2025-04-29T03:06:53+00:00","article_modified_time":"2025-04-29T03:07:05+00:00","og_image":[{"width":1250,"height":667,"url":"https:\/\/lospoliticosveracruz.com\/wp-content\/uploads\/2025\/04\/El-Trujyper.jpg","type":"image\/jpeg"}],"author":"Lo viste en Los Pol\u00edticos","twitter_card":"summary_large_image","twitter_creator":"@LosPoliticosVer","twitter_site":"@LosPoliticosVer","twitter_misc":{"Escrito por":"Lo viste en Los Pol\u00edticos","Tiempo de lectura":"3 minutos"},"schema":{"@context":"https:\/\/schema.org","@graph":[{"@type":"Article","@id":"https:\/\/lospoliticosveracruz.com\/?p=142917#article","isPartOf":{"@id":"https:\/\/lospoliticosveracruz.com\/?p=142917"},"author":{"name":"Lo viste en Los Pol\u00edticos","@id":"https:\/\/lospoliticosveracruz.com\/#\/schema\/person\/b8702bb0e538456e6efd07080bf2a4a2"},"headline":"ROM\u00c1N MORENO","datePublished":"2025-04-29T03:06:53+00:00","dateModified":"2025-04-29T03:07:05+00:00","mainEntityOfPage":{"@id":"https:\/\/lospoliticosveracruz.com\/?p=142917"},"wordCount":695,"publisher":{"@id":"https:\/\/lospoliticosveracruz.com\/#organization"},"image":{"@id":"https:\/\/lospoliticosveracruz.com\/?p=142917#primaryimage"},"thumbnailUrl":"https:\/\/lospoliticosveracruz.com\/wp-content\/uploads\/2025\/04\/El-Trujyper.jpg","keywords":["El Trujyper","Rom\u00e1n Moreno"],"articleSection":["De Opini\u00f3n"],"inLanguage":"es"},{"@type":"WebPage","@id":"https:\/\/lospoliticosveracruz.com\/?p=142917","url":"https:\/\/lospoliticosveracruz.com\/?p=142917","name":"ROM\u00c1N MORENO - Los pol\u00edticos Veracruz","isPartOf":{"@id":"https:\/\/lospoliticosveracruz.com\/#website"},"primaryImageOfPage":{"@id":"https:\/\/lospoliticosveracruz.com\/?p=142917#primaryimage"},"image":{"@id":"https:\/\/lospoliticosveracruz.com\/?p=142917#primaryimage"},"thumbnailUrl":"https:\/\/lospoliticosveracruz.com\/wp-content\/uploads\/2025\/04\/El-Trujyper.jpg","datePublished":"2025-04-29T03:06:53+00:00","dateModified":"2025-04-29T03:07:05+00:00","breadcrumb":{"@id":"https:\/\/lospoliticosveracruz.com\/?p=142917#breadcrumb"},"inLanguage":"es","potentialAction":[{"@type":"ReadAction","target":["https:\/\/lospoliticosveracruz.com\/?p=142917"]}]},{"@type":"ImageObject","inLanguage":"es","@id":"https:\/\/lospoliticosveracruz.com\/?p=142917#primaryimage","url":"https:\/\/lospoliticosveracruz.com\/wp-content\/uploads\/2025\/04\/El-Trujyper.jpg","contentUrl":"https:\/\/lospoliticosveracruz.com\/wp-content\/uploads\/2025\/04\/El-Trujyper.jpg","width":1250,"height":667},{"@type":"BreadcrumbList","@id":"https:\/\/lospoliticosveracruz.com\/?p=142917#breadcrumb","itemListElement":[{"@type":"ListItem","position":1,"name":"Portada","item":"https:\/\/lospoliticosveracruz.com\/"},{"@type":"ListItem","position":2,"name":"ROM\u00c1N MORENO"}]},{"@type":"WebSite","@id":"https:\/\/lospoliticosveracruz.com\/#website","url":"https:\/\/lospoliticosveracruz.com\/","name":"Los pol\u00edticos Veracruz","description":"","publisher":{"@id":"https:\/\/lospoliticosveracruz.com\/#organization"},"potentialAction":[{"@type":"SearchAction","target":{"@type":"EntryPoint","urlTemplate":"https:\/\/lospoliticosveracruz.com\/?s={search_term_string}"},"query-input":{"@type":"PropertyValueSpecification","valueRequired":true,"valueName":"search_term_string"}}],"inLanguage":"es"},{"@type":"Organization","@id":"https:\/\/lospoliticosveracruz.com\/#organization","name":"Los pol\u00edticos Veracruz","url":"https:\/\/lospoliticosveracruz.com\/","logo":{"@type":"ImageObject","inLanguage":"es","@id":"https:\/\/lospoliticosveracruz.com\/#\/schema\/logo\/image\/","url":"https:\/\/lospoliticosveracruz.com\/wp-content\/uploads\/2025\/12\/Logo-Nuevo-LOS-POLITICOS-1.jpg","contentUrl":"https:\/\/lospoliticosveracruz.com\/wp-content\/uploads\/2025\/12\/Logo-Nuevo-LOS-POLITICOS-1.jpg","width":260,"height":70,"caption":"Los pol\u00edticos Veracruz"},"image":{"@id":"https:\/\/lospoliticosveracruz.com\/#\/schema\/logo\/image\/"},"sameAs":["https:\/\/www.facebook.com\/people\/Notimemes-de-los-Polticos\/61565672886568\/","https:\/\/x.com\/LosPoliticosVer"]},{"@type":"Person","@id":"https:\/\/lospoliticosveracruz.com\/#\/schema\/person\/b8702bb0e538456e6efd07080bf2a4a2","name":"Lo viste en Los Pol\u00edticos","image":{"@type":"ImageObject","inLanguage":"es","@id":"https:\/\/secure.gravatar.com\/avatar\/3a8de04a2656d44082be478bd6c086daa447c4651605818287b9532d3d0bd435?s=96&d=mm&r=g","url":"https:\/\/secure.gravatar.com\/avatar\/3a8de04a2656d44082be478bd6c086daa447c4651605818287b9532d3d0bd435?s=96&d=mm&r=g","contentUrl":"https:\/\/secure.gravatar.com\/avatar\/3a8de04a2656d44082be478bd6c086daa447c4651605818287b9532d3d0bd435?s=96&d=mm&r=g","caption":"Lo viste en Los Pol\u00edticos"},"url":"https:\/\/lospoliticosveracruz.com\/?author=2"}]}},"_links":{"self":[{"href":"https:\/\/lospoliticosveracruz.com\/index.php?rest_route=\/wp\/v2\/posts\/142917","targetHints":{"allow":["GET"]}}],"collection":[{"href":"https:\/\/lospoliticosveracruz.com\/index.php?rest_route=\/wp\/v2\/posts"}],"about":[{"href":"https:\/\/lospoliticosveracruz.com\/index.php?rest_route=\/wp\/v2\/types\/post"}],"author":[{"embeddable":true,"href":"https:\/\/lospoliticosveracruz.com\/index.php?rest_route=\/wp\/v2\/users\/2"}],"replies":[{"embeddable":true,"href":"https:\/\/lospoliticosveracruz.com\/index.php?rest_route=%2Fwp%2Fv2%2Fcomments&post=142917"}],"version-history":[{"count":1,"href":"https:\/\/lospoliticosveracruz.com\/index.php?rest_route=\/wp\/v2\/posts\/142917\/revisions"}],"predecessor-version":[{"id":142918,"href":"https:\/\/lospoliticosveracruz.com\/index.php?rest_route=\/wp\/v2\/posts\/142917\/revisions\/142918"}],"wp:featuredmedia":[{"embeddable":true,"href":"https:\/\/lospoliticosveracruz.com\/index.php?rest_route=\/wp\/v2\/media\/141381"}],"wp:attachment":[{"href":"https:\/\/lospoliticosveracruz.com\/index.php?rest_route=%2Fwp%2Fv2%2Fmedia&parent=142917"}],"wp:term":[{"taxonomy":"category","embeddable":true,"href":"https:\/\/lospoliticosveracruz.com\/index.php?rest_route=%2Fwp%2Fv2%2Fcategories&post=142917"},{"taxonomy":"post_tag","embeddable":true,"href":"https:\/\/lospoliticosveracruz.com\/index.php?rest_route=%2Fwp%2Fv2%2Ftags&post=142917"}],"curies":[{"name":"wp","href":"https:\/\/api.w.org\/{rel}","templated":true}]}}