{"id":142929,"date":"2025-04-29T07:01:55","date_gmt":"2025-04-29T12:01:55","guid":{"rendered":"https:\/\/lospoliticosveracruz.com.mx\/?p=142929"},"modified":"2025-04-29T07:02:10","modified_gmt":"2025-04-29T12:02:10","slug":"adios-papa-francisco","status":"publish","type":"post","link":"https:\/\/lospoliticosveracruz.com\/?p=142929","title":{"rendered":"ADI\u00d3S PAP\u00c1 FRANCISCO"},"content":{"rendered":"\n<p>[S\u00edguenos ahora tambi\u00e9n en WhatsApp.\u00a0<a href=\"https:\/\/whatsapp.com\/channel\/0029Va8zRWlEKyZIP3Z1dF0e\"><strong><em>Da clic aqu\u00ed<\/em><\/strong><\/a>]\u00a0<br><strong>Agust\u00edn Basilio de la Vega<\/strong><br>Recuerdo que cuando fue nombrado Papa el cardenal Bergoglio, fui de visita al sanatorio San Francisco para saludar al padre Celestino Barradas que se recuperaba de alg\u00fan problema de salud. All\u00ed comentamos que la Iglesia Cat\u00f3lica tendr\u00eda su primer Papa latinoamericano perteneciente a la Compa\u00f1\u00eda de Jes\u00fas.<br>Los veracruzanos sabemos por los padres Francisco Xavier Alegre y Francisco Javier Clavijero que los sacerdotes Jesuitas son muy preparados. Personalmente, en los a\u00f1os setenta, fui alumno del SJ Thomas Con, de origen norteamericano, y conoc\u00ed al padre Churruca de la misma orden religiosa. Del padre Te\u00f3dulo Guzm\u00e1n Anell, con quien compart\u00ed la experiencia del del Tercer S\u00ednodo Diocesano en el a\u00f1o 2002, siempre he recibido gran aprecio.<br>Haber estado bajo el cayado de un Papa Jesuita durante 12 a\u00f1os ha confirmado mi admiraci\u00f3n por el compromiso de esta orden que influy\u00f3 tanto en la historia de la Nueva Espa\u00f1a y de M\u00e9xico y que ha marcado en buena parte mi vida. Muchos j\u00f3venes se hicieron profesionistas durante este pontificado moderno y comprometido con los m\u00e1s vulnerables.<br>El papa Francisco es el primero en tomar el nombre del santo de As\u00eds con lo que hace a\u00fan m\u00e1s firme su compromiso con los pobres y las personas \u201cde la periferia\u201d su vida y obra es esencialmente un testimonio vivo del cristiano en pleno siglo XXI; fue un papa que promovi\u00f3 la econom\u00eda social de mercado, la democracia y nos advirti\u00f3 del peligro de los populismos y de las ideolog\u00edas.<br>En los funerales del Papa Francisco, el Decano del Colegio Cardenalicio, el Cardenal Jovani Batista Re, se\u00f1al\u00f3 en su homil\u00eda del pasado s\u00e1bado, que Su Santidad fue el \u201cPapa de la misericordia y de la fraternidad\u201d, record\u00f3 su amor por los migrantes, la misa que el Papa Francisco ofici\u00f3 en la frontera entre M\u00e9xico y los Estados Unidos, as\u00ed como su Carta Enc\u00edclica \u201cFratelli Tutti\u201d.<br>El papa fue un defensor del cuidado de \u201cla casa com\u00fan\u201d. Su carta enc\u00edclica \u201cLaudato Si\u201d ha sido una muy oportuna advertencia contra el deterioro del medio ambiente con base en la ciencia. En este documento del magisterio de la Iglesia Cat\u00f3lica el Papa, que en su juventud fue qu\u00edmico, nos exhorta a ser responsables con la naturaleza. El Papa Francisco fue un ejemplo para todos de que es posible vivir la fe sin contraponerse con la ciencia, acercarse a la teolog\u00eda sin alejarse de la ingenier\u00eda.<br>Su \u00faltima estancia en el atrio de San Pedro, ya sin vida terrenal, se convirti\u00f3 en una oraci\u00f3n por la humanidad. El Cardenal Re se\u00f1al\u00f3: el Papa implor\u00f3 siempre por la paz porque \u201cla guerra es s\u00f3lo muerte de personas, destrucci\u00f3n de casas, hospitales y escuelas\u2026 es una derrota tr\u00e1gica para todos\u201d \u2026 minutos antes, los presidentes Trump y Zelensky se hab\u00edan reunido durante 15 minutos en la imponente Bas\u00edlica del primer sucesor de Cristo. Ojal\u00e1 termine pronto la invasi\u00f3n a Ucrania con una paz justa y duradera.<br>X @basiliodelavega 28 de abril de 2025<\/p>\n\n\n\n<figure class=\"wp-block-embed\"><div class=\"wp-block-embed__wrapper\">\nhttps:\/\/www.facebook.com\/share\/p\/18fb9wZARt\n<\/div><\/figure>\n","protected":false},"excerpt":{"rendered":"<p>[S\u00edguenos ahora tambi\u00e9n en WhatsApp.\u00a0Da clic aqu\u00ed]\u00a0Agust\u00edn Basilio de la VegaRecuerdo que cuando fue nombrado Papa el cardenal Bergoglio, fui de visita al sanatorio San Francisco para saludar al padre Celestino Barradas que se recuperaba de alg\u00fan problema de salud. All\u00ed comentamos que la Iglesia Cat\u00f3lica tendr\u00eda su primer Papa latinoamericano perteneciente a la Compa\u00f1\u00eda [&hellip;]<\/p>\n","protected":false},"author":2,"featured_media":141477,"comment_status":"closed","ping_status":"closed","sticky":false,"template":"","format":"standard","meta":{"tdm_status":"","tdm_grid_status":"","footnotes":""},"categories":[70],"tags":[],"class_list":{"0":"post-142929","1":"post","2":"type-post","3":"status-publish","4":"format-standard","5":"has-post-thumbnail","7":"category-de-opinion"},"yoast_head":"<!-- This site is optimized with the Yoast SEO plugin v27.4 - https:\/\/yoast.com\/product\/yoast-seo-wordpress\/ -->\n<title>ADI\u00d3S PAP\u00c1 FRANCISCO - Los pol\u00edticos Veracruz<\/title>\n<meta name=\"robots\" content=\"index, follow, max-snippet:-1, max-image-preview:large, max-video-preview:-1\" \/>\n<link rel=\"canonical\" href=\"https:\/\/lospoliticosveracruz.com\/?p=142929\" \/>\n<meta property=\"og:locale\" content=\"es_ES\" \/>\n<meta property=\"og:type\" content=\"article\" \/>\n<meta property=\"og:title\" content=\"ADI\u00d3S PAP\u00c1 FRANCISCO - Los pol\u00edticos Veracruz\" \/>\n<meta property=\"og:description\" content=\"[S\u00edguenos ahora tambi\u00e9n en WhatsApp.\u00a0Da clic aqu\u00ed]\u00a0Agust\u00edn Basilio de la VegaRecuerdo que cuando fue nombrado Papa el cardenal Bergoglio, fui de visita al sanatorio San Francisco para saludar al padre Celestino Barradas que se recuperaba de alg\u00fan problema de salud. All\u00ed comentamos que la Iglesia Cat\u00f3lica tendr\u00eda su primer Papa latinoamericano perteneciente a la Compa\u00f1\u00eda [&hellip;]\" \/>\n<meta property=\"og:url\" content=\"https:\/\/lospoliticosveracruz.com\/?p=142929\" \/>\n<meta property=\"og:site_name\" content=\"Los pol\u00edticos Veracruz\" \/>\n<meta property=\"article:publisher\" content=\"https:\/\/www.facebook.com\/people\/Notimemes-de-los-Polticos\/61565672886568\/\" \/>\n<meta property=\"article:published_time\" content=\"2025-04-29T12:01:55+00:00\" \/>\n<meta property=\"article:modified_time\" content=\"2025-04-29T12:02:10+00:00\" \/>\n<meta property=\"og:image\" content=\"https:\/\/lospoliticosveracruz.com\/wp-content\/uploads\/2025\/04\/Agustn-Basilio-de-la-Vega.jpg\" \/>\n\t<meta property=\"og:image:width\" content=\"1250\" \/>\n\t<meta property=\"og:image:height\" content=\"667\" \/>\n\t<meta property=\"og:image:type\" content=\"image\/jpeg\" \/>\n<meta name=\"author\" content=\"Lo viste en Los Pol\u00edticos\" \/>\n<meta name=\"twitter:card\" content=\"summary_large_image\" \/>\n<meta name=\"twitter:creator\" content=\"@LosPoliticosVer\" \/>\n<meta name=\"twitter:site\" content=\"@LosPoliticosVer\" \/>\n<meta name=\"twitter:label1\" content=\"Escrito por\" \/>\n\t<meta name=\"twitter:data1\" content=\"Lo viste en Los Pol\u00edticos\" \/>\n\t<meta name=\"twitter:label2\" content=\"Tiempo de lectura\" \/>\n\t<meta name=\"twitter:data2\" content=\"3 minutos\" \/>\n<script type=\"application\/ld+json\" class=\"yoast-schema-graph\">{\"@context\":\"https:\\\/\\\/schema.org\",\"@graph\":[{\"@type\":\"Article\",\"@id\":\"https:\\\/\\\/lospoliticosveracruz.com\\\/?p=142929#article\",\"isPartOf\":{\"@id\":\"https:\\\/\\\/lospoliticosveracruz.com\\\/?p=142929\"},\"author\":{\"name\":\"Lo viste en Los Pol\u00edticos\",\"@id\":\"https:\\\/\\\/lospoliticosveracruz.com\\\/#\\\/schema\\\/person\\\/b8702bb0e538456e6efd07080bf2a4a2\"},\"headline\":\"ADI\u00d3S PAP\u00c1 FRANCISCO\",\"datePublished\":\"2025-04-29T12:01:55+00:00\",\"dateModified\":\"2025-04-29T12:02:10+00:00\",\"mainEntityOfPage\":{\"@id\":\"https:\\\/\\\/lospoliticosveracruz.com\\\/?p=142929\"},\"wordCount\":554,\"publisher\":{\"@id\":\"https:\\\/\\\/lospoliticosveracruz.com\\\/#organization\"},\"image\":{\"@id\":\"https:\\\/\\\/lospoliticosveracruz.com\\\/?p=142929#primaryimage\"},\"thumbnailUrl\":\"https:\\\/\\\/lospoliticosveracruz.com\\\/wp-content\\\/uploads\\\/2025\\\/04\\\/Agustn-Basilio-de-la-Vega-e1775850704178.jpg\",\"articleSection\":[\"De Opini\u00f3n\"],\"inLanguage\":\"es\"},{\"@type\":\"WebPage\",\"@id\":\"https:\\\/\\\/lospoliticosveracruz.com\\\/?p=142929\",\"url\":\"https:\\\/\\\/lospoliticosveracruz.com\\\/?p=142929\",\"name\":\"ADI\u00d3S PAP\u00c1 FRANCISCO - Los pol\u00edticos Veracruz\",\"isPartOf\":{\"@id\":\"https:\\\/\\\/lospoliticosveracruz.com\\\/#website\"},\"primaryImageOfPage\":{\"@id\":\"https:\\\/\\\/lospoliticosveracruz.com\\\/?p=142929#primaryimage\"},\"image\":{\"@id\":\"https:\\\/\\\/lospoliticosveracruz.com\\\/?p=142929#primaryimage\"},\"thumbnailUrl\":\"https:\\\/\\\/lospoliticosveracruz.com\\\/wp-content\\\/uploads\\\/2025\\\/04\\\/Agustn-Basilio-de-la-Vega-e1775850704178.jpg\",\"datePublished\":\"2025-04-29T12:01:55+00:00\",\"dateModified\":\"2025-04-29T12:02:10+00:00\",\"breadcrumb\":{\"@id\":\"https:\\\/\\\/lospoliticosveracruz.com\\\/?p=142929#breadcrumb\"},\"inLanguage\":\"es\",\"potentialAction\":[{\"@type\":\"ReadAction\",\"target\":[\"https:\\\/\\\/lospoliticosveracruz.com\\\/?p=142929\"]}]},{\"@type\":\"ImageObject\",\"inLanguage\":\"es\",\"@id\":\"https:\\\/\\\/lospoliticosveracruz.com\\\/?p=142929#primaryimage\",\"url\":\"https:\\\/\\\/lospoliticosveracruz.com\\\/wp-content\\\/uploads\\\/2025\\\/04\\\/Agustn-Basilio-de-la-Vega-e1775850704178.jpg\",\"contentUrl\":\"https:\\\/\\\/lospoliticosveracruz.com\\\/wp-content\\\/uploads\\\/2025\\\/04\\\/Agustn-Basilio-de-la-Vega-e1775850704178.jpg\",\"width\":600,\"height\":320},{\"@type\":\"BreadcrumbList\",\"@id\":\"https:\\\/\\\/lospoliticosveracruz.com\\\/?p=142929#breadcrumb\",\"itemListElement\":[{\"@type\":\"ListItem\",\"position\":1,\"name\":\"Portada\",\"item\":\"https:\\\/\\\/lospoliticosveracruz.com\\\/\"},{\"@type\":\"ListItem\",\"position\":2,\"name\":\"ADI\u00d3S PAP\u00c1 FRANCISCO\"}]},{\"@type\":\"WebSite\",\"@id\":\"https:\\\/\\\/lospoliticosveracruz.com\\\/#website\",\"url\":\"https:\\\/\\\/lospoliticosveracruz.com\\\/\",\"name\":\"Los pol\u00edticos Veracruz\",\"description\":\"\",\"publisher\":{\"@id\":\"https:\\\/\\\/lospoliticosveracruz.com\\\/#organization\"},\"potentialAction\":[{\"@type\":\"SearchAction\",\"target\":{\"@type\":\"EntryPoint\",\"urlTemplate\":\"https:\\\/\\\/lospoliticosveracruz.com\\\/?s={search_term_string}\"},\"query-input\":{\"@type\":\"PropertyValueSpecification\",\"valueRequired\":true,\"valueName\":\"search_term_string\"}}],\"inLanguage\":\"es\"},{\"@type\":\"Organization\",\"@id\":\"https:\\\/\\\/lospoliticosveracruz.com\\\/#organization\",\"name\":\"Los pol\u00edticos Veracruz\",\"url\":\"https:\\\/\\\/lospoliticosveracruz.com\\\/\",\"logo\":{\"@type\":\"ImageObject\",\"inLanguage\":\"es\",\"@id\":\"https:\\\/\\\/lospoliticosveracruz.com\\\/#\\\/schema\\\/logo\\\/image\\\/\",\"url\":\"https:\\\/\\\/lospoliticosveracruz.com\\\/wp-content\\\/uploads\\\/2025\\\/12\\\/Logo-Nuevo-LOS-POLITICOS-1.jpg\",\"contentUrl\":\"https:\\\/\\\/lospoliticosveracruz.com\\\/wp-content\\\/uploads\\\/2025\\\/12\\\/Logo-Nuevo-LOS-POLITICOS-1.jpg\",\"width\":260,\"height\":70,\"caption\":\"Los pol\u00edticos Veracruz\"},\"image\":{\"@id\":\"https:\\\/\\\/lospoliticosveracruz.com\\\/#\\\/schema\\\/logo\\\/image\\\/\"},\"sameAs\":[\"https:\\\/\\\/www.facebook.com\\\/people\\\/Notimemes-de-los-Polticos\\\/61565672886568\\\/\",\"https:\\\/\\\/x.com\\\/LosPoliticosVer\"]},{\"@type\":\"Person\",\"@id\":\"https:\\\/\\\/lospoliticosveracruz.com\\\/#\\\/schema\\\/person\\\/b8702bb0e538456e6efd07080bf2a4a2\",\"name\":\"Lo viste en Los Pol\u00edticos\",\"image\":{\"@type\":\"ImageObject\",\"inLanguage\":\"es\",\"@id\":\"https:\\\/\\\/secure.gravatar.com\\\/avatar\\\/3a8de04a2656d44082be478bd6c086daa447c4651605818287b9532d3d0bd435?s=96&d=mm&r=g\",\"url\":\"https:\\\/\\\/secure.gravatar.com\\\/avatar\\\/3a8de04a2656d44082be478bd6c086daa447c4651605818287b9532d3d0bd435?s=96&d=mm&r=g\",\"contentUrl\":\"https:\\\/\\\/secure.gravatar.com\\\/avatar\\\/3a8de04a2656d44082be478bd6c086daa447c4651605818287b9532d3d0bd435?s=96&d=mm&r=g\",\"caption\":\"Lo viste en Los Pol\u00edticos\"},\"url\":\"https:\\\/\\\/lospoliticosveracruz.com\\\/?author=2\"}]}<\/script>\n<!-- \/ Yoast SEO plugin. -->","yoast_head_json":{"title":"ADI\u00d3S PAP\u00c1 FRANCISCO - Los pol\u00edticos Veracruz","robots":{"index":"index","follow":"follow","max-snippet":"max-snippet:-1","max-image-preview":"max-image-preview:large","max-video-preview":"max-video-preview:-1"},"canonical":"https:\/\/lospoliticosveracruz.com\/?p=142929","og_locale":"es_ES","og_type":"article","og_title":"ADI\u00d3S PAP\u00c1 FRANCISCO - Los pol\u00edticos Veracruz","og_description":"[S\u00edguenos ahora tambi\u00e9n en WhatsApp.\u00a0Da clic aqu\u00ed]\u00a0Agust\u00edn Basilio de la VegaRecuerdo que cuando fue nombrado Papa el cardenal Bergoglio, fui de visita al sanatorio San Francisco para saludar al padre Celestino Barradas que se recuperaba de alg\u00fan problema de salud. All\u00ed comentamos que la Iglesia Cat\u00f3lica tendr\u00eda su primer Papa latinoamericano perteneciente a la Compa\u00f1\u00eda [&hellip;]","og_url":"https:\/\/lospoliticosveracruz.com\/?p=142929","og_site_name":"Los pol\u00edticos Veracruz","article_publisher":"https:\/\/www.facebook.com\/people\/Notimemes-de-los-Polticos\/61565672886568\/","article_published_time":"2025-04-29T12:01:55+00:00","article_modified_time":"2025-04-29T12:02:10+00:00","og_image":[{"width":1250,"height":667,"url":"https:\/\/lospoliticosveracruz.com\/wp-content\/uploads\/2025\/04\/Agustn-Basilio-de-la-Vega.jpg","type":"image\/jpeg"}],"author":"Lo viste en Los Pol\u00edticos","twitter_card":"summary_large_image","twitter_creator":"@LosPoliticosVer","twitter_site":"@LosPoliticosVer","twitter_misc":{"Escrito por":"Lo viste en Los Pol\u00edticos","Tiempo de lectura":"3 minutos"},"schema":{"@context":"https:\/\/schema.org","@graph":[{"@type":"Article","@id":"https:\/\/lospoliticosveracruz.com\/?p=142929#article","isPartOf":{"@id":"https:\/\/lospoliticosveracruz.com\/?p=142929"},"author":{"name":"Lo viste en Los Pol\u00edticos","@id":"https:\/\/lospoliticosveracruz.com\/#\/schema\/person\/b8702bb0e538456e6efd07080bf2a4a2"},"headline":"ADI\u00d3S PAP\u00c1 FRANCISCO","datePublished":"2025-04-29T12:01:55+00:00","dateModified":"2025-04-29T12:02:10+00:00","mainEntityOfPage":{"@id":"https:\/\/lospoliticosveracruz.com\/?p=142929"},"wordCount":554,"publisher":{"@id":"https:\/\/lospoliticosveracruz.com\/#organization"},"image":{"@id":"https:\/\/lospoliticosveracruz.com\/?p=142929#primaryimage"},"thumbnailUrl":"https:\/\/lospoliticosveracruz.com\/wp-content\/uploads\/2025\/04\/Agustn-Basilio-de-la-Vega-e1775850704178.jpg","articleSection":["De Opini\u00f3n"],"inLanguage":"es"},{"@type":"WebPage","@id":"https:\/\/lospoliticosveracruz.com\/?p=142929","url":"https:\/\/lospoliticosveracruz.com\/?p=142929","name":"ADI\u00d3S PAP\u00c1 FRANCISCO - Los pol\u00edticos Veracruz","isPartOf":{"@id":"https:\/\/lospoliticosveracruz.com\/#website"},"primaryImageOfPage":{"@id":"https:\/\/lospoliticosveracruz.com\/?p=142929#primaryimage"},"image":{"@id":"https:\/\/lospoliticosveracruz.com\/?p=142929#primaryimage"},"thumbnailUrl":"https:\/\/lospoliticosveracruz.com\/wp-content\/uploads\/2025\/04\/Agustn-Basilio-de-la-Vega-e1775850704178.jpg","datePublished":"2025-04-29T12:01:55+00:00","dateModified":"2025-04-29T12:02:10+00:00","breadcrumb":{"@id":"https:\/\/lospoliticosveracruz.com\/?p=142929#breadcrumb"},"inLanguage":"es","potentialAction":[{"@type":"ReadAction","target":["https:\/\/lospoliticosveracruz.com\/?p=142929"]}]},{"@type":"ImageObject","inLanguage":"es","@id":"https:\/\/lospoliticosveracruz.com\/?p=142929#primaryimage","url":"https:\/\/lospoliticosveracruz.com\/wp-content\/uploads\/2025\/04\/Agustn-Basilio-de-la-Vega-e1775850704178.jpg","contentUrl":"https:\/\/lospoliticosveracruz.com\/wp-content\/uploads\/2025\/04\/Agustn-Basilio-de-la-Vega-e1775850704178.jpg","width":600,"height":320},{"@type":"BreadcrumbList","@id":"https:\/\/lospoliticosveracruz.com\/?p=142929#breadcrumb","itemListElement":[{"@type":"ListItem","position":1,"name":"Portada","item":"https:\/\/lospoliticosveracruz.com\/"},{"@type":"ListItem","position":2,"name":"ADI\u00d3S PAP\u00c1 FRANCISCO"}]},{"@type":"WebSite","@id":"https:\/\/lospoliticosveracruz.com\/#website","url":"https:\/\/lospoliticosveracruz.com\/","name":"Los pol\u00edticos Veracruz","description":"","publisher":{"@id":"https:\/\/lospoliticosveracruz.com\/#organization"},"potentialAction":[{"@type":"SearchAction","target":{"@type":"EntryPoint","urlTemplate":"https:\/\/lospoliticosveracruz.com\/?s={search_term_string}"},"query-input":{"@type":"PropertyValueSpecification","valueRequired":true,"valueName":"search_term_string"}}],"inLanguage":"es"},{"@type":"Organization","@id":"https:\/\/lospoliticosveracruz.com\/#organization","name":"Los pol\u00edticos Veracruz","url":"https:\/\/lospoliticosveracruz.com\/","logo":{"@type":"ImageObject","inLanguage":"es","@id":"https:\/\/lospoliticosveracruz.com\/#\/schema\/logo\/image\/","url":"https:\/\/lospoliticosveracruz.com\/wp-content\/uploads\/2025\/12\/Logo-Nuevo-LOS-POLITICOS-1.jpg","contentUrl":"https:\/\/lospoliticosveracruz.com\/wp-content\/uploads\/2025\/12\/Logo-Nuevo-LOS-POLITICOS-1.jpg","width":260,"height":70,"caption":"Los pol\u00edticos Veracruz"},"image":{"@id":"https:\/\/lospoliticosveracruz.com\/#\/schema\/logo\/image\/"},"sameAs":["https:\/\/www.facebook.com\/people\/Notimemes-de-los-Polticos\/61565672886568\/","https:\/\/x.com\/LosPoliticosVer"]},{"@type":"Person","@id":"https:\/\/lospoliticosveracruz.com\/#\/schema\/person\/b8702bb0e538456e6efd07080bf2a4a2","name":"Lo viste en Los Pol\u00edticos","image":{"@type":"ImageObject","inLanguage":"es","@id":"https:\/\/secure.gravatar.com\/avatar\/3a8de04a2656d44082be478bd6c086daa447c4651605818287b9532d3d0bd435?s=96&d=mm&r=g","url":"https:\/\/secure.gravatar.com\/avatar\/3a8de04a2656d44082be478bd6c086daa447c4651605818287b9532d3d0bd435?s=96&d=mm&r=g","contentUrl":"https:\/\/secure.gravatar.com\/avatar\/3a8de04a2656d44082be478bd6c086daa447c4651605818287b9532d3d0bd435?s=96&d=mm&r=g","caption":"Lo viste en Los Pol\u00edticos"},"url":"https:\/\/lospoliticosveracruz.com\/?author=2"}]}},"_links":{"self":[{"href":"https:\/\/lospoliticosveracruz.com\/index.php?rest_route=\/wp\/v2\/posts\/142929","targetHints":{"allow":["GET"]}}],"collection":[{"href":"https:\/\/lospoliticosveracruz.com\/index.php?rest_route=\/wp\/v2\/posts"}],"about":[{"href":"https:\/\/lospoliticosveracruz.com\/index.php?rest_route=\/wp\/v2\/types\/post"}],"author":[{"embeddable":true,"href":"https:\/\/lospoliticosveracruz.com\/index.php?rest_route=\/wp\/v2\/users\/2"}],"replies":[{"embeddable":true,"href":"https:\/\/lospoliticosveracruz.com\/index.php?rest_route=%2Fwp%2Fv2%2Fcomments&post=142929"}],"version-history":[{"count":2,"href":"https:\/\/lospoliticosveracruz.com\/index.php?rest_route=\/wp\/v2\/posts\/142929\/revisions"}],"predecessor-version":[{"id":142931,"href":"https:\/\/lospoliticosveracruz.com\/index.php?rest_route=\/wp\/v2\/posts\/142929\/revisions\/142931"}],"wp:featuredmedia":[{"embeddable":true,"href":"https:\/\/lospoliticosveracruz.com\/index.php?rest_route=\/wp\/v2\/media\/141477"}],"wp:attachment":[{"href":"https:\/\/lospoliticosveracruz.com\/index.php?rest_route=%2Fwp%2Fv2%2Fmedia&parent=142929"}],"wp:term":[{"taxonomy":"category","embeddable":true,"href":"https:\/\/lospoliticosveracruz.com\/index.php?rest_route=%2Fwp%2Fv2%2Fcategories&post=142929"},{"taxonomy":"post_tag","embeddable":true,"href":"https:\/\/lospoliticosveracruz.com\/index.php?rest_route=%2Fwp%2Fv2%2Ftags&post=142929"}],"curies":[{"name":"wp","href":"https:\/\/api.w.org\/{rel}","templated":true}]}}