{"id":143010,"date":"2025-04-29T19:56:04","date_gmt":"2025-04-30T00:56:04","guid":{"rendered":"https:\/\/lospoliticosveracruz.com.mx\/?p=143010"},"modified":"2025-04-29T19:56:21","modified_gmt":"2025-04-30T00:56:21","slug":"veracruz-y-la-campana-ya-manchada-de-sangre","status":"publish","type":"post","link":"https:\/\/lospoliticosveracruz.com\/?p=143010","title":{"rendered":"VERACRUZ Y LA CAMPA\u00d1A YA MANCHADA DE SANGRE.."},"content":{"rendered":"\n<p><a><\/a><a href=\"https:\/\/whatsapp.com\/channel\/0029Va8zRWlEKyZIP3Z1dF0e\"><strong>\u2002\u2002<\/strong><strong>\u00da<\/strong><strong>NETE A NUESTRO CANAL<\/strong><strong><\/strong><\/a><\/p>\n\n\n\n<p>\u00a1<a href=\"https:\/\/whatsapp.com\/channel\/0029Va8zRWlEKyZIP3Z1dF0e\"><strong>LOS POL\u00cd<\/strong><strong>TICOS VERACRUZ<\/strong><\/a> ya est\u00e1 en WhatsApp!<\/p>\n\n\n\n<p><\/p>\n\n\n\n<p><strong>Ricardo Chua<br><\/strong><em>Sale y Vale<br><\/em>A menos de 12 horas de que dieron inicio las campa\u00f1as electorales en Veracruz, para renovar las 212 alcald\u00edas.. En las primeras horas de ayer, se present\u00f3 el PRIMER HECHO TR\u00c1GICO Y SANGRIENTO en este proceso municipal.. Asesinaron a balazos al candidato a alcalde por la coalici\u00f3n MORENA-PVEM de la ciudad de Coxquihui, ubicada en la zona serrana al norte del Estado, Germ\u00e1n Anuar Valencia, alias \u00abNapo\u00bb, todo sucedi\u00f3 previo al inicio de su campa\u00f1a.. Y \u00abNapo\u00bb era miembro del partido del poder en Veracruz.. Pero ni eso le salv\u00f3.. Las balas segaron su vida e hirieron a 5 personas m\u00e1s..<\/p>\n\n\n\n<p>De esa manera, Anuar Valencia se convierte en el PRIMER CANDIDATO ASESINADO en la campa\u00f1a.. Una contienda que ya ven\u00eda \u00abmanchada\u00bb porque hab\u00edan asesinado a un diputado federal del PVEM; Benito Aguas y un aspirante a alcalde por \u00abVerde\u00bb en Paso del Macho, Carlos Neri.. Adem\u00e1s de que aspirantes a alcaldes de varios partidos, se \u00abbajaron\u00bb por miedo a las amenazas en su contra.. En su momento, la gobernadora Roc\u00edo Nahle acus\u00f3 que esto eran \u00abCampa\u00f1as de P\u00e1nico\u00bb generadas por la oposici\u00f3n y adversarios pol\u00edticos.. Pero ayer, fue uno de los suyos.. El pasado 24 de abril publicamos en este espacio, un texto que viene af\u00edn con lo ocurrido en Coxquihui..<\/p>\n\n\n\n<p>El cual dice lo siguiente: \u00abROC\u00cdO NAHLE Y LA ELECCI\u00d3N EN VERACRUZ.. Despu\u00e9s de lo dicho por la gobernadora de Veracruz, Roc\u00edo Nahle, sobre la presunta violencia que est\u00e1 siendo mella en la entidad, a s\u00f3lo unos d\u00edas de iniciar el proceso electoral local para renovar los 212 municipios del Estado.. Ella ya -pint\u00f3 su raya- e hizo \u00e9nfasis que son los mismos pol\u00edticos, que le est\u00e1n apostando al p\u00e1nico, esc\u00e1ndalo, luego andan llorando y despu\u00e9s victimizandose en las -altas esferas-.. Ella lanz\u00f3 se puede decir la -apuesta- de que la violencia, no ser\u00e1 factor para que Veracruz pueda tener una elecci\u00f3n tranquila y en paz.. Una apuesta que la puede ganar o perder..<\/p>\n\n\n\n<p>\u00abSi con lo dicho ayer dej\u00f3 en claro que ella cree que todo esto es un -teatro- pol\u00edtico de los partidos.. Para sacar -raja-, victimizar a sus candidatos y que eso haga que la ciudadan\u00eda vote por ellos en el pr\u00f3ximo proceso electoral municipal.. Logrando que con este tipo de quejas o campa\u00f1as de p\u00e1nico, la sociedad \u00abarrope\u00bb al candidato o partido que parezca m\u00e1s afectado o d\u00e9bil ante la presunta violencia que se presenta en Veracruz.. Una apuesta de mucho riesgo, pero se ve que la gobernadora tiene OTROS DATOS y est\u00e1 dispuesta a correrlos para que vean que los pol\u00edticos que generaron estas campa\u00f1as estaban equivocados..<\/p>\n\n\n\n<p>\u00abEn pocas palabras, Roc\u00edo Nahle puede ganar esta apuesta hecha con lo que se\u00f1al\u00f3 en su entrevista de ayer.. Si es que durante este proceso electoral local, no se presenta un hecho sangriento, violento o de ataque en contra de un candidato de ning\u00fan partido pol\u00edtico en los 212 municipios durante la elecci\u00f3n y el d\u00eda de la votaci\u00f3n.. As\u00ed el 1 de junio por la noche, ella podr\u00e1 decir: -Ya ven se los dije-.. Y nadie podr\u00e1 decirle absolutamente nada.. Pero si llegar\u00e1 a suceder lo contrario, no habr\u00eda duda, que todos sus adversarios pol\u00edticos se le lanzar\u00edan encima para se\u00f1alar, que la equivocada era ella.. Habr\u00e1 que ver qu\u00e9 sucede.. Ojal\u00e1 y no pase nada y la elecci\u00f3n sea en paz.. AMEN\u00bb..<\/p>\n\n\n\n<p>Para desgracia de todos en Veracruz.. Estos hechos no deben de poner contentos a nadie.. Ya que deja en claro, que cualquier pol\u00edtico, de cualquier partido est\u00e1 expuesto y que el peligro es para toda la sociedad.. Una elecci\u00f3n violenta no es buena para la paz social y la democracia de un Estado .. Esto m\u00e1s que nada, da indicios de un descontrol pol\u00edtico, de una falta de gobernabilidad y que hay \u00abriendas\u00bb sueltas durante este mes de campa\u00f1a y jornada electoral.. Esto se puede poner peor.. Roc\u00edo Nahle por lo pronto, ya no puede decir que es una CAMPA\u00d1A DE P\u00c1NICO de la oposici\u00f3n.. Ya hay un candidato asesinado y es de su partido..<\/p>\n\n\n\n<p>Peor a\u00fan si a s\u00f3lo unas horas despu\u00e9s de su asesinato, la Fiscal\u00eda General del Estado relaciona que el crimen de Anuar Valencia, pudo ser obra de un \u00abajuste de cuentas\u00bb.. Ya que PRESUNTAMENTE \u00abNapo\u00bb estaba relacionado con los asesinatos de dos personas, ocurridos la semana pasada en los municipios de Coxquihui y Espinal.. Y que la FGE est\u00e1 investigando el hecho.. Lo m\u00e1s GRAVE queda para MORENA y su dirigencia estatal encabezada por Esteban Ram\u00edrez Zepeta.. Acaso no supieron a qui\u00e9n postularon como candidatos a alcaldes.. En qu\u00e9 problemas meten al gobierno del Estado y a su partido..<\/p>\n\n\n\n<p>Lo que es peor.. El asesinato fue en las primeras 12 horas de iniciadas las campa\u00f1as.. Pareciera que esperaron su inicio para dar un \u00abmensaje\u00bb de terror en la zona del Totonacapan.. Como sucedi\u00f3 en 2021 en Cazones de Herrera, con Remigio Tovar Tovar de Movimiento Ciudadano.. Aqu\u00ed no les import\u00f3 que en Veracruz, se encontrar\u00e1 parte de la plana mayor del comit\u00e9 nacional de MORENA con Luisa Mar\u00eda Alcalde y Carolina Rangel.. Que estuviera el dirigente nacional del PRI, Aleiandro Moreno C\u00e1rdenas.. El l\u00edder nacional del PAN, Jorge Romero y el dirigente del CEN de MC, Jorge Alvarez Maynez.. LE DIERON \u00abCARNE PARA LOS BUITRES\u00bb..<\/p>\n\n\n\n<p>REFLEXI\u00d3N.. El texto publicado arriba en este espacio el 24 de abril.. Se vuelve actual con lo sucedido en Coxquihui.. MORENA dej\u00f3 a Roc\u00edo Nahle expuesta a los ataques de sus adversarios dentro y fuera de su partido por los hechos violentos y por un candidato asesinado, presuntamente con \u00aboscuro\u00bb pasado.. No son campa\u00f1as de p\u00e1nico, ya hay violencia en Veracruz.. Si eso pas\u00f3 al partido que gobierna el pa\u00eds, Estado, que tiene la mayor\u00eda en Congresos Federales y locales, el primer d\u00eda de campa\u00f1a.. QU\u00c9 SE PUEDE ESPERAR.. Con Cuitl\u00e1huac Garc\u00eda, en 2021, asesinaron a 9 candidatos a alcaldes.. Con Roc\u00edo Nahle va el primero al inicio de la contienda. Ojal\u00e1 y no suceda m\u00e1s.. AMEN..<\/p>\n\n\n\n<p><strong>MARYJOSE Y ROSA MAR\u00cdA..<\/strong> Para RIPLEY la candidata del PAN a la alcald\u00eda de Boca del R\u00edo, Maryjose Gamboa y la candidata de MORENA a la alcald\u00eda de Veracruz puerto, Rosa Mar\u00eda Hern\u00e1ndez Espejo.. Podr\u00edan CONVERTIRSE al mismo tiempo en las primeras alcaldesas con profesi\u00f3n de periodistas en la conurbaci\u00f3n.. La m\u00e1s importante econ\u00f3mica y pol\u00edticamente del Estado.. Ambas egresadas de la Universidad Veracruzana, las dos diputadas federales, ex funcionarias p\u00fablicas y ambas inician con ventaja de 2 a 1 en la contienda.. Qui\u00e9n dir\u00eda, dos comunicadoras mujeres alcaldes y vecinas de ayuntamientos.. Ayer Maryjose empez\u00f3 campa\u00f1a con desayuno con medios, su \u00abflota\u00bb como les dice y Rosa Mar\u00eda con entrevista radiof\u00f3nica en la estaci\u00f3n que fue su \u00abcasa\u00bb por muchos a\u00f1os.. S\u00f3lo en Veracruz..<\/p>\n","protected":false},"excerpt":{"rendered":"<p>\u2002\u2002\u00daNETE A NUESTRO CANAL \u00a1LOS POL\u00cdTICOS VERACRUZ ya est\u00e1 en WhatsApp! Ricardo ChuaSale y ValeA menos de 12 horas de que dieron inicio las campa\u00f1as electorales en Veracruz, para renovar las 212 alcald\u00edas.. En las primeras horas de ayer, se present\u00f3 el PRIMER HECHO TR\u00c1GICO Y SANGRIENTO en este proceso municipal.. Asesinaron a balazos al [&hellip;]<\/p>\n","protected":false},"author":2,"featured_media":141434,"comment_status":"closed","ping_status":"closed","sticky":false,"template":"","format":"standard","meta":{"tdm_status":"","tdm_grid_status":"","footnotes":""},"categories":[70],"tags":[601,7721,43691,43690,1937,6443,28660,11900],"class_list":{"0":"post-143010","1":"post","2":"type-post","3":"status-publish","4":"format-standard","5":"has-post-thumbnail","7":"category-de-opinion","8":"tag-boca-del-rio","9":"tag-coxquihui","10":"tag-german-anuar-valencia","11":"tag-jorge-alvarez-maynez-5","12":"tag-maryjose-gamboa","13":"tag-mc","14":"tag-ricardo-chua-2","15":"tag-rosa-maria-hernandez-espejo"},"yoast_head":"<!-- This site is optimized with the Yoast SEO plugin v27.4 - https:\/\/yoast.com\/product\/yoast-seo-wordpress\/ -->\n<title>VERACRUZ Y LA CAMPA\u00d1A YA MANCHADA DE SANGRE.. - Los pol\u00edticos Veracruz<\/title>\n<meta name=\"robots\" content=\"index, follow, max-snippet:-1, max-image-preview:large, max-video-preview:-1\" \/>\n<link rel=\"canonical\" href=\"https:\/\/lospoliticosveracruz.com\/?p=143010\" \/>\n<meta property=\"og:locale\" content=\"es_ES\" \/>\n<meta property=\"og:type\" content=\"article\" \/>\n<meta property=\"og:title\" content=\"VERACRUZ Y LA CAMPA\u00d1A YA MANCHADA DE SANGRE.. - Los pol\u00edticos Veracruz\" \/>\n<meta property=\"og:description\" content=\"\u2002\u2002\u00daNETE A NUESTRO CANAL \u00a1LOS POL\u00cdTICOS VERACRUZ ya est\u00e1 en WhatsApp! Ricardo ChuaSale y ValeA menos de 12 horas de que dieron inicio las campa\u00f1as electorales en Veracruz, para renovar las 212 alcald\u00edas.. En las primeras horas de ayer, se present\u00f3 el PRIMER HECHO TR\u00c1GICO Y SANGRIENTO en este proceso municipal.. Asesinaron a balazos al [&hellip;]\" \/>\n<meta property=\"og:url\" content=\"https:\/\/lospoliticosveracruz.com\/?p=143010\" \/>\n<meta property=\"og:site_name\" content=\"Los pol\u00edticos Veracruz\" \/>\n<meta property=\"article:publisher\" content=\"https:\/\/www.facebook.com\/people\/Notimemes-de-los-Polticos\/61565672886568\/\" \/>\n<meta property=\"article:published_time\" content=\"2025-04-30T00:56:04+00:00\" \/>\n<meta property=\"article:modified_time\" content=\"2025-04-30T00:56:21+00:00\" \/>\n<meta property=\"og:image\" content=\"https:\/\/lospoliticosveracruz.com\/wp-content\/uploads\/2025\/04\/Chua-e1761364658706.jpg\" \/>\n\t<meta property=\"og:image:width\" content=\"600\" \/>\n\t<meta property=\"og:image:height\" content=\"320\" \/>\n\t<meta property=\"og:image:type\" content=\"image\/jpeg\" \/>\n<meta name=\"author\" content=\"Lo viste en Los Pol\u00edticos\" \/>\n<meta name=\"twitter:card\" content=\"summary_large_image\" \/>\n<meta name=\"twitter:creator\" content=\"@LosPoliticosVer\" \/>\n<meta name=\"twitter:site\" content=\"@LosPoliticosVer\" \/>\n<meta name=\"twitter:label1\" content=\"Escrito por\" \/>\n\t<meta name=\"twitter:data1\" content=\"Lo viste en Los Pol\u00edticos\" \/>\n\t<meta name=\"twitter:label2\" content=\"Tiempo de lectura\" \/>\n\t<meta name=\"twitter:data2\" content=\"6 minutos\" \/>\n<script type=\"application\/ld+json\" class=\"yoast-schema-graph\">{\"@context\":\"https:\\\/\\\/schema.org\",\"@graph\":[{\"@type\":\"Article\",\"@id\":\"https:\\\/\\\/lospoliticosveracruz.com\\\/?p=143010#article\",\"isPartOf\":{\"@id\":\"https:\\\/\\\/lospoliticosveracruz.com\\\/?p=143010\"},\"author\":{\"name\":\"Lo viste en Los Pol\u00edticos\",\"@id\":\"https:\\\/\\\/lospoliticosveracruz.com\\\/#\\\/schema\\\/person\\\/b8702bb0e538456e6efd07080bf2a4a2\"},\"headline\":\"VERACRUZ Y LA CAMPA\u00d1A YA MANCHADA DE SANGRE..\",\"datePublished\":\"2025-04-30T00:56:04+00:00\",\"dateModified\":\"2025-04-30T00:56:21+00:00\",\"mainEntityOfPage\":{\"@id\":\"https:\\\/\\\/lospoliticosveracruz.com\\\/?p=143010\"},\"wordCount\":1234,\"publisher\":{\"@id\":\"https:\\\/\\\/lospoliticosveracruz.com\\\/#organization\"},\"image\":{\"@id\":\"https:\\\/\\\/lospoliticosveracruz.com\\\/?p=143010#primaryimage\"},\"thumbnailUrl\":\"https:\\\/\\\/lospoliticosveracruz.com\\\/wp-content\\\/uploads\\\/2025\\\/04\\\/Chua-e1761364658706.jpg\",\"keywords\":[\"Boca del R\u00edo\",\"Coxquihui\",\"Germ\u00e1n Anuar Valencia\",\"Jorge Alvarez Maynez\",\"Maryjose Gamboa\",\"MC\",\"Ricardo Chua\",\"Rosa Mar\u00eda Hern\u00e1ndez Espejo\"],\"articleSection\":[\"De Opini\u00f3n\"],\"inLanguage\":\"es\"},{\"@type\":\"WebPage\",\"@id\":\"https:\\\/\\\/lospoliticosveracruz.com\\\/?p=143010\",\"url\":\"https:\\\/\\\/lospoliticosveracruz.com\\\/?p=143010\",\"name\":\"VERACRUZ Y LA CAMPA\u00d1A YA MANCHADA DE SANGRE.. - Los pol\u00edticos Veracruz\",\"isPartOf\":{\"@id\":\"https:\\\/\\\/lospoliticosveracruz.com\\\/#website\"},\"primaryImageOfPage\":{\"@id\":\"https:\\\/\\\/lospoliticosveracruz.com\\\/?p=143010#primaryimage\"},\"image\":{\"@id\":\"https:\\\/\\\/lospoliticosveracruz.com\\\/?p=143010#primaryimage\"},\"thumbnailUrl\":\"https:\\\/\\\/lospoliticosveracruz.com\\\/wp-content\\\/uploads\\\/2025\\\/04\\\/Chua-e1761364658706.jpg\",\"datePublished\":\"2025-04-30T00:56:04+00:00\",\"dateModified\":\"2025-04-30T00:56:21+00:00\",\"breadcrumb\":{\"@id\":\"https:\\\/\\\/lospoliticosveracruz.com\\\/?p=143010#breadcrumb\"},\"inLanguage\":\"es\",\"potentialAction\":[{\"@type\":\"ReadAction\",\"target\":[\"https:\\\/\\\/lospoliticosveracruz.com\\\/?p=143010\"]}]},{\"@type\":\"ImageObject\",\"inLanguage\":\"es\",\"@id\":\"https:\\\/\\\/lospoliticosveracruz.com\\\/?p=143010#primaryimage\",\"url\":\"https:\\\/\\\/lospoliticosveracruz.com\\\/wp-content\\\/uploads\\\/2025\\\/04\\\/Chua-e1761364658706.jpg\",\"contentUrl\":\"https:\\\/\\\/lospoliticosveracruz.com\\\/wp-content\\\/uploads\\\/2025\\\/04\\\/Chua-e1761364658706.jpg\",\"width\":600,\"height\":320},{\"@type\":\"BreadcrumbList\",\"@id\":\"https:\\\/\\\/lospoliticosveracruz.com\\\/?p=143010#breadcrumb\",\"itemListElement\":[{\"@type\":\"ListItem\",\"position\":1,\"name\":\"Portada\",\"item\":\"https:\\\/\\\/lospoliticosveracruz.com\\\/\"},{\"@type\":\"ListItem\",\"position\":2,\"name\":\"VERACRUZ Y LA CAMPA\u00d1A YA MANCHADA DE SANGRE..\"}]},{\"@type\":\"WebSite\",\"@id\":\"https:\\\/\\\/lospoliticosveracruz.com\\\/#website\",\"url\":\"https:\\\/\\\/lospoliticosveracruz.com\\\/\",\"name\":\"Los pol\u00edticos Veracruz\",\"description\":\"\",\"publisher\":{\"@id\":\"https:\\\/\\\/lospoliticosveracruz.com\\\/#organization\"},\"potentialAction\":[{\"@type\":\"SearchAction\",\"target\":{\"@type\":\"EntryPoint\",\"urlTemplate\":\"https:\\\/\\\/lospoliticosveracruz.com\\\/?s={search_term_string}\"},\"query-input\":{\"@type\":\"PropertyValueSpecification\",\"valueRequired\":true,\"valueName\":\"search_term_string\"}}],\"inLanguage\":\"es\"},{\"@type\":\"Organization\",\"@id\":\"https:\\\/\\\/lospoliticosveracruz.com\\\/#organization\",\"name\":\"Los pol\u00edticos Veracruz\",\"url\":\"https:\\\/\\\/lospoliticosveracruz.com\\\/\",\"logo\":{\"@type\":\"ImageObject\",\"inLanguage\":\"es\",\"@id\":\"https:\\\/\\\/lospoliticosveracruz.com\\\/#\\\/schema\\\/logo\\\/image\\\/\",\"url\":\"https:\\\/\\\/lospoliticosveracruz.com\\\/wp-content\\\/uploads\\\/2025\\\/12\\\/Logo-Nuevo-LOS-POLITICOS-1.jpg\",\"contentUrl\":\"https:\\\/\\\/lospoliticosveracruz.com\\\/wp-content\\\/uploads\\\/2025\\\/12\\\/Logo-Nuevo-LOS-POLITICOS-1.jpg\",\"width\":260,\"height\":70,\"caption\":\"Los pol\u00edticos Veracruz\"},\"image\":{\"@id\":\"https:\\\/\\\/lospoliticosveracruz.com\\\/#\\\/schema\\\/logo\\\/image\\\/\"},\"sameAs\":[\"https:\\\/\\\/www.facebook.com\\\/people\\\/Notimemes-de-los-Polticos\\\/61565672886568\\\/\",\"https:\\\/\\\/x.com\\\/LosPoliticosVer\"]},{\"@type\":\"Person\",\"@id\":\"https:\\\/\\\/lospoliticosveracruz.com\\\/#\\\/schema\\\/person\\\/b8702bb0e538456e6efd07080bf2a4a2\",\"name\":\"Lo viste en Los Pol\u00edticos\",\"image\":{\"@type\":\"ImageObject\",\"inLanguage\":\"es\",\"@id\":\"https:\\\/\\\/secure.gravatar.com\\\/avatar\\\/3a8de04a2656d44082be478bd6c086daa447c4651605818287b9532d3d0bd435?s=96&d=mm&r=g\",\"url\":\"https:\\\/\\\/secure.gravatar.com\\\/avatar\\\/3a8de04a2656d44082be478bd6c086daa447c4651605818287b9532d3d0bd435?s=96&d=mm&r=g\",\"contentUrl\":\"https:\\\/\\\/secure.gravatar.com\\\/avatar\\\/3a8de04a2656d44082be478bd6c086daa447c4651605818287b9532d3d0bd435?s=96&d=mm&r=g\",\"caption\":\"Lo viste en Los Pol\u00edticos\"},\"url\":\"https:\\\/\\\/lospoliticosveracruz.com\\\/?author=2\"}]}<\/script>\n<!-- \/ Yoast SEO plugin. -->","yoast_head_json":{"title":"VERACRUZ Y LA CAMPA\u00d1A YA MANCHADA DE SANGRE.. - Los pol\u00edticos Veracruz","robots":{"index":"index","follow":"follow","max-snippet":"max-snippet:-1","max-image-preview":"max-image-preview:large","max-video-preview":"max-video-preview:-1"},"canonical":"https:\/\/lospoliticosveracruz.com\/?p=143010","og_locale":"es_ES","og_type":"article","og_title":"VERACRUZ Y LA CAMPA\u00d1A YA MANCHADA DE SANGRE.. - Los pol\u00edticos Veracruz","og_description":"\u2002\u2002\u00daNETE A NUESTRO CANAL \u00a1LOS POL\u00cdTICOS VERACRUZ ya est\u00e1 en WhatsApp! Ricardo ChuaSale y ValeA menos de 12 horas de que dieron inicio las campa\u00f1as electorales en Veracruz, para renovar las 212 alcald\u00edas.. En las primeras horas de ayer, se present\u00f3 el PRIMER HECHO TR\u00c1GICO Y SANGRIENTO en este proceso municipal.. Asesinaron a balazos al [&hellip;]","og_url":"https:\/\/lospoliticosveracruz.com\/?p=143010","og_site_name":"Los pol\u00edticos Veracruz","article_publisher":"https:\/\/www.facebook.com\/people\/Notimemes-de-los-Polticos\/61565672886568\/","article_published_time":"2025-04-30T00:56:04+00:00","article_modified_time":"2025-04-30T00:56:21+00:00","og_image":[{"width":600,"height":320,"url":"https:\/\/lospoliticosveracruz.com\/wp-content\/uploads\/2025\/04\/Chua-e1761364658706.jpg","type":"image\/jpeg"}],"author":"Lo viste en Los Pol\u00edticos","twitter_card":"summary_large_image","twitter_creator":"@LosPoliticosVer","twitter_site":"@LosPoliticosVer","twitter_misc":{"Escrito por":"Lo viste en Los Pol\u00edticos","Tiempo de lectura":"6 minutos"},"schema":{"@context":"https:\/\/schema.org","@graph":[{"@type":"Article","@id":"https:\/\/lospoliticosveracruz.com\/?p=143010#article","isPartOf":{"@id":"https:\/\/lospoliticosveracruz.com\/?p=143010"},"author":{"name":"Lo viste en Los Pol\u00edticos","@id":"https:\/\/lospoliticosveracruz.com\/#\/schema\/person\/b8702bb0e538456e6efd07080bf2a4a2"},"headline":"VERACRUZ Y LA CAMPA\u00d1A YA MANCHADA DE SANGRE..","datePublished":"2025-04-30T00:56:04+00:00","dateModified":"2025-04-30T00:56:21+00:00","mainEntityOfPage":{"@id":"https:\/\/lospoliticosveracruz.com\/?p=143010"},"wordCount":1234,"publisher":{"@id":"https:\/\/lospoliticosveracruz.com\/#organization"},"image":{"@id":"https:\/\/lospoliticosveracruz.com\/?p=143010#primaryimage"},"thumbnailUrl":"https:\/\/lospoliticosveracruz.com\/wp-content\/uploads\/2025\/04\/Chua-e1761364658706.jpg","keywords":["Boca del R\u00edo","Coxquihui","Germ\u00e1n Anuar Valencia","Jorge Alvarez Maynez","Maryjose Gamboa","MC","Ricardo Chua","Rosa Mar\u00eda Hern\u00e1ndez Espejo"],"articleSection":["De Opini\u00f3n"],"inLanguage":"es"},{"@type":"WebPage","@id":"https:\/\/lospoliticosveracruz.com\/?p=143010","url":"https:\/\/lospoliticosveracruz.com\/?p=143010","name":"VERACRUZ Y LA CAMPA\u00d1A YA MANCHADA DE SANGRE.. - Los pol\u00edticos Veracruz","isPartOf":{"@id":"https:\/\/lospoliticosveracruz.com\/#website"},"primaryImageOfPage":{"@id":"https:\/\/lospoliticosveracruz.com\/?p=143010#primaryimage"},"image":{"@id":"https:\/\/lospoliticosveracruz.com\/?p=143010#primaryimage"},"thumbnailUrl":"https:\/\/lospoliticosveracruz.com\/wp-content\/uploads\/2025\/04\/Chua-e1761364658706.jpg","datePublished":"2025-04-30T00:56:04+00:00","dateModified":"2025-04-30T00:56:21+00:00","breadcrumb":{"@id":"https:\/\/lospoliticosveracruz.com\/?p=143010#breadcrumb"},"inLanguage":"es","potentialAction":[{"@type":"ReadAction","target":["https:\/\/lospoliticosveracruz.com\/?p=143010"]}]},{"@type":"ImageObject","inLanguage":"es","@id":"https:\/\/lospoliticosveracruz.com\/?p=143010#primaryimage","url":"https:\/\/lospoliticosveracruz.com\/wp-content\/uploads\/2025\/04\/Chua-e1761364658706.jpg","contentUrl":"https:\/\/lospoliticosveracruz.com\/wp-content\/uploads\/2025\/04\/Chua-e1761364658706.jpg","width":600,"height":320},{"@type":"BreadcrumbList","@id":"https:\/\/lospoliticosveracruz.com\/?p=143010#breadcrumb","itemListElement":[{"@type":"ListItem","position":1,"name":"Portada","item":"https:\/\/lospoliticosveracruz.com\/"},{"@type":"ListItem","position":2,"name":"VERACRUZ Y LA CAMPA\u00d1A YA MANCHADA DE SANGRE.."}]},{"@type":"WebSite","@id":"https:\/\/lospoliticosveracruz.com\/#website","url":"https:\/\/lospoliticosveracruz.com\/","name":"Los pol\u00edticos Veracruz","description":"","publisher":{"@id":"https:\/\/lospoliticosveracruz.com\/#organization"},"potentialAction":[{"@type":"SearchAction","target":{"@type":"EntryPoint","urlTemplate":"https:\/\/lospoliticosveracruz.com\/?s={search_term_string}"},"query-input":{"@type":"PropertyValueSpecification","valueRequired":true,"valueName":"search_term_string"}}],"inLanguage":"es"},{"@type":"Organization","@id":"https:\/\/lospoliticosveracruz.com\/#organization","name":"Los pol\u00edticos Veracruz","url":"https:\/\/lospoliticosveracruz.com\/","logo":{"@type":"ImageObject","inLanguage":"es","@id":"https:\/\/lospoliticosveracruz.com\/#\/schema\/logo\/image\/","url":"https:\/\/lospoliticosveracruz.com\/wp-content\/uploads\/2025\/12\/Logo-Nuevo-LOS-POLITICOS-1.jpg","contentUrl":"https:\/\/lospoliticosveracruz.com\/wp-content\/uploads\/2025\/12\/Logo-Nuevo-LOS-POLITICOS-1.jpg","width":260,"height":70,"caption":"Los pol\u00edticos Veracruz"},"image":{"@id":"https:\/\/lospoliticosveracruz.com\/#\/schema\/logo\/image\/"},"sameAs":["https:\/\/www.facebook.com\/people\/Notimemes-de-los-Polticos\/61565672886568\/","https:\/\/x.com\/LosPoliticosVer"]},{"@type":"Person","@id":"https:\/\/lospoliticosveracruz.com\/#\/schema\/person\/b8702bb0e538456e6efd07080bf2a4a2","name":"Lo viste en Los Pol\u00edticos","image":{"@type":"ImageObject","inLanguage":"es","@id":"https:\/\/secure.gravatar.com\/avatar\/3a8de04a2656d44082be478bd6c086daa447c4651605818287b9532d3d0bd435?s=96&d=mm&r=g","url":"https:\/\/secure.gravatar.com\/avatar\/3a8de04a2656d44082be478bd6c086daa447c4651605818287b9532d3d0bd435?s=96&d=mm&r=g","contentUrl":"https:\/\/secure.gravatar.com\/avatar\/3a8de04a2656d44082be478bd6c086daa447c4651605818287b9532d3d0bd435?s=96&d=mm&r=g","caption":"Lo viste en Los Pol\u00edticos"},"url":"https:\/\/lospoliticosveracruz.com\/?author=2"}]}},"_links":{"self":[{"href":"https:\/\/lospoliticosveracruz.com\/index.php?rest_route=\/wp\/v2\/posts\/143010","targetHints":{"allow":["GET"]}}],"collection":[{"href":"https:\/\/lospoliticosveracruz.com\/index.php?rest_route=\/wp\/v2\/posts"}],"about":[{"href":"https:\/\/lospoliticosveracruz.com\/index.php?rest_route=\/wp\/v2\/types\/post"}],"author":[{"embeddable":true,"href":"https:\/\/lospoliticosveracruz.com\/index.php?rest_route=\/wp\/v2\/users\/2"}],"replies":[{"embeddable":true,"href":"https:\/\/lospoliticosveracruz.com\/index.php?rest_route=%2Fwp%2Fv2%2Fcomments&post=143010"}],"version-history":[{"count":1,"href":"https:\/\/lospoliticosveracruz.com\/index.php?rest_route=\/wp\/v2\/posts\/143010\/revisions"}],"predecessor-version":[{"id":143015,"href":"https:\/\/lospoliticosveracruz.com\/index.php?rest_route=\/wp\/v2\/posts\/143010\/revisions\/143015"}],"wp:featuredmedia":[{"embeddable":true,"href":"https:\/\/lospoliticosveracruz.com\/index.php?rest_route=\/wp\/v2\/media\/141434"}],"wp:attachment":[{"href":"https:\/\/lospoliticosveracruz.com\/index.php?rest_route=%2Fwp%2Fv2%2Fmedia&parent=143010"}],"wp:term":[{"taxonomy":"category","embeddable":true,"href":"https:\/\/lospoliticosveracruz.com\/index.php?rest_route=%2Fwp%2Fv2%2Fcategories&post=143010"},{"taxonomy":"post_tag","embeddable":true,"href":"https:\/\/lospoliticosveracruz.com\/index.php?rest_route=%2Fwp%2Fv2%2Ftags&post=143010"}],"curies":[{"name":"wp","href":"https:\/\/api.w.org\/{rel}","templated":true}]}}