{"id":143030,"date":"2025-04-29T21:49:32","date_gmt":"2025-04-30T02:49:32","guid":{"rendered":"https:\/\/lospoliticosveracruz.com.mx\/?p=143030"},"modified":"2025-04-29T21:49:44","modified_gmt":"2025-04-30T02:49:44","slug":"daniela-bien-preparada","status":"publish","type":"post","link":"https:\/\/lospoliticosveracruz.com\/?p=143030","title":{"rendered":"DANIELA, BIEN PREPARADA!"},"content":{"rendered":"\n<p><a><\/a><a href=\"https:\/\/whatsapp.com\/channel\/0029Va8zRWlEKyZIP3Z1dF0e\"><strong>\u2002\u2002<\/strong><strong>\u00da<\/strong><strong>NETE A NUESTRO CANAL<\/strong><strong><\/strong><\/a><\/p>\n\n\n\n<p>\u00a1<a href=\"https:\/\/whatsapp.com\/channel\/0029Va8zRWlEKyZIP3Z1dF0e\"><strong>LOS POL\u00cd<\/strong><strong>TICOS VERACRUZ<\/strong><\/a> ya est\u00e1 en WhatsApp!<\/p>\n\n\n\n<p><\/p>\n\n\n\n<p><\/p>\n\n\n\n<p><\/p>\n\n\n\n<p>Con el acompa\u00f1amiento de actores destacados de Morena y del PVEM, de la planilla que integrar\u00e1 el Cabildo mediante las regidur\u00edas, de representantes seccionales y dirigentes de distintos movimientos en Xalapa, Daniela Griego Ceballos inici\u00f3 este martes su campa\u00f1a como candidata a la presidencia municipal.<\/p>\n\n\n\n<p>La abanderada de la Coalici\u00f3n Sigamos Haciendo Historia y fundadora de este movimiento nacional en Veracruz, present\u00f3 los ocho ejes rectores de su propuesta de gobierno, enfocados en elevar la calidad de vida de la ciudadan\u00eda y establecer las bases de un municipio innovador, participativo e inclusivo, donde la voz del pueblo sea escuchada y donde las mujeres se sientan seguras.<\/p>\n\n\n\n<p>\u201cSi las personas no participan, si los ciudadanos no toman en sus manos los asuntos p\u00fablicos, no vamos a transformar este pa\u00eds\u201d, afirm\u00f3, y reconoci\u00f3 la necesidad de una poblaci\u00f3n activa para consolidar los cambios que Xalapa necesita.<\/p>\n\n\n\n<p>Al respecto, detall\u00f3 que los ejes rectores que se integrar\u00e1n al Plan Municipal de Desarrollo son:<br>\u2022 Eje 1. Participaci\u00f3n ciudadana: para la defensa de los derechos y el bienestar de las infancias, juventudes, mujeres y hombres, personas adultas mayores, personas con discapacidad y de la comunidad de la diversidad sexogen\u00e9rica.<br>\u2022 Eje 2. Movilidad urbana: implementaci\u00f3n de una estrategia integral con transporte p\u00fablico eficiente, gesti\u00f3n del tr\u00e1fico y promoci\u00f3n de una cultura vial responsable.<br>\u2022 Eje 3. Medio ambiente y derecho al agua: uso racional de recursos, tratamiento de residuos s\u00f3lidos, bienestar animal y garant\u00eda del derecho al agua.<\/p>\n\n\n\n<p>\u201cEste eje est\u00e1 sustentado por propuestas t\u00e9cnicas y acad\u00e9micas serias, porque el tema del agua no puede esperar m\u00e1s\u201d, enfatiz\u00f3.<\/p>\n\n\n\n<pre class=\"wp-block-code\"><code>\u2022   Eje 4. Cultura, educaci\u00f3n y deporte: impulso a un modelo de gesti\u00f3n que promueva la identidad, la armon\u00eda social y el cuidado de la salud.\n\u2022   Eje 5. Desarrollo urbano sostenible: infraestructura digna y planeada para atender los desaf\u00edos del cambio clim\u00e1tico, el crecimiento poblacional y la desigualdad social.\n\u2022   Eje 6. Econom\u00eda local y emprendimiento: fortalecimiento del comercio, la producci\u00f3n agr\u00edcola y el emprendimiento mediante inversi\u00f3n, capacitaci\u00f3n y menos burocracia.\n\u2022   Eje 7. Turismo con identidad: recuperaci\u00f3n del potencial tur\u00edstico de Xalapa, con beneficios econ\u00f3micos, conservaci\u00f3n del patrimonio y participaci\u00f3n comunitaria.\n\u2022   Eje 8. Seguridad ciudadana: fortalecimiento de la polic\u00eda municipal, prevenci\u00f3n del delito, iluminaci\u00f3n de espacios p\u00fablicos y promoci\u00f3n de una cultura de paz con perspectiva de g\u00e9nero.<\/code><\/pre>\n\n\n\n<p>Daniela Griego reiter\u00f3 que esta campa\u00f1a es cercana, austera y territorial, por lo que los resultados en las urnas ser\u00e1n contundentes, demostrando que la capital del estado est\u00e1 con la Cuarta Transformaci\u00f3n.<\/p>\n\n\n\n<p>Sostuvo que en los pr\u00f3ximos 30 d\u00edas la poblaci\u00f3n conocer\u00e1 su oferta pol\u00edtica a trav\u00e9s de un trabajo respetuoso, de ideas, plural y con buen \u00e1nimo, sin responder a provocaciones que suelen abundar por la efervescencia electoral.<\/p>\n\n\n\n<p>\u201cVamos a visitar casa por casa, a escuchar a empresarios, sindicatos, organizaciones civiles, a todas y todos. No venimos solo a pedir el voto, venimos a construir un gobierno desde el coraz\u00f3n a la izquierda, siguiendo el ejemplo de nuestra presidenta Claudia Sheinbaum y de nuestra gobernadora Roc\u00edo Nahle\u201d.<\/p>\n\n\n\n<p>Reiter\u00f3 el compromiso de impulsar un buen gobierno del pueblo para el pueblo con la visi\u00f3n que rige a Morena, desde los ideales del fundador, para consolidar el segundo piso de la Cuarta Transformaci\u00f3n en Xalapa.<\/p>\n\n\n\n<p>\u201cVamos a trabajar con entusiasmo y compromiso d\u00eda a d\u00eda para que lleguemos al 1 de junio de la mejor manera posible y ganemos por mucho la presidencia municipal de Xalapa, respetando el legado de Andr\u00e9s Manuel L\u00f3pez Obrador\u201d.<\/p>\n","protected":false},"excerpt":{"rendered":"<p>\u2002\u2002\u00daNETE A NUESTRO CANAL \u00a1LOS POL\u00cdTICOS VERACRUZ ya est\u00e1 en WhatsApp! Con el acompa\u00f1amiento de actores destacados de Morena y del PVEM, de la planilla que integrar\u00e1 el Cabildo mediante las regidur\u00edas, de representantes seccionales y dirigentes de distintos movimientos en Xalapa, Daniela Griego Ceballos inici\u00f3 este martes su campa\u00f1a como candidata a la presidencia [&hellip;]<\/p>\n","protected":false},"author":2,"featured_media":143031,"comment_status":"closed","ping_status":"closed","sticky":false,"template":"","format":"standard","meta":{"tdm_status":"","tdm_grid_status":"","footnotes":""},"categories":[73],"tags":[],"class_list":{"0":"post-143030","1":"post","2":"type-post","3":"status-publish","4":"format-standard","5":"has-post-thumbnail","7":"category-de-boleto"},"yoast_head":"<!-- This site is optimized with the Yoast SEO plugin v27.4 - https:\/\/yoast.com\/product\/yoast-seo-wordpress\/ -->\n<title>DANIELA, BIEN PREPARADA! - Los pol\u00edticos Veracruz<\/title>\n<meta name=\"robots\" content=\"index, follow, max-snippet:-1, max-image-preview:large, max-video-preview:-1\" \/>\n<link rel=\"canonical\" href=\"https:\/\/lospoliticosveracruz.com\/?p=143030\" \/>\n<meta property=\"og:locale\" content=\"es_ES\" \/>\n<meta property=\"og:type\" content=\"article\" \/>\n<meta property=\"og:title\" content=\"DANIELA, BIEN PREPARADA! - Los pol\u00edticos Veracruz\" \/>\n<meta property=\"og:description\" content=\"\u2002\u2002\u00daNETE A NUESTRO CANAL \u00a1LOS POL\u00cdTICOS VERACRUZ ya est\u00e1 en WhatsApp! Con el acompa\u00f1amiento de actores destacados de Morena y del PVEM, de la planilla que integrar\u00e1 el Cabildo mediante las regidur\u00edas, de representantes seccionales y dirigentes de distintos movimientos en Xalapa, Daniela Griego Ceballos inici\u00f3 este martes su campa\u00f1a como candidata a la presidencia [&hellip;]\" \/>\n<meta property=\"og:url\" content=\"https:\/\/lospoliticosveracruz.com\/?p=143030\" \/>\n<meta property=\"og:site_name\" content=\"Los pol\u00edticos Veracruz\" \/>\n<meta property=\"article:publisher\" content=\"https:\/\/www.facebook.com\/people\/Notimemes-de-los-Polticos\/61565672886568\/\" \/>\n<meta property=\"article:published_time\" content=\"2025-04-30T02:49:32+00:00\" \/>\n<meta property=\"article:modified_time\" content=\"2025-04-30T02:49:44+00:00\" \/>\n<meta property=\"og:image\" content=\"https:\/\/lospoliticosveracruz.com\/wp-content\/uploads\/2025\/04\/Xalapa-Daniela-Griego-Ceballos.jpeg\" \/>\n\t<meta property=\"og:image:width\" content=\"600\" \/>\n\t<meta property=\"og:image:height\" content=\"320\" \/>\n\t<meta property=\"og:image:type\" content=\"image\/jpeg\" \/>\n<meta name=\"author\" content=\"Lo viste en Los Pol\u00edticos\" \/>\n<meta name=\"twitter:card\" content=\"summary_large_image\" \/>\n<meta name=\"twitter:creator\" content=\"@LosPoliticosVer\" \/>\n<meta name=\"twitter:site\" content=\"@LosPoliticosVer\" \/>\n<meta name=\"twitter:label1\" content=\"Escrito por\" \/>\n\t<meta name=\"twitter:data1\" content=\"Lo viste en Los Pol\u00edticos\" \/>\n\t<meta name=\"twitter:label2\" content=\"Tiempo de lectura\" \/>\n\t<meta name=\"twitter:data2\" content=\"3 minutos\" \/>\n<script type=\"application\/ld+json\" class=\"yoast-schema-graph\">{\"@context\":\"https:\\\/\\\/schema.org\",\"@graph\":[{\"@type\":\"Article\",\"@id\":\"https:\\\/\\\/lospoliticosveracruz.com\\\/?p=143030#article\",\"isPartOf\":{\"@id\":\"https:\\\/\\\/lospoliticosveracruz.com\\\/?p=143030\"},\"author\":{\"name\":\"Lo viste en Los Pol\u00edticos\",\"@id\":\"https:\\\/\\\/lospoliticosveracruz.com\\\/#\\\/schema\\\/person\\\/b8702bb0e538456e6efd07080bf2a4a2\"},\"headline\":\"DANIELA, BIEN PREPARADA!\",\"datePublished\":\"2025-04-30T02:49:32+00:00\",\"dateModified\":\"2025-04-30T02:49:44+00:00\",\"mainEntityOfPage\":{\"@id\":\"https:\\\/\\\/lospoliticosveracruz.com\\\/?p=143030\"},\"wordCount\":501,\"publisher\":{\"@id\":\"https:\\\/\\\/lospoliticosveracruz.com\\\/#organization\"},\"image\":{\"@id\":\"https:\\\/\\\/lospoliticosveracruz.com\\\/?p=143030#primaryimage\"},\"thumbnailUrl\":\"https:\\\/\\\/lospoliticosveracruz.com\\\/wp-content\\\/uploads\\\/2025\\\/04\\\/Xalapa-Daniela-Griego-Ceballos.jpeg\",\"articleSection\":[\"De Boleto\"],\"inLanguage\":\"es\"},{\"@type\":\"WebPage\",\"@id\":\"https:\\\/\\\/lospoliticosveracruz.com\\\/?p=143030\",\"url\":\"https:\\\/\\\/lospoliticosveracruz.com\\\/?p=143030\",\"name\":\"DANIELA, BIEN PREPARADA! - Los pol\u00edticos Veracruz\",\"isPartOf\":{\"@id\":\"https:\\\/\\\/lospoliticosveracruz.com\\\/#website\"},\"primaryImageOfPage\":{\"@id\":\"https:\\\/\\\/lospoliticosveracruz.com\\\/?p=143030#primaryimage\"},\"image\":{\"@id\":\"https:\\\/\\\/lospoliticosveracruz.com\\\/?p=143030#primaryimage\"},\"thumbnailUrl\":\"https:\\\/\\\/lospoliticosveracruz.com\\\/wp-content\\\/uploads\\\/2025\\\/04\\\/Xalapa-Daniela-Griego-Ceballos.jpeg\",\"datePublished\":\"2025-04-30T02:49:32+00:00\",\"dateModified\":\"2025-04-30T02:49:44+00:00\",\"breadcrumb\":{\"@id\":\"https:\\\/\\\/lospoliticosveracruz.com\\\/?p=143030#breadcrumb\"},\"inLanguage\":\"es\",\"potentialAction\":[{\"@type\":\"ReadAction\",\"target\":[\"https:\\\/\\\/lospoliticosveracruz.com\\\/?p=143030\"]}]},{\"@type\":\"ImageObject\",\"inLanguage\":\"es\",\"@id\":\"https:\\\/\\\/lospoliticosveracruz.com\\\/?p=143030#primaryimage\",\"url\":\"https:\\\/\\\/lospoliticosveracruz.com\\\/wp-content\\\/uploads\\\/2025\\\/04\\\/Xalapa-Daniela-Griego-Ceballos.jpeg\",\"contentUrl\":\"https:\\\/\\\/lospoliticosveracruz.com\\\/wp-content\\\/uploads\\\/2025\\\/04\\\/Xalapa-Daniela-Griego-Ceballos.jpeg\",\"width\":600,\"height\":320},{\"@type\":\"BreadcrumbList\",\"@id\":\"https:\\\/\\\/lospoliticosveracruz.com\\\/?p=143030#breadcrumb\",\"itemListElement\":[{\"@type\":\"ListItem\",\"position\":1,\"name\":\"Portada\",\"item\":\"https:\\\/\\\/lospoliticosveracruz.com\\\/\"},{\"@type\":\"ListItem\",\"position\":2,\"name\":\"DANIELA, BIEN PREPARADA!\"}]},{\"@type\":\"WebSite\",\"@id\":\"https:\\\/\\\/lospoliticosveracruz.com\\\/#website\",\"url\":\"https:\\\/\\\/lospoliticosveracruz.com\\\/\",\"name\":\"Los pol\u00edticos Veracruz\",\"description\":\"\",\"publisher\":{\"@id\":\"https:\\\/\\\/lospoliticosveracruz.com\\\/#organization\"},\"potentialAction\":[{\"@type\":\"SearchAction\",\"target\":{\"@type\":\"EntryPoint\",\"urlTemplate\":\"https:\\\/\\\/lospoliticosveracruz.com\\\/?s={search_term_string}\"},\"query-input\":{\"@type\":\"PropertyValueSpecification\",\"valueRequired\":true,\"valueName\":\"search_term_string\"}}],\"inLanguage\":\"es\"},{\"@type\":\"Organization\",\"@id\":\"https:\\\/\\\/lospoliticosveracruz.com\\\/#organization\",\"name\":\"Los pol\u00edticos Veracruz\",\"url\":\"https:\\\/\\\/lospoliticosveracruz.com\\\/\",\"logo\":{\"@type\":\"ImageObject\",\"inLanguage\":\"es\",\"@id\":\"https:\\\/\\\/lospoliticosveracruz.com\\\/#\\\/schema\\\/logo\\\/image\\\/\",\"url\":\"https:\\\/\\\/lospoliticosveracruz.com\\\/wp-content\\\/uploads\\\/2025\\\/12\\\/Logo-Nuevo-LOS-POLITICOS-1.jpg\",\"contentUrl\":\"https:\\\/\\\/lospoliticosveracruz.com\\\/wp-content\\\/uploads\\\/2025\\\/12\\\/Logo-Nuevo-LOS-POLITICOS-1.jpg\",\"width\":260,\"height\":70,\"caption\":\"Los pol\u00edticos Veracruz\"},\"image\":{\"@id\":\"https:\\\/\\\/lospoliticosveracruz.com\\\/#\\\/schema\\\/logo\\\/image\\\/\"},\"sameAs\":[\"https:\\\/\\\/www.facebook.com\\\/people\\\/Notimemes-de-los-Polticos\\\/61565672886568\\\/\",\"https:\\\/\\\/x.com\\\/LosPoliticosVer\"]},{\"@type\":\"Person\",\"@id\":\"https:\\\/\\\/lospoliticosveracruz.com\\\/#\\\/schema\\\/person\\\/b8702bb0e538456e6efd07080bf2a4a2\",\"name\":\"Lo viste en Los Pol\u00edticos\",\"image\":{\"@type\":\"ImageObject\",\"inLanguage\":\"es\",\"@id\":\"https:\\\/\\\/secure.gravatar.com\\\/avatar\\\/3a8de04a2656d44082be478bd6c086daa447c4651605818287b9532d3d0bd435?s=96&d=mm&r=g\",\"url\":\"https:\\\/\\\/secure.gravatar.com\\\/avatar\\\/3a8de04a2656d44082be478bd6c086daa447c4651605818287b9532d3d0bd435?s=96&d=mm&r=g\",\"contentUrl\":\"https:\\\/\\\/secure.gravatar.com\\\/avatar\\\/3a8de04a2656d44082be478bd6c086daa447c4651605818287b9532d3d0bd435?s=96&d=mm&r=g\",\"caption\":\"Lo viste en Los Pol\u00edticos\"},\"url\":\"https:\\\/\\\/lospoliticosveracruz.com\\\/?author=2\"}]}<\/script>\n<!-- \/ Yoast SEO plugin. -->","yoast_head_json":{"title":"DANIELA, BIEN PREPARADA! - Los pol\u00edticos Veracruz","robots":{"index":"index","follow":"follow","max-snippet":"max-snippet:-1","max-image-preview":"max-image-preview:large","max-video-preview":"max-video-preview:-1"},"canonical":"https:\/\/lospoliticosveracruz.com\/?p=143030","og_locale":"es_ES","og_type":"article","og_title":"DANIELA, BIEN PREPARADA! - Los pol\u00edticos Veracruz","og_description":"\u2002\u2002\u00daNETE A NUESTRO CANAL \u00a1LOS POL\u00cdTICOS VERACRUZ ya est\u00e1 en WhatsApp! Con el acompa\u00f1amiento de actores destacados de Morena y del PVEM, de la planilla que integrar\u00e1 el Cabildo mediante las regidur\u00edas, de representantes seccionales y dirigentes de distintos movimientos en Xalapa, Daniela Griego Ceballos inici\u00f3 este martes su campa\u00f1a como candidata a la presidencia [&hellip;]","og_url":"https:\/\/lospoliticosveracruz.com\/?p=143030","og_site_name":"Los pol\u00edticos Veracruz","article_publisher":"https:\/\/www.facebook.com\/people\/Notimemes-de-los-Polticos\/61565672886568\/","article_published_time":"2025-04-30T02:49:32+00:00","article_modified_time":"2025-04-30T02:49:44+00:00","og_image":[{"width":600,"height":320,"url":"https:\/\/lospoliticosveracruz.com\/wp-content\/uploads\/2025\/04\/Xalapa-Daniela-Griego-Ceballos.jpeg","type":"image\/jpeg"}],"author":"Lo viste en Los Pol\u00edticos","twitter_card":"summary_large_image","twitter_creator":"@LosPoliticosVer","twitter_site":"@LosPoliticosVer","twitter_misc":{"Escrito por":"Lo viste en Los Pol\u00edticos","Tiempo de lectura":"3 minutos"},"schema":{"@context":"https:\/\/schema.org","@graph":[{"@type":"Article","@id":"https:\/\/lospoliticosveracruz.com\/?p=143030#article","isPartOf":{"@id":"https:\/\/lospoliticosveracruz.com\/?p=143030"},"author":{"name":"Lo viste en Los Pol\u00edticos","@id":"https:\/\/lospoliticosveracruz.com\/#\/schema\/person\/b8702bb0e538456e6efd07080bf2a4a2"},"headline":"DANIELA, BIEN PREPARADA!","datePublished":"2025-04-30T02:49:32+00:00","dateModified":"2025-04-30T02:49:44+00:00","mainEntityOfPage":{"@id":"https:\/\/lospoliticosveracruz.com\/?p=143030"},"wordCount":501,"publisher":{"@id":"https:\/\/lospoliticosveracruz.com\/#organization"},"image":{"@id":"https:\/\/lospoliticosveracruz.com\/?p=143030#primaryimage"},"thumbnailUrl":"https:\/\/lospoliticosveracruz.com\/wp-content\/uploads\/2025\/04\/Xalapa-Daniela-Griego-Ceballos.jpeg","articleSection":["De Boleto"],"inLanguage":"es"},{"@type":"WebPage","@id":"https:\/\/lospoliticosveracruz.com\/?p=143030","url":"https:\/\/lospoliticosveracruz.com\/?p=143030","name":"DANIELA, BIEN PREPARADA! - Los pol\u00edticos Veracruz","isPartOf":{"@id":"https:\/\/lospoliticosveracruz.com\/#website"},"primaryImageOfPage":{"@id":"https:\/\/lospoliticosveracruz.com\/?p=143030#primaryimage"},"image":{"@id":"https:\/\/lospoliticosveracruz.com\/?p=143030#primaryimage"},"thumbnailUrl":"https:\/\/lospoliticosveracruz.com\/wp-content\/uploads\/2025\/04\/Xalapa-Daniela-Griego-Ceballos.jpeg","datePublished":"2025-04-30T02:49:32+00:00","dateModified":"2025-04-30T02:49:44+00:00","breadcrumb":{"@id":"https:\/\/lospoliticosveracruz.com\/?p=143030#breadcrumb"},"inLanguage":"es","potentialAction":[{"@type":"ReadAction","target":["https:\/\/lospoliticosveracruz.com\/?p=143030"]}]},{"@type":"ImageObject","inLanguage":"es","@id":"https:\/\/lospoliticosveracruz.com\/?p=143030#primaryimage","url":"https:\/\/lospoliticosveracruz.com\/wp-content\/uploads\/2025\/04\/Xalapa-Daniela-Griego-Ceballos.jpeg","contentUrl":"https:\/\/lospoliticosveracruz.com\/wp-content\/uploads\/2025\/04\/Xalapa-Daniela-Griego-Ceballos.jpeg","width":600,"height":320},{"@type":"BreadcrumbList","@id":"https:\/\/lospoliticosveracruz.com\/?p=143030#breadcrumb","itemListElement":[{"@type":"ListItem","position":1,"name":"Portada","item":"https:\/\/lospoliticosveracruz.com\/"},{"@type":"ListItem","position":2,"name":"DANIELA, BIEN PREPARADA!"}]},{"@type":"WebSite","@id":"https:\/\/lospoliticosveracruz.com\/#website","url":"https:\/\/lospoliticosveracruz.com\/","name":"Los pol\u00edticos Veracruz","description":"","publisher":{"@id":"https:\/\/lospoliticosveracruz.com\/#organization"},"potentialAction":[{"@type":"SearchAction","target":{"@type":"EntryPoint","urlTemplate":"https:\/\/lospoliticosveracruz.com\/?s={search_term_string}"},"query-input":{"@type":"PropertyValueSpecification","valueRequired":true,"valueName":"search_term_string"}}],"inLanguage":"es"},{"@type":"Organization","@id":"https:\/\/lospoliticosveracruz.com\/#organization","name":"Los pol\u00edticos Veracruz","url":"https:\/\/lospoliticosveracruz.com\/","logo":{"@type":"ImageObject","inLanguage":"es","@id":"https:\/\/lospoliticosveracruz.com\/#\/schema\/logo\/image\/","url":"https:\/\/lospoliticosveracruz.com\/wp-content\/uploads\/2025\/12\/Logo-Nuevo-LOS-POLITICOS-1.jpg","contentUrl":"https:\/\/lospoliticosveracruz.com\/wp-content\/uploads\/2025\/12\/Logo-Nuevo-LOS-POLITICOS-1.jpg","width":260,"height":70,"caption":"Los pol\u00edticos Veracruz"},"image":{"@id":"https:\/\/lospoliticosveracruz.com\/#\/schema\/logo\/image\/"},"sameAs":["https:\/\/www.facebook.com\/people\/Notimemes-de-los-Polticos\/61565672886568\/","https:\/\/x.com\/LosPoliticosVer"]},{"@type":"Person","@id":"https:\/\/lospoliticosveracruz.com\/#\/schema\/person\/b8702bb0e538456e6efd07080bf2a4a2","name":"Lo viste en Los Pol\u00edticos","image":{"@type":"ImageObject","inLanguage":"es","@id":"https:\/\/secure.gravatar.com\/avatar\/3a8de04a2656d44082be478bd6c086daa447c4651605818287b9532d3d0bd435?s=96&d=mm&r=g","url":"https:\/\/secure.gravatar.com\/avatar\/3a8de04a2656d44082be478bd6c086daa447c4651605818287b9532d3d0bd435?s=96&d=mm&r=g","contentUrl":"https:\/\/secure.gravatar.com\/avatar\/3a8de04a2656d44082be478bd6c086daa447c4651605818287b9532d3d0bd435?s=96&d=mm&r=g","caption":"Lo viste en Los Pol\u00edticos"},"url":"https:\/\/lospoliticosveracruz.com\/?author=2"}]}},"_links":{"self":[{"href":"https:\/\/lospoliticosveracruz.com\/index.php?rest_route=\/wp\/v2\/posts\/143030","targetHints":{"allow":["GET"]}}],"collection":[{"href":"https:\/\/lospoliticosveracruz.com\/index.php?rest_route=\/wp\/v2\/posts"}],"about":[{"href":"https:\/\/lospoliticosveracruz.com\/index.php?rest_route=\/wp\/v2\/types\/post"}],"author":[{"embeddable":true,"href":"https:\/\/lospoliticosveracruz.com\/index.php?rest_route=\/wp\/v2\/users\/2"}],"replies":[{"embeddable":true,"href":"https:\/\/lospoliticosveracruz.com\/index.php?rest_route=%2Fwp%2Fv2%2Fcomments&post=143030"}],"version-history":[{"count":2,"href":"https:\/\/lospoliticosveracruz.com\/index.php?rest_route=\/wp\/v2\/posts\/143030\/revisions"}],"predecessor-version":[{"id":143033,"href":"https:\/\/lospoliticosveracruz.com\/index.php?rest_route=\/wp\/v2\/posts\/143030\/revisions\/143033"}],"wp:featuredmedia":[{"embeddable":true,"href":"https:\/\/lospoliticosveracruz.com\/index.php?rest_route=\/wp\/v2\/media\/143031"}],"wp:attachment":[{"href":"https:\/\/lospoliticosveracruz.com\/index.php?rest_route=%2Fwp%2Fv2%2Fmedia&parent=143030"}],"wp:term":[{"taxonomy":"category","embeddable":true,"href":"https:\/\/lospoliticosveracruz.com\/index.php?rest_route=%2Fwp%2Fv2%2Fcategories&post=143030"},{"taxonomy":"post_tag","embeddable":true,"href":"https:\/\/lospoliticosveracruz.com\/index.php?rest_route=%2Fwp%2Fv2%2Ftags&post=143030"}],"curies":[{"name":"wp","href":"https:\/\/api.w.org\/{rel}","templated":true}]}}