{"id":143136,"date":"2025-04-30T20:44:34","date_gmt":"2025-05-01T01:44:34","guid":{"rendered":"https:\/\/lospoliticosveracruz.com.mx\/?p=143136"},"modified":"2025-04-30T20:44:50","modified_gmt":"2025-05-01T01:44:50","slug":"el-primer-desfile-obrero-musculo-social-de-nahle","status":"publish","type":"post","link":"https:\/\/lospoliticosveracruz.com\/?p=143136","title":{"rendered":"EL PRIMER DESFILE OBRERO, M\u00daSCULO SOCIAL DE NAHLE"},"content":{"rendered":"\n<p><a><\/a><a href=\"https:\/\/whatsapp.com\/channel\/0029Va8zRWlEKyZIP3Z1dF0e\"><strong>\u2002\u2002<\/strong><strong>\u00da<\/strong><strong>NETE A NUESTRO CANAL<\/strong><strong><\/strong><\/a><\/p>\n\n\n\n<p>\u00a1<a href=\"https:\/\/whatsapp.com\/channel\/0029Va8zRWlEKyZIP3Z1dF0e\"><strong>LOS POL\u00cd<\/strong><strong>TICOS VERACRUZ<\/strong><\/a> ya est\u00e1 en WhatsApp!<\/p>\n\n\n\n<p><\/p>\n\n\n\n<p><strong>Jos\u00e9 Luis Enr\u00edquez Ambell<br><\/strong><em>Caf\u00e9 de Ma\u00f1ana<br><\/em><\/p>\n\n\n\n<p>Alrededor de 70 mil trabajadores de Veracruz desfilar\u00e1n durante casi ocho horas en la zona centro de Xalapa, en conmemoraci\u00f3n a la lucha por los derechos laborales del hist\u00f3rico movimiento social este d\u00eda primero de mayo.<\/p>\n\n\n\n<p>Este evento, enmarcado por los trabajadores de diversos sectores y organizaciones tiene una bandera com\u00fan: el respeto a sus derechos y a las condiciones laborales dignas, y habr\u00e1n de mostrar ahora el m\u00fasculo social en respaldo al gobierno de la Ingeniera Roc\u00edo Nahle.<\/p>\n\n\n\n<p>As\u00ed me lo han transmitido diversas dirigencias obreras locales en la capital del estado y de varias regiones en la entidad.<\/p>\n\n\n\n<p>Los contingentes han estado siendo atendidos para efectos log\u00edsticos a trav\u00e9s de la SEGOB y de manera operativa por el Subsecretario de Gobierno Jos\u00e9 Manuel Pozos Castro,- pol\u00edtico producto de la cultura del esfuerzo obrero del gremio electricista,- y quien con sus directores generales a quienes corresponde el resorte de la atenci\u00f3n ciudadana a sindicatos y uniones de agrupaciones obreras y sociales.<\/p>\n\n\n\n<p>En Veracruz existen gremios que presentan a contingentes numerosos y que a veces se movilizan de otros puntos de la provincia del Estado a Xalapa para desfilar, responsabilidad que reviste el m\u00e1ximo cuidado log\u00edstico del gobierno del estado mediante diversas \u00e1reas de la estructura institucional incluso del sector federal por trayectos en v\u00edas carreteras.<\/p>\n\n\n\n<p>As\u00ed pues, trabajadores del magisterio, de los electricistas, azucareros, petroleros, ca\u00f1eros, la Universidad Veracruzana, bur\u00f3cratas de varios segmentos institucionales incluso del sector privado sobre todo de regiones del sur y centro del estado, ya sean basificados o de confianza, habr\u00e1n de marchar enarbolando el respeto a todos sus derechos sindicales, pero tambi\u00e9n refrendando apoyo y solidaridad al gobierno de Roc\u00edo Nahle en momentos que el desarrollo econ\u00f3mico camina sobre v\u00edas de mejores niveles de bienestar.<\/p>\n\n\n\n<p>Durante el desfile, parada obrera como se le conoce en el medio sindicalista, &#8211; siendo hijo de un obrero y con la vivencia de cooperar en la organizaci\u00f3n de estos eventos de masas, es que lo s\u00e9 &#8211; se escuchan consignas y reclamos en busca de mejores condiciones laborales; \u00abla no persecuci\u00f3n sindical\u00bb, \u00bb la incorporaci\u00f3n al IMSS, ISSSTE, IPE, INFONAVIT, FONACOT, entre otras m\u00e1s\u00bb, y en recientes a\u00f1os reclaman y luchan en contra del \u00abhostigamiento laboral\u00bb &#8211; mujeres y hombres por igual &#8211; todo dentro de una frontera del respeto y la responsabilidad, frente al estrado que se coloca sobre la calle Enr\u00edquez y la planta baja del Palacio de Gobierno, espacio donde la Gobernadora Roc\u00edo Nahle habr\u00e1 de presidir junto con su gabinete y autoridades invitadas este primer desfile.<\/p>\n\n\n\n<p>No sobra decir que la familia obrera en su conjunto adem\u00e1s en esta fecha del desfile en Xalapa, suele tambi\u00e9n desfilar en los sitios sedes de sus centros de trabajo en las 212 cabeceras municipales, e incluso tambi\u00e9n en congregaciones de alta densidad poblacional sobre todo de sindicatos de industria que mueven el desarrollo econ\u00f3mico en regiones como Coatzacoalcos, C\u00f3rdoba, Orizaba as\u00ed como en Veracruz, Tuxpan, Poza Rica, Alamo, Martinez de la Torre, San Andr\u00e9s Tuxtla, P\u00e1nuco, Cosamaloapan de Carpio, Alvarado, Boca del R\u00edo, tal es el caso de PEMEX, CFE, entre otras.<\/p>\n\n\n\n<p>Posterior al desfile y seg\u00fan vayan terminando de pasar los contingentes frente al Palacio de Gobierno en Xalapa, organizan una celebraci\u00f3n y donde se ofrecen banquetes con alimentos regionales, bebidas y con grupos musicales amenizan bailes entre los trabajadores y sus familias, disfrutando la conmemoracion de los M\u00e1rtires de Chicago (1886) hace 139 a\u00f1os, \u00e9poca y tiempo de cuando se exigi\u00f3 la jornada laboral de 8 horas diarias y que despu\u00e9s trajo la consecuci\u00f3n de una semana laboral de 48 horas.\u00a0<\/p>\n\n\n\n<p>El D\u00eda del Trabajo en M\u00e9xico fue promulgado el Primero de Mayo de 1923 por el Presidente \u00c1lvaro Obreg\u00f3n, y se oficializ\u00f3 en 1925 por el Presidente Plutarco El\u00edas Calles, resume la historia.<\/p>\n\n\n\n<p>El desfile es una manifestaci\u00f3n de la lucha por los derechos laborales, donde los trabajadores recuerdan la historia y exigen mejores condiciones.&nbsp;<\/p>\n\n\n\n<p>\u201cVeracruz presente y vigente en la lucha obrera\u201d bien dec\u00eda mi entra\u00f1able Padre (QEPD) Don Jos\u00e9 Luis Enr\u00edquez Gonz\u00e1lez, cuando se realizaba algun evento sindical y social.<\/p>\n\n\n\n<p><strong>DE SOBREMESA<\/strong><\/p>\n\n\n\n<p>En los desfiles obreros se han vivido chuscos momentos, que afortunadamente provocan risa a los asistentes, pero igual la intromisi\u00f3n entre contingentes fuera de programa, tambien igual han llevado provocar momentos de una alta tensi\u00f3n, sin pasar a mayores.<\/p>\n\n\n\n<p><strong>UN CAF\u00c9 CON PIQUETE<\/strong><\/p>\n\n\n\n<p>Roberto Martinez Zavaleta y Joel Verdejo Gonz\u00e1lez, dos ya fallecidos conductores de eventos oficiales del estado, por muchos a\u00f1os fueron \u00abla voz del gobierno\u00bb, y que en los d\u00edas del desfile obrero &#8211; y otras fechas importantes &#8211; alternaban micr\u00f3fono para describir durante la marcha a cada una de las organizaciones, han sido de las voces mejor reconocidas y quiza recordadas por miles de personas en todo el territorio veracruzano.<\/p>\n\n\n\n<p>Siendo subdirector operativo y director general de acci\u00f3n social, tuve la fortuna de platicar previo, durante y despu\u00e9s de tantos momentos en este tipo de escenarios de protocolo oficial con ambos, siempre les aprend\u00ed que a\u00fan en instantes de aflicci\u00f3n en la vida privada, frente al micr\u00f3fono y los asistentes, se debe mostrar el mejor de los semblantes, no dejar de sonre\u00edr y menos fallar durante un acto o evento sea con lluvia, sol, en el d\u00eda, tarde o noche.<\/p>\n\n\n\n<p>Un abrazo hasta el cielo a esas dos leyendas de la conducci\u00f3n oficial; Don Roberto y Don Joel.<\/p>\n\n\n\n<p><strong>UN CAF\u00c9 LECHERO LIGHT<\/strong><\/p>\n\n\n\n<p>Y ahora esa historia la escriben Anibal del Angel, Silvestre Olivera Baxin, Rodrigo Nu\u00f1ez, Gerardo Ojeda, Alfonso B. Minguer, Mario Rebollar, Joaqu\u00edn Pino, entre otros m\u00e1s que no recuerdo sus nombres, quienes con sus voces y esfuerzo entregan profesionalmente todas sus capacidades en la conducci\u00f3n de eventos de la Ingeniera Roc\u00edo Nahle y su gabinete legal y ampliado, como seguramente este 1 de mayo, primer desfile sexenal.<\/p>\n\n\n\n<p>\u00a1ES CUANTO!<\/p>\n\n\n\n<p>enriquezambell@gmail.com;<br>enamjl62@gmail.com<\/p>\n","protected":false},"excerpt":{"rendered":"<p>\u2002\u2002\u00daNETE A NUESTRO CANAL \u00a1LOS POL\u00cdTICOS VERACRUZ ya est\u00e1 en WhatsApp! Jos\u00e9 Luis Enr\u00edquez AmbellCaf\u00e9 de Ma\u00f1ana Alrededor de 70 mil trabajadores de Veracruz desfilar\u00e1n durante casi ocho horas en la zona centro de Xalapa, en conmemoraci\u00f3n a la lucha por los derechos laborales del hist\u00f3rico movimiento social este d\u00eda primero de mayo. Este evento, [&hellip;]<\/p>\n","protected":false},"author":2,"featured_media":141435,"comment_status":"closed","ping_status":"closed","sticky":false,"template":"","format":"standard","meta":{"tdm_status":"","tdm_grid_status":"","footnotes":""},"categories":[70],"tags":[8383],"class_list":{"0":"post-143136","1":"post","2":"type-post","3":"status-publish","4":"format-standard","5":"has-post-thumbnail","7":"category-de-opinion","8":"tag-jose-luis-enriquez-ambell"},"yoast_head":"<!-- This site is optimized with the Yoast SEO plugin v27.4 - https:\/\/yoast.com\/product\/yoast-seo-wordpress\/ -->\n<title>EL PRIMER DESFILE OBRERO, M\u00daSCULO SOCIAL DE NAHLE - Los pol\u00edticos Veracruz<\/title>\n<meta name=\"robots\" content=\"index, follow, max-snippet:-1, max-image-preview:large, max-video-preview:-1\" \/>\n<link rel=\"canonical\" href=\"https:\/\/lospoliticosveracruz.com\/?p=143136\" \/>\n<meta property=\"og:locale\" content=\"es_ES\" \/>\n<meta property=\"og:type\" content=\"article\" \/>\n<meta property=\"og:title\" content=\"EL PRIMER DESFILE OBRERO, M\u00daSCULO SOCIAL DE NAHLE - Los pol\u00edticos Veracruz\" \/>\n<meta property=\"og:description\" content=\"\u2002\u2002\u00daNETE A NUESTRO CANAL \u00a1LOS POL\u00cdTICOS VERACRUZ ya est\u00e1 en WhatsApp! Jos\u00e9 Luis Enr\u00edquez AmbellCaf\u00e9 de Ma\u00f1ana Alrededor de 70 mil trabajadores de Veracruz desfilar\u00e1n durante casi ocho horas en la zona centro de Xalapa, en conmemoraci\u00f3n a la lucha por los derechos laborales del hist\u00f3rico movimiento social este d\u00eda primero de mayo. Este evento, [&hellip;]\" \/>\n<meta property=\"og:url\" content=\"https:\/\/lospoliticosveracruz.com\/?p=143136\" \/>\n<meta property=\"og:site_name\" content=\"Los pol\u00edticos Veracruz\" \/>\n<meta property=\"article:publisher\" content=\"https:\/\/www.facebook.com\/people\/Notimemes-de-los-Polticos\/61565672886568\/\" \/>\n<meta property=\"article:published_time\" content=\"2025-05-01T01:44:34+00:00\" \/>\n<meta property=\"article:modified_time\" content=\"2025-05-01T01:44:50+00:00\" \/>\n<meta property=\"og:image\" content=\"https:\/\/lospoliticosveracruz.com\/wp-content\/uploads\/2025\/04\/Ambell.jpg\" \/>\n\t<meta property=\"og:image:width\" content=\"1250\" \/>\n\t<meta property=\"og:image:height\" content=\"667\" \/>\n\t<meta property=\"og:image:type\" content=\"image\/jpeg\" \/>\n<meta name=\"author\" content=\"Lo viste en Los Pol\u00edticos\" \/>\n<meta name=\"twitter:card\" content=\"summary_large_image\" \/>\n<meta name=\"twitter:creator\" content=\"@LosPoliticosVer\" \/>\n<meta name=\"twitter:site\" content=\"@LosPoliticosVer\" \/>\n<meta name=\"twitter:label1\" content=\"Escrito por\" \/>\n\t<meta name=\"twitter:data1\" content=\"Lo viste en Los Pol\u00edticos\" \/>\n\t<meta name=\"twitter:label2\" content=\"Tiempo de lectura\" \/>\n\t<meta name=\"twitter:data2\" content=\"5 minutos\" \/>\n<script type=\"application\/ld+json\" class=\"yoast-schema-graph\">{\"@context\":\"https:\\\/\\\/schema.org\",\"@graph\":[{\"@type\":\"Article\",\"@id\":\"https:\\\/\\\/lospoliticosveracruz.com\\\/?p=143136#article\",\"isPartOf\":{\"@id\":\"https:\\\/\\\/lospoliticosveracruz.com\\\/?p=143136\"},\"author\":{\"name\":\"Lo viste en Los Pol\u00edticos\",\"@id\":\"https:\\\/\\\/lospoliticosveracruz.com\\\/#\\\/schema\\\/person\\\/b8702bb0e538456e6efd07080bf2a4a2\"},\"headline\":\"EL PRIMER DESFILE OBRERO, M\u00daSCULO SOCIAL DE NAHLE\",\"datePublished\":\"2025-05-01T01:44:34+00:00\",\"dateModified\":\"2025-05-01T01:44:50+00:00\",\"mainEntityOfPage\":{\"@id\":\"https:\\\/\\\/lospoliticosveracruz.com\\\/?p=143136\"},\"wordCount\":1064,\"publisher\":{\"@id\":\"https:\\\/\\\/lospoliticosveracruz.com\\\/#organization\"},\"image\":{\"@id\":\"https:\\\/\\\/lospoliticosveracruz.com\\\/?p=143136#primaryimage\"},\"thumbnailUrl\":\"https:\\\/\\\/lospoliticosveracruz.com\\\/wp-content\\\/uploads\\\/2025\\\/04\\\/Ambell.jpg\",\"keywords\":[\"Jos\u00e9 Luis Enr\u00edquez Ambell\"],\"articleSection\":[\"De Opini\u00f3n\"],\"inLanguage\":\"es\"},{\"@type\":\"WebPage\",\"@id\":\"https:\\\/\\\/lospoliticosveracruz.com\\\/?p=143136\",\"url\":\"https:\\\/\\\/lospoliticosveracruz.com\\\/?p=143136\",\"name\":\"EL PRIMER DESFILE OBRERO, M\u00daSCULO SOCIAL DE NAHLE - Los pol\u00edticos Veracruz\",\"isPartOf\":{\"@id\":\"https:\\\/\\\/lospoliticosveracruz.com\\\/#website\"},\"primaryImageOfPage\":{\"@id\":\"https:\\\/\\\/lospoliticosveracruz.com\\\/?p=143136#primaryimage\"},\"image\":{\"@id\":\"https:\\\/\\\/lospoliticosveracruz.com\\\/?p=143136#primaryimage\"},\"thumbnailUrl\":\"https:\\\/\\\/lospoliticosveracruz.com\\\/wp-content\\\/uploads\\\/2025\\\/04\\\/Ambell.jpg\",\"datePublished\":\"2025-05-01T01:44:34+00:00\",\"dateModified\":\"2025-05-01T01:44:50+00:00\",\"breadcrumb\":{\"@id\":\"https:\\\/\\\/lospoliticosveracruz.com\\\/?p=143136#breadcrumb\"},\"inLanguage\":\"es\",\"potentialAction\":[{\"@type\":\"ReadAction\",\"target\":[\"https:\\\/\\\/lospoliticosveracruz.com\\\/?p=143136\"]}]},{\"@type\":\"ImageObject\",\"inLanguage\":\"es\",\"@id\":\"https:\\\/\\\/lospoliticosveracruz.com\\\/?p=143136#primaryimage\",\"url\":\"https:\\\/\\\/lospoliticosveracruz.com\\\/wp-content\\\/uploads\\\/2025\\\/04\\\/Ambell.jpg\",\"contentUrl\":\"https:\\\/\\\/lospoliticosveracruz.com\\\/wp-content\\\/uploads\\\/2025\\\/04\\\/Ambell.jpg\",\"width\":1250,\"height\":667},{\"@type\":\"BreadcrumbList\",\"@id\":\"https:\\\/\\\/lospoliticosveracruz.com\\\/?p=143136#breadcrumb\",\"itemListElement\":[{\"@type\":\"ListItem\",\"position\":1,\"name\":\"Portada\",\"item\":\"https:\\\/\\\/lospoliticosveracruz.com\\\/\"},{\"@type\":\"ListItem\",\"position\":2,\"name\":\"EL PRIMER DESFILE OBRERO, M\u00daSCULO SOCIAL DE NAHLE\"}]},{\"@type\":\"WebSite\",\"@id\":\"https:\\\/\\\/lospoliticosveracruz.com\\\/#website\",\"url\":\"https:\\\/\\\/lospoliticosveracruz.com\\\/\",\"name\":\"Los pol\u00edticos Veracruz\",\"description\":\"\",\"publisher\":{\"@id\":\"https:\\\/\\\/lospoliticosveracruz.com\\\/#organization\"},\"potentialAction\":[{\"@type\":\"SearchAction\",\"target\":{\"@type\":\"EntryPoint\",\"urlTemplate\":\"https:\\\/\\\/lospoliticosveracruz.com\\\/?s={search_term_string}\"},\"query-input\":{\"@type\":\"PropertyValueSpecification\",\"valueRequired\":true,\"valueName\":\"search_term_string\"}}],\"inLanguage\":\"es\"},{\"@type\":\"Organization\",\"@id\":\"https:\\\/\\\/lospoliticosveracruz.com\\\/#organization\",\"name\":\"Los pol\u00edticos Veracruz\",\"url\":\"https:\\\/\\\/lospoliticosveracruz.com\\\/\",\"logo\":{\"@type\":\"ImageObject\",\"inLanguage\":\"es\",\"@id\":\"https:\\\/\\\/lospoliticosveracruz.com\\\/#\\\/schema\\\/logo\\\/image\\\/\",\"url\":\"https:\\\/\\\/lospoliticosveracruz.com\\\/wp-content\\\/uploads\\\/2025\\\/12\\\/Logo-Nuevo-LOS-POLITICOS-1.jpg\",\"contentUrl\":\"https:\\\/\\\/lospoliticosveracruz.com\\\/wp-content\\\/uploads\\\/2025\\\/12\\\/Logo-Nuevo-LOS-POLITICOS-1.jpg\",\"width\":260,\"height\":70,\"caption\":\"Los pol\u00edticos Veracruz\"},\"image\":{\"@id\":\"https:\\\/\\\/lospoliticosveracruz.com\\\/#\\\/schema\\\/logo\\\/image\\\/\"},\"sameAs\":[\"https:\\\/\\\/www.facebook.com\\\/people\\\/Notimemes-de-los-Polticos\\\/61565672886568\\\/\",\"https:\\\/\\\/x.com\\\/LosPoliticosVer\"]},{\"@type\":\"Person\",\"@id\":\"https:\\\/\\\/lospoliticosveracruz.com\\\/#\\\/schema\\\/person\\\/b8702bb0e538456e6efd07080bf2a4a2\",\"name\":\"Lo viste en Los Pol\u00edticos\",\"image\":{\"@type\":\"ImageObject\",\"inLanguage\":\"es\",\"@id\":\"https:\\\/\\\/secure.gravatar.com\\\/avatar\\\/3a8de04a2656d44082be478bd6c086daa447c4651605818287b9532d3d0bd435?s=96&d=mm&r=g\",\"url\":\"https:\\\/\\\/secure.gravatar.com\\\/avatar\\\/3a8de04a2656d44082be478bd6c086daa447c4651605818287b9532d3d0bd435?s=96&d=mm&r=g\",\"contentUrl\":\"https:\\\/\\\/secure.gravatar.com\\\/avatar\\\/3a8de04a2656d44082be478bd6c086daa447c4651605818287b9532d3d0bd435?s=96&d=mm&r=g\",\"caption\":\"Lo viste en Los Pol\u00edticos\"},\"url\":\"https:\\\/\\\/lospoliticosveracruz.com\\\/?author=2\"}]}<\/script>\n<!-- \/ Yoast SEO plugin. -->","yoast_head_json":{"title":"EL PRIMER DESFILE OBRERO, M\u00daSCULO SOCIAL DE NAHLE - Los pol\u00edticos Veracruz","robots":{"index":"index","follow":"follow","max-snippet":"max-snippet:-1","max-image-preview":"max-image-preview:large","max-video-preview":"max-video-preview:-1"},"canonical":"https:\/\/lospoliticosveracruz.com\/?p=143136","og_locale":"es_ES","og_type":"article","og_title":"EL PRIMER DESFILE OBRERO, M\u00daSCULO SOCIAL DE NAHLE - Los pol\u00edticos Veracruz","og_description":"\u2002\u2002\u00daNETE A NUESTRO CANAL \u00a1LOS POL\u00cdTICOS VERACRUZ ya est\u00e1 en WhatsApp! Jos\u00e9 Luis Enr\u00edquez AmbellCaf\u00e9 de Ma\u00f1ana Alrededor de 70 mil trabajadores de Veracruz desfilar\u00e1n durante casi ocho horas en la zona centro de Xalapa, en conmemoraci\u00f3n a la lucha por los derechos laborales del hist\u00f3rico movimiento social este d\u00eda primero de mayo. Este evento, [&hellip;]","og_url":"https:\/\/lospoliticosveracruz.com\/?p=143136","og_site_name":"Los pol\u00edticos Veracruz","article_publisher":"https:\/\/www.facebook.com\/people\/Notimemes-de-los-Polticos\/61565672886568\/","article_published_time":"2025-05-01T01:44:34+00:00","article_modified_time":"2025-05-01T01:44:50+00:00","og_image":[{"width":1250,"height":667,"url":"https:\/\/lospoliticosveracruz.com\/wp-content\/uploads\/2025\/04\/Ambell.jpg","type":"image\/jpeg"}],"author":"Lo viste en Los Pol\u00edticos","twitter_card":"summary_large_image","twitter_creator":"@LosPoliticosVer","twitter_site":"@LosPoliticosVer","twitter_misc":{"Escrito por":"Lo viste en Los Pol\u00edticos","Tiempo de lectura":"5 minutos"},"schema":{"@context":"https:\/\/schema.org","@graph":[{"@type":"Article","@id":"https:\/\/lospoliticosveracruz.com\/?p=143136#article","isPartOf":{"@id":"https:\/\/lospoliticosveracruz.com\/?p=143136"},"author":{"name":"Lo viste en Los Pol\u00edticos","@id":"https:\/\/lospoliticosveracruz.com\/#\/schema\/person\/b8702bb0e538456e6efd07080bf2a4a2"},"headline":"EL PRIMER DESFILE OBRERO, M\u00daSCULO SOCIAL DE NAHLE","datePublished":"2025-05-01T01:44:34+00:00","dateModified":"2025-05-01T01:44:50+00:00","mainEntityOfPage":{"@id":"https:\/\/lospoliticosveracruz.com\/?p=143136"},"wordCount":1064,"publisher":{"@id":"https:\/\/lospoliticosveracruz.com\/#organization"},"image":{"@id":"https:\/\/lospoliticosveracruz.com\/?p=143136#primaryimage"},"thumbnailUrl":"https:\/\/lospoliticosveracruz.com\/wp-content\/uploads\/2025\/04\/Ambell.jpg","keywords":["Jos\u00e9 Luis Enr\u00edquez Ambell"],"articleSection":["De Opini\u00f3n"],"inLanguage":"es"},{"@type":"WebPage","@id":"https:\/\/lospoliticosveracruz.com\/?p=143136","url":"https:\/\/lospoliticosveracruz.com\/?p=143136","name":"EL PRIMER DESFILE OBRERO, M\u00daSCULO SOCIAL DE NAHLE - Los pol\u00edticos Veracruz","isPartOf":{"@id":"https:\/\/lospoliticosveracruz.com\/#website"},"primaryImageOfPage":{"@id":"https:\/\/lospoliticosveracruz.com\/?p=143136#primaryimage"},"image":{"@id":"https:\/\/lospoliticosveracruz.com\/?p=143136#primaryimage"},"thumbnailUrl":"https:\/\/lospoliticosveracruz.com\/wp-content\/uploads\/2025\/04\/Ambell.jpg","datePublished":"2025-05-01T01:44:34+00:00","dateModified":"2025-05-01T01:44:50+00:00","breadcrumb":{"@id":"https:\/\/lospoliticosveracruz.com\/?p=143136#breadcrumb"},"inLanguage":"es","potentialAction":[{"@type":"ReadAction","target":["https:\/\/lospoliticosveracruz.com\/?p=143136"]}]},{"@type":"ImageObject","inLanguage":"es","@id":"https:\/\/lospoliticosveracruz.com\/?p=143136#primaryimage","url":"https:\/\/lospoliticosveracruz.com\/wp-content\/uploads\/2025\/04\/Ambell.jpg","contentUrl":"https:\/\/lospoliticosveracruz.com\/wp-content\/uploads\/2025\/04\/Ambell.jpg","width":1250,"height":667},{"@type":"BreadcrumbList","@id":"https:\/\/lospoliticosveracruz.com\/?p=143136#breadcrumb","itemListElement":[{"@type":"ListItem","position":1,"name":"Portada","item":"https:\/\/lospoliticosveracruz.com\/"},{"@type":"ListItem","position":2,"name":"EL PRIMER DESFILE OBRERO, M\u00daSCULO SOCIAL DE NAHLE"}]},{"@type":"WebSite","@id":"https:\/\/lospoliticosveracruz.com\/#website","url":"https:\/\/lospoliticosveracruz.com\/","name":"Los pol\u00edticos Veracruz","description":"","publisher":{"@id":"https:\/\/lospoliticosveracruz.com\/#organization"},"potentialAction":[{"@type":"SearchAction","target":{"@type":"EntryPoint","urlTemplate":"https:\/\/lospoliticosveracruz.com\/?s={search_term_string}"},"query-input":{"@type":"PropertyValueSpecification","valueRequired":true,"valueName":"search_term_string"}}],"inLanguage":"es"},{"@type":"Organization","@id":"https:\/\/lospoliticosveracruz.com\/#organization","name":"Los pol\u00edticos Veracruz","url":"https:\/\/lospoliticosveracruz.com\/","logo":{"@type":"ImageObject","inLanguage":"es","@id":"https:\/\/lospoliticosveracruz.com\/#\/schema\/logo\/image\/","url":"https:\/\/lospoliticosveracruz.com\/wp-content\/uploads\/2025\/12\/Logo-Nuevo-LOS-POLITICOS-1.jpg","contentUrl":"https:\/\/lospoliticosveracruz.com\/wp-content\/uploads\/2025\/12\/Logo-Nuevo-LOS-POLITICOS-1.jpg","width":260,"height":70,"caption":"Los pol\u00edticos Veracruz"},"image":{"@id":"https:\/\/lospoliticosveracruz.com\/#\/schema\/logo\/image\/"},"sameAs":["https:\/\/www.facebook.com\/people\/Notimemes-de-los-Polticos\/61565672886568\/","https:\/\/x.com\/LosPoliticosVer"]},{"@type":"Person","@id":"https:\/\/lospoliticosveracruz.com\/#\/schema\/person\/b8702bb0e538456e6efd07080bf2a4a2","name":"Lo viste en Los Pol\u00edticos","image":{"@type":"ImageObject","inLanguage":"es","@id":"https:\/\/secure.gravatar.com\/avatar\/3a8de04a2656d44082be478bd6c086daa447c4651605818287b9532d3d0bd435?s=96&d=mm&r=g","url":"https:\/\/secure.gravatar.com\/avatar\/3a8de04a2656d44082be478bd6c086daa447c4651605818287b9532d3d0bd435?s=96&d=mm&r=g","contentUrl":"https:\/\/secure.gravatar.com\/avatar\/3a8de04a2656d44082be478bd6c086daa447c4651605818287b9532d3d0bd435?s=96&d=mm&r=g","caption":"Lo viste en Los Pol\u00edticos"},"url":"https:\/\/lospoliticosveracruz.com\/?author=2"}]}},"_links":{"self":[{"href":"https:\/\/lospoliticosveracruz.com\/index.php?rest_route=\/wp\/v2\/posts\/143136","targetHints":{"allow":["GET"]}}],"collection":[{"href":"https:\/\/lospoliticosveracruz.com\/index.php?rest_route=\/wp\/v2\/posts"}],"about":[{"href":"https:\/\/lospoliticosveracruz.com\/index.php?rest_route=\/wp\/v2\/types\/post"}],"author":[{"embeddable":true,"href":"https:\/\/lospoliticosveracruz.com\/index.php?rest_route=\/wp\/v2\/users\/2"}],"replies":[{"embeddable":true,"href":"https:\/\/lospoliticosveracruz.com\/index.php?rest_route=%2Fwp%2Fv2%2Fcomments&post=143136"}],"version-history":[{"count":2,"href":"https:\/\/lospoliticosveracruz.com\/index.php?rest_route=\/wp\/v2\/posts\/143136\/revisions"}],"predecessor-version":[{"id":143138,"href":"https:\/\/lospoliticosveracruz.com\/index.php?rest_route=\/wp\/v2\/posts\/143136\/revisions\/143138"}],"wp:featuredmedia":[{"embeddable":true,"href":"https:\/\/lospoliticosveracruz.com\/index.php?rest_route=\/wp\/v2\/media\/141435"}],"wp:attachment":[{"href":"https:\/\/lospoliticosveracruz.com\/index.php?rest_route=%2Fwp%2Fv2%2Fmedia&parent=143136"}],"wp:term":[{"taxonomy":"category","embeddable":true,"href":"https:\/\/lospoliticosveracruz.com\/index.php?rest_route=%2Fwp%2Fv2%2Fcategories&post=143136"},{"taxonomy":"post_tag","embeddable":true,"href":"https:\/\/lospoliticosveracruz.com\/index.php?rest_route=%2Fwp%2Fv2%2Ftags&post=143136"}],"curies":[{"name":"wp","href":"https:\/\/api.w.org\/{rel}","templated":true}]}}