{"id":143362,"date":"2025-05-03T01:00:01","date_gmt":"2025-05-03T06:00:01","guid":{"rendered":"https:\/\/lospoliticosveracruz.com.mx\/?p=143362"},"modified":"2025-05-03T01:00:46","modified_gmt":"2025-05-03T06:00:46","slug":"tio-fide-el-adios-y-el-comienzo-de-una-leyenda","status":"publish","type":"post","link":"https:\/\/lospoliticosveracruz.com\/?p=143362","title":{"rendered":"T\u00cdO FIDE, EL ADI\u00d3S Y EL COMIENZO DE UNA LEYENDA"},"content":{"rendered":"\n<p>[S\u00edguenos ahora tambi\u00e9n en WhatsApp.\u00a0<a href=\"https:\/\/whatsapp.com\/channel\/0029Va8zRWlEKyZIP3Z1dF0e\"><strong><em>Da clic aqu\u00ed<\/em><\/strong><\/a>]\u00a0<br><strong>Ricardo Chua<\/strong><\/p>\n\n\n\n<p><em>Sale y Vale<\/em><\/p>\n\n\n\n<p>FIDEL HERRERA BELTR\u00c1N\u2026 Escribir de Fidel Herrera Beltr\u00e1n, no alcanzan ni 100 columnas para llenarlas con sus an\u00e9cdotas, siempre en la pol\u00edtica.. Ese fue el don que tuvo al nacer, hasta ayer que falleci\u00f3 por la tarde en CDMX.. \u00abEl T\u00edo Fide\u00bb como se le conoc\u00eda en Veracruz, donde fue gobernador del 2004 al 2010, senador del 2000 al 2004 y 5 veces diputado federal.. Era todo un personaje del sistema pol\u00edtico mexicano.. Para unos un excelente pol\u00edtico y para otros un mal gobernante.. Siempre en pol\u00e9mica dentro la s\u00e1tira pol\u00edtica.. Pero nadie puede negar, que siempre disfrut\u00f3 el ejercicio del poder..<\/p>\n\n\n\n<p>Herrera Beltr\u00e1n en su momento, fue considerado por el propio Miguel Alem\u00e1n Velasco, su antecesor en Veracruz, como el \u00abmejor pol\u00edtico de M\u00e9xico\u00bb.. Nadie como \u00e9l para hacer pol\u00edtica.. Dec\u00eda Porfirio Mu\u00f1oz Ledo que \u00abFidel tiene m\u00e1s salidas que un t\u00fanel, hasta a mi me da vueltas\u00bb.. \u00abEl Negro\u00bb como tambi\u00e9n lo llamaban, sin duda, fue un pol\u00edtico que le supo llegar a las personas.. No se peleaba con nadie, ni discut\u00eda, s\u00f3lo observaba hasta cuando lo insultaban.. \u00abLa venganza es un plato que se come fr\u00edo\u00bb, siempre dec\u00eda.. Era amigo de los amigos y de sus enemigos tambi\u00e9n.. Su mente prodigiosa daba para eso y m\u00e1s.. Siempre fue pol\u00edtico, pol\u00edtico..<\/p>\n\n\n\n<p>Su legado est\u00e1 a la vista.. La 4T le copia todo, desde las camisas de campa\u00f1a con nombre en las mangas y el color del partido, fueron invenci\u00f3n de \u00e9l en 2003.. Muchos pol\u00edticos que \u00e9l form\u00f3 est\u00e1n ah\u00ed.. Hoy son diputados o funcionarios.. Muchos de los programas que ahora se jactan muchos gobiernos de llevarlos a cabo, tambi\u00e9n fueron creados en su administraci\u00f3n.. Hasta el sobrenombre que hoy tiene la gobernadora Roc\u00edo Nahle, se lo deben a \u00e9l: \u00abLa T\u00eda Chio\u00bb.. Fidel era un pol\u00edtico admirable, con memoria prodigiosa, de acuerdos, di\u00e1logo y de \u00abapretones\u00bb.. Ahora queda en Javier Herrera Borunda en el PVEM, seguir el legado de su padre: \u00abFidel siempre Fiel a Veracruz\u00bb.. QDEP.. AMEN..<\/p>\n\n\n\n<p>ALVARADO, LA \u00abFRACTURA\u00bb DE LA 4T Y EL RESURGIMIENTO DE TAVO.. Si bien es cierto el PAN en estas elecciones a alcaldes en Veracruz, est\u00e1n para llorar.. Tambi\u00e9n es verdad, que en algunos municipios con sus candidatos representan una verdadera fuerza y tienen grandes posibilidades de triunfar en estos procesos electorales municipales.. Un caso excepcional es el municipio de Alvarado.. Que con su candidato, Octavio Ruiz Barroso \u00abTavo Ruiz\u00bb, est\u00e1 listo para ser la \u00abhombrada\u00bb en esta ciudad, pese a todos los pron\u00f3sticos que ten\u00eda al iniciar la precampa\u00f1a y los conflictos al interior del PAN.. Con todo eso, puede ganar la alcald\u00eda..<\/p>\n\n\n\n<p>Ya que independientemente de su figura pol\u00edtica y de su activismo diario.. Adem\u00e1s de ser un candidato oriundo de ese municipio.. Sin duda, a Tavo Ruiz le benefici\u00f3 sobremanera la \u00abfractura\u00bb que hubo de la 4T en Alvarado.. Cuando MORENA y PVEM se dividieron y no fueron en coalici\u00f3n porque los \u00abMorenos\u00bb quisieron postular un candidato con el cual, el PVEM no estuvo de acuerdo, ya que ellos gobiernan la ciudad.. Por esa raz\u00f3n, la alianza entre ambos partidos de la \u00abtransformaci\u00f3n\u00bb, se \u00abrompi\u00f3\u00bb y eso dio m\u00e1s posibilidades a que un tercero en discordia surgiera.. Y esa situaci\u00f3n se dio en la persona de Ruiz Barroso..<\/p>\n\n\n\n<p>Seg\u00fan encuestas hechas por partidos pol\u00edticos de oposici\u00f3n al PVEM y MORENA.. Se tiene contabilizado que por esta cuesti\u00f3n aunado que Movimiento Ciudadano postul\u00f3 a Bogar Ruiz Rosas, un personaje que ha sido alcalde en dos ocasiones del municipio y que est\u00e1 \u00abjalando\u00bb votos, no del PAN o PRI sino de MORENA.. Le est\u00e1 dando oportunidad al panista, Tavo Ruiz, dicen que la pol\u00edtica es de circunstancias y esa se le est\u00e1n alineando a favor del empresario y ganadero \u00abazul\u00bb.. Ya que en una zona donde MORENA ten\u00eda presencia, la candidatura de Natalia Gonz\u00e1lez por el PRI.. Tambi\u00e9n le est\u00e1 restando votos al PVEM y MORENA.. Qui\u00e9n lo dir\u00eda..<\/p>\n\n\n\n<p>Este sondeo se\u00f1ala de manera directa que del 100 por ciento de los votos que pueda dar el municipio de Alvarado.. Al menos, el 40 por ciento lo tiene la cabecera municipal de este puerto.. Ah\u00ed es donde se la est\u00e1 llevando Tavo Ruiz Barroso, por la divisi\u00f3n que hay en la 4T.. Es decir, el PAN lo gana.. Adem\u00e1s en las comunidades que hay en la zona norte de Alvarado (Que incluye toda la Riviera Veracruzana), ah\u00ed el poder lo tiene Tavo Ruiz y lo comparte un poco con el PRI.. Las comunidades de la zona sur la tienen dividida entre MC con Bogar Ruiz y el PVEM con Beto Cobos.. Mientras que las comunidades que hay en \u00abSalinas\u00bb hac\u00eda adentro son completamente de Bogar Ruiz..<\/p>\n\n\n\n<p>Ante este panorama y por las \u00abfracturas\u00bb el beneficiado es Tavo Ruiz por estas circunstancias.. S\u00f3lo tiene que administrar y mantener esa ventaja.. As\u00ed que en el caso de Polo Deschamps, el candidato de MORENA, la \u00fanica plusval\u00eda, que puede tener en ese municipio, ya que al no ser oriundo de Alvarado hay rechazo por su candidatura y lo pueden mandar hasta el cuarto lugar.. Es que para poder sacar esta elecci\u00f3n municipal a su favor.. Es que la mayor\u00eda de los adultos mayores que reciben un los apoyos de los programas federales, salgan a votar por MORENA y que los sufragios para Bogar y Tavo, no sean copiosos.. Para ver si con eso puede ganarles.. Si no es as\u00ed BYE.. CONSUMATUM EST..<\/p>\n\n\n\n<p>MEMO HERRADA, MC Y MEDELL\u00cdN DE BRAVO.. Despu\u00e9s de que Guillermo Herrada Jim\u00e9nez anunci\u00f3 que ser\u00eda candidato a la alcald\u00eda de Medell\u00edn de Bravo por Movimiento Ciudadano.. De nuevo ese partido resurgi\u00f3 con fuerza en este municipio.. Ya que la \u00abmarca\u00bb Memo Herrada no se hab\u00eda ido de esa ciudad.. Si bien es cierto, el \u00abjug\u00f3\u00bb por otras opciones, el trabajo altruista como persona y como pol\u00edtico siempre lo realiz\u00f3 en este municipio.. Eso provoc\u00f3 que le echaran la \u00abmirada\u00bb a su persona.. Ya que su marca es m\u00e1s fuerte que muchos partidos pol\u00edticos que andan contendiendo por la alcald\u00eda.. Por ello, la ciudadan\u00eda le est\u00e1 respondiendo..<\/p>\n\n\n\n<p>La ventaja que tiene Memo Herrera como candidato de MC, sobre todos los dem\u00e1s aspirantes a alcaldes.. Es que \u00e9l conoce mejor el municipio.. Lo ha recorrido en infinidad de ocasiones, sabe de las necesidades que tienen los ciudadanos en cada una de las comunidades y zonas de Medell\u00edn de Bravo.. Sabe bien qu\u00e9 apoyos necesitan los productores del campo y de las urgencias de las \u00e1reas urbanas de esa ciudad, que es una de las m\u00e1s grandes de la conurbaci\u00f3n con Veracruz y Boca del R\u00edo.. Por eso, es que su crecimiento a menos de una semana de iniciar las campa\u00f1as, no es nada raro si la tendencia sigue as\u00ed.. Es que este candidato haga que Medell\u00edn de Bravo sea un municipio \u00abnaranja\u00bb.. AMEN..<\/p>\n","protected":false},"excerpt":{"rendered":"<p>[S\u00edguenos ahora tambi\u00e9n en WhatsApp.\u00a0Da clic aqu\u00ed]\u00a0Ricardo Chua Sale y Vale FIDEL HERRERA BELTR\u00c1N\u2026 Escribir de Fidel Herrera Beltr\u00e1n, no alcanzan ni 100 columnas para llenarlas con sus an\u00e9cdotas, siempre en la pol\u00edtica.. Ese fue el don que tuvo al nacer, hasta ayer que falleci\u00f3 por la tarde en CDMX.. \u00abEl T\u00edo Fide\u00bb como se [&hellip;]<\/p>\n","protected":false},"author":2,"featured_media":141434,"comment_status":"closed","ping_status":"closed","sticky":false,"template":"","format":"standard","meta":{"tdm_status":"","tdm_grid_status":"","footnotes":""},"categories":[70],"tags":[301,410,1389,28098,1026,251,26206,195],"class_list":{"0":"post-143362","1":"post","2":"type-post","3":"status-publish","4":"format-standard","5":"has-post-thumbnail","7":"category-de-opinion","8":"tag-alvarado","9":"tag-fidel-herrera-beltran","10":"tag-medellin","11":"tag-memo-herrada","12":"tag-morena","13":"tag-pri","14":"tag-tavo-ruiz-barroso","15":"tag-veracruz"},"yoast_head":"<!-- This site is optimized with the Yoast SEO plugin v27.4 - https:\/\/yoast.com\/product\/yoast-seo-wordpress\/ -->\n<title>T\u00cdO FIDE, EL ADI\u00d3S Y EL COMIENZO DE UNA LEYENDA - Los pol\u00edticos Veracruz<\/title>\n<meta name=\"robots\" content=\"index, follow, max-snippet:-1, max-image-preview:large, max-video-preview:-1\" \/>\n<link rel=\"canonical\" href=\"https:\/\/lospoliticosveracruz.com\/?p=143362\" \/>\n<meta property=\"og:locale\" content=\"es_ES\" \/>\n<meta property=\"og:type\" content=\"article\" \/>\n<meta property=\"og:title\" content=\"T\u00cdO FIDE, EL ADI\u00d3S Y EL COMIENZO DE UNA LEYENDA - Los pol\u00edticos Veracruz\" \/>\n<meta property=\"og:description\" content=\"[S\u00edguenos ahora tambi\u00e9n en WhatsApp.\u00a0Da clic aqu\u00ed]\u00a0Ricardo Chua Sale y Vale FIDEL HERRERA BELTR\u00c1N\u2026 Escribir de Fidel Herrera Beltr\u00e1n, no alcanzan ni 100 columnas para llenarlas con sus an\u00e9cdotas, siempre en la pol\u00edtica.. Ese fue el don que tuvo al nacer, hasta ayer que falleci\u00f3 por la tarde en CDMX.. \u00abEl T\u00edo Fide\u00bb como se [&hellip;]\" \/>\n<meta property=\"og:url\" content=\"https:\/\/lospoliticosveracruz.com\/?p=143362\" \/>\n<meta property=\"og:site_name\" content=\"Los pol\u00edticos Veracruz\" \/>\n<meta property=\"article:publisher\" content=\"https:\/\/www.facebook.com\/people\/Notimemes-de-los-Polticos\/61565672886568\/\" \/>\n<meta property=\"article:published_time\" content=\"2025-05-03T06:00:01+00:00\" \/>\n<meta property=\"article:modified_time\" content=\"2025-05-03T06:00:46+00:00\" \/>\n<meta property=\"og:image\" content=\"https:\/\/lospoliticosveracruz.com\/wp-content\/uploads\/2025\/04\/Chua-e1761364658706.jpg\" \/>\n\t<meta property=\"og:image:width\" content=\"600\" \/>\n\t<meta property=\"og:image:height\" content=\"320\" \/>\n\t<meta property=\"og:image:type\" content=\"image\/jpeg\" \/>\n<meta name=\"author\" content=\"Lo viste en Los Pol\u00edticos\" \/>\n<meta name=\"twitter:card\" content=\"summary_large_image\" \/>\n<meta name=\"twitter:creator\" content=\"@LosPoliticosVer\" \/>\n<meta name=\"twitter:site\" content=\"@LosPoliticosVer\" \/>\n<meta name=\"twitter:label1\" content=\"Escrito por\" \/>\n\t<meta name=\"twitter:data1\" content=\"Lo viste en Los Pol\u00edticos\" \/>\n\t<meta name=\"twitter:label2\" content=\"Tiempo de lectura\" \/>\n\t<meta name=\"twitter:data2\" content=\"6 minutos\" \/>\n<script type=\"application\/ld+json\" class=\"yoast-schema-graph\">{\"@context\":\"https:\\\/\\\/schema.org\",\"@graph\":[{\"@type\":\"Article\",\"@id\":\"https:\\\/\\\/lospoliticosveracruz.com\\\/?p=143362#article\",\"isPartOf\":{\"@id\":\"https:\\\/\\\/lospoliticosveracruz.com\\\/?p=143362\"},\"author\":{\"name\":\"Lo viste en Los Pol\u00edticos\",\"@id\":\"https:\\\/\\\/lospoliticosveracruz.com\\\/#\\\/schema\\\/person\\\/b8702bb0e538456e6efd07080bf2a4a2\"},\"headline\":\"T\u00cdO FIDE, EL ADI\u00d3S Y EL COMIENZO DE UNA LEYENDA\",\"datePublished\":\"2025-05-03T06:00:01+00:00\",\"dateModified\":\"2025-05-03T06:00:46+00:00\",\"mainEntityOfPage\":{\"@id\":\"https:\\\/\\\/lospoliticosveracruz.com\\\/?p=143362\"},\"wordCount\":1241,\"publisher\":{\"@id\":\"https:\\\/\\\/lospoliticosveracruz.com\\\/#organization\"},\"image\":{\"@id\":\"https:\\\/\\\/lospoliticosveracruz.com\\\/?p=143362#primaryimage\"},\"thumbnailUrl\":\"https:\\\/\\\/lospoliticosveracruz.com\\\/wp-content\\\/uploads\\\/2025\\\/04\\\/Chua-e1761364658706.jpg\",\"keywords\":[\"Alvarado\",\"Fidel Herrera Beltr\u00e1n\",\"Medell\u00edn\",\"Memo Herrada\",\"Morena\",\"PRI\",\"Tavo Ruiz Barroso\",\"Veracruz\"],\"articleSection\":[\"De Opini\u00f3n\"],\"inLanguage\":\"es\"},{\"@type\":\"WebPage\",\"@id\":\"https:\\\/\\\/lospoliticosveracruz.com\\\/?p=143362\",\"url\":\"https:\\\/\\\/lospoliticosveracruz.com\\\/?p=143362\",\"name\":\"T\u00cdO FIDE, EL ADI\u00d3S Y EL COMIENZO DE UNA LEYENDA - Los pol\u00edticos Veracruz\",\"isPartOf\":{\"@id\":\"https:\\\/\\\/lospoliticosveracruz.com\\\/#website\"},\"primaryImageOfPage\":{\"@id\":\"https:\\\/\\\/lospoliticosveracruz.com\\\/?p=143362#primaryimage\"},\"image\":{\"@id\":\"https:\\\/\\\/lospoliticosveracruz.com\\\/?p=143362#primaryimage\"},\"thumbnailUrl\":\"https:\\\/\\\/lospoliticosveracruz.com\\\/wp-content\\\/uploads\\\/2025\\\/04\\\/Chua-e1761364658706.jpg\",\"datePublished\":\"2025-05-03T06:00:01+00:00\",\"dateModified\":\"2025-05-03T06:00:46+00:00\",\"breadcrumb\":{\"@id\":\"https:\\\/\\\/lospoliticosveracruz.com\\\/?p=143362#breadcrumb\"},\"inLanguage\":\"es\",\"potentialAction\":[{\"@type\":\"ReadAction\",\"target\":[\"https:\\\/\\\/lospoliticosveracruz.com\\\/?p=143362\"]}]},{\"@type\":\"ImageObject\",\"inLanguage\":\"es\",\"@id\":\"https:\\\/\\\/lospoliticosveracruz.com\\\/?p=143362#primaryimage\",\"url\":\"https:\\\/\\\/lospoliticosveracruz.com\\\/wp-content\\\/uploads\\\/2025\\\/04\\\/Chua-e1761364658706.jpg\",\"contentUrl\":\"https:\\\/\\\/lospoliticosveracruz.com\\\/wp-content\\\/uploads\\\/2025\\\/04\\\/Chua-e1761364658706.jpg\",\"width\":600,\"height\":320},{\"@type\":\"BreadcrumbList\",\"@id\":\"https:\\\/\\\/lospoliticosveracruz.com\\\/?p=143362#breadcrumb\",\"itemListElement\":[{\"@type\":\"ListItem\",\"position\":1,\"name\":\"Portada\",\"item\":\"https:\\\/\\\/lospoliticosveracruz.com\\\/\"},{\"@type\":\"ListItem\",\"position\":2,\"name\":\"T\u00cdO FIDE, EL ADI\u00d3S Y EL COMIENZO DE UNA LEYENDA\"}]},{\"@type\":\"WebSite\",\"@id\":\"https:\\\/\\\/lospoliticosveracruz.com\\\/#website\",\"url\":\"https:\\\/\\\/lospoliticosveracruz.com\\\/\",\"name\":\"Los pol\u00edticos Veracruz\",\"description\":\"\",\"publisher\":{\"@id\":\"https:\\\/\\\/lospoliticosveracruz.com\\\/#organization\"},\"potentialAction\":[{\"@type\":\"SearchAction\",\"target\":{\"@type\":\"EntryPoint\",\"urlTemplate\":\"https:\\\/\\\/lospoliticosveracruz.com\\\/?s={search_term_string}\"},\"query-input\":{\"@type\":\"PropertyValueSpecification\",\"valueRequired\":true,\"valueName\":\"search_term_string\"}}],\"inLanguage\":\"es\"},{\"@type\":\"Organization\",\"@id\":\"https:\\\/\\\/lospoliticosveracruz.com\\\/#organization\",\"name\":\"Los pol\u00edticos Veracruz\",\"url\":\"https:\\\/\\\/lospoliticosveracruz.com\\\/\",\"logo\":{\"@type\":\"ImageObject\",\"inLanguage\":\"es\",\"@id\":\"https:\\\/\\\/lospoliticosveracruz.com\\\/#\\\/schema\\\/logo\\\/image\\\/\",\"url\":\"https:\\\/\\\/lospoliticosveracruz.com\\\/wp-content\\\/uploads\\\/2025\\\/12\\\/Logo-Nuevo-LOS-POLITICOS-1.jpg\",\"contentUrl\":\"https:\\\/\\\/lospoliticosveracruz.com\\\/wp-content\\\/uploads\\\/2025\\\/12\\\/Logo-Nuevo-LOS-POLITICOS-1.jpg\",\"width\":260,\"height\":70,\"caption\":\"Los pol\u00edticos Veracruz\"},\"image\":{\"@id\":\"https:\\\/\\\/lospoliticosveracruz.com\\\/#\\\/schema\\\/logo\\\/image\\\/\"},\"sameAs\":[\"https:\\\/\\\/www.facebook.com\\\/people\\\/Notimemes-de-los-Polticos\\\/61565672886568\\\/\",\"https:\\\/\\\/x.com\\\/LosPoliticosVer\"]},{\"@type\":\"Person\",\"@id\":\"https:\\\/\\\/lospoliticosveracruz.com\\\/#\\\/schema\\\/person\\\/b8702bb0e538456e6efd07080bf2a4a2\",\"name\":\"Lo viste en Los Pol\u00edticos\",\"image\":{\"@type\":\"ImageObject\",\"inLanguage\":\"es\",\"@id\":\"https:\\\/\\\/secure.gravatar.com\\\/avatar\\\/3a8de04a2656d44082be478bd6c086daa447c4651605818287b9532d3d0bd435?s=96&d=mm&r=g\",\"url\":\"https:\\\/\\\/secure.gravatar.com\\\/avatar\\\/3a8de04a2656d44082be478bd6c086daa447c4651605818287b9532d3d0bd435?s=96&d=mm&r=g\",\"contentUrl\":\"https:\\\/\\\/secure.gravatar.com\\\/avatar\\\/3a8de04a2656d44082be478bd6c086daa447c4651605818287b9532d3d0bd435?s=96&d=mm&r=g\",\"caption\":\"Lo viste en Los Pol\u00edticos\"},\"url\":\"https:\\\/\\\/lospoliticosveracruz.com\\\/?author=2\"}]}<\/script>\n<!-- \/ Yoast SEO plugin. -->","yoast_head_json":{"title":"T\u00cdO FIDE, EL ADI\u00d3S Y EL COMIENZO DE UNA LEYENDA - Los pol\u00edticos Veracruz","robots":{"index":"index","follow":"follow","max-snippet":"max-snippet:-1","max-image-preview":"max-image-preview:large","max-video-preview":"max-video-preview:-1"},"canonical":"https:\/\/lospoliticosveracruz.com\/?p=143362","og_locale":"es_ES","og_type":"article","og_title":"T\u00cdO FIDE, EL ADI\u00d3S Y EL COMIENZO DE UNA LEYENDA - Los pol\u00edticos Veracruz","og_description":"[S\u00edguenos ahora tambi\u00e9n en WhatsApp.\u00a0Da clic aqu\u00ed]\u00a0Ricardo Chua Sale y Vale FIDEL HERRERA BELTR\u00c1N\u2026 Escribir de Fidel Herrera Beltr\u00e1n, no alcanzan ni 100 columnas para llenarlas con sus an\u00e9cdotas, siempre en la pol\u00edtica.. Ese fue el don que tuvo al nacer, hasta ayer que falleci\u00f3 por la tarde en CDMX.. \u00abEl T\u00edo Fide\u00bb como se [&hellip;]","og_url":"https:\/\/lospoliticosveracruz.com\/?p=143362","og_site_name":"Los pol\u00edticos Veracruz","article_publisher":"https:\/\/www.facebook.com\/people\/Notimemes-de-los-Polticos\/61565672886568\/","article_published_time":"2025-05-03T06:00:01+00:00","article_modified_time":"2025-05-03T06:00:46+00:00","og_image":[{"width":600,"height":320,"url":"https:\/\/lospoliticosveracruz.com\/wp-content\/uploads\/2025\/04\/Chua-e1761364658706.jpg","type":"image\/jpeg"}],"author":"Lo viste en Los Pol\u00edticos","twitter_card":"summary_large_image","twitter_creator":"@LosPoliticosVer","twitter_site":"@LosPoliticosVer","twitter_misc":{"Escrito por":"Lo viste en Los Pol\u00edticos","Tiempo de lectura":"6 minutos"},"schema":{"@context":"https:\/\/schema.org","@graph":[{"@type":"Article","@id":"https:\/\/lospoliticosveracruz.com\/?p=143362#article","isPartOf":{"@id":"https:\/\/lospoliticosveracruz.com\/?p=143362"},"author":{"name":"Lo viste en Los Pol\u00edticos","@id":"https:\/\/lospoliticosveracruz.com\/#\/schema\/person\/b8702bb0e538456e6efd07080bf2a4a2"},"headline":"T\u00cdO FIDE, EL ADI\u00d3S Y EL COMIENZO DE UNA LEYENDA","datePublished":"2025-05-03T06:00:01+00:00","dateModified":"2025-05-03T06:00:46+00:00","mainEntityOfPage":{"@id":"https:\/\/lospoliticosveracruz.com\/?p=143362"},"wordCount":1241,"publisher":{"@id":"https:\/\/lospoliticosveracruz.com\/#organization"},"image":{"@id":"https:\/\/lospoliticosveracruz.com\/?p=143362#primaryimage"},"thumbnailUrl":"https:\/\/lospoliticosveracruz.com\/wp-content\/uploads\/2025\/04\/Chua-e1761364658706.jpg","keywords":["Alvarado","Fidel Herrera Beltr\u00e1n","Medell\u00edn","Memo Herrada","Morena","PRI","Tavo Ruiz Barroso","Veracruz"],"articleSection":["De Opini\u00f3n"],"inLanguage":"es"},{"@type":"WebPage","@id":"https:\/\/lospoliticosveracruz.com\/?p=143362","url":"https:\/\/lospoliticosveracruz.com\/?p=143362","name":"T\u00cdO FIDE, EL ADI\u00d3S Y EL COMIENZO DE UNA LEYENDA - Los pol\u00edticos Veracruz","isPartOf":{"@id":"https:\/\/lospoliticosveracruz.com\/#website"},"primaryImageOfPage":{"@id":"https:\/\/lospoliticosveracruz.com\/?p=143362#primaryimage"},"image":{"@id":"https:\/\/lospoliticosveracruz.com\/?p=143362#primaryimage"},"thumbnailUrl":"https:\/\/lospoliticosveracruz.com\/wp-content\/uploads\/2025\/04\/Chua-e1761364658706.jpg","datePublished":"2025-05-03T06:00:01+00:00","dateModified":"2025-05-03T06:00:46+00:00","breadcrumb":{"@id":"https:\/\/lospoliticosveracruz.com\/?p=143362#breadcrumb"},"inLanguage":"es","potentialAction":[{"@type":"ReadAction","target":["https:\/\/lospoliticosveracruz.com\/?p=143362"]}]},{"@type":"ImageObject","inLanguage":"es","@id":"https:\/\/lospoliticosveracruz.com\/?p=143362#primaryimage","url":"https:\/\/lospoliticosveracruz.com\/wp-content\/uploads\/2025\/04\/Chua-e1761364658706.jpg","contentUrl":"https:\/\/lospoliticosveracruz.com\/wp-content\/uploads\/2025\/04\/Chua-e1761364658706.jpg","width":600,"height":320},{"@type":"BreadcrumbList","@id":"https:\/\/lospoliticosveracruz.com\/?p=143362#breadcrumb","itemListElement":[{"@type":"ListItem","position":1,"name":"Portada","item":"https:\/\/lospoliticosveracruz.com\/"},{"@type":"ListItem","position":2,"name":"T\u00cdO FIDE, EL ADI\u00d3S Y EL COMIENZO DE UNA LEYENDA"}]},{"@type":"WebSite","@id":"https:\/\/lospoliticosveracruz.com\/#website","url":"https:\/\/lospoliticosveracruz.com\/","name":"Los pol\u00edticos Veracruz","description":"","publisher":{"@id":"https:\/\/lospoliticosveracruz.com\/#organization"},"potentialAction":[{"@type":"SearchAction","target":{"@type":"EntryPoint","urlTemplate":"https:\/\/lospoliticosveracruz.com\/?s={search_term_string}"},"query-input":{"@type":"PropertyValueSpecification","valueRequired":true,"valueName":"search_term_string"}}],"inLanguage":"es"},{"@type":"Organization","@id":"https:\/\/lospoliticosveracruz.com\/#organization","name":"Los pol\u00edticos Veracruz","url":"https:\/\/lospoliticosveracruz.com\/","logo":{"@type":"ImageObject","inLanguage":"es","@id":"https:\/\/lospoliticosveracruz.com\/#\/schema\/logo\/image\/","url":"https:\/\/lospoliticosveracruz.com\/wp-content\/uploads\/2025\/12\/Logo-Nuevo-LOS-POLITICOS-1.jpg","contentUrl":"https:\/\/lospoliticosveracruz.com\/wp-content\/uploads\/2025\/12\/Logo-Nuevo-LOS-POLITICOS-1.jpg","width":260,"height":70,"caption":"Los pol\u00edticos Veracruz"},"image":{"@id":"https:\/\/lospoliticosveracruz.com\/#\/schema\/logo\/image\/"},"sameAs":["https:\/\/www.facebook.com\/people\/Notimemes-de-los-Polticos\/61565672886568\/","https:\/\/x.com\/LosPoliticosVer"]},{"@type":"Person","@id":"https:\/\/lospoliticosveracruz.com\/#\/schema\/person\/b8702bb0e538456e6efd07080bf2a4a2","name":"Lo viste en Los Pol\u00edticos","image":{"@type":"ImageObject","inLanguage":"es","@id":"https:\/\/secure.gravatar.com\/avatar\/3a8de04a2656d44082be478bd6c086daa447c4651605818287b9532d3d0bd435?s=96&d=mm&r=g","url":"https:\/\/secure.gravatar.com\/avatar\/3a8de04a2656d44082be478bd6c086daa447c4651605818287b9532d3d0bd435?s=96&d=mm&r=g","contentUrl":"https:\/\/secure.gravatar.com\/avatar\/3a8de04a2656d44082be478bd6c086daa447c4651605818287b9532d3d0bd435?s=96&d=mm&r=g","caption":"Lo viste en Los Pol\u00edticos"},"url":"https:\/\/lospoliticosveracruz.com\/?author=2"}]}},"_links":{"self":[{"href":"https:\/\/lospoliticosveracruz.com\/index.php?rest_route=\/wp\/v2\/posts\/143362","targetHints":{"allow":["GET"]}}],"collection":[{"href":"https:\/\/lospoliticosveracruz.com\/index.php?rest_route=\/wp\/v2\/posts"}],"about":[{"href":"https:\/\/lospoliticosveracruz.com\/index.php?rest_route=\/wp\/v2\/types\/post"}],"author":[{"embeddable":true,"href":"https:\/\/lospoliticosveracruz.com\/index.php?rest_route=\/wp\/v2\/users\/2"}],"replies":[{"embeddable":true,"href":"https:\/\/lospoliticosveracruz.com\/index.php?rest_route=%2Fwp%2Fv2%2Fcomments&post=143362"}],"version-history":[{"count":1,"href":"https:\/\/lospoliticosveracruz.com\/index.php?rest_route=\/wp\/v2\/posts\/143362\/revisions"}],"predecessor-version":[{"id":143363,"href":"https:\/\/lospoliticosveracruz.com\/index.php?rest_route=\/wp\/v2\/posts\/143362\/revisions\/143363"}],"wp:featuredmedia":[{"embeddable":true,"href":"https:\/\/lospoliticosveracruz.com\/index.php?rest_route=\/wp\/v2\/media\/141434"}],"wp:attachment":[{"href":"https:\/\/lospoliticosveracruz.com\/index.php?rest_route=%2Fwp%2Fv2%2Fmedia&parent=143362"}],"wp:term":[{"taxonomy":"category","embeddable":true,"href":"https:\/\/lospoliticosveracruz.com\/index.php?rest_route=%2Fwp%2Fv2%2Fcategories&post=143362"},{"taxonomy":"post_tag","embeddable":true,"href":"https:\/\/lospoliticosveracruz.com\/index.php?rest_route=%2Fwp%2Fv2%2Ftags&post=143362"}],"curies":[{"name":"wp","href":"https:\/\/api.w.org\/{rel}","templated":true}]}}