{"id":143364,"date":"2025-05-03T09:00:19","date_gmt":"2025-05-03T14:00:19","guid":{"rendered":"https:\/\/lospoliticosveracruz.com.mx\/?p=143364"},"modified":"2025-05-03T09:00:48","modified_gmt":"2025-05-03T14:00:48","slug":"fidel-el-pueblo-te-recordara-siempre","status":"publish","type":"post","link":"https:\/\/lospoliticosveracruz.com\/?p=143364","title":{"rendered":"FIDEL, EL PUEBLO TE RECORDAR\u00c1 SIEMPRE"},"content":{"rendered":"\n<p><br>[S\u00edguenos ahora tambi\u00e9n en WhatsApp.\u00a0<a href=\"https:\/\/whatsapp.com\/channel\/0029Va8zRWlEKyZIP3Z1dF0e\"><strong><em>Da clic aqu\u00ed<\/em><\/strong><\/a>]<br><strong>Fanny Y\u00e9pez<\/strong><br><em>La Columna<\/em><\/p>\n\n\n\n<p>Seg\u00fan estimaciones de la House of Scientific Research, las probabilidades de obtener el premio mayor de la Loter\u00eda en M\u00e9xico son de una en seis millones, esto poco menos de la poblaci\u00f3n que tiene el estado de Veracruz. Sin embargo, para el exgobernador priista de Veracruz, Fidel Herrera Beltr\u00e1n, la suerte lo favoreci\u00f3, no solo una, sino dos veces.<br>El caso m\u00e1s sonado en la aldea jarocha que m\u00e1s llam\u00f3 la atenci\u00f3n, ocurri\u00f3 en diciembre de 2007, cuando Herrera Beltr\u00e1n, entonces gobernador del estado, adquiri\u00f3 una serie completa de billetes del sorteo de A\u00f1o Nuevo, la serie la corto en \u201ccachitos\u201d y los reparti\u00f3 entre los que se encontraban en la gran mesa de los portales del Lerdo, los empresarios de la familia Ruiz fueron los m\u00e1s favorecidos. El T\u00edo Fide a un conocido periodista le extendi\u00f3 la mano ofreci\u00e9ndole en pedacito, pero \u00e9l lo rechazo, respondiendo el \u201cafecto en efectivo\u201d, cada cachito obtuvo casi 900 mil pesos.<br>En un sorteo que realiz\u00f3 la Canaco de Xalapa, entre otros premios estaba un autom\u00f3vil \u00faltimo modelo y que creen, que tambi\u00e9n se lo sac\u00f3 el ex gobernador que esa noche, en esa cena, no se encontraba, pero cuando el maestro de ceremonias dijo el nombre causo expectaci\u00f3n entre todos los presentes.<br>Despu\u00e9s ese autom\u00f3vil fue donado por el mismo mandatario al DIF para apoyar a los que menos tienen.<br>Tuve la gran oportunidad de conocerlo y tener su amistad que tanto me distingui\u00f3, porque con su estilo y su forma de ser, me concedi\u00f3 mucha confianza para llevar a cabo trabajos profesionales de periodismo. Que en paz descanse el pol\u00edtico oriundo de Nopaltepec y que con orgullo destac\u00f3 eso y su clase humilde.<br>Con una memoria prodigiosa conoc\u00eda los nombres y apellidos de muchos veracruzanos que viv\u00edan en lugares remotos. As\u00ed que, en cualquier situaci\u00f3n que se presentaba, giraba instrucciones\u2026 en Ant\u00f3n Lizardo, busquen a Don Luis y d\u00edganle que le pido que haga tal o cual cosa.<br>Sus escoltas y ayudantes cercanos platicaban que lo dejaban en la puerta de su casa a la una de la madrugada y les ped\u00eda que lo fueran a buscar a las 5 de la ma\u00f1ana, lo que muchos dudaban que pudiera estar despierto, pero en una de esas ocasiones, cuando llegaron sus escoltas estando todav\u00eda oscuro, tocaron el timbre de la puerta y a lo lejos vieron una silueta que caminaba por la banqueta y aunque usted no lo crea, era Fidel Herrera que regresaba de hacer ejercicio.<br><strong>Construye Coatepec un prominente futuro con Nacho Luna<\/strong><br>A estas alturas de la contienda, todo indica que el 1 de junio Coatepec vivir\u00e1 un parteaguas pol\u00edtico con el triunfo de Nacho Luna, candidato a la presidencia municipal por la coalici\u00f3n Sigamos Haciendo Historia en Veracruz (Morena\u2013Partido Verde). No se trata solo del arrastre que ha logrado a lo largo de sus recorridos por comunidades, colonias y calles. Se trata, sobre todo, de que su proyecto pol\u00edtico responde a una exigencia ciudadana: gobernar con eficiencia, humanidad y honestidad.<br>La propuesta de Nacho no es de oropel, es de territorio. La obra p\u00fablica ser\u00e1, por fin, una prioridad que se atender\u00e1. Se prev\u00e9 la mayor inversi\u00f3n hist\u00f3rica en este rubro, una demanda que durante d\u00e9cadas ha sido postergada y que ahora se coloca al centro del debate p\u00fablico. A ello se suma un tema igual de urgente: la seguridad.<br>Luna no apuesta por discursos huecos, sino por soluciones integrales que incluyan una polic\u00eda de proximidad, equipada y cercana, as\u00ed como la reactivaci\u00f3n de herramientas tecnol\u00f3gicas como la Plataforma M\u00e9xico, hoy desperdiciadas por la falta de voluntad y visi\u00f3n.<br>En salud, propone algo elemental pero olvidado: rehabilitar el Hospital Civil de Coatepec, que lleva a\u00f1os sin inversi\u00f3n. En educaci\u00f3n, plantea una medida concreta que muchas madres y padres han aplaudido: apoyos escolares para estudiantes en situaci\u00f3n de marginaci\u00f3n, incluyendo uniformes, mochilas y becas. Para las mujeres, se contemplan microcr\u00e9ditos rosas, dise\u00f1ados para que puedan emprender o fortalecer sus proyectos sin depender de condiciones injustas.<br>Lo interesante es que ni la guerra sucia, ni las calumnias, ni los ataques personales han logrado frenar a Nacho Luna. Sigue avanzando con paso firme, escuchando sin filtros y hablando sin vueltas. No necesita florituras ni frases grandilocuentes: la gente lo entiende porque habla su mismo idioma.<br>Adem\u00e1s, se compromete a gobernar con transparencia total. No solo presentar\u00e1 resultados, har\u00e1 conferencias semanales para informar sobre los avances del Plan Municipal de Desarrollo y pondr\u00e1 en marcha una Defensor\u00eda del Pueblo gratuita. Tambi\u00e9n ser\u00e1 la ciudadan\u00eda quien elija qu\u00e9 obras se hacen y cu\u00e1les no, a trav\u00e9s de un esquema de presupuesto participativo y cabildo abierto, donde todas las voces puedan ser escuchadas.<br>Uno de los puntos m\u00e1s significzativos es su intenci\u00f3n de simplificar tr\u00e1mites municipales. Menos burocracia, m\u00e1s resultados. Y para quienes viven del campo, hay un compromiso claro con el impulso a los productores de caf\u00e9, ca\u00f1a, miel y lim\u00f3n. Se trata de dar herramientas para que el campo vuelva a ser motor y no solo testimonio del abandono.<br>Muchos destacan que, por primera vez en un siglo, Coatepec podr\u00eda tener un cuerpo edilicio surgido de las comunidades, no de las comodidades. Y eso habla de una transformaci\u00f3n no solo pol\u00edtica, sino tambi\u00e9n cultural.<br>En lo ambiental, Nacho Luna ha planteado una reforestaci\u00f3n sostenida en el Cerro de las Culebras, las partes altas y m\u00e1rgenes de r\u00edos. Y en lo cultural, se busca recuperar la esencia de la Feria del Caf\u00e9, equilibrando su valor art\u00edstico, comercial y comunitario.<br>Su visi\u00f3n incluye ampliar el perfil tur\u00edstico de Coatepec, con paquetes para visitantes, promoci\u00f3n cultural, y rescate de sitios hist\u00f3ricos como La Granada, El Trian\u00f3n, Bola de Oro y el mismo Cerro de las Culebras. En paralelo, impulsar\u00e1 el deporte y a talentos locales, convencido de que la juventud merece caminos reales, no discursos vac\u00edos.<br>Nacho Luna no promete imposibles. Promete algo m\u00e1s valioso: hacer pol\u00edtica con la gente, desde abajo y con el coraz\u00f3n por delante. Si hoy se perfila para arrasar en las urnas, no es por marketing: es porque el pueblo ya decidi\u00f3.<br>Estos son los mejores productos tur\u00edsticos de M\u00e9xico 2025<br>Estos proyectos recibieron el Reconocimiento a la Innovaci\u00f3n del Producto Tur\u00edstico Mexicano en el Tianguis Tur\u00edstico<br><strong>Turismo de naturaleza<\/strong><br>Gestionado por una comunidad nahua en la selv\u00e1tica regi\u00f3n olmeca de Veracruz, al sur del estado, el &#8216;Centro Ecotur\u00edstico Kan Tasejkan&#8217; se adjudic\u00f3 el reconocimiento en la categor\u00eda turismo de naturaleza.<br>Este peque\u00f1o desarrollo se centra en experiencias enfocadas en el turismo comunitario y biocultura.<br>Entre sus actividades, hay kayak y nado en un r\u00edo de agua c\u00e1lida que emana de las monta\u00f1as de Los Tuxtlas, lanzamiento de tirolesa de 400 metros de largo, senderismo interpretativo y ciclismo de monta\u00f1a en un circuito de 2 kil\u00f3metros.<\/p>\n","protected":false},"excerpt":{"rendered":"<p>[S\u00edguenos ahora tambi\u00e9n en WhatsApp.\u00a0Da clic aqu\u00ed]Fanny Y\u00e9pezLa Columna Seg\u00fan estimaciones de la House of Scientific Research, las probabilidades de obtener el premio mayor de la Loter\u00eda en M\u00e9xico son de una en seis millones, esto poco menos de la poblaci\u00f3n que tiene el estado de Veracruz. Sin embargo, para el exgobernador priista de Veracruz, [&hellip;]<\/p>\n","protected":false},"author":2,"featured_media":141383,"comment_status":"closed","ping_status":"closed","sticky":false,"template":"","format":"standard","meta":{"tdm_status":"","tdm_grid_status":"","footnotes":""},"categories":[70],"tags":[277,410,1026,24638,195],"class_list":{"0":"post-143364","1":"post","2":"type-post","3":"status-publish","4":"format-standard","5":"has-post-thumbnail","7":"category-de-opinion","8":"tag-coatepec","9":"tag-fidel-herrera-beltran","10":"tag-morena","11":"tag-nacho-luna","12":"tag-veracruz"},"yoast_head":"<!-- This site is optimized with the Yoast SEO plugin v27.4 - https:\/\/yoast.com\/product\/yoast-seo-wordpress\/ -->\n<title>FIDEL, EL PUEBLO TE RECORDAR\u00c1 SIEMPRE - Los pol\u00edticos Veracruz<\/title>\n<meta name=\"robots\" content=\"index, follow, max-snippet:-1, max-image-preview:large, max-video-preview:-1\" \/>\n<link rel=\"canonical\" href=\"https:\/\/lospoliticosveracruz.com\/?p=143364\" \/>\n<meta property=\"og:locale\" content=\"es_ES\" \/>\n<meta property=\"og:type\" content=\"article\" \/>\n<meta property=\"og:title\" content=\"FIDEL, EL PUEBLO TE RECORDAR\u00c1 SIEMPRE - Los pol\u00edticos Veracruz\" \/>\n<meta property=\"og:description\" content=\"[S\u00edguenos ahora tambi\u00e9n en WhatsApp.\u00a0Da clic aqu\u00ed]Fanny Y\u00e9pezLa Columna Seg\u00fan estimaciones de la House of Scientific Research, las probabilidades de obtener el premio mayor de la Loter\u00eda en M\u00e9xico son de una en seis millones, esto poco menos de la poblaci\u00f3n que tiene el estado de Veracruz. Sin embargo, para el exgobernador priista de Veracruz, [&hellip;]\" \/>\n<meta property=\"og:url\" content=\"https:\/\/lospoliticosveracruz.com\/?p=143364\" \/>\n<meta property=\"og:site_name\" content=\"Los pol\u00edticos Veracruz\" \/>\n<meta property=\"article:publisher\" content=\"https:\/\/www.facebook.com\/people\/Notimemes-de-los-Polticos\/61565672886568\/\" \/>\n<meta property=\"article:published_time\" content=\"2025-05-03T14:00:19+00:00\" \/>\n<meta property=\"article:modified_time\" content=\"2025-05-03T14:00:48+00:00\" \/>\n<meta property=\"og:image\" content=\"https:\/\/lospoliticosveracruz.com\/wp-content\/uploads\/2025\/04\/Fanny-Yepez-Luna-e1768657334923.jpg\" \/>\n\t<meta property=\"og:image:width\" content=\"600\" \/>\n\t<meta property=\"og:image:height\" content=\"320\" \/>\n\t<meta property=\"og:image:type\" content=\"image\/jpeg\" \/>\n<meta name=\"author\" content=\"Lo viste en Los Pol\u00edticos\" \/>\n<meta name=\"twitter:card\" content=\"summary_large_image\" \/>\n<meta name=\"twitter:creator\" content=\"@LosPoliticosVer\" \/>\n<meta name=\"twitter:site\" content=\"@LosPoliticosVer\" \/>\n<meta name=\"twitter:label1\" content=\"Escrito por\" \/>\n\t<meta name=\"twitter:data1\" content=\"Lo viste en Los Pol\u00edticos\" \/>\n\t<meta name=\"twitter:label2\" content=\"Tiempo de lectura\" \/>\n\t<meta name=\"twitter:data2\" content=\"6 minutos\" \/>\n<script type=\"application\/ld+json\" class=\"yoast-schema-graph\">{\"@context\":\"https:\\\/\\\/schema.org\",\"@graph\":[{\"@type\":\"Article\",\"@id\":\"https:\\\/\\\/lospoliticosveracruz.com\\\/?p=143364#article\",\"isPartOf\":{\"@id\":\"https:\\\/\\\/lospoliticosveracruz.com\\\/?p=143364\"},\"author\":{\"name\":\"Lo viste en Los Pol\u00edticos\",\"@id\":\"https:\\\/\\\/lospoliticosveracruz.com\\\/#\\\/schema\\\/person\\\/b8702bb0e538456e6efd07080bf2a4a2\"},\"headline\":\"FIDEL, EL PUEBLO TE RECORDAR\u00c1 SIEMPRE\",\"datePublished\":\"2025-05-03T14:00:19+00:00\",\"dateModified\":\"2025-05-03T14:00:48+00:00\",\"mainEntityOfPage\":{\"@id\":\"https:\\\/\\\/lospoliticosveracruz.com\\\/?p=143364\"},\"wordCount\":1232,\"publisher\":{\"@id\":\"https:\\\/\\\/lospoliticosveracruz.com\\\/#organization\"},\"image\":{\"@id\":\"https:\\\/\\\/lospoliticosveracruz.com\\\/?p=143364#primaryimage\"},\"thumbnailUrl\":\"https:\\\/\\\/lospoliticosveracruz.com\\\/wp-content\\\/uploads\\\/2025\\\/04\\\/Fanny-Yepez-Luna-e1768657334923.jpg\",\"keywords\":[\"Coatepec\",\"Fidel Herrera Beltr\u00e1n\",\"Morena\",\"Nacho Luna\",\"Veracruz\"],\"articleSection\":[\"De Opini\u00f3n\"],\"inLanguage\":\"es\"},{\"@type\":\"WebPage\",\"@id\":\"https:\\\/\\\/lospoliticosveracruz.com\\\/?p=143364\",\"url\":\"https:\\\/\\\/lospoliticosveracruz.com\\\/?p=143364\",\"name\":\"FIDEL, EL PUEBLO TE RECORDAR\u00c1 SIEMPRE - Los pol\u00edticos Veracruz\",\"isPartOf\":{\"@id\":\"https:\\\/\\\/lospoliticosveracruz.com\\\/#website\"},\"primaryImageOfPage\":{\"@id\":\"https:\\\/\\\/lospoliticosveracruz.com\\\/?p=143364#primaryimage\"},\"image\":{\"@id\":\"https:\\\/\\\/lospoliticosveracruz.com\\\/?p=143364#primaryimage\"},\"thumbnailUrl\":\"https:\\\/\\\/lospoliticosveracruz.com\\\/wp-content\\\/uploads\\\/2025\\\/04\\\/Fanny-Yepez-Luna-e1768657334923.jpg\",\"datePublished\":\"2025-05-03T14:00:19+00:00\",\"dateModified\":\"2025-05-03T14:00:48+00:00\",\"breadcrumb\":{\"@id\":\"https:\\\/\\\/lospoliticosveracruz.com\\\/?p=143364#breadcrumb\"},\"inLanguage\":\"es\",\"potentialAction\":[{\"@type\":\"ReadAction\",\"target\":[\"https:\\\/\\\/lospoliticosveracruz.com\\\/?p=143364\"]}]},{\"@type\":\"ImageObject\",\"inLanguage\":\"es\",\"@id\":\"https:\\\/\\\/lospoliticosveracruz.com\\\/?p=143364#primaryimage\",\"url\":\"https:\\\/\\\/lospoliticosveracruz.com\\\/wp-content\\\/uploads\\\/2025\\\/04\\\/Fanny-Yepez-Luna-e1768657334923.jpg\",\"contentUrl\":\"https:\\\/\\\/lospoliticosveracruz.com\\\/wp-content\\\/uploads\\\/2025\\\/04\\\/Fanny-Yepez-Luna-e1768657334923.jpg\",\"width\":600,\"height\":320},{\"@type\":\"BreadcrumbList\",\"@id\":\"https:\\\/\\\/lospoliticosveracruz.com\\\/?p=143364#breadcrumb\",\"itemListElement\":[{\"@type\":\"ListItem\",\"position\":1,\"name\":\"Portada\",\"item\":\"https:\\\/\\\/lospoliticosveracruz.com\\\/\"},{\"@type\":\"ListItem\",\"position\":2,\"name\":\"FIDEL, EL PUEBLO TE RECORDAR\u00c1 SIEMPRE\"}]},{\"@type\":\"WebSite\",\"@id\":\"https:\\\/\\\/lospoliticosveracruz.com\\\/#website\",\"url\":\"https:\\\/\\\/lospoliticosveracruz.com\\\/\",\"name\":\"Los pol\u00edticos Veracruz\",\"description\":\"\",\"publisher\":{\"@id\":\"https:\\\/\\\/lospoliticosveracruz.com\\\/#organization\"},\"potentialAction\":[{\"@type\":\"SearchAction\",\"target\":{\"@type\":\"EntryPoint\",\"urlTemplate\":\"https:\\\/\\\/lospoliticosveracruz.com\\\/?s={search_term_string}\"},\"query-input\":{\"@type\":\"PropertyValueSpecification\",\"valueRequired\":true,\"valueName\":\"search_term_string\"}}],\"inLanguage\":\"es\"},{\"@type\":\"Organization\",\"@id\":\"https:\\\/\\\/lospoliticosveracruz.com\\\/#organization\",\"name\":\"Los pol\u00edticos Veracruz\",\"url\":\"https:\\\/\\\/lospoliticosveracruz.com\\\/\",\"logo\":{\"@type\":\"ImageObject\",\"inLanguage\":\"es\",\"@id\":\"https:\\\/\\\/lospoliticosveracruz.com\\\/#\\\/schema\\\/logo\\\/image\\\/\",\"url\":\"https:\\\/\\\/lospoliticosveracruz.com\\\/wp-content\\\/uploads\\\/2025\\\/12\\\/Logo-Nuevo-LOS-POLITICOS-1.jpg\",\"contentUrl\":\"https:\\\/\\\/lospoliticosveracruz.com\\\/wp-content\\\/uploads\\\/2025\\\/12\\\/Logo-Nuevo-LOS-POLITICOS-1.jpg\",\"width\":260,\"height\":70,\"caption\":\"Los pol\u00edticos Veracruz\"},\"image\":{\"@id\":\"https:\\\/\\\/lospoliticosveracruz.com\\\/#\\\/schema\\\/logo\\\/image\\\/\"},\"sameAs\":[\"https:\\\/\\\/www.facebook.com\\\/people\\\/Notimemes-de-los-Polticos\\\/61565672886568\\\/\",\"https:\\\/\\\/x.com\\\/LosPoliticosVer\"]},{\"@type\":\"Person\",\"@id\":\"https:\\\/\\\/lospoliticosveracruz.com\\\/#\\\/schema\\\/person\\\/b8702bb0e538456e6efd07080bf2a4a2\",\"name\":\"Lo viste en Los Pol\u00edticos\",\"image\":{\"@type\":\"ImageObject\",\"inLanguage\":\"es\",\"@id\":\"https:\\\/\\\/secure.gravatar.com\\\/avatar\\\/3a8de04a2656d44082be478bd6c086daa447c4651605818287b9532d3d0bd435?s=96&d=mm&r=g\",\"url\":\"https:\\\/\\\/secure.gravatar.com\\\/avatar\\\/3a8de04a2656d44082be478bd6c086daa447c4651605818287b9532d3d0bd435?s=96&d=mm&r=g\",\"contentUrl\":\"https:\\\/\\\/secure.gravatar.com\\\/avatar\\\/3a8de04a2656d44082be478bd6c086daa447c4651605818287b9532d3d0bd435?s=96&d=mm&r=g\",\"caption\":\"Lo viste en Los Pol\u00edticos\"},\"url\":\"https:\\\/\\\/lospoliticosveracruz.com\\\/?author=2\"}]}<\/script>\n<!-- \/ Yoast SEO plugin. -->","yoast_head_json":{"title":"FIDEL, EL PUEBLO TE RECORDAR\u00c1 SIEMPRE - Los pol\u00edticos Veracruz","robots":{"index":"index","follow":"follow","max-snippet":"max-snippet:-1","max-image-preview":"max-image-preview:large","max-video-preview":"max-video-preview:-1"},"canonical":"https:\/\/lospoliticosveracruz.com\/?p=143364","og_locale":"es_ES","og_type":"article","og_title":"FIDEL, EL PUEBLO TE RECORDAR\u00c1 SIEMPRE - Los pol\u00edticos Veracruz","og_description":"[S\u00edguenos ahora tambi\u00e9n en WhatsApp.\u00a0Da clic aqu\u00ed]Fanny Y\u00e9pezLa Columna Seg\u00fan estimaciones de la House of Scientific Research, las probabilidades de obtener el premio mayor de la Loter\u00eda en M\u00e9xico son de una en seis millones, esto poco menos de la poblaci\u00f3n que tiene el estado de Veracruz. Sin embargo, para el exgobernador priista de Veracruz, [&hellip;]","og_url":"https:\/\/lospoliticosveracruz.com\/?p=143364","og_site_name":"Los pol\u00edticos Veracruz","article_publisher":"https:\/\/www.facebook.com\/people\/Notimemes-de-los-Polticos\/61565672886568\/","article_published_time":"2025-05-03T14:00:19+00:00","article_modified_time":"2025-05-03T14:00:48+00:00","og_image":[{"width":600,"height":320,"url":"https:\/\/lospoliticosveracruz.com\/wp-content\/uploads\/2025\/04\/Fanny-Yepez-Luna-e1768657334923.jpg","type":"image\/jpeg"}],"author":"Lo viste en Los Pol\u00edticos","twitter_card":"summary_large_image","twitter_creator":"@LosPoliticosVer","twitter_site":"@LosPoliticosVer","twitter_misc":{"Escrito por":"Lo viste en Los Pol\u00edticos","Tiempo de lectura":"6 minutos"},"schema":{"@context":"https:\/\/schema.org","@graph":[{"@type":"Article","@id":"https:\/\/lospoliticosveracruz.com\/?p=143364#article","isPartOf":{"@id":"https:\/\/lospoliticosveracruz.com\/?p=143364"},"author":{"name":"Lo viste en Los Pol\u00edticos","@id":"https:\/\/lospoliticosveracruz.com\/#\/schema\/person\/b8702bb0e538456e6efd07080bf2a4a2"},"headline":"FIDEL, EL PUEBLO TE RECORDAR\u00c1 SIEMPRE","datePublished":"2025-05-03T14:00:19+00:00","dateModified":"2025-05-03T14:00:48+00:00","mainEntityOfPage":{"@id":"https:\/\/lospoliticosveracruz.com\/?p=143364"},"wordCount":1232,"publisher":{"@id":"https:\/\/lospoliticosveracruz.com\/#organization"},"image":{"@id":"https:\/\/lospoliticosveracruz.com\/?p=143364#primaryimage"},"thumbnailUrl":"https:\/\/lospoliticosveracruz.com\/wp-content\/uploads\/2025\/04\/Fanny-Yepez-Luna-e1768657334923.jpg","keywords":["Coatepec","Fidel Herrera Beltr\u00e1n","Morena","Nacho Luna","Veracruz"],"articleSection":["De Opini\u00f3n"],"inLanguage":"es"},{"@type":"WebPage","@id":"https:\/\/lospoliticosveracruz.com\/?p=143364","url":"https:\/\/lospoliticosveracruz.com\/?p=143364","name":"FIDEL, EL PUEBLO TE RECORDAR\u00c1 SIEMPRE - Los pol\u00edticos Veracruz","isPartOf":{"@id":"https:\/\/lospoliticosveracruz.com\/#website"},"primaryImageOfPage":{"@id":"https:\/\/lospoliticosveracruz.com\/?p=143364#primaryimage"},"image":{"@id":"https:\/\/lospoliticosveracruz.com\/?p=143364#primaryimage"},"thumbnailUrl":"https:\/\/lospoliticosveracruz.com\/wp-content\/uploads\/2025\/04\/Fanny-Yepez-Luna-e1768657334923.jpg","datePublished":"2025-05-03T14:00:19+00:00","dateModified":"2025-05-03T14:00:48+00:00","breadcrumb":{"@id":"https:\/\/lospoliticosveracruz.com\/?p=143364#breadcrumb"},"inLanguage":"es","potentialAction":[{"@type":"ReadAction","target":["https:\/\/lospoliticosveracruz.com\/?p=143364"]}]},{"@type":"ImageObject","inLanguage":"es","@id":"https:\/\/lospoliticosveracruz.com\/?p=143364#primaryimage","url":"https:\/\/lospoliticosveracruz.com\/wp-content\/uploads\/2025\/04\/Fanny-Yepez-Luna-e1768657334923.jpg","contentUrl":"https:\/\/lospoliticosveracruz.com\/wp-content\/uploads\/2025\/04\/Fanny-Yepez-Luna-e1768657334923.jpg","width":600,"height":320},{"@type":"BreadcrumbList","@id":"https:\/\/lospoliticosveracruz.com\/?p=143364#breadcrumb","itemListElement":[{"@type":"ListItem","position":1,"name":"Portada","item":"https:\/\/lospoliticosveracruz.com\/"},{"@type":"ListItem","position":2,"name":"FIDEL, EL PUEBLO TE RECORDAR\u00c1 SIEMPRE"}]},{"@type":"WebSite","@id":"https:\/\/lospoliticosveracruz.com\/#website","url":"https:\/\/lospoliticosveracruz.com\/","name":"Los pol\u00edticos Veracruz","description":"","publisher":{"@id":"https:\/\/lospoliticosveracruz.com\/#organization"},"potentialAction":[{"@type":"SearchAction","target":{"@type":"EntryPoint","urlTemplate":"https:\/\/lospoliticosveracruz.com\/?s={search_term_string}"},"query-input":{"@type":"PropertyValueSpecification","valueRequired":true,"valueName":"search_term_string"}}],"inLanguage":"es"},{"@type":"Organization","@id":"https:\/\/lospoliticosveracruz.com\/#organization","name":"Los pol\u00edticos Veracruz","url":"https:\/\/lospoliticosveracruz.com\/","logo":{"@type":"ImageObject","inLanguage":"es","@id":"https:\/\/lospoliticosveracruz.com\/#\/schema\/logo\/image\/","url":"https:\/\/lospoliticosveracruz.com\/wp-content\/uploads\/2025\/12\/Logo-Nuevo-LOS-POLITICOS-1.jpg","contentUrl":"https:\/\/lospoliticosveracruz.com\/wp-content\/uploads\/2025\/12\/Logo-Nuevo-LOS-POLITICOS-1.jpg","width":260,"height":70,"caption":"Los pol\u00edticos Veracruz"},"image":{"@id":"https:\/\/lospoliticosveracruz.com\/#\/schema\/logo\/image\/"},"sameAs":["https:\/\/www.facebook.com\/people\/Notimemes-de-los-Polticos\/61565672886568\/","https:\/\/x.com\/LosPoliticosVer"]},{"@type":"Person","@id":"https:\/\/lospoliticosveracruz.com\/#\/schema\/person\/b8702bb0e538456e6efd07080bf2a4a2","name":"Lo viste en Los Pol\u00edticos","image":{"@type":"ImageObject","inLanguage":"es","@id":"https:\/\/secure.gravatar.com\/avatar\/3a8de04a2656d44082be478bd6c086daa447c4651605818287b9532d3d0bd435?s=96&d=mm&r=g","url":"https:\/\/secure.gravatar.com\/avatar\/3a8de04a2656d44082be478bd6c086daa447c4651605818287b9532d3d0bd435?s=96&d=mm&r=g","contentUrl":"https:\/\/secure.gravatar.com\/avatar\/3a8de04a2656d44082be478bd6c086daa447c4651605818287b9532d3d0bd435?s=96&d=mm&r=g","caption":"Lo viste en Los Pol\u00edticos"},"url":"https:\/\/lospoliticosveracruz.com\/?author=2"}]}},"_links":{"self":[{"href":"https:\/\/lospoliticosveracruz.com\/index.php?rest_route=\/wp\/v2\/posts\/143364","targetHints":{"allow":["GET"]}}],"collection":[{"href":"https:\/\/lospoliticosveracruz.com\/index.php?rest_route=\/wp\/v2\/posts"}],"about":[{"href":"https:\/\/lospoliticosveracruz.com\/index.php?rest_route=\/wp\/v2\/types\/post"}],"author":[{"embeddable":true,"href":"https:\/\/lospoliticosveracruz.com\/index.php?rest_route=\/wp\/v2\/users\/2"}],"replies":[{"embeddable":true,"href":"https:\/\/lospoliticosveracruz.com\/index.php?rest_route=%2Fwp%2Fv2%2Fcomments&post=143364"}],"version-history":[{"count":1,"href":"https:\/\/lospoliticosveracruz.com\/index.php?rest_route=\/wp\/v2\/posts\/143364\/revisions"}],"predecessor-version":[{"id":143365,"href":"https:\/\/lospoliticosveracruz.com\/index.php?rest_route=\/wp\/v2\/posts\/143364\/revisions\/143365"}],"wp:featuredmedia":[{"embeddable":true,"href":"https:\/\/lospoliticosveracruz.com\/index.php?rest_route=\/wp\/v2\/media\/141383"}],"wp:attachment":[{"href":"https:\/\/lospoliticosveracruz.com\/index.php?rest_route=%2Fwp%2Fv2%2Fmedia&parent=143364"}],"wp:term":[{"taxonomy":"category","embeddable":true,"href":"https:\/\/lospoliticosveracruz.com\/index.php?rest_route=%2Fwp%2Fv2%2Fcategories&post=143364"},{"taxonomy":"post_tag","embeddable":true,"href":"https:\/\/lospoliticosveracruz.com\/index.php?rest_route=%2Fwp%2Fv2%2Ftags&post=143364"}],"curies":[{"name":"wp","href":"https:\/\/api.w.org\/{rel}","templated":true}]}}