{"id":143366,"date":"2025-05-03T09:35:31","date_gmt":"2025-05-03T14:35:31","guid":{"rendered":"https:\/\/lospoliticosveracruz.com.mx\/?p=143366"},"modified":"2025-05-03T09:35:45","modified_gmt":"2025-05-03T14:35:45","slug":"en-el-dia-mundial-de-la-libertad-de-prensa-es-inevitable-mirar-hacia-adentro","status":"publish","type":"post","link":"https:\/\/lospoliticosveracruz.com\/?p=143366","title":{"rendered":"EN EL D\u00cdA MUNDIAL DE LA LIBERTAD DE PRENSA ES INEVITABLE MIRAR HACIA ADENTRO"},"content":{"rendered":"\n<p><br>[S\u00edguenos ahora tambi\u00e9n en WhatsApp.\u00a0<a href=\"https:\/\/whatsapp.com\/channel\/0029Va8zRWlEKyZIP3Z1dF0e\"><strong><em>Da clic aqu\u00ed<\/em><\/strong><\/a>]\u00a0<\/p>\n\n\n\n<p><strong>Ram\u00f3n Alberto Reyes Viveros<\/strong><\/p>\n\n\n\n<p><em>Zoociedad An\u00f3nima<\/em><\/p>\n\n\n\n<p>M\u00e9xico vive una paradoja: conmemoramos la libertad mientras desde el poder se redactan reformas que, en los hechos, pretenden acallarla. La iniciativa para modificar la Ley Federal de Telecomunicaciones y Radiodifusi\u00f3n, impulsada desde el Ejecutivo, es un claro ejemplo de c\u00f3mo se pueden usar las instituciones para debilitar a la democracia bajo el discurso de fortalecerla.<\/p>\n\n\n\n<p>Ant\u00f3nio Guterres, secretario general de la ONU, lo advirti\u00f3 hoy con claridad: sin libertad de prensa, no hay justicia ni rendici\u00f3n de cuentas. Y es justamente esa rendici\u00f3n de cuentas la que parece incomodar a quienes proponen esta reforma que permitir\u00eda bloquear plataformas digitales, disolver \u00f3rganos aut\u00f3nomos y otorgar al gobierno la capacidad de determinar qu\u00e9 contenidos se consideran \u201cpropaganda extranjera\u201d.<\/p>\n\n\n\n<p>Veo desde el Senado de la Rep\u00fablica \u2014donde se intent\u00f3 un fast track que afortunadamente fue contenido\u2014 observamos con preocupaci\u00f3n c\u00f3mo esta reforma no busca regular, sino someter. La narrativa oficial insiste en que las libertades est\u00e1n garantizadas, pero los hechos apuntan a otra direcci\u00f3n: a una concentraci\u00f3n peligrosa de poder en una sola voz, en un solo canal, en una sola l\u00ednea editorial.<\/p>\n\n\n\n<p>No estamos ante un simple cambio normativo, estamos ante la posibilidad real de un retroceso hist\u00f3rico en materia de derechos. Enrique Krauze lo resumi\u00f3 con precisi\u00f3n: el objetivo no es regular las redes, es dominarlas. Y eso \u2014para quienes hemos defendido la pluralidad desde trincheras diversas\u2014 es inaceptable.<\/p>\n\n\n\n<p>La discusi\u00f3n apenas comienza, y m\u00e1s all\u00e1 del terreno jur\u00eddico, lo que est\u00e1 en juego es el alma democr\u00e1tica de este pa\u00eds. Desde mi posici\u00f3n, reitero mi compromiso con la libertad de expresi\u00f3n, la autonom\u00eda de los \u00f3rganos reguladores y la defensa de los contrapesos.<\/p>\n\n\n\n<p>Porque en esta hora de definiciones, guardar silencio es ser c\u00f3mplice. Y no lo seremos.<\/p>\n\n\n\n<p>Hoy tambi\u00e9n es momento de reconocer a quienes, todos los d\u00edas, eligen ejercer la libertad de prensa con profesionalismo, rigor y valent\u00eda.<br>A los due\u00f1os de medios, a las y los columnistas, locutores, reporteros, fotoperiodistas y comunicadores de medios formales y alternativos, que informan con responsabilidad y compromiso, incluso enfrentando represalias criminales, amenazas econ\u00f3micas o la represi\u00f3n directa de gobiernos autoritarios y caciques regionales que a\u00fan sue\u00f1an con dictar titulares desde el poder.<\/p>\n\n\n\n<p>Gracias por sostener la verdad en alto, a\u00fan cuando hacerlo cuesta caro.<\/p>\n\n\n\n<p>Mi reconocimiento y abrazo para todos.<\/p>\n","protected":false},"excerpt":{"rendered":"<p>[S\u00edguenos ahora tambi\u00e9n en WhatsApp.\u00a0Da clic aqu\u00ed]\u00a0 Ram\u00f3n Alberto Reyes Viveros Zoociedad An\u00f3nima M\u00e9xico vive una paradoja: conmemoramos la libertad mientras desde el poder se redactan reformas que, en los hechos, pretenden acallarla. La iniciativa para modificar la Ley Federal de Telecomunicaciones y Radiodifusi\u00f3n, impulsada desde el Ejecutivo, es un claro ejemplo de c\u00f3mo se [&hellip;]<\/p>\n","protected":false},"author":2,"featured_media":143367,"comment_status":"closed","ping_status":"closed","sticky":false,"template":"","format":"standard","meta":{"tdm_status":"","tdm_grid_status":"","footnotes":""},"categories":[70],"tags":[12120,43742,2140,43743,6540],"class_list":{"0":"post-143366","1":"post","2":"type-post","3":"status-publish","4":"format-standard","5":"has-post-thumbnail","7":"category-de-opinion","8":"tag-columnistas","9":"tag-ley-federal-de-telecomunicaciones-y-radiodifusion","10":"tag-libertad-de-prensa","11":"tag-locutores","12":"tag-reporteros"},"yoast_head":"<!-- This site is optimized with the Yoast SEO plugin v27.4 - https:\/\/yoast.com\/product\/yoast-seo-wordpress\/ -->\n<title>EN EL D\u00cdA MUNDIAL DE LA LIBERTAD DE PRENSA ES INEVITABLE MIRAR HACIA ADENTRO - Los pol\u00edticos Veracruz<\/title>\n<meta name=\"robots\" content=\"index, follow, max-snippet:-1, max-image-preview:large, max-video-preview:-1\" \/>\n<link rel=\"canonical\" href=\"https:\/\/lospoliticosveracruz.com\/?p=143366\" \/>\n<meta property=\"og:locale\" content=\"es_ES\" \/>\n<meta property=\"og:type\" content=\"article\" \/>\n<meta property=\"og:title\" content=\"EN EL D\u00cdA MUNDIAL DE LA LIBERTAD DE PRENSA ES INEVITABLE MIRAR HACIA ADENTRO - Los pol\u00edticos Veracruz\" \/>\n<meta property=\"og:description\" content=\"[S\u00edguenos ahora tambi\u00e9n en WhatsApp.\u00a0Da clic aqu\u00ed]\u00a0 Ram\u00f3n Alberto Reyes Viveros Zoociedad An\u00f3nima M\u00e9xico vive una paradoja: conmemoramos la libertad mientras desde el poder se redactan reformas que, en los hechos, pretenden acallarla. La iniciativa para modificar la Ley Federal de Telecomunicaciones y Radiodifusi\u00f3n, impulsada desde el Ejecutivo, es un claro ejemplo de c\u00f3mo se [&hellip;]\" \/>\n<meta property=\"og:url\" content=\"https:\/\/lospoliticosveracruz.com\/?p=143366\" \/>\n<meta property=\"og:site_name\" content=\"Los pol\u00edticos Veracruz\" \/>\n<meta property=\"article:publisher\" content=\"https:\/\/www.facebook.com\/people\/Notimemes-de-los-Polticos\/61565672886568\/\" \/>\n<meta property=\"article:published_time\" content=\"2025-05-03T14:35:31+00:00\" \/>\n<meta property=\"article:modified_time\" content=\"2025-05-03T14:35:45+00:00\" \/>\n<meta property=\"og:image\" content=\"https:\/\/lospoliticosveracruz.com\/wp-content\/uploads\/2025\/05\/Ramon-Alberto.jpg\" \/>\n\t<meta property=\"og:image:width\" content=\"600\" \/>\n\t<meta property=\"og:image:height\" content=\"320\" \/>\n\t<meta property=\"og:image:type\" content=\"image\/jpeg\" \/>\n<meta name=\"author\" content=\"Lo viste en Los Pol\u00edticos\" \/>\n<meta name=\"twitter:card\" content=\"summary_large_image\" \/>\n<meta name=\"twitter:creator\" content=\"@LosPoliticosVer\" \/>\n<meta name=\"twitter:site\" content=\"@LosPoliticosVer\" \/>\n<meta name=\"twitter:label1\" content=\"Escrito por\" \/>\n\t<meta name=\"twitter:data1\" content=\"Lo viste en Los Pol\u00edticos\" \/>\n\t<meta name=\"twitter:label2\" content=\"Tiempo de lectura\" \/>\n\t<meta name=\"twitter:data2\" content=\"2 minutos\" \/>\n<script type=\"application\/ld+json\" class=\"yoast-schema-graph\">{\"@context\":\"https:\\\/\\\/schema.org\",\"@graph\":[{\"@type\":\"Article\",\"@id\":\"https:\\\/\\\/lospoliticosveracruz.com\\\/?p=143366#article\",\"isPartOf\":{\"@id\":\"https:\\\/\\\/lospoliticosveracruz.com\\\/?p=143366\"},\"author\":{\"name\":\"Lo viste en Los Pol\u00edticos\",\"@id\":\"https:\\\/\\\/lospoliticosveracruz.com\\\/#\\\/schema\\\/person\\\/b8702bb0e538456e6efd07080bf2a4a2\"},\"headline\":\"EN EL D\u00cdA MUNDIAL DE LA LIBERTAD DE PRENSA ES INEVITABLE MIRAR HACIA ADENTRO\",\"datePublished\":\"2025-05-03T14:35:31+00:00\",\"dateModified\":\"2025-05-03T14:35:45+00:00\",\"mainEntityOfPage\":{\"@id\":\"https:\\\/\\\/lospoliticosveracruz.com\\\/?p=143366\"},\"wordCount\":448,\"publisher\":{\"@id\":\"https:\\\/\\\/lospoliticosveracruz.com\\\/#organization\"},\"image\":{\"@id\":\"https:\\\/\\\/lospoliticosveracruz.com\\\/?p=143366#primaryimage\"},\"thumbnailUrl\":\"https:\\\/\\\/lospoliticosveracruz.com\\\/wp-content\\\/uploads\\\/2025\\\/05\\\/Ramon-Alberto.jpg\",\"keywords\":[\"columnistas\",\"Ley Federal de Telecomunicaciones y Radiodifusi\u00f3n\",\"Libertad de prensa\",\"locutores\",\"Reporteros\"],\"articleSection\":[\"De Opini\u00f3n\"],\"inLanguage\":\"es\"},{\"@type\":\"WebPage\",\"@id\":\"https:\\\/\\\/lospoliticosveracruz.com\\\/?p=143366\",\"url\":\"https:\\\/\\\/lospoliticosveracruz.com\\\/?p=143366\",\"name\":\"EN EL D\u00cdA MUNDIAL DE LA LIBERTAD DE PRENSA ES INEVITABLE MIRAR HACIA ADENTRO - Los pol\u00edticos Veracruz\",\"isPartOf\":{\"@id\":\"https:\\\/\\\/lospoliticosveracruz.com\\\/#website\"},\"primaryImageOfPage\":{\"@id\":\"https:\\\/\\\/lospoliticosveracruz.com\\\/?p=143366#primaryimage\"},\"image\":{\"@id\":\"https:\\\/\\\/lospoliticosveracruz.com\\\/?p=143366#primaryimage\"},\"thumbnailUrl\":\"https:\\\/\\\/lospoliticosveracruz.com\\\/wp-content\\\/uploads\\\/2025\\\/05\\\/Ramon-Alberto.jpg\",\"datePublished\":\"2025-05-03T14:35:31+00:00\",\"dateModified\":\"2025-05-03T14:35:45+00:00\",\"breadcrumb\":{\"@id\":\"https:\\\/\\\/lospoliticosveracruz.com\\\/?p=143366#breadcrumb\"},\"inLanguage\":\"es\",\"potentialAction\":[{\"@type\":\"ReadAction\",\"target\":[\"https:\\\/\\\/lospoliticosveracruz.com\\\/?p=143366\"]}]},{\"@type\":\"ImageObject\",\"inLanguage\":\"es\",\"@id\":\"https:\\\/\\\/lospoliticosveracruz.com\\\/?p=143366#primaryimage\",\"url\":\"https:\\\/\\\/lospoliticosveracruz.com\\\/wp-content\\\/uploads\\\/2025\\\/05\\\/Ramon-Alberto.jpg\",\"contentUrl\":\"https:\\\/\\\/lospoliticosveracruz.com\\\/wp-content\\\/uploads\\\/2025\\\/05\\\/Ramon-Alberto.jpg\",\"width\":600,\"height\":320},{\"@type\":\"BreadcrumbList\",\"@id\":\"https:\\\/\\\/lospoliticosveracruz.com\\\/?p=143366#breadcrumb\",\"itemListElement\":[{\"@type\":\"ListItem\",\"position\":1,\"name\":\"Portada\",\"item\":\"https:\\\/\\\/lospoliticosveracruz.com\\\/\"},{\"@type\":\"ListItem\",\"position\":2,\"name\":\"EN EL D\u00cdA MUNDIAL DE LA LIBERTAD DE PRENSA ES INEVITABLE MIRAR HACIA ADENTRO\"}]},{\"@type\":\"WebSite\",\"@id\":\"https:\\\/\\\/lospoliticosveracruz.com\\\/#website\",\"url\":\"https:\\\/\\\/lospoliticosveracruz.com\\\/\",\"name\":\"Los pol\u00edticos Veracruz\",\"description\":\"\",\"publisher\":{\"@id\":\"https:\\\/\\\/lospoliticosveracruz.com\\\/#organization\"},\"potentialAction\":[{\"@type\":\"SearchAction\",\"target\":{\"@type\":\"EntryPoint\",\"urlTemplate\":\"https:\\\/\\\/lospoliticosveracruz.com\\\/?s={search_term_string}\"},\"query-input\":{\"@type\":\"PropertyValueSpecification\",\"valueRequired\":true,\"valueName\":\"search_term_string\"}}],\"inLanguage\":\"es\"},{\"@type\":\"Organization\",\"@id\":\"https:\\\/\\\/lospoliticosveracruz.com\\\/#organization\",\"name\":\"Los pol\u00edticos Veracruz\",\"url\":\"https:\\\/\\\/lospoliticosveracruz.com\\\/\",\"logo\":{\"@type\":\"ImageObject\",\"inLanguage\":\"es\",\"@id\":\"https:\\\/\\\/lospoliticosveracruz.com\\\/#\\\/schema\\\/logo\\\/image\\\/\",\"url\":\"https:\\\/\\\/lospoliticosveracruz.com\\\/wp-content\\\/uploads\\\/2025\\\/12\\\/Logo-Nuevo-LOS-POLITICOS-1.jpg\",\"contentUrl\":\"https:\\\/\\\/lospoliticosveracruz.com\\\/wp-content\\\/uploads\\\/2025\\\/12\\\/Logo-Nuevo-LOS-POLITICOS-1.jpg\",\"width\":260,\"height\":70,\"caption\":\"Los pol\u00edticos Veracruz\"},\"image\":{\"@id\":\"https:\\\/\\\/lospoliticosveracruz.com\\\/#\\\/schema\\\/logo\\\/image\\\/\"},\"sameAs\":[\"https:\\\/\\\/www.facebook.com\\\/people\\\/Notimemes-de-los-Polticos\\\/61565672886568\\\/\",\"https:\\\/\\\/x.com\\\/LosPoliticosVer\"]},{\"@type\":\"Person\",\"@id\":\"https:\\\/\\\/lospoliticosveracruz.com\\\/#\\\/schema\\\/person\\\/b8702bb0e538456e6efd07080bf2a4a2\",\"name\":\"Lo viste en Los Pol\u00edticos\",\"image\":{\"@type\":\"ImageObject\",\"inLanguage\":\"es\",\"@id\":\"https:\\\/\\\/secure.gravatar.com\\\/avatar\\\/3a8de04a2656d44082be478bd6c086daa447c4651605818287b9532d3d0bd435?s=96&d=mm&r=g\",\"url\":\"https:\\\/\\\/secure.gravatar.com\\\/avatar\\\/3a8de04a2656d44082be478bd6c086daa447c4651605818287b9532d3d0bd435?s=96&d=mm&r=g\",\"contentUrl\":\"https:\\\/\\\/secure.gravatar.com\\\/avatar\\\/3a8de04a2656d44082be478bd6c086daa447c4651605818287b9532d3d0bd435?s=96&d=mm&r=g\",\"caption\":\"Lo viste en Los Pol\u00edticos\"},\"url\":\"https:\\\/\\\/lospoliticosveracruz.com\\\/?author=2\"}]}<\/script>\n<!-- \/ Yoast SEO plugin. -->","yoast_head_json":{"title":"EN EL D\u00cdA MUNDIAL DE LA LIBERTAD DE PRENSA ES INEVITABLE MIRAR HACIA ADENTRO - Los pol\u00edticos Veracruz","robots":{"index":"index","follow":"follow","max-snippet":"max-snippet:-1","max-image-preview":"max-image-preview:large","max-video-preview":"max-video-preview:-1"},"canonical":"https:\/\/lospoliticosveracruz.com\/?p=143366","og_locale":"es_ES","og_type":"article","og_title":"EN EL D\u00cdA MUNDIAL DE LA LIBERTAD DE PRENSA ES INEVITABLE MIRAR HACIA ADENTRO - Los pol\u00edticos Veracruz","og_description":"[S\u00edguenos ahora tambi\u00e9n en WhatsApp.\u00a0Da clic aqu\u00ed]\u00a0 Ram\u00f3n Alberto Reyes Viveros Zoociedad An\u00f3nima M\u00e9xico vive una paradoja: conmemoramos la libertad mientras desde el poder se redactan reformas que, en los hechos, pretenden acallarla. La iniciativa para modificar la Ley Federal de Telecomunicaciones y Radiodifusi\u00f3n, impulsada desde el Ejecutivo, es un claro ejemplo de c\u00f3mo se [&hellip;]","og_url":"https:\/\/lospoliticosveracruz.com\/?p=143366","og_site_name":"Los pol\u00edticos Veracruz","article_publisher":"https:\/\/www.facebook.com\/people\/Notimemes-de-los-Polticos\/61565672886568\/","article_published_time":"2025-05-03T14:35:31+00:00","article_modified_time":"2025-05-03T14:35:45+00:00","og_image":[{"width":600,"height":320,"url":"https:\/\/lospoliticosveracruz.com\/wp-content\/uploads\/2025\/05\/Ramon-Alberto.jpg","type":"image\/jpeg"}],"author":"Lo viste en Los Pol\u00edticos","twitter_card":"summary_large_image","twitter_creator":"@LosPoliticosVer","twitter_site":"@LosPoliticosVer","twitter_misc":{"Escrito por":"Lo viste en Los Pol\u00edticos","Tiempo de lectura":"2 minutos"},"schema":{"@context":"https:\/\/schema.org","@graph":[{"@type":"Article","@id":"https:\/\/lospoliticosveracruz.com\/?p=143366#article","isPartOf":{"@id":"https:\/\/lospoliticosveracruz.com\/?p=143366"},"author":{"name":"Lo viste en Los Pol\u00edticos","@id":"https:\/\/lospoliticosveracruz.com\/#\/schema\/person\/b8702bb0e538456e6efd07080bf2a4a2"},"headline":"EN EL D\u00cdA MUNDIAL DE LA LIBERTAD DE PRENSA ES INEVITABLE MIRAR HACIA ADENTRO","datePublished":"2025-05-03T14:35:31+00:00","dateModified":"2025-05-03T14:35:45+00:00","mainEntityOfPage":{"@id":"https:\/\/lospoliticosveracruz.com\/?p=143366"},"wordCount":448,"publisher":{"@id":"https:\/\/lospoliticosveracruz.com\/#organization"},"image":{"@id":"https:\/\/lospoliticosveracruz.com\/?p=143366#primaryimage"},"thumbnailUrl":"https:\/\/lospoliticosveracruz.com\/wp-content\/uploads\/2025\/05\/Ramon-Alberto.jpg","keywords":["columnistas","Ley Federal de Telecomunicaciones y Radiodifusi\u00f3n","Libertad de prensa","locutores","Reporteros"],"articleSection":["De Opini\u00f3n"],"inLanguage":"es"},{"@type":"WebPage","@id":"https:\/\/lospoliticosveracruz.com\/?p=143366","url":"https:\/\/lospoliticosveracruz.com\/?p=143366","name":"EN EL D\u00cdA MUNDIAL DE LA LIBERTAD DE PRENSA ES INEVITABLE MIRAR HACIA ADENTRO - Los pol\u00edticos Veracruz","isPartOf":{"@id":"https:\/\/lospoliticosveracruz.com\/#website"},"primaryImageOfPage":{"@id":"https:\/\/lospoliticosveracruz.com\/?p=143366#primaryimage"},"image":{"@id":"https:\/\/lospoliticosveracruz.com\/?p=143366#primaryimage"},"thumbnailUrl":"https:\/\/lospoliticosveracruz.com\/wp-content\/uploads\/2025\/05\/Ramon-Alberto.jpg","datePublished":"2025-05-03T14:35:31+00:00","dateModified":"2025-05-03T14:35:45+00:00","breadcrumb":{"@id":"https:\/\/lospoliticosveracruz.com\/?p=143366#breadcrumb"},"inLanguage":"es","potentialAction":[{"@type":"ReadAction","target":["https:\/\/lospoliticosveracruz.com\/?p=143366"]}]},{"@type":"ImageObject","inLanguage":"es","@id":"https:\/\/lospoliticosveracruz.com\/?p=143366#primaryimage","url":"https:\/\/lospoliticosveracruz.com\/wp-content\/uploads\/2025\/05\/Ramon-Alberto.jpg","contentUrl":"https:\/\/lospoliticosveracruz.com\/wp-content\/uploads\/2025\/05\/Ramon-Alberto.jpg","width":600,"height":320},{"@type":"BreadcrumbList","@id":"https:\/\/lospoliticosveracruz.com\/?p=143366#breadcrumb","itemListElement":[{"@type":"ListItem","position":1,"name":"Portada","item":"https:\/\/lospoliticosveracruz.com\/"},{"@type":"ListItem","position":2,"name":"EN EL D\u00cdA MUNDIAL DE LA LIBERTAD DE PRENSA ES INEVITABLE MIRAR HACIA ADENTRO"}]},{"@type":"WebSite","@id":"https:\/\/lospoliticosveracruz.com\/#website","url":"https:\/\/lospoliticosveracruz.com\/","name":"Los pol\u00edticos Veracruz","description":"","publisher":{"@id":"https:\/\/lospoliticosveracruz.com\/#organization"},"potentialAction":[{"@type":"SearchAction","target":{"@type":"EntryPoint","urlTemplate":"https:\/\/lospoliticosveracruz.com\/?s={search_term_string}"},"query-input":{"@type":"PropertyValueSpecification","valueRequired":true,"valueName":"search_term_string"}}],"inLanguage":"es"},{"@type":"Organization","@id":"https:\/\/lospoliticosveracruz.com\/#organization","name":"Los pol\u00edticos Veracruz","url":"https:\/\/lospoliticosveracruz.com\/","logo":{"@type":"ImageObject","inLanguage":"es","@id":"https:\/\/lospoliticosveracruz.com\/#\/schema\/logo\/image\/","url":"https:\/\/lospoliticosveracruz.com\/wp-content\/uploads\/2025\/12\/Logo-Nuevo-LOS-POLITICOS-1.jpg","contentUrl":"https:\/\/lospoliticosveracruz.com\/wp-content\/uploads\/2025\/12\/Logo-Nuevo-LOS-POLITICOS-1.jpg","width":260,"height":70,"caption":"Los pol\u00edticos Veracruz"},"image":{"@id":"https:\/\/lospoliticosveracruz.com\/#\/schema\/logo\/image\/"},"sameAs":["https:\/\/www.facebook.com\/people\/Notimemes-de-los-Polticos\/61565672886568\/","https:\/\/x.com\/LosPoliticosVer"]},{"@type":"Person","@id":"https:\/\/lospoliticosveracruz.com\/#\/schema\/person\/b8702bb0e538456e6efd07080bf2a4a2","name":"Lo viste en Los Pol\u00edticos","image":{"@type":"ImageObject","inLanguage":"es","@id":"https:\/\/secure.gravatar.com\/avatar\/3a8de04a2656d44082be478bd6c086daa447c4651605818287b9532d3d0bd435?s=96&d=mm&r=g","url":"https:\/\/secure.gravatar.com\/avatar\/3a8de04a2656d44082be478bd6c086daa447c4651605818287b9532d3d0bd435?s=96&d=mm&r=g","contentUrl":"https:\/\/secure.gravatar.com\/avatar\/3a8de04a2656d44082be478bd6c086daa447c4651605818287b9532d3d0bd435?s=96&d=mm&r=g","caption":"Lo viste en Los Pol\u00edticos"},"url":"https:\/\/lospoliticosveracruz.com\/?author=2"}]}},"_links":{"self":[{"href":"https:\/\/lospoliticosveracruz.com\/index.php?rest_route=\/wp\/v2\/posts\/143366","targetHints":{"allow":["GET"]}}],"collection":[{"href":"https:\/\/lospoliticosveracruz.com\/index.php?rest_route=\/wp\/v2\/posts"}],"about":[{"href":"https:\/\/lospoliticosveracruz.com\/index.php?rest_route=\/wp\/v2\/types\/post"}],"author":[{"embeddable":true,"href":"https:\/\/lospoliticosveracruz.com\/index.php?rest_route=\/wp\/v2\/users\/2"}],"replies":[{"embeddable":true,"href":"https:\/\/lospoliticosveracruz.com\/index.php?rest_route=%2Fwp%2Fv2%2Fcomments&post=143366"}],"version-history":[{"count":2,"href":"https:\/\/lospoliticosveracruz.com\/index.php?rest_route=\/wp\/v2\/posts\/143366\/revisions"}],"predecessor-version":[{"id":143369,"href":"https:\/\/lospoliticosveracruz.com\/index.php?rest_route=\/wp\/v2\/posts\/143366\/revisions\/143369"}],"wp:featuredmedia":[{"embeddable":true,"href":"https:\/\/lospoliticosveracruz.com\/index.php?rest_route=\/wp\/v2\/media\/143367"}],"wp:attachment":[{"href":"https:\/\/lospoliticosveracruz.com\/index.php?rest_route=%2Fwp%2Fv2%2Fmedia&parent=143366"}],"wp:term":[{"taxonomy":"category","embeddable":true,"href":"https:\/\/lospoliticosveracruz.com\/index.php?rest_route=%2Fwp%2Fv2%2Fcategories&post=143366"},{"taxonomy":"post_tag","embeddable":true,"href":"https:\/\/lospoliticosveracruz.com\/index.php?rest_route=%2Fwp%2Fv2%2Ftags&post=143366"}],"curies":[{"name":"wp","href":"https:\/\/api.w.org\/{rel}","templated":true}]}}