{"id":143395,"date":"2025-05-03T20:05:55","date_gmt":"2025-05-04T01:05:55","guid":{"rendered":"https:\/\/lospoliticosveracruz.com.mx\/?p=143395"},"modified":"2025-05-03T20:06:59","modified_gmt":"2025-05-04T01:06:59","slug":"desarrollo-urbano-inteligente-con-daniela","status":"publish","type":"post","link":"https:\/\/lospoliticosveracruz.com\/?p=143395","title":{"rendered":"DESARROLLO URBANO INTELIGENTE CON DANIELA!"},"content":{"rendered":"\n<p>[S\u00edguenos ahora tambi\u00e9n en WhatsApp.\u00a0<a href=\"https:\/\/whatsapp.com\/channel\/0029Va8zRWlEKyZIP3Z1dF0e\"><strong><em>Da clic aqu\u00ed<\/em><\/strong><\/a>]\u00a0<\/p>\n\n\n\n<p><em>Xalapa<\/em>: Acompa\u00f1ada de su planilla y de personas que se han sumado en estos d\u00edas de actividades proselitistas al proyecto de la Cuarta Transformaci\u00f3n por Xalapa, la candidata de la coalici\u00f3n Sigamos Haciendo Historia, Daniela Griego Ceballos, se reuni\u00f3 la ma\u00f1ana de este s\u00e1bado con vecinas y vecinos de la colonia Constituyentes y la Unidad Habitacional Agua Santa 2; les plante\u00f3 lo fundamental que ser\u00e1 su activa participaci\u00f3n en la toma de decisiones para las pol\u00edticas p\u00fablicas municipales y el desarrollo de la ciudad.<\/p>\n\n\n\n<p>Con atenci\u00f3n les escuch\u00f3 y recogi\u00f3 apuntes sobre las necesidades e inquietudes para su integraci\u00f3n a los programas de gobierno municipal y que las familias vivan en una mejor ciudad.<\/p>\n\n\n\n<p>Al respecto, destac\u00f3 que se promover\u00e1 participaci\u00f3n ciudadana para la defensa de los derechos y el bienestar de las infancias, juventudes, mujeres, hombres, personas adultas mayores, personas con discapacidad y de la comunidad de la diversidad sexogen\u00e9rica.<\/p>\n\n\n\n<p>\u201cY se mejorar\u00e1 la movilidad vial en el centro hist\u00f3rico (\u2026), en oficinas y edificios del Ayuntamiento la atenci\u00f3n ser\u00e1 bajo la premisa de inclusi\u00f3n\u201d, afirm\u00f3 la morenista.<\/p>\n\n\n\n<p>Tambi\u00e9n se capacitar\u00e1 al personal del gobierno municipal para brindar un trato digno, incluyente, igualitario y sin discriminaci\u00f3n en tr\u00e1mites y servicios, adem\u00e1s de otorgar asesor\u00eda legal gratuita a grupos vulnerables.<\/p>\n\n\n\n<p>Adelant\u00f3 que su administraci\u00f3n destinar\u00e1 un presupuesto para atender a la ni\u00f1ez, adolescencia, personas con discapacidad, personas adultas mayores y de la comunidad de la diversidad sexual.<\/p>\n\n\n\n<p>Asimismo, se ejecutar\u00e1n programas de atenci\u00f3n y prevenci\u00f3n de embarazos adolescentes y se promover\u00e1 la capacitaci\u00f3n a empleadores sobre la inclusi\u00f3n en lugares de trabajo.<\/p>\n\n\n\n<p>La abanderada de Morena-PVEM asegur\u00f3 que se acatar\u00e1n las recomendaciones de las alertas de g\u00e9nero, realizando en Xalapa un trabajo coordinado entre las diferentes instancias para proteger de manera integral a las mujeres v\u00edctimas de violencia.<\/p>\n\n\n\n<p>De esta forma, Daniela Griego contin\u00faa promoviendo los principios que regir\u00e1n la pr\u00f3xima administraci\u00f3n municipal, donde ella y su planilla dirigir\u00e1n pol\u00edticas p\u00fablicas con transparencia, honestidad, visi\u00f3n humanista e incluyente para que prevalezca la justicia social.<\/p>\n\n\n\n<p>Por la tarde, las brigadas de la 4T se concentraron incluso con la lluvia en la zona centro; familias expresaron confianza por el proyecto que representa para seguir impulsando la transformaci\u00f3n de Xalapa.<\/p>\n","protected":false},"excerpt":{"rendered":"<p>[S\u00edguenos ahora tambi\u00e9n en WhatsApp.\u00a0Da clic aqu\u00ed]\u00a0 Xalapa: Acompa\u00f1ada de su planilla y de personas que se han sumado en estos d\u00edas de actividades proselitistas al proyecto de la Cuarta Transformaci\u00f3n por Xalapa, la candidata de la coalici\u00f3n Sigamos Haciendo Historia, Daniela Griego Ceballos, se reuni\u00f3 la ma\u00f1ana de este s\u00e1bado con vecinas y vecinos [&hellip;]<\/p>\n","protected":false},"author":2,"featured_media":143396,"comment_status":"closed","ping_status":"closed","sticky":false,"template":"","format":"standard","meta":{"tdm_status":"","tdm_grid_status":"","footnotes":""},"categories":[73],"tags":[5622,1026,96],"class_list":{"0":"post-143395","1":"post","2":"type-post","3":"status-publish","4":"format-standard","5":"has-post-thumbnail","7":"category-de-boleto","8":"tag-daniela-griego","9":"tag-morena","10":"tag-xalapa"},"yoast_head":"<!-- This site is optimized with the Yoast SEO plugin v27.4 - https:\/\/yoast.com\/product\/yoast-seo-wordpress\/ -->\n<title>DESARROLLO URBANO INTELIGENTE CON DANIELA! - Los pol\u00edticos Veracruz<\/title>\n<meta name=\"robots\" content=\"index, follow, max-snippet:-1, max-image-preview:large, max-video-preview:-1\" \/>\n<link rel=\"canonical\" href=\"https:\/\/lospoliticosveracruz.com\/?p=143395\" \/>\n<meta property=\"og:locale\" content=\"es_ES\" \/>\n<meta property=\"og:type\" content=\"article\" \/>\n<meta property=\"og:title\" content=\"DESARROLLO URBANO INTELIGENTE CON DANIELA! - Los pol\u00edticos Veracruz\" \/>\n<meta property=\"og:description\" content=\"[S\u00edguenos ahora tambi\u00e9n en WhatsApp.\u00a0Da clic aqu\u00ed]\u00a0 Xalapa: Acompa\u00f1ada de su planilla y de personas que se han sumado en estos d\u00edas de actividades proselitistas al proyecto de la Cuarta Transformaci\u00f3n por Xalapa, la candidata de la coalici\u00f3n Sigamos Haciendo Historia, Daniela Griego Ceballos, se reuni\u00f3 la ma\u00f1ana de este s\u00e1bado con vecinas y vecinos [&hellip;]\" \/>\n<meta property=\"og:url\" content=\"https:\/\/lospoliticosveracruz.com\/?p=143395\" \/>\n<meta property=\"og:site_name\" content=\"Los pol\u00edticos Veracruz\" \/>\n<meta property=\"article:publisher\" content=\"https:\/\/www.facebook.com\/people\/Notimemes-de-los-Polticos\/61565672886568\/\" \/>\n<meta property=\"article:published_time\" content=\"2025-05-04T01:05:55+00:00\" \/>\n<meta property=\"article:modified_time\" content=\"2025-05-04T01:06:59+00:00\" \/>\n<meta property=\"og:image\" content=\"https:\/\/lospoliticosveracruz.com\/wp-content\/uploads\/2025\/05\/013aed13-de73-4319-8628-d07a5cd54966.jpeg\" \/>\n\t<meta property=\"og:image:width\" content=\"1280\" \/>\n\t<meta property=\"og:image:height\" content=\"852\" \/>\n\t<meta property=\"og:image:type\" content=\"image\/jpeg\" \/>\n<meta name=\"author\" content=\"Lo viste en Los Pol\u00edticos\" \/>\n<meta name=\"twitter:card\" content=\"summary_large_image\" \/>\n<meta name=\"twitter:creator\" content=\"@LosPoliticosVer\" \/>\n<meta name=\"twitter:site\" content=\"@LosPoliticosVer\" \/>\n<meta name=\"twitter:label1\" content=\"Escrito por\" \/>\n\t<meta name=\"twitter:data1\" content=\"Lo viste en Los Pol\u00edticos\" \/>\n\t<meta name=\"twitter:label2\" content=\"Tiempo de lectura\" \/>\n\t<meta name=\"twitter:data2\" content=\"2 minutos\" \/>\n<script type=\"application\/ld+json\" class=\"yoast-schema-graph\">{\"@context\":\"https:\\\/\\\/schema.org\",\"@graph\":[{\"@type\":\"Article\",\"@id\":\"https:\\\/\\\/lospoliticosveracruz.com\\\/?p=143395#article\",\"isPartOf\":{\"@id\":\"https:\\\/\\\/lospoliticosveracruz.com\\\/?p=143395\"},\"author\":{\"name\":\"Lo viste en Los Pol\u00edticos\",\"@id\":\"https:\\\/\\\/lospoliticosveracruz.com\\\/#\\\/schema\\\/person\\\/b8702bb0e538456e6efd07080bf2a4a2\"},\"headline\":\"DESARROLLO URBANO INTELIGENTE CON DANIELA!\",\"datePublished\":\"2025-05-04T01:05:55+00:00\",\"dateModified\":\"2025-05-04T01:06:59+00:00\",\"mainEntityOfPage\":{\"@id\":\"https:\\\/\\\/lospoliticosveracruz.com\\\/?p=143395\"},\"wordCount\":420,\"publisher\":{\"@id\":\"https:\\\/\\\/lospoliticosveracruz.com\\\/#organization\"},\"image\":{\"@id\":\"https:\\\/\\\/lospoliticosveracruz.com\\\/?p=143395#primaryimage\"},\"thumbnailUrl\":\"https:\\\/\\\/lospoliticosveracruz.com\\\/wp-content\\\/uploads\\\/2025\\\/05\\\/013aed13-de73-4319-8628-d07a5cd54966.jpeg\",\"keywords\":[\"Daniela Griego\",\"Morena\",\"Xalapa\"],\"articleSection\":[\"De Boleto\"],\"inLanguage\":\"es\"},{\"@type\":\"WebPage\",\"@id\":\"https:\\\/\\\/lospoliticosveracruz.com\\\/?p=143395\",\"url\":\"https:\\\/\\\/lospoliticosveracruz.com\\\/?p=143395\",\"name\":\"DESARROLLO URBANO INTELIGENTE CON DANIELA! - Los pol\u00edticos Veracruz\",\"isPartOf\":{\"@id\":\"https:\\\/\\\/lospoliticosveracruz.com\\\/#website\"},\"primaryImageOfPage\":{\"@id\":\"https:\\\/\\\/lospoliticosveracruz.com\\\/?p=143395#primaryimage\"},\"image\":{\"@id\":\"https:\\\/\\\/lospoliticosveracruz.com\\\/?p=143395#primaryimage\"},\"thumbnailUrl\":\"https:\\\/\\\/lospoliticosveracruz.com\\\/wp-content\\\/uploads\\\/2025\\\/05\\\/013aed13-de73-4319-8628-d07a5cd54966.jpeg\",\"datePublished\":\"2025-05-04T01:05:55+00:00\",\"dateModified\":\"2025-05-04T01:06:59+00:00\",\"breadcrumb\":{\"@id\":\"https:\\\/\\\/lospoliticosveracruz.com\\\/?p=143395#breadcrumb\"},\"inLanguage\":\"es\",\"potentialAction\":[{\"@type\":\"ReadAction\",\"target\":[\"https:\\\/\\\/lospoliticosveracruz.com\\\/?p=143395\"]}]},{\"@type\":\"ImageObject\",\"inLanguage\":\"es\",\"@id\":\"https:\\\/\\\/lospoliticosveracruz.com\\\/?p=143395#primaryimage\",\"url\":\"https:\\\/\\\/lospoliticosveracruz.com\\\/wp-content\\\/uploads\\\/2025\\\/05\\\/013aed13-de73-4319-8628-d07a5cd54966.jpeg\",\"contentUrl\":\"https:\\\/\\\/lospoliticosveracruz.com\\\/wp-content\\\/uploads\\\/2025\\\/05\\\/013aed13-de73-4319-8628-d07a5cd54966.jpeg\",\"width\":1280,\"height\":852},{\"@type\":\"BreadcrumbList\",\"@id\":\"https:\\\/\\\/lospoliticosveracruz.com\\\/?p=143395#breadcrumb\",\"itemListElement\":[{\"@type\":\"ListItem\",\"position\":1,\"name\":\"Portada\",\"item\":\"https:\\\/\\\/lospoliticosveracruz.com\\\/\"},{\"@type\":\"ListItem\",\"position\":2,\"name\":\"DESARROLLO URBANO INTELIGENTE CON DANIELA!\"}]},{\"@type\":\"WebSite\",\"@id\":\"https:\\\/\\\/lospoliticosveracruz.com\\\/#website\",\"url\":\"https:\\\/\\\/lospoliticosveracruz.com\\\/\",\"name\":\"Los pol\u00edticos Veracruz\",\"description\":\"\",\"publisher\":{\"@id\":\"https:\\\/\\\/lospoliticosveracruz.com\\\/#organization\"},\"potentialAction\":[{\"@type\":\"SearchAction\",\"target\":{\"@type\":\"EntryPoint\",\"urlTemplate\":\"https:\\\/\\\/lospoliticosveracruz.com\\\/?s={search_term_string}\"},\"query-input\":{\"@type\":\"PropertyValueSpecification\",\"valueRequired\":true,\"valueName\":\"search_term_string\"}}],\"inLanguage\":\"es\"},{\"@type\":\"Organization\",\"@id\":\"https:\\\/\\\/lospoliticosveracruz.com\\\/#organization\",\"name\":\"Los pol\u00edticos Veracruz\",\"url\":\"https:\\\/\\\/lospoliticosveracruz.com\\\/\",\"logo\":{\"@type\":\"ImageObject\",\"inLanguage\":\"es\",\"@id\":\"https:\\\/\\\/lospoliticosveracruz.com\\\/#\\\/schema\\\/logo\\\/image\\\/\",\"url\":\"https:\\\/\\\/lospoliticosveracruz.com\\\/wp-content\\\/uploads\\\/2025\\\/12\\\/Logo-Nuevo-LOS-POLITICOS-1.jpg\",\"contentUrl\":\"https:\\\/\\\/lospoliticosveracruz.com\\\/wp-content\\\/uploads\\\/2025\\\/12\\\/Logo-Nuevo-LOS-POLITICOS-1.jpg\",\"width\":260,\"height\":70,\"caption\":\"Los pol\u00edticos Veracruz\"},\"image\":{\"@id\":\"https:\\\/\\\/lospoliticosveracruz.com\\\/#\\\/schema\\\/logo\\\/image\\\/\"},\"sameAs\":[\"https:\\\/\\\/www.facebook.com\\\/people\\\/Notimemes-de-los-Polticos\\\/61565672886568\\\/\",\"https:\\\/\\\/x.com\\\/LosPoliticosVer\"]},{\"@type\":\"Person\",\"@id\":\"https:\\\/\\\/lospoliticosveracruz.com\\\/#\\\/schema\\\/person\\\/b8702bb0e538456e6efd07080bf2a4a2\",\"name\":\"Lo viste en Los Pol\u00edticos\",\"image\":{\"@type\":\"ImageObject\",\"inLanguage\":\"es\",\"@id\":\"https:\\\/\\\/secure.gravatar.com\\\/avatar\\\/3a8de04a2656d44082be478bd6c086daa447c4651605818287b9532d3d0bd435?s=96&d=mm&r=g\",\"url\":\"https:\\\/\\\/secure.gravatar.com\\\/avatar\\\/3a8de04a2656d44082be478bd6c086daa447c4651605818287b9532d3d0bd435?s=96&d=mm&r=g\",\"contentUrl\":\"https:\\\/\\\/secure.gravatar.com\\\/avatar\\\/3a8de04a2656d44082be478bd6c086daa447c4651605818287b9532d3d0bd435?s=96&d=mm&r=g\",\"caption\":\"Lo viste en Los Pol\u00edticos\"},\"url\":\"https:\\\/\\\/lospoliticosveracruz.com\\\/?author=2\"}]}<\/script>\n<!-- \/ Yoast SEO plugin. -->","yoast_head_json":{"title":"DESARROLLO URBANO INTELIGENTE CON DANIELA! - Los pol\u00edticos Veracruz","robots":{"index":"index","follow":"follow","max-snippet":"max-snippet:-1","max-image-preview":"max-image-preview:large","max-video-preview":"max-video-preview:-1"},"canonical":"https:\/\/lospoliticosveracruz.com\/?p=143395","og_locale":"es_ES","og_type":"article","og_title":"DESARROLLO URBANO INTELIGENTE CON DANIELA! - Los pol\u00edticos Veracruz","og_description":"[S\u00edguenos ahora tambi\u00e9n en WhatsApp.\u00a0Da clic aqu\u00ed]\u00a0 Xalapa: Acompa\u00f1ada de su planilla y de personas que se han sumado en estos d\u00edas de actividades proselitistas al proyecto de la Cuarta Transformaci\u00f3n por Xalapa, la candidata de la coalici\u00f3n Sigamos Haciendo Historia, Daniela Griego Ceballos, se reuni\u00f3 la ma\u00f1ana de este s\u00e1bado con vecinas y vecinos [&hellip;]","og_url":"https:\/\/lospoliticosveracruz.com\/?p=143395","og_site_name":"Los pol\u00edticos Veracruz","article_publisher":"https:\/\/www.facebook.com\/people\/Notimemes-de-los-Polticos\/61565672886568\/","article_published_time":"2025-05-04T01:05:55+00:00","article_modified_time":"2025-05-04T01:06:59+00:00","og_image":[{"width":1280,"height":852,"url":"https:\/\/lospoliticosveracruz.com\/wp-content\/uploads\/2025\/05\/013aed13-de73-4319-8628-d07a5cd54966.jpeg","type":"image\/jpeg"}],"author":"Lo viste en Los Pol\u00edticos","twitter_card":"summary_large_image","twitter_creator":"@LosPoliticosVer","twitter_site":"@LosPoliticosVer","twitter_misc":{"Escrito por":"Lo viste en Los Pol\u00edticos","Tiempo de lectura":"2 minutos"},"schema":{"@context":"https:\/\/schema.org","@graph":[{"@type":"Article","@id":"https:\/\/lospoliticosveracruz.com\/?p=143395#article","isPartOf":{"@id":"https:\/\/lospoliticosveracruz.com\/?p=143395"},"author":{"name":"Lo viste en Los Pol\u00edticos","@id":"https:\/\/lospoliticosveracruz.com\/#\/schema\/person\/b8702bb0e538456e6efd07080bf2a4a2"},"headline":"DESARROLLO URBANO INTELIGENTE CON DANIELA!","datePublished":"2025-05-04T01:05:55+00:00","dateModified":"2025-05-04T01:06:59+00:00","mainEntityOfPage":{"@id":"https:\/\/lospoliticosveracruz.com\/?p=143395"},"wordCount":420,"publisher":{"@id":"https:\/\/lospoliticosveracruz.com\/#organization"},"image":{"@id":"https:\/\/lospoliticosveracruz.com\/?p=143395#primaryimage"},"thumbnailUrl":"https:\/\/lospoliticosveracruz.com\/wp-content\/uploads\/2025\/05\/013aed13-de73-4319-8628-d07a5cd54966.jpeg","keywords":["Daniela Griego","Morena","Xalapa"],"articleSection":["De Boleto"],"inLanguage":"es"},{"@type":"WebPage","@id":"https:\/\/lospoliticosveracruz.com\/?p=143395","url":"https:\/\/lospoliticosveracruz.com\/?p=143395","name":"DESARROLLO URBANO INTELIGENTE CON DANIELA! - Los pol\u00edticos Veracruz","isPartOf":{"@id":"https:\/\/lospoliticosveracruz.com\/#website"},"primaryImageOfPage":{"@id":"https:\/\/lospoliticosveracruz.com\/?p=143395#primaryimage"},"image":{"@id":"https:\/\/lospoliticosveracruz.com\/?p=143395#primaryimage"},"thumbnailUrl":"https:\/\/lospoliticosveracruz.com\/wp-content\/uploads\/2025\/05\/013aed13-de73-4319-8628-d07a5cd54966.jpeg","datePublished":"2025-05-04T01:05:55+00:00","dateModified":"2025-05-04T01:06:59+00:00","breadcrumb":{"@id":"https:\/\/lospoliticosveracruz.com\/?p=143395#breadcrumb"},"inLanguage":"es","potentialAction":[{"@type":"ReadAction","target":["https:\/\/lospoliticosveracruz.com\/?p=143395"]}]},{"@type":"ImageObject","inLanguage":"es","@id":"https:\/\/lospoliticosveracruz.com\/?p=143395#primaryimage","url":"https:\/\/lospoliticosveracruz.com\/wp-content\/uploads\/2025\/05\/013aed13-de73-4319-8628-d07a5cd54966.jpeg","contentUrl":"https:\/\/lospoliticosveracruz.com\/wp-content\/uploads\/2025\/05\/013aed13-de73-4319-8628-d07a5cd54966.jpeg","width":1280,"height":852},{"@type":"BreadcrumbList","@id":"https:\/\/lospoliticosveracruz.com\/?p=143395#breadcrumb","itemListElement":[{"@type":"ListItem","position":1,"name":"Portada","item":"https:\/\/lospoliticosveracruz.com\/"},{"@type":"ListItem","position":2,"name":"DESARROLLO URBANO INTELIGENTE CON DANIELA!"}]},{"@type":"WebSite","@id":"https:\/\/lospoliticosveracruz.com\/#website","url":"https:\/\/lospoliticosveracruz.com\/","name":"Los pol\u00edticos Veracruz","description":"","publisher":{"@id":"https:\/\/lospoliticosveracruz.com\/#organization"},"potentialAction":[{"@type":"SearchAction","target":{"@type":"EntryPoint","urlTemplate":"https:\/\/lospoliticosveracruz.com\/?s={search_term_string}"},"query-input":{"@type":"PropertyValueSpecification","valueRequired":true,"valueName":"search_term_string"}}],"inLanguage":"es"},{"@type":"Organization","@id":"https:\/\/lospoliticosveracruz.com\/#organization","name":"Los pol\u00edticos Veracruz","url":"https:\/\/lospoliticosveracruz.com\/","logo":{"@type":"ImageObject","inLanguage":"es","@id":"https:\/\/lospoliticosveracruz.com\/#\/schema\/logo\/image\/","url":"https:\/\/lospoliticosveracruz.com\/wp-content\/uploads\/2025\/12\/Logo-Nuevo-LOS-POLITICOS-1.jpg","contentUrl":"https:\/\/lospoliticosveracruz.com\/wp-content\/uploads\/2025\/12\/Logo-Nuevo-LOS-POLITICOS-1.jpg","width":260,"height":70,"caption":"Los pol\u00edticos Veracruz"},"image":{"@id":"https:\/\/lospoliticosveracruz.com\/#\/schema\/logo\/image\/"},"sameAs":["https:\/\/www.facebook.com\/people\/Notimemes-de-los-Polticos\/61565672886568\/","https:\/\/x.com\/LosPoliticosVer"]},{"@type":"Person","@id":"https:\/\/lospoliticosveracruz.com\/#\/schema\/person\/b8702bb0e538456e6efd07080bf2a4a2","name":"Lo viste en Los Pol\u00edticos","image":{"@type":"ImageObject","inLanguage":"es","@id":"https:\/\/secure.gravatar.com\/avatar\/3a8de04a2656d44082be478bd6c086daa447c4651605818287b9532d3d0bd435?s=96&d=mm&r=g","url":"https:\/\/secure.gravatar.com\/avatar\/3a8de04a2656d44082be478bd6c086daa447c4651605818287b9532d3d0bd435?s=96&d=mm&r=g","contentUrl":"https:\/\/secure.gravatar.com\/avatar\/3a8de04a2656d44082be478bd6c086daa447c4651605818287b9532d3d0bd435?s=96&d=mm&r=g","caption":"Lo viste en Los Pol\u00edticos"},"url":"https:\/\/lospoliticosveracruz.com\/?author=2"}]}},"_links":{"self":[{"href":"https:\/\/lospoliticosveracruz.com\/index.php?rest_route=\/wp\/v2\/posts\/143395","targetHints":{"allow":["GET"]}}],"collection":[{"href":"https:\/\/lospoliticosveracruz.com\/index.php?rest_route=\/wp\/v2\/posts"}],"about":[{"href":"https:\/\/lospoliticosveracruz.com\/index.php?rest_route=\/wp\/v2\/types\/post"}],"author":[{"embeddable":true,"href":"https:\/\/lospoliticosveracruz.com\/index.php?rest_route=\/wp\/v2\/users\/2"}],"replies":[{"embeddable":true,"href":"https:\/\/lospoliticosveracruz.com\/index.php?rest_route=%2Fwp%2Fv2%2Fcomments&post=143395"}],"version-history":[{"count":1,"href":"https:\/\/lospoliticosveracruz.com\/index.php?rest_route=\/wp\/v2\/posts\/143395\/revisions"}],"predecessor-version":[{"id":143397,"href":"https:\/\/lospoliticosveracruz.com\/index.php?rest_route=\/wp\/v2\/posts\/143395\/revisions\/143397"}],"wp:featuredmedia":[{"embeddable":true,"href":"https:\/\/lospoliticosveracruz.com\/index.php?rest_route=\/wp\/v2\/media\/143396"}],"wp:attachment":[{"href":"https:\/\/lospoliticosveracruz.com\/index.php?rest_route=%2Fwp%2Fv2%2Fmedia&parent=143395"}],"wp:term":[{"taxonomy":"category","embeddable":true,"href":"https:\/\/lospoliticosveracruz.com\/index.php?rest_route=%2Fwp%2Fv2%2Fcategories&post=143395"},{"taxonomy":"post_tag","embeddable":true,"href":"https:\/\/lospoliticosveracruz.com\/index.php?rest_route=%2Fwp%2Fv2%2Ftags&post=143395"}],"curies":[{"name":"wp","href":"https:\/\/api.w.org\/{rel}","templated":true}]}}