{"id":14340,"date":"2014-12-23T20:30:59","date_gmt":"2014-12-24T02:30:59","guid":{"rendered":"http:\/\/www.lospoliticosveracruz.com.mx\/?p=14340"},"modified":"2014-12-23T20:30:59","modified_gmt":"2014-12-24T02:30:59","slug":"rodolfo-mendoza-rosendo-cronicas-etilicas","status":"publish","type":"post","link":"https:\/\/lospoliticosveracruz.com\/?p=14340","title":{"rendered":"Rodolfo Mendoza Rosendo, cr\u00f3nicas et\u00edlicas"},"content":{"rendered":"<p><a href=\"http:\/\/www.lospoliticosveracruz.com.mx\/wp-content\/uploads\/2014\/12\/Rodoldo-Mendoza-IVEC.jpg\"><img loading=\"lazy\" decoding=\"async\" class=\"alignnone size-medium wp-image-14342\" src=\"http:\/\/www.lospoliticosveracruz.com.mx\/wp-content\/uploads\/2014\/12\/Rodoldo-Mendoza-IVEC-300x150.jpg\" alt=\"Rodoldo Mendoza IVEC\" width=\"300\" height=\"150\" \/><\/a><\/p>\n<p><strong>Armando Ortiz<\/strong><\/p>\n<p><em>El Hijo Pr\u00f3digo<\/em><\/p>\n<p>&nbsp;<\/p>\n<p>23 de diciembre de 2014, 10:00 de la ma\u00f1ana. Mientras conduzco hacia un centro comercial de la ciudad de Xalapa, entra un mensaje de Facebook a mi tel\u00e9fono celular: \u201cEl RODOLFO del IVEC est\u00e1 bien pedo en Chico Julio\u201d. Por supuesto detengo mi auto y me comunico con la persona que me manda el mensaje. Le contesto que no le veo el inconveniente, que ya s\u00e9 que el se\u00f1or tiene problemas con el alcohol y que en todo caso \u00e9l, mi interlocutor, tambi\u00e9n est\u00e1 tomando en Chico Julio. \u201cSi cabr\u00f3n \u2013refuta- pero yo no soy funcionario p\u00fablico; yo no deber\u00eda de estar en mi oficina\u201d.<\/p>\n<p>Puede ser cierto. Entonces me comunico a las oficinas del Instituto Veracruzano de la Cultura en Veracruz, al tel\u00e9fono 01 229 9316962, pido la extensi\u00f3n 102, que es la de la direcci\u00f3n. Ah\u00ed una se\u00f1orita me dice que el director Rodolfo Mendoza Rosendo no se encuentra en su oficina. Le pregunto si ha salido de vacaciones. Me dice que una parte del personal ya est\u00e1 de vacaciones, pero que ellos no. Tambi\u00e9n me comenta que el director puede estar en las oficinas de Xalapa. Para no errar llam\u00f3 a las oficinas del IVEC en Xalapa. Me dicen que el director no lleg\u00f3 por la ma\u00f1ana a su oficina, que no lo pueden localizar.<br \/>\n23 de diciembre de 2014, 10:30 de la ma\u00f1ana. Me comunico con un amigo funcionario p\u00fablico. Le pregunto si ellos, como directivos ya est\u00e1n de vacaciones, mi amigo me dice que no, que como es fin de a\u00f1o los directores deber\u00edan estar ocupados en sus \u201ccierres administrativos, para as\u00ed poder fiscalmente cerrar el a\u00f1o\u201d. Pero todav\u00eda m\u00e1s, me menciona que una semana atr\u00e1s el gobernador hab\u00eda advertido que los funcionarios de su administraci\u00f3n no iban a tener vacaciones. Es cierto, busco en la red y me encuentro con la siguiente nota del 12 de diciembre, firmada por \u00c1ngeles Gonz\u00e1les en el portal Al Calor Pol\u00edtico: \u201cNing\u00fan funcionario del Gobierno del Estado se ir\u00e1 de vacaciones, advierte Duarte\u201d.<br \/>\n23 de diciembre de 2014, 10:30 de la ma\u00f1ana. Empiezan a llegar a mi tel\u00e9fono celular fotograf\u00edas del interior del bar Chico Julio, tomadas por supuesto por la persona que me llam\u00f3 una hora antes. En ellas se ve al director del IVEC, Rodolfo Mendoza Rosendo, departiendo en una mesa con dos parroquianos, un se\u00f1or de la tercera edad y otro m\u00e1s joven que tiene una gorra de estambre en la cabeza. En otra foto un hombre de edad adulta se le acerca y lo saluda. Las siguientes fotos son tomas en las que Rodolfo Mendoza sale del ba\u00f1o, est\u00e1 en la barra, regresa a su mesa. Debo suponer que es cierto lo que me dice mi informante.<br \/>\n23 de diciembre de 2014, 11:00 de la ma\u00f1ana. Como estoy cerca de la Avenida Xalapa, me dirijo hacia la calle Victoria casi esquina con Azueta. Debo anotar que la peculiaridad del bar Chico Julio es que es un bar diurno. Abre a eso de las 6:00 de la ma\u00f1ana. Las personas que han seguido la fiesta y que salen de los bares nocturnos, saben que pueden seguir la farra en Chico Julio; ah\u00ed se re\u00fanen los trasnochados para seguir tomando a gusto.<br \/>\n23 de diciembre de 2014, 11:30 de la ma\u00f1ana. De pura casualidad, cuando me estaciono en la esquina veo salir a Rodolfo Mendoza acompa\u00f1ado de uno de los parroquianos con quien estuvo departiendo en su mesa. El guardia del bar lo acompa\u00f1a y se ponen a conseguir un taxi. En ese momento veo salir a otra persona. Reconozco a mi informante. Lleva el tel\u00e9fono en la oreja, pero yo s\u00e9 que est\u00e1 tomando fotograf\u00edas. Un joven que pasa por ah\u00ed se detiene y lo saluda con familiaridad, Rodolfo le da la mano, pero como no se la suelta el joven se la retira. Se quedan un buen rato esperando que un taxi se detenga. No me han visto, pero yo s\u00ed a ellos.<br \/>\n23 de diciembre de 2014, 11:40 de la ma\u00f1ana. Por fin un taxi se detiene, Rodolfo Mendoza sube al veh\u00edculo acompa\u00f1ado de una persona. Veo como pasa por mi lado, sube por la calle de Azueta y lo pierdo de vista. Mi informante me manda las \u00faltimas fotos. Son las que tom\u00f3 a la salida de Chico Julio.<br \/>\nPuede ser que Rodolfo Mendoza Rosendo, director del IVEC haya entrado a Chico Julio, en horario de oficina, a culturizar a los parroquianos, pero tambi\u00e9n puede ser que despu\u00e9s de una larga noche de parranda, no se pudo detener y sin importarle sus obligaciones como director del Instituto Veracruzano de la Cultura, quiso seguir la fiesta hasta el mediod\u00eda. \u00bfPero qu\u00e9 dice sobre el tema el C\u00f3digo de \u00c9tica de los Servidores P\u00fablicos del Poder Ejecutivo del Estado de Veracruz? (Continuar\u00e1)<\/p>\n<p>Armando Ortiz aortiz52@hotmail.com<\/p>\n","protected":false},"excerpt":{"rendered":"<p>Armando Ortiz El Hijo Pr\u00f3digo &nbsp; 23 de diciembre de 2014, 10:00 de la ma\u00f1ana. Mientras conduzco hacia un centro comercial de la ciudad de Xalapa, entra un mensaje de Facebook a mi tel\u00e9fono celular: \u201cEl RODOLFO del IVEC est\u00e1 bien pedo en Chico Julio\u201d. Por supuesto detengo mi auto y me comunico con la [&hellip;]<\/p>\n","protected":false},"author":2,"featured_media":0,"comment_status":"open","ping_status":"open","sticky":false,"template":"","format":"standard","meta":{"tdm_status":"","tdm_grid_status":"","footnotes":""},"categories":[70],"tags":[1346,1347,316,1345],"class_list":{"0":"post-14340","1":"post","2":"type-post","3":"status-publish","4":"format-standard","6":"category-de-opinion","7":"tag-chico-julio","8":"tag-codigo-de-etica-de-los-servidores-publicos-del-poder-ejecutivo-del-estado-de-veracruz","9":"tag-ivec","10":"tag-rodolfo-mendoza-rosendo"},"yoast_head":"<!-- This site is optimized with the Yoast SEO plugin v27.4 - https:\/\/yoast.com\/product\/yoast-seo-wordpress\/ -->\n<title>Rodolfo Mendoza Rosendo, cr\u00f3nicas et\u00edlicas - Los pol\u00edticos Veracruz<\/title>\n<meta name=\"robots\" content=\"index, follow, max-snippet:-1, max-image-preview:large, max-video-preview:-1\" \/>\n<link rel=\"canonical\" href=\"https:\/\/lospoliticosveracruz.com\/?p=14340\" \/>\n<meta property=\"og:locale\" content=\"es_ES\" \/>\n<meta property=\"og:type\" content=\"article\" \/>\n<meta property=\"og:title\" content=\"Rodolfo Mendoza Rosendo, cr\u00f3nicas et\u00edlicas - Los pol\u00edticos Veracruz\" \/>\n<meta property=\"og:description\" content=\"Armando Ortiz El Hijo Pr\u00f3digo &nbsp; 23 de diciembre de 2014, 10:00 de la ma\u00f1ana. Mientras conduzco hacia un centro comercial de la ciudad de Xalapa, entra un mensaje de Facebook a mi tel\u00e9fono celular: \u201cEl RODOLFO del IVEC est\u00e1 bien pedo en Chico Julio\u201d. Por supuesto detengo mi auto y me comunico con la [&hellip;]\" \/>\n<meta property=\"og:url\" content=\"https:\/\/lospoliticosveracruz.com\/?p=14340\" \/>\n<meta property=\"og:site_name\" content=\"Los pol\u00edticos Veracruz\" \/>\n<meta property=\"article:publisher\" content=\"https:\/\/www.facebook.com\/people\/Notimemes-de-los-Polticos\/61565672886568\/\" \/>\n<meta property=\"article:published_time\" content=\"2014-12-24T02:30:59+00:00\" \/>\n<meta property=\"og:image\" content=\"http:\/\/www.lospoliticosveracruz.com.mx\/wp-content\/uploads\/2014\/12\/Rodoldo-Mendoza-IVEC-300x150.jpg\" \/>\n<meta name=\"author\" content=\"Lo viste en Los Pol\u00edticos\" \/>\n<meta name=\"twitter:card\" content=\"summary_large_image\" \/>\n<meta name=\"twitter:creator\" content=\"@LosPoliticosVer\" \/>\n<meta name=\"twitter:site\" content=\"@LosPoliticosVer\" \/>\n<meta name=\"twitter:label1\" content=\"Escrito por\" \/>\n\t<meta name=\"twitter:data1\" content=\"Lo viste en Los Pol\u00edticos\" \/>\n\t<meta name=\"twitter:label2\" content=\"Tiempo de lectura\" \/>\n\t<meta name=\"twitter:data2\" content=\"4 minutos\" \/>\n<script type=\"application\/ld+json\" class=\"yoast-schema-graph\">{\"@context\":\"https:\\\/\\\/schema.org\",\"@graph\":[{\"@type\":\"Article\",\"@id\":\"https:\\\/\\\/lospoliticosveracruz.com\\\/?p=14340#article\",\"isPartOf\":{\"@id\":\"https:\\\/\\\/lospoliticosveracruz.com\\\/?p=14340\"},\"author\":{\"name\":\"Lo viste en Los Pol\u00edticos\",\"@id\":\"https:\\\/\\\/lospoliticosveracruz.com\\\/#\\\/schema\\\/person\\\/b8702bb0e538456e6efd07080bf2a4a2\"},\"headline\":\"Rodolfo Mendoza Rosendo, cr\u00f3nicas et\u00edlicas\",\"datePublished\":\"2014-12-24T02:30:59+00:00\",\"mainEntityOfPage\":{\"@id\":\"https:\\\/\\\/lospoliticosveracruz.com\\\/?p=14340\"},\"wordCount\":842,\"commentCount\":0,\"publisher\":{\"@id\":\"https:\\\/\\\/lospoliticosveracruz.com\\\/#organization\"},\"image\":{\"@id\":\"https:\\\/\\\/lospoliticosveracruz.com\\\/?p=14340#primaryimage\"},\"thumbnailUrl\":\"http:\\\/\\\/www.lospoliticosveracruz.com.mx\\\/wp-content\\\/uploads\\\/2014\\\/12\\\/Rodoldo-Mendoza-IVEC-300x150.jpg\",\"keywords\":[\"Chico Julio\",\"C\u00f3digo de \u00c9tica de los Servidores P\u00fablicos del Poder Ejecutivo del Estado de Veracruz\",\"IVEC\",\"Rodolfo Mendoza Rosendo\"],\"articleSection\":[\"De Opini\u00f3n\"],\"inLanguage\":\"es\",\"potentialAction\":[{\"@type\":\"CommentAction\",\"name\":\"Comment\",\"target\":[\"https:\\\/\\\/lospoliticosveracruz.com\\\/?p=14340#respond\"]}]},{\"@type\":\"WebPage\",\"@id\":\"https:\\\/\\\/lospoliticosveracruz.com\\\/?p=14340\",\"url\":\"https:\\\/\\\/lospoliticosveracruz.com\\\/?p=14340\",\"name\":\"Rodolfo Mendoza Rosendo, cr\u00f3nicas et\u00edlicas - Los pol\u00edticos Veracruz\",\"isPartOf\":{\"@id\":\"https:\\\/\\\/lospoliticosveracruz.com\\\/#website\"},\"primaryImageOfPage\":{\"@id\":\"https:\\\/\\\/lospoliticosveracruz.com\\\/?p=14340#primaryimage\"},\"image\":{\"@id\":\"https:\\\/\\\/lospoliticosveracruz.com\\\/?p=14340#primaryimage\"},\"thumbnailUrl\":\"http:\\\/\\\/www.lospoliticosveracruz.com.mx\\\/wp-content\\\/uploads\\\/2014\\\/12\\\/Rodoldo-Mendoza-IVEC-300x150.jpg\",\"datePublished\":\"2014-12-24T02:30:59+00:00\",\"breadcrumb\":{\"@id\":\"https:\\\/\\\/lospoliticosveracruz.com\\\/?p=14340#breadcrumb\"},\"inLanguage\":\"es\",\"potentialAction\":[{\"@type\":\"ReadAction\",\"target\":[\"https:\\\/\\\/lospoliticosveracruz.com\\\/?p=14340\"]}]},{\"@type\":\"ImageObject\",\"inLanguage\":\"es\",\"@id\":\"https:\\\/\\\/lospoliticosveracruz.com\\\/?p=14340#primaryimage\",\"url\":\"http:\\\/\\\/www.lospoliticosveracruz.com.mx\\\/wp-content\\\/uploads\\\/2014\\\/12\\\/Rodoldo-Mendoza-IVEC-300x150.jpg\",\"contentUrl\":\"http:\\\/\\\/www.lospoliticosveracruz.com.mx\\\/wp-content\\\/uploads\\\/2014\\\/12\\\/Rodoldo-Mendoza-IVEC-300x150.jpg\"},{\"@type\":\"BreadcrumbList\",\"@id\":\"https:\\\/\\\/lospoliticosveracruz.com\\\/?p=14340#breadcrumb\",\"itemListElement\":[{\"@type\":\"ListItem\",\"position\":1,\"name\":\"Portada\",\"item\":\"https:\\\/\\\/lospoliticosveracruz.com\\\/\"},{\"@type\":\"ListItem\",\"position\":2,\"name\":\"Rodolfo Mendoza Rosendo, cr\u00f3nicas et\u00edlicas\"}]},{\"@type\":\"WebSite\",\"@id\":\"https:\\\/\\\/lospoliticosveracruz.com\\\/#website\",\"url\":\"https:\\\/\\\/lospoliticosveracruz.com\\\/\",\"name\":\"Los pol\u00edticos Veracruz\",\"description\":\"\",\"publisher\":{\"@id\":\"https:\\\/\\\/lospoliticosveracruz.com\\\/#organization\"},\"potentialAction\":[{\"@type\":\"SearchAction\",\"target\":{\"@type\":\"EntryPoint\",\"urlTemplate\":\"https:\\\/\\\/lospoliticosveracruz.com\\\/?s={search_term_string}\"},\"query-input\":{\"@type\":\"PropertyValueSpecification\",\"valueRequired\":true,\"valueName\":\"search_term_string\"}}],\"inLanguage\":\"es\"},{\"@type\":\"Organization\",\"@id\":\"https:\\\/\\\/lospoliticosveracruz.com\\\/#organization\",\"name\":\"Los pol\u00edticos Veracruz\",\"url\":\"https:\\\/\\\/lospoliticosveracruz.com\\\/\",\"logo\":{\"@type\":\"ImageObject\",\"inLanguage\":\"es\",\"@id\":\"https:\\\/\\\/lospoliticosveracruz.com\\\/#\\\/schema\\\/logo\\\/image\\\/\",\"url\":\"https:\\\/\\\/lospoliticosveracruz.com\\\/wp-content\\\/uploads\\\/2025\\\/12\\\/Logo-Nuevo-LOS-POLITICOS-1.jpg\",\"contentUrl\":\"https:\\\/\\\/lospoliticosveracruz.com\\\/wp-content\\\/uploads\\\/2025\\\/12\\\/Logo-Nuevo-LOS-POLITICOS-1.jpg\",\"width\":260,\"height\":70,\"caption\":\"Los pol\u00edticos Veracruz\"},\"image\":{\"@id\":\"https:\\\/\\\/lospoliticosveracruz.com\\\/#\\\/schema\\\/logo\\\/image\\\/\"},\"sameAs\":[\"https:\\\/\\\/www.facebook.com\\\/people\\\/Notimemes-de-los-Polticos\\\/61565672886568\\\/\",\"https:\\\/\\\/x.com\\\/LosPoliticosVer\"]},{\"@type\":\"Person\",\"@id\":\"https:\\\/\\\/lospoliticosveracruz.com\\\/#\\\/schema\\\/person\\\/b8702bb0e538456e6efd07080bf2a4a2\",\"name\":\"Lo viste en Los Pol\u00edticos\",\"image\":{\"@type\":\"ImageObject\",\"inLanguage\":\"es\",\"@id\":\"https:\\\/\\\/secure.gravatar.com\\\/avatar\\\/3a8de04a2656d44082be478bd6c086daa447c4651605818287b9532d3d0bd435?s=96&d=mm&r=g\",\"url\":\"https:\\\/\\\/secure.gravatar.com\\\/avatar\\\/3a8de04a2656d44082be478bd6c086daa447c4651605818287b9532d3d0bd435?s=96&d=mm&r=g\",\"contentUrl\":\"https:\\\/\\\/secure.gravatar.com\\\/avatar\\\/3a8de04a2656d44082be478bd6c086daa447c4651605818287b9532d3d0bd435?s=96&d=mm&r=g\",\"caption\":\"Lo viste en Los Pol\u00edticos\"},\"url\":\"https:\\\/\\\/lospoliticosveracruz.com\\\/?author=2\"}]}<\/script>\n<!-- \/ Yoast SEO plugin. -->","yoast_head_json":{"title":"Rodolfo Mendoza Rosendo, cr\u00f3nicas et\u00edlicas - Los pol\u00edticos Veracruz","robots":{"index":"index","follow":"follow","max-snippet":"max-snippet:-1","max-image-preview":"max-image-preview:large","max-video-preview":"max-video-preview:-1"},"canonical":"https:\/\/lospoliticosveracruz.com\/?p=14340","og_locale":"es_ES","og_type":"article","og_title":"Rodolfo Mendoza Rosendo, cr\u00f3nicas et\u00edlicas - Los pol\u00edticos Veracruz","og_description":"Armando Ortiz El Hijo Pr\u00f3digo &nbsp; 23 de diciembre de 2014, 10:00 de la ma\u00f1ana. Mientras conduzco hacia un centro comercial de la ciudad de Xalapa, entra un mensaje de Facebook a mi tel\u00e9fono celular: \u201cEl RODOLFO del IVEC est\u00e1 bien pedo en Chico Julio\u201d. Por supuesto detengo mi auto y me comunico con la [&hellip;]","og_url":"https:\/\/lospoliticosveracruz.com\/?p=14340","og_site_name":"Los pol\u00edticos Veracruz","article_publisher":"https:\/\/www.facebook.com\/people\/Notimemes-de-los-Polticos\/61565672886568\/","article_published_time":"2014-12-24T02:30:59+00:00","og_image":[{"url":"http:\/\/www.lospoliticosveracruz.com.mx\/wp-content\/uploads\/2014\/12\/Rodoldo-Mendoza-IVEC-300x150.jpg","type":"","width":"","height":""}],"author":"Lo viste en Los Pol\u00edticos","twitter_card":"summary_large_image","twitter_creator":"@LosPoliticosVer","twitter_site":"@LosPoliticosVer","twitter_misc":{"Escrito por":"Lo viste en Los Pol\u00edticos","Tiempo de lectura":"4 minutos"},"schema":{"@context":"https:\/\/schema.org","@graph":[{"@type":"Article","@id":"https:\/\/lospoliticosveracruz.com\/?p=14340#article","isPartOf":{"@id":"https:\/\/lospoliticosveracruz.com\/?p=14340"},"author":{"name":"Lo viste en Los Pol\u00edticos","@id":"https:\/\/lospoliticosveracruz.com\/#\/schema\/person\/b8702bb0e538456e6efd07080bf2a4a2"},"headline":"Rodolfo Mendoza Rosendo, cr\u00f3nicas et\u00edlicas","datePublished":"2014-12-24T02:30:59+00:00","mainEntityOfPage":{"@id":"https:\/\/lospoliticosveracruz.com\/?p=14340"},"wordCount":842,"commentCount":0,"publisher":{"@id":"https:\/\/lospoliticosveracruz.com\/#organization"},"image":{"@id":"https:\/\/lospoliticosveracruz.com\/?p=14340#primaryimage"},"thumbnailUrl":"http:\/\/www.lospoliticosveracruz.com.mx\/wp-content\/uploads\/2014\/12\/Rodoldo-Mendoza-IVEC-300x150.jpg","keywords":["Chico Julio","C\u00f3digo de \u00c9tica de los Servidores P\u00fablicos del Poder Ejecutivo del Estado de Veracruz","IVEC","Rodolfo Mendoza Rosendo"],"articleSection":["De Opini\u00f3n"],"inLanguage":"es","potentialAction":[{"@type":"CommentAction","name":"Comment","target":["https:\/\/lospoliticosveracruz.com\/?p=14340#respond"]}]},{"@type":"WebPage","@id":"https:\/\/lospoliticosveracruz.com\/?p=14340","url":"https:\/\/lospoliticosveracruz.com\/?p=14340","name":"Rodolfo Mendoza Rosendo, cr\u00f3nicas et\u00edlicas - Los pol\u00edticos Veracruz","isPartOf":{"@id":"https:\/\/lospoliticosveracruz.com\/#website"},"primaryImageOfPage":{"@id":"https:\/\/lospoliticosveracruz.com\/?p=14340#primaryimage"},"image":{"@id":"https:\/\/lospoliticosveracruz.com\/?p=14340#primaryimage"},"thumbnailUrl":"http:\/\/www.lospoliticosveracruz.com.mx\/wp-content\/uploads\/2014\/12\/Rodoldo-Mendoza-IVEC-300x150.jpg","datePublished":"2014-12-24T02:30:59+00:00","breadcrumb":{"@id":"https:\/\/lospoliticosveracruz.com\/?p=14340#breadcrumb"},"inLanguage":"es","potentialAction":[{"@type":"ReadAction","target":["https:\/\/lospoliticosveracruz.com\/?p=14340"]}]},{"@type":"ImageObject","inLanguage":"es","@id":"https:\/\/lospoliticosveracruz.com\/?p=14340#primaryimage","url":"http:\/\/www.lospoliticosveracruz.com.mx\/wp-content\/uploads\/2014\/12\/Rodoldo-Mendoza-IVEC-300x150.jpg","contentUrl":"http:\/\/www.lospoliticosveracruz.com.mx\/wp-content\/uploads\/2014\/12\/Rodoldo-Mendoza-IVEC-300x150.jpg"},{"@type":"BreadcrumbList","@id":"https:\/\/lospoliticosveracruz.com\/?p=14340#breadcrumb","itemListElement":[{"@type":"ListItem","position":1,"name":"Portada","item":"https:\/\/lospoliticosveracruz.com\/"},{"@type":"ListItem","position":2,"name":"Rodolfo Mendoza Rosendo, cr\u00f3nicas et\u00edlicas"}]},{"@type":"WebSite","@id":"https:\/\/lospoliticosveracruz.com\/#website","url":"https:\/\/lospoliticosveracruz.com\/","name":"Los pol\u00edticos Veracruz","description":"","publisher":{"@id":"https:\/\/lospoliticosveracruz.com\/#organization"},"potentialAction":[{"@type":"SearchAction","target":{"@type":"EntryPoint","urlTemplate":"https:\/\/lospoliticosveracruz.com\/?s={search_term_string}"},"query-input":{"@type":"PropertyValueSpecification","valueRequired":true,"valueName":"search_term_string"}}],"inLanguage":"es"},{"@type":"Organization","@id":"https:\/\/lospoliticosveracruz.com\/#organization","name":"Los pol\u00edticos Veracruz","url":"https:\/\/lospoliticosveracruz.com\/","logo":{"@type":"ImageObject","inLanguage":"es","@id":"https:\/\/lospoliticosveracruz.com\/#\/schema\/logo\/image\/","url":"https:\/\/lospoliticosveracruz.com\/wp-content\/uploads\/2025\/12\/Logo-Nuevo-LOS-POLITICOS-1.jpg","contentUrl":"https:\/\/lospoliticosveracruz.com\/wp-content\/uploads\/2025\/12\/Logo-Nuevo-LOS-POLITICOS-1.jpg","width":260,"height":70,"caption":"Los pol\u00edticos Veracruz"},"image":{"@id":"https:\/\/lospoliticosveracruz.com\/#\/schema\/logo\/image\/"},"sameAs":["https:\/\/www.facebook.com\/people\/Notimemes-de-los-Polticos\/61565672886568\/","https:\/\/x.com\/LosPoliticosVer"]},{"@type":"Person","@id":"https:\/\/lospoliticosveracruz.com\/#\/schema\/person\/b8702bb0e538456e6efd07080bf2a4a2","name":"Lo viste en Los Pol\u00edticos","image":{"@type":"ImageObject","inLanguage":"es","@id":"https:\/\/secure.gravatar.com\/avatar\/3a8de04a2656d44082be478bd6c086daa447c4651605818287b9532d3d0bd435?s=96&d=mm&r=g","url":"https:\/\/secure.gravatar.com\/avatar\/3a8de04a2656d44082be478bd6c086daa447c4651605818287b9532d3d0bd435?s=96&d=mm&r=g","contentUrl":"https:\/\/secure.gravatar.com\/avatar\/3a8de04a2656d44082be478bd6c086daa447c4651605818287b9532d3d0bd435?s=96&d=mm&r=g","caption":"Lo viste en Los Pol\u00edticos"},"url":"https:\/\/lospoliticosveracruz.com\/?author=2"}]}},"_links":{"self":[{"href":"https:\/\/lospoliticosveracruz.com\/index.php?rest_route=\/wp\/v2\/posts\/14340","targetHints":{"allow":["GET"]}}],"collection":[{"href":"https:\/\/lospoliticosveracruz.com\/index.php?rest_route=\/wp\/v2\/posts"}],"about":[{"href":"https:\/\/lospoliticosveracruz.com\/index.php?rest_route=\/wp\/v2\/types\/post"}],"author":[{"embeddable":true,"href":"https:\/\/lospoliticosveracruz.com\/index.php?rest_route=\/wp\/v2\/users\/2"}],"replies":[{"embeddable":true,"href":"https:\/\/lospoliticosveracruz.com\/index.php?rest_route=%2Fwp%2Fv2%2Fcomments&post=14340"}],"version-history":[{"count":2,"href":"https:\/\/lospoliticosveracruz.com\/index.php?rest_route=\/wp\/v2\/posts\/14340\/revisions"}],"predecessor-version":[{"id":14343,"href":"https:\/\/lospoliticosveracruz.com\/index.php?rest_route=\/wp\/v2\/posts\/14340\/revisions\/14343"}],"wp:attachment":[{"href":"https:\/\/lospoliticosveracruz.com\/index.php?rest_route=%2Fwp%2Fv2%2Fmedia&parent=14340"}],"wp:term":[{"taxonomy":"category","embeddable":true,"href":"https:\/\/lospoliticosveracruz.com\/index.php?rest_route=%2Fwp%2Fv2%2Fcategories&post=14340"},{"taxonomy":"post_tag","embeddable":true,"href":"https:\/\/lospoliticosveracruz.com\/index.php?rest_route=%2Fwp%2Fv2%2Ftags&post=14340"}],"curies":[{"name":"wp","href":"https:\/\/api.w.org\/{rel}","templated":true}]}}