{"id":143403,"date":"2025-05-04T07:03:43","date_gmt":"2025-05-04T12:03:43","guid":{"rendered":"https:\/\/lospoliticosveracruz.com.mx\/?p=143403"},"modified":"2025-05-04T07:03:55","modified_gmt":"2025-05-04T12:03:55","slug":"cuic-y-bola-8-midiendo-las-aguas-en-veracruz","status":"publish","type":"post","link":"https:\/\/lospoliticosveracruz.com\/?p=143403","title":{"rendered":"CUIC Y BOLA 8, \u00bfMIDIENDO LAS AGUAS EN VERACRUZ?"},"content":{"rendered":"\n<p>[S\u00edguenos ahora tambi\u00e9n en WhatsApp.\u00a0<a href=\"https:\/\/whatsapp.com\/channel\/0029Va8zRWlEKyZIP3Z1dF0e\"><strong><em>Da clic aqu\u00ed<\/em><\/strong><\/a>]\u00a0<br><strong>Ricardo Chua<\/strong><\/p>\n\n\n\n<p><em>Sale y Vale<\/em><\/p>\n\n\n\n<p>CUITL\u00c1HUAC Y PATROCINIO&#8230; En el comit\u00e9 nacional de MORENA corre fuerte el rumor.. Que por distintas acciones y confrontaciones pol\u00edticas al interior de este partido en Veracruz.. Es que en las \u00faltima semanas, las 3 que han pasado para ser exactos.. Se han \u00abvenido a pasear\u00bb personajes NO GRATOS para la actual administraci\u00f3n estatal.. Como una forma de retar a la gobernadora Roc\u00edo Nahle, de que ellos siguen presentes en MORENA y en el territorio veracruzano.. Estos dos personajes son Cuitl\u00e1huac Garc\u00eda y Eric Cisneros Burgos, ex gobernador y ex secretario de Gobierno, respectivamente..<\/p>\n\n\n\n<p>Ambos, se dice, son utilizados por alg\u00fan personaje central en CDMX, para molestar a la gobernadora Roc\u00edo Nahle.. Con el simple hecho de su presencia pero las cosas, no se quedan as\u00ed.. Cuitl\u00e1huac estuvo en los d\u00edas santos por las playas y se tom\u00f3 la foto, la subi\u00f3 a sus redes sociales con una camisa con la leyenda: \u00abOrgullo Veracruzano\u00bb y con un mensaje diciendo \u00abAqu\u00ed estoy y no me he ido\u00bb.. Otros dicen que la camisa, con esa leyenda, era un mensaje para la gobernadora, recordando quien era el originario de la entidad.. Cuitl\u00e1huac ha aprendido bien que en pol\u00edtica las \u00abcoincidencias\u00bb no existen y que los amigos no existen, solo el inter\u00e9s.<\/p>\n\n\n\n<p>Mientras el famoso Eric Cisneros, qui\u00e9n presuntamente se encuentra en un \u00abautoexilio\u00bb pol\u00edtico impuesto por \u00e9l mismo desde finales del 2023.. Uno de los personajes al cual, los simpatizantes de Roc\u00edo Nahle acusan de ser el \u00abautor intelectual\u00bb de la \u00abguerra\u00bb de difamaci\u00f3n que sufri\u00f3 durante la campa\u00f1a a gobernador.. Resulta que Patrocinio andaba muy tranquilo por las calles de su pueblo natal Otatitl\u00e1n, celebrando la fiestas religiosas del \u00abCristo Negro\u00bb, patrono del pueblo.. De esa manera, Eric Cisneros argument\u00f3 su estancia en Veracruz porque \u00e9l vino a una festividad del santo.. El caso es que sus visitas, esto es un mensaje o quieren hacer enojar a Nahle.. AMEN..<\/p>\n\n\n\n<p>ALVARADO Y NATALIA-PRI.. Cuentan en la capital mundial del \u00abchisme\u00bb que es Alvarado.. Que esa presunta acci\u00f3n de que toda la planilla de regidores, que iban por el PRI a la alcald\u00eda, renunci\u00f3 con todos sus miembros por acciones emprendidas en su contra por su candidata a presidente municipal, Natalia Gonz\u00e1lez Villareal.. Es completamente UN ERROR.. Ya que por diversos motivos, entre los cuales destacan los pol\u00edticos y el financiamiento de la campa\u00f1a.. Fue la misma delegada nacional del PRI en esa ciudad, Paola Arsof, la que pidi\u00f3 las renuncias a toda la planilla por da\u00f1ar a su partido y a la campa\u00f1a priista..<\/p>\n\n\n\n<p>Mencionan que, a pesar, de que le dieron todo el manejo de la campa\u00f1a y que coloc\u00f3 a toda la planilla pri\u00edsta, Aldo Guillermo Valerio Vargas, iba como candidato a S\u00edndico, adem\u00e1s de ser el dirigente municipal del PRI, no renunci\u00f3, lo renunciaron por la presi\u00f3n que presuntamente ejerc\u00eda en contra de Gonz\u00e1lez Villareal y Paola Arsof.. Y por m\u00e1s que quisieron arreglar las cosas, el joven personaje no entendi\u00f3 que en pol\u00edtica la \u00abforma es fondo\u00bb.. Y terminaron dando las gracias.. Ya que \u00e9l hab\u00eda causado conflictos al interior de la campa\u00f1a y que fue el mismo Alejandro Moreno C\u00e1rdenas, qui\u00e9n se dio cuenta cuando vino a sus arranques el pasado martes..<\/p>\n\n\n\n<p>De esa manera, mejor le dieron las gracias a \u00e9l, a su grupo y hasta a su mam\u00e1, Silvia Garc\u00eda Rosas, qui\u00e9n iba en la planilla a regidores en el puesto n\u00famero uno como regidora primera.. Las negociaciones se agotaron, no se lleg\u00f3 a un acuerdo y los renunciaron del partido..As\u00ed que el PRI los hizo a un lado.. Desde ayer mismo, una nueva planilla de candidatos regidores priistas por Alvarado, qued\u00f3 integrada y fue presentada ante el OPLE.. Pero la campa\u00f1a de Natal\u00eda Gonz\u00e1lez contin\u00faa sin contratiempos con nuevos candidatos y avalada por la delegada nacional del PRI, Paola Arsof.. Parec\u00eda que se iban a victimizar . Pero al final se supo lo que presuntamente pas\u00f3..<\/p>\n\n\n\n<p>PEROTE A LA DERIVA, NI MORENA Y NI PRI.. Vaya enredo que van a tener que vivir los ciudadanos de Perote cuando tengan que elegir a su candidato a alcalde.. Ya que, al menos, dos de los que se consideran m\u00e1s fuertes, \u00abni a cual irle\u00bb, como dice un ciudadano de ese municipio.. Ya que no est\u00e1n creciendo, se estancaron y en una de esas Movimiento Ciudadano, sin tener fuerza o estructura, les hace la \u00abmaldad\u00bb porque el ciudadano est\u00e1 buscando una opci\u00f3n de qui\u00e9n los pueda gobernar y darle soluciones a sus problemas.. No de qui\u00e9n llega a ver que hay o qui\u00e9n llega a ver que saca.. Sin experiencia de nada..<\/p>\n\n\n\n<p>Por un lado, Jorge Bonilla, de MORENA, pues no est\u00e1 levantando las expectativas deseadas.. Ya el mismo se dio cuenta, que no era el candidato para la alcald\u00eda.. Ese era el diputado, Pa\u00fal Mart\u00ednez Marie pero ni particip\u00f3 en la contienda al interior.. Hab\u00eda otros m\u00e1s que ten\u00edan la simpat\u00eda de la militancia pero los hicieron a un lado y eso es el error que ahora est\u00e1 pagando el candidato \u00abMoreno\u00bb porque si los militantes de su partido, le est\u00e1n dando la \u00abespalda\u00bb que se puede esperar de la ciudadan\u00eda, que no lo est\u00e1 viendo como una real opci\u00f3n para gobernar.. En pocas palabras Bonilla va a la baja en Perote y en Palacio de Gobierno lo saben..<\/p>\n\n\n\n<p>Mientras que el candidato priista a la alcald\u00eda perote\u00f1a, Vinicio Ascencio, el \u00abT\u00edo Vini\u00bb, que ni siquiera ese mote por el cual quer\u00edan que lo identificaran para jalar las simpat\u00edas que ten\u00eda el ex gobernador, Fidel Herrera en ese sitio, lo ha ayudado a crecer.. El priista que hace dos semanas irrumpi\u00f3 con todo en ese municipio.. Parec\u00eda el nuevo Pepe Yunes.. Y todos dec\u00edan en la ciudad que podr\u00eda ganarle a MORENA.. Tambi\u00e9n se ha \u00abdesinflado\u00bb su candidatura como un \u00abglobo\u00bb.. No creci\u00f3 como se esperaba y ahora vaga en el \u00ablimbo\u00bb pol\u00edtico y sin la ayuda de Pepe, pues, a\u00fan m\u00e1s.. Ya que su equipo est\u00e1 concentrado en Xalapa.. As\u00ed las cosas el PRI tambi\u00e9n cae en Perote..<\/p>\n","protected":false},"excerpt":{"rendered":"<p>[S\u00edguenos ahora tambi\u00e9n en WhatsApp.\u00a0Da clic aqu\u00ed]\u00a0Ricardo Chua Sale y Vale CUITL\u00c1HUAC Y PATROCINIO&#8230; En el comit\u00e9 nacional de MORENA corre fuerte el rumor.. Que por distintas acciones y confrontaciones pol\u00edticas al interior de este partido en Veracruz.. Es que en las \u00faltima semanas, las 3 que han pasado para ser exactos.. Se han \u00abvenido [&hellip;]<\/p>\n","protected":false},"author":2,"featured_media":141434,"comment_status":"closed","ping_status":"closed","sticky":false,"template":"","format":"standard","meta":{"tdm_status":"","tdm_grid_status":"","footnotes":""},"categories":[70],"tags":[1563,12686,1026,3578,195],"class_list":{"0":"post-143403","1":"post","2":"type-post","3":"status-publish","4":"format-standard","5":"has-post-thumbnail","7":"category-de-opinion","8":"tag-cuitlahuac-garcia-jimenez","9":"tag-eric-cisneros","10":"tag-morena","11":"tag-rocio-nahle","12":"tag-veracruz"},"yoast_head":"<!-- This site is optimized with the Yoast SEO plugin v27.4 - https:\/\/yoast.com\/product\/yoast-seo-wordpress\/ -->\n<title>CUIC Y BOLA 8, \u00bfMIDIENDO LAS AGUAS EN VERACRUZ? - Los pol\u00edticos Veracruz<\/title>\n<meta name=\"robots\" content=\"index, follow, max-snippet:-1, max-image-preview:large, max-video-preview:-1\" \/>\n<link rel=\"canonical\" href=\"https:\/\/lospoliticosveracruz.com\/?p=143403\" \/>\n<meta property=\"og:locale\" content=\"es_ES\" \/>\n<meta property=\"og:type\" content=\"article\" \/>\n<meta property=\"og:title\" content=\"CUIC Y BOLA 8, \u00bfMIDIENDO LAS AGUAS EN VERACRUZ? - Los pol\u00edticos Veracruz\" \/>\n<meta property=\"og:description\" content=\"[S\u00edguenos ahora tambi\u00e9n en WhatsApp.\u00a0Da clic aqu\u00ed]\u00a0Ricardo Chua Sale y Vale CUITL\u00c1HUAC Y PATROCINIO&#8230; En el comit\u00e9 nacional de MORENA corre fuerte el rumor.. Que por distintas acciones y confrontaciones pol\u00edticas al interior de este partido en Veracruz.. Es que en las \u00faltima semanas, las 3 que han pasado para ser exactos.. Se han \u00abvenido [&hellip;]\" \/>\n<meta property=\"og:url\" content=\"https:\/\/lospoliticosveracruz.com\/?p=143403\" \/>\n<meta property=\"og:site_name\" content=\"Los pol\u00edticos Veracruz\" \/>\n<meta property=\"article:publisher\" content=\"https:\/\/www.facebook.com\/people\/Notimemes-de-los-Polticos\/61565672886568\/\" \/>\n<meta property=\"article:published_time\" content=\"2025-05-04T12:03:43+00:00\" \/>\n<meta property=\"article:modified_time\" content=\"2025-05-04T12:03:55+00:00\" \/>\n<meta property=\"og:image\" content=\"https:\/\/lospoliticosveracruz.com\/wp-content\/uploads\/2025\/04\/Chua-e1761364658706.jpg\" \/>\n\t<meta property=\"og:image:width\" content=\"600\" \/>\n\t<meta property=\"og:image:height\" content=\"320\" \/>\n\t<meta property=\"og:image:type\" content=\"image\/jpeg\" \/>\n<meta name=\"author\" content=\"Lo viste en Los Pol\u00edticos\" \/>\n<meta name=\"twitter:card\" content=\"summary_large_image\" \/>\n<meta name=\"twitter:creator\" content=\"@LosPoliticosVer\" \/>\n<meta name=\"twitter:site\" content=\"@LosPoliticosVer\" \/>\n<meta name=\"twitter:label1\" content=\"Escrito por\" \/>\n\t<meta name=\"twitter:data1\" content=\"Lo viste en Los Pol\u00edticos\" \/>\n\t<meta name=\"twitter:label2\" content=\"Tiempo de lectura\" \/>\n\t<meta name=\"twitter:data2\" content=\"5 minutos\" \/>\n<script type=\"application\/ld+json\" class=\"yoast-schema-graph\">{\"@context\":\"https:\\\/\\\/schema.org\",\"@graph\":[{\"@type\":\"Article\",\"@id\":\"https:\\\/\\\/lospoliticosveracruz.com\\\/?p=143403#article\",\"isPartOf\":{\"@id\":\"https:\\\/\\\/lospoliticosveracruz.com\\\/?p=143403\"},\"author\":{\"name\":\"Lo viste en Los Pol\u00edticos\",\"@id\":\"https:\\\/\\\/lospoliticosveracruz.com\\\/#\\\/schema\\\/person\\\/b8702bb0e538456e6efd07080bf2a4a2\"},\"headline\":\"CUIC Y BOLA 8, \u00bfMIDIENDO LAS AGUAS EN VERACRUZ?\",\"datePublished\":\"2025-05-04T12:03:43+00:00\",\"dateModified\":\"2025-05-04T12:03:55+00:00\",\"mainEntityOfPage\":{\"@id\":\"https:\\\/\\\/lospoliticosveracruz.com\\\/?p=143403\"},\"wordCount\":1100,\"publisher\":{\"@id\":\"https:\\\/\\\/lospoliticosveracruz.com\\\/#organization\"},\"image\":{\"@id\":\"https:\\\/\\\/lospoliticosveracruz.com\\\/?p=143403#primaryimage\"},\"thumbnailUrl\":\"https:\\\/\\\/lospoliticosveracruz.com\\\/wp-content\\\/uploads\\\/2025\\\/04\\\/Chua-e1761364658706.jpg\",\"keywords\":[\"Cuitl\u00e1huac Garc\u00eda Jim\u00e9nez\",\"Eric Cisneros\",\"Morena\",\"Roc\u00edo Nahle\",\"Veracruz\"],\"articleSection\":[\"De Opini\u00f3n\"],\"inLanguage\":\"es\"},{\"@type\":\"WebPage\",\"@id\":\"https:\\\/\\\/lospoliticosveracruz.com\\\/?p=143403\",\"url\":\"https:\\\/\\\/lospoliticosveracruz.com\\\/?p=143403\",\"name\":\"CUIC Y BOLA 8, \u00bfMIDIENDO LAS AGUAS EN VERACRUZ? - Los pol\u00edticos Veracruz\",\"isPartOf\":{\"@id\":\"https:\\\/\\\/lospoliticosveracruz.com\\\/#website\"},\"primaryImageOfPage\":{\"@id\":\"https:\\\/\\\/lospoliticosveracruz.com\\\/?p=143403#primaryimage\"},\"image\":{\"@id\":\"https:\\\/\\\/lospoliticosveracruz.com\\\/?p=143403#primaryimage\"},\"thumbnailUrl\":\"https:\\\/\\\/lospoliticosveracruz.com\\\/wp-content\\\/uploads\\\/2025\\\/04\\\/Chua-e1761364658706.jpg\",\"datePublished\":\"2025-05-04T12:03:43+00:00\",\"dateModified\":\"2025-05-04T12:03:55+00:00\",\"breadcrumb\":{\"@id\":\"https:\\\/\\\/lospoliticosveracruz.com\\\/?p=143403#breadcrumb\"},\"inLanguage\":\"es\",\"potentialAction\":[{\"@type\":\"ReadAction\",\"target\":[\"https:\\\/\\\/lospoliticosveracruz.com\\\/?p=143403\"]}]},{\"@type\":\"ImageObject\",\"inLanguage\":\"es\",\"@id\":\"https:\\\/\\\/lospoliticosveracruz.com\\\/?p=143403#primaryimage\",\"url\":\"https:\\\/\\\/lospoliticosveracruz.com\\\/wp-content\\\/uploads\\\/2025\\\/04\\\/Chua-e1761364658706.jpg\",\"contentUrl\":\"https:\\\/\\\/lospoliticosveracruz.com\\\/wp-content\\\/uploads\\\/2025\\\/04\\\/Chua-e1761364658706.jpg\",\"width\":600,\"height\":320},{\"@type\":\"BreadcrumbList\",\"@id\":\"https:\\\/\\\/lospoliticosveracruz.com\\\/?p=143403#breadcrumb\",\"itemListElement\":[{\"@type\":\"ListItem\",\"position\":1,\"name\":\"Portada\",\"item\":\"https:\\\/\\\/lospoliticosveracruz.com\\\/\"},{\"@type\":\"ListItem\",\"position\":2,\"name\":\"CUIC Y BOLA 8, \u00bfMIDIENDO LAS AGUAS EN VERACRUZ?\"}]},{\"@type\":\"WebSite\",\"@id\":\"https:\\\/\\\/lospoliticosveracruz.com\\\/#website\",\"url\":\"https:\\\/\\\/lospoliticosveracruz.com\\\/\",\"name\":\"Los pol\u00edticos Veracruz\",\"description\":\"\",\"publisher\":{\"@id\":\"https:\\\/\\\/lospoliticosveracruz.com\\\/#organization\"},\"potentialAction\":[{\"@type\":\"SearchAction\",\"target\":{\"@type\":\"EntryPoint\",\"urlTemplate\":\"https:\\\/\\\/lospoliticosveracruz.com\\\/?s={search_term_string}\"},\"query-input\":{\"@type\":\"PropertyValueSpecification\",\"valueRequired\":true,\"valueName\":\"search_term_string\"}}],\"inLanguage\":\"es\"},{\"@type\":\"Organization\",\"@id\":\"https:\\\/\\\/lospoliticosveracruz.com\\\/#organization\",\"name\":\"Los pol\u00edticos Veracruz\",\"url\":\"https:\\\/\\\/lospoliticosveracruz.com\\\/\",\"logo\":{\"@type\":\"ImageObject\",\"inLanguage\":\"es\",\"@id\":\"https:\\\/\\\/lospoliticosveracruz.com\\\/#\\\/schema\\\/logo\\\/image\\\/\",\"url\":\"https:\\\/\\\/lospoliticosveracruz.com\\\/wp-content\\\/uploads\\\/2025\\\/12\\\/Logo-Nuevo-LOS-POLITICOS-1.jpg\",\"contentUrl\":\"https:\\\/\\\/lospoliticosveracruz.com\\\/wp-content\\\/uploads\\\/2025\\\/12\\\/Logo-Nuevo-LOS-POLITICOS-1.jpg\",\"width\":260,\"height\":70,\"caption\":\"Los pol\u00edticos Veracruz\"},\"image\":{\"@id\":\"https:\\\/\\\/lospoliticosveracruz.com\\\/#\\\/schema\\\/logo\\\/image\\\/\"},\"sameAs\":[\"https:\\\/\\\/www.facebook.com\\\/people\\\/Notimemes-de-los-Polticos\\\/61565672886568\\\/\",\"https:\\\/\\\/x.com\\\/LosPoliticosVer\"]},{\"@type\":\"Person\",\"@id\":\"https:\\\/\\\/lospoliticosveracruz.com\\\/#\\\/schema\\\/person\\\/b8702bb0e538456e6efd07080bf2a4a2\",\"name\":\"Lo viste en Los Pol\u00edticos\",\"image\":{\"@type\":\"ImageObject\",\"inLanguage\":\"es\",\"@id\":\"https:\\\/\\\/secure.gravatar.com\\\/avatar\\\/3a8de04a2656d44082be478bd6c086daa447c4651605818287b9532d3d0bd435?s=96&d=mm&r=g\",\"url\":\"https:\\\/\\\/secure.gravatar.com\\\/avatar\\\/3a8de04a2656d44082be478bd6c086daa447c4651605818287b9532d3d0bd435?s=96&d=mm&r=g\",\"contentUrl\":\"https:\\\/\\\/secure.gravatar.com\\\/avatar\\\/3a8de04a2656d44082be478bd6c086daa447c4651605818287b9532d3d0bd435?s=96&d=mm&r=g\",\"caption\":\"Lo viste en Los Pol\u00edticos\"},\"url\":\"https:\\\/\\\/lospoliticosveracruz.com\\\/?author=2\"}]}<\/script>\n<!-- \/ Yoast SEO plugin. -->","yoast_head_json":{"title":"CUIC Y BOLA 8, \u00bfMIDIENDO LAS AGUAS EN VERACRUZ? - Los pol\u00edticos Veracruz","robots":{"index":"index","follow":"follow","max-snippet":"max-snippet:-1","max-image-preview":"max-image-preview:large","max-video-preview":"max-video-preview:-1"},"canonical":"https:\/\/lospoliticosveracruz.com\/?p=143403","og_locale":"es_ES","og_type":"article","og_title":"CUIC Y BOLA 8, \u00bfMIDIENDO LAS AGUAS EN VERACRUZ? - Los pol\u00edticos Veracruz","og_description":"[S\u00edguenos ahora tambi\u00e9n en WhatsApp.\u00a0Da clic aqu\u00ed]\u00a0Ricardo Chua Sale y Vale CUITL\u00c1HUAC Y PATROCINIO&#8230; En el comit\u00e9 nacional de MORENA corre fuerte el rumor.. Que por distintas acciones y confrontaciones pol\u00edticas al interior de este partido en Veracruz.. Es que en las \u00faltima semanas, las 3 que han pasado para ser exactos.. Se han \u00abvenido [&hellip;]","og_url":"https:\/\/lospoliticosveracruz.com\/?p=143403","og_site_name":"Los pol\u00edticos Veracruz","article_publisher":"https:\/\/www.facebook.com\/people\/Notimemes-de-los-Polticos\/61565672886568\/","article_published_time":"2025-05-04T12:03:43+00:00","article_modified_time":"2025-05-04T12:03:55+00:00","og_image":[{"width":600,"height":320,"url":"https:\/\/lospoliticosveracruz.com\/wp-content\/uploads\/2025\/04\/Chua-e1761364658706.jpg","type":"image\/jpeg"}],"author":"Lo viste en Los Pol\u00edticos","twitter_card":"summary_large_image","twitter_creator":"@LosPoliticosVer","twitter_site":"@LosPoliticosVer","twitter_misc":{"Escrito por":"Lo viste en Los Pol\u00edticos","Tiempo de lectura":"5 minutos"},"schema":{"@context":"https:\/\/schema.org","@graph":[{"@type":"Article","@id":"https:\/\/lospoliticosveracruz.com\/?p=143403#article","isPartOf":{"@id":"https:\/\/lospoliticosveracruz.com\/?p=143403"},"author":{"name":"Lo viste en Los Pol\u00edticos","@id":"https:\/\/lospoliticosveracruz.com\/#\/schema\/person\/b8702bb0e538456e6efd07080bf2a4a2"},"headline":"CUIC Y BOLA 8, \u00bfMIDIENDO LAS AGUAS EN VERACRUZ?","datePublished":"2025-05-04T12:03:43+00:00","dateModified":"2025-05-04T12:03:55+00:00","mainEntityOfPage":{"@id":"https:\/\/lospoliticosveracruz.com\/?p=143403"},"wordCount":1100,"publisher":{"@id":"https:\/\/lospoliticosveracruz.com\/#organization"},"image":{"@id":"https:\/\/lospoliticosveracruz.com\/?p=143403#primaryimage"},"thumbnailUrl":"https:\/\/lospoliticosveracruz.com\/wp-content\/uploads\/2025\/04\/Chua-e1761364658706.jpg","keywords":["Cuitl\u00e1huac Garc\u00eda Jim\u00e9nez","Eric Cisneros","Morena","Roc\u00edo Nahle","Veracruz"],"articleSection":["De Opini\u00f3n"],"inLanguage":"es"},{"@type":"WebPage","@id":"https:\/\/lospoliticosveracruz.com\/?p=143403","url":"https:\/\/lospoliticosveracruz.com\/?p=143403","name":"CUIC Y BOLA 8, \u00bfMIDIENDO LAS AGUAS EN VERACRUZ? - Los pol\u00edticos Veracruz","isPartOf":{"@id":"https:\/\/lospoliticosveracruz.com\/#website"},"primaryImageOfPage":{"@id":"https:\/\/lospoliticosveracruz.com\/?p=143403#primaryimage"},"image":{"@id":"https:\/\/lospoliticosveracruz.com\/?p=143403#primaryimage"},"thumbnailUrl":"https:\/\/lospoliticosveracruz.com\/wp-content\/uploads\/2025\/04\/Chua-e1761364658706.jpg","datePublished":"2025-05-04T12:03:43+00:00","dateModified":"2025-05-04T12:03:55+00:00","breadcrumb":{"@id":"https:\/\/lospoliticosveracruz.com\/?p=143403#breadcrumb"},"inLanguage":"es","potentialAction":[{"@type":"ReadAction","target":["https:\/\/lospoliticosveracruz.com\/?p=143403"]}]},{"@type":"ImageObject","inLanguage":"es","@id":"https:\/\/lospoliticosveracruz.com\/?p=143403#primaryimage","url":"https:\/\/lospoliticosveracruz.com\/wp-content\/uploads\/2025\/04\/Chua-e1761364658706.jpg","contentUrl":"https:\/\/lospoliticosveracruz.com\/wp-content\/uploads\/2025\/04\/Chua-e1761364658706.jpg","width":600,"height":320},{"@type":"BreadcrumbList","@id":"https:\/\/lospoliticosveracruz.com\/?p=143403#breadcrumb","itemListElement":[{"@type":"ListItem","position":1,"name":"Portada","item":"https:\/\/lospoliticosveracruz.com\/"},{"@type":"ListItem","position":2,"name":"CUIC Y BOLA 8, \u00bfMIDIENDO LAS AGUAS EN VERACRUZ?"}]},{"@type":"WebSite","@id":"https:\/\/lospoliticosveracruz.com\/#website","url":"https:\/\/lospoliticosveracruz.com\/","name":"Los pol\u00edticos Veracruz","description":"","publisher":{"@id":"https:\/\/lospoliticosveracruz.com\/#organization"},"potentialAction":[{"@type":"SearchAction","target":{"@type":"EntryPoint","urlTemplate":"https:\/\/lospoliticosveracruz.com\/?s={search_term_string}"},"query-input":{"@type":"PropertyValueSpecification","valueRequired":true,"valueName":"search_term_string"}}],"inLanguage":"es"},{"@type":"Organization","@id":"https:\/\/lospoliticosveracruz.com\/#organization","name":"Los pol\u00edticos Veracruz","url":"https:\/\/lospoliticosveracruz.com\/","logo":{"@type":"ImageObject","inLanguage":"es","@id":"https:\/\/lospoliticosveracruz.com\/#\/schema\/logo\/image\/","url":"https:\/\/lospoliticosveracruz.com\/wp-content\/uploads\/2025\/12\/Logo-Nuevo-LOS-POLITICOS-1.jpg","contentUrl":"https:\/\/lospoliticosveracruz.com\/wp-content\/uploads\/2025\/12\/Logo-Nuevo-LOS-POLITICOS-1.jpg","width":260,"height":70,"caption":"Los pol\u00edticos Veracruz"},"image":{"@id":"https:\/\/lospoliticosveracruz.com\/#\/schema\/logo\/image\/"},"sameAs":["https:\/\/www.facebook.com\/people\/Notimemes-de-los-Polticos\/61565672886568\/","https:\/\/x.com\/LosPoliticosVer"]},{"@type":"Person","@id":"https:\/\/lospoliticosveracruz.com\/#\/schema\/person\/b8702bb0e538456e6efd07080bf2a4a2","name":"Lo viste en Los Pol\u00edticos","image":{"@type":"ImageObject","inLanguage":"es","@id":"https:\/\/secure.gravatar.com\/avatar\/3a8de04a2656d44082be478bd6c086daa447c4651605818287b9532d3d0bd435?s=96&d=mm&r=g","url":"https:\/\/secure.gravatar.com\/avatar\/3a8de04a2656d44082be478bd6c086daa447c4651605818287b9532d3d0bd435?s=96&d=mm&r=g","contentUrl":"https:\/\/secure.gravatar.com\/avatar\/3a8de04a2656d44082be478bd6c086daa447c4651605818287b9532d3d0bd435?s=96&d=mm&r=g","caption":"Lo viste en Los Pol\u00edticos"},"url":"https:\/\/lospoliticosveracruz.com\/?author=2"}]}},"_links":{"self":[{"href":"https:\/\/lospoliticosveracruz.com\/index.php?rest_route=\/wp\/v2\/posts\/143403","targetHints":{"allow":["GET"]}}],"collection":[{"href":"https:\/\/lospoliticosveracruz.com\/index.php?rest_route=\/wp\/v2\/posts"}],"about":[{"href":"https:\/\/lospoliticosveracruz.com\/index.php?rest_route=\/wp\/v2\/types\/post"}],"author":[{"embeddable":true,"href":"https:\/\/lospoliticosveracruz.com\/index.php?rest_route=\/wp\/v2\/users\/2"}],"replies":[{"embeddable":true,"href":"https:\/\/lospoliticosveracruz.com\/index.php?rest_route=%2Fwp%2Fv2%2Fcomments&post=143403"}],"version-history":[{"count":1,"href":"https:\/\/lospoliticosveracruz.com\/index.php?rest_route=\/wp\/v2\/posts\/143403\/revisions"}],"predecessor-version":[{"id":143404,"href":"https:\/\/lospoliticosveracruz.com\/index.php?rest_route=\/wp\/v2\/posts\/143403\/revisions\/143404"}],"wp:featuredmedia":[{"embeddable":true,"href":"https:\/\/lospoliticosveracruz.com\/index.php?rest_route=\/wp\/v2\/media\/141434"}],"wp:attachment":[{"href":"https:\/\/lospoliticosveracruz.com\/index.php?rest_route=%2Fwp%2Fv2%2Fmedia&parent=143403"}],"wp:term":[{"taxonomy":"category","embeddable":true,"href":"https:\/\/lospoliticosveracruz.com\/index.php?rest_route=%2Fwp%2Fv2%2Fcategories&post=143403"},{"taxonomy":"post_tag","embeddable":true,"href":"https:\/\/lospoliticosveracruz.com\/index.php?rest_route=%2Fwp%2Fv2%2Ftags&post=143403"}],"curies":[{"name":"wp","href":"https:\/\/api.w.org\/{rel}","templated":true}]}}