{"id":14344,"date":"2014-12-25T22:09:36","date_gmt":"2014-12-26T04:09:36","guid":{"rendered":"http:\/\/www.lospoliticosveracruz.com.mx\/?p=14344"},"modified":"2014-12-25T22:09:36","modified_gmt":"2014-12-26T04:09:36","slug":"rodolfo-mendoza-cronicas-etilicas-ii","status":"publish","type":"post","link":"https:\/\/lospoliticosveracruz.com\/?p=14344","title":{"rendered":"Rodolfo Mendoza, cr\u00f3nicas et\u00edlicas II"},"content":{"rendered":"<p><a href=\"http:\/\/www.lospoliticosveracruz.com.mx\/wp-content\/uploads\/2014\/12\/Rodolfo-Mendoza-IVEC.jpg\"><img loading=\"lazy\" decoding=\"async\" class=\"alignnone size-medium wp-image-14345\" src=\"http:\/\/www.lospoliticosveracruz.com.mx\/wp-content\/uploads\/2014\/12\/Rodolfo-Mendoza-IVEC-300x206.jpg\" alt=\"Rodolfo Mendoza IVEC\" width=\"300\" height=\"206\" \/><\/a><\/p>\n<p><strong>Armando Ortiz<\/strong><\/p>\n<p><em>El Hijo Pr\u00f3digo<\/em><\/p>\n<p>&nbsp;<\/p>\n<p>En d\u00edas pasados el gobernador Javier Duarte instruy\u00f3 a Pedro Montalvo, nuevo funcionario de Espacios Educativos, \u201ca ganar la confianza de la gente haciendo bien las cosas\u201d. \u201cEl compromiso -asever\u00f3 Duarte-, es hacer bien las cosas para continuar a la altura de las circunstancias e ir por nuevos logros. En todo nuestro Estado no hay lugar para la opacidad ni para la simulaci\u00f3n, sino para servir y servir bien\u201d.<br \/>\nEl 23 de diciembre de 2014 a eso de las 12:20 del d\u00eda llego a mi casa y busco el C\u00f3digo de \u00c9tica de los Servidores P\u00fablicos del Poder Ejecutivo del Estado de Veracruz de Ignacio de la Llave. En su art\u00edculo 1 dice: \u201cEl presente C\u00f3digo es de observancia general y obligatoria para los servidores p\u00fablicos del Poder Ejecutivo del Estado y tiene por objeto enunciar y dar a conocer a los servidores p\u00fablicos, los valores y principios de car\u00e1cter \u00e9tico que deben observar y cumplir en el desempe\u00f1o de su empleo, cargo o comisi\u00f3n\u201d.<br \/>\nEn el rubro sobre Honestidad dicho c\u00f3digo se\u00f1ala: \u201cEl servidor p\u00fablico debe conducirse en todo momento con integridad, probidad y veracidad, comentando en la sociedad una cultura de confianza actuando con diligencia, honor, justicia y transparencia de acuerdo a los prop\u00f3sitos de la instituci\u00f3n\u201d.<br \/>\nEn el rubro sobre Rendici\u00f3n de cuentas dice: \u201cEl servidor p\u00fablico debe asumir plenamente la responsabilidad de desempe\u00f1ar sus funciones en forma adecuada, sujet\u00e1ndose a la evaluaci\u00f3n de la propia sociedad, lo cual conlleva a que realice sus funciones con eficacia y calidad\u201d.<br \/>\nFinalmente, sobre Respeto y Dignidad dicho c\u00f3digo dice: \u201cEl servidor p\u00fablico debe actuar permanentemente con sobriedad, mesura y moderaci\u00f3n, en el ejercicio de sus facultades, tratando en todo momento a los compa\u00f1eros de trabajo y al p\u00fablico en general con dignidad, cortes\u00eda, cordialidad, igual- dad, y tolerancia, reconociendo en todo momento los derechos, libertadas y cualidad inherentes a la condici\u00f3n humana\u201d.<br \/>\nPor supuesto, si el se\u00f1or Rodolfo Mendoza Rosendo, estuviera tomando en Chico Julio fuera de su horario de trabajo, otro gallo cantar\u00eda. Pero como se\u00f1al\u00e9 antes, cuando llam\u00e9 a su oficina me contestaron que el se\u00f1or no hab\u00eda llegado, se\u00f1al de que lo esperaban. Una de sus secretarias me dijo que andaba en Xalapa y me comuniqu\u00e9. Ah\u00ed me dijeron que esa ma\u00f1ana no hab\u00eda acudido a su oficina. Si a esto sumamos que el gobernador advirti\u00f3 que sus funcionario p\u00fablicos no iban a tener vacaciones, pues entonces el director del IVEC, en horario de oficina, estuvo, al menos de las 10:00 horas, hasta las 11:40 de la ma\u00f1ana, que es cuando lo vi salir, tomando con unos parroquianos en el bar Chico Julio, de la calle de Victoria en la ciudad de Xalapa, haciendo caso omiso a la advertencia de Javier Duarte sobre que sus funcionarios p\u00fablicos no iban a andar de vacaciones y violando varios puntos del C\u00f3digo de \u00c9tica de los Servidores P\u00fablicos.<br \/>\nPero qu\u00e9 hay de las \u00faltimas declaraciones del gobernador sobre el compromiso de ganar la confianza de los ciudadanos haciendo bien las cosas. Y qu\u00e9 del dicho de que en su gobierno no hay lugar para la opacidad ni para la simulaci\u00f3n.<br \/>\nA menos que se piense abrir una casa de la cultura en el bar Chico Julio, no veo como podr\u00eda justificar el director del IVEC su presencia en ese lugar, en horario de oficina y en estado de ebriedad.<br \/>\nDicen los que lo defienden que \u201cexisten peores faltas que seguir la peda y faltar un d\u00eda al trabajo\u201d. Esa conducta es reprochable para cualquier empleado de gobierno, pero que el director del Instituto Veracruzano de la Cultura tenga esa conducta, es digno de ser sancionado.<br \/>\nSi no sucede as\u00ed, entonces que a los bares y antros de la ciudad les pongan el escudo del gobierno de Veracruz, para hacer de estos lugares una sucursal de las instituciones del estado.<\/p>\n<p>Postdata 1: Desde marzo \u00a0el Colectivo Faunaurbana espera audiencia en el IVEC<br \/>\nEn uno de los comentarios sobre la primera parte de este art\u00edculo me entero que \u00a0el Colectivo Faunaurbana est\u00e1 esperando desde el mes de marzo una entrevista con Rodolfo Mendoza, director del IVEC. \u201cSe nos ocurre pensar en esto porque el mi\u00e9rcoles 12 de marzo \u2013fecha de una entrevista contigo Rodo- estaba \u201cmuy delicado\u201d, por ello en el Colectivo Faunaurbana queremos saber si a\u00fan sigue delicado o si en breve ser\u00e1 afable\u201d (sic). Ya les dimos un tip, vayan a Chico Julio, ah\u00ed est\u00e1 dando audiencia.<\/p>\n<p>Armando Ortiz aortiz52@hotmail.com<\/p>\n","protected":false},"excerpt":{"rendered":"<p>Armando Ortiz El Hijo Pr\u00f3digo &nbsp; En d\u00edas pasados el gobernador Javier Duarte instruy\u00f3 a Pedro Montalvo, nuevo funcionario de Espacios Educativos, \u201ca ganar la confianza de la gente haciendo bien las cosas\u201d. \u201cEl compromiso -asever\u00f3 Duarte-, es hacer bien las cosas para continuar a la altura de las circunstancias e ir por nuevos logros. [&hellip;]<\/p>\n","protected":false},"author":2,"featured_media":0,"comment_status":"open","ping_status":"open","sticky":false,"template":"","format":"standard","meta":{"tdm_status":"","tdm_grid_status":"","footnotes":""},"categories":[70],"tags":[1346,316,260,1345],"class_list":{"0":"post-14344","1":"post","2":"type-post","3":"status-publish","4":"format-standard","6":"category-de-opinion","7":"tag-chico-julio","8":"tag-ivec","9":"tag-javier-duarte-de-ochoa","10":"tag-rodolfo-mendoza-rosendo"},"yoast_head":"<!-- This site is optimized with the Yoast SEO plugin v27.4 - https:\/\/yoast.com\/product\/yoast-seo-wordpress\/ -->\n<title>Rodolfo Mendoza, cr\u00f3nicas et\u00edlicas II - Los pol\u00edticos Veracruz<\/title>\n<meta name=\"robots\" content=\"index, follow, max-snippet:-1, max-image-preview:large, max-video-preview:-1\" \/>\n<link rel=\"canonical\" href=\"https:\/\/lospoliticosveracruz.com\/?p=14344\" \/>\n<meta property=\"og:locale\" content=\"es_ES\" \/>\n<meta property=\"og:type\" content=\"article\" \/>\n<meta property=\"og:title\" content=\"Rodolfo Mendoza, cr\u00f3nicas et\u00edlicas II - Los pol\u00edticos Veracruz\" \/>\n<meta property=\"og:description\" content=\"Armando Ortiz El Hijo Pr\u00f3digo &nbsp; En d\u00edas pasados el gobernador Javier Duarte instruy\u00f3 a Pedro Montalvo, nuevo funcionario de Espacios Educativos, \u201ca ganar la confianza de la gente haciendo bien las cosas\u201d. \u201cEl compromiso -asever\u00f3 Duarte-, es hacer bien las cosas para continuar a la altura de las circunstancias e ir por nuevos logros. [&hellip;]\" \/>\n<meta property=\"og:url\" content=\"https:\/\/lospoliticosveracruz.com\/?p=14344\" \/>\n<meta property=\"og:site_name\" content=\"Los pol\u00edticos Veracruz\" \/>\n<meta property=\"article:publisher\" content=\"https:\/\/www.facebook.com\/people\/Notimemes-de-los-Polticos\/61565672886568\/\" \/>\n<meta property=\"article:published_time\" content=\"2014-12-26T04:09:36+00:00\" \/>\n<meta property=\"og:image\" content=\"http:\/\/www.lospoliticosveracruz.com.mx\/wp-content\/uploads\/2014\/12\/Rodolfo-Mendoza-IVEC-300x206.jpg\" \/>\n<meta name=\"author\" content=\"Lo viste en Los Pol\u00edticos\" \/>\n<meta name=\"twitter:card\" content=\"summary_large_image\" \/>\n<meta name=\"twitter:creator\" content=\"@LosPoliticosVer\" \/>\n<meta name=\"twitter:site\" content=\"@LosPoliticosVer\" \/>\n<meta name=\"twitter:label1\" content=\"Escrito por\" \/>\n\t<meta name=\"twitter:data1\" content=\"Lo viste en Los Pol\u00edticos\" \/>\n\t<meta name=\"twitter:label2\" content=\"Tiempo de lectura\" \/>\n\t<meta name=\"twitter:data2\" content=\"4 minutos\" \/>\n<script type=\"application\/ld+json\" class=\"yoast-schema-graph\">{\"@context\":\"https:\\\/\\\/schema.org\",\"@graph\":[{\"@type\":\"Article\",\"@id\":\"https:\\\/\\\/lospoliticosveracruz.com\\\/?p=14344#article\",\"isPartOf\":{\"@id\":\"https:\\\/\\\/lospoliticosveracruz.com\\\/?p=14344\"},\"author\":{\"name\":\"Lo viste en Los Pol\u00edticos\",\"@id\":\"https:\\\/\\\/lospoliticosveracruz.com\\\/#\\\/schema\\\/person\\\/b8702bb0e538456e6efd07080bf2a4a2\"},\"headline\":\"Rodolfo Mendoza, cr\u00f3nicas et\u00edlicas II\",\"datePublished\":\"2014-12-26T04:09:36+00:00\",\"mainEntityOfPage\":{\"@id\":\"https:\\\/\\\/lospoliticosveracruz.com\\\/?p=14344\"},\"wordCount\":797,\"commentCount\":0,\"publisher\":{\"@id\":\"https:\\\/\\\/lospoliticosveracruz.com\\\/#organization\"},\"image\":{\"@id\":\"https:\\\/\\\/lospoliticosveracruz.com\\\/?p=14344#primaryimage\"},\"thumbnailUrl\":\"http:\\\/\\\/www.lospoliticosveracruz.com.mx\\\/wp-content\\\/uploads\\\/2014\\\/12\\\/Rodolfo-Mendoza-IVEC-300x206.jpg\",\"keywords\":[\"Chico Julio\",\"IVEC\",\"Javier Duarte de Ochoa\",\"Rodolfo Mendoza Rosendo\"],\"articleSection\":[\"De Opini\u00f3n\"],\"inLanguage\":\"es\",\"potentialAction\":[{\"@type\":\"CommentAction\",\"name\":\"Comment\",\"target\":[\"https:\\\/\\\/lospoliticosveracruz.com\\\/?p=14344#respond\"]}]},{\"@type\":\"WebPage\",\"@id\":\"https:\\\/\\\/lospoliticosveracruz.com\\\/?p=14344\",\"url\":\"https:\\\/\\\/lospoliticosveracruz.com\\\/?p=14344\",\"name\":\"Rodolfo Mendoza, cr\u00f3nicas et\u00edlicas II - Los pol\u00edticos Veracruz\",\"isPartOf\":{\"@id\":\"https:\\\/\\\/lospoliticosveracruz.com\\\/#website\"},\"primaryImageOfPage\":{\"@id\":\"https:\\\/\\\/lospoliticosveracruz.com\\\/?p=14344#primaryimage\"},\"image\":{\"@id\":\"https:\\\/\\\/lospoliticosveracruz.com\\\/?p=14344#primaryimage\"},\"thumbnailUrl\":\"http:\\\/\\\/www.lospoliticosveracruz.com.mx\\\/wp-content\\\/uploads\\\/2014\\\/12\\\/Rodolfo-Mendoza-IVEC-300x206.jpg\",\"datePublished\":\"2014-12-26T04:09:36+00:00\",\"breadcrumb\":{\"@id\":\"https:\\\/\\\/lospoliticosveracruz.com\\\/?p=14344#breadcrumb\"},\"inLanguage\":\"es\",\"potentialAction\":[{\"@type\":\"ReadAction\",\"target\":[\"https:\\\/\\\/lospoliticosveracruz.com\\\/?p=14344\"]}]},{\"@type\":\"ImageObject\",\"inLanguage\":\"es\",\"@id\":\"https:\\\/\\\/lospoliticosveracruz.com\\\/?p=14344#primaryimage\",\"url\":\"http:\\\/\\\/www.lospoliticosveracruz.com.mx\\\/wp-content\\\/uploads\\\/2014\\\/12\\\/Rodolfo-Mendoza-IVEC-300x206.jpg\",\"contentUrl\":\"http:\\\/\\\/www.lospoliticosveracruz.com.mx\\\/wp-content\\\/uploads\\\/2014\\\/12\\\/Rodolfo-Mendoza-IVEC-300x206.jpg\"},{\"@type\":\"BreadcrumbList\",\"@id\":\"https:\\\/\\\/lospoliticosveracruz.com\\\/?p=14344#breadcrumb\",\"itemListElement\":[{\"@type\":\"ListItem\",\"position\":1,\"name\":\"Portada\",\"item\":\"https:\\\/\\\/lospoliticosveracruz.com\\\/\"},{\"@type\":\"ListItem\",\"position\":2,\"name\":\"Rodolfo Mendoza, cr\u00f3nicas et\u00edlicas II\"}]},{\"@type\":\"WebSite\",\"@id\":\"https:\\\/\\\/lospoliticosveracruz.com\\\/#website\",\"url\":\"https:\\\/\\\/lospoliticosveracruz.com\\\/\",\"name\":\"Los pol\u00edticos Veracruz\",\"description\":\"\",\"publisher\":{\"@id\":\"https:\\\/\\\/lospoliticosveracruz.com\\\/#organization\"},\"potentialAction\":[{\"@type\":\"SearchAction\",\"target\":{\"@type\":\"EntryPoint\",\"urlTemplate\":\"https:\\\/\\\/lospoliticosveracruz.com\\\/?s={search_term_string}\"},\"query-input\":{\"@type\":\"PropertyValueSpecification\",\"valueRequired\":true,\"valueName\":\"search_term_string\"}}],\"inLanguage\":\"es\"},{\"@type\":\"Organization\",\"@id\":\"https:\\\/\\\/lospoliticosveracruz.com\\\/#organization\",\"name\":\"Los pol\u00edticos Veracruz\",\"url\":\"https:\\\/\\\/lospoliticosveracruz.com\\\/\",\"logo\":{\"@type\":\"ImageObject\",\"inLanguage\":\"es\",\"@id\":\"https:\\\/\\\/lospoliticosveracruz.com\\\/#\\\/schema\\\/logo\\\/image\\\/\",\"url\":\"https:\\\/\\\/lospoliticosveracruz.com\\\/wp-content\\\/uploads\\\/2025\\\/12\\\/Logo-Nuevo-LOS-POLITICOS-1.jpg\",\"contentUrl\":\"https:\\\/\\\/lospoliticosveracruz.com\\\/wp-content\\\/uploads\\\/2025\\\/12\\\/Logo-Nuevo-LOS-POLITICOS-1.jpg\",\"width\":260,\"height\":70,\"caption\":\"Los pol\u00edticos Veracruz\"},\"image\":{\"@id\":\"https:\\\/\\\/lospoliticosveracruz.com\\\/#\\\/schema\\\/logo\\\/image\\\/\"},\"sameAs\":[\"https:\\\/\\\/www.facebook.com\\\/people\\\/Notimemes-de-los-Polticos\\\/61565672886568\\\/\",\"https:\\\/\\\/x.com\\\/LosPoliticosVer\"]},{\"@type\":\"Person\",\"@id\":\"https:\\\/\\\/lospoliticosveracruz.com\\\/#\\\/schema\\\/person\\\/b8702bb0e538456e6efd07080bf2a4a2\",\"name\":\"Lo viste en Los Pol\u00edticos\",\"image\":{\"@type\":\"ImageObject\",\"inLanguage\":\"es\",\"@id\":\"https:\\\/\\\/secure.gravatar.com\\\/avatar\\\/3a8de04a2656d44082be478bd6c086daa447c4651605818287b9532d3d0bd435?s=96&d=mm&r=g\",\"url\":\"https:\\\/\\\/secure.gravatar.com\\\/avatar\\\/3a8de04a2656d44082be478bd6c086daa447c4651605818287b9532d3d0bd435?s=96&d=mm&r=g\",\"contentUrl\":\"https:\\\/\\\/secure.gravatar.com\\\/avatar\\\/3a8de04a2656d44082be478bd6c086daa447c4651605818287b9532d3d0bd435?s=96&d=mm&r=g\",\"caption\":\"Lo viste en Los Pol\u00edticos\"},\"url\":\"https:\\\/\\\/lospoliticosveracruz.com\\\/?author=2\"}]}<\/script>\n<!-- \/ Yoast SEO plugin. -->","yoast_head_json":{"title":"Rodolfo Mendoza, cr\u00f3nicas et\u00edlicas II - Los pol\u00edticos Veracruz","robots":{"index":"index","follow":"follow","max-snippet":"max-snippet:-1","max-image-preview":"max-image-preview:large","max-video-preview":"max-video-preview:-1"},"canonical":"https:\/\/lospoliticosveracruz.com\/?p=14344","og_locale":"es_ES","og_type":"article","og_title":"Rodolfo Mendoza, cr\u00f3nicas et\u00edlicas II - Los pol\u00edticos Veracruz","og_description":"Armando Ortiz El Hijo Pr\u00f3digo &nbsp; En d\u00edas pasados el gobernador Javier Duarte instruy\u00f3 a Pedro Montalvo, nuevo funcionario de Espacios Educativos, \u201ca ganar la confianza de la gente haciendo bien las cosas\u201d. \u201cEl compromiso -asever\u00f3 Duarte-, es hacer bien las cosas para continuar a la altura de las circunstancias e ir por nuevos logros. [&hellip;]","og_url":"https:\/\/lospoliticosveracruz.com\/?p=14344","og_site_name":"Los pol\u00edticos Veracruz","article_publisher":"https:\/\/www.facebook.com\/people\/Notimemes-de-los-Polticos\/61565672886568\/","article_published_time":"2014-12-26T04:09:36+00:00","og_image":[{"url":"http:\/\/www.lospoliticosveracruz.com.mx\/wp-content\/uploads\/2014\/12\/Rodolfo-Mendoza-IVEC-300x206.jpg","type":"","width":"","height":""}],"author":"Lo viste en Los Pol\u00edticos","twitter_card":"summary_large_image","twitter_creator":"@LosPoliticosVer","twitter_site":"@LosPoliticosVer","twitter_misc":{"Escrito por":"Lo viste en Los Pol\u00edticos","Tiempo de lectura":"4 minutos"},"schema":{"@context":"https:\/\/schema.org","@graph":[{"@type":"Article","@id":"https:\/\/lospoliticosveracruz.com\/?p=14344#article","isPartOf":{"@id":"https:\/\/lospoliticosveracruz.com\/?p=14344"},"author":{"name":"Lo viste en Los Pol\u00edticos","@id":"https:\/\/lospoliticosveracruz.com\/#\/schema\/person\/b8702bb0e538456e6efd07080bf2a4a2"},"headline":"Rodolfo Mendoza, cr\u00f3nicas et\u00edlicas II","datePublished":"2014-12-26T04:09:36+00:00","mainEntityOfPage":{"@id":"https:\/\/lospoliticosveracruz.com\/?p=14344"},"wordCount":797,"commentCount":0,"publisher":{"@id":"https:\/\/lospoliticosveracruz.com\/#organization"},"image":{"@id":"https:\/\/lospoliticosveracruz.com\/?p=14344#primaryimage"},"thumbnailUrl":"http:\/\/www.lospoliticosveracruz.com.mx\/wp-content\/uploads\/2014\/12\/Rodolfo-Mendoza-IVEC-300x206.jpg","keywords":["Chico Julio","IVEC","Javier Duarte de Ochoa","Rodolfo Mendoza Rosendo"],"articleSection":["De Opini\u00f3n"],"inLanguage":"es","potentialAction":[{"@type":"CommentAction","name":"Comment","target":["https:\/\/lospoliticosveracruz.com\/?p=14344#respond"]}]},{"@type":"WebPage","@id":"https:\/\/lospoliticosveracruz.com\/?p=14344","url":"https:\/\/lospoliticosveracruz.com\/?p=14344","name":"Rodolfo Mendoza, cr\u00f3nicas et\u00edlicas II - Los pol\u00edticos Veracruz","isPartOf":{"@id":"https:\/\/lospoliticosveracruz.com\/#website"},"primaryImageOfPage":{"@id":"https:\/\/lospoliticosveracruz.com\/?p=14344#primaryimage"},"image":{"@id":"https:\/\/lospoliticosveracruz.com\/?p=14344#primaryimage"},"thumbnailUrl":"http:\/\/www.lospoliticosveracruz.com.mx\/wp-content\/uploads\/2014\/12\/Rodolfo-Mendoza-IVEC-300x206.jpg","datePublished":"2014-12-26T04:09:36+00:00","breadcrumb":{"@id":"https:\/\/lospoliticosveracruz.com\/?p=14344#breadcrumb"},"inLanguage":"es","potentialAction":[{"@type":"ReadAction","target":["https:\/\/lospoliticosveracruz.com\/?p=14344"]}]},{"@type":"ImageObject","inLanguage":"es","@id":"https:\/\/lospoliticosveracruz.com\/?p=14344#primaryimage","url":"http:\/\/www.lospoliticosveracruz.com.mx\/wp-content\/uploads\/2014\/12\/Rodolfo-Mendoza-IVEC-300x206.jpg","contentUrl":"http:\/\/www.lospoliticosveracruz.com.mx\/wp-content\/uploads\/2014\/12\/Rodolfo-Mendoza-IVEC-300x206.jpg"},{"@type":"BreadcrumbList","@id":"https:\/\/lospoliticosveracruz.com\/?p=14344#breadcrumb","itemListElement":[{"@type":"ListItem","position":1,"name":"Portada","item":"https:\/\/lospoliticosveracruz.com\/"},{"@type":"ListItem","position":2,"name":"Rodolfo Mendoza, cr\u00f3nicas et\u00edlicas II"}]},{"@type":"WebSite","@id":"https:\/\/lospoliticosveracruz.com\/#website","url":"https:\/\/lospoliticosveracruz.com\/","name":"Los pol\u00edticos Veracruz","description":"","publisher":{"@id":"https:\/\/lospoliticosveracruz.com\/#organization"},"potentialAction":[{"@type":"SearchAction","target":{"@type":"EntryPoint","urlTemplate":"https:\/\/lospoliticosveracruz.com\/?s={search_term_string}"},"query-input":{"@type":"PropertyValueSpecification","valueRequired":true,"valueName":"search_term_string"}}],"inLanguage":"es"},{"@type":"Organization","@id":"https:\/\/lospoliticosveracruz.com\/#organization","name":"Los pol\u00edticos Veracruz","url":"https:\/\/lospoliticosveracruz.com\/","logo":{"@type":"ImageObject","inLanguage":"es","@id":"https:\/\/lospoliticosveracruz.com\/#\/schema\/logo\/image\/","url":"https:\/\/lospoliticosveracruz.com\/wp-content\/uploads\/2025\/12\/Logo-Nuevo-LOS-POLITICOS-1.jpg","contentUrl":"https:\/\/lospoliticosveracruz.com\/wp-content\/uploads\/2025\/12\/Logo-Nuevo-LOS-POLITICOS-1.jpg","width":260,"height":70,"caption":"Los pol\u00edticos Veracruz"},"image":{"@id":"https:\/\/lospoliticosveracruz.com\/#\/schema\/logo\/image\/"},"sameAs":["https:\/\/www.facebook.com\/people\/Notimemes-de-los-Polticos\/61565672886568\/","https:\/\/x.com\/LosPoliticosVer"]},{"@type":"Person","@id":"https:\/\/lospoliticosveracruz.com\/#\/schema\/person\/b8702bb0e538456e6efd07080bf2a4a2","name":"Lo viste en Los Pol\u00edticos","image":{"@type":"ImageObject","inLanguage":"es","@id":"https:\/\/secure.gravatar.com\/avatar\/3a8de04a2656d44082be478bd6c086daa447c4651605818287b9532d3d0bd435?s=96&d=mm&r=g","url":"https:\/\/secure.gravatar.com\/avatar\/3a8de04a2656d44082be478bd6c086daa447c4651605818287b9532d3d0bd435?s=96&d=mm&r=g","contentUrl":"https:\/\/secure.gravatar.com\/avatar\/3a8de04a2656d44082be478bd6c086daa447c4651605818287b9532d3d0bd435?s=96&d=mm&r=g","caption":"Lo viste en Los Pol\u00edticos"},"url":"https:\/\/lospoliticosveracruz.com\/?author=2"}]}},"_links":{"self":[{"href":"https:\/\/lospoliticosveracruz.com\/index.php?rest_route=\/wp\/v2\/posts\/14344","targetHints":{"allow":["GET"]}}],"collection":[{"href":"https:\/\/lospoliticosveracruz.com\/index.php?rest_route=\/wp\/v2\/posts"}],"about":[{"href":"https:\/\/lospoliticosveracruz.com\/index.php?rest_route=\/wp\/v2\/types\/post"}],"author":[{"embeddable":true,"href":"https:\/\/lospoliticosveracruz.com\/index.php?rest_route=\/wp\/v2\/users\/2"}],"replies":[{"embeddable":true,"href":"https:\/\/lospoliticosveracruz.com\/index.php?rest_route=%2Fwp%2Fv2%2Fcomments&post=14344"}],"version-history":[{"count":1,"href":"https:\/\/lospoliticosveracruz.com\/index.php?rest_route=\/wp\/v2\/posts\/14344\/revisions"}],"predecessor-version":[{"id":14346,"href":"https:\/\/lospoliticosveracruz.com\/index.php?rest_route=\/wp\/v2\/posts\/14344\/revisions\/14346"}],"wp:attachment":[{"href":"https:\/\/lospoliticosveracruz.com\/index.php?rest_route=%2Fwp%2Fv2%2Fmedia&parent=14344"}],"wp:term":[{"taxonomy":"category","embeddable":true,"href":"https:\/\/lospoliticosveracruz.com\/index.php?rest_route=%2Fwp%2Fv2%2Fcategories&post=14344"},{"taxonomy":"post_tag","embeddable":true,"href":"https:\/\/lospoliticosveracruz.com\/index.php?rest_route=%2Fwp%2Fv2%2Ftags&post=14344"}],"curies":[{"name":"wp","href":"https:\/\/api.w.org\/{rel}","templated":true}]}}