{"id":143453,"date":"2025-05-04T20:29:22","date_gmt":"2025-05-05T01:29:22","guid":{"rendered":"https:\/\/lospoliticosveracruz.com.mx\/?p=143453"},"modified":"2025-05-04T20:29:30","modified_gmt":"2025-05-05T01:29:30","slug":"pronosticos-municipales","status":"publish","type":"post","link":"https:\/\/lospoliticosveracruz.com\/?p=143453","title":{"rendered":"PRON\u00d3STICOS MUNICIPALES"},"content":{"rendered":"\n<p><strong>S\u00edguenos ahora tambi\u00e9n en WhatsApp. \u00a1<a href=\"https:\/\/whatsapp.com\/channel\/0029Va8zRWlEKyZIP3Z1dF0e\">Da clic aqu\u00ed<\/a>!<\/strong><\/p>\n\n\n\n<p><strong>Carlos Miguel Acosta Bravo*<\/strong><\/p>\n\n\n\n<p><em>Impronta<\/em><\/p>\n\n\n\n<p>Al t\u00e9rmino de la primer semana y una&nbsp;&nbsp;vez que han arrancado las campa\u00f1as para elegir a&nbsp;&nbsp;las autoridades municipales en los 212 municipios en Veracruz,&nbsp;&nbsp;seg\u00fan Arias Consultores los resultados de su m\u00e1s reciente estudio de opini\u00f3n rumbo a las elecciones municipales de 2025 los pron\u00f3sticos apuntan de la siguiente manera: En Boca del R\u00edo el PAN que postula a Mary Jos\u00e9 Gamboa PAN 47.%; Morena con Bertha Ahued Malpica con 10.4%; Movimiento Ciudadano 4.5%; PRI 1.5%<\/p>\n\n\n\n<p>Para el caso del puerto de Veracruz va en primer lugar en intenci\u00f3n de voto Rosa Mar\u00eda Hern\u00e1ndez Espejo con 45.5%; le sigue el PAN con la exdiputada Indira Rosales San Rom\u00e1n 35.5% en un lejano tercer lugar el PRI con solo 4.7%; Este caso cobra especial atenci\u00f3n por la influencia del senador ahora Morenista Miguel \u00c1ngel Yunes M\u00e1rquez, quien a pesar de ser designado por Acci\u00f3n Nacional y despu\u00e9s de dar el voto decisivo para la Reforma al Poder Judicial, y tras su separaci\u00f3n matrimonial con la actual alcaldesa Patricia Lobeira, se encuentra operando de manera amplia y abierta a favor de Morena, con lo cual se garantiza el triunfo del partido oficial en el importante puerto de Veracruz.<\/p>\n\n\n\n<p>Xalapa se encuentra m\u00e1s cerrado y a\u00fan y cuando pone a la exdirectora del IPE Daniel Griego (Morena) en primer lugar con un 18.9% y luego del gran trabajo de Ricardo Ahued Bardhuil con numerosas obras p\u00fablicas en colonias pone a MC con el empresario gastron\u00f3mico&nbsp;&nbsp;Rom\u00e1n Moreno en segundo con 18.7% ; en tercero al PRI que postula a Silvio Lagos con 10.3% y al PAN de Maribel Ram\u00edrez Topete con solo un 8.3%. Habr\u00e1 que ver cual es el impacto de la presencia el excandidato a Gobernador Jos\u00e9 Yunes Zorrilla en apoyo al candidato a alcalde por el Revolucionario Institucional.<\/p>\n\n\n\n<p>En Poza Rica encabeza las preferencias Emilio Olvera de MC con 26.7%; le sigue el PAN con 17% y Morena quien postul\u00f3 a la exdiputada Adanely Rodr\u00edguez en tercer lugar con 9.8%. Orizaba va el PRI con Hugo Chah\u00edn Kuri en primer lugar con 33.7%; Morena con 6.4% y Acci\u00f3n Nacional con un 4.8%<\/p>\n\n\n\n<p>En C\u00f3rdoba Arias pone en primer lugar al PAN con Armando A\u00edza con 19.2%; seguido de Morena con 12.6% y MC con 10.7% . todo indica aqu\u00ed que el pron\u00f3stico&nbsp;&nbsp;no es tan acertados , pues Manuel Alonso Cerezo (Morena) cuenta con todo el respaldo de su partido y de un nutrido e importante grupo de empresarios que adem\u00e1s tiene ascendencia tanto en la autoridad electoral al momento de la elecci\u00f3n como todo el control para las impugnaciones que se d\u00e9n de manera posterior a la elecci\u00f3n.<\/p>\n\n\n\n<p>Para Coatzacoalcos se marca una elecci\u00f3n muy cerrada entre Morena, MC y PRI con tres candidatos con presencia como lo son Pedro Miguel Rosaldo Garc\u00eda y uno de los hombres m\u00e1s cercanos a la actual gobernadora Roc\u00edo Nahle; Cristopher Alan Santos Castillo por Movimiento Ciudadano y por \u00faltimo Carlos Manuel Vasconcelos Guevara por el PRI.<\/p>\n\n\n\n<p>Cabe destacar que hist\u00f3ricamente las elecciones municipales son las que m\u00e1s pasi\u00f3n desatan entre los veracruzanos y se le conoce como la madre de todas las elecciones, es importante tambi\u00e9n hacer menci\u00f3n que de los resultados se determinar\u00e1 la vida pol\u00edtica de los dirigentes pol\u00edticos como la titular del poder ejecutivo en el estado, as\u00ed como el dirigente del Morena en el estado Esteban Zepeta y por la importancia del padr\u00f3n electoral tendr\u00e1 impacto incluso en la pol\u00edtica nacional, pues analistas y destacados periodistas como Alejandro Aguirre mencionaron que la actual gobernadora podr\u00eda ser -dependiendo de los resultados- la pr\u00f3xima titular de la Secretar\u00eda de Gobernaci\u00f3n.<\/p>\n\n\n\n<p>*Maestro en Comunicaci\u00f3n por la UIA, catedr\u00e1tico en la licenciatura en comunicaci\u00f3n .<\/p>\n","protected":false},"excerpt":{"rendered":"<p>S\u00edguenos ahora tambi\u00e9n en WhatsApp. \u00a1Da clic aqu\u00ed! Carlos Miguel Acosta Bravo* Impronta Al t\u00e9rmino de la primer semana y una&nbsp;&nbsp;vez que han arrancado las campa\u00f1as para elegir a&nbsp;&nbsp;las autoridades municipales en los 212 municipios en Veracruz,&nbsp;&nbsp;seg\u00fan Arias Consultores los resultados de su m\u00e1s reciente estudio de opini\u00f3n rumbo a las elecciones municipales de 2025 [&hellip;]<\/p>\n","protected":false},"author":2,"featured_media":141377,"comment_status":"closed","ping_status":"closed","sticky":false,"template":"","format":"standard","meta":{"tdm_status":"","tdm_grid_status":"","footnotes":""},"categories":[70],"tags":[],"class_list":{"0":"post-143453","1":"post","2":"type-post","3":"status-publish","4":"format-standard","5":"has-post-thumbnail","7":"category-de-opinion"},"yoast_head":"<!-- This site is optimized with the Yoast SEO plugin v27.4 - https:\/\/yoast.com\/product\/yoast-seo-wordpress\/ -->\n<title>PRON\u00d3STICOS MUNICIPALES - Los pol\u00edticos Veracruz<\/title>\n<meta name=\"robots\" content=\"index, follow, max-snippet:-1, max-image-preview:large, max-video-preview:-1\" \/>\n<link rel=\"canonical\" href=\"https:\/\/lospoliticosveracruz.com\/?p=143453\" \/>\n<meta property=\"og:locale\" content=\"es_ES\" \/>\n<meta property=\"og:type\" content=\"article\" \/>\n<meta property=\"og:title\" content=\"PRON\u00d3STICOS MUNICIPALES - Los pol\u00edticos Veracruz\" \/>\n<meta property=\"og:description\" content=\"S\u00edguenos ahora tambi\u00e9n en WhatsApp. \u00a1Da clic aqu\u00ed! Carlos Miguel Acosta Bravo* Impronta Al t\u00e9rmino de la primer semana y una&nbsp;&nbsp;vez que han arrancado las campa\u00f1as para elegir a&nbsp;&nbsp;las autoridades municipales en los 212 municipios en Veracruz,&nbsp;&nbsp;seg\u00fan Arias Consultores los resultados de su m\u00e1s reciente estudio de opini\u00f3n rumbo a las elecciones municipales de 2025 [&hellip;]\" \/>\n<meta property=\"og:url\" content=\"https:\/\/lospoliticosveracruz.com\/?p=143453\" \/>\n<meta property=\"og:site_name\" content=\"Los pol\u00edticos Veracruz\" \/>\n<meta property=\"article:publisher\" content=\"https:\/\/www.facebook.com\/people\/Notimemes-de-los-Polticos\/61565672886568\/\" \/>\n<meta property=\"article:published_time\" content=\"2025-05-05T01:29:22+00:00\" \/>\n<meta property=\"article:modified_time\" content=\"2025-05-05T01:29:30+00:00\" \/>\n<meta property=\"og:image\" content=\"https:\/\/lospoliticosveracruz.com\/wp-content\/uploads\/2025\/04\/Carlos-Miguel-Acosta-Bravo.jpg\" \/>\n\t<meta property=\"og:image:width\" content=\"1250\" \/>\n\t<meta property=\"og:image:height\" content=\"667\" \/>\n\t<meta property=\"og:image:type\" content=\"image\/jpeg\" \/>\n<meta name=\"author\" content=\"Lo viste en Los Pol\u00edticos\" \/>\n<meta name=\"twitter:card\" content=\"summary_large_image\" \/>\n<meta name=\"twitter:creator\" content=\"@LosPoliticosVer\" \/>\n<meta name=\"twitter:site\" content=\"@LosPoliticosVer\" \/>\n<meta name=\"twitter:label1\" content=\"Escrito por\" \/>\n\t<meta name=\"twitter:data1\" content=\"Lo viste en Los Pol\u00edticos\" \/>\n\t<meta name=\"twitter:label2\" content=\"Tiempo de lectura\" \/>\n\t<meta name=\"twitter:data2\" content=\"3 minutos\" \/>\n<script type=\"application\/ld+json\" class=\"yoast-schema-graph\">{\"@context\":\"https:\\\/\\\/schema.org\",\"@graph\":[{\"@type\":\"Article\",\"@id\":\"https:\\\/\\\/lospoliticosveracruz.com\\\/?p=143453#article\",\"isPartOf\":{\"@id\":\"https:\\\/\\\/lospoliticosveracruz.com\\\/?p=143453\"},\"author\":{\"name\":\"Lo viste en Los Pol\u00edticos\",\"@id\":\"https:\\\/\\\/lospoliticosveracruz.com\\\/#\\\/schema\\\/person\\\/b8702bb0e538456e6efd07080bf2a4a2\"},\"headline\":\"PRON\u00d3STICOS MUNICIPALES\",\"datePublished\":\"2025-05-05T01:29:22+00:00\",\"dateModified\":\"2025-05-05T01:29:30+00:00\",\"mainEntityOfPage\":{\"@id\":\"https:\\\/\\\/lospoliticosveracruz.com\\\/?p=143453\"},\"wordCount\":669,\"publisher\":{\"@id\":\"https:\\\/\\\/lospoliticosveracruz.com\\\/#organization\"},\"image\":{\"@id\":\"https:\\\/\\\/lospoliticosveracruz.com\\\/?p=143453#primaryimage\"},\"thumbnailUrl\":\"https:\\\/\\\/lospoliticosveracruz.com\\\/wp-content\\\/uploads\\\/2025\\\/04\\\/Carlos-Miguel-Acosta-Bravo.jpg\",\"articleSection\":[\"De Opini\u00f3n\"],\"inLanguage\":\"es\"},{\"@type\":\"WebPage\",\"@id\":\"https:\\\/\\\/lospoliticosveracruz.com\\\/?p=143453\",\"url\":\"https:\\\/\\\/lospoliticosveracruz.com\\\/?p=143453\",\"name\":\"PRON\u00d3STICOS MUNICIPALES - Los pol\u00edticos Veracruz\",\"isPartOf\":{\"@id\":\"https:\\\/\\\/lospoliticosveracruz.com\\\/#website\"},\"primaryImageOfPage\":{\"@id\":\"https:\\\/\\\/lospoliticosveracruz.com\\\/?p=143453#primaryimage\"},\"image\":{\"@id\":\"https:\\\/\\\/lospoliticosveracruz.com\\\/?p=143453#primaryimage\"},\"thumbnailUrl\":\"https:\\\/\\\/lospoliticosveracruz.com\\\/wp-content\\\/uploads\\\/2025\\\/04\\\/Carlos-Miguel-Acosta-Bravo.jpg\",\"datePublished\":\"2025-05-05T01:29:22+00:00\",\"dateModified\":\"2025-05-05T01:29:30+00:00\",\"breadcrumb\":{\"@id\":\"https:\\\/\\\/lospoliticosveracruz.com\\\/?p=143453#breadcrumb\"},\"inLanguage\":\"es\",\"potentialAction\":[{\"@type\":\"ReadAction\",\"target\":[\"https:\\\/\\\/lospoliticosveracruz.com\\\/?p=143453\"]}]},{\"@type\":\"ImageObject\",\"inLanguage\":\"es\",\"@id\":\"https:\\\/\\\/lospoliticosveracruz.com\\\/?p=143453#primaryimage\",\"url\":\"https:\\\/\\\/lospoliticosveracruz.com\\\/wp-content\\\/uploads\\\/2025\\\/04\\\/Carlos-Miguel-Acosta-Bravo.jpg\",\"contentUrl\":\"https:\\\/\\\/lospoliticosveracruz.com\\\/wp-content\\\/uploads\\\/2025\\\/04\\\/Carlos-Miguel-Acosta-Bravo.jpg\",\"width\":1250,\"height\":667},{\"@type\":\"BreadcrumbList\",\"@id\":\"https:\\\/\\\/lospoliticosveracruz.com\\\/?p=143453#breadcrumb\",\"itemListElement\":[{\"@type\":\"ListItem\",\"position\":1,\"name\":\"Portada\",\"item\":\"https:\\\/\\\/lospoliticosveracruz.com\\\/\"},{\"@type\":\"ListItem\",\"position\":2,\"name\":\"PRON\u00d3STICOS MUNICIPALES\"}]},{\"@type\":\"WebSite\",\"@id\":\"https:\\\/\\\/lospoliticosveracruz.com\\\/#website\",\"url\":\"https:\\\/\\\/lospoliticosveracruz.com\\\/\",\"name\":\"Los pol\u00edticos Veracruz\",\"description\":\"\",\"publisher\":{\"@id\":\"https:\\\/\\\/lospoliticosveracruz.com\\\/#organization\"},\"potentialAction\":[{\"@type\":\"SearchAction\",\"target\":{\"@type\":\"EntryPoint\",\"urlTemplate\":\"https:\\\/\\\/lospoliticosveracruz.com\\\/?s={search_term_string}\"},\"query-input\":{\"@type\":\"PropertyValueSpecification\",\"valueRequired\":true,\"valueName\":\"search_term_string\"}}],\"inLanguage\":\"es\"},{\"@type\":\"Organization\",\"@id\":\"https:\\\/\\\/lospoliticosveracruz.com\\\/#organization\",\"name\":\"Los pol\u00edticos Veracruz\",\"url\":\"https:\\\/\\\/lospoliticosveracruz.com\\\/\",\"logo\":{\"@type\":\"ImageObject\",\"inLanguage\":\"es\",\"@id\":\"https:\\\/\\\/lospoliticosveracruz.com\\\/#\\\/schema\\\/logo\\\/image\\\/\",\"url\":\"https:\\\/\\\/lospoliticosveracruz.com\\\/wp-content\\\/uploads\\\/2025\\\/12\\\/Logo-Nuevo-LOS-POLITICOS-1.jpg\",\"contentUrl\":\"https:\\\/\\\/lospoliticosveracruz.com\\\/wp-content\\\/uploads\\\/2025\\\/12\\\/Logo-Nuevo-LOS-POLITICOS-1.jpg\",\"width\":260,\"height\":70,\"caption\":\"Los pol\u00edticos Veracruz\"},\"image\":{\"@id\":\"https:\\\/\\\/lospoliticosveracruz.com\\\/#\\\/schema\\\/logo\\\/image\\\/\"},\"sameAs\":[\"https:\\\/\\\/www.facebook.com\\\/people\\\/Notimemes-de-los-Polticos\\\/61565672886568\\\/\",\"https:\\\/\\\/x.com\\\/LosPoliticosVer\"]},{\"@type\":\"Person\",\"@id\":\"https:\\\/\\\/lospoliticosveracruz.com\\\/#\\\/schema\\\/person\\\/b8702bb0e538456e6efd07080bf2a4a2\",\"name\":\"Lo viste en Los Pol\u00edticos\",\"image\":{\"@type\":\"ImageObject\",\"inLanguage\":\"es\",\"@id\":\"https:\\\/\\\/secure.gravatar.com\\\/avatar\\\/3a8de04a2656d44082be478bd6c086daa447c4651605818287b9532d3d0bd435?s=96&d=mm&r=g\",\"url\":\"https:\\\/\\\/secure.gravatar.com\\\/avatar\\\/3a8de04a2656d44082be478bd6c086daa447c4651605818287b9532d3d0bd435?s=96&d=mm&r=g\",\"contentUrl\":\"https:\\\/\\\/secure.gravatar.com\\\/avatar\\\/3a8de04a2656d44082be478bd6c086daa447c4651605818287b9532d3d0bd435?s=96&d=mm&r=g\",\"caption\":\"Lo viste en Los Pol\u00edticos\"},\"url\":\"https:\\\/\\\/lospoliticosveracruz.com\\\/?author=2\"}]}<\/script>\n<!-- \/ Yoast SEO plugin. -->","yoast_head_json":{"title":"PRON\u00d3STICOS MUNICIPALES - Los pol\u00edticos Veracruz","robots":{"index":"index","follow":"follow","max-snippet":"max-snippet:-1","max-image-preview":"max-image-preview:large","max-video-preview":"max-video-preview:-1"},"canonical":"https:\/\/lospoliticosveracruz.com\/?p=143453","og_locale":"es_ES","og_type":"article","og_title":"PRON\u00d3STICOS MUNICIPALES - Los pol\u00edticos Veracruz","og_description":"S\u00edguenos ahora tambi\u00e9n en WhatsApp. \u00a1Da clic aqu\u00ed! Carlos Miguel Acosta Bravo* Impronta Al t\u00e9rmino de la primer semana y una&nbsp;&nbsp;vez que han arrancado las campa\u00f1as para elegir a&nbsp;&nbsp;las autoridades municipales en los 212 municipios en Veracruz,&nbsp;&nbsp;seg\u00fan Arias Consultores los resultados de su m\u00e1s reciente estudio de opini\u00f3n rumbo a las elecciones municipales de 2025 [&hellip;]","og_url":"https:\/\/lospoliticosveracruz.com\/?p=143453","og_site_name":"Los pol\u00edticos Veracruz","article_publisher":"https:\/\/www.facebook.com\/people\/Notimemes-de-los-Polticos\/61565672886568\/","article_published_time":"2025-05-05T01:29:22+00:00","article_modified_time":"2025-05-05T01:29:30+00:00","og_image":[{"width":1250,"height":667,"url":"https:\/\/lospoliticosveracruz.com\/wp-content\/uploads\/2025\/04\/Carlos-Miguel-Acosta-Bravo.jpg","type":"image\/jpeg"}],"author":"Lo viste en Los Pol\u00edticos","twitter_card":"summary_large_image","twitter_creator":"@LosPoliticosVer","twitter_site":"@LosPoliticosVer","twitter_misc":{"Escrito por":"Lo viste en Los Pol\u00edticos","Tiempo de lectura":"3 minutos"},"schema":{"@context":"https:\/\/schema.org","@graph":[{"@type":"Article","@id":"https:\/\/lospoliticosveracruz.com\/?p=143453#article","isPartOf":{"@id":"https:\/\/lospoliticosveracruz.com\/?p=143453"},"author":{"name":"Lo viste en Los Pol\u00edticos","@id":"https:\/\/lospoliticosveracruz.com\/#\/schema\/person\/b8702bb0e538456e6efd07080bf2a4a2"},"headline":"PRON\u00d3STICOS MUNICIPALES","datePublished":"2025-05-05T01:29:22+00:00","dateModified":"2025-05-05T01:29:30+00:00","mainEntityOfPage":{"@id":"https:\/\/lospoliticosveracruz.com\/?p=143453"},"wordCount":669,"publisher":{"@id":"https:\/\/lospoliticosveracruz.com\/#organization"},"image":{"@id":"https:\/\/lospoliticosveracruz.com\/?p=143453#primaryimage"},"thumbnailUrl":"https:\/\/lospoliticosveracruz.com\/wp-content\/uploads\/2025\/04\/Carlos-Miguel-Acosta-Bravo.jpg","articleSection":["De Opini\u00f3n"],"inLanguage":"es"},{"@type":"WebPage","@id":"https:\/\/lospoliticosveracruz.com\/?p=143453","url":"https:\/\/lospoliticosveracruz.com\/?p=143453","name":"PRON\u00d3STICOS MUNICIPALES - Los pol\u00edticos Veracruz","isPartOf":{"@id":"https:\/\/lospoliticosveracruz.com\/#website"},"primaryImageOfPage":{"@id":"https:\/\/lospoliticosveracruz.com\/?p=143453#primaryimage"},"image":{"@id":"https:\/\/lospoliticosveracruz.com\/?p=143453#primaryimage"},"thumbnailUrl":"https:\/\/lospoliticosveracruz.com\/wp-content\/uploads\/2025\/04\/Carlos-Miguel-Acosta-Bravo.jpg","datePublished":"2025-05-05T01:29:22+00:00","dateModified":"2025-05-05T01:29:30+00:00","breadcrumb":{"@id":"https:\/\/lospoliticosveracruz.com\/?p=143453#breadcrumb"},"inLanguage":"es","potentialAction":[{"@type":"ReadAction","target":["https:\/\/lospoliticosveracruz.com\/?p=143453"]}]},{"@type":"ImageObject","inLanguage":"es","@id":"https:\/\/lospoliticosveracruz.com\/?p=143453#primaryimage","url":"https:\/\/lospoliticosveracruz.com\/wp-content\/uploads\/2025\/04\/Carlos-Miguel-Acosta-Bravo.jpg","contentUrl":"https:\/\/lospoliticosveracruz.com\/wp-content\/uploads\/2025\/04\/Carlos-Miguel-Acosta-Bravo.jpg","width":1250,"height":667},{"@type":"BreadcrumbList","@id":"https:\/\/lospoliticosveracruz.com\/?p=143453#breadcrumb","itemListElement":[{"@type":"ListItem","position":1,"name":"Portada","item":"https:\/\/lospoliticosveracruz.com\/"},{"@type":"ListItem","position":2,"name":"PRON\u00d3STICOS MUNICIPALES"}]},{"@type":"WebSite","@id":"https:\/\/lospoliticosveracruz.com\/#website","url":"https:\/\/lospoliticosveracruz.com\/","name":"Los pol\u00edticos Veracruz","description":"","publisher":{"@id":"https:\/\/lospoliticosveracruz.com\/#organization"},"potentialAction":[{"@type":"SearchAction","target":{"@type":"EntryPoint","urlTemplate":"https:\/\/lospoliticosveracruz.com\/?s={search_term_string}"},"query-input":{"@type":"PropertyValueSpecification","valueRequired":true,"valueName":"search_term_string"}}],"inLanguage":"es"},{"@type":"Organization","@id":"https:\/\/lospoliticosveracruz.com\/#organization","name":"Los pol\u00edticos Veracruz","url":"https:\/\/lospoliticosveracruz.com\/","logo":{"@type":"ImageObject","inLanguage":"es","@id":"https:\/\/lospoliticosveracruz.com\/#\/schema\/logo\/image\/","url":"https:\/\/lospoliticosveracruz.com\/wp-content\/uploads\/2025\/12\/Logo-Nuevo-LOS-POLITICOS-1.jpg","contentUrl":"https:\/\/lospoliticosveracruz.com\/wp-content\/uploads\/2025\/12\/Logo-Nuevo-LOS-POLITICOS-1.jpg","width":260,"height":70,"caption":"Los pol\u00edticos Veracruz"},"image":{"@id":"https:\/\/lospoliticosveracruz.com\/#\/schema\/logo\/image\/"},"sameAs":["https:\/\/www.facebook.com\/people\/Notimemes-de-los-Polticos\/61565672886568\/","https:\/\/x.com\/LosPoliticosVer"]},{"@type":"Person","@id":"https:\/\/lospoliticosveracruz.com\/#\/schema\/person\/b8702bb0e538456e6efd07080bf2a4a2","name":"Lo viste en Los Pol\u00edticos","image":{"@type":"ImageObject","inLanguage":"es","@id":"https:\/\/secure.gravatar.com\/avatar\/3a8de04a2656d44082be478bd6c086daa447c4651605818287b9532d3d0bd435?s=96&d=mm&r=g","url":"https:\/\/secure.gravatar.com\/avatar\/3a8de04a2656d44082be478bd6c086daa447c4651605818287b9532d3d0bd435?s=96&d=mm&r=g","contentUrl":"https:\/\/secure.gravatar.com\/avatar\/3a8de04a2656d44082be478bd6c086daa447c4651605818287b9532d3d0bd435?s=96&d=mm&r=g","caption":"Lo viste en Los Pol\u00edticos"},"url":"https:\/\/lospoliticosveracruz.com\/?author=2"}]}},"_links":{"self":[{"href":"https:\/\/lospoliticosveracruz.com\/index.php?rest_route=\/wp\/v2\/posts\/143453","targetHints":{"allow":["GET"]}}],"collection":[{"href":"https:\/\/lospoliticosveracruz.com\/index.php?rest_route=\/wp\/v2\/posts"}],"about":[{"href":"https:\/\/lospoliticosveracruz.com\/index.php?rest_route=\/wp\/v2\/types\/post"}],"author":[{"embeddable":true,"href":"https:\/\/lospoliticosveracruz.com\/index.php?rest_route=\/wp\/v2\/users\/2"}],"replies":[{"embeddable":true,"href":"https:\/\/lospoliticosveracruz.com\/index.php?rest_route=%2Fwp%2Fv2%2Fcomments&post=143453"}],"version-history":[{"count":1,"href":"https:\/\/lospoliticosveracruz.com\/index.php?rest_route=\/wp\/v2\/posts\/143453\/revisions"}],"predecessor-version":[{"id":143454,"href":"https:\/\/lospoliticosveracruz.com\/index.php?rest_route=\/wp\/v2\/posts\/143453\/revisions\/143454"}],"wp:featuredmedia":[{"embeddable":true,"href":"https:\/\/lospoliticosveracruz.com\/index.php?rest_route=\/wp\/v2\/media\/141377"}],"wp:attachment":[{"href":"https:\/\/lospoliticosveracruz.com\/index.php?rest_route=%2Fwp%2Fv2%2Fmedia&parent=143453"}],"wp:term":[{"taxonomy":"category","embeddable":true,"href":"https:\/\/lospoliticosveracruz.com\/index.php?rest_route=%2Fwp%2Fv2%2Fcategories&post=143453"},{"taxonomy":"post_tag","embeddable":true,"href":"https:\/\/lospoliticosveracruz.com\/index.php?rest_route=%2Fwp%2Fv2%2Ftags&post=143453"}],"curies":[{"name":"wp","href":"https:\/\/api.w.org\/{rel}","templated":true}]}}