{"id":143455,"date":"2025-05-04T20:50:46","date_gmt":"2025-05-05T01:50:46","guid":{"rendered":"https:\/\/lospoliticosveracruz.com.mx\/?p=143455"},"modified":"2025-05-04T20:50:53","modified_gmt":"2025-05-05T01:50:53","slug":"periodistas-3","status":"publish","type":"post","link":"https:\/\/lospoliticosveracruz.com\/?p=143455","title":{"rendered":"PERIODISTAS"},"content":{"rendered":"\n<p><strong>S\u00edguenos ahora tambi\u00e9n en WhatsApp. \u00a1<a href=\"https:\/\/whatsapp.com\/channel\/0029Va8zRWlEKyZIP3Z1dF0e\">Da clic aqu\u00ed<\/a>!<\/strong><br><\/p>\n\n\n\n<p><strong>Guadalupe H. Mar<\/strong><\/p>\n\n\n\n<p><em>Mira Pol\u00edtica&nbsp;<\/em><\/p>\n\n\n\n<p><strong>ASESINADOS EN EL PA\u00cdS<\/strong>&nbsp;\u2026 La organizaci\u00f3n internacional Article 19 en M\u00e9xico, public\u00f3 el s\u00e1bado pasado, en el D\u00eda Mundial de la Libertad de Prensa, una infograf\u00eda en la que da cuenta que en nuestro pa\u00eds, durante el periodo del a\u00f1o 2000 hasta el actual, o sea en los \u00faltimos 25 a\u00f1os, han sido asesinados en la rep\u00fablica mexicana 171 periodistas o comunicadores.&nbsp;<a href=\"https:\/\/www.facebook.com\/article19mxca\"><strong><em>https:\/\/www.facebook.com\/article19mxca<\/em><\/strong><\/a><\/p>\n\n\n\n<p>Article 19 contabiliza los periodistas asesinados en M\u00e9xico desde el \u00faltimo a\u00f1o de gobierno de Ernesto Zedillo Ponce de Le\u00f3n, en que sumaron tres casos.<\/p>\n\n\n\n<p>Con Vicente Fox Quesada fueron asesinados 22 periodistas o comunicadores, en tanto que con Felipe de Jes\u00fas Calder\u00f3n Hinojosa sumaron 48, mientras que con Enrique Pe\u00f1a Nieto fueron 47, el mismo n\u00famero que con Andr\u00e9s Manuel L\u00f3pez Obrador.<\/p>\n\n\n\n<p>En los poco m\u00e1s de seis meses del gobierno de Claudia Sheinbaum Pardo, ya han sido asesinados en nuestro pa\u00eds cuatro profesionales del periodismo. En total, 171 periodistas asesinados en la rep\u00fablica mexicana en los \u00faltimos 25 a\u00f1os.<\/p>\n\n\n\n<p><strong>EL CASO VERACRUZ<\/strong>&nbsp;\u2026 En este mismo recuento que hace la organizaci\u00f3n Article 19 M\u00e9xico, se contabiliza que, en el mismo periodo, del a\u00f1o 2000 al 2025, han sido asesinados en el estado de Veracruz 31 periodistas o comunicadores, la cifra m\u00e1s alta del pa\u00eds.<\/p>\n\n\n\n<p>Estos 31 periodistas o comunicadores asesinados en la entidad veracruzana, corresponden a cuatro a\u00f1os del gobierno de Miguel Alem\u00e1n Velasco, as\u00ed como a los sexenios de Fidel Herrera Beltr\u00e1n (QEPD), de Javier Duarte de Ochoa, de Miguel \u00c1ngel Yunes Linares y de Cuitl\u00e1huac Garc\u00eda Jim\u00e9nez.<\/p>\n\n\n\n<p>Los estados de Tamaulipas, Oaxaca y Chihuahua, con 15 periodistas asesinados en cada uno de ellos durante los \u00faltimos 25 a\u00f1os, le siguen a Veracruz en cuanto a letalidad en contra de comunicadores.<\/p>\n\n\n\n<p><strong>LA GRAN PREGUNTA<\/strong>&nbsp;\u2026 De los 171 periodistas o comunicadores asesinados en el pa\u00eds en los \u00faltimos 25 a\u00f1os y de los 31 en el estado de Veracruz durante el mismo periodo, la pregunta sigue siendo la misma. \u00bfcu\u00e1ntos de estos cr\u00edmenes se han resuelto?<\/p>\n\n\n\n<p>La impunidad es la constante.<\/p>\n\n\n\n<p><strong>HASTA ENCONTRARLOS<\/strong>&nbsp;\u2026 El pr\u00f3ximo s\u00e1bado 10 de mayo, D\u00eda de las Madres, se llevar\u00e1 a cabo de nueva cuenta en la ciudad de Orizaba, como en los \u00faltimos a\u00f1os, la caminata \u201ccon las manos vac\u00edas\u201d que organiza el colectivo Familias Desaparecidas, que integran madres buscadoras.<\/p>\n\n\n\n<p>Diez de mayo no es de fiesta, es de lucha y de protesta, es la consigna de esta caminata que se realizar\u00e1 a partir de las 3:30 de la tarde, partiendo de Los Arcos de Orizaba hasta llegar al Parque Castillo.<\/p>\n\n\n\n<p>Est\u00e1 caminata simboliza el dolor de las madres buscadoras, quienes no han dejado de luchar por encontrar a sus desaparecidos, por lo que aseguran no tienen nada que celebrar el D\u00eda de las Madres.<\/p>\n\n\n\n<p>Sugieren las madres buscadoras que quienes tengan un familiar desaparecido y se quieran sumar a esta caminata, lleven una lona con la imagen e informaci\u00f3n de la persona que buscan, as\u00ed como una flor blanca.<\/p>\n\n\n\n<p><strong>PREGUNTA A LOS LECTORES<\/strong>&nbsp;\u2026 Amables lectoras y lectores \u00bfustedes han visto ceca de sus domicilios o en alguna parte de las ciudades donde radican, alguna cuadrilla de trabajadores de las empresas concesionarias del servicio de agua potable y alcantarillado, o de las CMAS en sus municipios, que se dediquen a limpiar alcantarillas pluviales para que escurra el agua de lluvia y se eviten los encharcamientos o peor a\u00fan, las inundaciones?<\/p>\n\n\n\n<p>En la zona conurbada Veracruz \u2013 Boca del R\u00edo no se han visto haciendo eso a ning\u00fan trabajador de las dos empresas operadoras que tienen la concesi\u00f3n del servicio de agua potable y alcantarillado.<\/p>\n\n\n\n<p>Mucho menos personal de los gobiernos municipales, pese a que las lluvias se est\u00e1n generalizando.<\/p>\n\n\n\n<p>En esta zona los \u00faltimos que lo hicieron fueron los trabajadores de la extinta empresa Sistema de Agua y Saneamiento (SAS) en Veracruz, del sindicato \u201cJos\u00e9 Azueta\u201d.<\/p>\n\n\n\n<p>Desde entonces esas labores de desazolve no se realizan, por ende, las aguas de lluvia se estancan provocando serios problemas a la poblaci\u00f3n.<\/p>\n\n\n\n<p>Eso de prevenir, antes que lamentar, no se les da.<\/p>\n\n\n\n<p>D\u00cdGALO SIN MIEDO \u2026 Al correo electr\u00f3nico guadalupehmar@gmail.com<\/p>\n","protected":false},"excerpt":{"rendered":"<p>S\u00edguenos ahora tambi\u00e9n en WhatsApp. \u00a1Da clic aqu\u00ed! Guadalupe H. Mar Mira Pol\u00edtica&nbsp; ASESINADOS EN EL PA\u00cdS&nbsp;\u2026 La organizaci\u00f3n internacional Article 19 en M\u00e9xico, public\u00f3 el s\u00e1bado pasado, en el D\u00eda Mundial de la Libertad de Prensa, una infograf\u00eda en la que da cuenta que en nuestro pa\u00eds, durante el periodo del a\u00f1o 2000 hasta [&hellip;]<\/p>\n","protected":false},"author":2,"featured_media":141398,"comment_status":"closed","ping_status":"closed","sticky":false,"template":"","format":"standard","meta":{"tdm_status":"","tdm_grid_status":"","footnotes":""},"categories":[70],"tags":[1606],"class_list":{"0":"post-143455","1":"post","2":"type-post","3":"status-publish","4":"format-standard","5":"has-post-thumbnail","7":"category-de-opinion","8":"tag-guadalupe-h-mar"},"yoast_head":"<!-- This site is optimized with the Yoast SEO plugin v27.4 - https:\/\/yoast.com\/product\/yoast-seo-wordpress\/ -->\n<title>PERIODISTAS - Los pol\u00edticos Veracruz<\/title>\n<meta name=\"robots\" content=\"index, follow, max-snippet:-1, max-image-preview:large, max-video-preview:-1\" \/>\n<link rel=\"canonical\" href=\"https:\/\/lospoliticosveracruz.com\/?p=143455\" \/>\n<meta property=\"og:locale\" content=\"es_ES\" \/>\n<meta property=\"og:type\" content=\"article\" \/>\n<meta property=\"og:title\" content=\"PERIODISTAS - Los pol\u00edticos Veracruz\" \/>\n<meta property=\"og:description\" content=\"S\u00edguenos ahora tambi\u00e9n en WhatsApp. \u00a1Da clic aqu\u00ed! Guadalupe H. Mar Mira Pol\u00edtica&nbsp; ASESINADOS EN EL PA\u00cdS&nbsp;\u2026 La organizaci\u00f3n internacional Article 19 en M\u00e9xico, public\u00f3 el s\u00e1bado pasado, en el D\u00eda Mundial de la Libertad de Prensa, una infograf\u00eda en la que da cuenta que en nuestro pa\u00eds, durante el periodo del a\u00f1o 2000 hasta [&hellip;]\" \/>\n<meta property=\"og:url\" content=\"https:\/\/lospoliticosveracruz.com\/?p=143455\" \/>\n<meta property=\"og:site_name\" content=\"Los pol\u00edticos Veracruz\" \/>\n<meta property=\"article:publisher\" content=\"https:\/\/www.facebook.com\/people\/Notimemes-de-los-Polticos\/61565672886568\/\" \/>\n<meta property=\"article:published_time\" content=\"2025-05-05T01:50:46+00:00\" \/>\n<meta property=\"article:modified_time\" content=\"2025-05-05T01:50:53+00:00\" \/>\n<meta property=\"og:image\" content=\"https:\/\/lospoliticosveracruz.com\/wp-content\/uploads\/2025\/04\/Lupita-H-Mar.jpg\" \/>\n\t<meta property=\"og:image:width\" content=\"1250\" \/>\n\t<meta property=\"og:image:height\" content=\"667\" \/>\n\t<meta property=\"og:image:type\" content=\"image\/jpeg\" \/>\n<meta name=\"author\" content=\"Lo viste en Los Pol\u00edticos\" \/>\n<meta name=\"twitter:card\" content=\"summary_large_image\" \/>\n<meta name=\"twitter:creator\" content=\"@LosPoliticosVer\" \/>\n<meta name=\"twitter:site\" content=\"@LosPoliticosVer\" \/>\n<meta name=\"twitter:label1\" content=\"Escrito por\" \/>\n\t<meta name=\"twitter:data1\" content=\"Lo viste en Los Pol\u00edticos\" \/>\n\t<meta name=\"twitter:label2\" content=\"Tiempo de lectura\" \/>\n\t<meta name=\"twitter:data2\" content=\"4 minutos\" \/>\n<script type=\"application\/ld+json\" class=\"yoast-schema-graph\">{\"@context\":\"https:\\\/\\\/schema.org\",\"@graph\":[{\"@type\":\"Article\",\"@id\":\"https:\\\/\\\/lospoliticosveracruz.com\\\/?p=143455#article\",\"isPartOf\":{\"@id\":\"https:\\\/\\\/lospoliticosveracruz.com\\\/?p=143455\"},\"author\":{\"name\":\"Lo viste en Los Pol\u00edticos\",\"@id\":\"https:\\\/\\\/lospoliticosveracruz.com\\\/#\\\/schema\\\/person\\\/b8702bb0e538456e6efd07080bf2a4a2\"},\"headline\":\"PERIODISTAS\",\"datePublished\":\"2025-05-05T01:50:46+00:00\",\"dateModified\":\"2025-05-05T01:50:53+00:00\",\"mainEntityOfPage\":{\"@id\":\"https:\\\/\\\/lospoliticosveracruz.com\\\/?p=143455\"},\"wordCount\":738,\"publisher\":{\"@id\":\"https:\\\/\\\/lospoliticosveracruz.com\\\/#organization\"},\"image\":{\"@id\":\"https:\\\/\\\/lospoliticosveracruz.com\\\/?p=143455#primaryimage\"},\"thumbnailUrl\":\"https:\\\/\\\/lospoliticosveracruz.com\\\/wp-content\\\/uploads\\\/2025\\\/04\\\/Lupita-H-Mar.jpg\",\"keywords\":[\"Guadalupe H. Mar\"],\"articleSection\":[\"De Opini\u00f3n\"],\"inLanguage\":\"es\"},{\"@type\":\"WebPage\",\"@id\":\"https:\\\/\\\/lospoliticosveracruz.com\\\/?p=143455\",\"url\":\"https:\\\/\\\/lospoliticosveracruz.com\\\/?p=143455\",\"name\":\"PERIODISTAS - Los pol\u00edticos Veracruz\",\"isPartOf\":{\"@id\":\"https:\\\/\\\/lospoliticosveracruz.com\\\/#website\"},\"primaryImageOfPage\":{\"@id\":\"https:\\\/\\\/lospoliticosveracruz.com\\\/?p=143455#primaryimage\"},\"image\":{\"@id\":\"https:\\\/\\\/lospoliticosveracruz.com\\\/?p=143455#primaryimage\"},\"thumbnailUrl\":\"https:\\\/\\\/lospoliticosveracruz.com\\\/wp-content\\\/uploads\\\/2025\\\/04\\\/Lupita-H-Mar.jpg\",\"datePublished\":\"2025-05-05T01:50:46+00:00\",\"dateModified\":\"2025-05-05T01:50:53+00:00\",\"breadcrumb\":{\"@id\":\"https:\\\/\\\/lospoliticosveracruz.com\\\/?p=143455#breadcrumb\"},\"inLanguage\":\"es\",\"potentialAction\":[{\"@type\":\"ReadAction\",\"target\":[\"https:\\\/\\\/lospoliticosveracruz.com\\\/?p=143455\"]}]},{\"@type\":\"ImageObject\",\"inLanguage\":\"es\",\"@id\":\"https:\\\/\\\/lospoliticosveracruz.com\\\/?p=143455#primaryimage\",\"url\":\"https:\\\/\\\/lospoliticosveracruz.com\\\/wp-content\\\/uploads\\\/2025\\\/04\\\/Lupita-H-Mar.jpg\",\"contentUrl\":\"https:\\\/\\\/lospoliticosveracruz.com\\\/wp-content\\\/uploads\\\/2025\\\/04\\\/Lupita-H-Mar.jpg\",\"width\":1250,\"height\":667},{\"@type\":\"BreadcrumbList\",\"@id\":\"https:\\\/\\\/lospoliticosveracruz.com\\\/?p=143455#breadcrumb\",\"itemListElement\":[{\"@type\":\"ListItem\",\"position\":1,\"name\":\"Portada\",\"item\":\"https:\\\/\\\/lospoliticosveracruz.com\\\/\"},{\"@type\":\"ListItem\",\"position\":2,\"name\":\"PERIODISTAS\"}]},{\"@type\":\"WebSite\",\"@id\":\"https:\\\/\\\/lospoliticosveracruz.com\\\/#website\",\"url\":\"https:\\\/\\\/lospoliticosveracruz.com\\\/\",\"name\":\"Los pol\u00edticos Veracruz\",\"description\":\"\",\"publisher\":{\"@id\":\"https:\\\/\\\/lospoliticosveracruz.com\\\/#organization\"},\"potentialAction\":[{\"@type\":\"SearchAction\",\"target\":{\"@type\":\"EntryPoint\",\"urlTemplate\":\"https:\\\/\\\/lospoliticosveracruz.com\\\/?s={search_term_string}\"},\"query-input\":{\"@type\":\"PropertyValueSpecification\",\"valueRequired\":true,\"valueName\":\"search_term_string\"}}],\"inLanguage\":\"es\"},{\"@type\":\"Organization\",\"@id\":\"https:\\\/\\\/lospoliticosveracruz.com\\\/#organization\",\"name\":\"Los pol\u00edticos Veracruz\",\"url\":\"https:\\\/\\\/lospoliticosveracruz.com\\\/\",\"logo\":{\"@type\":\"ImageObject\",\"inLanguage\":\"es\",\"@id\":\"https:\\\/\\\/lospoliticosveracruz.com\\\/#\\\/schema\\\/logo\\\/image\\\/\",\"url\":\"https:\\\/\\\/lospoliticosveracruz.com\\\/wp-content\\\/uploads\\\/2025\\\/12\\\/Logo-Nuevo-LOS-POLITICOS-1.jpg\",\"contentUrl\":\"https:\\\/\\\/lospoliticosveracruz.com\\\/wp-content\\\/uploads\\\/2025\\\/12\\\/Logo-Nuevo-LOS-POLITICOS-1.jpg\",\"width\":260,\"height\":70,\"caption\":\"Los pol\u00edticos Veracruz\"},\"image\":{\"@id\":\"https:\\\/\\\/lospoliticosveracruz.com\\\/#\\\/schema\\\/logo\\\/image\\\/\"},\"sameAs\":[\"https:\\\/\\\/www.facebook.com\\\/people\\\/Notimemes-de-los-Polticos\\\/61565672886568\\\/\",\"https:\\\/\\\/x.com\\\/LosPoliticosVer\"]},{\"@type\":\"Person\",\"@id\":\"https:\\\/\\\/lospoliticosveracruz.com\\\/#\\\/schema\\\/person\\\/b8702bb0e538456e6efd07080bf2a4a2\",\"name\":\"Lo viste en Los Pol\u00edticos\",\"image\":{\"@type\":\"ImageObject\",\"inLanguage\":\"es\",\"@id\":\"https:\\\/\\\/secure.gravatar.com\\\/avatar\\\/3a8de04a2656d44082be478bd6c086daa447c4651605818287b9532d3d0bd435?s=96&d=mm&r=g\",\"url\":\"https:\\\/\\\/secure.gravatar.com\\\/avatar\\\/3a8de04a2656d44082be478bd6c086daa447c4651605818287b9532d3d0bd435?s=96&d=mm&r=g\",\"contentUrl\":\"https:\\\/\\\/secure.gravatar.com\\\/avatar\\\/3a8de04a2656d44082be478bd6c086daa447c4651605818287b9532d3d0bd435?s=96&d=mm&r=g\",\"caption\":\"Lo viste en Los Pol\u00edticos\"},\"url\":\"https:\\\/\\\/lospoliticosveracruz.com\\\/?author=2\"}]}<\/script>\n<!-- \/ Yoast SEO plugin. -->","yoast_head_json":{"title":"PERIODISTAS - Los pol\u00edticos Veracruz","robots":{"index":"index","follow":"follow","max-snippet":"max-snippet:-1","max-image-preview":"max-image-preview:large","max-video-preview":"max-video-preview:-1"},"canonical":"https:\/\/lospoliticosveracruz.com\/?p=143455","og_locale":"es_ES","og_type":"article","og_title":"PERIODISTAS - Los pol\u00edticos Veracruz","og_description":"S\u00edguenos ahora tambi\u00e9n en WhatsApp. \u00a1Da clic aqu\u00ed! Guadalupe H. Mar Mira Pol\u00edtica&nbsp; ASESINADOS EN EL PA\u00cdS&nbsp;\u2026 La organizaci\u00f3n internacional Article 19 en M\u00e9xico, public\u00f3 el s\u00e1bado pasado, en el D\u00eda Mundial de la Libertad de Prensa, una infograf\u00eda en la que da cuenta que en nuestro pa\u00eds, durante el periodo del a\u00f1o 2000 hasta [&hellip;]","og_url":"https:\/\/lospoliticosveracruz.com\/?p=143455","og_site_name":"Los pol\u00edticos Veracruz","article_publisher":"https:\/\/www.facebook.com\/people\/Notimemes-de-los-Polticos\/61565672886568\/","article_published_time":"2025-05-05T01:50:46+00:00","article_modified_time":"2025-05-05T01:50:53+00:00","og_image":[{"width":1250,"height":667,"url":"https:\/\/lospoliticosveracruz.com\/wp-content\/uploads\/2025\/04\/Lupita-H-Mar.jpg","type":"image\/jpeg"}],"author":"Lo viste en Los Pol\u00edticos","twitter_card":"summary_large_image","twitter_creator":"@LosPoliticosVer","twitter_site":"@LosPoliticosVer","twitter_misc":{"Escrito por":"Lo viste en Los Pol\u00edticos","Tiempo de lectura":"4 minutos"},"schema":{"@context":"https:\/\/schema.org","@graph":[{"@type":"Article","@id":"https:\/\/lospoliticosveracruz.com\/?p=143455#article","isPartOf":{"@id":"https:\/\/lospoliticosveracruz.com\/?p=143455"},"author":{"name":"Lo viste en Los Pol\u00edticos","@id":"https:\/\/lospoliticosveracruz.com\/#\/schema\/person\/b8702bb0e538456e6efd07080bf2a4a2"},"headline":"PERIODISTAS","datePublished":"2025-05-05T01:50:46+00:00","dateModified":"2025-05-05T01:50:53+00:00","mainEntityOfPage":{"@id":"https:\/\/lospoliticosveracruz.com\/?p=143455"},"wordCount":738,"publisher":{"@id":"https:\/\/lospoliticosveracruz.com\/#organization"},"image":{"@id":"https:\/\/lospoliticosveracruz.com\/?p=143455#primaryimage"},"thumbnailUrl":"https:\/\/lospoliticosveracruz.com\/wp-content\/uploads\/2025\/04\/Lupita-H-Mar.jpg","keywords":["Guadalupe H. Mar"],"articleSection":["De Opini\u00f3n"],"inLanguage":"es"},{"@type":"WebPage","@id":"https:\/\/lospoliticosveracruz.com\/?p=143455","url":"https:\/\/lospoliticosveracruz.com\/?p=143455","name":"PERIODISTAS - Los pol\u00edticos Veracruz","isPartOf":{"@id":"https:\/\/lospoliticosveracruz.com\/#website"},"primaryImageOfPage":{"@id":"https:\/\/lospoliticosveracruz.com\/?p=143455#primaryimage"},"image":{"@id":"https:\/\/lospoliticosveracruz.com\/?p=143455#primaryimage"},"thumbnailUrl":"https:\/\/lospoliticosveracruz.com\/wp-content\/uploads\/2025\/04\/Lupita-H-Mar.jpg","datePublished":"2025-05-05T01:50:46+00:00","dateModified":"2025-05-05T01:50:53+00:00","breadcrumb":{"@id":"https:\/\/lospoliticosveracruz.com\/?p=143455#breadcrumb"},"inLanguage":"es","potentialAction":[{"@type":"ReadAction","target":["https:\/\/lospoliticosveracruz.com\/?p=143455"]}]},{"@type":"ImageObject","inLanguage":"es","@id":"https:\/\/lospoliticosveracruz.com\/?p=143455#primaryimage","url":"https:\/\/lospoliticosveracruz.com\/wp-content\/uploads\/2025\/04\/Lupita-H-Mar.jpg","contentUrl":"https:\/\/lospoliticosveracruz.com\/wp-content\/uploads\/2025\/04\/Lupita-H-Mar.jpg","width":1250,"height":667},{"@type":"BreadcrumbList","@id":"https:\/\/lospoliticosveracruz.com\/?p=143455#breadcrumb","itemListElement":[{"@type":"ListItem","position":1,"name":"Portada","item":"https:\/\/lospoliticosveracruz.com\/"},{"@type":"ListItem","position":2,"name":"PERIODISTAS"}]},{"@type":"WebSite","@id":"https:\/\/lospoliticosveracruz.com\/#website","url":"https:\/\/lospoliticosveracruz.com\/","name":"Los pol\u00edticos Veracruz","description":"","publisher":{"@id":"https:\/\/lospoliticosveracruz.com\/#organization"},"potentialAction":[{"@type":"SearchAction","target":{"@type":"EntryPoint","urlTemplate":"https:\/\/lospoliticosveracruz.com\/?s={search_term_string}"},"query-input":{"@type":"PropertyValueSpecification","valueRequired":true,"valueName":"search_term_string"}}],"inLanguage":"es"},{"@type":"Organization","@id":"https:\/\/lospoliticosveracruz.com\/#organization","name":"Los pol\u00edticos Veracruz","url":"https:\/\/lospoliticosveracruz.com\/","logo":{"@type":"ImageObject","inLanguage":"es","@id":"https:\/\/lospoliticosveracruz.com\/#\/schema\/logo\/image\/","url":"https:\/\/lospoliticosveracruz.com\/wp-content\/uploads\/2025\/12\/Logo-Nuevo-LOS-POLITICOS-1.jpg","contentUrl":"https:\/\/lospoliticosveracruz.com\/wp-content\/uploads\/2025\/12\/Logo-Nuevo-LOS-POLITICOS-1.jpg","width":260,"height":70,"caption":"Los pol\u00edticos Veracruz"},"image":{"@id":"https:\/\/lospoliticosveracruz.com\/#\/schema\/logo\/image\/"},"sameAs":["https:\/\/www.facebook.com\/people\/Notimemes-de-los-Polticos\/61565672886568\/","https:\/\/x.com\/LosPoliticosVer"]},{"@type":"Person","@id":"https:\/\/lospoliticosveracruz.com\/#\/schema\/person\/b8702bb0e538456e6efd07080bf2a4a2","name":"Lo viste en Los Pol\u00edticos","image":{"@type":"ImageObject","inLanguage":"es","@id":"https:\/\/secure.gravatar.com\/avatar\/3a8de04a2656d44082be478bd6c086daa447c4651605818287b9532d3d0bd435?s=96&d=mm&r=g","url":"https:\/\/secure.gravatar.com\/avatar\/3a8de04a2656d44082be478bd6c086daa447c4651605818287b9532d3d0bd435?s=96&d=mm&r=g","contentUrl":"https:\/\/secure.gravatar.com\/avatar\/3a8de04a2656d44082be478bd6c086daa447c4651605818287b9532d3d0bd435?s=96&d=mm&r=g","caption":"Lo viste en Los Pol\u00edticos"},"url":"https:\/\/lospoliticosveracruz.com\/?author=2"}]}},"_links":{"self":[{"href":"https:\/\/lospoliticosveracruz.com\/index.php?rest_route=\/wp\/v2\/posts\/143455","targetHints":{"allow":["GET"]}}],"collection":[{"href":"https:\/\/lospoliticosveracruz.com\/index.php?rest_route=\/wp\/v2\/posts"}],"about":[{"href":"https:\/\/lospoliticosveracruz.com\/index.php?rest_route=\/wp\/v2\/types\/post"}],"author":[{"embeddable":true,"href":"https:\/\/lospoliticosveracruz.com\/index.php?rest_route=\/wp\/v2\/users\/2"}],"replies":[{"embeddable":true,"href":"https:\/\/lospoliticosveracruz.com\/index.php?rest_route=%2Fwp%2Fv2%2Fcomments&post=143455"}],"version-history":[{"count":1,"href":"https:\/\/lospoliticosveracruz.com\/index.php?rest_route=\/wp\/v2\/posts\/143455\/revisions"}],"predecessor-version":[{"id":143456,"href":"https:\/\/lospoliticosveracruz.com\/index.php?rest_route=\/wp\/v2\/posts\/143455\/revisions\/143456"}],"wp:featuredmedia":[{"embeddable":true,"href":"https:\/\/lospoliticosveracruz.com\/index.php?rest_route=\/wp\/v2\/media\/141398"}],"wp:attachment":[{"href":"https:\/\/lospoliticosveracruz.com\/index.php?rest_route=%2Fwp%2Fv2%2Fmedia&parent=143455"}],"wp:term":[{"taxonomy":"category","embeddable":true,"href":"https:\/\/lospoliticosveracruz.com\/index.php?rest_route=%2Fwp%2Fv2%2Fcategories&post=143455"},{"taxonomy":"post_tag","embeddable":true,"href":"https:\/\/lospoliticosveracruz.com\/index.php?rest_route=%2Fwp%2Fv2%2Ftags&post=143455"}],"curies":[{"name":"wp","href":"https:\/\/api.w.org\/{rel}","templated":true}]}}