{"id":14347,"date":"2014-12-25T22:13:01","date_gmt":"2014-12-26T04:13:01","guid":{"rendered":"http:\/\/www.lospoliticosveracruz.com.mx\/?p=14347"},"modified":"2014-12-25T22:13:01","modified_gmt":"2014-12-26T04:13:01","slug":"salario-minimo","status":"publish","type":"post","link":"https:\/\/lospoliticosveracruz.com\/?p=14347","title":{"rendered":"Salario M\u00ednimo"},"content":{"rendered":"<p><a href=\"http:\/\/www.lospoliticosveracruz.com.mx\/wp-content\/uploads\/2014\/12\/Salario-minimo.jpg\"><img loading=\"lazy\" decoding=\"async\" class=\"alignnone size-medium wp-image-14348\" src=\"http:\/\/www.lospoliticosveracruz.com.mx\/wp-content\/uploads\/2014\/12\/Salario-minimo-300x146.jpg\" alt=\"Salario minimo\" width=\"300\" height=\"146\" \/><\/a><br \/>\n<strong>Brenda Caballero<\/strong><br \/>\n<em>N\u00fameros Rojos<\/em><\/p>\n<p>&nbsp;<\/p>\n<p>Subi\u00f3 el pollo \u2011dice mi madre\u2011 \u00bfpuedes creer que de un d\u00eda para otro subi\u00f3 un peso la pierna y dos la pechuga?<br \/>\nPor un momento pens\u00e9 en que era un caso para la Profeco, sin embargo, record\u00e9 que iba a ser la cena de Navidad y muchos comerciantes aprovechan para incrementar sus precios.<br \/>\n\u201cTal vez baje despu\u00e9s\u201d, le coment\u00e9, pero lo dudo y menos con el gasolinazo que entrar\u00e1 en vigor a partir de enero.<br \/>\nNo s\u00e9 usted, pero en lo personal, esta cena de navidad no fue igual a la de otros a\u00f1os. Incluso, al ir de compras al centro comercial, comparado con a\u00f1os anteriores en los ya se hab\u00edan agotado las sidras, charolas de aluminio desechables y otros art\u00edculos, ahora hab\u00eda suficientes, como si no se hubiesen vendido.<br \/>\nEn el departamento de juguetes ya hab\u00eda rebajas hasta en un 30 por ciento, y eso que a\u00fan no llegamos al D\u00eda de Reyes y faltaba uno para la llegada de Santa Clos.<br \/>\nNo necesitamos conocer indicadores financieros para darnos cuenta de que la cosa no anda bien, incluso, esas se\u00f1ales s\u00f3lo indican una cosa: la econom\u00eda mexicana no levanta, o al menos la de millones de mexicanos que despu\u00e9s de a\u00f1os de trabajo siguen con el mismo sueldo, o con un aumento m\u00ednimo que ya no nos permite comprar todo lo que antes adquir\u00edamos por los incrementos en los precios de algunos art\u00edculos.<br \/>\nY hablando del salario m\u00ednimo, fue dado a conocer hace unos d\u00edas por la Comisi\u00f3n Nacional de Salarios M\u00ednimos (Conasami) que a partir del 2015, en M\u00e9xico se incrementar\u00e1 en un 4.2 por ciento para las dos zonas geogr\u00e1ficas \u00bfSabe usted cu\u00e1nto es eso? Nada m\u00e1s y nada menos que la fabulosa cantidad de 2 pesos con 81 centavos. Es decir, los nuevos salarios m\u00ednimos legales a partir de primero de enero ser\u00e1n para el \u00e1rea geogr\u00e1fica A: 70 pesos con 10 centavos; y para el \u00e1rea geogr\u00e1fica B, 66 pesos con 45 centavos.<br \/>\nEn Veracruz, la mayor\u00eda de los municipios est\u00e1n contemplados en la zona B con excepci\u00f3n de Coatzacoalcos, Coatzintla, Cosoleacaque, Las Choapas, Ixhuatl\u00e1n del Sureste, Minatitl\u00e1n, Moloac\u00e1n, Poza Rica de Hidalgo, Tuxpan, Agua Dulce y Nanchital de L\u00e1zaro C\u00e1rdenas, que forman parte de la zona A. Teniendo entre los municipios de la zona A y la B una diferencia salarial de 5.52 por ciento entre las mismas.<br \/>\nRecordando el art\u00edculo 90 de la Ley Federal del Trabajo que dice que el \u201cSalario m\u00ednimo es la cantidad menor que debe recibir en efectivo el trabajador por los servicios prestados en una jornada de trabajo\u201d; contin\u00faa diciendo: \u201cEl salario m\u00ednimo deber\u00e1 ser suficiente para satisfacer las necesidades normales de un jefe de familia en el orden material, social y cultural, y para proveer a la educaci\u00f3n obligatoria de los hijos\u201d.<br \/>\nEs claro que el salario m\u00ednimo dej\u00f3 de ser funcional desde hace muchos a\u00f1os, incluso a principios de agosto, la Cepal (Comisi\u00f3n Econ\u00f3mica para Am\u00e9rica Latina y el Caribe) mencionaba que M\u00e9xico era el \u00fanico pa\u00eds de Am\u00e9rica Latina donde el salario m\u00ednimo estaba por debajo del umbral de la pobreza; es decir, si el trabajador recibe un salario m\u00ednimo, el organismo considera que est\u00e1 en pobreza extrema.<br \/>\nPero \u00bfQu\u00e9 tan bueno es subir el salario m\u00ednimo en M\u00e9xico? Si recordamos, meses atr\u00e1s hubo una pol\u00e9mica originada por la izquierda. Miguel Angel Mancera (PRD) y Gustavo Madero (PAN) propusieron un aumento al mismo, sin embargo expertos consideran que esto ocasionar\u00eda un impacto negativo en muchas familias ya que ocasionar\u00eda una inflaci\u00f3n mayor, pues subir\u00edan los productos de la canasta b\u00e1sica y aumentar\u00eda algunos los cr\u00e9ditos hipotecarios. Asimismo, debemos recordar que en nuestro pa\u00eds es considerado una medida para efectuar pagos de multas e infracciones de tr\u00e1nsito, as\u00ed como en algunos estados para tramitar alta de placas y licencia de conducir.<br \/>\nPor lo pronto, est\u00e1 en stand by la aprobaci\u00f3n de la presentaci\u00f3n de la iniciativa por parte de la izquierda para aumentar casi en 19 por ciento el salario m\u00ednimo a 80 pesos y en lo particular, no creo se lleve a cabo su aprobaci\u00f3n. De concretarse, repercutir\u00eda en mi econom\u00eda familiar ya que no aumentan el salario de mi marido ni el m\u00edo, a pesar de que s\u00ed aumenta mucho mi cr\u00e9dito hipotecario con el Infonavit, y mi pago mensual que injustamente el Instituto toma el salario del Distrito Federal y no el de Veracruz.<br \/>\nLa recomendaci\u00f3n es que si va a hacer alg\u00fan pago con base en el salario m\u00ednimo, lo haga antes de que finalice el a\u00f1o, de lo contrario, aumentar\u00e1 con el bendito salario m\u00ednimo.<\/p>\n<p>Email:caballero_brenda@hotmail.com<\/p>\n","protected":false},"excerpt":{"rendered":"<p>Brenda Caballero N\u00fameros Rojos &nbsp; Subi\u00f3 el pollo \u2011dice mi madre\u2011 \u00bfpuedes creer que de un d\u00eda para otro subi\u00f3 un peso la pierna y dos la pechuga? Por un momento pens\u00e9 en que era un caso para la Profeco, sin embargo, record\u00e9 que iba a ser la cena de Navidad y muchos comerciantes aprovechan [&hellip;]<\/p>\n","protected":false},"author":2,"featured_media":0,"comment_status":"open","ping_status":"open","sticky":false,"template":"","format":"standard","meta":{"tdm_status":"","tdm_grid_status":"","footnotes":""},"categories":[70],"tags":[],"class_list":{"0":"post-14347","1":"post","2":"type-post","3":"status-publish","4":"format-standard","6":"category-de-opinion"},"yoast_head":"<!-- This site is optimized with the Yoast SEO plugin v27.4 - https:\/\/yoast.com\/product\/yoast-seo-wordpress\/ -->\n<title>Salario M\u00ednimo - Los pol\u00edticos Veracruz<\/title>\n<meta name=\"robots\" content=\"index, follow, max-snippet:-1, max-image-preview:large, max-video-preview:-1\" \/>\n<link rel=\"canonical\" href=\"https:\/\/lospoliticosveracruz.com\/?p=14347\" \/>\n<meta property=\"og:locale\" content=\"es_ES\" \/>\n<meta property=\"og:type\" content=\"article\" \/>\n<meta property=\"og:title\" content=\"Salario M\u00ednimo - Los pol\u00edticos Veracruz\" \/>\n<meta property=\"og:description\" content=\"Brenda Caballero N\u00fameros Rojos &nbsp; Subi\u00f3 el pollo \u2011dice mi madre\u2011 \u00bfpuedes creer que de un d\u00eda para otro subi\u00f3 un peso la pierna y dos la pechuga? Por un momento pens\u00e9 en que era un caso para la Profeco, sin embargo, record\u00e9 que iba a ser la cena de Navidad y muchos comerciantes aprovechan [&hellip;]\" \/>\n<meta property=\"og:url\" content=\"https:\/\/lospoliticosveracruz.com\/?p=14347\" \/>\n<meta property=\"og:site_name\" content=\"Los pol\u00edticos Veracruz\" \/>\n<meta property=\"article:publisher\" content=\"https:\/\/www.facebook.com\/people\/Notimemes-de-los-Polticos\/61565672886568\/\" \/>\n<meta property=\"article:published_time\" content=\"2014-12-26T04:13:01+00:00\" \/>\n<meta property=\"og:image\" content=\"http:\/\/www.lospoliticosveracruz.com.mx\/wp-content\/uploads\/2014\/12\/Salario-minimo-300x146.jpg\" \/>\n<meta name=\"author\" content=\"Lo viste en Los Pol\u00edticos\" \/>\n<meta name=\"twitter:card\" content=\"summary_large_image\" \/>\n<meta name=\"twitter:creator\" content=\"@LosPoliticosVer\" \/>\n<meta name=\"twitter:site\" content=\"@LosPoliticosVer\" \/>\n<meta name=\"twitter:label1\" content=\"Escrito por\" \/>\n\t<meta name=\"twitter:data1\" content=\"Lo viste en Los Pol\u00edticos\" \/>\n\t<meta name=\"twitter:label2\" content=\"Tiempo de lectura\" \/>\n\t<meta name=\"twitter:data2\" content=\"4 minutos\" \/>\n<script type=\"application\/ld+json\" class=\"yoast-schema-graph\">{\"@context\":\"https:\\\/\\\/schema.org\",\"@graph\":[{\"@type\":\"Article\",\"@id\":\"https:\\\/\\\/lospoliticosveracruz.com\\\/?p=14347#article\",\"isPartOf\":{\"@id\":\"https:\\\/\\\/lospoliticosveracruz.com\\\/?p=14347\"},\"author\":{\"name\":\"Lo viste en Los Pol\u00edticos\",\"@id\":\"https:\\\/\\\/lospoliticosveracruz.com\\\/#\\\/schema\\\/person\\\/b8702bb0e538456e6efd07080bf2a4a2\"},\"headline\":\"Salario M\u00ednimo\",\"datePublished\":\"2014-12-26T04:13:01+00:00\",\"mainEntityOfPage\":{\"@id\":\"https:\\\/\\\/lospoliticosveracruz.com\\\/?p=14347\"},\"wordCount\":845,\"commentCount\":0,\"publisher\":{\"@id\":\"https:\\\/\\\/lospoliticosveracruz.com\\\/#organization\"},\"image\":{\"@id\":\"https:\\\/\\\/lospoliticosveracruz.com\\\/?p=14347#primaryimage\"},\"thumbnailUrl\":\"http:\\\/\\\/www.lospoliticosveracruz.com.mx\\\/wp-content\\\/uploads\\\/2014\\\/12\\\/Salario-minimo-300x146.jpg\",\"articleSection\":[\"De Opini\u00f3n\"],\"inLanguage\":\"es\",\"potentialAction\":[{\"@type\":\"CommentAction\",\"name\":\"Comment\",\"target\":[\"https:\\\/\\\/lospoliticosveracruz.com\\\/?p=14347#respond\"]}]},{\"@type\":\"WebPage\",\"@id\":\"https:\\\/\\\/lospoliticosveracruz.com\\\/?p=14347\",\"url\":\"https:\\\/\\\/lospoliticosveracruz.com\\\/?p=14347\",\"name\":\"Salario M\u00ednimo - Los pol\u00edticos Veracruz\",\"isPartOf\":{\"@id\":\"https:\\\/\\\/lospoliticosveracruz.com\\\/#website\"},\"primaryImageOfPage\":{\"@id\":\"https:\\\/\\\/lospoliticosveracruz.com\\\/?p=14347#primaryimage\"},\"image\":{\"@id\":\"https:\\\/\\\/lospoliticosveracruz.com\\\/?p=14347#primaryimage\"},\"thumbnailUrl\":\"http:\\\/\\\/www.lospoliticosveracruz.com.mx\\\/wp-content\\\/uploads\\\/2014\\\/12\\\/Salario-minimo-300x146.jpg\",\"datePublished\":\"2014-12-26T04:13:01+00:00\",\"breadcrumb\":{\"@id\":\"https:\\\/\\\/lospoliticosveracruz.com\\\/?p=14347#breadcrumb\"},\"inLanguage\":\"es\",\"potentialAction\":[{\"@type\":\"ReadAction\",\"target\":[\"https:\\\/\\\/lospoliticosveracruz.com\\\/?p=14347\"]}]},{\"@type\":\"ImageObject\",\"inLanguage\":\"es\",\"@id\":\"https:\\\/\\\/lospoliticosveracruz.com\\\/?p=14347#primaryimage\",\"url\":\"http:\\\/\\\/www.lospoliticosveracruz.com.mx\\\/wp-content\\\/uploads\\\/2014\\\/12\\\/Salario-minimo-300x146.jpg\",\"contentUrl\":\"http:\\\/\\\/www.lospoliticosveracruz.com.mx\\\/wp-content\\\/uploads\\\/2014\\\/12\\\/Salario-minimo-300x146.jpg\"},{\"@type\":\"BreadcrumbList\",\"@id\":\"https:\\\/\\\/lospoliticosveracruz.com\\\/?p=14347#breadcrumb\",\"itemListElement\":[{\"@type\":\"ListItem\",\"position\":1,\"name\":\"Portada\",\"item\":\"https:\\\/\\\/lospoliticosveracruz.com\\\/\"},{\"@type\":\"ListItem\",\"position\":2,\"name\":\"Salario M\u00ednimo\"}]},{\"@type\":\"WebSite\",\"@id\":\"https:\\\/\\\/lospoliticosveracruz.com\\\/#website\",\"url\":\"https:\\\/\\\/lospoliticosveracruz.com\\\/\",\"name\":\"Los pol\u00edticos Veracruz\",\"description\":\"\",\"publisher\":{\"@id\":\"https:\\\/\\\/lospoliticosveracruz.com\\\/#organization\"},\"potentialAction\":[{\"@type\":\"SearchAction\",\"target\":{\"@type\":\"EntryPoint\",\"urlTemplate\":\"https:\\\/\\\/lospoliticosveracruz.com\\\/?s={search_term_string}\"},\"query-input\":{\"@type\":\"PropertyValueSpecification\",\"valueRequired\":true,\"valueName\":\"search_term_string\"}}],\"inLanguage\":\"es\"},{\"@type\":\"Organization\",\"@id\":\"https:\\\/\\\/lospoliticosveracruz.com\\\/#organization\",\"name\":\"Los pol\u00edticos Veracruz\",\"url\":\"https:\\\/\\\/lospoliticosveracruz.com\\\/\",\"logo\":{\"@type\":\"ImageObject\",\"inLanguage\":\"es\",\"@id\":\"https:\\\/\\\/lospoliticosveracruz.com\\\/#\\\/schema\\\/logo\\\/image\\\/\",\"url\":\"https:\\\/\\\/lospoliticosveracruz.com\\\/wp-content\\\/uploads\\\/2025\\\/12\\\/Logo-Nuevo-LOS-POLITICOS-1.jpg\",\"contentUrl\":\"https:\\\/\\\/lospoliticosveracruz.com\\\/wp-content\\\/uploads\\\/2025\\\/12\\\/Logo-Nuevo-LOS-POLITICOS-1.jpg\",\"width\":260,\"height\":70,\"caption\":\"Los pol\u00edticos Veracruz\"},\"image\":{\"@id\":\"https:\\\/\\\/lospoliticosveracruz.com\\\/#\\\/schema\\\/logo\\\/image\\\/\"},\"sameAs\":[\"https:\\\/\\\/www.facebook.com\\\/people\\\/Notimemes-de-los-Polticos\\\/61565672886568\\\/\",\"https:\\\/\\\/x.com\\\/LosPoliticosVer\"]},{\"@type\":\"Person\",\"@id\":\"https:\\\/\\\/lospoliticosveracruz.com\\\/#\\\/schema\\\/person\\\/b8702bb0e538456e6efd07080bf2a4a2\",\"name\":\"Lo viste en Los Pol\u00edticos\",\"image\":{\"@type\":\"ImageObject\",\"inLanguage\":\"es\",\"@id\":\"https:\\\/\\\/secure.gravatar.com\\\/avatar\\\/3a8de04a2656d44082be478bd6c086daa447c4651605818287b9532d3d0bd435?s=96&d=mm&r=g\",\"url\":\"https:\\\/\\\/secure.gravatar.com\\\/avatar\\\/3a8de04a2656d44082be478bd6c086daa447c4651605818287b9532d3d0bd435?s=96&d=mm&r=g\",\"contentUrl\":\"https:\\\/\\\/secure.gravatar.com\\\/avatar\\\/3a8de04a2656d44082be478bd6c086daa447c4651605818287b9532d3d0bd435?s=96&d=mm&r=g\",\"caption\":\"Lo viste en Los Pol\u00edticos\"},\"url\":\"https:\\\/\\\/lospoliticosveracruz.com\\\/?author=2\"}]}<\/script>\n<!-- \/ Yoast SEO plugin. -->","yoast_head_json":{"title":"Salario M\u00ednimo - Los pol\u00edticos Veracruz","robots":{"index":"index","follow":"follow","max-snippet":"max-snippet:-1","max-image-preview":"max-image-preview:large","max-video-preview":"max-video-preview:-1"},"canonical":"https:\/\/lospoliticosveracruz.com\/?p=14347","og_locale":"es_ES","og_type":"article","og_title":"Salario M\u00ednimo - Los pol\u00edticos Veracruz","og_description":"Brenda Caballero N\u00fameros Rojos &nbsp; Subi\u00f3 el pollo \u2011dice mi madre\u2011 \u00bfpuedes creer que de un d\u00eda para otro subi\u00f3 un peso la pierna y dos la pechuga? Por un momento pens\u00e9 en que era un caso para la Profeco, sin embargo, record\u00e9 que iba a ser la cena de Navidad y muchos comerciantes aprovechan [&hellip;]","og_url":"https:\/\/lospoliticosveracruz.com\/?p=14347","og_site_name":"Los pol\u00edticos Veracruz","article_publisher":"https:\/\/www.facebook.com\/people\/Notimemes-de-los-Polticos\/61565672886568\/","article_published_time":"2014-12-26T04:13:01+00:00","og_image":[{"url":"http:\/\/www.lospoliticosveracruz.com.mx\/wp-content\/uploads\/2014\/12\/Salario-minimo-300x146.jpg","type":"","width":"","height":""}],"author":"Lo viste en Los Pol\u00edticos","twitter_card":"summary_large_image","twitter_creator":"@LosPoliticosVer","twitter_site":"@LosPoliticosVer","twitter_misc":{"Escrito por":"Lo viste en Los Pol\u00edticos","Tiempo de lectura":"4 minutos"},"schema":{"@context":"https:\/\/schema.org","@graph":[{"@type":"Article","@id":"https:\/\/lospoliticosveracruz.com\/?p=14347#article","isPartOf":{"@id":"https:\/\/lospoliticosveracruz.com\/?p=14347"},"author":{"name":"Lo viste en Los Pol\u00edticos","@id":"https:\/\/lospoliticosveracruz.com\/#\/schema\/person\/b8702bb0e538456e6efd07080bf2a4a2"},"headline":"Salario M\u00ednimo","datePublished":"2014-12-26T04:13:01+00:00","mainEntityOfPage":{"@id":"https:\/\/lospoliticosveracruz.com\/?p=14347"},"wordCount":845,"commentCount":0,"publisher":{"@id":"https:\/\/lospoliticosveracruz.com\/#organization"},"image":{"@id":"https:\/\/lospoliticosveracruz.com\/?p=14347#primaryimage"},"thumbnailUrl":"http:\/\/www.lospoliticosveracruz.com.mx\/wp-content\/uploads\/2014\/12\/Salario-minimo-300x146.jpg","articleSection":["De Opini\u00f3n"],"inLanguage":"es","potentialAction":[{"@type":"CommentAction","name":"Comment","target":["https:\/\/lospoliticosveracruz.com\/?p=14347#respond"]}]},{"@type":"WebPage","@id":"https:\/\/lospoliticosveracruz.com\/?p=14347","url":"https:\/\/lospoliticosveracruz.com\/?p=14347","name":"Salario M\u00ednimo - Los pol\u00edticos Veracruz","isPartOf":{"@id":"https:\/\/lospoliticosveracruz.com\/#website"},"primaryImageOfPage":{"@id":"https:\/\/lospoliticosveracruz.com\/?p=14347#primaryimage"},"image":{"@id":"https:\/\/lospoliticosveracruz.com\/?p=14347#primaryimage"},"thumbnailUrl":"http:\/\/www.lospoliticosveracruz.com.mx\/wp-content\/uploads\/2014\/12\/Salario-minimo-300x146.jpg","datePublished":"2014-12-26T04:13:01+00:00","breadcrumb":{"@id":"https:\/\/lospoliticosveracruz.com\/?p=14347#breadcrumb"},"inLanguage":"es","potentialAction":[{"@type":"ReadAction","target":["https:\/\/lospoliticosveracruz.com\/?p=14347"]}]},{"@type":"ImageObject","inLanguage":"es","@id":"https:\/\/lospoliticosveracruz.com\/?p=14347#primaryimage","url":"http:\/\/www.lospoliticosveracruz.com.mx\/wp-content\/uploads\/2014\/12\/Salario-minimo-300x146.jpg","contentUrl":"http:\/\/www.lospoliticosveracruz.com.mx\/wp-content\/uploads\/2014\/12\/Salario-minimo-300x146.jpg"},{"@type":"BreadcrumbList","@id":"https:\/\/lospoliticosveracruz.com\/?p=14347#breadcrumb","itemListElement":[{"@type":"ListItem","position":1,"name":"Portada","item":"https:\/\/lospoliticosveracruz.com\/"},{"@type":"ListItem","position":2,"name":"Salario M\u00ednimo"}]},{"@type":"WebSite","@id":"https:\/\/lospoliticosveracruz.com\/#website","url":"https:\/\/lospoliticosveracruz.com\/","name":"Los pol\u00edticos Veracruz","description":"","publisher":{"@id":"https:\/\/lospoliticosveracruz.com\/#organization"},"potentialAction":[{"@type":"SearchAction","target":{"@type":"EntryPoint","urlTemplate":"https:\/\/lospoliticosveracruz.com\/?s={search_term_string}"},"query-input":{"@type":"PropertyValueSpecification","valueRequired":true,"valueName":"search_term_string"}}],"inLanguage":"es"},{"@type":"Organization","@id":"https:\/\/lospoliticosveracruz.com\/#organization","name":"Los pol\u00edticos Veracruz","url":"https:\/\/lospoliticosveracruz.com\/","logo":{"@type":"ImageObject","inLanguage":"es","@id":"https:\/\/lospoliticosveracruz.com\/#\/schema\/logo\/image\/","url":"https:\/\/lospoliticosveracruz.com\/wp-content\/uploads\/2025\/12\/Logo-Nuevo-LOS-POLITICOS-1.jpg","contentUrl":"https:\/\/lospoliticosveracruz.com\/wp-content\/uploads\/2025\/12\/Logo-Nuevo-LOS-POLITICOS-1.jpg","width":260,"height":70,"caption":"Los pol\u00edticos Veracruz"},"image":{"@id":"https:\/\/lospoliticosveracruz.com\/#\/schema\/logo\/image\/"},"sameAs":["https:\/\/www.facebook.com\/people\/Notimemes-de-los-Polticos\/61565672886568\/","https:\/\/x.com\/LosPoliticosVer"]},{"@type":"Person","@id":"https:\/\/lospoliticosveracruz.com\/#\/schema\/person\/b8702bb0e538456e6efd07080bf2a4a2","name":"Lo viste en Los Pol\u00edticos","image":{"@type":"ImageObject","inLanguage":"es","@id":"https:\/\/secure.gravatar.com\/avatar\/3a8de04a2656d44082be478bd6c086daa447c4651605818287b9532d3d0bd435?s=96&d=mm&r=g","url":"https:\/\/secure.gravatar.com\/avatar\/3a8de04a2656d44082be478bd6c086daa447c4651605818287b9532d3d0bd435?s=96&d=mm&r=g","contentUrl":"https:\/\/secure.gravatar.com\/avatar\/3a8de04a2656d44082be478bd6c086daa447c4651605818287b9532d3d0bd435?s=96&d=mm&r=g","caption":"Lo viste en Los Pol\u00edticos"},"url":"https:\/\/lospoliticosveracruz.com\/?author=2"}]}},"_links":{"self":[{"href":"https:\/\/lospoliticosveracruz.com\/index.php?rest_route=\/wp\/v2\/posts\/14347","targetHints":{"allow":["GET"]}}],"collection":[{"href":"https:\/\/lospoliticosveracruz.com\/index.php?rest_route=\/wp\/v2\/posts"}],"about":[{"href":"https:\/\/lospoliticosveracruz.com\/index.php?rest_route=\/wp\/v2\/types\/post"}],"author":[{"embeddable":true,"href":"https:\/\/lospoliticosveracruz.com\/index.php?rest_route=\/wp\/v2\/users\/2"}],"replies":[{"embeddable":true,"href":"https:\/\/lospoliticosveracruz.com\/index.php?rest_route=%2Fwp%2Fv2%2Fcomments&post=14347"}],"version-history":[{"count":1,"href":"https:\/\/lospoliticosveracruz.com\/index.php?rest_route=\/wp\/v2\/posts\/14347\/revisions"}],"predecessor-version":[{"id":14349,"href":"https:\/\/lospoliticosveracruz.com\/index.php?rest_route=\/wp\/v2\/posts\/14347\/revisions\/14349"}],"wp:attachment":[{"href":"https:\/\/lospoliticosveracruz.com\/index.php?rest_route=%2Fwp%2Fv2%2Fmedia&parent=14347"}],"wp:term":[{"taxonomy":"category","embeddable":true,"href":"https:\/\/lospoliticosveracruz.com\/index.php?rest_route=%2Fwp%2Fv2%2Fcategories&post=14347"},{"taxonomy":"post_tag","embeddable":true,"href":"https:\/\/lospoliticosveracruz.com\/index.php?rest_route=%2Fwp%2Fv2%2Ftags&post=14347"}],"curies":[{"name":"wp","href":"https:\/\/api.w.org\/{rel}","templated":true}]}}