{"id":143479,"date":"2025-05-05T07:48:55","date_gmt":"2025-05-05T12:48:55","guid":{"rendered":"https:\/\/lospoliticosveracruz.com.mx\/?p=143479"},"modified":"2025-05-05T07:51:30","modified_gmt":"2025-05-05T12:51:30","slug":"les-quedo-el-saco","status":"publish","type":"post","link":"https:\/\/lospoliticosveracruz.com\/?p=143479","title":{"rendered":"LES QUED\u00d3 EL SACO"},"content":{"rendered":"\n<p><em>[S\u00edguenos ahora tambi\u00e9n en WhatsApp.\u00a0<a href=\"https:\/\/whatsapp.com\/channel\/0029Va8zRWlEKyZIP3Z1dF0e\"><strong><em>Da clic aqu\u00ed<\/em><\/strong><\/a>]\u00a0<\/em><br><strong>Fanny Y\u00e9pez<\/strong><br><em>La Columna<\/em><\/p>\n\n\n\n<p>Ante 249 consejeros y 364 convocados de todo el pa\u00eds, que se reunieron en el WTC de la ciudad de M\u00e9xico, en la sexta sesi\u00f3n ordinaria del Consejo Nacional de Morena, el partido aprob\u00f3 por unanimidad una serie de lineamientos \u00e9ticos obligatorios para aspirantes a cargos p\u00fablicos, militantes y representantes populares en donde destacan que, queda prohibido el nepotismo, el uso de recursos p\u00fablicos para beneficio personal o de grupo, la opulencia como viajes en primera clase, uso de veh\u00edculos blindados, hacer turismo pol\u00edtico, y cualquier tipo de \u00abextravagancias\u201d, as\u00ed como el rechazo al financiamiento privado en actividades proselitistas.<\/p>\n\n\n\n<p>A muchos presentes y ausentes, les zumbaron en los o\u00eddos, estas nuevas disposiciones que ahora forman parte de los estatutos internos del partido guinda, sobre todo aquellos \u201cservidores p\u00fablicos\u201d, que manejan como si fueran empresas propias los recursos p\u00fablicos para su uso personal.<\/p>\n\n\n\n<p>Otro de los aspectos que tambi\u00e9n se abordaron durante el Consejo Nacional fue el tan sonado, malgastado y deteriorado aspecto de la unidad partidista, sobre tema el presidente del Consejo Nacional, Alfonso Durazo, subray\u00f3 que \u201cse vale tener aspiraciones, se vale levantar la mano, lo que no se vale es crecer a costa de un compa\u00f1ero\u201d. La medida busca fortalecer la unidad interna de Morena y evitar pr\u00e1cticas que contradigan los principios del movimiento.<br>Varios morenistas se han de haber dado por aludidos, sobre todo esos que enarbolando la bandera de la autocr\u00edtica han arremetido en contra de sus propios correligionarios, sin lugar a dudas uno de estos personajes es el Senador Manuel Huerta Ladr\u00f3n de Guevara.<br>Como lo hab\u00eda anunciado la dirigente nacional de Morena, la Presidenta, Claudia Sheinbaum, envi\u00f3 una carta al consejo donde llam\u00f3 a recordar los or\u00edgenes del partido y a rechazar el influyentismo, el turismo pol\u00edtico y cualquier v\u00ednculo con el crimen organizado.<\/p>\n\n\n\n<p>Asimismo, se proh\u00edben las extravagancias como viajar en primera clase, usar veh\u00edculos blindados, contratar servicios de seguridad privada o exhibir lujos excesivos como joyas, ropa de marca, autos de alto valor o restaurantes exclusivos.<\/p>\n\n\n\n<p>Bajo advertencia no hay enga\u00f1o, ahora los morenistas deber\u00e1n apegarse a los principios de la austeridad republicana, la igualdad, la no reelecci\u00f3n y la independencia de poderes f\u00e1cticos. Quienes incumplan estos lineamientos podr\u00e1n ser inhabilitados como candidatos o incluso expulsados del partido, advirti\u00f3 la secretaria general, Carolina Rangel.<\/p>\n\n\n\n<p>Fue la dirigente nacional de Morena, Luisa Mar\u00eda Alcalde, la encargada de leer la carta que envi\u00f3 a las huestes morenistas la Presidenta Claudia Sheinbaum, quien resalto el valor de la unidad.<\/p>\n\n\n\n<p>\u201cEl inter\u00e9s supremo de la patria, est\u00e1n por encima siempre de cualquier inter\u00e9s personal, no apostemos nunca a la divisi\u00f3n, no caigamos tampoco en el sectarismo, ni por el contrario, en el exceso de pragmatismo sin principios\u201d.<\/p>\n\n\n\n<p>Afirm\u00f3 que todos los militantes de Morena deben conducirse con honestidad, humildad y sencillez, por lo que la parafernalia del poder \u201ces del pasado de corrupci\u00f3n y privilegios, no de Morena\u201d.<\/p>\n\n\n\n<p>Como punto cuatro, que ya se aprob\u00f3 una legislaci\u00f3n para frenar el nepotismo, pero el partido debe aplicarlo a partir del 2027.<\/p>\n\n\n\n<p>Tambi\u00e9n deber\u00e1n no caer en el \u201ccorporativismo\u201d y los gobiernos emanados de Morena deben garantizar la austeridad republicana y la cercan\u00eda con el pueblo.<\/p>\n\n\n\n<p>\u201cNo puede haber colusi\u00f3n con la delincuencia, ni organizada ni de cuello blanco\u201d, finaliz\u00f3.<\/p>\n\n\n\n<p>El punto m\u00e1s aplaudido fue el de las campa\u00f1as anticipadas, el cual dej\u00f3 al final. La Primera Mandataria demand\u00f3 que los candidatos a Gobernadores y Alcaldes, se hagan a trav\u00e9s de las encuestas.<\/p>\n\n\n\n<p>En la misiva, la primer mandataria de la naci\u00f3n convoco a los morenistas a \u201cFortalecer la Comisi\u00f3n de Elecciones y garanticemos que la Comisi\u00f3n de Encuestas realice con transparencia y rigor metodol\u00f3gico la selecci\u00f3n de candidatos. Mientras sigan existiendo las y los candidatos plurinominales, garanticen que sean emanados de t\u00f3mbolas en el marco de los resultados del partido\u00bb, a\u00f1adi\u00f3.<\/p>\n\n\n\n<p>\u201cPara la participaci\u00f3n en la elecci\u00f3n de 2027, es importante que haya reglas claras. Sugiero que el Comit\u00e9 Ejecutivo de Morena las proponga al Consejo en enero de 2026, cumpliendo siempre con las leyes electorales\u201d.<\/p>\n\n\n\n<p>Pidi\u00f3 que una vez que arranquen los procesos internos, no antes, se realice una campa\u00f1a a ras de tierra, casa por casa, que es la que convence, no la que usa m\u00e1s recursos econ\u00f3micos, sino la m\u00e1s cercana al pueblo.<\/p>\n\n\n\n<p>\u201cPara la definici\u00f3n de las y los coordinadores de la transformaci\u00f3n en estados y municipios, considero importante que no se permita el uso de anuncios espectaculares, la promoci\u00f3n de servicios privados, las campa\u00f1as de odio en contra de otros participantes en las encuestas y, evidentemente, el uso de recursos p\u00fablicos\u00bb, expres\u00f3.<\/p>\n\n\n\n<p>Ojal\u00e1 que este severo llamado que hizo la Presidenta Sheinbaum, no solo se quede en meras intenciones o sue\u00f1os guajiros como dicen aqu\u00ed en mi terru\u00f1o, espero que no se quede en utop\u00edas dif\u00edciles de lograr o respetar, vamos a darles a todos los militantes de la 4t la oportunidad de que si antepondr\u00e1n los intereses del pueblo y del partido a los propios, a los personales.<\/p>\n","protected":false},"excerpt":{"rendered":"<p>[S\u00edguenos ahora tambi\u00e9n en WhatsApp.\u00a0Da clic aqu\u00ed]\u00a0Fanny Y\u00e9pezLa Columna Ante 249 consejeros y 364 convocados de todo el pa\u00eds, que se reunieron en el WTC de la ciudad de M\u00e9xico, en la sexta sesi\u00f3n ordinaria del Consejo Nacional de Morena, el partido aprob\u00f3 por unanimidad una serie de lineamientos \u00e9ticos obligatorios para aspirantes a cargos [&hellip;]<\/p>\n","protected":false},"author":2,"featured_media":141383,"comment_status":"closed","ping_status":"closed","sticky":false,"template":"","format":"standard","meta":{"tdm_status":"","tdm_grid_status":"","footnotes":""},"categories":[70],"tags":[9627,17604,1026],"class_list":{"0":"post-143479","1":"post","2":"type-post","3":"status-publish","4":"format-standard","5":"has-post-thumbnail","7":"category-de-opinion","8":"tag-claudia-sheinbaum","9":"tag-luisa-maria-alcalde","10":"tag-morena"},"yoast_head":"<!-- This site is optimized with the Yoast SEO plugin v27.4 - https:\/\/yoast.com\/product\/yoast-seo-wordpress\/ -->\n<title>LES QUED\u00d3 EL SACO - Los pol\u00edticos Veracruz<\/title>\n<meta name=\"robots\" content=\"index, follow, max-snippet:-1, max-image-preview:large, max-video-preview:-1\" \/>\n<link rel=\"canonical\" href=\"https:\/\/lospoliticosveracruz.com\/?p=143479\" \/>\n<meta property=\"og:locale\" content=\"es_ES\" \/>\n<meta property=\"og:type\" content=\"article\" \/>\n<meta property=\"og:title\" content=\"LES QUED\u00d3 EL SACO - Los pol\u00edticos Veracruz\" \/>\n<meta property=\"og:description\" content=\"[S\u00edguenos ahora tambi\u00e9n en WhatsApp.\u00a0Da clic aqu\u00ed]\u00a0Fanny Y\u00e9pezLa Columna Ante 249 consejeros y 364 convocados de todo el pa\u00eds, que se reunieron en el WTC de la ciudad de M\u00e9xico, en la sexta sesi\u00f3n ordinaria del Consejo Nacional de Morena, el partido aprob\u00f3 por unanimidad una serie de lineamientos \u00e9ticos obligatorios para aspirantes a cargos [&hellip;]\" \/>\n<meta property=\"og:url\" content=\"https:\/\/lospoliticosveracruz.com\/?p=143479\" \/>\n<meta property=\"og:site_name\" content=\"Los pol\u00edticos Veracruz\" \/>\n<meta property=\"article:publisher\" content=\"https:\/\/www.facebook.com\/people\/Notimemes-de-los-Polticos\/61565672886568\/\" \/>\n<meta property=\"article:published_time\" content=\"2025-05-05T12:48:55+00:00\" \/>\n<meta property=\"article:modified_time\" content=\"2025-05-05T12:51:30+00:00\" \/>\n<meta property=\"og:image\" content=\"https:\/\/lospoliticosveracruz.com\/wp-content\/uploads\/2025\/04\/Fanny-Yepez-Luna-e1768657334923.jpg\" \/>\n\t<meta property=\"og:image:width\" content=\"600\" \/>\n\t<meta property=\"og:image:height\" content=\"320\" \/>\n\t<meta property=\"og:image:type\" content=\"image\/jpeg\" \/>\n<meta name=\"author\" content=\"Lo viste en Los Pol\u00edticos\" \/>\n<meta name=\"twitter:card\" content=\"summary_large_image\" \/>\n<meta name=\"twitter:creator\" content=\"@LosPoliticosVer\" \/>\n<meta name=\"twitter:site\" content=\"@LosPoliticosVer\" \/>\n<meta name=\"twitter:label1\" content=\"Escrito por\" \/>\n\t<meta name=\"twitter:data1\" content=\"Lo viste en Los Pol\u00edticos\" \/>\n\t<meta name=\"twitter:label2\" content=\"Tiempo de lectura\" \/>\n\t<meta name=\"twitter:data2\" content=\"4 minutos\" \/>\n<script type=\"application\/ld+json\" class=\"yoast-schema-graph\">{\"@context\":\"https:\\\/\\\/schema.org\",\"@graph\":[{\"@type\":\"Article\",\"@id\":\"https:\\\/\\\/lospoliticosveracruz.com\\\/?p=143479#article\",\"isPartOf\":{\"@id\":\"https:\\\/\\\/lospoliticosveracruz.com\\\/?p=143479\"},\"author\":{\"name\":\"Lo viste en Los Pol\u00edticos\",\"@id\":\"https:\\\/\\\/lospoliticosveracruz.com\\\/#\\\/schema\\\/person\\\/b8702bb0e538456e6efd07080bf2a4a2\"},\"headline\":\"LES QUED\u00d3 EL SACO\",\"datePublished\":\"2025-05-05T12:48:55+00:00\",\"dateModified\":\"2025-05-05T12:51:30+00:00\",\"mainEntityOfPage\":{\"@id\":\"https:\\\/\\\/lospoliticosveracruz.com\\\/?p=143479\"},\"wordCount\":904,\"publisher\":{\"@id\":\"https:\\\/\\\/lospoliticosveracruz.com\\\/#organization\"},\"image\":{\"@id\":\"https:\\\/\\\/lospoliticosveracruz.com\\\/?p=143479#primaryimage\"},\"thumbnailUrl\":\"https:\\\/\\\/lospoliticosveracruz.com\\\/wp-content\\\/uploads\\\/2025\\\/04\\\/Fanny-Yepez-Luna-e1768657334923.jpg\",\"keywords\":[\"Claudia Sheinbaum\",\"Luisa Mar\u00eda Alcalde\",\"Morena\"],\"articleSection\":[\"De Opini\u00f3n\"],\"inLanguage\":\"es\"},{\"@type\":\"WebPage\",\"@id\":\"https:\\\/\\\/lospoliticosveracruz.com\\\/?p=143479\",\"url\":\"https:\\\/\\\/lospoliticosveracruz.com\\\/?p=143479\",\"name\":\"LES QUED\u00d3 EL SACO - Los pol\u00edticos Veracruz\",\"isPartOf\":{\"@id\":\"https:\\\/\\\/lospoliticosveracruz.com\\\/#website\"},\"primaryImageOfPage\":{\"@id\":\"https:\\\/\\\/lospoliticosveracruz.com\\\/?p=143479#primaryimage\"},\"image\":{\"@id\":\"https:\\\/\\\/lospoliticosveracruz.com\\\/?p=143479#primaryimage\"},\"thumbnailUrl\":\"https:\\\/\\\/lospoliticosveracruz.com\\\/wp-content\\\/uploads\\\/2025\\\/04\\\/Fanny-Yepez-Luna-e1768657334923.jpg\",\"datePublished\":\"2025-05-05T12:48:55+00:00\",\"dateModified\":\"2025-05-05T12:51:30+00:00\",\"breadcrumb\":{\"@id\":\"https:\\\/\\\/lospoliticosveracruz.com\\\/?p=143479#breadcrumb\"},\"inLanguage\":\"es\",\"potentialAction\":[{\"@type\":\"ReadAction\",\"target\":[\"https:\\\/\\\/lospoliticosveracruz.com\\\/?p=143479\"]}]},{\"@type\":\"ImageObject\",\"inLanguage\":\"es\",\"@id\":\"https:\\\/\\\/lospoliticosveracruz.com\\\/?p=143479#primaryimage\",\"url\":\"https:\\\/\\\/lospoliticosveracruz.com\\\/wp-content\\\/uploads\\\/2025\\\/04\\\/Fanny-Yepez-Luna-e1768657334923.jpg\",\"contentUrl\":\"https:\\\/\\\/lospoliticosveracruz.com\\\/wp-content\\\/uploads\\\/2025\\\/04\\\/Fanny-Yepez-Luna-e1768657334923.jpg\",\"width\":600,\"height\":320},{\"@type\":\"BreadcrumbList\",\"@id\":\"https:\\\/\\\/lospoliticosveracruz.com\\\/?p=143479#breadcrumb\",\"itemListElement\":[{\"@type\":\"ListItem\",\"position\":1,\"name\":\"Portada\",\"item\":\"https:\\\/\\\/lospoliticosveracruz.com\\\/\"},{\"@type\":\"ListItem\",\"position\":2,\"name\":\"LES QUED\u00d3 EL SACO\"}]},{\"@type\":\"WebSite\",\"@id\":\"https:\\\/\\\/lospoliticosveracruz.com\\\/#website\",\"url\":\"https:\\\/\\\/lospoliticosveracruz.com\\\/\",\"name\":\"Los pol\u00edticos Veracruz\",\"description\":\"\",\"publisher\":{\"@id\":\"https:\\\/\\\/lospoliticosveracruz.com\\\/#organization\"},\"potentialAction\":[{\"@type\":\"SearchAction\",\"target\":{\"@type\":\"EntryPoint\",\"urlTemplate\":\"https:\\\/\\\/lospoliticosveracruz.com\\\/?s={search_term_string}\"},\"query-input\":{\"@type\":\"PropertyValueSpecification\",\"valueRequired\":true,\"valueName\":\"search_term_string\"}}],\"inLanguage\":\"es\"},{\"@type\":\"Organization\",\"@id\":\"https:\\\/\\\/lospoliticosveracruz.com\\\/#organization\",\"name\":\"Los pol\u00edticos Veracruz\",\"url\":\"https:\\\/\\\/lospoliticosveracruz.com\\\/\",\"logo\":{\"@type\":\"ImageObject\",\"inLanguage\":\"es\",\"@id\":\"https:\\\/\\\/lospoliticosveracruz.com\\\/#\\\/schema\\\/logo\\\/image\\\/\",\"url\":\"https:\\\/\\\/lospoliticosveracruz.com\\\/wp-content\\\/uploads\\\/2025\\\/12\\\/Logo-Nuevo-LOS-POLITICOS-1.jpg\",\"contentUrl\":\"https:\\\/\\\/lospoliticosveracruz.com\\\/wp-content\\\/uploads\\\/2025\\\/12\\\/Logo-Nuevo-LOS-POLITICOS-1.jpg\",\"width\":260,\"height\":70,\"caption\":\"Los pol\u00edticos Veracruz\"},\"image\":{\"@id\":\"https:\\\/\\\/lospoliticosveracruz.com\\\/#\\\/schema\\\/logo\\\/image\\\/\"},\"sameAs\":[\"https:\\\/\\\/www.facebook.com\\\/people\\\/Notimemes-de-los-Polticos\\\/61565672886568\\\/\",\"https:\\\/\\\/x.com\\\/LosPoliticosVer\"]},{\"@type\":\"Person\",\"@id\":\"https:\\\/\\\/lospoliticosveracruz.com\\\/#\\\/schema\\\/person\\\/b8702bb0e538456e6efd07080bf2a4a2\",\"name\":\"Lo viste en Los Pol\u00edticos\",\"image\":{\"@type\":\"ImageObject\",\"inLanguage\":\"es\",\"@id\":\"https:\\\/\\\/secure.gravatar.com\\\/avatar\\\/3a8de04a2656d44082be478bd6c086daa447c4651605818287b9532d3d0bd435?s=96&d=mm&r=g\",\"url\":\"https:\\\/\\\/secure.gravatar.com\\\/avatar\\\/3a8de04a2656d44082be478bd6c086daa447c4651605818287b9532d3d0bd435?s=96&d=mm&r=g\",\"contentUrl\":\"https:\\\/\\\/secure.gravatar.com\\\/avatar\\\/3a8de04a2656d44082be478bd6c086daa447c4651605818287b9532d3d0bd435?s=96&d=mm&r=g\",\"caption\":\"Lo viste en Los Pol\u00edticos\"},\"url\":\"https:\\\/\\\/lospoliticosveracruz.com\\\/?author=2\"}]}<\/script>\n<!-- \/ Yoast SEO plugin. -->","yoast_head_json":{"title":"LES QUED\u00d3 EL SACO - Los pol\u00edticos Veracruz","robots":{"index":"index","follow":"follow","max-snippet":"max-snippet:-1","max-image-preview":"max-image-preview:large","max-video-preview":"max-video-preview:-1"},"canonical":"https:\/\/lospoliticosveracruz.com\/?p=143479","og_locale":"es_ES","og_type":"article","og_title":"LES QUED\u00d3 EL SACO - Los pol\u00edticos Veracruz","og_description":"[S\u00edguenos ahora tambi\u00e9n en WhatsApp.\u00a0Da clic aqu\u00ed]\u00a0Fanny Y\u00e9pezLa Columna Ante 249 consejeros y 364 convocados de todo el pa\u00eds, que se reunieron en el WTC de la ciudad de M\u00e9xico, en la sexta sesi\u00f3n ordinaria del Consejo Nacional de Morena, el partido aprob\u00f3 por unanimidad una serie de lineamientos \u00e9ticos obligatorios para aspirantes a cargos [&hellip;]","og_url":"https:\/\/lospoliticosveracruz.com\/?p=143479","og_site_name":"Los pol\u00edticos Veracruz","article_publisher":"https:\/\/www.facebook.com\/people\/Notimemes-de-los-Polticos\/61565672886568\/","article_published_time":"2025-05-05T12:48:55+00:00","article_modified_time":"2025-05-05T12:51:30+00:00","og_image":[{"width":600,"height":320,"url":"https:\/\/lospoliticosveracruz.com\/wp-content\/uploads\/2025\/04\/Fanny-Yepez-Luna-e1768657334923.jpg","type":"image\/jpeg"}],"author":"Lo viste en Los Pol\u00edticos","twitter_card":"summary_large_image","twitter_creator":"@LosPoliticosVer","twitter_site":"@LosPoliticosVer","twitter_misc":{"Escrito por":"Lo viste en Los Pol\u00edticos","Tiempo de lectura":"4 minutos"},"schema":{"@context":"https:\/\/schema.org","@graph":[{"@type":"Article","@id":"https:\/\/lospoliticosveracruz.com\/?p=143479#article","isPartOf":{"@id":"https:\/\/lospoliticosveracruz.com\/?p=143479"},"author":{"name":"Lo viste en Los Pol\u00edticos","@id":"https:\/\/lospoliticosveracruz.com\/#\/schema\/person\/b8702bb0e538456e6efd07080bf2a4a2"},"headline":"LES QUED\u00d3 EL SACO","datePublished":"2025-05-05T12:48:55+00:00","dateModified":"2025-05-05T12:51:30+00:00","mainEntityOfPage":{"@id":"https:\/\/lospoliticosveracruz.com\/?p=143479"},"wordCount":904,"publisher":{"@id":"https:\/\/lospoliticosveracruz.com\/#organization"},"image":{"@id":"https:\/\/lospoliticosveracruz.com\/?p=143479#primaryimage"},"thumbnailUrl":"https:\/\/lospoliticosveracruz.com\/wp-content\/uploads\/2025\/04\/Fanny-Yepez-Luna-e1768657334923.jpg","keywords":["Claudia Sheinbaum","Luisa Mar\u00eda Alcalde","Morena"],"articleSection":["De Opini\u00f3n"],"inLanguage":"es"},{"@type":"WebPage","@id":"https:\/\/lospoliticosveracruz.com\/?p=143479","url":"https:\/\/lospoliticosveracruz.com\/?p=143479","name":"LES QUED\u00d3 EL SACO - Los pol\u00edticos Veracruz","isPartOf":{"@id":"https:\/\/lospoliticosveracruz.com\/#website"},"primaryImageOfPage":{"@id":"https:\/\/lospoliticosveracruz.com\/?p=143479#primaryimage"},"image":{"@id":"https:\/\/lospoliticosveracruz.com\/?p=143479#primaryimage"},"thumbnailUrl":"https:\/\/lospoliticosveracruz.com\/wp-content\/uploads\/2025\/04\/Fanny-Yepez-Luna-e1768657334923.jpg","datePublished":"2025-05-05T12:48:55+00:00","dateModified":"2025-05-05T12:51:30+00:00","breadcrumb":{"@id":"https:\/\/lospoliticosveracruz.com\/?p=143479#breadcrumb"},"inLanguage":"es","potentialAction":[{"@type":"ReadAction","target":["https:\/\/lospoliticosveracruz.com\/?p=143479"]}]},{"@type":"ImageObject","inLanguage":"es","@id":"https:\/\/lospoliticosveracruz.com\/?p=143479#primaryimage","url":"https:\/\/lospoliticosveracruz.com\/wp-content\/uploads\/2025\/04\/Fanny-Yepez-Luna-e1768657334923.jpg","contentUrl":"https:\/\/lospoliticosveracruz.com\/wp-content\/uploads\/2025\/04\/Fanny-Yepez-Luna-e1768657334923.jpg","width":600,"height":320},{"@type":"BreadcrumbList","@id":"https:\/\/lospoliticosveracruz.com\/?p=143479#breadcrumb","itemListElement":[{"@type":"ListItem","position":1,"name":"Portada","item":"https:\/\/lospoliticosveracruz.com\/"},{"@type":"ListItem","position":2,"name":"LES QUED\u00d3 EL SACO"}]},{"@type":"WebSite","@id":"https:\/\/lospoliticosveracruz.com\/#website","url":"https:\/\/lospoliticosveracruz.com\/","name":"Los pol\u00edticos Veracruz","description":"","publisher":{"@id":"https:\/\/lospoliticosveracruz.com\/#organization"},"potentialAction":[{"@type":"SearchAction","target":{"@type":"EntryPoint","urlTemplate":"https:\/\/lospoliticosveracruz.com\/?s={search_term_string}"},"query-input":{"@type":"PropertyValueSpecification","valueRequired":true,"valueName":"search_term_string"}}],"inLanguage":"es"},{"@type":"Organization","@id":"https:\/\/lospoliticosveracruz.com\/#organization","name":"Los pol\u00edticos Veracruz","url":"https:\/\/lospoliticosveracruz.com\/","logo":{"@type":"ImageObject","inLanguage":"es","@id":"https:\/\/lospoliticosveracruz.com\/#\/schema\/logo\/image\/","url":"https:\/\/lospoliticosveracruz.com\/wp-content\/uploads\/2025\/12\/Logo-Nuevo-LOS-POLITICOS-1.jpg","contentUrl":"https:\/\/lospoliticosveracruz.com\/wp-content\/uploads\/2025\/12\/Logo-Nuevo-LOS-POLITICOS-1.jpg","width":260,"height":70,"caption":"Los pol\u00edticos Veracruz"},"image":{"@id":"https:\/\/lospoliticosveracruz.com\/#\/schema\/logo\/image\/"},"sameAs":["https:\/\/www.facebook.com\/people\/Notimemes-de-los-Polticos\/61565672886568\/","https:\/\/x.com\/LosPoliticosVer"]},{"@type":"Person","@id":"https:\/\/lospoliticosveracruz.com\/#\/schema\/person\/b8702bb0e538456e6efd07080bf2a4a2","name":"Lo viste en Los Pol\u00edticos","image":{"@type":"ImageObject","inLanguage":"es","@id":"https:\/\/secure.gravatar.com\/avatar\/3a8de04a2656d44082be478bd6c086daa447c4651605818287b9532d3d0bd435?s=96&d=mm&r=g","url":"https:\/\/secure.gravatar.com\/avatar\/3a8de04a2656d44082be478bd6c086daa447c4651605818287b9532d3d0bd435?s=96&d=mm&r=g","contentUrl":"https:\/\/secure.gravatar.com\/avatar\/3a8de04a2656d44082be478bd6c086daa447c4651605818287b9532d3d0bd435?s=96&d=mm&r=g","caption":"Lo viste en Los Pol\u00edticos"},"url":"https:\/\/lospoliticosveracruz.com\/?author=2"}]}},"_links":{"self":[{"href":"https:\/\/lospoliticosveracruz.com\/index.php?rest_route=\/wp\/v2\/posts\/143479","targetHints":{"allow":["GET"]}}],"collection":[{"href":"https:\/\/lospoliticosveracruz.com\/index.php?rest_route=\/wp\/v2\/posts"}],"about":[{"href":"https:\/\/lospoliticosveracruz.com\/index.php?rest_route=\/wp\/v2\/types\/post"}],"author":[{"embeddable":true,"href":"https:\/\/lospoliticosveracruz.com\/index.php?rest_route=\/wp\/v2\/users\/2"}],"replies":[{"embeddable":true,"href":"https:\/\/lospoliticosveracruz.com\/index.php?rest_route=%2Fwp%2Fv2%2Fcomments&post=143479"}],"version-history":[{"count":1,"href":"https:\/\/lospoliticosveracruz.com\/index.php?rest_route=\/wp\/v2\/posts\/143479\/revisions"}],"predecessor-version":[{"id":143481,"href":"https:\/\/lospoliticosveracruz.com\/index.php?rest_route=\/wp\/v2\/posts\/143479\/revisions\/143481"}],"wp:featuredmedia":[{"embeddable":true,"href":"https:\/\/lospoliticosveracruz.com\/index.php?rest_route=\/wp\/v2\/media\/141383"}],"wp:attachment":[{"href":"https:\/\/lospoliticosveracruz.com\/index.php?rest_route=%2Fwp%2Fv2%2Fmedia&parent=143479"}],"wp:term":[{"taxonomy":"category","embeddable":true,"href":"https:\/\/lospoliticosveracruz.com\/index.php?rest_route=%2Fwp%2Fv2%2Fcategories&post=143479"},{"taxonomy":"post_tag","embeddable":true,"href":"https:\/\/lospoliticosveracruz.com\/index.php?rest_route=%2Fwp%2Fv2%2Ftags&post=143479"}],"curies":[{"name":"wp","href":"https:\/\/api.w.org\/{rel}","templated":true}]}}