{"id":143511,"date":"2025-05-05T11:06:18","date_gmt":"2025-05-05T16:06:18","guid":{"rendered":"https:\/\/lospoliticosveracruz.com.mx\/?p=143511"},"modified":"2025-05-05T11:07:11","modified_gmt":"2025-05-05T16:07:11","slug":"ya-reconocio-el-problema-ahora-falta-lo-demas","status":"publish","type":"post","link":"https:\/\/lospoliticosveracruz.com\/?p=143511","title":{"rendered":"YA RECONOCI\u00d3 EL PROBLEMA, AHORA FALTA LO DEM\u00c1S"},"content":{"rendered":"\n<p>S\u00edguenos ahora tambi\u00e9n en WhatsApp.\u00a0\u00a1<a href=\"https:\/\/whatsapp.com\/channel\/0029Va8zRWlEKyZIP3Z1dF0e\"><strong>Da clic aqu\u00ed<\/strong><\/a><strong>!<\/strong><\/p>\n\n\n\n<p><strong>Bernardo Guti\u00e9rrez Parra<br><\/strong><em>Desde el Caf\u00e9<br><\/em><\/p>\n\n\n\n<p>El jueves anterior durante la conmemoraci\u00f3n del D\u00eda del Trabajo, una reportera se le acerc\u00f3 a la gobernadora Roc\u00edo Nahle y le dijo: \u201cYa hay un candidato muerto en este proceso electoral \u00bfde qu\u00e9 nos habla eso?\u201d. Y la gobernadora contest\u00f3: \u201cNos habla de que tenemos que trabajar mucho en seguridad\u201d.<\/p>\n\n\n\n<p>Hasta donde me alcanza la memoria (que no es mucho) esta es la primera ocasi\u00f3n desde el 2004 para ac\u00e1, en que la m\u00e1s alta autoridad estatal reconoce el problema. Pero es bueno agregar que tan injusto ser\u00eda echarle toda la bronca a ella cuando apenas tiene seis meses cargo, como irresponsable es seguir culpando a los de atr\u00e1s del tiradero que dejaron, lo que no hizo la se\u00f1ora.<\/p>\n\n\n\n<p>La tarea no ser\u00e1 f\u00e1cil porque la percepci\u00f3n de inseguridad ha crecido en los \u00faltimos meses. Y va un ejemplo con los candidatos a las alcald\u00edas.<\/p>\n\n\n\n<p>Un d\u00eda despu\u00e9s de esa declaraci\u00f3n, los consejeros del OPLE aprobaron un paquete de 33 sustituciones de igual n\u00famero de candidatos a alcald\u00edas, sindicaturas y regidur\u00edas, tanto de candidatos propietarios como de suplentes. Pero agregaron un dato muy revelador.<\/p>\n\n\n\n<p>Informaron que del 4 de marzo a la fecha, ha recibido 289 renuncias de candidatos propietarios y suplentes a presidentes municipales, s\u00edndicos y regidores, postulados por los seis partidos pol\u00edticos que contienden en el proceso electoral para renovar los 212 ayuntamientos.<\/p>\n\n\n\n<p>De acuerdo con el OPLE 68 renuncias fueron de candidatos del PAN; 65 del PT; 57 del PRI; 40 de Movimiento Ciudadano; 35 del Verde y 24 de Morena.<\/p>\n\n\n\n<p>Son un mundo de renuncias y sin temor a equivocarme, es la primera vez en la historia de unas elecciones en la entidad, que dimiten tantos candidatos en un n\u00famero superior a las 212 alcald\u00edas en disputa.<\/p>\n\n\n\n<p>\u00bfA qu\u00e9 se debe que hombres y mujeres que han peleado por a\u00f1os un lugar en la comuna del municipio donde nacieron, hayan dejado de lado una jugosa presidencia municipal, una apetitosa sindicatura y una no menos apetitosa regidur\u00eda? Aunque el OPLE no lo dice, no se necesita ser vidente para intuir que la mayor\u00eda tiraron el arpa a consecuencia de las amenazas.<\/p>\n\n\n\n<p>Porque la violencia sigue y hasta el m\u00e1s valiente debe sentir calambres nom\u00e1s de pensar que puede ser la pr\u00f3xima v\u00edctima.<\/p>\n\n\n\n<p>El polic\u00eda estatal Carmelo Ceferino Lara, falleci\u00f3 a consecuencia de las heridas que sufri\u00f3 durante un enfrentamiento en Tlapacoyan con presuntos secuestradores. Federico Mota Ram\u00edrez, secretario del Ayuntamiento en Paso de Ovejas, fue baleado (por fortuna sin consecuencias) por dos sujetos a bordo de una motocicleta cuando circulaba por la carretera libre Veracruz-Xalapa.<\/p>\n\n\n\n<p>En J\u00e1ltipan, fue \u201clevantado\u201d Uziel Crist\u00f3bal Toto, operador pol\u00edtico de Morena y el PT en el sur de la entidad. De acuerdo con reportes, varios sujetos armados entraron disparando a su vivienda y se lo llevaron. Y en la comunidad de Cruz Blanca del municipio de Cazones, hubo un enfrentamiento armado con saldo de un polic\u00eda y cuatro civiles muertos.<\/p>\n\n\n\n<p>Estos hechos ocurrieron entre martes y jueves de la pasada semana. Y tampoco se necesita de la clarividencia para saber que del 2018 para ac\u00e1, la mayor\u00eda de los cr\u00edmenes han sido cobijados por la impunidad.<\/p>\n\n\n\n<p>De acuerdo con lo que de esto saben, si la gobernadora quiere combatir en serio la violencia e inseguridad, debe comenzar por los pol\u00edticos y politicastros del sexenio anterior que permitieron la impunidad, principiando por el ex gobernador y por la actual fiscal estatal.<\/p>\n\n\n\n<p>Por lo pronto ya reconoci\u00f3 que hay que trabajar mucho para que regrese a este estado la seguridad y eso es un gran avance. Ahora lo \u00fanico que falta, es que su gobierno se ponga a trabajar en serio.<\/p>\n\n\n\n<p>bernardogup@hotmail.com<\/p>\n","protected":false},"excerpt":{"rendered":"<p>S\u00edguenos ahora tambi\u00e9n en WhatsApp.\u00a0\u00a1Da clic aqu\u00ed! Bernardo Guti\u00e9rrez ParraDesde el Caf\u00e9 El jueves anterior durante la conmemoraci\u00f3n del D\u00eda del Trabajo, una reportera se le acerc\u00f3 a la gobernadora Roc\u00edo Nahle y le dijo: \u201cYa hay un candidato muerto en este proceso electoral \u00bfde qu\u00e9 nos habla eso?\u201d. Y la gobernadora contest\u00f3: \u201cNos habla [&hellip;]<\/p>\n","protected":false},"author":2,"featured_media":141479,"comment_status":"closed","ping_status":"closed","sticky":false,"template":"","format":"standard","meta":{"tdm_status":"","tdm_grid_status":"","footnotes":""},"categories":[70],"tags":[34206],"class_list":{"0":"post-143511","1":"post","2":"type-post","3":"status-publish","4":"format-standard","5":"has-post-thumbnail","7":"category-de-opinion","8":"tag-bernardo-gutierrez-parra"},"yoast_head":"<!-- This site is optimized with the Yoast SEO plugin v27.4 - https:\/\/yoast.com\/product\/yoast-seo-wordpress\/ -->\n<title>YA RECONOCI\u00d3 EL PROBLEMA, AHORA FALTA LO DEM\u00c1S - Los pol\u00edticos Veracruz<\/title>\n<meta name=\"robots\" content=\"index, follow, max-snippet:-1, max-image-preview:large, max-video-preview:-1\" \/>\n<link rel=\"canonical\" href=\"https:\/\/lospoliticosveracruz.com\/?p=143511\" \/>\n<meta property=\"og:locale\" content=\"es_ES\" \/>\n<meta property=\"og:type\" content=\"article\" \/>\n<meta property=\"og:title\" content=\"YA RECONOCI\u00d3 EL PROBLEMA, AHORA FALTA LO DEM\u00c1S - Los pol\u00edticos Veracruz\" \/>\n<meta property=\"og:description\" content=\"S\u00edguenos ahora tambi\u00e9n en WhatsApp.\u00a0\u00a1Da clic aqu\u00ed! Bernardo Guti\u00e9rrez ParraDesde el Caf\u00e9 El jueves anterior durante la conmemoraci\u00f3n del D\u00eda del Trabajo, una reportera se le acerc\u00f3 a la gobernadora Roc\u00edo Nahle y le dijo: \u201cYa hay un candidato muerto en este proceso electoral \u00bfde qu\u00e9 nos habla eso?\u201d. Y la gobernadora contest\u00f3: \u201cNos habla [&hellip;]\" \/>\n<meta property=\"og:url\" content=\"https:\/\/lospoliticosveracruz.com\/?p=143511\" \/>\n<meta property=\"og:site_name\" content=\"Los pol\u00edticos Veracruz\" \/>\n<meta property=\"article:publisher\" content=\"https:\/\/www.facebook.com\/people\/Notimemes-de-los-Polticos\/61565672886568\/\" \/>\n<meta property=\"article:published_time\" content=\"2025-05-05T16:06:18+00:00\" \/>\n<meta property=\"article:modified_time\" content=\"2025-05-05T16:07:11+00:00\" \/>\n<meta property=\"og:image\" content=\"https:\/\/lospoliticosveracruz.com\/wp-content\/uploads\/2025\/04\/Bernardo-Gutierrez-Parra.jpg\" \/>\n\t<meta property=\"og:image:width\" content=\"1250\" \/>\n\t<meta property=\"og:image:height\" content=\"667\" \/>\n\t<meta property=\"og:image:type\" content=\"image\/jpeg\" \/>\n<meta name=\"author\" content=\"Lo viste en Los Pol\u00edticos\" \/>\n<meta name=\"twitter:card\" content=\"summary_large_image\" \/>\n<meta name=\"twitter:creator\" content=\"@LosPoliticosVer\" \/>\n<meta name=\"twitter:site\" content=\"@LosPoliticosVer\" \/>\n<meta name=\"twitter:label1\" content=\"Escrito por\" \/>\n\t<meta name=\"twitter:data1\" content=\"Lo viste en Los Pol\u00edticos\" \/>\n\t<meta name=\"twitter:label2\" content=\"Tiempo de lectura\" \/>\n\t<meta name=\"twitter:data2\" content=\"3 minutos\" \/>\n<script type=\"application\/ld+json\" class=\"yoast-schema-graph\">{\"@context\":\"https:\\\/\\\/schema.org\",\"@graph\":[{\"@type\":\"Article\",\"@id\":\"https:\\\/\\\/lospoliticosveracruz.com\\\/?p=143511#article\",\"isPartOf\":{\"@id\":\"https:\\\/\\\/lospoliticosveracruz.com\\\/?p=143511\"},\"author\":{\"name\":\"Lo viste en Los Pol\u00edticos\",\"@id\":\"https:\\\/\\\/lospoliticosveracruz.com\\\/#\\\/schema\\\/person\\\/b8702bb0e538456e6efd07080bf2a4a2\"},\"headline\":\"YA RECONOCI\u00d3 EL PROBLEMA, AHORA FALTA LO DEM\u00c1S\",\"datePublished\":\"2025-05-05T16:06:18+00:00\",\"dateModified\":\"2025-05-05T16:07:11+00:00\",\"mainEntityOfPage\":{\"@id\":\"https:\\\/\\\/lospoliticosveracruz.com\\\/?p=143511\"},\"wordCount\":661,\"publisher\":{\"@id\":\"https:\\\/\\\/lospoliticosveracruz.com\\\/#organization\"},\"image\":{\"@id\":\"https:\\\/\\\/lospoliticosveracruz.com\\\/?p=143511#primaryimage\"},\"thumbnailUrl\":\"https:\\\/\\\/lospoliticosveracruz.com\\\/wp-content\\\/uploads\\\/2025\\\/04\\\/Bernardo-Gutierrez-Parra.jpg\",\"keywords\":[\"Bernardo Guti\u00e9rrez Parra\"],\"articleSection\":[\"De Opini\u00f3n\"],\"inLanguage\":\"es\"},{\"@type\":\"WebPage\",\"@id\":\"https:\\\/\\\/lospoliticosveracruz.com\\\/?p=143511\",\"url\":\"https:\\\/\\\/lospoliticosveracruz.com\\\/?p=143511\",\"name\":\"YA RECONOCI\u00d3 EL PROBLEMA, AHORA FALTA LO DEM\u00c1S - Los pol\u00edticos Veracruz\",\"isPartOf\":{\"@id\":\"https:\\\/\\\/lospoliticosveracruz.com\\\/#website\"},\"primaryImageOfPage\":{\"@id\":\"https:\\\/\\\/lospoliticosveracruz.com\\\/?p=143511#primaryimage\"},\"image\":{\"@id\":\"https:\\\/\\\/lospoliticosveracruz.com\\\/?p=143511#primaryimage\"},\"thumbnailUrl\":\"https:\\\/\\\/lospoliticosveracruz.com\\\/wp-content\\\/uploads\\\/2025\\\/04\\\/Bernardo-Gutierrez-Parra.jpg\",\"datePublished\":\"2025-05-05T16:06:18+00:00\",\"dateModified\":\"2025-05-05T16:07:11+00:00\",\"breadcrumb\":{\"@id\":\"https:\\\/\\\/lospoliticosveracruz.com\\\/?p=143511#breadcrumb\"},\"inLanguage\":\"es\",\"potentialAction\":[{\"@type\":\"ReadAction\",\"target\":[\"https:\\\/\\\/lospoliticosveracruz.com\\\/?p=143511\"]}]},{\"@type\":\"ImageObject\",\"inLanguage\":\"es\",\"@id\":\"https:\\\/\\\/lospoliticosveracruz.com\\\/?p=143511#primaryimage\",\"url\":\"https:\\\/\\\/lospoliticosveracruz.com\\\/wp-content\\\/uploads\\\/2025\\\/04\\\/Bernardo-Gutierrez-Parra.jpg\",\"contentUrl\":\"https:\\\/\\\/lospoliticosveracruz.com\\\/wp-content\\\/uploads\\\/2025\\\/04\\\/Bernardo-Gutierrez-Parra.jpg\",\"width\":1250,\"height\":667},{\"@type\":\"BreadcrumbList\",\"@id\":\"https:\\\/\\\/lospoliticosveracruz.com\\\/?p=143511#breadcrumb\",\"itemListElement\":[{\"@type\":\"ListItem\",\"position\":1,\"name\":\"Portada\",\"item\":\"https:\\\/\\\/lospoliticosveracruz.com\\\/\"},{\"@type\":\"ListItem\",\"position\":2,\"name\":\"YA RECONOCI\u00d3 EL PROBLEMA, AHORA FALTA LO DEM\u00c1S\"}]},{\"@type\":\"WebSite\",\"@id\":\"https:\\\/\\\/lospoliticosveracruz.com\\\/#website\",\"url\":\"https:\\\/\\\/lospoliticosveracruz.com\\\/\",\"name\":\"Los pol\u00edticos Veracruz\",\"description\":\"\",\"publisher\":{\"@id\":\"https:\\\/\\\/lospoliticosveracruz.com\\\/#organization\"},\"potentialAction\":[{\"@type\":\"SearchAction\",\"target\":{\"@type\":\"EntryPoint\",\"urlTemplate\":\"https:\\\/\\\/lospoliticosveracruz.com\\\/?s={search_term_string}\"},\"query-input\":{\"@type\":\"PropertyValueSpecification\",\"valueRequired\":true,\"valueName\":\"search_term_string\"}}],\"inLanguage\":\"es\"},{\"@type\":\"Organization\",\"@id\":\"https:\\\/\\\/lospoliticosveracruz.com\\\/#organization\",\"name\":\"Los pol\u00edticos Veracruz\",\"url\":\"https:\\\/\\\/lospoliticosveracruz.com\\\/\",\"logo\":{\"@type\":\"ImageObject\",\"inLanguage\":\"es\",\"@id\":\"https:\\\/\\\/lospoliticosveracruz.com\\\/#\\\/schema\\\/logo\\\/image\\\/\",\"url\":\"https:\\\/\\\/lospoliticosveracruz.com\\\/wp-content\\\/uploads\\\/2025\\\/12\\\/Logo-Nuevo-LOS-POLITICOS-1.jpg\",\"contentUrl\":\"https:\\\/\\\/lospoliticosveracruz.com\\\/wp-content\\\/uploads\\\/2025\\\/12\\\/Logo-Nuevo-LOS-POLITICOS-1.jpg\",\"width\":260,\"height\":70,\"caption\":\"Los pol\u00edticos Veracruz\"},\"image\":{\"@id\":\"https:\\\/\\\/lospoliticosveracruz.com\\\/#\\\/schema\\\/logo\\\/image\\\/\"},\"sameAs\":[\"https:\\\/\\\/www.facebook.com\\\/people\\\/Notimemes-de-los-Polticos\\\/61565672886568\\\/\",\"https:\\\/\\\/x.com\\\/LosPoliticosVer\"]},{\"@type\":\"Person\",\"@id\":\"https:\\\/\\\/lospoliticosveracruz.com\\\/#\\\/schema\\\/person\\\/b8702bb0e538456e6efd07080bf2a4a2\",\"name\":\"Lo viste en Los Pol\u00edticos\",\"image\":{\"@type\":\"ImageObject\",\"inLanguage\":\"es\",\"@id\":\"https:\\\/\\\/secure.gravatar.com\\\/avatar\\\/3a8de04a2656d44082be478bd6c086daa447c4651605818287b9532d3d0bd435?s=96&d=mm&r=g\",\"url\":\"https:\\\/\\\/secure.gravatar.com\\\/avatar\\\/3a8de04a2656d44082be478bd6c086daa447c4651605818287b9532d3d0bd435?s=96&d=mm&r=g\",\"contentUrl\":\"https:\\\/\\\/secure.gravatar.com\\\/avatar\\\/3a8de04a2656d44082be478bd6c086daa447c4651605818287b9532d3d0bd435?s=96&d=mm&r=g\",\"caption\":\"Lo viste en Los Pol\u00edticos\"},\"url\":\"https:\\\/\\\/lospoliticosveracruz.com\\\/?author=2\"}]}<\/script>\n<!-- \/ Yoast SEO plugin. -->","yoast_head_json":{"title":"YA RECONOCI\u00d3 EL PROBLEMA, AHORA FALTA LO DEM\u00c1S - Los pol\u00edticos Veracruz","robots":{"index":"index","follow":"follow","max-snippet":"max-snippet:-1","max-image-preview":"max-image-preview:large","max-video-preview":"max-video-preview:-1"},"canonical":"https:\/\/lospoliticosveracruz.com\/?p=143511","og_locale":"es_ES","og_type":"article","og_title":"YA RECONOCI\u00d3 EL PROBLEMA, AHORA FALTA LO DEM\u00c1S - Los pol\u00edticos Veracruz","og_description":"S\u00edguenos ahora tambi\u00e9n en WhatsApp.\u00a0\u00a1Da clic aqu\u00ed! Bernardo Guti\u00e9rrez ParraDesde el Caf\u00e9 El jueves anterior durante la conmemoraci\u00f3n del D\u00eda del Trabajo, una reportera se le acerc\u00f3 a la gobernadora Roc\u00edo Nahle y le dijo: \u201cYa hay un candidato muerto en este proceso electoral \u00bfde qu\u00e9 nos habla eso?\u201d. Y la gobernadora contest\u00f3: \u201cNos habla [&hellip;]","og_url":"https:\/\/lospoliticosveracruz.com\/?p=143511","og_site_name":"Los pol\u00edticos Veracruz","article_publisher":"https:\/\/www.facebook.com\/people\/Notimemes-de-los-Polticos\/61565672886568\/","article_published_time":"2025-05-05T16:06:18+00:00","article_modified_time":"2025-05-05T16:07:11+00:00","og_image":[{"width":1250,"height":667,"url":"https:\/\/lospoliticosveracruz.com\/wp-content\/uploads\/2025\/04\/Bernardo-Gutierrez-Parra.jpg","type":"image\/jpeg"}],"author":"Lo viste en Los Pol\u00edticos","twitter_card":"summary_large_image","twitter_creator":"@LosPoliticosVer","twitter_site":"@LosPoliticosVer","twitter_misc":{"Escrito por":"Lo viste en Los Pol\u00edticos","Tiempo de lectura":"3 minutos"},"schema":{"@context":"https:\/\/schema.org","@graph":[{"@type":"Article","@id":"https:\/\/lospoliticosveracruz.com\/?p=143511#article","isPartOf":{"@id":"https:\/\/lospoliticosveracruz.com\/?p=143511"},"author":{"name":"Lo viste en Los Pol\u00edticos","@id":"https:\/\/lospoliticosveracruz.com\/#\/schema\/person\/b8702bb0e538456e6efd07080bf2a4a2"},"headline":"YA RECONOCI\u00d3 EL PROBLEMA, AHORA FALTA LO DEM\u00c1S","datePublished":"2025-05-05T16:06:18+00:00","dateModified":"2025-05-05T16:07:11+00:00","mainEntityOfPage":{"@id":"https:\/\/lospoliticosveracruz.com\/?p=143511"},"wordCount":661,"publisher":{"@id":"https:\/\/lospoliticosveracruz.com\/#organization"},"image":{"@id":"https:\/\/lospoliticosveracruz.com\/?p=143511#primaryimage"},"thumbnailUrl":"https:\/\/lospoliticosveracruz.com\/wp-content\/uploads\/2025\/04\/Bernardo-Gutierrez-Parra.jpg","keywords":["Bernardo Guti\u00e9rrez Parra"],"articleSection":["De Opini\u00f3n"],"inLanguage":"es"},{"@type":"WebPage","@id":"https:\/\/lospoliticosveracruz.com\/?p=143511","url":"https:\/\/lospoliticosveracruz.com\/?p=143511","name":"YA RECONOCI\u00d3 EL PROBLEMA, AHORA FALTA LO DEM\u00c1S - Los pol\u00edticos Veracruz","isPartOf":{"@id":"https:\/\/lospoliticosveracruz.com\/#website"},"primaryImageOfPage":{"@id":"https:\/\/lospoliticosveracruz.com\/?p=143511#primaryimage"},"image":{"@id":"https:\/\/lospoliticosveracruz.com\/?p=143511#primaryimage"},"thumbnailUrl":"https:\/\/lospoliticosveracruz.com\/wp-content\/uploads\/2025\/04\/Bernardo-Gutierrez-Parra.jpg","datePublished":"2025-05-05T16:06:18+00:00","dateModified":"2025-05-05T16:07:11+00:00","breadcrumb":{"@id":"https:\/\/lospoliticosveracruz.com\/?p=143511#breadcrumb"},"inLanguage":"es","potentialAction":[{"@type":"ReadAction","target":["https:\/\/lospoliticosveracruz.com\/?p=143511"]}]},{"@type":"ImageObject","inLanguage":"es","@id":"https:\/\/lospoliticosveracruz.com\/?p=143511#primaryimage","url":"https:\/\/lospoliticosveracruz.com\/wp-content\/uploads\/2025\/04\/Bernardo-Gutierrez-Parra.jpg","contentUrl":"https:\/\/lospoliticosveracruz.com\/wp-content\/uploads\/2025\/04\/Bernardo-Gutierrez-Parra.jpg","width":1250,"height":667},{"@type":"BreadcrumbList","@id":"https:\/\/lospoliticosveracruz.com\/?p=143511#breadcrumb","itemListElement":[{"@type":"ListItem","position":1,"name":"Portada","item":"https:\/\/lospoliticosveracruz.com\/"},{"@type":"ListItem","position":2,"name":"YA RECONOCI\u00d3 EL PROBLEMA, AHORA FALTA LO DEM\u00c1S"}]},{"@type":"WebSite","@id":"https:\/\/lospoliticosveracruz.com\/#website","url":"https:\/\/lospoliticosveracruz.com\/","name":"Los pol\u00edticos Veracruz","description":"","publisher":{"@id":"https:\/\/lospoliticosveracruz.com\/#organization"},"potentialAction":[{"@type":"SearchAction","target":{"@type":"EntryPoint","urlTemplate":"https:\/\/lospoliticosveracruz.com\/?s={search_term_string}"},"query-input":{"@type":"PropertyValueSpecification","valueRequired":true,"valueName":"search_term_string"}}],"inLanguage":"es"},{"@type":"Organization","@id":"https:\/\/lospoliticosveracruz.com\/#organization","name":"Los pol\u00edticos Veracruz","url":"https:\/\/lospoliticosveracruz.com\/","logo":{"@type":"ImageObject","inLanguage":"es","@id":"https:\/\/lospoliticosveracruz.com\/#\/schema\/logo\/image\/","url":"https:\/\/lospoliticosveracruz.com\/wp-content\/uploads\/2025\/12\/Logo-Nuevo-LOS-POLITICOS-1.jpg","contentUrl":"https:\/\/lospoliticosveracruz.com\/wp-content\/uploads\/2025\/12\/Logo-Nuevo-LOS-POLITICOS-1.jpg","width":260,"height":70,"caption":"Los pol\u00edticos Veracruz"},"image":{"@id":"https:\/\/lospoliticosveracruz.com\/#\/schema\/logo\/image\/"},"sameAs":["https:\/\/www.facebook.com\/people\/Notimemes-de-los-Polticos\/61565672886568\/","https:\/\/x.com\/LosPoliticosVer"]},{"@type":"Person","@id":"https:\/\/lospoliticosveracruz.com\/#\/schema\/person\/b8702bb0e538456e6efd07080bf2a4a2","name":"Lo viste en Los Pol\u00edticos","image":{"@type":"ImageObject","inLanguage":"es","@id":"https:\/\/secure.gravatar.com\/avatar\/3a8de04a2656d44082be478bd6c086daa447c4651605818287b9532d3d0bd435?s=96&d=mm&r=g","url":"https:\/\/secure.gravatar.com\/avatar\/3a8de04a2656d44082be478bd6c086daa447c4651605818287b9532d3d0bd435?s=96&d=mm&r=g","contentUrl":"https:\/\/secure.gravatar.com\/avatar\/3a8de04a2656d44082be478bd6c086daa447c4651605818287b9532d3d0bd435?s=96&d=mm&r=g","caption":"Lo viste en Los Pol\u00edticos"},"url":"https:\/\/lospoliticosveracruz.com\/?author=2"}]}},"_links":{"self":[{"href":"https:\/\/lospoliticosveracruz.com\/index.php?rest_route=\/wp\/v2\/posts\/143511","targetHints":{"allow":["GET"]}}],"collection":[{"href":"https:\/\/lospoliticosveracruz.com\/index.php?rest_route=\/wp\/v2\/posts"}],"about":[{"href":"https:\/\/lospoliticosveracruz.com\/index.php?rest_route=\/wp\/v2\/types\/post"}],"author":[{"embeddable":true,"href":"https:\/\/lospoliticosveracruz.com\/index.php?rest_route=\/wp\/v2\/users\/2"}],"replies":[{"embeddable":true,"href":"https:\/\/lospoliticosveracruz.com\/index.php?rest_route=%2Fwp%2Fv2%2Fcomments&post=143511"}],"version-history":[{"count":2,"href":"https:\/\/lospoliticosveracruz.com\/index.php?rest_route=\/wp\/v2\/posts\/143511\/revisions"}],"predecessor-version":[{"id":143516,"href":"https:\/\/lospoliticosveracruz.com\/index.php?rest_route=\/wp\/v2\/posts\/143511\/revisions\/143516"}],"wp:featuredmedia":[{"embeddable":true,"href":"https:\/\/lospoliticosveracruz.com\/index.php?rest_route=\/wp\/v2\/media\/141479"}],"wp:attachment":[{"href":"https:\/\/lospoliticosveracruz.com\/index.php?rest_route=%2Fwp%2Fv2%2Fmedia&parent=143511"}],"wp:term":[{"taxonomy":"category","embeddable":true,"href":"https:\/\/lospoliticosveracruz.com\/index.php?rest_route=%2Fwp%2Fv2%2Fcategories&post=143511"},{"taxonomy":"post_tag","embeddable":true,"href":"https:\/\/lospoliticosveracruz.com\/index.php?rest_route=%2Fwp%2Fv2%2Ftags&post=143511"}],"curies":[{"name":"wp","href":"https:\/\/api.w.org\/{rel}","templated":true}]}}