{"id":143555,"date":"2025-05-05T14:13:39","date_gmt":"2025-05-05T19:13:39","guid":{"rendered":"https:\/\/lospoliticosveracruz.com.mx\/?p=143555"},"modified":"2025-05-05T14:14:02","modified_gmt":"2025-05-05T19:14:02","slug":"fidel-siempre-fidel","status":"publish","type":"post","link":"https:\/\/lospoliticosveracruz.com\/?p=143555","title":{"rendered":"FIDEL, SIEMPRE FIDEL"},"content":{"rendered":"\n<p><strong><a href=\"https:\/\/whatsapp.com\/channel\/0029Va8zRWlEKyZIP3Z1dF0e\"><\/a><\/strong><\/p>\n\n\n\n<p><strong><a href=\"https:\/\/whatsapp.com\/channel\/0029Va8zRWlEKyZIP3Z1dF0e\">\u2002\u2002<strong>\u00danete a nuestro canal&nbsp;<\/strong>\u2002<\/a><\/strong><\/p>\n\n\n\n<p>\u00a1<strong>LOS POL\u00cdTICOS VERACRUZ<\/strong>&nbsp;ya est\u00e1 en WhatsApp!<\/p>\n\n\n\n<p><strong>Inocencio Y\u00e1\u00f1ez Vicencio<\/strong><\/p>\n\n\n\n<p>En Veracruz, hemos tenido de todo. Por lo que hace a sus gobernantes ni se diga.&nbsp;&nbsp;&nbsp;Una vez escribi\u00f3 el controvertido periodista Roberto Blanco Moheno ( cuya postulaci\u00f3n como candidato a diputado molest\u00f3 mucho a Don Jes\u00fas Reyes Heroles), que si los pilotos se calificaban por sus horas de vuelo, don Rafael Murillo Vidal, se calificar\u00eda por sus horas de sue\u00f1o. De algunos hemos pagado su vida principesca con cargo al erario p\u00fablico, no s\u00f3lo de ellos, hasta de su servidumbre. Caligula ha sido su or\u00e1culo. Trajeron a sus secuaces con una mano atr\u00e1s y otra adelante, pero salieron con una inexplicable fortuna. No pocos corrieron a tratar de&nbsp;&nbsp;ponerse la camiseta de la nueva mayor\u00eda. De todo, vamos, Entre ese todo tuvimos algunos con visi\u00f3n de Estado. Eso ni duda cabe. Uno de ellos es Fidel Herrera Beltr\u00e1n.<\/p>\n\n\n\n<p>Fidel, con un estilo de hacer pol\u00edtica que algunos gustaba y a otros no. Eso hay que admitirlo. Var\u00edas veces hice p\u00fablicas mis diferencias con \u00e9l, antes y durante su per\u00edodo como gobernador. Cuando mis amigos Lu\u00eds Orellan y Carlos Silva, organizaron un encuentro de las juventudes partidistas latinoamericanas, convocadas por el MNJR, despu\u00e9s de enviar a los pepinos, los troskistas a refutar una resoluci\u00f3n que hablaba de imperialismo sovi\u00e9tico y fracasaron, subo a la tribuna y les descomponga su arreglo, a tal grado que el pres\u00eddium que encabezaba Fidel, sufri\u00f3 para conciliar la redacci\u00f3n final. Su enojo fue muy grande, pero pas\u00f3. No hace mucho Ranulfo M\u00e1rquez, recordaba ese pasaje.<\/p>\n\n\n\n<p>Siendo gobernador: conservo unos recortes cuando me quiso sujetar desde que fiitraron que iba a la Fundaci\u00f3n Colosio. P\u00fablicamente rechac\u00e9 llegar condicionado. Rechac\u00e9 apoyar a su amigo Enrique Jackson para el CEN del PRI.&nbsp;&nbsp;Le tir\u00e9 una plataforma que me enviaron para que avalara.&nbsp;&nbsp;Expres\u00e9 p\u00fablicamente que Javiera Duarte fuera el sucesor. Logr\u00e9 que Carvallo continuara al frente del CDE y lo dirigiera durante la campa\u00f1a de Duarte. Pronovi y remov\u00ed dirigentes de la Fundaci\u00f3n Colosio con la oposici\u00f3n de presidentes municipales y funcionarios. Cuando cumpli\u00f3 cuatro a\u00f1os de gobierno declar\u00e9 en conferencia de prensa que social y econ\u00f3micamente hab\u00eda hecho una gran obra, pero no pol\u00edticamente. A m\u00ed Fidel nunca me dijo p\u00e9gale a fulano. Al contrario me ped\u00eda que dejara en paz al \u00f3rgano electoral u otra entidad.&nbsp;<\/p>\n\n\n\n<p>Fidel, fue ejemplo de tolerancia. En una ocasi\u00f3n el mismo Ranulfo me dijo que yo pon\u00eda a prueba la tolerancia del gobernador.<\/p>\n\n\n\n<p>En verdad que da gusto que una autoridad entienda que la pol\u00edtica no tiene como prop\u00f3sito sofocar diferencias sino encauzarlas.<\/p>\n\n\n\n<p>Es una verg\u00fcenza que Morena , le de un trato de enemigo a Manuel Huerta, por externar puntos diferentes, en primer lugar porque si se eso hacen con uno de los suyos que no har\u00e1n con un extra\u00f1o y, en segundo lugar, porque hasta cuando entender\u00e1n que del encuentro de diferentes puntos de vista nace la luz.<\/p>\n\n\n\n<p>La pol\u00edtica como lucha por el poder pol\u00edtico ya la describi\u00f3 Maquiav\u00e9lico tal cual es.&nbsp;&nbsp;Es competencia sin cuartel, por eso no tiene nada de extra\u00f1\u00f3 que quienes se sintieron rebasados por el oriundo de Nopaltepec, se hayan v\u00e1lido de las peores infamias para sacarlo de la competencia. Fidel, fue la encarnaci\u00f3n de la sentencia de Weber, que dice que el politico nace, no se hace. Las cualidades se pulen, pero la sensibilidad, el pulso pol\u00edtico, el olfato pol\u00edtico, la capacidad de negociaci\u00f3n, la capacidad de concertaci\u00f3n, la disponibilidad para escuchar al contrario e incorporar lo que enriquezca, la capacidad de s\u00edntesis, la disposici\u00f3n para que prevalezca lo com\u00fan ante lo particular&#8230; no se aprenden en ninguna universidad, son cualidades que se traen o no se traen. Esas cualidades hizo que sus competidores se valieran de todo por descarrilarlo.<\/p>\n\n\n\n<p>No es nada nuevo que hubiera quien lo quisiera ligar con las peores cosas, con tal de demeritar su carrera pol\u00edtica.&nbsp;&nbsp;En el momento que me mostraron una nota que lo vinculada con los Zetas, s\u00f3lo ped\u00ed que se informaran, primero de d\u00f3nde sali\u00f3 ese grupo y cuando, as\u00ed como el contesto. Ese fue una secci\u00f3n de \u00e9lite dentro del Ej\u00e9rcito Mexicano que desert\u00f3 para unirse a los narcos. Desert\u00f3 a\u00f1os antes que Fidel llegar\u00e1 a ser gobernador. Su persecuci\u00f3n estuvo a cargo de las fuerzas federales. Perversamente se oculta que Fidel fue gobernador durante los mandatos de Fox y Calder\u00f3n, cualquier asociaci\u00f3n que le le hubieran detectado con el crimen organizado, hubiera ido a la c\u00e1rcel. En todo caso fue a sus detractores a los que se les fug\u00f3 dos veces El Chapo.<\/p>\n\n\n\n<p>La molest\u00eda de sus viejos amigos fue que ayudaba a sus enemigos. Carlos Brito y Marcelo Montiel, durante el sexenio de Miguel Alem\u00e1n Vald\u00e9s, le ofendieron y sin embargo, Fidel, los apoy\u00f3.<\/p>\n\n\n\n<p>Durante su gobierno Fidel, no persigui\u00f3 a nadie. Como el sol\u00eda decir: tengo la piel de cocodrilo, resist\u00eda mucho.<\/p>\n\n\n\n<p>Su relaci\u00f3n con la Iglesia Cat\u00f3lica y con los protestantes fue muy cordial.&nbsp;<\/p>\n\n\n\n<p>Nunca le pas\u00f3 imponerle un amigo a la Universidad Veracruzana. Ra\u00fal Arias Lobillo lleg\u00f3 a la Rector\u00eda por sus m\u00e9ritos acad\u00e9micos. Hubo secretarios que los conoc\u00eda recientemente.&nbsp;<\/p>\n\n\n\n<p>C\u00f3mo bien dice mi amigo Agust\u00edn Basilio de la Vega, tener visiones distintas no fue obst\u00e1culo para trabajar por el bien com\u00fan.<\/p>\n\n\n\n<p>Tengo en mis manos los cuadros de obras de los \u00faltimos sexenios y cualquiera que dese\u00e9 cotejarlos, podr\u00e1 observar que Fidel, rebasa con mucho a cualquiera. Sin contar los libramiento del puerto de Veracruz y el de la ciudad de Cardel, que ni siquiera fue capaz de concluir Javier.<\/p>\n\n\n\n<p>El arribo de Fidel, no signific\u00f3 s\u00f3lo la eliminaci\u00f3n de las vallas f\u00edsicas de Palacio de Gobierno, signific\u00f3 que por primera vez la gente humilde sinti\u00f3 que no estaba s\u00f3la, que si ten\u00eda un problema pod\u00eda acudir a su gobernador para solicitarle empleo, becas, medicinas&#8230; En Telever se estableci\u00f3 un enlace para dotar desde una silla de ruedas hasta apoyos para cirug\u00edas. Var\u00edas familias de la sierra y colonias de nuestros municipios, al terminar su mandato, escuch\u00e9 con tristeza decir; hoy nos sentimos hu\u00e9rfanos.<\/p>\n\n\n\n<p>Ayer comentaba con algunos de los que asistimos a Gayosso Lomas:&nbsp;&nbsp;hay muchos ingratos, pero la gente de las colonias, los barrios, lo quiere y lo llevar\u00e1 siempre en su coraz\u00f3n.<\/p>\n\n\n\n<p>Coincid\u00edmos en el diagn\u00f3stico. Es hora de entregar el PRI a los j\u00f3venes. No coincidi en que se entregara el partido a j\u00f3venes de probeta. Mi propuesta era que se entregara a j\u00f3venes del campo,de los talleres, de las colonias, de las universidades, no a juniors.&nbsp;&nbsp;Fidel, crey\u00f3 en los j\u00f3venes. Lamentablemente muchos de esos j\u00f3venes \u00fanicamente creyeron en la n\u00f3mina.<\/p>\n","protected":false},"excerpt":{"rendered":"<p>\u2002\u2002\u00danete a nuestro canal&nbsp;\u2002 \u00a1LOS POL\u00cdTICOS VERACRUZ&nbsp;ya est\u00e1 en WhatsApp! Inocencio Y\u00e1\u00f1ez Vicencio En Veracruz, hemos tenido de todo. Por lo que hace a sus gobernantes ni se diga.&nbsp;&nbsp;&nbsp;Una vez escribi\u00f3 el controvertido periodista Roberto Blanco Moheno ( cuya postulaci\u00f3n como candidato a diputado molest\u00f3 mucho a Don Jes\u00fas Reyes Heroles), que si los pilotos [&hellip;]<\/p>\n","protected":false},"author":2,"featured_media":141387,"comment_status":"closed","ping_status":"closed","sticky":false,"template":"","format":"standard","meta":{"tdm_status":"","tdm_grid_status":"","footnotes":""},"categories":[70],"tags":[],"class_list":{"0":"post-143555","1":"post","2":"type-post","3":"status-publish","4":"format-standard","5":"has-post-thumbnail","7":"category-de-opinion"},"yoast_head":"<!-- This site is optimized with the Yoast SEO plugin v27.4 - https:\/\/yoast.com\/product\/yoast-seo-wordpress\/ -->\n<title>FIDEL, SIEMPRE FIDEL - Los pol\u00edticos Veracruz<\/title>\n<meta name=\"robots\" content=\"index, follow, max-snippet:-1, max-image-preview:large, max-video-preview:-1\" \/>\n<link rel=\"canonical\" href=\"https:\/\/lospoliticosveracruz.com\/?p=143555\" \/>\n<meta property=\"og:locale\" content=\"es_ES\" \/>\n<meta property=\"og:type\" content=\"article\" \/>\n<meta property=\"og:title\" content=\"FIDEL, SIEMPRE FIDEL - Los pol\u00edticos Veracruz\" \/>\n<meta property=\"og:description\" content=\"\u2002\u2002\u00danete a nuestro canal&nbsp;\u2002 \u00a1LOS POL\u00cdTICOS VERACRUZ&nbsp;ya est\u00e1 en WhatsApp! Inocencio Y\u00e1\u00f1ez Vicencio En Veracruz, hemos tenido de todo. Por lo que hace a sus gobernantes ni se diga.&nbsp;&nbsp;&nbsp;Una vez escribi\u00f3 el controvertido periodista Roberto Blanco Moheno ( cuya postulaci\u00f3n como candidato a diputado molest\u00f3 mucho a Don Jes\u00fas Reyes Heroles), que si los pilotos [&hellip;]\" \/>\n<meta property=\"og:url\" content=\"https:\/\/lospoliticosveracruz.com\/?p=143555\" \/>\n<meta property=\"og:site_name\" content=\"Los pol\u00edticos Veracruz\" \/>\n<meta property=\"article:publisher\" content=\"https:\/\/www.facebook.com\/people\/Notimemes-de-los-Polticos\/61565672886568\/\" \/>\n<meta property=\"article:published_time\" content=\"2025-05-05T19:13:39+00:00\" \/>\n<meta property=\"article:modified_time\" content=\"2025-05-05T19:14:02+00:00\" \/>\n<meta property=\"og:image\" content=\"https:\/\/lospoliticosveracruz.com\/wp-content\/uploads\/2025\/04\/Inocencio-Yanez-Vicencio.jpg\" \/>\n\t<meta property=\"og:image:width\" content=\"1250\" \/>\n\t<meta property=\"og:image:height\" content=\"667\" \/>\n\t<meta property=\"og:image:type\" content=\"image\/jpeg\" \/>\n<meta name=\"author\" content=\"Lo viste en Los Pol\u00edticos\" \/>\n<meta name=\"twitter:card\" content=\"summary_large_image\" \/>\n<meta name=\"twitter:creator\" content=\"@LosPoliticosVer\" \/>\n<meta name=\"twitter:site\" content=\"@LosPoliticosVer\" \/>\n<meta name=\"twitter:label1\" content=\"Escrito por\" \/>\n\t<meta name=\"twitter:data1\" content=\"Lo viste en Los Pol\u00edticos\" \/>\n\t<meta name=\"twitter:label2\" content=\"Tiempo de lectura\" \/>\n\t<meta name=\"twitter:data2\" content=\"6 minutos\" \/>\n<script type=\"application\/ld+json\" class=\"yoast-schema-graph\">{\"@context\":\"https:\\\/\\\/schema.org\",\"@graph\":[{\"@type\":\"Article\",\"@id\":\"https:\\\/\\\/lospoliticosveracruz.com\\\/?p=143555#article\",\"isPartOf\":{\"@id\":\"https:\\\/\\\/lospoliticosveracruz.com\\\/?p=143555\"},\"author\":{\"name\":\"Lo viste en Los Pol\u00edticos\",\"@id\":\"https:\\\/\\\/lospoliticosveracruz.com\\\/#\\\/schema\\\/person\\\/b8702bb0e538456e6efd07080bf2a4a2\"},\"headline\":\"FIDEL, SIEMPRE FIDEL\",\"datePublished\":\"2025-05-05T19:13:39+00:00\",\"dateModified\":\"2025-05-05T19:14:02+00:00\",\"mainEntityOfPage\":{\"@id\":\"https:\\\/\\\/lospoliticosveracruz.com\\\/?p=143555\"},\"wordCount\":1228,\"publisher\":{\"@id\":\"https:\\\/\\\/lospoliticosveracruz.com\\\/#organization\"},\"image\":{\"@id\":\"https:\\\/\\\/lospoliticosveracruz.com\\\/?p=143555#primaryimage\"},\"thumbnailUrl\":\"https:\\\/\\\/lospoliticosveracruz.com\\\/wp-content\\\/uploads\\\/2025\\\/04\\\/Inocencio-Yanez-Vicencio.jpg\",\"articleSection\":[\"De Opini\u00f3n\"],\"inLanguage\":\"es\"},{\"@type\":\"WebPage\",\"@id\":\"https:\\\/\\\/lospoliticosveracruz.com\\\/?p=143555\",\"url\":\"https:\\\/\\\/lospoliticosveracruz.com\\\/?p=143555\",\"name\":\"FIDEL, SIEMPRE FIDEL - Los pol\u00edticos Veracruz\",\"isPartOf\":{\"@id\":\"https:\\\/\\\/lospoliticosveracruz.com\\\/#website\"},\"primaryImageOfPage\":{\"@id\":\"https:\\\/\\\/lospoliticosveracruz.com\\\/?p=143555#primaryimage\"},\"image\":{\"@id\":\"https:\\\/\\\/lospoliticosveracruz.com\\\/?p=143555#primaryimage\"},\"thumbnailUrl\":\"https:\\\/\\\/lospoliticosveracruz.com\\\/wp-content\\\/uploads\\\/2025\\\/04\\\/Inocencio-Yanez-Vicencio.jpg\",\"datePublished\":\"2025-05-05T19:13:39+00:00\",\"dateModified\":\"2025-05-05T19:14:02+00:00\",\"breadcrumb\":{\"@id\":\"https:\\\/\\\/lospoliticosveracruz.com\\\/?p=143555#breadcrumb\"},\"inLanguage\":\"es\",\"potentialAction\":[{\"@type\":\"ReadAction\",\"target\":[\"https:\\\/\\\/lospoliticosveracruz.com\\\/?p=143555\"]}]},{\"@type\":\"ImageObject\",\"inLanguage\":\"es\",\"@id\":\"https:\\\/\\\/lospoliticosveracruz.com\\\/?p=143555#primaryimage\",\"url\":\"https:\\\/\\\/lospoliticosveracruz.com\\\/wp-content\\\/uploads\\\/2025\\\/04\\\/Inocencio-Yanez-Vicencio.jpg\",\"contentUrl\":\"https:\\\/\\\/lospoliticosveracruz.com\\\/wp-content\\\/uploads\\\/2025\\\/04\\\/Inocencio-Yanez-Vicencio.jpg\",\"width\":1250,\"height\":667},{\"@type\":\"BreadcrumbList\",\"@id\":\"https:\\\/\\\/lospoliticosveracruz.com\\\/?p=143555#breadcrumb\",\"itemListElement\":[{\"@type\":\"ListItem\",\"position\":1,\"name\":\"Portada\",\"item\":\"https:\\\/\\\/lospoliticosveracruz.com\\\/\"},{\"@type\":\"ListItem\",\"position\":2,\"name\":\"FIDEL, SIEMPRE FIDEL\"}]},{\"@type\":\"WebSite\",\"@id\":\"https:\\\/\\\/lospoliticosveracruz.com\\\/#website\",\"url\":\"https:\\\/\\\/lospoliticosveracruz.com\\\/\",\"name\":\"Los pol\u00edticos Veracruz\",\"description\":\"\",\"publisher\":{\"@id\":\"https:\\\/\\\/lospoliticosveracruz.com\\\/#organization\"},\"potentialAction\":[{\"@type\":\"SearchAction\",\"target\":{\"@type\":\"EntryPoint\",\"urlTemplate\":\"https:\\\/\\\/lospoliticosveracruz.com\\\/?s={search_term_string}\"},\"query-input\":{\"@type\":\"PropertyValueSpecification\",\"valueRequired\":true,\"valueName\":\"search_term_string\"}}],\"inLanguage\":\"es\"},{\"@type\":\"Organization\",\"@id\":\"https:\\\/\\\/lospoliticosveracruz.com\\\/#organization\",\"name\":\"Los pol\u00edticos Veracruz\",\"url\":\"https:\\\/\\\/lospoliticosveracruz.com\\\/\",\"logo\":{\"@type\":\"ImageObject\",\"inLanguage\":\"es\",\"@id\":\"https:\\\/\\\/lospoliticosveracruz.com\\\/#\\\/schema\\\/logo\\\/image\\\/\",\"url\":\"https:\\\/\\\/lospoliticosveracruz.com\\\/wp-content\\\/uploads\\\/2025\\\/12\\\/Logo-Nuevo-LOS-POLITICOS-1.jpg\",\"contentUrl\":\"https:\\\/\\\/lospoliticosveracruz.com\\\/wp-content\\\/uploads\\\/2025\\\/12\\\/Logo-Nuevo-LOS-POLITICOS-1.jpg\",\"width\":260,\"height\":70,\"caption\":\"Los pol\u00edticos Veracruz\"},\"image\":{\"@id\":\"https:\\\/\\\/lospoliticosveracruz.com\\\/#\\\/schema\\\/logo\\\/image\\\/\"},\"sameAs\":[\"https:\\\/\\\/www.facebook.com\\\/people\\\/Notimemes-de-los-Polticos\\\/61565672886568\\\/\",\"https:\\\/\\\/x.com\\\/LosPoliticosVer\"]},{\"@type\":\"Person\",\"@id\":\"https:\\\/\\\/lospoliticosveracruz.com\\\/#\\\/schema\\\/person\\\/b8702bb0e538456e6efd07080bf2a4a2\",\"name\":\"Lo viste en Los Pol\u00edticos\",\"image\":{\"@type\":\"ImageObject\",\"inLanguage\":\"es\",\"@id\":\"https:\\\/\\\/secure.gravatar.com\\\/avatar\\\/3a8de04a2656d44082be478bd6c086daa447c4651605818287b9532d3d0bd435?s=96&d=mm&r=g\",\"url\":\"https:\\\/\\\/secure.gravatar.com\\\/avatar\\\/3a8de04a2656d44082be478bd6c086daa447c4651605818287b9532d3d0bd435?s=96&d=mm&r=g\",\"contentUrl\":\"https:\\\/\\\/secure.gravatar.com\\\/avatar\\\/3a8de04a2656d44082be478bd6c086daa447c4651605818287b9532d3d0bd435?s=96&d=mm&r=g\",\"caption\":\"Lo viste en Los Pol\u00edticos\"},\"url\":\"https:\\\/\\\/lospoliticosveracruz.com\\\/?author=2\"}]}<\/script>\n<!-- \/ Yoast SEO plugin. -->","yoast_head_json":{"title":"FIDEL, SIEMPRE FIDEL - Los pol\u00edticos Veracruz","robots":{"index":"index","follow":"follow","max-snippet":"max-snippet:-1","max-image-preview":"max-image-preview:large","max-video-preview":"max-video-preview:-1"},"canonical":"https:\/\/lospoliticosveracruz.com\/?p=143555","og_locale":"es_ES","og_type":"article","og_title":"FIDEL, SIEMPRE FIDEL - Los pol\u00edticos Veracruz","og_description":"\u2002\u2002\u00danete a nuestro canal&nbsp;\u2002 \u00a1LOS POL\u00cdTICOS VERACRUZ&nbsp;ya est\u00e1 en WhatsApp! Inocencio Y\u00e1\u00f1ez Vicencio En Veracruz, hemos tenido de todo. Por lo que hace a sus gobernantes ni se diga.&nbsp;&nbsp;&nbsp;Una vez escribi\u00f3 el controvertido periodista Roberto Blanco Moheno ( cuya postulaci\u00f3n como candidato a diputado molest\u00f3 mucho a Don Jes\u00fas Reyes Heroles), que si los pilotos [&hellip;]","og_url":"https:\/\/lospoliticosveracruz.com\/?p=143555","og_site_name":"Los pol\u00edticos Veracruz","article_publisher":"https:\/\/www.facebook.com\/people\/Notimemes-de-los-Polticos\/61565672886568\/","article_published_time":"2025-05-05T19:13:39+00:00","article_modified_time":"2025-05-05T19:14:02+00:00","og_image":[{"width":1250,"height":667,"url":"https:\/\/lospoliticosveracruz.com\/wp-content\/uploads\/2025\/04\/Inocencio-Yanez-Vicencio.jpg","type":"image\/jpeg"}],"author":"Lo viste en Los Pol\u00edticos","twitter_card":"summary_large_image","twitter_creator":"@LosPoliticosVer","twitter_site":"@LosPoliticosVer","twitter_misc":{"Escrito por":"Lo viste en Los Pol\u00edticos","Tiempo de lectura":"6 minutos"},"schema":{"@context":"https:\/\/schema.org","@graph":[{"@type":"Article","@id":"https:\/\/lospoliticosveracruz.com\/?p=143555#article","isPartOf":{"@id":"https:\/\/lospoliticosveracruz.com\/?p=143555"},"author":{"name":"Lo viste en Los Pol\u00edticos","@id":"https:\/\/lospoliticosveracruz.com\/#\/schema\/person\/b8702bb0e538456e6efd07080bf2a4a2"},"headline":"FIDEL, SIEMPRE FIDEL","datePublished":"2025-05-05T19:13:39+00:00","dateModified":"2025-05-05T19:14:02+00:00","mainEntityOfPage":{"@id":"https:\/\/lospoliticosveracruz.com\/?p=143555"},"wordCount":1228,"publisher":{"@id":"https:\/\/lospoliticosveracruz.com\/#organization"},"image":{"@id":"https:\/\/lospoliticosveracruz.com\/?p=143555#primaryimage"},"thumbnailUrl":"https:\/\/lospoliticosveracruz.com\/wp-content\/uploads\/2025\/04\/Inocencio-Yanez-Vicencio.jpg","articleSection":["De Opini\u00f3n"],"inLanguage":"es"},{"@type":"WebPage","@id":"https:\/\/lospoliticosveracruz.com\/?p=143555","url":"https:\/\/lospoliticosveracruz.com\/?p=143555","name":"FIDEL, SIEMPRE FIDEL - Los pol\u00edticos Veracruz","isPartOf":{"@id":"https:\/\/lospoliticosveracruz.com\/#website"},"primaryImageOfPage":{"@id":"https:\/\/lospoliticosveracruz.com\/?p=143555#primaryimage"},"image":{"@id":"https:\/\/lospoliticosveracruz.com\/?p=143555#primaryimage"},"thumbnailUrl":"https:\/\/lospoliticosveracruz.com\/wp-content\/uploads\/2025\/04\/Inocencio-Yanez-Vicencio.jpg","datePublished":"2025-05-05T19:13:39+00:00","dateModified":"2025-05-05T19:14:02+00:00","breadcrumb":{"@id":"https:\/\/lospoliticosveracruz.com\/?p=143555#breadcrumb"},"inLanguage":"es","potentialAction":[{"@type":"ReadAction","target":["https:\/\/lospoliticosveracruz.com\/?p=143555"]}]},{"@type":"ImageObject","inLanguage":"es","@id":"https:\/\/lospoliticosveracruz.com\/?p=143555#primaryimage","url":"https:\/\/lospoliticosveracruz.com\/wp-content\/uploads\/2025\/04\/Inocencio-Yanez-Vicencio.jpg","contentUrl":"https:\/\/lospoliticosveracruz.com\/wp-content\/uploads\/2025\/04\/Inocencio-Yanez-Vicencio.jpg","width":1250,"height":667},{"@type":"BreadcrumbList","@id":"https:\/\/lospoliticosveracruz.com\/?p=143555#breadcrumb","itemListElement":[{"@type":"ListItem","position":1,"name":"Portada","item":"https:\/\/lospoliticosveracruz.com\/"},{"@type":"ListItem","position":2,"name":"FIDEL, SIEMPRE FIDEL"}]},{"@type":"WebSite","@id":"https:\/\/lospoliticosveracruz.com\/#website","url":"https:\/\/lospoliticosveracruz.com\/","name":"Los pol\u00edticos Veracruz","description":"","publisher":{"@id":"https:\/\/lospoliticosveracruz.com\/#organization"},"potentialAction":[{"@type":"SearchAction","target":{"@type":"EntryPoint","urlTemplate":"https:\/\/lospoliticosveracruz.com\/?s={search_term_string}"},"query-input":{"@type":"PropertyValueSpecification","valueRequired":true,"valueName":"search_term_string"}}],"inLanguage":"es"},{"@type":"Organization","@id":"https:\/\/lospoliticosveracruz.com\/#organization","name":"Los pol\u00edticos Veracruz","url":"https:\/\/lospoliticosveracruz.com\/","logo":{"@type":"ImageObject","inLanguage":"es","@id":"https:\/\/lospoliticosveracruz.com\/#\/schema\/logo\/image\/","url":"https:\/\/lospoliticosveracruz.com\/wp-content\/uploads\/2025\/12\/Logo-Nuevo-LOS-POLITICOS-1.jpg","contentUrl":"https:\/\/lospoliticosveracruz.com\/wp-content\/uploads\/2025\/12\/Logo-Nuevo-LOS-POLITICOS-1.jpg","width":260,"height":70,"caption":"Los pol\u00edticos Veracruz"},"image":{"@id":"https:\/\/lospoliticosveracruz.com\/#\/schema\/logo\/image\/"},"sameAs":["https:\/\/www.facebook.com\/people\/Notimemes-de-los-Polticos\/61565672886568\/","https:\/\/x.com\/LosPoliticosVer"]},{"@type":"Person","@id":"https:\/\/lospoliticosveracruz.com\/#\/schema\/person\/b8702bb0e538456e6efd07080bf2a4a2","name":"Lo viste en Los Pol\u00edticos","image":{"@type":"ImageObject","inLanguage":"es","@id":"https:\/\/secure.gravatar.com\/avatar\/3a8de04a2656d44082be478bd6c086daa447c4651605818287b9532d3d0bd435?s=96&d=mm&r=g","url":"https:\/\/secure.gravatar.com\/avatar\/3a8de04a2656d44082be478bd6c086daa447c4651605818287b9532d3d0bd435?s=96&d=mm&r=g","contentUrl":"https:\/\/secure.gravatar.com\/avatar\/3a8de04a2656d44082be478bd6c086daa447c4651605818287b9532d3d0bd435?s=96&d=mm&r=g","caption":"Lo viste en Los Pol\u00edticos"},"url":"https:\/\/lospoliticosveracruz.com\/?author=2"}]}},"_links":{"self":[{"href":"https:\/\/lospoliticosveracruz.com\/index.php?rest_route=\/wp\/v2\/posts\/143555","targetHints":{"allow":["GET"]}}],"collection":[{"href":"https:\/\/lospoliticosveracruz.com\/index.php?rest_route=\/wp\/v2\/posts"}],"about":[{"href":"https:\/\/lospoliticosveracruz.com\/index.php?rest_route=\/wp\/v2\/types\/post"}],"author":[{"embeddable":true,"href":"https:\/\/lospoliticosveracruz.com\/index.php?rest_route=\/wp\/v2\/users\/2"}],"replies":[{"embeddable":true,"href":"https:\/\/lospoliticosveracruz.com\/index.php?rest_route=%2Fwp%2Fv2%2Fcomments&post=143555"}],"version-history":[{"count":2,"href":"https:\/\/lospoliticosveracruz.com\/index.php?rest_route=\/wp\/v2\/posts\/143555\/revisions"}],"predecessor-version":[{"id":143557,"href":"https:\/\/lospoliticosveracruz.com\/index.php?rest_route=\/wp\/v2\/posts\/143555\/revisions\/143557"}],"wp:featuredmedia":[{"embeddable":true,"href":"https:\/\/lospoliticosveracruz.com\/index.php?rest_route=\/wp\/v2\/media\/141387"}],"wp:attachment":[{"href":"https:\/\/lospoliticosveracruz.com\/index.php?rest_route=%2Fwp%2Fv2%2Fmedia&parent=143555"}],"wp:term":[{"taxonomy":"category","embeddable":true,"href":"https:\/\/lospoliticosveracruz.com\/index.php?rest_route=%2Fwp%2Fv2%2Fcategories&post=143555"},{"taxonomy":"post_tag","embeddable":true,"href":"https:\/\/lospoliticosveracruz.com\/index.php?rest_route=%2Fwp%2Fv2%2Ftags&post=143555"}],"curies":[{"name":"wp","href":"https:\/\/api.w.org\/{rel}","templated":true}]}}