{"id":143598,"date":"2025-05-06T00:34:34","date_gmt":"2025-05-06T05:34:34","guid":{"rendered":"https:\/\/lospoliticosveracruz.com.mx\/?p=143598"},"modified":"2025-05-06T00:35:07","modified_gmt":"2025-05-06T05:35:07","slug":"el-primero-de-cuitlahuac","status":"publish","type":"post","link":"https:\/\/lospoliticosveracruz.com\/?p=143598","title":{"rendered":"EL PRIMERO DE CUITL\u00c1HUAC"},"content":{"rendered":"\n<p>[S\u00edguenos ahora tambi\u00e9n en WhatsApp.\u00a0<a href=\"https:\/\/whatsapp.com\/channel\/0029Va8zRWlEKyZIP3Z1dF0e\"><strong><em>Da clic aqu\u00ed<\/em><\/strong><\/a>]<br><strong>Ricardo Chua<\/strong><\/p>\n\n\n\n<p><em>Sale y Vale<\/em><\/p>\n\n\n\n<p>Hace unas semanas un alto funcionario del gobierno de Roc\u00edo Nahle coment\u00f3: \u00abPon atenci\u00f3n porque la gobernadora va a -apretar las tuercas- al gobierno de Cuitl\u00e1huac (Garc\u00eda Jim\u00e9nez), le dejaron hecho un -desmadre- la administraci\u00f3n, no hay ese dinero que dec\u00edan estaba en SEFIPLAN, sufrimos de todo, hasta de los vi\u00e1ticos y hay funcionarios del -Cuit-, que andan a toda -madre- viajando en el extranjero y d\u00e1ndose la gran vida. Ella (Roc\u00edo Nahle) ya los tiene detectado, saben lo que se llevaron y como lo andan -festejando- sobre todo en Salud (Secretar\u00eda de Salud), ah\u00ed todo fue un -cochinero- de lo peor\u00bb..<\/p>\n\n\n\n<p>Sostuvo: \u00abVa a denunciar antes porque la Auditor\u00eda Superior de la Federaci\u00f3n le dio la informaci\u00f3n pertinente. Recuerda que hay diputados federales que le traen -hambre- a Cuitl\u00e1huac por todo lo que les hizo Eric Cisneros. Y a lo mejor con ellos no pueden porque los protegen de Palacio Nacional, pero si van por los que les hicieron el movimiento. Esperate durante y despu\u00e9s de la elecci\u00f3n y ver\u00e1n como les van a ir -dej\u00e1ndoselas caer-. La se\u00f1ora no perdona a nadie y m\u00e1s cuando la afectada es ella. Trae en la mira a 3 personajes, pero con dos de ellos a los que m\u00e1s tiene entre -ceja y ceja-, fueron muchas las quejas en campa\u00f1a en su contra, uno de ellos es Jorge Sisniega, el ex director Administrativo de SESVER\u00bb..<\/p>\n\n\n\n<p>Bien dicen que \u00aben esta vida no hay plazo que no cumpla\u00bb.. Ayer la misma gobernadora Roc\u00edo Nahle anunci\u00f3 que por las observaciones de la ASF, el gobierno de Cuitl\u00e1huac Garc\u00eda, no solvent\u00f3 200 millones de pesos en la cuenta p\u00fablica del 2023.. Y que van a llamar a qui\u00e9n tengan que llamar para que solvente este pendiente.. En pocas palabras van a ir por uno de los ex funcionarios consentidos de Cuitl\u00e1huac Garc\u00eda que era Jorge Sisniega.. \u00c9l siempre manej\u00f3 los recursos en esa dependencia.. Bien lo dec\u00eda el funcionario de Nahle, \u00abojo en la campa\u00f1a y despu\u00e9s de la campa\u00f1a\u00bb y su advertencia fue real..<\/p>\n\n\n\n<p>Ahora todo queda en manos de Ram\u00f3n Santos Navarro, el Contralor General del Estado, para saber de la denuncia que hizo por este tema.. El asunto es que parecer\u00eda que en el gobierno de Veracruz tienen todo preparado para que este tema quede como da\u00f1o patrimonial y de esa manera actuar en consecuencia.. Por eso, dicen que ahora en Palacio de Gobierno tienen cerca a Roberto Ramos Alor, el reci\u00e9n nombrado delegado del IMSS Bienestar en la entidad, y que fue hasta el 2021 el secretario de Salud de Cuitl\u00e1huac Garc\u00eda.. En pol\u00edtica, las coincidencias no existen.. Y esto de Ramos Alor no ser\u00eda traici\u00f3n.. Ser\u00eda sobrevivir.. AMEN Y EL QUE ENTENDI\u00d3, LO ENTENDI\u00d3..<\/p>\n\n\n\n<p>ROSA MAR\u00cdA A LA ALZA EN VERACRUZ PUERTO.. Todo parece indicar que falta menos de 25 d\u00edas para que Rosa Mar\u00eda Hern\u00e1ndez Espejo, abogada y periodista, hoy candidata de MORENA-PVEM a la alcald\u00eda de Veracruz puerto, se convierta en la PRIMERA presidenta municipal de izquierda en esta ciudad, hoy gobernada por el PAN.. Las tendencias de las encuestas aplicadas en el principal puerto de este pa\u00eds, as\u00ed lo se\u00f1alan.. Hern\u00e1ndez Espejo aventaja en casi 30 puntos porcentuales a su competidora m\u00e1s cercana, la candidata panista, Indira Rosales San Rom\u00e1n.. La cual parece poco probable que le puedan dar alcancen en lo que resta de la campa\u00f1a..<\/p>\n\n\n\n<p>Estas encuestas fueron realizadas por la empresa \u00abMendoza Blanco &amp; Asociados\u00bb (MEBA), que en su momento hizo encuestas en otros gobiernos de Veracruz.. Y los cuales han resultado muy acertados en sus mediciones.. Este sondeo da como resultado que Hern\u00e1ndez Espejo tiene, al menos, un 46 por ciento de intenci\u00f3n de voto.. Atr\u00e1s est\u00e1 Indira Rosales con el 19 por ciento.. Mientras que Carolina Gudi\u00f1o, del PRI, vendr\u00eda en tercer lugar con un 9.1 por ciento.. M\u00e1s atr\u00e1s estar\u00eda la candidata de Movimiento Ciudadano, Belen Palmeros Exsome con un 8 por ciento.. Por \u00faltimo estar\u00eda el candidato del PT, Mario Wong, con el 3.9 por ciento.. As\u00ed de sencillo..<\/p>\n\n\n\n<p>Una situaci\u00f3n que se ve normal por las tendencias de MORENA en el puerto de Veracruz en las \u00faltimas elecciones.. Sobre todo que Rosa Mar\u00eda Hern\u00e1ndez Espejo, lleva dos elecciones al \u00abhilo\u00bb ganadas en 2021 y 2024 a diputada federal.. Adem\u00e1s que ella desde el 2018 trabaja en el tema social en esta ciudad, ya que fue alta funcionaria de la Secretar\u00eda de Bienestar.. Todo eso logrado por Hern\u00e1ndez Espejo aunado a lo que le da la \u00abmarca\u00bb MORENA, es que la tendencia deja que ese partido, tiene junto con la coalici\u00f3n con PVEM un 53.4 por ciento de las preferencias electorales.. En Veracruz puerto, no se ve como Rosa Mar\u00eda pierda la elecci\u00f3n ante el PAN.. AMEN..<\/p>\n\n\n\n<p>C\u00d3RDOBA, MORENA NO VE LA SUYA.. A diferencia del puerto de Veracruz, Coatzacoalcos, Minatitlan y una decena de municipios m\u00e1s.. C\u00f3rdoba est\u00e1 teniendo conflictos parecidos a los que tiene Perote en su elecci\u00f3n por MORENA.. No hay operadores expertos que puedan ayudar a sus candidatos a alcaldes.. Ah\u00ed en la \u00abCiudad de Los 30 Caballeros\u00bb, si se ha demostrado el rechazo que tienen en contra del candidato a la alcald\u00eda por este partido, Manuel Alonso Cerezo.. Ya que \u00e9l no era el candidato esperado por las bases de este partido.. El candidato que esperaban era Van\u00eda L\u00f3pez, que ahora es candidata a regidor primero por PVEM..<\/p>\n\n\n\n<p>Van\u00eda L\u00f3pez la bajaron a la fuerza.. Pero dicen que el \u00abKarma\u00bb en la pol\u00edtica es canija.. Y ahora es el momento, que Alonso Cerezo no ve la suya en la ciudad que quiere gobernar.. Podr\u00e1n manejar en redes sociales y promocionar encuestas que ponen como \u00abfavorito\u00bb al morenista.. Pero la realidad es otra.. \u00c9l no ha conquistado este \u00abterritorio\u00bb, el mismo ya estaba en poder de la s\u00edndica con licencia en C\u00f3rdoba.. Pero como ella no fue la elegida.. Muchos de los simpatizantes de la 4T pusieron su mirada en otros partidos como Movimiento Ciudadano y el PAN.. Por eso, estos partidos s\u00ed han crecido en sus tendencias en C\u00f3rdoba..<\/p>\n\n\n\n<p>De esa manera, Alonso Cerezo s\u00f3lo le est\u00e1 apostando a que los adultos mayores salgan a votar el d\u00eda de las elecciones.. Ya que esperan los Morenos que est\u00e1n trabajando con el candidato en C\u00f3rdoba, que la \u00abmarca\u00bb los saque adelante porque el personaje, no est\u00e1 levantando con la ciudadan\u00eda.. Le dicen que si, dicen que van a votar por \u00e9l, pero la realidad es otra.. En la soledad de la urna, le podr\u00e1n dar el \u00abvoto de castigo\u00bb a MORENA porque tampoco el gobierno municipal de Juan Mart\u00ednez, no ayud\u00f3 mucho.. Y eso aunado a que le quitaron a la candidatura a Van\u00eda L\u00f3pez.. AL BUEN ENTENDEDOR.. S\u00f3lo habr\u00e1 que ver si.. C\u00d3RDOBA SER\u00c1 AZUL O NARANJA.. AMEN..<\/p>\n","protected":false},"excerpt":{"rendered":"<p>[S\u00edguenos ahora tambi\u00e9n en WhatsApp.\u00a0Da clic aqu\u00ed]Ricardo Chua Sale y Vale Hace unas semanas un alto funcionario del gobierno de Roc\u00edo Nahle coment\u00f3: \u00abPon atenci\u00f3n porque la gobernadora va a -apretar las tuercas- al gobierno de Cuitl\u00e1huac (Garc\u00eda Jim\u00e9nez), le dejaron hecho un -desmadre- la administraci\u00f3n, no hay ese dinero que dec\u00edan estaba en SEFIPLAN, [&hellip;]<\/p>\n","protected":false},"author":2,"featured_media":141434,"comment_status":"closed","ping_status":"closed","sticky":false,"template":"","format":"standard","meta":{"tdm_status":"","tdm_grid_status":"","footnotes":""},"categories":[70],"tags":[1563,43282,1026,12606,3578,195],"class_list":{"0":"post-143598","1":"post","2":"type-post","3":"status-publish","4":"format-standard","5":"has-post-thumbnail","7":"category-de-opinion","8":"tag-cuitlahuac-garcia-jimenez","9":"tag-manuel-alonso-cerezo","10":"tag-morena","11":"tag-roberto-ramos-alor","12":"tag-rocio-nahle","13":"tag-veracruz"},"yoast_head":"<!-- This site is optimized with the Yoast SEO plugin v27.4 - https:\/\/yoast.com\/product\/yoast-seo-wordpress\/ -->\n<title>EL PRIMERO DE CUITL\u00c1HUAC - Los pol\u00edticos Veracruz<\/title>\n<meta name=\"robots\" content=\"index, follow, max-snippet:-1, max-image-preview:large, max-video-preview:-1\" \/>\n<link rel=\"canonical\" href=\"https:\/\/lospoliticosveracruz.com\/?p=143598\" \/>\n<meta property=\"og:locale\" content=\"es_ES\" \/>\n<meta property=\"og:type\" content=\"article\" \/>\n<meta property=\"og:title\" content=\"EL PRIMERO DE CUITL\u00c1HUAC - Los pol\u00edticos Veracruz\" \/>\n<meta property=\"og:description\" content=\"[S\u00edguenos ahora tambi\u00e9n en WhatsApp.\u00a0Da clic aqu\u00ed]Ricardo Chua Sale y Vale Hace unas semanas un alto funcionario del gobierno de Roc\u00edo Nahle coment\u00f3: \u00abPon atenci\u00f3n porque la gobernadora va a -apretar las tuercas- al gobierno de Cuitl\u00e1huac (Garc\u00eda Jim\u00e9nez), le dejaron hecho un -desmadre- la administraci\u00f3n, no hay ese dinero que dec\u00edan estaba en SEFIPLAN, [&hellip;]\" \/>\n<meta property=\"og:url\" content=\"https:\/\/lospoliticosveracruz.com\/?p=143598\" \/>\n<meta property=\"og:site_name\" content=\"Los pol\u00edticos Veracruz\" \/>\n<meta property=\"article:publisher\" content=\"https:\/\/www.facebook.com\/people\/Notimemes-de-los-Polticos\/61565672886568\/\" \/>\n<meta property=\"article:published_time\" content=\"2025-05-06T05:34:34+00:00\" \/>\n<meta property=\"article:modified_time\" content=\"2025-05-06T05:35:07+00:00\" \/>\n<meta property=\"og:image\" content=\"https:\/\/lospoliticosveracruz.com\/wp-content\/uploads\/2025\/04\/Chua-e1761364658706.jpg\" \/>\n\t<meta property=\"og:image:width\" content=\"600\" \/>\n\t<meta property=\"og:image:height\" content=\"320\" \/>\n\t<meta property=\"og:image:type\" content=\"image\/jpeg\" \/>\n<meta name=\"author\" content=\"Lo viste en Los Pol\u00edticos\" \/>\n<meta name=\"twitter:card\" content=\"summary_large_image\" \/>\n<meta name=\"twitter:creator\" content=\"@LosPoliticosVer\" \/>\n<meta name=\"twitter:site\" content=\"@LosPoliticosVer\" \/>\n<meta name=\"twitter:label1\" content=\"Escrito por\" \/>\n\t<meta name=\"twitter:data1\" content=\"Lo viste en Los Pol\u00edticos\" \/>\n\t<meta name=\"twitter:label2\" content=\"Tiempo de lectura\" \/>\n\t<meta name=\"twitter:data2\" content=\"6 minutos\" \/>\n<script type=\"application\/ld+json\" class=\"yoast-schema-graph\">{\"@context\":\"https:\\\/\\\/schema.org\",\"@graph\":[{\"@type\":\"Article\",\"@id\":\"https:\\\/\\\/lospoliticosveracruz.com\\\/?p=143598#article\",\"isPartOf\":{\"@id\":\"https:\\\/\\\/lospoliticosveracruz.com\\\/?p=143598\"},\"author\":{\"name\":\"Lo viste en Los Pol\u00edticos\",\"@id\":\"https:\\\/\\\/lospoliticosveracruz.com\\\/#\\\/schema\\\/person\\\/b8702bb0e538456e6efd07080bf2a4a2\"},\"headline\":\"EL PRIMERO DE CUITL\u00c1HUAC\",\"datePublished\":\"2025-05-06T05:34:34+00:00\",\"dateModified\":\"2025-05-06T05:35:07+00:00\",\"mainEntityOfPage\":{\"@id\":\"https:\\\/\\\/lospoliticosveracruz.com\\\/?p=143598\"},\"wordCount\":1225,\"publisher\":{\"@id\":\"https:\\\/\\\/lospoliticosveracruz.com\\\/#organization\"},\"image\":{\"@id\":\"https:\\\/\\\/lospoliticosveracruz.com\\\/?p=143598#primaryimage\"},\"thumbnailUrl\":\"https:\\\/\\\/lospoliticosveracruz.com\\\/wp-content\\\/uploads\\\/2025\\\/04\\\/Chua-e1761364658706.jpg\",\"keywords\":[\"Cuitl\u00e1huac Garc\u00eda Jim\u00e9nez\",\"Manuel Alonso Cerezo\",\"Morena\",\"Roberto Ramos Alor\",\"Roc\u00edo Nahle\",\"Veracruz\"],\"articleSection\":[\"De Opini\u00f3n\"],\"inLanguage\":\"es\"},{\"@type\":\"WebPage\",\"@id\":\"https:\\\/\\\/lospoliticosveracruz.com\\\/?p=143598\",\"url\":\"https:\\\/\\\/lospoliticosveracruz.com\\\/?p=143598\",\"name\":\"EL PRIMERO DE CUITL\u00c1HUAC - Los pol\u00edticos Veracruz\",\"isPartOf\":{\"@id\":\"https:\\\/\\\/lospoliticosveracruz.com\\\/#website\"},\"primaryImageOfPage\":{\"@id\":\"https:\\\/\\\/lospoliticosveracruz.com\\\/?p=143598#primaryimage\"},\"image\":{\"@id\":\"https:\\\/\\\/lospoliticosveracruz.com\\\/?p=143598#primaryimage\"},\"thumbnailUrl\":\"https:\\\/\\\/lospoliticosveracruz.com\\\/wp-content\\\/uploads\\\/2025\\\/04\\\/Chua-e1761364658706.jpg\",\"datePublished\":\"2025-05-06T05:34:34+00:00\",\"dateModified\":\"2025-05-06T05:35:07+00:00\",\"breadcrumb\":{\"@id\":\"https:\\\/\\\/lospoliticosveracruz.com\\\/?p=143598#breadcrumb\"},\"inLanguage\":\"es\",\"potentialAction\":[{\"@type\":\"ReadAction\",\"target\":[\"https:\\\/\\\/lospoliticosveracruz.com\\\/?p=143598\"]}]},{\"@type\":\"ImageObject\",\"inLanguage\":\"es\",\"@id\":\"https:\\\/\\\/lospoliticosveracruz.com\\\/?p=143598#primaryimage\",\"url\":\"https:\\\/\\\/lospoliticosveracruz.com\\\/wp-content\\\/uploads\\\/2025\\\/04\\\/Chua-e1761364658706.jpg\",\"contentUrl\":\"https:\\\/\\\/lospoliticosveracruz.com\\\/wp-content\\\/uploads\\\/2025\\\/04\\\/Chua-e1761364658706.jpg\",\"width\":600,\"height\":320},{\"@type\":\"BreadcrumbList\",\"@id\":\"https:\\\/\\\/lospoliticosveracruz.com\\\/?p=143598#breadcrumb\",\"itemListElement\":[{\"@type\":\"ListItem\",\"position\":1,\"name\":\"Portada\",\"item\":\"https:\\\/\\\/lospoliticosveracruz.com\\\/\"},{\"@type\":\"ListItem\",\"position\":2,\"name\":\"EL PRIMERO DE CUITL\u00c1HUAC\"}]},{\"@type\":\"WebSite\",\"@id\":\"https:\\\/\\\/lospoliticosveracruz.com\\\/#website\",\"url\":\"https:\\\/\\\/lospoliticosveracruz.com\\\/\",\"name\":\"Los pol\u00edticos Veracruz\",\"description\":\"\",\"publisher\":{\"@id\":\"https:\\\/\\\/lospoliticosveracruz.com\\\/#organization\"},\"potentialAction\":[{\"@type\":\"SearchAction\",\"target\":{\"@type\":\"EntryPoint\",\"urlTemplate\":\"https:\\\/\\\/lospoliticosveracruz.com\\\/?s={search_term_string}\"},\"query-input\":{\"@type\":\"PropertyValueSpecification\",\"valueRequired\":true,\"valueName\":\"search_term_string\"}}],\"inLanguage\":\"es\"},{\"@type\":\"Organization\",\"@id\":\"https:\\\/\\\/lospoliticosveracruz.com\\\/#organization\",\"name\":\"Los pol\u00edticos Veracruz\",\"url\":\"https:\\\/\\\/lospoliticosveracruz.com\\\/\",\"logo\":{\"@type\":\"ImageObject\",\"inLanguage\":\"es\",\"@id\":\"https:\\\/\\\/lospoliticosveracruz.com\\\/#\\\/schema\\\/logo\\\/image\\\/\",\"url\":\"https:\\\/\\\/lospoliticosveracruz.com\\\/wp-content\\\/uploads\\\/2025\\\/12\\\/Logo-Nuevo-LOS-POLITICOS-1.jpg\",\"contentUrl\":\"https:\\\/\\\/lospoliticosveracruz.com\\\/wp-content\\\/uploads\\\/2025\\\/12\\\/Logo-Nuevo-LOS-POLITICOS-1.jpg\",\"width\":260,\"height\":70,\"caption\":\"Los pol\u00edticos Veracruz\"},\"image\":{\"@id\":\"https:\\\/\\\/lospoliticosveracruz.com\\\/#\\\/schema\\\/logo\\\/image\\\/\"},\"sameAs\":[\"https:\\\/\\\/www.facebook.com\\\/people\\\/Notimemes-de-los-Polticos\\\/61565672886568\\\/\",\"https:\\\/\\\/x.com\\\/LosPoliticosVer\"]},{\"@type\":\"Person\",\"@id\":\"https:\\\/\\\/lospoliticosveracruz.com\\\/#\\\/schema\\\/person\\\/b8702bb0e538456e6efd07080bf2a4a2\",\"name\":\"Lo viste en Los Pol\u00edticos\",\"image\":{\"@type\":\"ImageObject\",\"inLanguage\":\"es\",\"@id\":\"https:\\\/\\\/secure.gravatar.com\\\/avatar\\\/3a8de04a2656d44082be478bd6c086daa447c4651605818287b9532d3d0bd435?s=96&d=mm&r=g\",\"url\":\"https:\\\/\\\/secure.gravatar.com\\\/avatar\\\/3a8de04a2656d44082be478bd6c086daa447c4651605818287b9532d3d0bd435?s=96&d=mm&r=g\",\"contentUrl\":\"https:\\\/\\\/secure.gravatar.com\\\/avatar\\\/3a8de04a2656d44082be478bd6c086daa447c4651605818287b9532d3d0bd435?s=96&d=mm&r=g\",\"caption\":\"Lo viste en Los Pol\u00edticos\"},\"url\":\"https:\\\/\\\/lospoliticosveracruz.com\\\/?author=2\"}]}<\/script>\n<!-- \/ Yoast SEO plugin. -->","yoast_head_json":{"title":"EL PRIMERO DE CUITL\u00c1HUAC - Los pol\u00edticos Veracruz","robots":{"index":"index","follow":"follow","max-snippet":"max-snippet:-1","max-image-preview":"max-image-preview:large","max-video-preview":"max-video-preview:-1"},"canonical":"https:\/\/lospoliticosveracruz.com\/?p=143598","og_locale":"es_ES","og_type":"article","og_title":"EL PRIMERO DE CUITL\u00c1HUAC - Los pol\u00edticos Veracruz","og_description":"[S\u00edguenos ahora tambi\u00e9n en WhatsApp.\u00a0Da clic aqu\u00ed]Ricardo Chua Sale y Vale Hace unas semanas un alto funcionario del gobierno de Roc\u00edo Nahle coment\u00f3: \u00abPon atenci\u00f3n porque la gobernadora va a -apretar las tuercas- al gobierno de Cuitl\u00e1huac (Garc\u00eda Jim\u00e9nez), le dejaron hecho un -desmadre- la administraci\u00f3n, no hay ese dinero que dec\u00edan estaba en SEFIPLAN, [&hellip;]","og_url":"https:\/\/lospoliticosveracruz.com\/?p=143598","og_site_name":"Los pol\u00edticos Veracruz","article_publisher":"https:\/\/www.facebook.com\/people\/Notimemes-de-los-Polticos\/61565672886568\/","article_published_time":"2025-05-06T05:34:34+00:00","article_modified_time":"2025-05-06T05:35:07+00:00","og_image":[{"width":600,"height":320,"url":"https:\/\/lospoliticosveracruz.com\/wp-content\/uploads\/2025\/04\/Chua-e1761364658706.jpg","type":"image\/jpeg"}],"author":"Lo viste en Los Pol\u00edticos","twitter_card":"summary_large_image","twitter_creator":"@LosPoliticosVer","twitter_site":"@LosPoliticosVer","twitter_misc":{"Escrito por":"Lo viste en Los Pol\u00edticos","Tiempo de lectura":"6 minutos"},"schema":{"@context":"https:\/\/schema.org","@graph":[{"@type":"Article","@id":"https:\/\/lospoliticosveracruz.com\/?p=143598#article","isPartOf":{"@id":"https:\/\/lospoliticosveracruz.com\/?p=143598"},"author":{"name":"Lo viste en Los Pol\u00edticos","@id":"https:\/\/lospoliticosveracruz.com\/#\/schema\/person\/b8702bb0e538456e6efd07080bf2a4a2"},"headline":"EL PRIMERO DE CUITL\u00c1HUAC","datePublished":"2025-05-06T05:34:34+00:00","dateModified":"2025-05-06T05:35:07+00:00","mainEntityOfPage":{"@id":"https:\/\/lospoliticosveracruz.com\/?p=143598"},"wordCount":1225,"publisher":{"@id":"https:\/\/lospoliticosveracruz.com\/#organization"},"image":{"@id":"https:\/\/lospoliticosveracruz.com\/?p=143598#primaryimage"},"thumbnailUrl":"https:\/\/lospoliticosveracruz.com\/wp-content\/uploads\/2025\/04\/Chua-e1761364658706.jpg","keywords":["Cuitl\u00e1huac Garc\u00eda Jim\u00e9nez","Manuel Alonso Cerezo","Morena","Roberto Ramos Alor","Roc\u00edo Nahle","Veracruz"],"articleSection":["De Opini\u00f3n"],"inLanguage":"es"},{"@type":"WebPage","@id":"https:\/\/lospoliticosveracruz.com\/?p=143598","url":"https:\/\/lospoliticosveracruz.com\/?p=143598","name":"EL PRIMERO DE CUITL\u00c1HUAC - Los pol\u00edticos Veracruz","isPartOf":{"@id":"https:\/\/lospoliticosveracruz.com\/#website"},"primaryImageOfPage":{"@id":"https:\/\/lospoliticosveracruz.com\/?p=143598#primaryimage"},"image":{"@id":"https:\/\/lospoliticosveracruz.com\/?p=143598#primaryimage"},"thumbnailUrl":"https:\/\/lospoliticosveracruz.com\/wp-content\/uploads\/2025\/04\/Chua-e1761364658706.jpg","datePublished":"2025-05-06T05:34:34+00:00","dateModified":"2025-05-06T05:35:07+00:00","breadcrumb":{"@id":"https:\/\/lospoliticosveracruz.com\/?p=143598#breadcrumb"},"inLanguage":"es","potentialAction":[{"@type":"ReadAction","target":["https:\/\/lospoliticosveracruz.com\/?p=143598"]}]},{"@type":"ImageObject","inLanguage":"es","@id":"https:\/\/lospoliticosveracruz.com\/?p=143598#primaryimage","url":"https:\/\/lospoliticosveracruz.com\/wp-content\/uploads\/2025\/04\/Chua-e1761364658706.jpg","contentUrl":"https:\/\/lospoliticosveracruz.com\/wp-content\/uploads\/2025\/04\/Chua-e1761364658706.jpg","width":600,"height":320},{"@type":"BreadcrumbList","@id":"https:\/\/lospoliticosveracruz.com\/?p=143598#breadcrumb","itemListElement":[{"@type":"ListItem","position":1,"name":"Portada","item":"https:\/\/lospoliticosveracruz.com\/"},{"@type":"ListItem","position":2,"name":"EL PRIMERO DE CUITL\u00c1HUAC"}]},{"@type":"WebSite","@id":"https:\/\/lospoliticosveracruz.com\/#website","url":"https:\/\/lospoliticosveracruz.com\/","name":"Los pol\u00edticos Veracruz","description":"","publisher":{"@id":"https:\/\/lospoliticosveracruz.com\/#organization"},"potentialAction":[{"@type":"SearchAction","target":{"@type":"EntryPoint","urlTemplate":"https:\/\/lospoliticosveracruz.com\/?s={search_term_string}"},"query-input":{"@type":"PropertyValueSpecification","valueRequired":true,"valueName":"search_term_string"}}],"inLanguage":"es"},{"@type":"Organization","@id":"https:\/\/lospoliticosveracruz.com\/#organization","name":"Los pol\u00edticos Veracruz","url":"https:\/\/lospoliticosveracruz.com\/","logo":{"@type":"ImageObject","inLanguage":"es","@id":"https:\/\/lospoliticosveracruz.com\/#\/schema\/logo\/image\/","url":"https:\/\/lospoliticosveracruz.com\/wp-content\/uploads\/2025\/12\/Logo-Nuevo-LOS-POLITICOS-1.jpg","contentUrl":"https:\/\/lospoliticosveracruz.com\/wp-content\/uploads\/2025\/12\/Logo-Nuevo-LOS-POLITICOS-1.jpg","width":260,"height":70,"caption":"Los pol\u00edticos Veracruz"},"image":{"@id":"https:\/\/lospoliticosveracruz.com\/#\/schema\/logo\/image\/"},"sameAs":["https:\/\/www.facebook.com\/people\/Notimemes-de-los-Polticos\/61565672886568\/","https:\/\/x.com\/LosPoliticosVer"]},{"@type":"Person","@id":"https:\/\/lospoliticosveracruz.com\/#\/schema\/person\/b8702bb0e538456e6efd07080bf2a4a2","name":"Lo viste en Los Pol\u00edticos","image":{"@type":"ImageObject","inLanguage":"es","@id":"https:\/\/secure.gravatar.com\/avatar\/3a8de04a2656d44082be478bd6c086daa447c4651605818287b9532d3d0bd435?s=96&d=mm&r=g","url":"https:\/\/secure.gravatar.com\/avatar\/3a8de04a2656d44082be478bd6c086daa447c4651605818287b9532d3d0bd435?s=96&d=mm&r=g","contentUrl":"https:\/\/secure.gravatar.com\/avatar\/3a8de04a2656d44082be478bd6c086daa447c4651605818287b9532d3d0bd435?s=96&d=mm&r=g","caption":"Lo viste en Los Pol\u00edticos"},"url":"https:\/\/lospoliticosveracruz.com\/?author=2"}]}},"_links":{"self":[{"href":"https:\/\/lospoliticosveracruz.com\/index.php?rest_route=\/wp\/v2\/posts\/143598","targetHints":{"allow":["GET"]}}],"collection":[{"href":"https:\/\/lospoliticosveracruz.com\/index.php?rest_route=\/wp\/v2\/posts"}],"about":[{"href":"https:\/\/lospoliticosveracruz.com\/index.php?rest_route=\/wp\/v2\/types\/post"}],"author":[{"embeddable":true,"href":"https:\/\/lospoliticosveracruz.com\/index.php?rest_route=\/wp\/v2\/users\/2"}],"replies":[{"embeddable":true,"href":"https:\/\/lospoliticosveracruz.com\/index.php?rest_route=%2Fwp%2Fv2%2Fcomments&post=143598"}],"version-history":[{"count":2,"href":"https:\/\/lospoliticosveracruz.com\/index.php?rest_route=\/wp\/v2\/posts\/143598\/revisions"}],"predecessor-version":[{"id":143600,"href":"https:\/\/lospoliticosveracruz.com\/index.php?rest_route=\/wp\/v2\/posts\/143598\/revisions\/143600"}],"wp:featuredmedia":[{"embeddable":true,"href":"https:\/\/lospoliticosveracruz.com\/index.php?rest_route=\/wp\/v2\/media\/141434"}],"wp:attachment":[{"href":"https:\/\/lospoliticosveracruz.com\/index.php?rest_route=%2Fwp%2Fv2%2Fmedia&parent=143598"}],"wp:term":[{"taxonomy":"category","embeddable":true,"href":"https:\/\/lospoliticosveracruz.com\/index.php?rest_route=%2Fwp%2Fv2%2Fcategories&post=143598"},{"taxonomy":"post_tag","embeddable":true,"href":"https:\/\/lospoliticosveracruz.com\/index.php?rest_route=%2Fwp%2Fv2%2Ftags&post=143598"}],"curies":[{"name":"wp","href":"https:\/\/api.w.org\/{rel}","templated":true}]}}