{"id":143816,"date":"2025-05-08T00:42:46","date_gmt":"2025-05-08T05:42:46","guid":{"rendered":"https:\/\/lospoliticosveracruz.com.mx\/?p=143816"},"modified":"2025-05-08T00:43:20","modified_gmt":"2025-05-08T05:43:20","slug":"coatza-y-morena-rosaldo-vs-amado","status":"publish","type":"post","link":"https:\/\/lospoliticosveracruz.com\/?p=143816","title":{"rendered":"COATZA Y MORENA, ROSALDO VS AMADO"},"content":{"rendered":"\n<p>[S\u00edguenos ahora tambi\u00e9n en WhatsApp.\u00a0<a href=\"https:\/\/whatsapp.com\/channel\/0029Va8zRWlEKyZIP3Z1dF0e\"><strong><em>Da clic aqu\u00ed<\/em><\/strong><\/a>]\u00a0<br><strong>Ricardo Chua Agama<\/strong><\/p>\n\n\n\n<p><em>Sale y Vale<\/em><\/p>\n\n\n\n<p><br>Luego de los reclamos evidentes que los ciudadanos de Coatzacoalcos tienen contra el candidato a la alcald\u00eda de MORENA, Pedro Miguel Rosaldo, por los malos de gobiernos locales de este partido en los \u00faltimos 8 a\u00f1os en ese municipio.. Y que esto provoc\u00f3 que Rosaldo, se DESLINDAR\u00c1 del actual presidente municipal, Amado Cruz Malpica, se\u00f1alado que \u00e9l es del equipo de Roc\u00edo Nahle y que a \u00e9l no tendr\u00edan porqu\u00e9 reclamar de las fallas de Cruz Malpica.. Rosaldo no se dio cuenta de algo y cometi\u00f3 un ERROR DE C\u00c1LCULO.. AMADO TAMBI\u00c9N ES NAHLE..<\/p>\n\n\n\n<p>Para NADIE ES UN SECRETO en Coatzacoalcos, que en 2018 a 2021, Amado Cruz Malpica fue \u00abcrucificado\u00bb por el ex gobernador, Cuitl\u00e1huac Garc\u00eda y el ex secretario de Gobierno, Eric Cisneros Burgos.. Ya que ellos dos acusaron a Amado de tener \u00abv\u00ednculos\u00bb pol\u00edticos con el ex gobernador panista, Miguel \u00c1ngel Yunes Linares.. Ya que Cruz Malpica fue el coordinador de la bancada de MORENA en el Congreso del Estado, del 2016 al 2018, el bienio donde fue gobernador Yunes.. Y de esa \u00abcrucifixi\u00f3n\u00bb a Amado del 2018 al 2021, qui\u00e9n lo \u00abrescat\u00f3\u00bb haci\u00e9ndolo candidato a alcalde por MORENA en Puerto M\u00e9xico fue Roc\u00edo Nahle Garc\u00eda..<\/p>\n\n\n\n<p>La entonces secretaria de Energ\u00eda del gobierno de Andr\u00e9s Manuel L\u00f3pez Obrador.. Sab\u00eda que Amado Cruz Malpica no lo traicionar\u00eda en su carrera en b\u00fasqueda de la candidatura a la gubernatura de Veracruz y que ella ser\u00eda la candidata de Amado, y as\u00ed lo fu\u00e9.. Pese a las presiones de Eric Cisneros para que Amado cambiara de \u00abbando\u00bb.. Patrocinio crey\u00f3 que podr\u00eda ser nominado y en Coatza, Amado le estorbaba porque no estaba con su proyecto al 2024.. Hasta se enfrentaron ambos por temas de inseguridad.. Pero el alcalde se mantuvo leal a Nahle.. Tanto as\u00ed que se pens\u00f3 que Amado ser\u00eda su secretario de Gobierno.. PERO NADA DE ESO PAS\u00d3..<\/p>\n\n\n\n<p>Roc\u00edo Nahle lleg\u00f3 al poder en Veracruz y Amado ni sustituto de Ver\u00f3nica Hern\u00e1ndez fue en la Fiscal\u00eda del Estado.. Se qued\u00f3 en Coatzacoalcos como un alcalde m\u00e1s.. Pero lejos, ya muy \u00ablejos\u00bb de su \u00abmadrina\u00bb pol\u00edtica Roc\u00edo Nahle.. Ella empez\u00f3 a promover en MORENA a otros \u00abcuadros\u00bb en Coatzacoalcos, que eran adversarios de Amado.. Y la \u00abfractura\u00bb entre ambos personajes fue evidente.. Ahora hay un MORENA que es LEAL al gobierno de Nahle y al hoy candidato a la alcald\u00eda, Pedro Miguel Rosaldo.. Y otro grupo m\u00e1s, que sigue creyendo en Cruz Malpica.. Amado y Rosaldo no \u00abjalan\u00bb juntos y est\u00e1n divididos.. Pedro Miguel est\u00e1 pagando la \u00abfactura\u00bb..<\/p>\n\n\n\n<p>Esto debido a que independientemente de la lealtad de Amado con Nahle Garc\u00eda.. En Coatzacoalcos hay la percepci\u00f3n de que Cruz Malpica, les ha fallado como alcalde.. No ha sido el administrador que esa ciudad esperaba.. Lejos quedaron esos tiempos del abogado cr\u00edtico del sistema.. Ya que cuando tuvo la oportunidad, pues, simplemente no dio el \u00abancho\u00bb.. Por eso, es que para la sociedad de aquella ciudad, la gesti\u00f3n de Amado ha sido muy negativa y esto afecta a Rosaldo.. Pero la figura de Nahle es buena y tiene aceptaci\u00f3n. que es donde se est\u00e1 \u00abagarrando\u00bb Pedro Miguel para poder sacar la elecci\u00f3n..<\/p>\n\n\n\n<p>Hasta muchos ven en Coatzacoalcos.. Que el tema de Amado no se ve como le afecte a Rosaldo.. Ya que el candidato de MORENA hizo bien en contestar que \u00e9l y Amado, son de grupos diferentes.. Por lo que ahora, se espera verlo criticando las falta de acciones municipales por parte de Amado.. Trae el permiso de Nahle y no va a tener problema.. El conflicto estar\u00e1 en que la ciudadan\u00eda no cree, que ambos sean de grupos distintos, todos saben que ambos (Amado y Rosaldo) tienen el mismo \u00absello\u00bb: Roc\u00edo Nahle.. Aunque la gobernadora est\u00e9 desilusionada del alcalde.. Pero Nahle es Amado.. Como Roc\u00edo es Rosaldo.. LOS DOS SON LO MISMO.. AMEN.<\/p>\n\n\n\n<p>VERACRUZ-BOCA DEL R\u00cdO, MORENA Y PAN.. Despu\u00e9s de una semana de haber iniciado las elecciones a las alcald\u00edas en los 212 municipios de Veracruz.. La zona conurbada de Veracruz puerto y Boca del R\u00edo, la zona econ\u00f3mica-pol\u00edtica m\u00e1s importante y poblada de la entidad.. Est\u00e1 dejando claro, que las tendencias electorales, se\u00f1alan que MORENA y el PAN.. Se van a dividir el poder en cada uno de estos ayuntamientos.. MORENA se quedar\u00eda con el puerto y ciudad de Veracruz.. Mientras que el PAN ser\u00e1 el que retenga el poder en Boca del R\u00edo, la ciudad de m\u00e1s alta plusval\u00eda en el Estado..<\/p>\n\n\n\n<p>De confirmarse estas tendencias de los 8 d\u00edas de campa\u00f1a.. Ser\u00e1 un hecho que las periodistas y legisladoras federales (MORENA y PAN), Rosa Mar\u00eda Hern\u00e1ndez Espejo y Maryjose Gamboa Torales, se convierten en las pr\u00f3ximas presidentas municipales de esta conurbaci\u00f3n.. Ser\u00e1 la primera vez en la historia de estos municipios, que dos mujeres, al mismo tiempo, sean las que gobiernen ambas ciudades.. Ya que hasta el momento, no se ve c\u00f3mo el PAN alcance a MORENA en el puerto de Veracruz y MORENA pueda darle alcance al PAN en Boca del R\u00edo, pareciera que la suerte est\u00e1 echada..<\/p>\n\n\n\n<p>Eso se ve en las mismas caminatas en esta primera semana de los candidatos a alcaldes en ambos municipios.. Rosa Mar\u00eda a cualquier zona que va en el puerto, est\u00e1 \u00ablevantando \u00e1mpula\u00bb y la percepci\u00f3n se nota.. Es que ella lleva la delantera de esta elecci\u00f3n.. Lo mismo pasa con Maryjose en Boca del R\u00edo, la tendencia es a favor.. Hay personajes que dicen que Hern\u00e1ndez Espejo lograr\u00e1 el 3 a 1 en Veracruz y Gamboa Torales tendr\u00e1 la confianza de los boque\u00f1os de, al menos, 2 a 1 contra su m\u00e1s cercano contrincante.. De seguir as\u00ed.. NO HAY MANERA de que ambas sean alcanzadas.. A una semana, se ve que este \u00abarroz ya se coci\u00f3\u00bb.. AMEN..<\/p>\n","protected":false},"excerpt":{"rendered":"<p>[S\u00edguenos ahora tambi\u00e9n en WhatsApp.\u00a0Da clic aqu\u00ed]\u00a0Ricardo Chua Agama Sale y Vale Luego de los reclamos evidentes que los ciudadanos de Coatzacoalcos tienen contra el candidato a la alcald\u00eda de MORENA, Pedro Miguel Rosaldo, por los malos de gobiernos locales de este partido en los \u00faltimos 8 a\u00f1os en ese municipio.. Y que esto provoc\u00f3 [&hellip;]<\/p>\n","protected":false},"author":2,"featured_media":141434,"comment_status":"closed","ping_status":"closed","sticky":false,"template":"","format":"standard","meta":{"tdm_status":"","tdm_grid_status":"","footnotes":""},"categories":[70],"tags":[5618,1026,43800,3578,195],"class_list":{"0":"post-143816","1":"post","2":"type-post","3":"status-publish","4":"format-standard","5":"has-post-thumbnail","7":"category-de-opinion","8":"tag-amado-cruz-malpica","9":"tag-morena","10":"tag-pedro-rosaldo","11":"tag-rocio-nahle","12":"tag-veracruz"},"yoast_head":"<!-- This site is optimized with the Yoast SEO plugin v27.4 - https:\/\/yoast.com\/product\/yoast-seo-wordpress\/ -->\n<title>COATZA Y MORENA, ROSALDO VS AMADO - Los pol\u00edticos Veracruz<\/title>\n<meta name=\"robots\" content=\"index, follow, max-snippet:-1, max-image-preview:large, max-video-preview:-1\" \/>\n<link rel=\"canonical\" href=\"https:\/\/lospoliticosveracruz.com\/?p=143816\" \/>\n<meta property=\"og:locale\" content=\"es_ES\" \/>\n<meta property=\"og:type\" content=\"article\" \/>\n<meta property=\"og:title\" content=\"COATZA Y MORENA, ROSALDO VS AMADO - Los pol\u00edticos Veracruz\" \/>\n<meta property=\"og:description\" content=\"[S\u00edguenos ahora tambi\u00e9n en WhatsApp.\u00a0Da clic aqu\u00ed]\u00a0Ricardo Chua Agama Sale y Vale Luego de los reclamos evidentes que los ciudadanos de Coatzacoalcos tienen contra el candidato a la alcald\u00eda de MORENA, Pedro Miguel Rosaldo, por los malos de gobiernos locales de este partido en los \u00faltimos 8 a\u00f1os en ese municipio.. Y que esto provoc\u00f3 [&hellip;]\" \/>\n<meta property=\"og:url\" content=\"https:\/\/lospoliticosveracruz.com\/?p=143816\" \/>\n<meta property=\"og:site_name\" content=\"Los pol\u00edticos Veracruz\" \/>\n<meta property=\"article:publisher\" content=\"https:\/\/www.facebook.com\/people\/Notimemes-de-los-Polticos\/61565672886568\/\" \/>\n<meta property=\"article:published_time\" content=\"2025-05-08T05:42:46+00:00\" \/>\n<meta property=\"article:modified_time\" content=\"2025-05-08T05:43:20+00:00\" \/>\n<meta property=\"og:image\" content=\"https:\/\/lospoliticosveracruz.com\/wp-content\/uploads\/2025\/04\/Chua-e1761364658706.jpg\" \/>\n\t<meta property=\"og:image:width\" content=\"600\" \/>\n\t<meta property=\"og:image:height\" content=\"320\" \/>\n\t<meta property=\"og:image:type\" content=\"image\/jpeg\" \/>\n<meta name=\"author\" content=\"Lo viste en Los Pol\u00edticos\" \/>\n<meta name=\"twitter:card\" content=\"summary_large_image\" \/>\n<meta name=\"twitter:creator\" content=\"@LosPoliticosVer\" \/>\n<meta name=\"twitter:site\" content=\"@LosPoliticosVer\" \/>\n<meta name=\"twitter:label1\" content=\"Escrito por\" \/>\n\t<meta name=\"twitter:data1\" content=\"Lo viste en Los Pol\u00edticos\" \/>\n\t<meta name=\"twitter:label2\" content=\"Tiempo de lectura\" \/>\n\t<meta name=\"twitter:data2\" content=\"5 minutos\" \/>\n<script type=\"application\/ld+json\" class=\"yoast-schema-graph\">{\"@context\":\"https:\\\/\\\/schema.org\",\"@graph\":[{\"@type\":\"Article\",\"@id\":\"https:\\\/\\\/lospoliticosveracruz.com\\\/?p=143816#article\",\"isPartOf\":{\"@id\":\"https:\\\/\\\/lospoliticosveracruz.com\\\/?p=143816\"},\"author\":{\"name\":\"Lo viste en Los Pol\u00edticos\",\"@id\":\"https:\\\/\\\/lospoliticosveracruz.com\\\/#\\\/schema\\\/person\\\/b8702bb0e538456e6efd07080bf2a4a2\"},\"headline\":\"COATZA Y MORENA, ROSALDO VS AMADO\",\"datePublished\":\"2025-05-08T05:42:46+00:00\",\"dateModified\":\"2025-05-08T05:43:20+00:00\",\"mainEntityOfPage\":{\"@id\":\"https:\\\/\\\/lospoliticosveracruz.com\\\/?p=143816\"},\"wordCount\":1032,\"publisher\":{\"@id\":\"https:\\\/\\\/lospoliticosveracruz.com\\\/#organization\"},\"image\":{\"@id\":\"https:\\\/\\\/lospoliticosveracruz.com\\\/?p=143816#primaryimage\"},\"thumbnailUrl\":\"https:\\\/\\\/lospoliticosveracruz.com\\\/wp-content\\\/uploads\\\/2025\\\/04\\\/Chua-e1761364658706.jpg\",\"keywords\":[\"Amado Cruz Malpica\",\"Morena\",\"Pedro Rosaldo\",\"Roc\u00edo Nahle\",\"Veracruz\"],\"articleSection\":[\"De Opini\u00f3n\"],\"inLanguage\":\"es\"},{\"@type\":\"WebPage\",\"@id\":\"https:\\\/\\\/lospoliticosveracruz.com\\\/?p=143816\",\"url\":\"https:\\\/\\\/lospoliticosveracruz.com\\\/?p=143816\",\"name\":\"COATZA Y MORENA, ROSALDO VS AMADO - Los pol\u00edticos Veracruz\",\"isPartOf\":{\"@id\":\"https:\\\/\\\/lospoliticosveracruz.com\\\/#website\"},\"primaryImageOfPage\":{\"@id\":\"https:\\\/\\\/lospoliticosveracruz.com\\\/?p=143816#primaryimage\"},\"image\":{\"@id\":\"https:\\\/\\\/lospoliticosveracruz.com\\\/?p=143816#primaryimage\"},\"thumbnailUrl\":\"https:\\\/\\\/lospoliticosveracruz.com\\\/wp-content\\\/uploads\\\/2025\\\/04\\\/Chua-e1761364658706.jpg\",\"datePublished\":\"2025-05-08T05:42:46+00:00\",\"dateModified\":\"2025-05-08T05:43:20+00:00\",\"breadcrumb\":{\"@id\":\"https:\\\/\\\/lospoliticosveracruz.com\\\/?p=143816#breadcrumb\"},\"inLanguage\":\"es\",\"potentialAction\":[{\"@type\":\"ReadAction\",\"target\":[\"https:\\\/\\\/lospoliticosveracruz.com\\\/?p=143816\"]}]},{\"@type\":\"ImageObject\",\"inLanguage\":\"es\",\"@id\":\"https:\\\/\\\/lospoliticosveracruz.com\\\/?p=143816#primaryimage\",\"url\":\"https:\\\/\\\/lospoliticosveracruz.com\\\/wp-content\\\/uploads\\\/2025\\\/04\\\/Chua-e1761364658706.jpg\",\"contentUrl\":\"https:\\\/\\\/lospoliticosveracruz.com\\\/wp-content\\\/uploads\\\/2025\\\/04\\\/Chua-e1761364658706.jpg\",\"width\":600,\"height\":320},{\"@type\":\"BreadcrumbList\",\"@id\":\"https:\\\/\\\/lospoliticosveracruz.com\\\/?p=143816#breadcrumb\",\"itemListElement\":[{\"@type\":\"ListItem\",\"position\":1,\"name\":\"Portada\",\"item\":\"https:\\\/\\\/lospoliticosveracruz.com\\\/\"},{\"@type\":\"ListItem\",\"position\":2,\"name\":\"COATZA Y MORENA, ROSALDO VS AMADO\"}]},{\"@type\":\"WebSite\",\"@id\":\"https:\\\/\\\/lospoliticosveracruz.com\\\/#website\",\"url\":\"https:\\\/\\\/lospoliticosveracruz.com\\\/\",\"name\":\"Los pol\u00edticos Veracruz\",\"description\":\"\",\"publisher\":{\"@id\":\"https:\\\/\\\/lospoliticosveracruz.com\\\/#organization\"},\"potentialAction\":[{\"@type\":\"SearchAction\",\"target\":{\"@type\":\"EntryPoint\",\"urlTemplate\":\"https:\\\/\\\/lospoliticosveracruz.com\\\/?s={search_term_string}\"},\"query-input\":{\"@type\":\"PropertyValueSpecification\",\"valueRequired\":true,\"valueName\":\"search_term_string\"}}],\"inLanguage\":\"es\"},{\"@type\":\"Organization\",\"@id\":\"https:\\\/\\\/lospoliticosveracruz.com\\\/#organization\",\"name\":\"Los pol\u00edticos Veracruz\",\"url\":\"https:\\\/\\\/lospoliticosveracruz.com\\\/\",\"logo\":{\"@type\":\"ImageObject\",\"inLanguage\":\"es\",\"@id\":\"https:\\\/\\\/lospoliticosveracruz.com\\\/#\\\/schema\\\/logo\\\/image\\\/\",\"url\":\"https:\\\/\\\/lospoliticosveracruz.com\\\/wp-content\\\/uploads\\\/2025\\\/12\\\/Logo-Nuevo-LOS-POLITICOS-1.jpg\",\"contentUrl\":\"https:\\\/\\\/lospoliticosveracruz.com\\\/wp-content\\\/uploads\\\/2025\\\/12\\\/Logo-Nuevo-LOS-POLITICOS-1.jpg\",\"width\":260,\"height\":70,\"caption\":\"Los pol\u00edticos Veracruz\"},\"image\":{\"@id\":\"https:\\\/\\\/lospoliticosveracruz.com\\\/#\\\/schema\\\/logo\\\/image\\\/\"},\"sameAs\":[\"https:\\\/\\\/www.facebook.com\\\/people\\\/Notimemes-de-los-Polticos\\\/61565672886568\\\/\",\"https:\\\/\\\/x.com\\\/LosPoliticosVer\"]},{\"@type\":\"Person\",\"@id\":\"https:\\\/\\\/lospoliticosveracruz.com\\\/#\\\/schema\\\/person\\\/b8702bb0e538456e6efd07080bf2a4a2\",\"name\":\"Lo viste en Los Pol\u00edticos\",\"image\":{\"@type\":\"ImageObject\",\"inLanguage\":\"es\",\"@id\":\"https:\\\/\\\/secure.gravatar.com\\\/avatar\\\/3a8de04a2656d44082be478bd6c086daa447c4651605818287b9532d3d0bd435?s=96&d=mm&r=g\",\"url\":\"https:\\\/\\\/secure.gravatar.com\\\/avatar\\\/3a8de04a2656d44082be478bd6c086daa447c4651605818287b9532d3d0bd435?s=96&d=mm&r=g\",\"contentUrl\":\"https:\\\/\\\/secure.gravatar.com\\\/avatar\\\/3a8de04a2656d44082be478bd6c086daa447c4651605818287b9532d3d0bd435?s=96&d=mm&r=g\",\"caption\":\"Lo viste en Los Pol\u00edticos\"},\"url\":\"https:\\\/\\\/lospoliticosveracruz.com\\\/?author=2\"}]}<\/script>\n<!-- \/ Yoast SEO plugin. -->","yoast_head_json":{"title":"COATZA Y MORENA, ROSALDO VS AMADO - Los pol\u00edticos Veracruz","robots":{"index":"index","follow":"follow","max-snippet":"max-snippet:-1","max-image-preview":"max-image-preview:large","max-video-preview":"max-video-preview:-1"},"canonical":"https:\/\/lospoliticosveracruz.com\/?p=143816","og_locale":"es_ES","og_type":"article","og_title":"COATZA Y MORENA, ROSALDO VS AMADO - Los pol\u00edticos Veracruz","og_description":"[S\u00edguenos ahora tambi\u00e9n en WhatsApp.\u00a0Da clic aqu\u00ed]\u00a0Ricardo Chua Agama Sale y Vale Luego de los reclamos evidentes que los ciudadanos de Coatzacoalcos tienen contra el candidato a la alcald\u00eda de MORENA, Pedro Miguel Rosaldo, por los malos de gobiernos locales de este partido en los \u00faltimos 8 a\u00f1os en ese municipio.. Y que esto provoc\u00f3 [&hellip;]","og_url":"https:\/\/lospoliticosveracruz.com\/?p=143816","og_site_name":"Los pol\u00edticos Veracruz","article_publisher":"https:\/\/www.facebook.com\/people\/Notimemes-de-los-Polticos\/61565672886568\/","article_published_time":"2025-05-08T05:42:46+00:00","article_modified_time":"2025-05-08T05:43:20+00:00","og_image":[{"width":600,"height":320,"url":"https:\/\/lospoliticosveracruz.com\/wp-content\/uploads\/2025\/04\/Chua-e1761364658706.jpg","type":"image\/jpeg"}],"author":"Lo viste en Los Pol\u00edticos","twitter_card":"summary_large_image","twitter_creator":"@LosPoliticosVer","twitter_site":"@LosPoliticosVer","twitter_misc":{"Escrito por":"Lo viste en Los Pol\u00edticos","Tiempo de lectura":"5 minutos"},"schema":{"@context":"https:\/\/schema.org","@graph":[{"@type":"Article","@id":"https:\/\/lospoliticosveracruz.com\/?p=143816#article","isPartOf":{"@id":"https:\/\/lospoliticosveracruz.com\/?p=143816"},"author":{"name":"Lo viste en Los Pol\u00edticos","@id":"https:\/\/lospoliticosveracruz.com\/#\/schema\/person\/b8702bb0e538456e6efd07080bf2a4a2"},"headline":"COATZA Y MORENA, ROSALDO VS AMADO","datePublished":"2025-05-08T05:42:46+00:00","dateModified":"2025-05-08T05:43:20+00:00","mainEntityOfPage":{"@id":"https:\/\/lospoliticosveracruz.com\/?p=143816"},"wordCount":1032,"publisher":{"@id":"https:\/\/lospoliticosveracruz.com\/#organization"},"image":{"@id":"https:\/\/lospoliticosveracruz.com\/?p=143816#primaryimage"},"thumbnailUrl":"https:\/\/lospoliticosveracruz.com\/wp-content\/uploads\/2025\/04\/Chua-e1761364658706.jpg","keywords":["Amado Cruz Malpica","Morena","Pedro Rosaldo","Roc\u00edo Nahle","Veracruz"],"articleSection":["De Opini\u00f3n"],"inLanguage":"es"},{"@type":"WebPage","@id":"https:\/\/lospoliticosveracruz.com\/?p=143816","url":"https:\/\/lospoliticosveracruz.com\/?p=143816","name":"COATZA Y MORENA, ROSALDO VS AMADO - Los pol\u00edticos Veracruz","isPartOf":{"@id":"https:\/\/lospoliticosveracruz.com\/#website"},"primaryImageOfPage":{"@id":"https:\/\/lospoliticosveracruz.com\/?p=143816#primaryimage"},"image":{"@id":"https:\/\/lospoliticosveracruz.com\/?p=143816#primaryimage"},"thumbnailUrl":"https:\/\/lospoliticosveracruz.com\/wp-content\/uploads\/2025\/04\/Chua-e1761364658706.jpg","datePublished":"2025-05-08T05:42:46+00:00","dateModified":"2025-05-08T05:43:20+00:00","breadcrumb":{"@id":"https:\/\/lospoliticosveracruz.com\/?p=143816#breadcrumb"},"inLanguage":"es","potentialAction":[{"@type":"ReadAction","target":["https:\/\/lospoliticosveracruz.com\/?p=143816"]}]},{"@type":"ImageObject","inLanguage":"es","@id":"https:\/\/lospoliticosveracruz.com\/?p=143816#primaryimage","url":"https:\/\/lospoliticosveracruz.com\/wp-content\/uploads\/2025\/04\/Chua-e1761364658706.jpg","contentUrl":"https:\/\/lospoliticosveracruz.com\/wp-content\/uploads\/2025\/04\/Chua-e1761364658706.jpg","width":600,"height":320},{"@type":"BreadcrumbList","@id":"https:\/\/lospoliticosveracruz.com\/?p=143816#breadcrumb","itemListElement":[{"@type":"ListItem","position":1,"name":"Portada","item":"https:\/\/lospoliticosveracruz.com\/"},{"@type":"ListItem","position":2,"name":"COATZA Y MORENA, ROSALDO VS AMADO"}]},{"@type":"WebSite","@id":"https:\/\/lospoliticosveracruz.com\/#website","url":"https:\/\/lospoliticosveracruz.com\/","name":"Los pol\u00edticos Veracruz","description":"","publisher":{"@id":"https:\/\/lospoliticosveracruz.com\/#organization"},"potentialAction":[{"@type":"SearchAction","target":{"@type":"EntryPoint","urlTemplate":"https:\/\/lospoliticosveracruz.com\/?s={search_term_string}"},"query-input":{"@type":"PropertyValueSpecification","valueRequired":true,"valueName":"search_term_string"}}],"inLanguage":"es"},{"@type":"Organization","@id":"https:\/\/lospoliticosveracruz.com\/#organization","name":"Los pol\u00edticos Veracruz","url":"https:\/\/lospoliticosveracruz.com\/","logo":{"@type":"ImageObject","inLanguage":"es","@id":"https:\/\/lospoliticosveracruz.com\/#\/schema\/logo\/image\/","url":"https:\/\/lospoliticosveracruz.com\/wp-content\/uploads\/2025\/12\/Logo-Nuevo-LOS-POLITICOS-1.jpg","contentUrl":"https:\/\/lospoliticosveracruz.com\/wp-content\/uploads\/2025\/12\/Logo-Nuevo-LOS-POLITICOS-1.jpg","width":260,"height":70,"caption":"Los pol\u00edticos Veracruz"},"image":{"@id":"https:\/\/lospoliticosveracruz.com\/#\/schema\/logo\/image\/"},"sameAs":["https:\/\/www.facebook.com\/people\/Notimemes-de-los-Polticos\/61565672886568\/","https:\/\/x.com\/LosPoliticosVer"]},{"@type":"Person","@id":"https:\/\/lospoliticosveracruz.com\/#\/schema\/person\/b8702bb0e538456e6efd07080bf2a4a2","name":"Lo viste en Los Pol\u00edticos","image":{"@type":"ImageObject","inLanguage":"es","@id":"https:\/\/secure.gravatar.com\/avatar\/3a8de04a2656d44082be478bd6c086daa447c4651605818287b9532d3d0bd435?s=96&d=mm&r=g","url":"https:\/\/secure.gravatar.com\/avatar\/3a8de04a2656d44082be478bd6c086daa447c4651605818287b9532d3d0bd435?s=96&d=mm&r=g","contentUrl":"https:\/\/secure.gravatar.com\/avatar\/3a8de04a2656d44082be478bd6c086daa447c4651605818287b9532d3d0bd435?s=96&d=mm&r=g","caption":"Lo viste en Los Pol\u00edticos"},"url":"https:\/\/lospoliticosveracruz.com\/?author=2"}]}},"_links":{"self":[{"href":"https:\/\/lospoliticosveracruz.com\/index.php?rest_route=\/wp\/v2\/posts\/143816","targetHints":{"allow":["GET"]}}],"collection":[{"href":"https:\/\/lospoliticosveracruz.com\/index.php?rest_route=\/wp\/v2\/posts"}],"about":[{"href":"https:\/\/lospoliticosveracruz.com\/index.php?rest_route=\/wp\/v2\/types\/post"}],"author":[{"embeddable":true,"href":"https:\/\/lospoliticosveracruz.com\/index.php?rest_route=\/wp\/v2\/users\/2"}],"replies":[{"embeddable":true,"href":"https:\/\/lospoliticosveracruz.com\/index.php?rest_route=%2Fwp%2Fv2%2Fcomments&post=143816"}],"version-history":[{"count":1,"href":"https:\/\/lospoliticosveracruz.com\/index.php?rest_route=\/wp\/v2\/posts\/143816\/revisions"}],"predecessor-version":[{"id":143817,"href":"https:\/\/lospoliticosveracruz.com\/index.php?rest_route=\/wp\/v2\/posts\/143816\/revisions\/143817"}],"wp:featuredmedia":[{"embeddable":true,"href":"https:\/\/lospoliticosveracruz.com\/index.php?rest_route=\/wp\/v2\/media\/141434"}],"wp:attachment":[{"href":"https:\/\/lospoliticosveracruz.com\/index.php?rest_route=%2Fwp%2Fv2%2Fmedia&parent=143816"}],"wp:term":[{"taxonomy":"category","embeddable":true,"href":"https:\/\/lospoliticosveracruz.com\/index.php?rest_route=%2Fwp%2Fv2%2Fcategories&post=143816"},{"taxonomy":"post_tag","embeddable":true,"href":"https:\/\/lospoliticosveracruz.com\/index.php?rest_route=%2Fwp%2Fv2%2Ftags&post=143816"}],"curies":[{"name":"wp","href":"https:\/\/api.w.org\/{rel}","templated":true}]}}