{"id":143823,"date":"2025-05-08T08:40:02","date_gmt":"2025-05-08T13:40:02","guid":{"rendered":"https:\/\/lospoliticosveracruz.com.mx\/?p=143823"},"modified":"2025-05-08T08:40:47","modified_gmt":"2025-05-08T13:40:47","slug":"chafeo-el-ine","status":"publish","type":"post","link":"https:\/\/lospoliticosveracruz.com\/?p=143823","title":{"rendered":"CHAFE\u00d3 EL INE!"},"content":{"rendered":"\n<p><a><\/a><a href=\"https:\/\/whatsapp.com\/channel\/0029Va8zRWlEKyZIP3Z1dF0e\"><strong>\u2002\u2002<\/strong><strong>\u00da<\/strong><strong>NETE A NUESTRO CANAL<\/strong><strong><\/strong><\/a><\/p>\n\n\n\n<p>\u00a1<a href=\"https:\/\/whatsapp.com\/channel\/0029Va8zRWlEKyZIP3Z1dF0e\"><strong>LOS POL\u00cd<\/strong><strong>TICOS VERACRUZ<\/strong><\/a> ya est\u00e1 en WhatsApp!<\/p>\n\n\n\n<p><\/p>\n\n\n\n<p><strong>Fanny Y\u00e9pez<\/strong><\/p>\n\n\n\n<p><em>La Columna<br><\/em><\/p>\n\n\n\n<p>A 23 d\u00edas de las elecciones judiciales se lanz\u00f3 la alerta de riesgo por la falta de recursos en los estados de Zacatecas, Veracruz, Nayarit y San Luis Potos\u00ed. Y fue cuando preguntamos \u00bfen qu\u00e9 nivel de conflicto se encuentran las elecciones del poder judicial en esta entidad?<\/p>\n\n\n\n<p>Fue en la conferencia del pueblo de la ma\u00f1ana este mi\u00e9rcoles, donde la presidenta Claudia Sheinbaum abord\u00f3 las preocupaciones planteadas por el Instituto Nacional Electoral (INE), sobre la posible afectaci\u00f3n de elecciones judiciales en 4 entidades, donde se encuentra Veracruz, en este evento la jefa de la naci\u00f3n con semblante adusto cuestion\u00f3 las afirmaciones del INE sobre los riesgos presupuestarios que podr\u00edan comprometer las votaciones del 1 de junio.<\/p>\n\n\n\n<p>Ahora resulta que le echan la bolita al congreso local<\/p>\n\n\n\n<p>Recordamos que los congresos locales, a finales del 2024, aprobaron de \u00faltimo momento la renovaci\u00f3n del Poder Judicial estatal, por lo que los organismos electorales solicitaron a los gobiernos, hasta enero y febrero, el dinero para la organizaci\u00f3n.<\/p>\n\n\n\n<p>Mientras que, en la entidad veracruzana, donde tambi\u00e9n habr\u00e1 elecci\u00f3n de Alcald\u00edas, el Congreso local le aprob\u00f3 149 millones 602 mil pesos para organizar la elecci\u00f3n judicial.<\/p>\n\n\n\n<p>El instituto electoral local le inform\u00f3 que requer\u00edan 183 millones 335 mil pesos, pero hasta el momento, a menos de un mes de la contienda, no ha solicitado dicha ampliaci\u00f3n al Gobierno estatal, lo que resulta preocupante.<\/p>\n\n\n\n<p>Adem\u00e1s, el OPLE debe al Instituto Nacional Electoral 54 millones 694 mil pesos por el convenio de coordinaci\u00f3n para la elecci\u00f3n judicial y municipal.<\/p>\n\n\n\n<p>\u201cPor lo que su riesgo se considera alto y es necesario brindarle seguimiento a efecto de conocer si el OPLE contar\u00e1 con recursos suficientes para cubrir los compromisos que derivan de la organizaci\u00f3n de estas elecciones\u201d, a\u00f1ade el documento que ser\u00e1 discutido por el Consejo General este jueves<\/p>\n\n\n\n<p>Muy tarde se les hizo a las autoridades electorales del INE, para establecer que est\u00e1n en riesgo las elecciones judiciales en Veracruz por falta de recursos. Que mal est\u00e1n en la organizaci\u00f3n. No previeron con toda anticipaci\u00f3n la escasez de dinero para el desarrollo de la contienda.<\/p>\n\n\n\n<p>En este proceso hist\u00f3rico en el estado de Veracruz, se elegir\u00e1n 21 magistraturas y 72 jueces o juezas, que pertenecen al Poder Judicial del Estado de Veracruz (PJEV). Adem\u00e1s, se renovar\u00e1n 45 cargos del Poder Judicial de la Federaci\u00f3n (PJF). para la elecci\u00f3n de cargos del Poder Judicial de la Federaci\u00f3n y del Poder Judicial de Veracruz; ser\u00e1n instaladas 5 mil 460 Mesas Directivas de Casilla Seccionales. De este total, 3 mil 324 se colocar\u00e1n en escuelas y 2 mil 136 en domicilios particulares.<br>Seg\u00fan declaraciones de la consejera Claudia Zavala, presidenta de la Comisi\u00f3n de Igualdad de G\u00e9nero y No Discriminaci\u00f3n del INE, esta situaci\u00f3n tambi\u00e9n ha generado retrocesos en los derechos de personas con discapacidad, lo que ha llevado a la solicitud de una disculpa por parte del Estado mexicano.<\/p>\n\n\n\n<p>La mandataria se\u00f1al\u00f3 que los principales gastos de una elecci\u00f3n, como la instalaci\u00f3n de casillas, la capacitaci\u00f3n de los responsables y la log\u00edstica general, ya est\u00e1n contemplados.<\/p>\n\n\n\n<p>Adri\u00e1n Gonz\u00e1lez Naveda, punto de apoyo en el proceso electoral<\/p>\n\n\n\n<p>Conforme avanza el proceso electoral aparecen muchos protagonistas que, desesperados buscan los reflectores, incluso perdiendo el piso, por querer figurar y ser objeto de atenci\u00f3n de la dirigencia de los partidos en alianza con Morena y de quien manda en Veracruz.<\/p>\n\n\n\n<p>Es por eso que es importante destacar el desempe\u00f1o que de manera discreta realiza el diputado federal, Adri\u00e1n Gonz\u00e1lez Naveda que ha venido ayudando a consolidar la imagen de los candidatos de su distrito y de otras demarcaciones para sacar adelante estos trabajos.<\/p>\n\n\n\n<p>De extracci\u00f3n petista, Gonz\u00e1lez Naveda conoce el camino intrincado del \u00e9xito en las elecciones y, de manera discreta, apoya a sus compa\u00f1eros de partido y de esa alianza, que seguramente se llevar\u00e1 el mayor n\u00famero de posiciones el pr\u00f3ximo 1 de junio.<\/p>\n\n\n\n<p>El pol\u00edtico de Coatepec es conciliador, resuelve los problemas de manera pr\u00e1ctica, su discurso es directo y objetivo por lo que no hace falta tanta verborrea para establecer ese di\u00e1logo, que ha sido su fortaleza en el trabajo que viene desarrollando, que le ha permitido el reconocimiento de su grupo y de otras fuerzas pol\u00edticas que saben de sus capacidades.<\/p>\n\n\n\n<p>Identificado con la pol\u00edtica de la presidenta Claudia Sheinbaum y de la gobernadora Roc\u00edo Nahle Garc\u00eda, ha impulsado los trabajos que se vienen realizando con los presupuestos federal y estatal, para mejorar las condiciones de vida de los veracruzanos.<\/p>\n\n\n\n<p>El comentario viene a colaci\u00f3n porque son contados los actuales pol\u00edticos que tienen ese comportamiento profesional, que saben que esos cargos son para servir a la comunidad y continuar en contacto con la gente y con los mandos donde su gesti\u00f3n ha sido determinante para obtener recursos y apoyos para la educaci\u00f3n, la salud y la seguridad p\u00fablica, entre otros renglones.<\/p>\n","protected":false},"excerpt":{"rendered":"<p>\u2002\u2002\u00daNETE A NUESTRO CANAL \u00a1LOS POL\u00cdTICOS VERACRUZ ya est\u00e1 en WhatsApp! Fanny Y\u00e9pez La Columna A 23 d\u00edas de las elecciones judiciales se lanz\u00f3 la alerta de riesgo por la falta de recursos en los estados de Zacatecas, Veracruz, Nayarit y San Luis Potos\u00ed. Y fue cuando preguntamos \u00bfen qu\u00e9 nivel de conflicto se encuentran [&hellip;]<\/p>\n","protected":false},"author":2,"featured_media":141383,"comment_status":"closed","ping_status":"closed","sticky":false,"template":"","format":"standard","meta":{"tdm_status":"","tdm_grid_status":"","footnotes":""},"categories":[70],"tags":[3398,195,12816],"class_list":{"0":"post-143823","1":"post","2":"type-post","3":"status-publish","4":"format-standard","5":"has-post-thumbnail","7":"category-de-opinion","8":"tag-fanny-yepez","9":"tag-veracruz","10":"tag-zacatecas"},"yoast_head":"<!-- This site is optimized with the Yoast SEO plugin v27.4 - https:\/\/yoast.com\/product\/yoast-seo-wordpress\/ -->\n<title>CHAFE\u00d3 EL INE! - Los pol\u00edticos Veracruz<\/title>\n<meta name=\"robots\" content=\"index, follow, max-snippet:-1, max-image-preview:large, max-video-preview:-1\" \/>\n<link rel=\"canonical\" href=\"https:\/\/lospoliticosveracruz.com\/?p=143823\" \/>\n<meta property=\"og:locale\" content=\"es_ES\" \/>\n<meta property=\"og:type\" content=\"article\" \/>\n<meta property=\"og:title\" content=\"CHAFE\u00d3 EL INE! - Los pol\u00edticos Veracruz\" \/>\n<meta property=\"og:description\" content=\"\u2002\u2002\u00daNETE A NUESTRO CANAL \u00a1LOS POL\u00cdTICOS VERACRUZ ya est\u00e1 en WhatsApp! Fanny Y\u00e9pez La Columna A 23 d\u00edas de las elecciones judiciales se lanz\u00f3 la alerta de riesgo por la falta de recursos en los estados de Zacatecas, Veracruz, Nayarit y San Luis Potos\u00ed. Y fue cuando preguntamos \u00bfen qu\u00e9 nivel de conflicto se encuentran [&hellip;]\" \/>\n<meta property=\"og:url\" content=\"https:\/\/lospoliticosveracruz.com\/?p=143823\" \/>\n<meta property=\"og:site_name\" content=\"Los pol\u00edticos Veracruz\" \/>\n<meta property=\"article:publisher\" content=\"https:\/\/www.facebook.com\/people\/Notimemes-de-los-Polticos\/61565672886568\/\" \/>\n<meta property=\"article:published_time\" content=\"2025-05-08T13:40:02+00:00\" \/>\n<meta property=\"article:modified_time\" content=\"2025-05-08T13:40:47+00:00\" \/>\n<meta property=\"og:image\" content=\"https:\/\/lospoliticosveracruz.com\/wp-content\/uploads\/2025\/04\/Fanny-Yepez-Luna-e1768657334923.jpg\" \/>\n\t<meta property=\"og:image:width\" content=\"600\" \/>\n\t<meta property=\"og:image:height\" content=\"320\" \/>\n\t<meta property=\"og:image:type\" content=\"image\/jpeg\" \/>\n<meta name=\"author\" content=\"Lo viste en Los Pol\u00edticos\" \/>\n<meta name=\"twitter:card\" content=\"summary_large_image\" \/>\n<meta name=\"twitter:creator\" content=\"@LosPoliticosVer\" \/>\n<meta name=\"twitter:site\" content=\"@LosPoliticosVer\" \/>\n<meta name=\"twitter:label1\" content=\"Escrito por\" \/>\n\t<meta name=\"twitter:data1\" content=\"Lo viste en Los Pol\u00edticos\" \/>\n\t<meta name=\"twitter:label2\" content=\"Tiempo de lectura\" \/>\n\t<meta name=\"twitter:data2\" content=\"4 minutos\" \/>\n<script type=\"application\/ld+json\" class=\"yoast-schema-graph\">{\"@context\":\"https:\\\/\\\/schema.org\",\"@graph\":[{\"@type\":\"Article\",\"@id\":\"https:\\\/\\\/lospoliticosveracruz.com\\\/?p=143823#article\",\"isPartOf\":{\"@id\":\"https:\\\/\\\/lospoliticosveracruz.com\\\/?p=143823\"},\"author\":{\"name\":\"Lo viste en Los Pol\u00edticos\",\"@id\":\"https:\\\/\\\/lospoliticosveracruz.com\\\/#\\\/schema\\\/person\\\/b8702bb0e538456e6efd07080bf2a4a2\"},\"headline\":\"CHAFE\u00d3 EL INE!\",\"datePublished\":\"2025-05-08T13:40:02+00:00\",\"dateModified\":\"2025-05-08T13:40:47+00:00\",\"mainEntityOfPage\":{\"@id\":\"https:\\\/\\\/lospoliticosveracruz.com\\\/?p=143823\"},\"wordCount\":870,\"publisher\":{\"@id\":\"https:\\\/\\\/lospoliticosveracruz.com\\\/#organization\"},\"image\":{\"@id\":\"https:\\\/\\\/lospoliticosveracruz.com\\\/?p=143823#primaryimage\"},\"thumbnailUrl\":\"https:\\\/\\\/lospoliticosveracruz.com\\\/wp-content\\\/uploads\\\/2025\\\/04\\\/Fanny-Yepez-Luna-e1768657334923.jpg\",\"keywords\":[\"Fanny Y\u00e9pez\",\"Veracruz\",\"Zacatecas\"],\"articleSection\":[\"De Opini\u00f3n\"],\"inLanguage\":\"es\"},{\"@type\":\"WebPage\",\"@id\":\"https:\\\/\\\/lospoliticosveracruz.com\\\/?p=143823\",\"url\":\"https:\\\/\\\/lospoliticosveracruz.com\\\/?p=143823\",\"name\":\"CHAFE\u00d3 EL INE! - Los pol\u00edticos Veracruz\",\"isPartOf\":{\"@id\":\"https:\\\/\\\/lospoliticosveracruz.com\\\/#website\"},\"primaryImageOfPage\":{\"@id\":\"https:\\\/\\\/lospoliticosveracruz.com\\\/?p=143823#primaryimage\"},\"image\":{\"@id\":\"https:\\\/\\\/lospoliticosveracruz.com\\\/?p=143823#primaryimage\"},\"thumbnailUrl\":\"https:\\\/\\\/lospoliticosveracruz.com\\\/wp-content\\\/uploads\\\/2025\\\/04\\\/Fanny-Yepez-Luna-e1768657334923.jpg\",\"datePublished\":\"2025-05-08T13:40:02+00:00\",\"dateModified\":\"2025-05-08T13:40:47+00:00\",\"breadcrumb\":{\"@id\":\"https:\\\/\\\/lospoliticosveracruz.com\\\/?p=143823#breadcrumb\"},\"inLanguage\":\"es\",\"potentialAction\":[{\"@type\":\"ReadAction\",\"target\":[\"https:\\\/\\\/lospoliticosveracruz.com\\\/?p=143823\"]}]},{\"@type\":\"ImageObject\",\"inLanguage\":\"es\",\"@id\":\"https:\\\/\\\/lospoliticosveracruz.com\\\/?p=143823#primaryimage\",\"url\":\"https:\\\/\\\/lospoliticosveracruz.com\\\/wp-content\\\/uploads\\\/2025\\\/04\\\/Fanny-Yepez-Luna-e1768657334923.jpg\",\"contentUrl\":\"https:\\\/\\\/lospoliticosveracruz.com\\\/wp-content\\\/uploads\\\/2025\\\/04\\\/Fanny-Yepez-Luna-e1768657334923.jpg\",\"width\":600,\"height\":320},{\"@type\":\"BreadcrumbList\",\"@id\":\"https:\\\/\\\/lospoliticosveracruz.com\\\/?p=143823#breadcrumb\",\"itemListElement\":[{\"@type\":\"ListItem\",\"position\":1,\"name\":\"Portada\",\"item\":\"https:\\\/\\\/lospoliticosveracruz.com\\\/\"},{\"@type\":\"ListItem\",\"position\":2,\"name\":\"CHAFE\u00d3 EL INE!\"}]},{\"@type\":\"WebSite\",\"@id\":\"https:\\\/\\\/lospoliticosveracruz.com\\\/#website\",\"url\":\"https:\\\/\\\/lospoliticosveracruz.com\\\/\",\"name\":\"Los pol\u00edticos Veracruz\",\"description\":\"\",\"publisher\":{\"@id\":\"https:\\\/\\\/lospoliticosveracruz.com\\\/#organization\"},\"potentialAction\":[{\"@type\":\"SearchAction\",\"target\":{\"@type\":\"EntryPoint\",\"urlTemplate\":\"https:\\\/\\\/lospoliticosveracruz.com\\\/?s={search_term_string}\"},\"query-input\":{\"@type\":\"PropertyValueSpecification\",\"valueRequired\":true,\"valueName\":\"search_term_string\"}}],\"inLanguage\":\"es\"},{\"@type\":\"Organization\",\"@id\":\"https:\\\/\\\/lospoliticosveracruz.com\\\/#organization\",\"name\":\"Los pol\u00edticos Veracruz\",\"url\":\"https:\\\/\\\/lospoliticosveracruz.com\\\/\",\"logo\":{\"@type\":\"ImageObject\",\"inLanguage\":\"es\",\"@id\":\"https:\\\/\\\/lospoliticosveracruz.com\\\/#\\\/schema\\\/logo\\\/image\\\/\",\"url\":\"https:\\\/\\\/lospoliticosveracruz.com\\\/wp-content\\\/uploads\\\/2025\\\/12\\\/Logo-Nuevo-LOS-POLITICOS-1.jpg\",\"contentUrl\":\"https:\\\/\\\/lospoliticosveracruz.com\\\/wp-content\\\/uploads\\\/2025\\\/12\\\/Logo-Nuevo-LOS-POLITICOS-1.jpg\",\"width\":260,\"height\":70,\"caption\":\"Los pol\u00edticos Veracruz\"},\"image\":{\"@id\":\"https:\\\/\\\/lospoliticosveracruz.com\\\/#\\\/schema\\\/logo\\\/image\\\/\"},\"sameAs\":[\"https:\\\/\\\/www.facebook.com\\\/people\\\/Notimemes-de-los-Polticos\\\/61565672886568\\\/\",\"https:\\\/\\\/x.com\\\/LosPoliticosVer\"]},{\"@type\":\"Person\",\"@id\":\"https:\\\/\\\/lospoliticosveracruz.com\\\/#\\\/schema\\\/person\\\/b8702bb0e538456e6efd07080bf2a4a2\",\"name\":\"Lo viste en Los Pol\u00edticos\",\"image\":{\"@type\":\"ImageObject\",\"inLanguage\":\"es\",\"@id\":\"https:\\\/\\\/secure.gravatar.com\\\/avatar\\\/3a8de04a2656d44082be478bd6c086daa447c4651605818287b9532d3d0bd435?s=96&d=mm&r=g\",\"url\":\"https:\\\/\\\/secure.gravatar.com\\\/avatar\\\/3a8de04a2656d44082be478bd6c086daa447c4651605818287b9532d3d0bd435?s=96&d=mm&r=g\",\"contentUrl\":\"https:\\\/\\\/secure.gravatar.com\\\/avatar\\\/3a8de04a2656d44082be478bd6c086daa447c4651605818287b9532d3d0bd435?s=96&d=mm&r=g\",\"caption\":\"Lo viste en Los Pol\u00edticos\"},\"url\":\"https:\\\/\\\/lospoliticosveracruz.com\\\/?author=2\"}]}<\/script>\n<!-- \/ Yoast SEO plugin. -->","yoast_head_json":{"title":"CHAFE\u00d3 EL INE! - Los pol\u00edticos Veracruz","robots":{"index":"index","follow":"follow","max-snippet":"max-snippet:-1","max-image-preview":"max-image-preview:large","max-video-preview":"max-video-preview:-1"},"canonical":"https:\/\/lospoliticosveracruz.com\/?p=143823","og_locale":"es_ES","og_type":"article","og_title":"CHAFE\u00d3 EL INE! - Los pol\u00edticos Veracruz","og_description":"\u2002\u2002\u00daNETE A NUESTRO CANAL \u00a1LOS POL\u00cdTICOS VERACRUZ ya est\u00e1 en WhatsApp! Fanny Y\u00e9pez La Columna A 23 d\u00edas de las elecciones judiciales se lanz\u00f3 la alerta de riesgo por la falta de recursos en los estados de Zacatecas, Veracruz, Nayarit y San Luis Potos\u00ed. Y fue cuando preguntamos \u00bfen qu\u00e9 nivel de conflicto se encuentran [&hellip;]","og_url":"https:\/\/lospoliticosveracruz.com\/?p=143823","og_site_name":"Los pol\u00edticos Veracruz","article_publisher":"https:\/\/www.facebook.com\/people\/Notimemes-de-los-Polticos\/61565672886568\/","article_published_time":"2025-05-08T13:40:02+00:00","article_modified_time":"2025-05-08T13:40:47+00:00","og_image":[{"width":600,"height":320,"url":"https:\/\/lospoliticosveracruz.com\/wp-content\/uploads\/2025\/04\/Fanny-Yepez-Luna-e1768657334923.jpg","type":"image\/jpeg"}],"author":"Lo viste en Los Pol\u00edticos","twitter_card":"summary_large_image","twitter_creator":"@LosPoliticosVer","twitter_site":"@LosPoliticosVer","twitter_misc":{"Escrito por":"Lo viste en Los Pol\u00edticos","Tiempo de lectura":"4 minutos"},"schema":{"@context":"https:\/\/schema.org","@graph":[{"@type":"Article","@id":"https:\/\/lospoliticosveracruz.com\/?p=143823#article","isPartOf":{"@id":"https:\/\/lospoliticosveracruz.com\/?p=143823"},"author":{"name":"Lo viste en Los Pol\u00edticos","@id":"https:\/\/lospoliticosveracruz.com\/#\/schema\/person\/b8702bb0e538456e6efd07080bf2a4a2"},"headline":"CHAFE\u00d3 EL INE!","datePublished":"2025-05-08T13:40:02+00:00","dateModified":"2025-05-08T13:40:47+00:00","mainEntityOfPage":{"@id":"https:\/\/lospoliticosveracruz.com\/?p=143823"},"wordCount":870,"publisher":{"@id":"https:\/\/lospoliticosveracruz.com\/#organization"},"image":{"@id":"https:\/\/lospoliticosveracruz.com\/?p=143823#primaryimage"},"thumbnailUrl":"https:\/\/lospoliticosveracruz.com\/wp-content\/uploads\/2025\/04\/Fanny-Yepez-Luna-e1768657334923.jpg","keywords":["Fanny Y\u00e9pez","Veracruz","Zacatecas"],"articleSection":["De Opini\u00f3n"],"inLanguage":"es"},{"@type":"WebPage","@id":"https:\/\/lospoliticosveracruz.com\/?p=143823","url":"https:\/\/lospoliticosveracruz.com\/?p=143823","name":"CHAFE\u00d3 EL INE! - Los pol\u00edticos Veracruz","isPartOf":{"@id":"https:\/\/lospoliticosveracruz.com\/#website"},"primaryImageOfPage":{"@id":"https:\/\/lospoliticosveracruz.com\/?p=143823#primaryimage"},"image":{"@id":"https:\/\/lospoliticosveracruz.com\/?p=143823#primaryimage"},"thumbnailUrl":"https:\/\/lospoliticosveracruz.com\/wp-content\/uploads\/2025\/04\/Fanny-Yepez-Luna-e1768657334923.jpg","datePublished":"2025-05-08T13:40:02+00:00","dateModified":"2025-05-08T13:40:47+00:00","breadcrumb":{"@id":"https:\/\/lospoliticosveracruz.com\/?p=143823#breadcrumb"},"inLanguage":"es","potentialAction":[{"@type":"ReadAction","target":["https:\/\/lospoliticosveracruz.com\/?p=143823"]}]},{"@type":"ImageObject","inLanguage":"es","@id":"https:\/\/lospoliticosveracruz.com\/?p=143823#primaryimage","url":"https:\/\/lospoliticosveracruz.com\/wp-content\/uploads\/2025\/04\/Fanny-Yepez-Luna-e1768657334923.jpg","contentUrl":"https:\/\/lospoliticosveracruz.com\/wp-content\/uploads\/2025\/04\/Fanny-Yepez-Luna-e1768657334923.jpg","width":600,"height":320},{"@type":"BreadcrumbList","@id":"https:\/\/lospoliticosveracruz.com\/?p=143823#breadcrumb","itemListElement":[{"@type":"ListItem","position":1,"name":"Portada","item":"https:\/\/lospoliticosveracruz.com\/"},{"@type":"ListItem","position":2,"name":"CHAFE\u00d3 EL INE!"}]},{"@type":"WebSite","@id":"https:\/\/lospoliticosveracruz.com\/#website","url":"https:\/\/lospoliticosveracruz.com\/","name":"Los pol\u00edticos Veracruz","description":"","publisher":{"@id":"https:\/\/lospoliticosveracruz.com\/#organization"},"potentialAction":[{"@type":"SearchAction","target":{"@type":"EntryPoint","urlTemplate":"https:\/\/lospoliticosveracruz.com\/?s={search_term_string}"},"query-input":{"@type":"PropertyValueSpecification","valueRequired":true,"valueName":"search_term_string"}}],"inLanguage":"es"},{"@type":"Organization","@id":"https:\/\/lospoliticosveracruz.com\/#organization","name":"Los pol\u00edticos Veracruz","url":"https:\/\/lospoliticosveracruz.com\/","logo":{"@type":"ImageObject","inLanguage":"es","@id":"https:\/\/lospoliticosveracruz.com\/#\/schema\/logo\/image\/","url":"https:\/\/lospoliticosveracruz.com\/wp-content\/uploads\/2025\/12\/Logo-Nuevo-LOS-POLITICOS-1.jpg","contentUrl":"https:\/\/lospoliticosveracruz.com\/wp-content\/uploads\/2025\/12\/Logo-Nuevo-LOS-POLITICOS-1.jpg","width":260,"height":70,"caption":"Los pol\u00edticos Veracruz"},"image":{"@id":"https:\/\/lospoliticosveracruz.com\/#\/schema\/logo\/image\/"},"sameAs":["https:\/\/www.facebook.com\/people\/Notimemes-de-los-Polticos\/61565672886568\/","https:\/\/x.com\/LosPoliticosVer"]},{"@type":"Person","@id":"https:\/\/lospoliticosveracruz.com\/#\/schema\/person\/b8702bb0e538456e6efd07080bf2a4a2","name":"Lo viste en Los Pol\u00edticos","image":{"@type":"ImageObject","inLanguage":"es","@id":"https:\/\/secure.gravatar.com\/avatar\/3a8de04a2656d44082be478bd6c086daa447c4651605818287b9532d3d0bd435?s=96&d=mm&r=g","url":"https:\/\/secure.gravatar.com\/avatar\/3a8de04a2656d44082be478bd6c086daa447c4651605818287b9532d3d0bd435?s=96&d=mm&r=g","contentUrl":"https:\/\/secure.gravatar.com\/avatar\/3a8de04a2656d44082be478bd6c086daa447c4651605818287b9532d3d0bd435?s=96&d=mm&r=g","caption":"Lo viste en Los Pol\u00edticos"},"url":"https:\/\/lospoliticosveracruz.com\/?author=2"}]}},"_links":{"self":[{"href":"https:\/\/lospoliticosveracruz.com\/index.php?rest_route=\/wp\/v2\/posts\/143823","targetHints":{"allow":["GET"]}}],"collection":[{"href":"https:\/\/lospoliticosveracruz.com\/index.php?rest_route=\/wp\/v2\/posts"}],"about":[{"href":"https:\/\/lospoliticosveracruz.com\/index.php?rest_route=\/wp\/v2\/types\/post"}],"author":[{"embeddable":true,"href":"https:\/\/lospoliticosveracruz.com\/index.php?rest_route=\/wp\/v2\/users\/2"}],"replies":[{"embeddable":true,"href":"https:\/\/lospoliticosveracruz.com\/index.php?rest_route=%2Fwp%2Fv2%2Fcomments&post=143823"}],"version-history":[{"count":2,"href":"https:\/\/lospoliticosveracruz.com\/index.php?rest_route=\/wp\/v2\/posts\/143823\/revisions"}],"predecessor-version":[{"id":143825,"href":"https:\/\/lospoliticosveracruz.com\/index.php?rest_route=\/wp\/v2\/posts\/143823\/revisions\/143825"}],"wp:featuredmedia":[{"embeddable":true,"href":"https:\/\/lospoliticosveracruz.com\/index.php?rest_route=\/wp\/v2\/media\/141383"}],"wp:attachment":[{"href":"https:\/\/lospoliticosveracruz.com\/index.php?rest_route=%2Fwp%2Fv2%2Fmedia&parent=143823"}],"wp:term":[{"taxonomy":"category","embeddable":true,"href":"https:\/\/lospoliticosveracruz.com\/index.php?rest_route=%2Fwp%2Fv2%2Fcategories&post=143823"},{"taxonomy":"post_tag","embeddable":true,"href":"https:\/\/lospoliticosveracruz.com\/index.php?rest_route=%2Fwp%2Fv2%2Ftags&post=143823"}],"curies":[{"name":"wp","href":"https:\/\/api.w.org\/{rel}","templated":true}]}}