{"id":144142,"date":"2025-05-11T10:10:55","date_gmt":"2025-05-11T15:10:55","guid":{"rendered":"https:\/\/lospoliticosveracruz.com.mx\/?p=144142"},"modified":"2025-05-11T10:11:07","modified_gmt":"2025-05-11T15:11:07","slug":"homenaje-a-tio-fide","status":"publish","type":"post","link":"https:\/\/lospoliticosveracruz.com\/?p=144142","title":{"rendered":"HOMENAJE A T\u00cdO FIDE"},"content":{"rendered":"\n<p><strong><a href=\"https:\/\/whatsapp.com\/channel\/0029Va8zRWlEKyZIP3Z1dF0e\">\u2002\u2002<strong>\u00danete a nuestro canal&nbsp;<\/strong>\u2002<\/a><\/strong><\/p>\n\n\n\n<p>\u00a1<strong>LOS POL\u00cdTICOS VERACRUZ<\/strong>&nbsp;ya est\u00e1 en WhatsApp!<\/p>\n\n\n\n<p><\/p>\n\n\n\n<p><strong>Juan de Dios S\u00e1nchez Abreu<\/strong><\/p>\n\n\n\n<p><em>El Gordito de Oro<\/em><\/p>\n\n\n\n<p>*Hoy es un d\u00eda especial porque cumple un a\u00f1o m\u00e1s de vida, mi querida Diana Paola (La Nena), quien por cuestiones de trabajo no s\u00e9 encuentra con nosotros (f\u00edsicamente) para celebrar un a\u00f1o m\u00e1s, pero sabe que desde aqu\u00ed (Xalapa) te mandamos muchos abrazos, besos y buenas vibras. Sabes que te adoramos y te queremos un chin,,,,,, Mary, Pipe y Juan de Dios. Tu familia hermosa\u2026\u2026Felicidades por tu cumplea\u00f1os linda Nena.<\/p>\n\n\n\n<p>*El pasado jueves 8 de mayo se dio lo que todo el mundo esperaba con mucho amor y cari\u00f1o, conocer el nuevo Papa que sustituye a Francisco. Despu\u00e9s de cuatro intentos fue elegido el estadunidense, Robert Francis Prevost, nacido en Chicago Estados Unidos con 69 a\u00f1os de edad, y que a partir de ahora ser\u00e1 nombrado el Papa Le\u00f3n XIV. \u00a1Habemus Papam!&nbsp;&nbsp; &nbsp;<\/p>\n\n\n\n<p>La semana pasada fue un d\u00eda triste para muchos veracruzanos por la lamentable noticia que recibimos, de que un gran ser humano se nos hab\u00eda adelantado en el camino celestial. Un excelente padre, amigo, pol\u00edtico y gobernador de Veracruz: Fidel Herrera Beltr\u00e1n; quien se fue a unir al cielo con su compa\u00f1era de toda la vida Do\u00f1a Rosita Borunda. En la ciudad de M\u00e9xico en la funeraria Gayosso de Santa Fe, se llev\u00f3 a cabo el velatorio del \u201cT\u00edo Fide\u201d, donde acudieron muchos familiares, amigos y conocidos a darle el \u00faltimo adi\u00f3s. Lo m\u00e1s triste de todo fue, que quienes fueron a despedir a Fidel, son gente que de una manera u otra tuvieron una relaci\u00f3n directa con \u00e9l, pero m\u00e1s que eso, son agradecidos porque en un momento de la vida los apoy\u00f3, incluso muchos de los presentes fueron muy cercanos a \u00e9l desde sus juventudes priistas; muchos m\u00e1s se fueron incorporando en el transcurso de su trayectoria pol\u00edtica, pero si se not\u00f3 la ausencia de algunos (personajes) que estuvieron pegadizos&nbsp;&nbsp;al \u201cT\u00edo Fide\u201d durante su gobierno en Veracruz, \u201cpero el ser humano por naturaleza, es mal agradecido\u201d, dijera mi abuelito, \u201cah\u00ed ellos y su mala cabeza\u201d. Porque si se sinti\u00f3 la ausencia de muchos pol\u00edticos que hoy est\u00e1n en los cuernos de la luna (pol\u00edtica y econ\u00f3micamente) gracias a Fidel Herrera Sus hijos Fidel, Rosita y Javier, deben de anotar verdaderamente quienes quisieron a su padre y quienes solo estaban por inter\u00e9s, pero a pesar de todo el t\u00edo, desde el cielo, estar\u00e1 presente en la mente y coraz\u00f3n de miles y miles de veracruzanos. Qu\u00e9 bueno que la familia permiti\u00f3 que este domingo 9 de mayo, en la ciudad de Xalapa, se lleven a cabo dos eventos relevantes donde muchos veracruzanos que no pudieron despedirlo en la ciudad de M\u00e9xico tengan la oportunidad de acudir al Congreso del Estado (10 am), y si no a la misa que se celebrar\u00e1 en la catedral de la capital. Ah\u00ed muchos le pueden dar el \u00faltimo adi\u00f3s al gran pol\u00edtico cuenque\u00f1o y gobernador de Veracruz: FIDEL HERRERA BELTR\u00c1N. \u00a1Siempre te recordaremos con mucho cari\u00f1o y amor \u201cT\u00edo Fide\u201d!<\/p>\n\n\n\n<p>***A quien vimos estos d\u00edas por los municipios de Otatitl\u00e1n, Coatepec y Xalapa, muy tranquilamente recorriendo algunos puntos importantes, fue al ex secretario de gobierno, Erick Cisneros Burgos (bola ocho) pero la pregunta es? Ser\u00e1 que traiga la venia de la gobernadora Roc\u00edo Nahle para poder recorrer el Estado, o \u201cBola ocho\u201d le est\u00e1 tentando los hu\u2026 al tigre, porque si eso es, debe de andar con mucho cuidado porque si cree que la fiscal, Ver\u00f3nica Hern\u00e1ndez Giad\u00e1ns, lo va a proteger, lo veo muy dif\u00edcil. A Erick Cisneros se le olvida que dej\u00f3 muchos enemigos gratis dentro de su propio partido, y hoy est\u00e1n esperando la oportunidad para cobr\u00e1rsela, m\u00e1s que ahora que el gobierno acaba de demandar a funcionarios de la Secretar\u00eda de Salud. Acu\u00e9rdense que el hilo siempre se revienta por lo m\u00e1s delgado, por eso \u201cBola ocho\u201d debe de pensar bien sus visitas a Veracruz. Claro s\u00ed puede venir, pero no con sus \u00e1mpulas de salvador, porque no es lo mimo estar en el poder y dar \u00f3rdenes que ahora que ni amigos debe de tener. \u00a1M\u00e1s vale un grito a tiempo!<\/p>\n\n\n\n<p>***Una vez m\u00e1s toc\u00f3 el tema de la votaci\u00f3n del poder judicial que se llevar\u00e1 este domingo 1 de junio, donde se elegir\u00e1n ministros, magistrados y jueces federales y estatales. Lo importante de este tema es que la gente sigue confundida a la hora de asistir a votar, ya que por lo menos en Veracruz, habr\u00e1 m\u00e1s de 11 boletas, Federales, Estatales y Municipales. Las boletas del poder judicial llevaran nombre, color y n\u00famero y son muchas las boletas, la gente se va confundir a la hora de votar. Ojal\u00e1 los candidatos y los organismos electorales (INE y OPLE) expliquen con m\u00e1s claridad a la poblaci\u00f3n c\u00f3mo hacerle para votar correctamente, porque si no va ser un desastre ese d\u00eda a la hora de votar. \u00a1Tiempo al tiempo!&nbsp;&nbsp;<\/p>\n\n\n\n<p>***Nos leemos la pr\u00f3xima semana. Te invitamos a que nos sigas por todas nuestras plataformas y redes sociales. Noticias y entrevista INNOVA-DIGITAL, L\u00daDICO con \u201cEL GORDITO DE ORO\u201d, la revista impresa y virtual INNOVA-DIGITAL, y el portal www.agenciainnovadigital.com.mx<\/p>\n","protected":false},"excerpt":{"rendered":"<p>\u2002\u2002\u00danete a nuestro canal&nbsp;\u2002 \u00a1LOS POL\u00cdTICOS VERACRUZ&nbsp;ya est\u00e1 en WhatsApp! Juan de Dios S\u00e1nchez Abreu El Gordito de Oro *Hoy es un d\u00eda especial porque cumple un a\u00f1o m\u00e1s de vida, mi querida Diana Paola (La Nena), quien por cuestiones de trabajo no s\u00e9 encuentra con nosotros (f\u00edsicamente) para celebrar un a\u00f1o m\u00e1s, pero sabe [&hellip;]<\/p>\n","protected":false},"author":2,"featured_media":132305,"comment_status":"closed","ping_status":"closed","sticky":false,"template":"","format":"standard","meta":{"tdm_status":"","tdm_grid_status":"","footnotes":""},"categories":[70],"tags":[],"class_list":{"0":"post-144142","1":"post","2":"type-post","3":"status-publish","4":"format-standard","5":"has-post-thumbnail","7":"category-de-opinion"},"yoast_head":"<!-- This site is optimized with the Yoast SEO plugin v27.4 - https:\/\/yoast.com\/product\/yoast-seo-wordpress\/ -->\n<title>HOMENAJE A T\u00cdO FIDE - Los pol\u00edticos Veracruz<\/title>\n<meta name=\"robots\" content=\"index, follow, max-snippet:-1, max-image-preview:large, max-video-preview:-1\" \/>\n<link rel=\"canonical\" href=\"https:\/\/lospoliticosveracruz.com\/?p=144142\" \/>\n<meta property=\"og:locale\" content=\"es_ES\" \/>\n<meta property=\"og:type\" content=\"article\" \/>\n<meta property=\"og:title\" content=\"HOMENAJE A T\u00cdO FIDE - Los pol\u00edticos Veracruz\" \/>\n<meta property=\"og:description\" content=\"\u2002\u2002\u00danete a nuestro canal&nbsp;\u2002 \u00a1LOS POL\u00cdTICOS VERACRUZ&nbsp;ya est\u00e1 en WhatsApp! Juan de Dios S\u00e1nchez Abreu El Gordito de Oro *Hoy es un d\u00eda especial porque cumple un a\u00f1o m\u00e1s de vida, mi querida Diana Paola (La Nena), quien por cuestiones de trabajo no s\u00e9 encuentra con nosotros (f\u00edsicamente) para celebrar un a\u00f1o m\u00e1s, pero sabe [&hellip;]\" \/>\n<meta property=\"og:url\" content=\"https:\/\/lospoliticosveracruz.com\/?p=144142\" \/>\n<meta property=\"og:site_name\" content=\"Los pol\u00edticos Veracruz\" \/>\n<meta property=\"article:publisher\" content=\"https:\/\/www.facebook.com\/people\/Notimemes-de-los-Polticos\/61565672886568\/\" \/>\n<meta property=\"article:published_time\" content=\"2025-05-11T15:10:55+00:00\" \/>\n<meta property=\"article:modified_time\" content=\"2025-05-11T15:11:07+00:00\" \/>\n<meta property=\"og:image\" content=\"https:\/\/lospoliticosveracruz.com\/wp-content\/uploads\/2024\/11\/Juan-de-Dios-SanchezAbreu.jpg\" \/>\n\t<meta property=\"og:image:width\" content=\"1250\" \/>\n\t<meta property=\"og:image:height\" content=\"667\" \/>\n\t<meta property=\"og:image:type\" content=\"image\/jpeg\" \/>\n<meta name=\"author\" content=\"Lo viste en Los Pol\u00edticos\" \/>\n<meta name=\"twitter:card\" content=\"summary_large_image\" \/>\n<meta name=\"twitter:creator\" content=\"@LosPoliticosVer\" \/>\n<meta name=\"twitter:site\" content=\"@LosPoliticosVer\" \/>\n<meta name=\"twitter:label1\" content=\"Escrito por\" \/>\n\t<meta name=\"twitter:data1\" content=\"Lo viste en Los Pol\u00edticos\" \/>\n\t<meta name=\"twitter:label2\" content=\"Tiempo de lectura\" \/>\n\t<meta name=\"twitter:data2\" content=\"5 minutos\" \/>\n<script type=\"application\/ld+json\" class=\"yoast-schema-graph\">{\"@context\":\"https:\\\/\\\/schema.org\",\"@graph\":[{\"@type\":\"Article\",\"@id\":\"https:\\\/\\\/lospoliticosveracruz.com\\\/?p=144142#article\",\"isPartOf\":{\"@id\":\"https:\\\/\\\/lospoliticosveracruz.com\\\/?p=144142\"},\"author\":{\"name\":\"Lo viste en Los Pol\u00edticos\",\"@id\":\"https:\\\/\\\/lospoliticosveracruz.com\\\/#\\\/schema\\\/person\\\/b8702bb0e538456e6efd07080bf2a4a2\"},\"headline\":\"HOMENAJE A T\u00cdO FIDE\",\"datePublished\":\"2025-05-11T15:10:55+00:00\",\"dateModified\":\"2025-05-11T15:11:07+00:00\",\"mainEntityOfPage\":{\"@id\":\"https:\\\/\\\/lospoliticosveracruz.com\\\/?p=144142\"},\"wordCount\":942,\"publisher\":{\"@id\":\"https:\\\/\\\/lospoliticosveracruz.com\\\/#organization\"},\"image\":{\"@id\":\"https:\\\/\\\/lospoliticosveracruz.com\\\/?p=144142#primaryimage\"},\"thumbnailUrl\":\"https:\\\/\\\/lospoliticosveracruz.com\\\/wp-content\\\/uploads\\\/2024\\\/11\\\/Juan-de-Dios-SanchezAbreu.jpg\",\"articleSection\":[\"De Opini\u00f3n\"],\"inLanguage\":\"es\"},{\"@type\":\"WebPage\",\"@id\":\"https:\\\/\\\/lospoliticosveracruz.com\\\/?p=144142\",\"url\":\"https:\\\/\\\/lospoliticosveracruz.com\\\/?p=144142\",\"name\":\"HOMENAJE A T\u00cdO FIDE - Los pol\u00edticos Veracruz\",\"isPartOf\":{\"@id\":\"https:\\\/\\\/lospoliticosveracruz.com\\\/#website\"},\"primaryImageOfPage\":{\"@id\":\"https:\\\/\\\/lospoliticosveracruz.com\\\/?p=144142#primaryimage\"},\"image\":{\"@id\":\"https:\\\/\\\/lospoliticosveracruz.com\\\/?p=144142#primaryimage\"},\"thumbnailUrl\":\"https:\\\/\\\/lospoliticosveracruz.com\\\/wp-content\\\/uploads\\\/2024\\\/11\\\/Juan-de-Dios-SanchezAbreu.jpg\",\"datePublished\":\"2025-05-11T15:10:55+00:00\",\"dateModified\":\"2025-05-11T15:11:07+00:00\",\"breadcrumb\":{\"@id\":\"https:\\\/\\\/lospoliticosveracruz.com\\\/?p=144142#breadcrumb\"},\"inLanguage\":\"es\",\"potentialAction\":[{\"@type\":\"ReadAction\",\"target\":[\"https:\\\/\\\/lospoliticosveracruz.com\\\/?p=144142\"]}]},{\"@type\":\"ImageObject\",\"inLanguage\":\"es\",\"@id\":\"https:\\\/\\\/lospoliticosveracruz.com\\\/?p=144142#primaryimage\",\"url\":\"https:\\\/\\\/lospoliticosveracruz.com\\\/wp-content\\\/uploads\\\/2024\\\/11\\\/Juan-de-Dios-SanchezAbreu.jpg\",\"contentUrl\":\"https:\\\/\\\/lospoliticosveracruz.com\\\/wp-content\\\/uploads\\\/2024\\\/11\\\/Juan-de-Dios-SanchezAbreu.jpg\",\"width\":1250,\"height\":667},{\"@type\":\"BreadcrumbList\",\"@id\":\"https:\\\/\\\/lospoliticosveracruz.com\\\/?p=144142#breadcrumb\",\"itemListElement\":[{\"@type\":\"ListItem\",\"position\":1,\"name\":\"Portada\",\"item\":\"https:\\\/\\\/lospoliticosveracruz.com\\\/\"},{\"@type\":\"ListItem\",\"position\":2,\"name\":\"HOMENAJE A T\u00cdO FIDE\"}]},{\"@type\":\"WebSite\",\"@id\":\"https:\\\/\\\/lospoliticosveracruz.com\\\/#website\",\"url\":\"https:\\\/\\\/lospoliticosveracruz.com\\\/\",\"name\":\"Los pol\u00edticos Veracruz\",\"description\":\"\",\"publisher\":{\"@id\":\"https:\\\/\\\/lospoliticosveracruz.com\\\/#organization\"},\"potentialAction\":[{\"@type\":\"SearchAction\",\"target\":{\"@type\":\"EntryPoint\",\"urlTemplate\":\"https:\\\/\\\/lospoliticosveracruz.com\\\/?s={search_term_string}\"},\"query-input\":{\"@type\":\"PropertyValueSpecification\",\"valueRequired\":true,\"valueName\":\"search_term_string\"}}],\"inLanguage\":\"es\"},{\"@type\":\"Organization\",\"@id\":\"https:\\\/\\\/lospoliticosveracruz.com\\\/#organization\",\"name\":\"Los pol\u00edticos Veracruz\",\"url\":\"https:\\\/\\\/lospoliticosveracruz.com\\\/\",\"logo\":{\"@type\":\"ImageObject\",\"inLanguage\":\"es\",\"@id\":\"https:\\\/\\\/lospoliticosveracruz.com\\\/#\\\/schema\\\/logo\\\/image\\\/\",\"url\":\"https:\\\/\\\/lospoliticosveracruz.com\\\/wp-content\\\/uploads\\\/2025\\\/12\\\/Logo-Nuevo-LOS-POLITICOS-1.jpg\",\"contentUrl\":\"https:\\\/\\\/lospoliticosveracruz.com\\\/wp-content\\\/uploads\\\/2025\\\/12\\\/Logo-Nuevo-LOS-POLITICOS-1.jpg\",\"width\":260,\"height\":70,\"caption\":\"Los pol\u00edticos Veracruz\"},\"image\":{\"@id\":\"https:\\\/\\\/lospoliticosveracruz.com\\\/#\\\/schema\\\/logo\\\/image\\\/\"},\"sameAs\":[\"https:\\\/\\\/www.facebook.com\\\/people\\\/Notimemes-de-los-Polticos\\\/61565672886568\\\/\",\"https:\\\/\\\/x.com\\\/LosPoliticosVer\"]},{\"@type\":\"Person\",\"@id\":\"https:\\\/\\\/lospoliticosveracruz.com\\\/#\\\/schema\\\/person\\\/b8702bb0e538456e6efd07080bf2a4a2\",\"name\":\"Lo viste en Los Pol\u00edticos\",\"image\":{\"@type\":\"ImageObject\",\"inLanguage\":\"es\",\"@id\":\"https:\\\/\\\/secure.gravatar.com\\\/avatar\\\/3a8de04a2656d44082be478bd6c086daa447c4651605818287b9532d3d0bd435?s=96&d=mm&r=g\",\"url\":\"https:\\\/\\\/secure.gravatar.com\\\/avatar\\\/3a8de04a2656d44082be478bd6c086daa447c4651605818287b9532d3d0bd435?s=96&d=mm&r=g\",\"contentUrl\":\"https:\\\/\\\/secure.gravatar.com\\\/avatar\\\/3a8de04a2656d44082be478bd6c086daa447c4651605818287b9532d3d0bd435?s=96&d=mm&r=g\",\"caption\":\"Lo viste en Los Pol\u00edticos\"},\"url\":\"https:\\\/\\\/lospoliticosveracruz.com\\\/?author=2\"}]}<\/script>\n<!-- \/ Yoast SEO plugin. -->","yoast_head_json":{"title":"HOMENAJE A T\u00cdO FIDE - Los pol\u00edticos Veracruz","robots":{"index":"index","follow":"follow","max-snippet":"max-snippet:-1","max-image-preview":"max-image-preview:large","max-video-preview":"max-video-preview:-1"},"canonical":"https:\/\/lospoliticosveracruz.com\/?p=144142","og_locale":"es_ES","og_type":"article","og_title":"HOMENAJE A T\u00cdO FIDE - Los pol\u00edticos Veracruz","og_description":"\u2002\u2002\u00danete a nuestro canal&nbsp;\u2002 \u00a1LOS POL\u00cdTICOS VERACRUZ&nbsp;ya est\u00e1 en WhatsApp! Juan de Dios S\u00e1nchez Abreu El Gordito de Oro *Hoy es un d\u00eda especial porque cumple un a\u00f1o m\u00e1s de vida, mi querida Diana Paola (La Nena), quien por cuestiones de trabajo no s\u00e9 encuentra con nosotros (f\u00edsicamente) para celebrar un a\u00f1o m\u00e1s, pero sabe [&hellip;]","og_url":"https:\/\/lospoliticosveracruz.com\/?p=144142","og_site_name":"Los pol\u00edticos Veracruz","article_publisher":"https:\/\/www.facebook.com\/people\/Notimemes-de-los-Polticos\/61565672886568\/","article_published_time":"2025-05-11T15:10:55+00:00","article_modified_time":"2025-05-11T15:11:07+00:00","og_image":[{"width":1250,"height":667,"url":"https:\/\/lospoliticosveracruz.com\/wp-content\/uploads\/2024\/11\/Juan-de-Dios-SanchezAbreu.jpg","type":"image\/jpeg"}],"author":"Lo viste en Los Pol\u00edticos","twitter_card":"summary_large_image","twitter_creator":"@LosPoliticosVer","twitter_site":"@LosPoliticosVer","twitter_misc":{"Escrito por":"Lo viste en Los Pol\u00edticos","Tiempo de lectura":"5 minutos"},"schema":{"@context":"https:\/\/schema.org","@graph":[{"@type":"Article","@id":"https:\/\/lospoliticosveracruz.com\/?p=144142#article","isPartOf":{"@id":"https:\/\/lospoliticosveracruz.com\/?p=144142"},"author":{"name":"Lo viste en Los Pol\u00edticos","@id":"https:\/\/lospoliticosveracruz.com\/#\/schema\/person\/b8702bb0e538456e6efd07080bf2a4a2"},"headline":"HOMENAJE A T\u00cdO FIDE","datePublished":"2025-05-11T15:10:55+00:00","dateModified":"2025-05-11T15:11:07+00:00","mainEntityOfPage":{"@id":"https:\/\/lospoliticosveracruz.com\/?p=144142"},"wordCount":942,"publisher":{"@id":"https:\/\/lospoliticosveracruz.com\/#organization"},"image":{"@id":"https:\/\/lospoliticosveracruz.com\/?p=144142#primaryimage"},"thumbnailUrl":"https:\/\/lospoliticosveracruz.com\/wp-content\/uploads\/2024\/11\/Juan-de-Dios-SanchezAbreu.jpg","articleSection":["De Opini\u00f3n"],"inLanguage":"es"},{"@type":"WebPage","@id":"https:\/\/lospoliticosveracruz.com\/?p=144142","url":"https:\/\/lospoliticosveracruz.com\/?p=144142","name":"HOMENAJE A T\u00cdO FIDE - Los pol\u00edticos Veracruz","isPartOf":{"@id":"https:\/\/lospoliticosveracruz.com\/#website"},"primaryImageOfPage":{"@id":"https:\/\/lospoliticosveracruz.com\/?p=144142#primaryimage"},"image":{"@id":"https:\/\/lospoliticosveracruz.com\/?p=144142#primaryimage"},"thumbnailUrl":"https:\/\/lospoliticosveracruz.com\/wp-content\/uploads\/2024\/11\/Juan-de-Dios-SanchezAbreu.jpg","datePublished":"2025-05-11T15:10:55+00:00","dateModified":"2025-05-11T15:11:07+00:00","breadcrumb":{"@id":"https:\/\/lospoliticosveracruz.com\/?p=144142#breadcrumb"},"inLanguage":"es","potentialAction":[{"@type":"ReadAction","target":["https:\/\/lospoliticosveracruz.com\/?p=144142"]}]},{"@type":"ImageObject","inLanguage":"es","@id":"https:\/\/lospoliticosveracruz.com\/?p=144142#primaryimage","url":"https:\/\/lospoliticosveracruz.com\/wp-content\/uploads\/2024\/11\/Juan-de-Dios-SanchezAbreu.jpg","contentUrl":"https:\/\/lospoliticosveracruz.com\/wp-content\/uploads\/2024\/11\/Juan-de-Dios-SanchezAbreu.jpg","width":1250,"height":667},{"@type":"BreadcrumbList","@id":"https:\/\/lospoliticosveracruz.com\/?p=144142#breadcrumb","itemListElement":[{"@type":"ListItem","position":1,"name":"Portada","item":"https:\/\/lospoliticosveracruz.com\/"},{"@type":"ListItem","position":2,"name":"HOMENAJE A T\u00cdO FIDE"}]},{"@type":"WebSite","@id":"https:\/\/lospoliticosveracruz.com\/#website","url":"https:\/\/lospoliticosveracruz.com\/","name":"Los pol\u00edticos Veracruz","description":"","publisher":{"@id":"https:\/\/lospoliticosveracruz.com\/#organization"},"potentialAction":[{"@type":"SearchAction","target":{"@type":"EntryPoint","urlTemplate":"https:\/\/lospoliticosveracruz.com\/?s={search_term_string}"},"query-input":{"@type":"PropertyValueSpecification","valueRequired":true,"valueName":"search_term_string"}}],"inLanguage":"es"},{"@type":"Organization","@id":"https:\/\/lospoliticosveracruz.com\/#organization","name":"Los pol\u00edticos Veracruz","url":"https:\/\/lospoliticosveracruz.com\/","logo":{"@type":"ImageObject","inLanguage":"es","@id":"https:\/\/lospoliticosveracruz.com\/#\/schema\/logo\/image\/","url":"https:\/\/lospoliticosveracruz.com\/wp-content\/uploads\/2025\/12\/Logo-Nuevo-LOS-POLITICOS-1.jpg","contentUrl":"https:\/\/lospoliticosveracruz.com\/wp-content\/uploads\/2025\/12\/Logo-Nuevo-LOS-POLITICOS-1.jpg","width":260,"height":70,"caption":"Los pol\u00edticos Veracruz"},"image":{"@id":"https:\/\/lospoliticosveracruz.com\/#\/schema\/logo\/image\/"},"sameAs":["https:\/\/www.facebook.com\/people\/Notimemes-de-los-Polticos\/61565672886568\/","https:\/\/x.com\/LosPoliticosVer"]},{"@type":"Person","@id":"https:\/\/lospoliticosveracruz.com\/#\/schema\/person\/b8702bb0e538456e6efd07080bf2a4a2","name":"Lo viste en Los Pol\u00edticos","image":{"@type":"ImageObject","inLanguage":"es","@id":"https:\/\/secure.gravatar.com\/avatar\/3a8de04a2656d44082be478bd6c086daa447c4651605818287b9532d3d0bd435?s=96&d=mm&r=g","url":"https:\/\/secure.gravatar.com\/avatar\/3a8de04a2656d44082be478bd6c086daa447c4651605818287b9532d3d0bd435?s=96&d=mm&r=g","contentUrl":"https:\/\/secure.gravatar.com\/avatar\/3a8de04a2656d44082be478bd6c086daa447c4651605818287b9532d3d0bd435?s=96&d=mm&r=g","caption":"Lo viste en Los Pol\u00edticos"},"url":"https:\/\/lospoliticosveracruz.com\/?author=2"}]}},"_links":{"self":[{"href":"https:\/\/lospoliticosveracruz.com\/index.php?rest_route=\/wp\/v2\/posts\/144142","targetHints":{"allow":["GET"]}}],"collection":[{"href":"https:\/\/lospoliticosveracruz.com\/index.php?rest_route=\/wp\/v2\/posts"}],"about":[{"href":"https:\/\/lospoliticosveracruz.com\/index.php?rest_route=\/wp\/v2\/types\/post"}],"author":[{"embeddable":true,"href":"https:\/\/lospoliticosveracruz.com\/index.php?rest_route=\/wp\/v2\/users\/2"}],"replies":[{"embeddable":true,"href":"https:\/\/lospoliticosveracruz.com\/index.php?rest_route=%2Fwp%2Fv2%2Fcomments&post=144142"}],"version-history":[{"count":2,"href":"https:\/\/lospoliticosveracruz.com\/index.php?rest_route=\/wp\/v2\/posts\/144142\/revisions"}],"predecessor-version":[{"id":144144,"href":"https:\/\/lospoliticosveracruz.com\/index.php?rest_route=\/wp\/v2\/posts\/144142\/revisions\/144144"}],"wp:featuredmedia":[{"embeddable":true,"href":"https:\/\/lospoliticosveracruz.com\/index.php?rest_route=\/wp\/v2\/media\/132305"}],"wp:attachment":[{"href":"https:\/\/lospoliticosveracruz.com\/index.php?rest_route=%2Fwp%2Fv2%2Fmedia&parent=144142"}],"wp:term":[{"taxonomy":"category","embeddable":true,"href":"https:\/\/lospoliticosveracruz.com\/index.php?rest_route=%2Fwp%2Fv2%2Fcategories&post=144142"},{"taxonomy":"post_tag","embeddable":true,"href":"https:\/\/lospoliticosveracruz.com\/index.php?rest_route=%2Fwp%2Fv2%2Ftags&post=144142"}],"curies":[{"name":"wp","href":"https:\/\/api.w.org\/{rel}","templated":true}]}}