{"id":14436,"date":"2015-01-11T23:54:55","date_gmt":"2015-01-12T05:54:55","guid":{"rendered":"http:\/\/www.lospoliticosveracruz.com.mx\/?p=14436"},"modified":"2015-01-11T23:54:55","modified_gmt":"2015-01-12T05:54:55","slug":"isabel-lo-que-la-historia-obvio","status":"publish","type":"post","link":"https:\/\/lospoliticosveracruz.com\/?p=14436","title":{"rendered":"Isabel, lo que la Historia obvi\u00f3"},"content":{"rendered":"<p><a href=\"http:\/\/www.lospoliticosveracruz.com.mx\/wp-content\/uploads\/2015\/01\/Michelle-Jenner-Coronacion-Isabel-01.png\"><img loading=\"lazy\" decoding=\"async\" class=\"alignnone size-medium wp-image-14438\" src=\"http:\/\/www.lospoliticosveracruz.com.mx\/wp-content\/uploads\/2015\/01\/Michelle-Jenner-Coronacion-Isabel-01-300x229.png\" alt=\"Michelle-Jenner-Coronacion-Isabel-01\" width=\"300\" height=\"229\" \/><\/a><\/p>\n<p><strong>Cecilia Mu\u00f1oz<\/strong><\/p>\n<p><em>Polisemia<\/em><\/p>\n<p>&nbsp;<\/p>\n<p>Me acerqu\u00e9 a Isabel como quien no quiere la cosa. Aburrida, pensando en qu\u00e9 podr\u00eda ver, googl\u00e9 \u00abIsabel\u00bb pensando en la reina de Inglaterra, y me encontr\u00e9 con una serie de RTV, cadena espa\u00f1ola de televisi\u00f3n. Y si siempre mis m\u00e1s grandes descubrimientos son fruto del azar, esta vez no fue la excepci\u00f3n.<br \/>\nIsabel inicia con una noticia: el rey ha muerto. As\u00ed que es momento de proclamar a la princesa de Asturias, leg\u00edtima heredera al trono, como reina. Sin tiempo para reunir a las cortes ni para llamar a su esposo, Isabel de Trast\u00e1mara, en unos a\u00f1os conocida como \u00abla cat\u00f3lica\u00bb, se proclama reina ante su pueblo en una escena tan magn\u00edfica como m\u00e1gica: despoj\u00e1ndose de una capa negra, s\u00edmbolo del luto, luce un vestido tan blanco que uno no puede m\u00e1s que quedarse totalmente absorto ante el brillo que tanto indumentaria como mujer develan.<br \/>\nMas la serie no contin\u00faa, regresa hacia la interrogante que quiz\u00e1s pocos se han hecho: \u00bfc\u00f3mo lleg\u00f3 Isabel a ser reina de Castilla? Porque, despu\u00e9s de todo, ese no era su destino: aunque era hija del rey Juan II de Castilla, era su hermanastro, Enrique IV, quien hab\u00eda heredado el reino, y \u00e9ste se lo pasar\u00eda a su descendencia. Y aunque no la tuviera y aunque en Castilla era legal que las mujeres gobernaran, ser\u00eda su hermano Alfonso, menor que ella, el apoyado para ascender al trono.<br \/>\nAs\u00ed, la primera temporada nos presenta a una Isabel ni\u00f1a que se ve alejada de su madre y hogar para ser trasladada a la corte, un sitio lleno de falsedades y vicios que chocan con la educaci\u00f3n estrictamente religiosa de la joven. Pronto, sin embargo, las vicisitudes la orillan a madurar y a demostrar su inteligencia y capacidad de liderazgo.<br \/>\nIsabel cuenta lo que en los libros de Historia se obvia: las intrigas de la corte, la corrupci\u00f3n de los representantes de la Iglesia y el poder pol\u00edtico de \u00e9sta, los orgullos heridos de los nobles ambiciosos y, lo m\u00e1s importante, la humanidad de los personajes que cambiaron al mundo.<br \/>\nY lo que en los libros de Historia m\u00e1s se obvia, claro, es el amor, como si \u00e9ste no cambiara nada. Pero Isabel lo recupera en todas sus formas: el amor de Isabel por su hermano y su madre, antigua reina y ahora loca; el amor de Isabel por sus protectores y su reino, por su Dios y sus creencias; el amor de Isabel y Fernando \u2014casados en secreto\u2014 que a menudo se ver\u00e1 tensado por el orgullo de \u00e9l y los celos de ella; el amor de Enrique IV por su hija, aunque la gente no crea que sea suya; el amor que lleva a Juana de Portugal, esposa de Enrique, a cometer adulterio y tener dos hijos ileg\u00edtimos; y el amor doloroso de Isabel por sus v\u00e1stagos, a quienes el destino les tiene deparado distintos futuros.<br \/>\nSin embargo, ver Isabel es tambi\u00e9n asistir a una clase de Historia sin darnos cuenta. Pronto, al final de cada cap\u00edtulo, se ver\u00e1 buscando al menos en Wikipedia si lo que acaba de ver realmente ocurri\u00f3. Y s\u00ed, as\u00ed es.<br \/>\nMichelle Jenner encarna a Isabel. Esta actriz, originaria de Barcelona, parece haber nacido para el papel: no solo sabe sonre\u00edr con una suficiencia inocente, ideal para una reina como la que interpreta, sino que su mismo f\u00edsico, esbelto y poco voluptuoso, parece ser adecuado para representar a una mujer que pese a su belleza, seg\u00fan cuentan, m\u00e1s resalt\u00f3 por su modestia, virtud y capacidad. Porque Isabel es fuerte, poderosa y visionaria, pero tambi\u00e9n prudente.<br \/>\nRodolfo Sancho, por su parte, interpreta a Fernando de Arag\u00f3n, pr\u00edncipe que tampoco habr\u00eda de heredar la corona aragonesa, pero que la muerte de su medio hermano le concedi\u00f3. Como \u00abmalvado\u00bb define el actor a su personaje, aunque sea quiz\u00e1s un adjetivo extremo. No hay que olvidar que Fernando fue criado como pr\u00edncipe heredero desde muy joven, llegando a ser comandante de su ej\u00e9rcito a los 11 a\u00f1os, sin por ello dejar de obtener incre\u00edbles victorias. Fernando es, pues, la mano dura y maquiav\u00e9lica del reino, pero a la vez es el esposo amante, a pesar de sus m\u00faltiples infidelidades. Porque tambi\u00e9n representa el prototipo del hombre que a toda costa debe demostrar su masculinidad, ya sea gobernando un reino o las camas que quiera. E Isabel no se lo deja f\u00e1cil desde el principio: \u00abMe ser\u00e1s fiel y aparte, te conformar\u00e1s con ser mi rey consorte\u00bb, pareciera decir. Pero la serie demuestra que dos personas igualmente fuertes pueden llegar a complementarse sin luchar constantemente.<br \/>\nHablar de Isabel es tambi\u00e9n hablar de fotograf\u00eda y escenarios , naturaleza y castillos que compiten por dos marcos obvios, pero funcionales: lo salvaje, encarnado por las guerras, secuestros, violaciones y sangre del campo de batalla, y lo civilizado, detallado en el vestuario y en la escenograf\u00eda; no por nada, la serie gan\u00f3 en 2012 los Premios Iris por Mejor direcci\u00f3n de arte y escenograf\u00eda, y Mejor maquillaje, peluquer\u00eda y caracterizaci\u00f3n (Michelle Jenner interpreta a Isabel desde los 16 hasta los 53 a\u00f1os sin problema alguno gracias al maquillaje y vestuario: ojeras, piel m\u00e1s oscura y deshidratada, el cabello recogido y un velo que con el paso del tiempo le cubre m\u00e1s la cabeza, como la modestia y el duelo dictaban).<br \/>\nFederico Jusid, compositor argentino, tambi\u00e9n le otorg\u00f3 a la serie dos premios Reel Music Award por la m\u00fasica que acompa\u00f1a la serie y con justo motivo, pues cada tema llega a ser parte fundamental no solo del momento, sino tambi\u00e9n de los personajes.<br \/>\nSi bien Isabel termin\u00f3 en diciembre de 2014, para decepci\u00f3n de sus seguidores, quienes llegaron a afirmar que nunca podr\u00edan ver otros reyes que no fueran Jenner y Sancho, los cap\u00edtulos est\u00e1n disponibles en la p\u00e1gina web de RTV http:\/\/www.rtve.es\/television\/isabel-la-catolica\/capitulos-completos\/, con videos complementarios referentes a la historia y a los sucesos que se van narrando.<\/p>\n<p><img loading=\"lazy\" decoding=\"async\" class=\"alignnone size-medium wp-image-14439\" src=\"http:\/\/www.lospoliticosveracruz.com.mx\/wp-content\/uploads\/2015\/01\/Michelle-Jenner-300x168.jpg\" alt=\"Michelle Jenner\" width=\"300\" height=\"168\" \/><\/p>\n","protected":false},"excerpt":{"rendered":"<p>Cecilia Mu\u00f1oz Polisemia &nbsp; Me acerqu\u00e9 a Isabel como quien no quiere la cosa. Aburrida, pensando en qu\u00e9 podr\u00eda ver, googl\u00e9 \u00abIsabel\u00bb pensando en la reina de Inglaterra, y me encontr\u00e9 con una serie de RTV, cadena espa\u00f1ola de televisi\u00f3n. Y si siempre mis m\u00e1s grandes descubrimientos son fruto del azar, esta vez no fue [&hellip;]<\/p>\n","protected":false},"author":2,"featured_media":0,"comment_status":"open","ping_status":"open","sticky":false,"template":"","format":"standard","meta":{"tdm_status":"","tdm_grid_status":"","footnotes":""},"categories":[75],"tags":[1404,1399,1400,1401,1402,1403,647],"class_list":{"0":"post-14436","1":"post","2":"type-post","3":"status-publish","4":"format-standard","6":"category-cine-libros-y-mas","7":"tag-fernando-de-aragon","8":"tag-isabel-de-trastamara","9":"tag-isabel-la-catolica","10":"tag-juan-ii-de-castilla","11":"tag-michelle-jenner","12":"tag-rodolfo-sancho","13":"tag-rtv"},"yoast_head":"<!-- This site is optimized with the Yoast SEO plugin v27.4 - https:\/\/yoast.com\/product\/yoast-seo-wordpress\/ -->\n<title>Isabel, lo que la Historia obvi\u00f3 - Los pol\u00edticos Veracruz<\/title>\n<meta name=\"robots\" content=\"index, follow, max-snippet:-1, max-image-preview:large, max-video-preview:-1\" \/>\n<link rel=\"canonical\" href=\"https:\/\/lospoliticosveracruz.com\/?p=14436\" \/>\n<meta property=\"og:locale\" content=\"es_ES\" \/>\n<meta property=\"og:type\" content=\"article\" \/>\n<meta property=\"og:title\" content=\"Isabel, lo que la Historia obvi\u00f3 - Los pol\u00edticos Veracruz\" \/>\n<meta property=\"og:description\" content=\"Cecilia Mu\u00f1oz Polisemia &nbsp; Me acerqu\u00e9 a Isabel como quien no quiere la cosa. Aburrida, pensando en qu\u00e9 podr\u00eda ver, googl\u00e9 \u00abIsabel\u00bb pensando en la reina de Inglaterra, y me encontr\u00e9 con una serie de RTV, cadena espa\u00f1ola de televisi\u00f3n. Y si siempre mis m\u00e1s grandes descubrimientos son fruto del azar, esta vez no fue [&hellip;]\" \/>\n<meta property=\"og:url\" content=\"https:\/\/lospoliticosveracruz.com\/?p=14436\" \/>\n<meta property=\"og:site_name\" content=\"Los pol\u00edticos Veracruz\" \/>\n<meta property=\"article:publisher\" content=\"https:\/\/www.facebook.com\/people\/Notimemes-de-los-Polticos\/61565672886568\/\" \/>\n<meta property=\"article:published_time\" content=\"2015-01-12T05:54:55+00:00\" \/>\n<meta property=\"og:image\" content=\"http:\/\/www.lospoliticosveracruz.com.mx\/wp-content\/uploads\/2015\/01\/Michelle-Jenner-Coronacion-Isabel-01-300x229.png\" \/>\n<meta name=\"author\" content=\"Lo viste en Los Pol\u00edticos\" \/>\n<meta name=\"twitter:card\" content=\"summary_large_image\" \/>\n<meta name=\"twitter:creator\" content=\"@LosPoliticosVer\" \/>\n<meta name=\"twitter:site\" content=\"@LosPoliticosVer\" \/>\n<meta name=\"twitter:label1\" content=\"Escrito por\" \/>\n\t<meta name=\"twitter:data1\" content=\"Lo viste en Los Pol\u00edticos\" \/>\n\t<meta name=\"twitter:label2\" content=\"Tiempo de lectura\" \/>\n\t<meta name=\"twitter:data2\" content=\"5 minutos\" \/>\n<script type=\"application\/ld+json\" class=\"yoast-schema-graph\">{\"@context\":\"https:\\\/\\\/schema.org\",\"@graph\":[{\"@type\":\"Article\",\"@id\":\"https:\\\/\\\/lospoliticosveracruz.com\\\/?p=14436#article\",\"isPartOf\":{\"@id\":\"https:\\\/\\\/lospoliticosveracruz.com\\\/?p=14436\"},\"author\":{\"name\":\"Lo viste en Los Pol\u00edticos\",\"@id\":\"https:\\\/\\\/lospoliticosveracruz.com\\\/#\\\/schema\\\/person\\\/b8702bb0e538456e6efd07080bf2a4a2\"},\"headline\":\"Isabel, lo que la Historia obvi\u00f3\",\"datePublished\":\"2015-01-12T05:54:55+00:00\",\"mainEntityOfPage\":{\"@id\":\"https:\\\/\\\/lospoliticosveracruz.com\\\/?p=14436\"},\"wordCount\":1059,\"commentCount\":0,\"publisher\":{\"@id\":\"https:\\\/\\\/lospoliticosveracruz.com\\\/#organization\"},\"image\":{\"@id\":\"https:\\\/\\\/lospoliticosveracruz.com\\\/?p=14436#primaryimage\"},\"thumbnailUrl\":\"http:\\\/\\\/www.lospoliticosveracruz.com.mx\\\/wp-content\\\/uploads\\\/2015\\\/01\\\/Michelle-Jenner-Coronacion-Isabel-01-300x229.png\",\"keywords\":[\"Fernando de Arag\u00f3n\",\"Isabel de Trast\u00e1mara\",\"Isabel la Cat\u00f3lica\",\"Juan II de Castilla\",\"Michelle Jenner\",\"Rodolfo Sancho\",\"RTV\"],\"articleSection\":[\"Cine, Libros y m\u00e1s\"],\"inLanguage\":\"es\",\"potentialAction\":[{\"@type\":\"CommentAction\",\"name\":\"Comment\",\"target\":[\"https:\\\/\\\/lospoliticosveracruz.com\\\/?p=14436#respond\"]}]},{\"@type\":\"WebPage\",\"@id\":\"https:\\\/\\\/lospoliticosveracruz.com\\\/?p=14436\",\"url\":\"https:\\\/\\\/lospoliticosveracruz.com\\\/?p=14436\",\"name\":\"Isabel, lo que la Historia obvi\u00f3 - Los pol\u00edticos Veracruz\",\"isPartOf\":{\"@id\":\"https:\\\/\\\/lospoliticosveracruz.com\\\/#website\"},\"primaryImageOfPage\":{\"@id\":\"https:\\\/\\\/lospoliticosveracruz.com\\\/?p=14436#primaryimage\"},\"image\":{\"@id\":\"https:\\\/\\\/lospoliticosveracruz.com\\\/?p=14436#primaryimage\"},\"thumbnailUrl\":\"http:\\\/\\\/www.lospoliticosveracruz.com.mx\\\/wp-content\\\/uploads\\\/2015\\\/01\\\/Michelle-Jenner-Coronacion-Isabel-01-300x229.png\",\"datePublished\":\"2015-01-12T05:54:55+00:00\",\"breadcrumb\":{\"@id\":\"https:\\\/\\\/lospoliticosveracruz.com\\\/?p=14436#breadcrumb\"},\"inLanguage\":\"es\",\"potentialAction\":[{\"@type\":\"ReadAction\",\"target\":[\"https:\\\/\\\/lospoliticosveracruz.com\\\/?p=14436\"]}]},{\"@type\":\"ImageObject\",\"inLanguage\":\"es\",\"@id\":\"https:\\\/\\\/lospoliticosveracruz.com\\\/?p=14436#primaryimage\",\"url\":\"http:\\\/\\\/www.lospoliticosveracruz.com.mx\\\/wp-content\\\/uploads\\\/2015\\\/01\\\/Michelle-Jenner-Coronacion-Isabel-01-300x229.png\",\"contentUrl\":\"http:\\\/\\\/www.lospoliticosveracruz.com.mx\\\/wp-content\\\/uploads\\\/2015\\\/01\\\/Michelle-Jenner-Coronacion-Isabel-01-300x229.png\"},{\"@type\":\"BreadcrumbList\",\"@id\":\"https:\\\/\\\/lospoliticosveracruz.com\\\/?p=14436#breadcrumb\",\"itemListElement\":[{\"@type\":\"ListItem\",\"position\":1,\"name\":\"Portada\",\"item\":\"https:\\\/\\\/lospoliticosveracruz.com\\\/\"},{\"@type\":\"ListItem\",\"position\":2,\"name\":\"Isabel, lo que la Historia obvi\u00f3\"}]},{\"@type\":\"WebSite\",\"@id\":\"https:\\\/\\\/lospoliticosveracruz.com\\\/#website\",\"url\":\"https:\\\/\\\/lospoliticosveracruz.com\\\/\",\"name\":\"Los pol\u00edticos Veracruz\",\"description\":\"\",\"publisher\":{\"@id\":\"https:\\\/\\\/lospoliticosveracruz.com\\\/#organization\"},\"potentialAction\":[{\"@type\":\"SearchAction\",\"target\":{\"@type\":\"EntryPoint\",\"urlTemplate\":\"https:\\\/\\\/lospoliticosveracruz.com\\\/?s={search_term_string}\"},\"query-input\":{\"@type\":\"PropertyValueSpecification\",\"valueRequired\":true,\"valueName\":\"search_term_string\"}}],\"inLanguage\":\"es\"},{\"@type\":\"Organization\",\"@id\":\"https:\\\/\\\/lospoliticosveracruz.com\\\/#organization\",\"name\":\"Los pol\u00edticos Veracruz\",\"url\":\"https:\\\/\\\/lospoliticosveracruz.com\\\/\",\"logo\":{\"@type\":\"ImageObject\",\"inLanguage\":\"es\",\"@id\":\"https:\\\/\\\/lospoliticosveracruz.com\\\/#\\\/schema\\\/logo\\\/image\\\/\",\"url\":\"https:\\\/\\\/lospoliticosveracruz.com\\\/wp-content\\\/uploads\\\/2025\\\/12\\\/Logo-Nuevo-LOS-POLITICOS-1.jpg\",\"contentUrl\":\"https:\\\/\\\/lospoliticosveracruz.com\\\/wp-content\\\/uploads\\\/2025\\\/12\\\/Logo-Nuevo-LOS-POLITICOS-1.jpg\",\"width\":260,\"height\":70,\"caption\":\"Los pol\u00edticos Veracruz\"},\"image\":{\"@id\":\"https:\\\/\\\/lospoliticosveracruz.com\\\/#\\\/schema\\\/logo\\\/image\\\/\"},\"sameAs\":[\"https:\\\/\\\/www.facebook.com\\\/people\\\/Notimemes-de-los-Polticos\\\/61565672886568\\\/\",\"https:\\\/\\\/x.com\\\/LosPoliticosVer\"]},{\"@type\":\"Person\",\"@id\":\"https:\\\/\\\/lospoliticosveracruz.com\\\/#\\\/schema\\\/person\\\/b8702bb0e538456e6efd07080bf2a4a2\",\"name\":\"Lo viste en Los Pol\u00edticos\",\"image\":{\"@type\":\"ImageObject\",\"inLanguage\":\"es\",\"@id\":\"https:\\\/\\\/secure.gravatar.com\\\/avatar\\\/3a8de04a2656d44082be478bd6c086daa447c4651605818287b9532d3d0bd435?s=96&d=mm&r=g\",\"url\":\"https:\\\/\\\/secure.gravatar.com\\\/avatar\\\/3a8de04a2656d44082be478bd6c086daa447c4651605818287b9532d3d0bd435?s=96&d=mm&r=g\",\"contentUrl\":\"https:\\\/\\\/secure.gravatar.com\\\/avatar\\\/3a8de04a2656d44082be478bd6c086daa447c4651605818287b9532d3d0bd435?s=96&d=mm&r=g\",\"caption\":\"Lo viste en Los Pol\u00edticos\"},\"url\":\"https:\\\/\\\/lospoliticosveracruz.com\\\/?author=2\"}]}<\/script>\n<!-- \/ Yoast SEO plugin. -->","yoast_head_json":{"title":"Isabel, lo que la Historia obvi\u00f3 - Los pol\u00edticos Veracruz","robots":{"index":"index","follow":"follow","max-snippet":"max-snippet:-1","max-image-preview":"max-image-preview:large","max-video-preview":"max-video-preview:-1"},"canonical":"https:\/\/lospoliticosveracruz.com\/?p=14436","og_locale":"es_ES","og_type":"article","og_title":"Isabel, lo que la Historia obvi\u00f3 - Los pol\u00edticos Veracruz","og_description":"Cecilia Mu\u00f1oz Polisemia &nbsp; Me acerqu\u00e9 a Isabel como quien no quiere la cosa. Aburrida, pensando en qu\u00e9 podr\u00eda ver, googl\u00e9 \u00abIsabel\u00bb pensando en la reina de Inglaterra, y me encontr\u00e9 con una serie de RTV, cadena espa\u00f1ola de televisi\u00f3n. Y si siempre mis m\u00e1s grandes descubrimientos son fruto del azar, esta vez no fue [&hellip;]","og_url":"https:\/\/lospoliticosveracruz.com\/?p=14436","og_site_name":"Los pol\u00edticos Veracruz","article_publisher":"https:\/\/www.facebook.com\/people\/Notimemes-de-los-Polticos\/61565672886568\/","article_published_time":"2015-01-12T05:54:55+00:00","og_image":[{"url":"http:\/\/www.lospoliticosveracruz.com.mx\/wp-content\/uploads\/2015\/01\/Michelle-Jenner-Coronacion-Isabel-01-300x229.png","type":"","width":"","height":""}],"author":"Lo viste en Los Pol\u00edticos","twitter_card":"summary_large_image","twitter_creator":"@LosPoliticosVer","twitter_site":"@LosPoliticosVer","twitter_misc":{"Escrito por":"Lo viste en Los Pol\u00edticos","Tiempo de lectura":"5 minutos"},"schema":{"@context":"https:\/\/schema.org","@graph":[{"@type":"Article","@id":"https:\/\/lospoliticosveracruz.com\/?p=14436#article","isPartOf":{"@id":"https:\/\/lospoliticosveracruz.com\/?p=14436"},"author":{"name":"Lo viste en Los Pol\u00edticos","@id":"https:\/\/lospoliticosveracruz.com\/#\/schema\/person\/b8702bb0e538456e6efd07080bf2a4a2"},"headline":"Isabel, lo que la Historia obvi\u00f3","datePublished":"2015-01-12T05:54:55+00:00","mainEntityOfPage":{"@id":"https:\/\/lospoliticosveracruz.com\/?p=14436"},"wordCount":1059,"commentCount":0,"publisher":{"@id":"https:\/\/lospoliticosveracruz.com\/#organization"},"image":{"@id":"https:\/\/lospoliticosveracruz.com\/?p=14436#primaryimage"},"thumbnailUrl":"http:\/\/www.lospoliticosveracruz.com.mx\/wp-content\/uploads\/2015\/01\/Michelle-Jenner-Coronacion-Isabel-01-300x229.png","keywords":["Fernando de Arag\u00f3n","Isabel de Trast\u00e1mara","Isabel la Cat\u00f3lica","Juan II de Castilla","Michelle Jenner","Rodolfo Sancho","RTV"],"articleSection":["Cine, Libros y m\u00e1s"],"inLanguage":"es","potentialAction":[{"@type":"CommentAction","name":"Comment","target":["https:\/\/lospoliticosveracruz.com\/?p=14436#respond"]}]},{"@type":"WebPage","@id":"https:\/\/lospoliticosveracruz.com\/?p=14436","url":"https:\/\/lospoliticosveracruz.com\/?p=14436","name":"Isabel, lo que la Historia obvi\u00f3 - Los pol\u00edticos Veracruz","isPartOf":{"@id":"https:\/\/lospoliticosveracruz.com\/#website"},"primaryImageOfPage":{"@id":"https:\/\/lospoliticosveracruz.com\/?p=14436#primaryimage"},"image":{"@id":"https:\/\/lospoliticosveracruz.com\/?p=14436#primaryimage"},"thumbnailUrl":"http:\/\/www.lospoliticosveracruz.com.mx\/wp-content\/uploads\/2015\/01\/Michelle-Jenner-Coronacion-Isabel-01-300x229.png","datePublished":"2015-01-12T05:54:55+00:00","breadcrumb":{"@id":"https:\/\/lospoliticosveracruz.com\/?p=14436#breadcrumb"},"inLanguage":"es","potentialAction":[{"@type":"ReadAction","target":["https:\/\/lospoliticosveracruz.com\/?p=14436"]}]},{"@type":"ImageObject","inLanguage":"es","@id":"https:\/\/lospoliticosveracruz.com\/?p=14436#primaryimage","url":"http:\/\/www.lospoliticosveracruz.com.mx\/wp-content\/uploads\/2015\/01\/Michelle-Jenner-Coronacion-Isabel-01-300x229.png","contentUrl":"http:\/\/www.lospoliticosveracruz.com.mx\/wp-content\/uploads\/2015\/01\/Michelle-Jenner-Coronacion-Isabel-01-300x229.png"},{"@type":"BreadcrumbList","@id":"https:\/\/lospoliticosveracruz.com\/?p=14436#breadcrumb","itemListElement":[{"@type":"ListItem","position":1,"name":"Portada","item":"https:\/\/lospoliticosveracruz.com\/"},{"@type":"ListItem","position":2,"name":"Isabel, lo que la Historia obvi\u00f3"}]},{"@type":"WebSite","@id":"https:\/\/lospoliticosveracruz.com\/#website","url":"https:\/\/lospoliticosveracruz.com\/","name":"Los pol\u00edticos Veracruz","description":"","publisher":{"@id":"https:\/\/lospoliticosveracruz.com\/#organization"},"potentialAction":[{"@type":"SearchAction","target":{"@type":"EntryPoint","urlTemplate":"https:\/\/lospoliticosveracruz.com\/?s={search_term_string}"},"query-input":{"@type":"PropertyValueSpecification","valueRequired":true,"valueName":"search_term_string"}}],"inLanguage":"es"},{"@type":"Organization","@id":"https:\/\/lospoliticosveracruz.com\/#organization","name":"Los pol\u00edticos Veracruz","url":"https:\/\/lospoliticosveracruz.com\/","logo":{"@type":"ImageObject","inLanguage":"es","@id":"https:\/\/lospoliticosveracruz.com\/#\/schema\/logo\/image\/","url":"https:\/\/lospoliticosveracruz.com\/wp-content\/uploads\/2025\/12\/Logo-Nuevo-LOS-POLITICOS-1.jpg","contentUrl":"https:\/\/lospoliticosveracruz.com\/wp-content\/uploads\/2025\/12\/Logo-Nuevo-LOS-POLITICOS-1.jpg","width":260,"height":70,"caption":"Los pol\u00edticos Veracruz"},"image":{"@id":"https:\/\/lospoliticosveracruz.com\/#\/schema\/logo\/image\/"},"sameAs":["https:\/\/www.facebook.com\/people\/Notimemes-de-los-Polticos\/61565672886568\/","https:\/\/x.com\/LosPoliticosVer"]},{"@type":"Person","@id":"https:\/\/lospoliticosveracruz.com\/#\/schema\/person\/b8702bb0e538456e6efd07080bf2a4a2","name":"Lo viste en Los Pol\u00edticos","image":{"@type":"ImageObject","inLanguage":"es","@id":"https:\/\/secure.gravatar.com\/avatar\/3a8de04a2656d44082be478bd6c086daa447c4651605818287b9532d3d0bd435?s=96&d=mm&r=g","url":"https:\/\/secure.gravatar.com\/avatar\/3a8de04a2656d44082be478bd6c086daa447c4651605818287b9532d3d0bd435?s=96&d=mm&r=g","contentUrl":"https:\/\/secure.gravatar.com\/avatar\/3a8de04a2656d44082be478bd6c086daa447c4651605818287b9532d3d0bd435?s=96&d=mm&r=g","caption":"Lo viste en Los Pol\u00edticos"},"url":"https:\/\/lospoliticosveracruz.com\/?author=2"}]}},"_links":{"self":[{"href":"https:\/\/lospoliticosveracruz.com\/index.php?rest_route=\/wp\/v2\/posts\/14436","targetHints":{"allow":["GET"]}}],"collection":[{"href":"https:\/\/lospoliticosveracruz.com\/index.php?rest_route=\/wp\/v2\/posts"}],"about":[{"href":"https:\/\/lospoliticosveracruz.com\/index.php?rest_route=\/wp\/v2\/types\/post"}],"author":[{"embeddable":true,"href":"https:\/\/lospoliticosveracruz.com\/index.php?rest_route=\/wp\/v2\/users\/2"}],"replies":[{"embeddable":true,"href":"https:\/\/lospoliticosveracruz.com\/index.php?rest_route=%2Fwp%2Fv2%2Fcomments&post=14436"}],"version-history":[{"count":2,"href":"https:\/\/lospoliticosveracruz.com\/index.php?rest_route=\/wp\/v2\/posts\/14436\/revisions"}],"predecessor-version":[{"id":14440,"href":"https:\/\/lospoliticosveracruz.com\/index.php?rest_route=\/wp\/v2\/posts\/14436\/revisions\/14440"}],"wp:attachment":[{"href":"https:\/\/lospoliticosveracruz.com\/index.php?rest_route=%2Fwp%2Fv2%2Fmedia&parent=14436"}],"wp:term":[{"taxonomy":"category","embeddable":true,"href":"https:\/\/lospoliticosveracruz.com\/index.php?rest_route=%2Fwp%2Fv2%2Fcategories&post=14436"},{"taxonomy":"post_tag","embeddable":true,"href":"https:\/\/lospoliticosveracruz.com\/index.php?rest_route=%2Fwp%2Fv2%2Ftags&post=14436"}],"curies":[{"name":"wp","href":"https:\/\/api.w.org\/{rel}","templated":true}]}}