{"id":144387,"date":"2025-05-13T12:36:57","date_gmt":"2025-05-13T17:36:57","guid":{"rendered":"https:\/\/lospoliticosveracruz.com.mx\/?p=144387"},"modified":"2025-05-13T12:37:28","modified_gmt":"2025-05-13T17:37:28","slug":"como-perro-con-rabia","status":"publish","type":"post","link":"https:\/\/lospoliticosveracruz.com\/?p=144387","title":{"rendered":"COMO PERRO CON RABIA"},"content":{"rendered":"\n<p><strong>S\u00edguenos ahora tambi\u00e9n en WhatsApp. \u00a1<a href=\"https:\/\/whatsapp.com\/channel\/0029Va8zRWlEKyZIP3Z1dF0e\">Da clic aqu\u00ed<\/a>!<\/strong><\/p>\n\n\n\n<p><strong>Bernardo Guti\u00e9rrez Parra&nbsp;<\/strong><\/p>\n\n\n\n<p><em>Desde el Caf\u00e9&nbsp;<\/em><\/p>\n\n\n\n<p>A Cuitl\u00e1huac Garc\u00eda le pateaba el h\u00edgado que los reporteros catalogaran como masacre, un hecho violento con m\u00e1s de tres muertos y les correg\u00eda la plana. \u201cFue un crimen donde lamentablemente hubo algunos muertos, pero no una masacre\u201d. Por lo que la cabeza de ayer del diario Notiver \u00a1LOS MASACRAN!, lo hubiera hecho rabiar.&nbsp;<\/p>\n\n\n\n<p>A la gobernadora Roc\u00edo Nahle tampoco le gusta la palabreja, pero eso fue lo que ocurri\u00f3 este domingo en Texistepec, una masacre donde hubo cinco muertos. Entre ellos la candidata de Morena a la alcald\u00eda de ese municipio, Yesenia Lara Guti\u00e9rrez, que fue la primera en caer porque hacia ella fue dirigido el ataque donde hubo adem\u00e1s tres heridos.&nbsp; &nbsp;<\/p>\n\n\n\n<p>Con esta ya son dos masacres en un corto lapso de tiempo.&nbsp;<\/p>\n\n\n\n<p>La anterior fue el 30 de abril en la comunidad de Cruz Blanca, municipio de Cazones, donde un polic\u00eda y cuatro civiles resultaron muertos tras un enfrentamiento armado. Y tambi\u00e9n van dos candidatos muertos; el anterior fue German Anuar Valencia, candidato de Morena a la alcald\u00eda de Coxquihui.&nbsp;<\/p>\n\n\n\n<p>Dos masacres y dos candidatos asesinados en menos de quince d\u00edas echan por el ca\u00f1o el compromiso de la gobernadora de garantizar seguridad \u201ctanto a candidatos como a ciudadanos\u201d, como lo hab\u00eda prometido. Y ponen en rid\u00edculo al secretario de Gobierno, Ricardo Ahued, que hace unas semanas asegur\u00f3 que no hab\u00eda \u201cni un foco rojo\u201d en Veracruz.<\/p>\n\n\n\n<p>Este lunes y quiz\u00e1 sin propon\u00e9rselo, la se\u00f1ora Nahle exhibi\u00f3 a su segundo de a bordo como un inepto al reconocer que de acuerdo a reportes de la Secretar\u00eda de Seguridad P\u00fablica estatal, existen 32 municipios catalogados como focos rojos. Y se me hacen pocos, lector. Como tambi\u00e9n se le hacen pocos a Movimiento Ciudadano cuya dirigencia dice que hay focos rojos en los 212 municipios.&nbsp;<\/p>\n\n\n\n<p>Una ciudad que no est\u00e1 en esa lista de riesgo es Boca del R\u00edo, pero ayer se desat\u00f3 una balacera con un saldo preliminar de tres muertos: dos agentes de la Fiscal\u00eda General de la Rep\u00fablica y un presunto delincuente.&nbsp;<\/p>\n\n\n\n<p>Si, pero ese enfrentamiento nada tuvo que ver con el proceso electoral, fue por otros motivos. Pues ser\u00e1 el sereno, pero provoc\u00f3 el mismo terror que los asesinatos de los candidatos porque ocurri\u00f3 a plena luz, en una calle c\u00e9ntrica y con personas circulando por esa v\u00eda.<\/p>\n\n\n\n<p>Ante este panorama, la gobernadora ech\u00f3 mano del gastado y sobado discurso que utilizaron en su momento Fidel Herrera, Javier Duarte, Miguel \u00c1ngel Yunes y del que abus\u00f3 hasta el hartazgo Cuitl\u00e1huac Garc\u00eda: \u201cAqu\u00ed no hay impunidad para nadie, vamos a dar con los responsables\u201d.&nbsp;<\/p>\n\n\n\n<p>El problema es que ya nadie cree, sobre todo cuando la realidad nos muestra a dos candidatos asesinados de manera cruenta y a la vista de muchos, y cuando la percepci\u00f3n de inseguridad aumenta debido a la impunidad con la que se manejan los delincuentes.<\/p>\n\n\n\n<p>Roc\u00edo anunci\u00f3 que se reunir\u00e1 con los dirigentes de los partidos para revisar los perfiles de sus candidatos y detectar si alguno tiene antecedentes penales o v\u00ednculos con los malos.&nbsp;<\/p>\n\n\n\n<p>Futa\u2026<\/p>\n\n\n\n<p>Eso debi\u00f3 hacerse desde antes y no ahora cuando faltan dos semanas para que finalicen las campa\u00f1as, y el nombre de todos los candidatos sin excepci\u00f3n (incluso de los dos asesinados) aparece en las boletas.&nbsp;<\/p>\n\n\n\n<p>Dijo adem\u00e1s que mientras Morena aplic\u00f3 filtros para evitar que personas con antecedentes penales participen en la elecci\u00f3n, en otros partidos se ha permitido la postulaci\u00f3n de generadores de violencia.<\/p>\n\n\n\n<p>Independientemente de que la oposici\u00f3n tiene en sus filas a sujetos que deber\u00edan estar en prisi\u00f3n en lugar de andar buscando una presidencia municipal, \u00bfest\u00e1 segura la gobernadora que todos y todas los candidatos y candidatas de su partido son impolutos e impolutas?&nbsp;<\/p>\n\n\n\n<p>Lo cierto lector es que si las cosas siguen como van (que espero en Dios que no) ya no preguntaremos qui\u00e9n va a ganar, sino qui\u00e9n ser\u00e1 la pr\u00f3xima v\u00edctima, porque la violencia pol\u00edtico-electoral en la entidad anda como perro con rabia.&nbsp;<\/p>\n\n\n\n<p>bernardogup@hotmail.com<\/p>\n","protected":false},"excerpt":{"rendered":"<p>S\u00edguenos ahora tambi\u00e9n en WhatsApp. \u00a1Da clic aqu\u00ed! Bernardo Guti\u00e9rrez Parra&nbsp; Desde el Caf\u00e9&nbsp; A Cuitl\u00e1huac Garc\u00eda le pateaba el h\u00edgado que los reporteros catalogaran como masacre, un hecho violento con m\u00e1s de tres muertos y les correg\u00eda la plana. \u201cFue un crimen donde lamentablemente hubo algunos muertos, pero no una masacre\u201d. Por lo que [&hellip;]<\/p>\n","protected":false},"author":2,"featured_media":141479,"comment_status":"closed","ping_status":"closed","sticky":false,"template":"","format":"standard","meta":{"tdm_status":"","tdm_grid_status":"","footnotes":""},"categories":[70],"tags":[34206],"class_list":{"0":"post-144387","1":"post","2":"type-post","3":"status-publish","4":"format-standard","5":"has-post-thumbnail","7":"category-de-opinion","8":"tag-bernardo-gutierrez-parra"},"yoast_head":"<!-- This site is optimized with the Yoast SEO plugin v27.4 - https:\/\/yoast.com\/product\/yoast-seo-wordpress\/ -->\n<title>COMO PERRO CON RABIA - Los pol\u00edticos Veracruz<\/title>\n<meta name=\"robots\" content=\"index, follow, max-snippet:-1, max-image-preview:large, max-video-preview:-1\" \/>\n<link rel=\"canonical\" href=\"https:\/\/lospoliticosveracruz.com\/?p=144387\" \/>\n<meta property=\"og:locale\" content=\"es_ES\" \/>\n<meta property=\"og:type\" content=\"article\" \/>\n<meta property=\"og:title\" content=\"COMO PERRO CON RABIA - Los pol\u00edticos Veracruz\" \/>\n<meta property=\"og:description\" content=\"S\u00edguenos ahora tambi\u00e9n en WhatsApp. \u00a1Da clic aqu\u00ed! Bernardo Guti\u00e9rrez Parra&nbsp; Desde el Caf\u00e9&nbsp; A Cuitl\u00e1huac Garc\u00eda le pateaba el h\u00edgado que los reporteros catalogaran como masacre, un hecho violento con m\u00e1s de tres muertos y les correg\u00eda la plana. \u201cFue un crimen donde lamentablemente hubo algunos muertos, pero no una masacre\u201d. Por lo que [&hellip;]\" \/>\n<meta property=\"og:url\" content=\"https:\/\/lospoliticosveracruz.com\/?p=144387\" \/>\n<meta property=\"og:site_name\" content=\"Los pol\u00edticos Veracruz\" \/>\n<meta property=\"article:publisher\" content=\"https:\/\/www.facebook.com\/people\/Notimemes-de-los-Polticos\/61565672886568\/\" \/>\n<meta property=\"article:published_time\" content=\"2025-05-13T17:36:57+00:00\" \/>\n<meta property=\"article:modified_time\" content=\"2025-05-13T17:37:28+00:00\" \/>\n<meta property=\"og:image\" content=\"https:\/\/lospoliticosveracruz.com\/wp-content\/uploads\/2025\/04\/Bernardo-Gutierrez-Parra.jpg\" \/>\n\t<meta property=\"og:image:width\" content=\"1250\" \/>\n\t<meta property=\"og:image:height\" content=\"667\" \/>\n\t<meta property=\"og:image:type\" content=\"image\/jpeg\" \/>\n<meta name=\"author\" content=\"Lo viste en Los Pol\u00edticos\" \/>\n<meta name=\"twitter:card\" content=\"summary_large_image\" \/>\n<meta name=\"twitter:creator\" content=\"@LosPoliticosVer\" \/>\n<meta name=\"twitter:site\" content=\"@LosPoliticosVer\" \/>\n<meta name=\"twitter:label1\" content=\"Escrito por\" \/>\n\t<meta name=\"twitter:data1\" content=\"Lo viste en Los Pol\u00edticos\" \/>\n\t<meta name=\"twitter:label2\" content=\"Tiempo de lectura\" \/>\n\t<meta name=\"twitter:data2\" content=\"4 minutos\" \/>\n<script type=\"application\/ld+json\" class=\"yoast-schema-graph\">{\"@context\":\"https:\\\/\\\/schema.org\",\"@graph\":[{\"@type\":\"Article\",\"@id\":\"https:\\\/\\\/lospoliticosveracruz.com\\\/?p=144387#article\",\"isPartOf\":{\"@id\":\"https:\\\/\\\/lospoliticosveracruz.com\\\/?p=144387\"},\"author\":{\"name\":\"Lo viste en Los Pol\u00edticos\",\"@id\":\"https:\\\/\\\/lospoliticosveracruz.com\\\/#\\\/schema\\\/person\\\/b8702bb0e538456e6efd07080bf2a4a2\"},\"headline\":\"COMO PERRO CON RABIA\",\"datePublished\":\"2025-05-13T17:36:57+00:00\",\"dateModified\":\"2025-05-13T17:37:28+00:00\",\"mainEntityOfPage\":{\"@id\":\"https:\\\/\\\/lospoliticosveracruz.com\\\/?p=144387\"},\"wordCount\":734,\"publisher\":{\"@id\":\"https:\\\/\\\/lospoliticosveracruz.com\\\/#organization\"},\"image\":{\"@id\":\"https:\\\/\\\/lospoliticosveracruz.com\\\/?p=144387#primaryimage\"},\"thumbnailUrl\":\"https:\\\/\\\/lospoliticosveracruz.com\\\/wp-content\\\/uploads\\\/2025\\\/04\\\/Bernardo-Gutierrez-Parra.jpg\",\"keywords\":[\"Bernardo Guti\u00e9rrez Parra\"],\"articleSection\":[\"De Opini\u00f3n\"],\"inLanguage\":\"es\"},{\"@type\":\"WebPage\",\"@id\":\"https:\\\/\\\/lospoliticosveracruz.com\\\/?p=144387\",\"url\":\"https:\\\/\\\/lospoliticosveracruz.com\\\/?p=144387\",\"name\":\"COMO PERRO CON RABIA - Los pol\u00edticos Veracruz\",\"isPartOf\":{\"@id\":\"https:\\\/\\\/lospoliticosveracruz.com\\\/#website\"},\"primaryImageOfPage\":{\"@id\":\"https:\\\/\\\/lospoliticosveracruz.com\\\/?p=144387#primaryimage\"},\"image\":{\"@id\":\"https:\\\/\\\/lospoliticosveracruz.com\\\/?p=144387#primaryimage\"},\"thumbnailUrl\":\"https:\\\/\\\/lospoliticosveracruz.com\\\/wp-content\\\/uploads\\\/2025\\\/04\\\/Bernardo-Gutierrez-Parra.jpg\",\"datePublished\":\"2025-05-13T17:36:57+00:00\",\"dateModified\":\"2025-05-13T17:37:28+00:00\",\"breadcrumb\":{\"@id\":\"https:\\\/\\\/lospoliticosveracruz.com\\\/?p=144387#breadcrumb\"},\"inLanguage\":\"es\",\"potentialAction\":[{\"@type\":\"ReadAction\",\"target\":[\"https:\\\/\\\/lospoliticosveracruz.com\\\/?p=144387\"]}]},{\"@type\":\"ImageObject\",\"inLanguage\":\"es\",\"@id\":\"https:\\\/\\\/lospoliticosveracruz.com\\\/?p=144387#primaryimage\",\"url\":\"https:\\\/\\\/lospoliticosveracruz.com\\\/wp-content\\\/uploads\\\/2025\\\/04\\\/Bernardo-Gutierrez-Parra.jpg\",\"contentUrl\":\"https:\\\/\\\/lospoliticosveracruz.com\\\/wp-content\\\/uploads\\\/2025\\\/04\\\/Bernardo-Gutierrez-Parra.jpg\",\"width\":1250,\"height\":667},{\"@type\":\"BreadcrumbList\",\"@id\":\"https:\\\/\\\/lospoliticosveracruz.com\\\/?p=144387#breadcrumb\",\"itemListElement\":[{\"@type\":\"ListItem\",\"position\":1,\"name\":\"Portada\",\"item\":\"https:\\\/\\\/lospoliticosveracruz.com\\\/\"},{\"@type\":\"ListItem\",\"position\":2,\"name\":\"COMO PERRO CON RABIA\"}]},{\"@type\":\"WebSite\",\"@id\":\"https:\\\/\\\/lospoliticosveracruz.com\\\/#website\",\"url\":\"https:\\\/\\\/lospoliticosveracruz.com\\\/\",\"name\":\"Los pol\u00edticos Veracruz\",\"description\":\"\",\"publisher\":{\"@id\":\"https:\\\/\\\/lospoliticosveracruz.com\\\/#organization\"},\"potentialAction\":[{\"@type\":\"SearchAction\",\"target\":{\"@type\":\"EntryPoint\",\"urlTemplate\":\"https:\\\/\\\/lospoliticosveracruz.com\\\/?s={search_term_string}\"},\"query-input\":{\"@type\":\"PropertyValueSpecification\",\"valueRequired\":true,\"valueName\":\"search_term_string\"}}],\"inLanguage\":\"es\"},{\"@type\":\"Organization\",\"@id\":\"https:\\\/\\\/lospoliticosveracruz.com\\\/#organization\",\"name\":\"Los pol\u00edticos Veracruz\",\"url\":\"https:\\\/\\\/lospoliticosveracruz.com\\\/\",\"logo\":{\"@type\":\"ImageObject\",\"inLanguage\":\"es\",\"@id\":\"https:\\\/\\\/lospoliticosveracruz.com\\\/#\\\/schema\\\/logo\\\/image\\\/\",\"url\":\"https:\\\/\\\/lospoliticosveracruz.com\\\/wp-content\\\/uploads\\\/2025\\\/12\\\/Logo-Nuevo-LOS-POLITICOS-1.jpg\",\"contentUrl\":\"https:\\\/\\\/lospoliticosveracruz.com\\\/wp-content\\\/uploads\\\/2025\\\/12\\\/Logo-Nuevo-LOS-POLITICOS-1.jpg\",\"width\":260,\"height\":70,\"caption\":\"Los pol\u00edticos Veracruz\"},\"image\":{\"@id\":\"https:\\\/\\\/lospoliticosveracruz.com\\\/#\\\/schema\\\/logo\\\/image\\\/\"},\"sameAs\":[\"https:\\\/\\\/www.facebook.com\\\/people\\\/Notimemes-de-los-Polticos\\\/61565672886568\\\/\",\"https:\\\/\\\/x.com\\\/LosPoliticosVer\"]},{\"@type\":\"Person\",\"@id\":\"https:\\\/\\\/lospoliticosveracruz.com\\\/#\\\/schema\\\/person\\\/b8702bb0e538456e6efd07080bf2a4a2\",\"name\":\"Lo viste en Los Pol\u00edticos\",\"image\":{\"@type\":\"ImageObject\",\"inLanguage\":\"es\",\"@id\":\"https:\\\/\\\/secure.gravatar.com\\\/avatar\\\/3a8de04a2656d44082be478bd6c086daa447c4651605818287b9532d3d0bd435?s=96&d=mm&r=g\",\"url\":\"https:\\\/\\\/secure.gravatar.com\\\/avatar\\\/3a8de04a2656d44082be478bd6c086daa447c4651605818287b9532d3d0bd435?s=96&d=mm&r=g\",\"contentUrl\":\"https:\\\/\\\/secure.gravatar.com\\\/avatar\\\/3a8de04a2656d44082be478bd6c086daa447c4651605818287b9532d3d0bd435?s=96&d=mm&r=g\",\"caption\":\"Lo viste en Los Pol\u00edticos\"},\"url\":\"https:\\\/\\\/lospoliticosveracruz.com\\\/?author=2\"}]}<\/script>\n<!-- \/ Yoast SEO plugin. -->","yoast_head_json":{"title":"COMO PERRO CON RABIA - Los pol\u00edticos Veracruz","robots":{"index":"index","follow":"follow","max-snippet":"max-snippet:-1","max-image-preview":"max-image-preview:large","max-video-preview":"max-video-preview:-1"},"canonical":"https:\/\/lospoliticosveracruz.com\/?p=144387","og_locale":"es_ES","og_type":"article","og_title":"COMO PERRO CON RABIA - Los pol\u00edticos Veracruz","og_description":"S\u00edguenos ahora tambi\u00e9n en WhatsApp. \u00a1Da clic aqu\u00ed! Bernardo Guti\u00e9rrez Parra&nbsp; Desde el Caf\u00e9&nbsp; A Cuitl\u00e1huac Garc\u00eda le pateaba el h\u00edgado que los reporteros catalogaran como masacre, un hecho violento con m\u00e1s de tres muertos y les correg\u00eda la plana. \u201cFue un crimen donde lamentablemente hubo algunos muertos, pero no una masacre\u201d. Por lo que [&hellip;]","og_url":"https:\/\/lospoliticosveracruz.com\/?p=144387","og_site_name":"Los pol\u00edticos Veracruz","article_publisher":"https:\/\/www.facebook.com\/people\/Notimemes-de-los-Polticos\/61565672886568\/","article_published_time":"2025-05-13T17:36:57+00:00","article_modified_time":"2025-05-13T17:37:28+00:00","og_image":[{"width":1250,"height":667,"url":"https:\/\/lospoliticosveracruz.com\/wp-content\/uploads\/2025\/04\/Bernardo-Gutierrez-Parra.jpg","type":"image\/jpeg"}],"author":"Lo viste en Los Pol\u00edticos","twitter_card":"summary_large_image","twitter_creator":"@LosPoliticosVer","twitter_site":"@LosPoliticosVer","twitter_misc":{"Escrito por":"Lo viste en Los Pol\u00edticos","Tiempo de lectura":"4 minutos"},"schema":{"@context":"https:\/\/schema.org","@graph":[{"@type":"Article","@id":"https:\/\/lospoliticosveracruz.com\/?p=144387#article","isPartOf":{"@id":"https:\/\/lospoliticosveracruz.com\/?p=144387"},"author":{"name":"Lo viste en Los Pol\u00edticos","@id":"https:\/\/lospoliticosveracruz.com\/#\/schema\/person\/b8702bb0e538456e6efd07080bf2a4a2"},"headline":"COMO PERRO CON RABIA","datePublished":"2025-05-13T17:36:57+00:00","dateModified":"2025-05-13T17:37:28+00:00","mainEntityOfPage":{"@id":"https:\/\/lospoliticosveracruz.com\/?p=144387"},"wordCount":734,"publisher":{"@id":"https:\/\/lospoliticosveracruz.com\/#organization"},"image":{"@id":"https:\/\/lospoliticosveracruz.com\/?p=144387#primaryimage"},"thumbnailUrl":"https:\/\/lospoliticosveracruz.com\/wp-content\/uploads\/2025\/04\/Bernardo-Gutierrez-Parra.jpg","keywords":["Bernardo Guti\u00e9rrez Parra"],"articleSection":["De Opini\u00f3n"],"inLanguage":"es"},{"@type":"WebPage","@id":"https:\/\/lospoliticosveracruz.com\/?p=144387","url":"https:\/\/lospoliticosveracruz.com\/?p=144387","name":"COMO PERRO CON RABIA - Los pol\u00edticos Veracruz","isPartOf":{"@id":"https:\/\/lospoliticosveracruz.com\/#website"},"primaryImageOfPage":{"@id":"https:\/\/lospoliticosveracruz.com\/?p=144387#primaryimage"},"image":{"@id":"https:\/\/lospoliticosveracruz.com\/?p=144387#primaryimage"},"thumbnailUrl":"https:\/\/lospoliticosveracruz.com\/wp-content\/uploads\/2025\/04\/Bernardo-Gutierrez-Parra.jpg","datePublished":"2025-05-13T17:36:57+00:00","dateModified":"2025-05-13T17:37:28+00:00","breadcrumb":{"@id":"https:\/\/lospoliticosveracruz.com\/?p=144387#breadcrumb"},"inLanguage":"es","potentialAction":[{"@type":"ReadAction","target":["https:\/\/lospoliticosveracruz.com\/?p=144387"]}]},{"@type":"ImageObject","inLanguage":"es","@id":"https:\/\/lospoliticosveracruz.com\/?p=144387#primaryimage","url":"https:\/\/lospoliticosveracruz.com\/wp-content\/uploads\/2025\/04\/Bernardo-Gutierrez-Parra.jpg","contentUrl":"https:\/\/lospoliticosveracruz.com\/wp-content\/uploads\/2025\/04\/Bernardo-Gutierrez-Parra.jpg","width":1250,"height":667},{"@type":"BreadcrumbList","@id":"https:\/\/lospoliticosveracruz.com\/?p=144387#breadcrumb","itemListElement":[{"@type":"ListItem","position":1,"name":"Portada","item":"https:\/\/lospoliticosveracruz.com\/"},{"@type":"ListItem","position":2,"name":"COMO PERRO CON RABIA"}]},{"@type":"WebSite","@id":"https:\/\/lospoliticosveracruz.com\/#website","url":"https:\/\/lospoliticosveracruz.com\/","name":"Los pol\u00edticos Veracruz","description":"","publisher":{"@id":"https:\/\/lospoliticosveracruz.com\/#organization"},"potentialAction":[{"@type":"SearchAction","target":{"@type":"EntryPoint","urlTemplate":"https:\/\/lospoliticosveracruz.com\/?s={search_term_string}"},"query-input":{"@type":"PropertyValueSpecification","valueRequired":true,"valueName":"search_term_string"}}],"inLanguage":"es"},{"@type":"Organization","@id":"https:\/\/lospoliticosveracruz.com\/#organization","name":"Los pol\u00edticos Veracruz","url":"https:\/\/lospoliticosveracruz.com\/","logo":{"@type":"ImageObject","inLanguage":"es","@id":"https:\/\/lospoliticosveracruz.com\/#\/schema\/logo\/image\/","url":"https:\/\/lospoliticosveracruz.com\/wp-content\/uploads\/2025\/12\/Logo-Nuevo-LOS-POLITICOS-1.jpg","contentUrl":"https:\/\/lospoliticosveracruz.com\/wp-content\/uploads\/2025\/12\/Logo-Nuevo-LOS-POLITICOS-1.jpg","width":260,"height":70,"caption":"Los pol\u00edticos Veracruz"},"image":{"@id":"https:\/\/lospoliticosveracruz.com\/#\/schema\/logo\/image\/"},"sameAs":["https:\/\/www.facebook.com\/people\/Notimemes-de-los-Polticos\/61565672886568\/","https:\/\/x.com\/LosPoliticosVer"]},{"@type":"Person","@id":"https:\/\/lospoliticosveracruz.com\/#\/schema\/person\/b8702bb0e538456e6efd07080bf2a4a2","name":"Lo viste en Los Pol\u00edticos","image":{"@type":"ImageObject","inLanguage":"es","@id":"https:\/\/secure.gravatar.com\/avatar\/3a8de04a2656d44082be478bd6c086daa447c4651605818287b9532d3d0bd435?s=96&d=mm&r=g","url":"https:\/\/secure.gravatar.com\/avatar\/3a8de04a2656d44082be478bd6c086daa447c4651605818287b9532d3d0bd435?s=96&d=mm&r=g","contentUrl":"https:\/\/secure.gravatar.com\/avatar\/3a8de04a2656d44082be478bd6c086daa447c4651605818287b9532d3d0bd435?s=96&d=mm&r=g","caption":"Lo viste en Los Pol\u00edticos"},"url":"https:\/\/lospoliticosveracruz.com\/?author=2"}]}},"_links":{"self":[{"href":"https:\/\/lospoliticosveracruz.com\/index.php?rest_route=\/wp\/v2\/posts\/144387","targetHints":{"allow":["GET"]}}],"collection":[{"href":"https:\/\/lospoliticosveracruz.com\/index.php?rest_route=\/wp\/v2\/posts"}],"about":[{"href":"https:\/\/lospoliticosveracruz.com\/index.php?rest_route=\/wp\/v2\/types\/post"}],"author":[{"embeddable":true,"href":"https:\/\/lospoliticosveracruz.com\/index.php?rest_route=\/wp\/v2\/users\/2"}],"replies":[{"embeddable":true,"href":"https:\/\/lospoliticosveracruz.com\/index.php?rest_route=%2Fwp%2Fv2%2Fcomments&post=144387"}],"version-history":[{"count":1,"href":"https:\/\/lospoliticosveracruz.com\/index.php?rest_route=\/wp\/v2\/posts\/144387\/revisions"}],"predecessor-version":[{"id":144388,"href":"https:\/\/lospoliticosveracruz.com\/index.php?rest_route=\/wp\/v2\/posts\/144387\/revisions\/144388"}],"wp:featuredmedia":[{"embeddable":true,"href":"https:\/\/lospoliticosveracruz.com\/index.php?rest_route=\/wp\/v2\/media\/141479"}],"wp:attachment":[{"href":"https:\/\/lospoliticosveracruz.com\/index.php?rest_route=%2Fwp%2Fv2%2Fmedia&parent=144387"}],"wp:term":[{"taxonomy":"category","embeddable":true,"href":"https:\/\/lospoliticosveracruz.com\/index.php?rest_route=%2Fwp%2Fv2%2Fcategories&post=144387"},{"taxonomy":"post_tag","embeddable":true,"href":"https:\/\/lospoliticosveracruz.com\/index.php?rest_route=%2Fwp%2Fv2%2Ftags&post=144387"}],"curies":[{"name":"wp","href":"https:\/\/api.w.org\/{rel}","templated":true}]}}